{"id":1930,"date":"2015-11-17T15:14:40","date_gmt":"2015-11-17T14:14:40","guid":{"rendered":"https:\/\/dev.sicherheitsforum.ch\/?p=1930"},"modified":"2015-11-17T15:14:40","modified_gmt":"2015-11-17T14:14:40","slug":"grosses-interesse-an-sicherheitsthemen-und-loesungen","status":null,"type":"post","link":"https:\/\/news.save.ch\/it\/grosses-interesse-an-sicherheitsthemen-und-loesungen\/","title":{"rendered":"Grande interesse per i temi e le soluzioni di sicurezza"},"content":{"rendered":"<figure id=\"attachment_1931\" aria-describedby=\"caption-attachment-1931\" style=\"width: 680px\" class=\"wp-caption alignnone\"><img loading=\"lazy\" decoding=\"async\" class=\"wp-image-1931 size-medium\" src=\"https:\/\/news.save.ch\/wp-content\/uploads\/2016\/12\/Grosses-Interesse-an-Sicherheitsthemen-und-l\u00f6sungen-sicherheitsforum.jpg\" width=\"680\" height=\"453\" \/><figcaption id=\"caption-attachment-1931\" class=\"wp-caption-text\">Foto: Thomas Entzeroth<\/figcaption><\/figure>\n<p>\"Nel corso della sua 20a edizione, Sicurezza 2015 \u00e8 diventata ancora una volta il luogo di incontro pi\u00f9 importante per il mercato svizzero della sicurezza e ha offerto la panoramica pi\u00f9 completa del settore\", afferma soddisfatto Heinz Salzgeber, direttore della fiera, guardando al passato. Nonostante la situazione economica tesa, 194 (2013: 224) espositori, associazioni ed editori provenienti da un totale di otto nazioni si sono presentati su circa 7.000 (7.400) metri quadrati netti di spazio. Secondo le informazioni, sono stati contati 9.619 visitatori (10.152). Circa il 90% \u00e8 costituito da visitatori commerciali con un'elevata autorit\u00e0 decisionale, come ad esempio <a href=\"https:\/\/www.exhibitandmore.ch\" target=\"_blank\" data-cke-saved-href=\"https:\/\/www.exhibitandmore.ch\" rel=\"noopener\">Mostra e altro AG<\/a> scrive ulteriormente. Questo dimostra l'interesse ancora vivo per i temi e le soluzioni di sicurezza. \"In realt\u00e0, quest'anno non volevamo affatto esporre\", ha dichiarato Marek Bolardt, responsabile marketing dell'associazione. <a href=\"https:\/\/www.assaabloy.ch\" target=\"_blank\" data-cke-saved-href=\"https:\/\/www.assaabloy.ch\" rel=\"noopener\">Assa Abloy (Svizzera) AG<\/a>. \"Dopo l'acquisizione del <a href=\"https:\/\/msl-lock.com\" target=\"_blank\" data-cke-saved-href=\"https:\/\/msl-lock.com\" rel=\"noopener\">MSL Schloss- und Beschl\u00e4gefabrik AG<\/a> Nella primavera del 2015 abbiamo deciso di farlo. Lo stand era sempre ben frequentato e nei momenti di punta completamente sovraffollato. I clienti sono entusiasti e tra loro ci sono contatti molto interessanti. Abbiamo bisogno di pi\u00f9 spazio la prossima volta!\".<\/p>\n<p><strong>Una prospettiva a 360\u00b0 sul congresso<\/strong><\/p>\n<p>Anche il congresso commerciale tenutosi parallelamente alla fiera ha attirato circa 1000 partecipanti, che hanno potuto acquisire una prospettiva a 360\u00b0 su persone, tecnologia, organizzazione e processi in 19 diversi moduli di mezza giornata. L'organizzatore Markus Good del <a href=\"https:\/\/www.save.ch\" target=\"_blank\" data-cke-saved-href=\"https:\/\/www.save.ch\" rel=\"noopener\">Salva AG<\/a> - una societ\u00e0 del <a href=\"https:\/\/www.galledia.ch\" target=\"_blank\" data-cke-saved-href=\"https:\/\/www.galledia.ch\" rel=\"noopener\">gruppo galledia<\/a> - ha tratto una conclusione positiva: \"I numerosi partecipanti sottolineano la grande necessit\u00e0 di informazioni in questo ambiente sempre pi\u00f9 dinamico, caratterizzato da sfide complesse e condizioni quadro in continua evoluzione. Lo sviluppo professionale di alta qualit\u00e0, l'intenso scambio di esperienze e la creazione di reti sono molto importanti in questo contesto.<\/p>\n<p><strong>Spettacolo speciale ben frequentato<\/strong><\/p>\n<p>Per la seconda volta, nel padiglione 6 si \u00e8 svolta la mostra speciale \"Gestione del rischio dei pericoli naturali\", sempre organizzata dall'associazione <a href=\"https:\/\/www.naturgefahr.ch\" target=\"_blank\" data-cke-saved-href=\"https:\/\/www.naturgefahr.ch\" rel=\"noopener\">Egli Engineering AG<\/a> pianificato e implementato. In particolare, i responsabili della sicurezza aziendale hanno trovato questo punto di ingresso ideale per parlare sia del controllo del sito che delle possibili misure per limitare i rischi. I numerosi partecipanti si sono interessati alle varie presentazioni del forum aperto e le aree espositive adiacenti hanno completato l'offerta con soluzioni adeguate ai temi trattati.<\/p>\n<p><strong>\"Ha bisogno di questa fiera\"<\/strong><\/p>\n<p>L'evento \u00e8 stato in grado di soddisfare o addirittura superare le aspettative della maggior parte degli espositori e il loro feedback dimostra chiaramente che questa fiera \u00e8 necessaria. \"Qui coltiviamo molti contatti che altrimenti saremmo in grado di gestire solo con un grande sforzo\", ha dichiarato Marco Wunderle, amministratore delegato dell'associazione. <a href=\"https:\/\/www.csfwunderle.ch\" target=\"_blank\" data-cke-saved-href=\"https:\/\/www.csfwunderle.ch\" rel=\"noopener\">CSF Wunderle GmbH<\/a> e Presidente del <a href=\"https:\/\/www.vbsf.ch\" target=\"_blank\" data-cke-saved-href=\"https:\/\/www.vbsf.ch\" rel=\"noopener\">VBSF<\/a> (Associazione svizzera dei professionisti della protezione antincendio e della sicurezza). Nell'ambito della sicurezza, il VBSF ha anche premiato il suo <a href=\"\/it\/vbsf-vergibt-sicherheitspreis\/?preview_id=1946&amp;preview_nonce=337a472fae&amp;post_format=standard&amp;_thumbnail_id=1947&amp;preview=true\" target=\"_blank\" data-cke-saved-href=\"https:\/\/sicherheitsforum.hamster.ch\/vbsf-sicherheitspreis-verliehen\" rel=\"noopener\">Premio per la sicurezza<\/a>.<\/p>\n<p>Tuttavia, il continuo cambiamento del mercato, la complessit\u00e0 dei diversi argomenti e l'elevata dinamica del settore richiedono anche nuove modalit\u00e0 e l'apertura di ulteriori aree: \"Ad esempio, vorremmo avere pi\u00f9 architetti tra i nostri contatti\", ha dichiarato Marek Bolardt. Marco Wunderle ha aggiunto: \"Nella maggior parte dei casi, i nostri interlocutori sono responsabili della sicurezza classica, della protezione antincendio e della sicurezza sul lavoro. Sarebbe bello poter riportare tutto sotto questo unico tetto\". E Stefan Schr\u00f6der, amministratore delegato dell'associazione <a href=\"https:\/\/www.eotec.ch\" target=\"_blank\" data-cke-saved-href=\"https:\/\/www.eotec.ch\" rel=\"noopener\">Eotec AG<\/a>Per mantenere l'evento commerciale in linea con il futuro, sono necessarie innovazioni. Ad esempio, si dovrebbe dare maggiore risalto allo spettacolo e si potrebbero sviluppare pi\u00f9 argomenti che offrano ai visitatori un valore aggiunto.<\/p>\n<p><strong>Collaudato e innovativo<\/strong><\/p>\n<p>Il <a href=\"https:\/\/www.sicherheit-messe.ch\" target=\"_blank\" data-cke-saved-href=\"https:\/\/www.sicherheit-messe.ch\" rel=\"noopener\">21. SICUREZZA<\/a> si terr\u00e0 a Zurigo dal 14 al 17 novembre 2017. Si ispirer\u00e0 a tali suggerimenti e includer\u00e0 nel programma elementi nuovi e innovativi oltre a quelli gi\u00e0 collaudati, sottolineano gli organizzatori della fiera.<\/p>\n<p>Ancora prima, per\u00f2, la fiera si sposta di nuovo nella Svizzera occidentale: la <a href=\"https:\/\/www.securite-expo.ch\" target=\"_blank\" data-cke-saved-href=\"https:\/\/www.securite-expo.ch\" rel=\"noopener\">4. SICUREZZA DI LOSANNA<\/a> si svolger\u00e0 dal 2 al 4 novembre 2016 presso l'Expo Beaulieu.<\/p>","protected":false},"excerpt":{"rendered":"<p>\u201eAuch w\u00e4hrend ihrer 20. Ausf\u00fchrung wurde die Sicherheit 2015 zum wichtigsten Treffpunkt des Schweizer Sicherheitsmarkts und bot den umfassenden Branchen\u00fcberblick\u201c, freut sich Messeleiter Heinz Salzgeber r\u00fcckblickend. Trotz der angespannten wirtschaftlichen Lage pr\u00e4sentierten sich 194 (2013: 224) Aussteller, Verb\u00e4nde und Verlage aus insgesamt acht Nationen auf rund 7\u2018000 (7&#8217;400) Netto-Quadratmetern Fl\u00e4che. Gem\u00e4ss Angaben\u00a0wurden 9\u2018619 Besucher (10&#8217;152)\u00a0gez\u00e4hlt. [&hellip;]<\/p>\n","protected":false},"author":1,"featured_media":1931,"comment_status":"open","ping_status":"open","sticky":false,"template":"","format":"standard","meta":{"_acf_changed":false,"pgc_sgb_lightbox_settings":"","footnotes":""},"categories":[1],"tags":[84,65],"class_list":["post-1930","post","type-post","status-publish","format-standard","has-post-thumbnail","hentry","category-allgemein","tag-fachkongressfachmesse","tag-unternehmen"],"acf":[],"hkrextid":null,"publication":null,"issue":null,"workflow":null,"startPage":null,"spitzmarke":null,"_posts_by_tag_page_fields":{"widget_title":"","widget_tags":""},"_at_widget":"1","_yoast_wpseo_primary_category":"1","_yoast_wpseo_focuskw_text_input":"Grosses Interesse an Sicherheitsthemen und -l\u00f6sungen","_yoast_wpseo_opengraph-image":"https:\/\/news.save.ch\/wp-content\/uploads\/2016\/12\/Grosses-Interesse-an-Sicherheitsthemen-und-l\u00f6sungen-sicherheitsforum.jpg","_yoast_wpseo_opengraph-description":"Die SICHERHEIT 2015 unterstrich vom 10. bis 13. November erneut die ungebrochen grosse Nachfrage nach Sicherheitsl\u00f6sungen. Das zeigte sich auch am messebegleitenden Fachkongress und an der Sonderschau zum Thema \u201eRisikomanagement von Naturgefahren\u201c.","_yoast_wpseo_opengraph-title":"Grosses Interesse an Sicherheitsthemen und -l\u00f6sungen","enclosure":null,"_yoast_wpseo_twitter-title":null,"_yoast_wpseo_twitter-description":null,"_yoast_wpseo_twitter-image":null,"_wp_old_slug":null,"_yoast_wpseo_title":null,"_yoast_wpseo_canonical":null,"yoast_head":"<!-- This site is optimized with the Yoast SEO plugin v27.5 - https:\/\/yoast.com\/product\/yoast-seo-wordpress\/ -->\n<title>Grosses Interesse an Sicherheitsthemen und -l\u00f6sungen - Save<\/title>\n<meta name=\"description\" content=\"Die SICHERHEIT 2015 unterstrich vom 10. bis 13. November erneut ein ungebrochen grosses Interesse an Sicherheitsthemen und -l\u00f6sungen.\" \/>\n<meta name=\"robots\" content=\"index, follow, max-snippet:-1, max-image-preview:large, max-video-preview:-1\" \/>\n<link rel=\"canonical\" href=\"https:\/\/news.save.ch\/it\/grosses-interesse-an-sicherheitsthemen-und-loesungen\/\" \/>\n<meta property=\"og:locale\" content=\"it_IT\" \/>\n<meta property=\"og:type\" content=\"article\" \/>\n<meta property=\"og:title\" content=\"Grosses Interesse an Sicherheitsthemen und -l\u00f6sungen\" \/>\n<meta property=\"og:description\" content=\"Die SICHERHEIT 2015 unterstrich vom 10. bis 13. November erneut die ungebrochen grosse Nachfrage nach Sicherheitsl\u00f6sungen. Das zeigte sich auch am messebegleitenden Fachkongress und an der Sonderschau zum Thema \u201eRisikomanagement von Naturgefahren\u201c.\" \/>\n<meta property=\"og:url\" content=\"https:\/\/news.save.ch\/it\/grosses-interesse-an-sicherheitsthemen-und-loesungen\/\" \/>\n<meta property=\"og:site_name\" content=\"Save\" \/>\n<meta property=\"article:published_time\" content=\"2015-11-17T14:14:40+00:00\" \/>\n<meta property=\"og:image\" content=\"https:\/\/news.save.ch\/wp-content\/uploads\/2016\/12\/Grosses-Interesse-an-Sicherheitsthemen-und-l\u00f6sungen-sicherheitsforum.jpg\" \/>\n<meta name=\"author\" content=\"admin\" \/>\n<meta name=\"twitter:card\" content=\"summary_large_image\" \/>\n<meta name=\"twitter:label1\" content=\"Scritto da\" \/>\n\t<meta name=\"twitter:data1\" content=\"admin\" \/>\n\t<meta name=\"twitter:label2\" content=\"Tempo di lettura stimato\" \/>\n\t<meta name=\"twitter:data2\" content=\"3 minuti\" \/>\n<script type=\"application\/ld+json\" class=\"yoast-schema-graph\">{\"@context\":\"https:\\\/\\\/schema.org\",\"@graph\":[{\"@type\":\"Article\",\"@id\":\"https:\\\/\\\/news.save.ch\\\/grosses-interesse-an-sicherheitsthemen-und-loesungen\\\/#article\",\"isPartOf\":{\"@id\":\"https:\\\/\\\/news.save.ch\\\/grosses-interesse-an-sicherheitsthemen-und-loesungen\\\/\"},\"author\":{\"name\":\"admin\",\"@id\":\"https:\\\/\\\/news.save.ch\\\/de\\\/#\\\/schema\\\/person\\\/d49e199490bad7c70d64b9ab51142f2b\"},\"headline\":\"Grosses Interesse an Sicherheitsthemen und -l\u00f6sungen\",\"datePublished\":\"2015-11-17T14:14:40+00:00\",\"mainEntityOfPage\":{\"@id\":\"https:\\\/\\\/news.save.ch\\\/grosses-interesse-an-sicherheitsthemen-und-loesungen\\\/\"},\"wordCount\":608,\"commentCount\":0,\"publisher\":{\"@id\":\"https:\\\/\\\/news.save.ch\\\/de\\\/#organization\"},\"image\":{\"@id\":\"https:\\\/\\\/news.save.ch\\\/grosses-interesse-an-sicherheitsthemen-und-loesungen\\\/#primaryimage\"},\"thumbnailUrl\":\"https:\\\/\\\/news.save.ch\\\/wp-content\\\/uploads\\\/2016\\\/12\\\/Grosses-Interesse-an-Sicherheitsthemen-und-loesungen-sicherheitsforum-scaled.jpg\",\"keywords\":[\"Fachkongress\\\/Fachmesse\",\"Unternehmen\"],\"articleSection\":[\"ALLGEMEIN\"],\"inLanguage\":\"it-IT\"},{\"@type\":\"WebPage\",\"@id\":\"https:\\\/\\\/news.save.ch\\\/grosses-interesse-an-sicherheitsthemen-und-loesungen\\\/\",\"url\":\"https:\\\/\\\/news.save.ch\\\/grosses-interesse-an-sicherheitsthemen-und-loesungen\\\/\",\"name\":\"Grosses Interesse an Sicherheitsthemen und -l\u00f6sungen - Save\",\"isPartOf\":{\"@id\":\"https:\\\/\\\/news.save.ch\\\/de\\\/#website\"},\"primaryImageOfPage\":{\"@id\":\"https:\\\/\\\/news.save.ch\\\/grosses-interesse-an-sicherheitsthemen-und-loesungen\\\/#primaryimage\"},\"image\":{\"@id\":\"https:\\\/\\\/news.save.ch\\\/grosses-interesse-an-sicherheitsthemen-und-loesungen\\\/#primaryimage\"},\"thumbnailUrl\":\"https:\\\/\\\/news.save.ch\\\/wp-content\\\/uploads\\\/2016\\\/12\\\/Grosses-Interesse-an-Sicherheitsthemen-und-loesungen-sicherheitsforum-scaled.jpg\",\"datePublished\":\"2015-11-17T14:14:40+00:00\",\"description\":\"Die SICHERHEIT 2015 unterstrich vom 10. bis 13. November erneut ein ungebrochen grosses Interesse an Sicherheitsthemen und -l\u00f6sungen.\",\"breadcrumb\":{\"@id\":\"https:\\\/\\\/news.save.ch\\\/grosses-interesse-an-sicherheitsthemen-und-loesungen\\\/#breadcrumb\"},\"inLanguage\":\"it-IT\",\"potentialAction\":[{\"@type\":\"ReadAction\",\"target\":[\"https:\\\/\\\/news.save.ch\\\/grosses-interesse-an-sicherheitsthemen-und-loesungen\\\/\"]}]},{\"@type\":\"ImageObject\",\"inLanguage\":\"it-IT\",\"@id\":\"https:\\\/\\\/news.save.ch\\\/grosses-interesse-an-sicherheitsthemen-und-loesungen\\\/#primaryimage\",\"url\":\"https:\\\/\\\/news.save.ch\\\/wp-content\\\/uploads\\\/2016\\\/12\\\/Grosses-Interesse-an-Sicherheitsthemen-und-loesungen-sicherheitsforum-scaled.jpg\",\"contentUrl\":\"https:\\\/\\\/news.save.ch\\\/wp-content\\\/uploads\\\/2016\\\/12\\\/Grosses-Interesse-an-Sicherheitsthemen-und-loesungen-sicherheitsforum-scaled.jpg\",\"width\":1400,\"height\":932,\"caption\":\"Fotos: Thomas Entzeroth\"},{\"@type\":\"BreadcrumbList\",\"@id\":\"https:\\\/\\\/news.save.ch\\\/grosses-interesse-an-sicherheitsthemen-und-loesungen\\\/#breadcrumb\",\"itemListElement\":[{\"@type\":\"ListItem\",\"position\":1,\"name\":\"Home\",\"item\":\"https:\\\/\\\/news.save.ch\\\/de\\\/\"},{\"@type\":\"ListItem\",\"position\":2,\"name\":\"Grosses Interesse an Sicherheitsthemen und -l\u00f6sungen\"}]},{\"@type\":\"WebSite\",\"@id\":\"https:\\\/\\\/news.save.ch\\\/de\\\/#website\",\"url\":\"https:\\\/\\\/news.save.ch\\\/de\\\/\",\"name\":\"Save\",\"description\":\"Schweizer Fachzeitschrift f\u00fcr Sicherheit\",\"publisher\":{\"@id\":\"https:\\\/\\\/news.save.ch\\\/de\\\/#organization\"},\"potentialAction\":[{\"@type\":\"SearchAction\",\"target\":{\"@type\":\"EntryPoint\",\"urlTemplate\":\"https:\\\/\\\/news.save.ch\\\/de\\\/?s={search_term_string}\"},\"query-input\":{\"@type\":\"PropertyValueSpecification\",\"valueRequired\":true,\"valueName\":\"search_term_string\"}}],\"inLanguage\":\"it-IT\"},{\"@type\":\"Organization\",\"@id\":\"https:\\\/\\\/news.save.ch\\\/de\\\/#organization\",\"name\":\"Sicherheitsforum\",\"url\":\"https:\\\/\\\/news.save.ch\\\/de\\\/\",\"logo\":{\"@type\":\"ImageObject\",\"inLanguage\":\"it-IT\",\"@id\":\"https:\\\/\\\/news.save.ch\\\/de\\\/#\\\/schema\\\/logo\\\/image\\\/\",\"url\":\"https:\\\/\\\/news.save.ch\\\/wp-content\\\/uploads\\\/2022\\\/06\\\/Logo_SF_2012.png\",\"contentUrl\":\"https:\\\/\\\/news.save.ch\\\/wp-content\\\/uploads\\\/2022\\\/06\\\/Logo_SF_2012.png\",\"width\":1100,\"height\":91,\"caption\":\"Sicherheitsforum\"},\"image\":{\"@id\":\"https:\\\/\\\/news.save.ch\\\/de\\\/#\\\/schema\\\/logo\\\/image\\\/\"}},{\"@type\":\"Person\",\"@id\":\"https:\\\/\\\/news.save.ch\\\/de\\\/#\\\/schema\\\/person\\\/d49e199490bad7c70d64b9ab51142f2b\",\"name\":\"admin\",\"image\":{\"@type\":\"ImageObject\",\"inLanguage\":\"it-IT\",\"@id\":\"https:\\\/\\\/secure.gravatar.com\\\/avatar\\\/ae2f4d718e6c49043e314ce431e7e645d646302a24a5ef5a8bc8e3f5a032e319?s=96&d=mm&r=g\",\"url\":\"https:\\\/\\\/secure.gravatar.com\\\/avatar\\\/ae2f4d718e6c49043e314ce431e7e645d646302a24a5ef5a8bc8e3f5a032e319?s=96&d=mm&r=g\",\"contentUrl\":\"https:\\\/\\\/secure.gravatar.com\\\/avatar\\\/ae2f4d718e6c49043e314ce431e7e645d646302a24a5ef5a8bc8e3f5a032e319?s=96&d=mm&r=g\",\"caption\":\"admin\"},\"sameAs\":[\"https:\\\/\\\/develop.organisator.galledia.ch\"],\"url\":\"https:\\\/\\\/news.save.ch\\\/it\\\/author\\\/admin\\\/\"}]}<\/script>\n<!-- \/ Yoast SEO plugin. -->","yoast_head_json":{"title":"Grande interesse per i temi e le soluzioni di sicurezza - Salva","description":"SICHERHEIT 2015, dal 10 al 13 novembre, ha sottolineato ancora una volta l'elevato interesse per i temi e le soluzioni di sicurezza.","robots":{"index":"index","follow":"follow","max-snippet":"max-snippet:-1","max-image-preview":"max-image-preview:large","max-video-preview":"max-video-preview:-1"},"canonical":"https:\/\/news.save.ch\/it\/grosses-interesse-an-sicherheitsthemen-und-loesungen\/","og_locale":"it_IT","og_type":"article","og_title":"Grosses Interesse an Sicherheitsthemen und -l\u00f6sungen","og_description":"Die SICHERHEIT 2015 unterstrich vom 10. bis 13. November erneut die ungebrochen grosse Nachfrage nach Sicherheitsl\u00f6sungen. Das zeigte sich auch am messebegleitenden Fachkongress und an der Sonderschau zum Thema \u201eRisikomanagement von Naturgefahren\u201c.","og_url":"https:\/\/news.save.ch\/it\/grosses-interesse-an-sicherheitsthemen-und-loesungen\/","og_site_name":"Save","article_published_time":"2015-11-17T14:14:40+00:00","og_image":[{"url":"https:\/\/news.save.ch\/wp-content\/uploads\/2016\/12\/Grosses-Interesse-an-Sicherheitsthemen-und-l\u00f6sungen-sicherheitsforum.jpg","type":"","width":"","height":""}],"author":"admin","twitter_card":"summary_large_image","twitter_misc":{"Scritto da":"admin","Tempo di lettura stimato":"3 minuti"},"schema":{"@context":"https:\/\/schema.org","@graph":[{"@type":"Article","@id":"https:\/\/news.save.ch\/grosses-interesse-an-sicherheitsthemen-und-loesungen\/#article","isPartOf":{"@id":"https:\/\/news.save.ch\/grosses-interesse-an-sicherheitsthemen-und-loesungen\/"},"author":{"name":"admin","@id":"https:\/\/news.save.ch\/de\/#\/schema\/person\/d49e199490bad7c70d64b9ab51142f2b"},"headline":"Grosses Interesse an Sicherheitsthemen und -l\u00f6sungen","datePublished":"2015-11-17T14:14:40+00:00","mainEntityOfPage":{"@id":"https:\/\/news.save.ch\/grosses-interesse-an-sicherheitsthemen-und-loesungen\/"},"wordCount":608,"commentCount":0,"publisher":{"@id":"https:\/\/news.save.ch\/de\/#organization"},"image":{"@id":"https:\/\/news.save.ch\/grosses-interesse-an-sicherheitsthemen-und-loesungen\/#primaryimage"},"thumbnailUrl":"https:\/\/news.save.ch\/wp-content\/uploads\/2016\/12\/Grosses-Interesse-an-Sicherheitsthemen-und-loesungen-sicherheitsforum-scaled.jpg","keywords":["Fachkongress\/Fachmesse","Unternehmen"],"articleSection":["ALLGEMEIN"],"inLanguage":"it-IT"},{"@type":"WebPage","@id":"https:\/\/news.save.ch\/grosses-interesse-an-sicherheitsthemen-und-loesungen\/","url":"https:\/\/news.save.ch\/grosses-interesse-an-sicherheitsthemen-und-loesungen\/","name":"Grande interesse per i temi e le soluzioni di sicurezza - Salva","isPartOf":{"@id":"https:\/\/news.save.ch\/de\/#website"},"primaryImageOfPage":{"@id":"https:\/\/news.save.ch\/grosses-interesse-an-sicherheitsthemen-und-loesungen\/#primaryimage"},"image":{"@id":"https:\/\/news.save.ch\/grosses-interesse-an-sicherheitsthemen-und-loesungen\/#primaryimage"},"thumbnailUrl":"https:\/\/news.save.ch\/wp-content\/uploads\/2016\/12\/Grosses-Interesse-an-Sicherheitsthemen-und-loesungen-sicherheitsforum-scaled.jpg","datePublished":"2015-11-17T14:14:40+00:00","description":"SICHERHEIT 2015, dal 10 al 13 novembre, ha sottolineato ancora una volta l'elevato interesse per i temi e le soluzioni di sicurezza.","breadcrumb":{"@id":"https:\/\/news.save.ch\/grosses-interesse-an-sicherheitsthemen-und-loesungen\/#breadcrumb"},"inLanguage":"it-IT","potentialAction":[{"@type":"ReadAction","target":["https:\/\/news.save.ch\/grosses-interesse-an-sicherheitsthemen-und-loesungen\/"]}]},{"@type":"ImageObject","inLanguage":"it-IT","@id":"https:\/\/news.save.ch\/grosses-interesse-an-sicherheitsthemen-und-loesungen\/#primaryimage","url":"https:\/\/news.save.ch\/wp-content\/uploads\/2016\/12\/Grosses-Interesse-an-Sicherheitsthemen-und-loesungen-sicherheitsforum-scaled.jpg","contentUrl":"https:\/\/news.save.ch\/wp-content\/uploads\/2016\/12\/Grosses-Interesse-an-Sicherheitsthemen-und-loesungen-sicherheitsforum-scaled.jpg","width":1400,"height":932,"caption":"Fotos: Thomas Entzeroth"},{"@type":"BreadcrumbList","@id":"https:\/\/news.save.ch\/grosses-interesse-an-sicherheitsthemen-und-loesungen\/#breadcrumb","itemListElement":[{"@type":"ListItem","position":1,"name":"Home","item":"https:\/\/news.save.ch\/de\/"},{"@type":"ListItem","position":2,"name":"Grosses Interesse an Sicherheitsthemen und -l\u00f6sungen"}]},{"@type":"WebSite","@id":"https:\/\/news.save.ch\/de\/#website","url":"https:\/\/news.save.ch\/de\/","name":"Risparmiare","description":"Rivista svizzera specializzata in sicurezza","publisher":{"@id":"https:\/\/news.save.ch\/de\/#organization"},"potentialAction":[{"@type":"SearchAction","target":{"@type":"EntryPoint","urlTemplate":"https:\/\/news.save.ch\/de\/?s={search_term_string}"},"query-input":{"@type":"PropertyValueSpecification","valueRequired":true,"valueName":"search_term_string"}}],"inLanguage":"it-IT"},{"@type":"Organization","@id":"https:\/\/news.save.ch\/de\/#organization","name":"Forum sulla sicurezza","url":"https:\/\/news.save.ch\/de\/","logo":{"@type":"ImageObject","inLanguage":"it-IT","@id":"https:\/\/news.save.ch\/de\/#\/schema\/logo\/image\/","url":"https:\/\/news.save.ch\/wp-content\/uploads\/2022\/06\/Logo_SF_2012.png","contentUrl":"https:\/\/news.save.ch\/wp-content\/uploads\/2022\/06\/Logo_SF_2012.png","width":1100,"height":91,"caption":"Sicherheitsforum"},"image":{"@id":"https:\/\/news.save.ch\/de\/#\/schema\/logo\/image\/"}},{"@type":"Person","@id":"https:\/\/news.save.ch\/de\/#\/schema\/person\/d49e199490bad7c70d64b9ab51142f2b","name":"amministratore","image":{"@type":"ImageObject","inLanguage":"it-IT","@id":"https:\/\/secure.gravatar.com\/avatar\/ae2f4d718e6c49043e314ce431e7e645d646302a24a5ef5a8bc8e3f5a032e319?s=96&d=mm&r=g","url":"https:\/\/secure.gravatar.com\/avatar\/ae2f4d718e6c49043e314ce431e7e645d646302a24a5ef5a8bc8e3f5a032e319?s=96&d=mm&r=g","contentUrl":"https:\/\/secure.gravatar.com\/avatar\/ae2f4d718e6c49043e314ce431e7e645d646302a24a5ef5a8bc8e3f5a032e319?s=96&d=mm&r=g","caption":"admin"},"sameAs":["https:\/\/develop.organisator.galledia.ch"],"url":"https:\/\/news.save.ch\/it\/author\/admin\/"}]}},"_links":{"self":[{"href":"https:\/\/news.save.ch\/it\/wp-json\/wp\/v2\/posts\/1930","targetHints":{"allow":["GET"]}}],"collection":[{"href":"https:\/\/news.save.ch\/it\/wp-json\/wp\/v2\/posts"}],"about":[{"href":"https:\/\/news.save.ch\/it\/wp-json\/wp\/v2\/types\/post"}],"author":[{"embeddable":true,"href":"https:\/\/news.save.ch\/it\/wp-json\/wp\/v2\/users\/1"}],"replies":[{"embeddable":true,"href":"https:\/\/news.save.ch\/it\/wp-json\/wp\/v2\/comments?post=1930"}],"version-history":[{"count":0,"href":"https:\/\/news.save.ch\/it\/wp-json\/wp\/v2\/posts\/1930\/revisions"}],"wp:featuredmedia":[{"embeddable":true,"href":"https:\/\/news.save.ch\/it\/wp-json\/wp\/v2\/media\/1931"}],"wp:attachment":[{"href":"https:\/\/news.save.ch\/it\/wp-json\/wp\/v2\/media?parent=1930"}],"wp:term":[{"taxonomy":"category","embeddable":true,"href":"https:\/\/news.save.ch\/it\/wp-json\/wp\/v2\/categories?post=1930"},{"taxonomy":"post_tag","embeddable":true,"href":"https:\/\/news.save.ch\/it\/wp-json\/wp\/v2\/tags?post=1930"}],"curies":[{"name":"wp","href":"https:\/\/api.w.org\/{rel}","templated":true}]}}