{"id":1938,"date":"2015-11-13T15:19:23","date_gmt":"2015-11-13T14:19:23","guid":{"rendered":"https:\/\/dev.sicherheitsforum.ch\/?p=1938"},"modified":"2015-11-13T15:19:23","modified_gmt":"2015-11-13T14:19:23","slug":"bedrohungslage-der-schweiz","status":null,"type":"post","link":"https:\/\/news.save.ch\/it\/bedrohungslage-der-schweiz\/","title":{"rendered":"Situazione di pericolo in Svizzera"},"content":{"rendered":"<p><img loading=\"lazy\" decoding=\"async\" class=\"alignnone wp-image-1939 size-medium\" src=\"https:\/\/news.save.ch\/wp-content\/uploads\/2016\/12\/Bedrohungslage-der-Schweiz-sicherheitsforum.jpg\" width=\"680\" height=\"823\" \/><\/p>\n<p>Il Consiglio Federale ha approvato il progetto di un nuovo <a href=\"https:\/\/www.news.admin.ch\/NSBSubscriber\/message\/attachments\/41701.pdf\" target=\"_blank\" data-cke-saved-href=\"https:\/\/www.news.admin.ch\/NSBSubscriber\/message\/attachments\/41701.pdf\" rel=\"noopener\">Rapporto sulla politica di sicurezza<\/a> Svizzera e ha avviato un processo di consultazione. Il rapporto definisce le linee guida fondamentali per la politica di sicurezza della Svizzera nei prossimi anni. Il Consiglio federale pubblica tali rapporti a intervalli regolari; l'ultimo risale al 2010.<\/p>\n<p>Il nuovo rapporto sulla politica di sicurezza contiene una presentazione dettagliata del contesto della politica di sicurezza della Svizzera. Analizza le tendenze della politica di sicurezza globale e le minacce e i pericoli rilevanti per la Svizzera. Il rapporto conclude che negli ultimi anni la situazione delle minacce \u00e8 cambiata notevolmente. Questo vale in particolare per il deterioramento duraturo delle relazioni tra Occidente e Russia sulla scia della crisi ucraina, per l'intensificarsi della minaccia rappresentata dal terrorismo islamico e per l'estensione delle attivit\u00e0 illegali e dell'uso improprio nel cyber-spazio. Secondo il rapporto, una sfida particolare per la sicurezza della Svizzera \u00e8 rappresentata dalla combinazione e dalla concatenazione di diverse minacce e pericoli.<\/p>\n<p>La seconda parte del rapporto delinea l'orientamento di fondo della strategia di politica di sicurezza della Svizzera. Questo pu\u00f2 essere definito da tre concetti fondamentali: indipendenza, cooperazione e impegno. Il rapporto mostra come e in quale combinazione questi elementi strategici vengono utilizzati per contrastare le minacce e i pericoli nel modo pi\u00f9 efficace ed efficiente possibile. Sulla base della strategia, la relazione illustra i contributi concreti dei singoli strumenti di politica di sicurezza alla prevenzione, alla difesa e alla gestione delle minacce e dei pericoli e le modalit\u00e0 di interazione tra gli strumenti. Il rapporto giunge alla conclusione che l'orientamento degli strumenti della politica di sicurezza \u00e8 fondamentalmente corretto e che gli adeguamenti e i lavori di attuazione, alcuni dei quali sono attualmente in corso, vanno nella giusta direzione.<\/p>\n<p>L'ultima parte del rapporto descrive la gestione delle politiche di sicurezza a livello federale e cantonale e la loro collaborazione nella Rete di sicurezza. Si fa riferimento alla valutazione della Rete di sicurezza svizzera, che \u00e8 stata istituita e viene ulteriormente sviluppata, nonch\u00e9 alla prima esercitazione della Rete di sicurezza, che ha fornito importanti spunti per la gestione delle crisi nazionali.<\/p>\n<p>Come per l'ultimo rapporto, anche la presente bozza di rapporto \u00e8 stata redatta nell'ambito di un gruppo di lavoro ad ampio raggio. Oltre a tutti i dipartimenti e alla Cancelleria federale, anche i Cantoni sono stati coinvolti nei lavori fin dall'inizio. Dopo il processo di consultazione, il rapporto dovrebbe essere adottato dal Consiglio federale all'inizio dell'estate 2016 e quindi presentato al Parlamento.<\/p>\n<p><em>Comunicato stampa <a href=\"https:\/\/www.vbs.admin.ch\" target=\"_blank\" data-cke-saved-href=\"https:\/\/www.vbs.admin.ch\" rel=\"noopener\">Dipartimento federale della difesa, della protezione civile e dello sport<\/a><\/em><\/p>","protected":false},"excerpt":{"rendered":"<p>Der Bundesrat hat den Entwurf f\u00fcr einen neuen Bericht \u00fcber die Sicherheitspolitik der Schweiz gutgeheissen und eine Vernehmlassung er\u00f6ffnet. Der Bericht legt die Grundlinien f\u00fcr die schweizerische Sicherheitspolitik der n\u00e4chsten Jahre fest. Der Bundesrat ver\u00f6ffentlicht solche Berichte in regelm\u00e4ssigen Abst\u00e4nden; der letzte Bericht stammt aus dem Jahr 2010. Der neue sicherheitspolitische Bericht enth\u00e4lt eine ausf\u00fchrliche [&hellip;]<\/p>\n","protected":false},"author":1,"featured_media":1939,"comment_status":"open","ping_status":"open","sticky":false,"template":"","format":"standard","meta":{"_acf_changed":false,"pgc_sgb_lightbox_settings":"","footnotes":""},"categories":[1],"tags":[120,43],"class_list":["post-1938","post","type-post","status-publish","format-standard","has-post-thumbnail","hentry","category-allgemein","tag-bundesamt","tag-terrorismus"],"acf":[],"hkrextid":null,"publication":null,"issue":null,"workflow":null,"startPage":null,"spitzmarke":null,"_posts_by_tag_page_fields":{"widget_title":"","widget_tags":""},"_at_widget":"1","_yoast_wpseo_primary_category":"1","_yoast_wpseo_focuskw_text_input":"Bedrohungslage der Schweiz","_yoast_wpseo_opengraph-image":"https:\/\/news.save.ch\/wp-content\/uploads\/2016\/12\/Bedrohungslage-der-Schweiz-sicherheitsforum.jpg","_yoast_wpseo_opengraph-description":"Die Bedrohungslage der Schweiz hat sich in den letzten Jahren zum Teil markant ver\u00e4ndert. Zu diesem Schluss kommt der neue Bericht des Bundesrates \u00fcber die Sicherheitspolitik der Schweiz. Das Papier zeigt zudem auf, mit welcher Strategie die Schweiz den aktuellen Bedrohungen und Gefahren begegnen will.","_yoast_wpseo_opengraph-title":"Bedrohungslage der Schweiz","enclosure":null,"_yoast_wpseo_twitter-title":null,"_yoast_wpseo_twitter-description":null,"_yoast_wpseo_twitter-image":null,"_wp_old_slug":null,"_yoast_wpseo_title":null,"_yoast_wpseo_canonical":null,"yoast_head":"<!-- This site is optimized with the Yoast SEO plugin v27.5 - https:\/\/yoast.com\/product\/yoast-seo-wordpress\/ -->\n<title>Bedrohungslage der Schweiz - Save<\/title>\n<meta name=\"description\" content=\"Die Bedrohungslage der Schweiz hat sich in den letzten Jahren markant ver\u00e4ndert. Zu diesem Schluss kommt der neue schweizer Sicherheitspolitik-Bericht.\" \/>\n<meta name=\"robots\" content=\"index, follow, max-snippet:-1, max-image-preview:large, max-video-preview:-1\" \/>\n<link rel=\"canonical\" href=\"https:\/\/news.save.ch\/it\/bedrohungslage-der-schweiz\/\" \/>\n<meta property=\"og:locale\" content=\"it_IT\" \/>\n<meta property=\"og:type\" content=\"article\" \/>\n<meta property=\"og:title\" content=\"Bedrohungslage der Schweiz\" \/>\n<meta property=\"og:description\" content=\"Die Bedrohungslage der Schweiz hat sich in den letzten Jahren zum Teil markant ver\u00e4ndert. Zu diesem Schluss kommt der neue Bericht des Bundesrates \u00fcber die Sicherheitspolitik der Schweiz. Das Papier zeigt zudem auf, mit welcher Strategie die Schweiz den aktuellen Bedrohungen und Gefahren begegnen will.\" \/>\n<meta property=\"og:url\" content=\"https:\/\/news.save.ch\/it\/bedrohungslage-der-schweiz\/\" \/>\n<meta property=\"og:site_name\" content=\"Save\" \/>\n<meta property=\"article:published_time\" content=\"2015-11-13T14:19:23+00:00\" \/>\n<meta property=\"og:image\" content=\"https:\/\/news.save.ch\/wp-content\/uploads\/2016\/12\/Bedrohungslage-der-Schweiz-sicherheitsforum.jpg\" \/>\n<meta name=\"author\" content=\"admin\" \/>\n<meta name=\"twitter:card\" content=\"summary_large_image\" \/>\n<meta name=\"twitter:label1\" content=\"Scritto da\" \/>\n\t<meta name=\"twitter:data1\" content=\"admin\" \/>\n\t<meta name=\"twitter:label2\" content=\"Tempo di lettura stimato\" \/>\n\t<meta name=\"twitter:data2\" content=\"2 minuti\" \/>\n<script type=\"application\/ld+json\" class=\"yoast-schema-graph\">{\"@context\":\"https:\\\/\\\/schema.org\",\"@graph\":[{\"@type\":\"Article\",\"@id\":\"https:\\\/\\\/news.save.ch\\\/bedrohungslage-der-schweiz\\\/#article\",\"isPartOf\":{\"@id\":\"https:\\\/\\\/news.save.ch\\\/bedrohungslage-der-schweiz\\\/\"},\"author\":{\"name\":\"admin\",\"@id\":\"https:\\\/\\\/news.save.ch\\\/de\\\/#\\\/schema\\\/person\\\/d49e199490bad7c70d64b9ab51142f2b\"},\"headline\":\"Bedrohungslage der Schweiz\",\"datePublished\":\"2015-11-13T14:19:23+00:00\",\"mainEntityOfPage\":{\"@id\":\"https:\\\/\\\/news.save.ch\\\/bedrohungslage-der-schweiz\\\/\"},\"wordCount\":403,\"commentCount\":0,\"publisher\":{\"@id\":\"https:\\\/\\\/news.save.ch\\\/de\\\/#organization\"},\"image\":{\"@id\":\"https:\\\/\\\/news.save.ch\\\/bedrohungslage-der-schweiz\\\/#primaryimage\"},\"thumbnailUrl\":\"https:\\\/\\\/news.save.ch\\\/wp-content\\\/uploads\\\/2016\\\/12\\\/Bedrohungslage-der-Schweiz-sicherheitsforum-scaled.jpg\",\"keywords\":[\"Bundesamt\",\"Terrorismus\"],\"articleSection\":[\"ALLGEMEIN\"],\"inLanguage\":\"it-IT\"},{\"@type\":\"WebPage\",\"@id\":\"https:\\\/\\\/news.save.ch\\\/bedrohungslage-der-schweiz\\\/\",\"url\":\"https:\\\/\\\/news.save.ch\\\/bedrohungslage-der-schweiz\\\/\",\"name\":\"Bedrohungslage der Schweiz - Save\",\"isPartOf\":{\"@id\":\"https:\\\/\\\/news.save.ch\\\/de\\\/#website\"},\"primaryImageOfPage\":{\"@id\":\"https:\\\/\\\/news.save.ch\\\/bedrohungslage-der-schweiz\\\/#primaryimage\"},\"image\":{\"@id\":\"https:\\\/\\\/news.save.ch\\\/bedrohungslage-der-schweiz\\\/#primaryimage\"},\"thumbnailUrl\":\"https:\\\/\\\/news.save.ch\\\/wp-content\\\/uploads\\\/2016\\\/12\\\/Bedrohungslage-der-Schweiz-sicherheitsforum-scaled.jpg\",\"datePublished\":\"2015-11-13T14:19:23+00:00\",\"description\":\"Die Bedrohungslage der Schweiz hat sich in den letzten Jahren markant ver\u00e4ndert. Zu diesem Schluss kommt der neue schweizer Sicherheitspolitik-Bericht.\",\"breadcrumb\":{\"@id\":\"https:\\\/\\\/news.save.ch\\\/bedrohungslage-der-schweiz\\\/#breadcrumb\"},\"inLanguage\":\"it-IT\",\"potentialAction\":[{\"@type\":\"ReadAction\",\"target\":[\"https:\\\/\\\/news.save.ch\\\/bedrohungslage-der-schweiz\\\/\"]}]},{\"@type\":\"ImageObject\",\"inLanguage\":\"it-IT\",\"@id\":\"https:\\\/\\\/news.save.ch\\\/bedrohungslage-der-schweiz\\\/#primaryimage\",\"url\":\"https:\\\/\\\/news.save.ch\\\/wp-content\\\/uploads\\\/2016\\\/12\\\/Bedrohungslage-der-Schweiz-sicherheitsforum-scaled.jpg\",\"contentUrl\":\"https:\\\/\\\/news.save.ch\\\/wp-content\\\/uploads\\\/2016\\\/12\\\/Bedrohungslage-der-Schweiz-sicherheitsforum-scaled.jpg\",\"width\":1157,\"height\":1400},{\"@type\":\"BreadcrumbList\",\"@id\":\"https:\\\/\\\/news.save.ch\\\/bedrohungslage-der-schweiz\\\/#breadcrumb\",\"itemListElement\":[{\"@type\":\"ListItem\",\"position\":1,\"name\":\"Home\",\"item\":\"https:\\\/\\\/news.save.ch\\\/de\\\/\"},{\"@type\":\"ListItem\",\"position\":2,\"name\":\"Bedrohungslage der Schweiz\"}]},{\"@type\":\"WebSite\",\"@id\":\"https:\\\/\\\/news.save.ch\\\/de\\\/#website\",\"url\":\"https:\\\/\\\/news.save.ch\\\/de\\\/\",\"name\":\"Save\",\"description\":\"Schweizer Fachzeitschrift f\u00fcr Sicherheit\",\"publisher\":{\"@id\":\"https:\\\/\\\/news.save.ch\\\/de\\\/#organization\"},\"potentialAction\":[{\"@type\":\"SearchAction\",\"target\":{\"@type\":\"EntryPoint\",\"urlTemplate\":\"https:\\\/\\\/news.save.ch\\\/de\\\/?s={search_term_string}\"},\"query-input\":{\"@type\":\"PropertyValueSpecification\",\"valueRequired\":true,\"valueName\":\"search_term_string\"}}],\"inLanguage\":\"it-IT\"},{\"@type\":\"Organization\",\"@id\":\"https:\\\/\\\/news.save.ch\\\/de\\\/#organization\",\"name\":\"Sicherheitsforum\",\"url\":\"https:\\\/\\\/news.save.ch\\\/de\\\/\",\"logo\":{\"@type\":\"ImageObject\",\"inLanguage\":\"it-IT\",\"@id\":\"https:\\\/\\\/news.save.ch\\\/de\\\/#\\\/schema\\\/logo\\\/image\\\/\",\"url\":\"https:\\\/\\\/news.save.ch\\\/wp-content\\\/uploads\\\/2022\\\/06\\\/Logo_SF_2012.png\",\"contentUrl\":\"https:\\\/\\\/news.save.ch\\\/wp-content\\\/uploads\\\/2022\\\/06\\\/Logo_SF_2012.png\",\"width\":1100,\"height\":91,\"caption\":\"Sicherheitsforum\"},\"image\":{\"@id\":\"https:\\\/\\\/news.save.ch\\\/de\\\/#\\\/schema\\\/logo\\\/image\\\/\"}},{\"@type\":\"Person\",\"@id\":\"https:\\\/\\\/news.save.ch\\\/de\\\/#\\\/schema\\\/person\\\/d49e199490bad7c70d64b9ab51142f2b\",\"name\":\"admin\",\"image\":{\"@type\":\"ImageObject\",\"inLanguage\":\"it-IT\",\"@id\":\"https:\\\/\\\/secure.gravatar.com\\\/avatar\\\/ae2f4d718e6c49043e314ce431e7e645d646302a24a5ef5a8bc8e3f5a032e319?s=96&d=mm&r=g\",\"url\":\"https:\\\/\\\/secure.gravatar.com\\\/avatar\\\/ae2f4d718e6c49043e314ce431e7e645d646302a24a5ef5a8bc8e3f5a032e319?s=96&d=mm&r=g\",\"contentUrl\":\"https:\\\/\\\/secure.gravatar.com\\\/avatar\\\/ae2f4d718e6c49043e314ce431e7e645d646302a24a5ef5a8bc8e3f5a032e319?s=96&d=mm&r=g\",\"caption\":\"admin\"},\"sameAs\":[\"https:\\\/\\\/develop.organisator.galledia.ch\"],\"url\":\"https:\\\/\\\/news.save.ch\\\/it\\\/author\\\/admin\\\/\"}]}<\/script>\n<!-- \/ Yoast SEO plugin. -->","yoast_head_json":{"title":"Situazione di minaccia della Svizzera - Save","description":"La situazione della minaccia in Svizzera \u00e8 cambiata notevolmente negli ultimi anni. Questa \u00e8 la conclusione del nuovo Rapporto sulla politica di sicurezza della Svizzera.","robots":{"index":"index","follow":"follow","max-snippet":"max-snippet:-1","max-image-preview":"max-image-preview:large","max-video-preview":"max-video-preview:-1"},"canonical":"https:\/\/news.save.ch\/it\/bedrohungslage-der-schweiz\/","og_locale":"it_IT","og_type":"article","og_title":"Bedrohungslage der Schweiz","og_description":"Die Bedrohungslage der Schweiz hat sich in den letzten Jahren zum Teil markant ver\u00e4ndert. Zu diesem Schluss kommt der neue Bericht des Bundesrates \u00fcber die Sicherheitspolitik der Schweiz. Das Papier zeigt zudem auf, mit welcher Strategie die Schweiz den aktuellen Bedrohungen und Gefahren begegnen will.","og_url":"https:\/\/news.save.ch\/it\/bedrohungslage-der-schweiz\/","og_site_name":"Save","article_published_time":"2015-11-13T14:19:23+00:00","og_image":[{"url":"https:\/\/news.save.ch\/wp-content\/uploads\/2016\/12\/Bedrohungslage-der-Schweiz-sicherheitsforum.jpg","type":"","width":"","height":""}],"author":"admin","twitter_card":"summary_large_image","twitter_misc":{"Scritto da":"admin","Tempo di lettura stimato":"2 minuti"},"schema":{"@context":"https:\/\/schema.org","@graph":[{"@type":"Article","@id":"https:\/\/news.save.ch\/bedrohungslage-der-schweiz\/#article","isPartOf":{"@id":"https:\/\/news.save.ch\/bedrohungslage-der-schweiz\/"},"author":{"name":"admin","@id":"https:\/\/news.save.ch\/de\/#\/schema\/person\/d49e199490bad7c70d64b9ab51142f2b"},"headline":"Bedrohungslage der Schweiz","datePublished":"2015-11-13T14:19:23+00:00","mainEntityOfPage":{"@id":"https:\/\/news.save.ch\/bedrohungslage-der-schweiz\/"},"wordCount":403,"commentCount":0,"publisher":{"@id":"https:\/\/news.save.ch\/de\/#organization"},"image":{"@id":"https:\/\/news.save.ch\/bedrohungslage-der-schweiz\/#primaryimage"},"thumbnailUrl":"https:\/\/news.save.ch\/wp-content\/uploads\/2016\/12\/Bedrohungslage-der-Schweiz-sicherheitsforum-scaled.jpg","keywords":["Bundesamt","Terrorismus"],"articleSection":["ALLGEMEIN"],"inLanguage":"it-IT"},{"@type":"WebPage","@id":"https:\/\/news.save.ch\/bedrohungslage-der-schweiz\/","url":"https:\/\/news.save.ch\/bedrohungslage-der-schweiz\/","name":"Situazione di minaccia della Svizzera - Save","isPartOf":{"@id":"https:\/\/news.save.ch\/de\/#website"},"primaryImageOfPage":{"@id":"https:\/\/news.save.ch\/bedrohungslage-der-schweiz\/#primaryimage"},"image":{"@id":"https:\/\/news.save.ch\/bedrohungslage-der-schweiz\/#primaryimage"},"thumbnailUrl":"https:\/\/news.save.ch\/wp-content\/uploads\/2016\/12\/Bedrohungslage-der-Schweiz-sicherheitsforum-scaled.jpg","datePublished":"2015-11-13T14:19:23+00:00","description":"La situazione della minaccia in Svizzera \u00e8 cambiata notevolmente negli ultimi anni. Questa \u00e8 la conclusione del nuovo Rapporto sulla politica di sicurezza della Svizzera.","breadcrumb":{"@id":"https:\/\/news.save.ch\/bedrohungslage-der-schweiz\/#breadcrumb"},"inLanguage":"it-IT","potentialAction":[{"@type":"ReadAction","target":["https:\/\/news.save.ch\/bedrohungslage-der-schweiz\/"]}]},{"@type":"ImageObject","inLanguage":"it-IT","@id":"https:\/\/news.save.ch\/bedrohungslage-der-schweiz\/#primaryimage","url":"https:\/\/news.save.ch\/wp-content\/uploads\/2016\/12\/Bedrohungslage-der-Schweiz-sicherheitsforum-scaled.jpg","contentUrl":"https:\/\/news.save.ch\/wp-content\/uploads\/2016\/12\/Bedrohungslage-der-Schweiz-sicherheitsforum-scaled.jpg","width":1157,"height":1400},{"@type":"BreadcrumbList","@id":"https:\/\/news.save.ch\/bedrohungslage-der-schweiz\/#breadcrumb","itemListElement":[{"@type":"ListItem","position":1,"name":"Home","item":"https:\/\/news.save.ch\/de\/"},{"@type":"ListItem","position":2,"name":"Bedrohungslage der Schweiz"}]},{"@type":"WebSite","@id":"https:\/\/news.save.ch\/de\/#website","url":"https:\/\/news.save.ch\/de\/","name":"Risparmiare","description":"Rivista svizzera specializzata in sicurezza","publisher":{"@id":"https:\/\/news.save.ch\/de\/#organization"},"potentialAction":[{"@type":"SearchAction","target":{"@type":"EntryPoint","urlTemplate":"https:\/\/news.save.ch\/de\/?s={search_term_string}"},"query-input":{"@type":"PropertyValueSpecification","valueRequired":true,"valueName":"search_term_string"}}],"inLanguage":"it-IT"},{"@type":"Organization","@id":"https:\/\/news.save.ch\/de\/#organization","name":"Forum sulla sicurezza","url":"https:\/\/news.save.ch\/de\/","logo":{"@type":"ImageObject","inLanguage":"it-IT","@id":"https:\/\/news.save.ch\/de\/#\/schema\/logo\/image\/","url":"https:\/\/news.save.ch\/wp-content\/uploads\/2022\/06\/Logo_SF_2012.png","contentUrl":"https:\/\/news.save.ch\/wp-content\/uploads\/2022\/06\/Logo_SF_2012.png","width":1100,"height":91,"caption":"Sicherheitsforum"},"image":{"@id":"https:\/\/news.save.ch\/de\/#\/schema\/logo\/image\/"}},{"@type":"Person","@id":"https:\/\/news.save.ch\/de\/#\/schema\/person\/d49e199490bad7c70d64b9ab51142f2b","name":"amministratore","image":{"@type":"ImageObject","inLanguage":"it-IT","@id":"https:\/\/secure.gravatar.com\/avatar\/ae2f4d718e6c49043e314ce431e7e645d646302a24a5ef5a8bc8e3f5a032e319?s=96&d=mm&r=g","url":"https:\/\/secure.gravatar.com\/avatar\/ae2f4d718e6c49043e314ce431e7e645d646302a24a5ef5a8bc8e3f5a032e319?s=96&d=mm&r=g","contentUrl":"https:\/\/secure.gravatar.com\/avatar\/ae2f4d718e6c49043e314ce431e7e645d646302a24a5ef5a8bc8e3f5a032e319?s=96&d=mm&r=g","caption":"admin"},"sameAs":["https:\/\/develop.organisator.galledia.ch"],"url":"https:\/\/news.save.ch\/it\/author\/admin\/"}]}},"_links":{"self":[{"href":"https:\/\/news.save.ch\/it\/wp-json\/wp\/v2\/posts\/1938","targetHints":{"allow":["GET"]}}],"collection":[{"href":"https:\/\/news.save.ch\/it\/wp-json\/wp\/v2\/posts"}],"about":[{"href":"https:\/\/news.save.ch\/it\/wp-json\/wp\/v2\/types\/post"}],"author":[{"embeddable":true,"href":"https:\/\/news.save.ch\/it\/wp-json\/wp\/v2\/users\/1"}],"replies":[{"embeddable":true,"href":"https:\/\/news.save.ch\/it\/wp-json\/wp\/v2\/comments?post=1938"}],"version-history":[{"count":0,"href":"https:\/\/news.save.ch\/it\/wp-json\/wp\/v2\/posts\/1938\/revisions"}],"wp:featuredmedia":[{"embeddable":true,"href":"https:\/\/news.save.ch\/it\/wp-json\/wp\/v2\/media\/1939"}],"wp:attachment":[{"href":"https:\/\/news.save.ch\/it\/wp-json\/wp\/v2\/media?parent=1938"}],"wp:term":[{"taxonomy":"category","embeddable":true,"href":"https:\/\/news.save.ch\/it\/wp-json\/wp\/v2\/categories?post=1938"},{"taxonomy":"post_tag","embeddable":true,"href":"https:\/\/news.save.ch\/it\/wp-json\/wp\/v2\/tags?post=1938"}],"curies":[{"name":"wp","href":"https:\/\/api.w.org\/{rel}","templated":true}]}}