{"id":19397,"date":"2023-05-12T14:34:08","date_gmt":"2023-05-12T12:34:08","guid":{"rendered":"https:\/\/news.save.ch\/?p=19397"},"modified":"2023-05-12T15:18:14","modified_gmt":"2023-05-12T13:18:14","slug":"immer-mehr-gestresste-und-erschoepfte-mitarbeitende","status":null,"type":"post","link":"https:\/\/news.save.ch\/it\/immer-mehr-gestresste-und-erschoepfte-mitarbeitende\/","title":{"rendered":"Dipendenti stressati ed esausti"},"content":{"rendered":"<p>Circa il 40% di tutti i dipendenti dichiara nei sondaggi di sentirsi esausto, come ad esempio <a href=\"http:\/\/www.travailsuisse.ch\">Lavoro.Suisse<\/a> scrive. Di conseguenza, sempre pi\u00f9 lavoratori si ammalano mentalmente o fisicamente. \"Negli ultimi anni i processi lavorativi sono stati costantemente accelerati e allo stesso tempo i datori di lavoro chiedono sempre pi\u00f9 flessibilit\u00e0 ai lavoratori\", afferma Thomas Bauer, responsabile della politica economica dell'organizzazione dei lavoratori.<\/p>\n<h3>Giornate lavorative eccessivamente lunghe e frammentate<\/h3>\n<p>Migmar Dhakyel, segretario centrale del sindacato Syna, afferma: \"In un numero sempre maggiore di aziende, i datori di lavoro stanno introducendo giornate lavorative troppo lunghe e frammentate. Cos\u00ec facendo, mettono in pericolo la salute e la vita sociale dei lavoratori. Anche per i lavoratori part-time, giornate lavorative di 12 o 13 ore stanno diventando sempre pi\u00f9 la norma\". Allo stesso tempo, si stanno diffondendo condizioni di lavoro insicure, come il lavoro a chiamata e il lavoro temporaneo, che causano molto stress ai lavoratori interessati.<\/p>\n<p>Sebbene ci siano gi\u00e0 troppe possibilit\u00e0 di scaricare gli straordinari e il rischio imprenditoriale sui dipendenti, i datori di lavoro chiedono sempre pi\u00f9 flessibilit\u00e0 e meno requisiti, come si legge nel comunicato stampa dell'organizzazione mantello. Adrian W\u00fcthrich, presidente di Travail.Suisse, chiarisce: \"La tutela della salute dei dipendenti non \u00e8 negoziabile. Per proteggere la salute e la vita privata dei lavoratori, abbiamo bisogno di meno flessibilit\u00e0, non di pi\u00f9\". Se sempre pi\u00f9 lavoratori sono esausti e si ammalano a causa del loro lavoro, \u00e8 necessario pi\u00f9 tempo per il riposo, meno flessibilit\u00e0 unilaterale e pi\u00f9 prevedibilit\u00e0 sul lavoro.<\/p>\n<h3>Lo stress pi\u00f9 elevato nel settore dell'ospitalit\u00e0<\/h3>\n<p>Secondo diversi studi, l'industria dell'ospitalit\u00e0 \u00e8 il settore con il pi\u00f9 alto tasso di stress legato al lavoro. Roger Lang, responsabile dei servizi legali del <a href=\"http:\/\/www.hotelgastrounion.ch\">Hotel e Gastro Union<\/a>chiede: \"Il lavoro deve essere pianificabile e avere dei limiti. La diffusione di giornate lavorative troppo lunghe e i cambiamenti dei turni di servizio con breve preavviso causano uno stress inutile e rendono difficile conciliare tempo libero, famiglia e lavoro. Se si vuole fare qualcosa per la mancanza di personale nel settore, bisogna cominciare da qui\".<\/p>\n<p>Stress ed esaurimento non si fermano al personale del servizio pubblico, secondo la dichiarazione. \"Il lavoro e la vita privata si confondono sempre di pi\u00f9. Sono quindi necessarie norme chiare per garantire il riposo e il diritto di non essere disponibili durante il tempo libero\", afferma Olivia Stuber dell'associazione del personale. <a href=\"http:\/\/www.transfair.ch\">transfair<\/a>. A causa della digitalizzazione, i lavoratori sono costretti ad adattarsi costantemente e a confrontarsi con un'attivit\u00e0 lavorativa sempre pi\u00f9 intensa. Pi\u00f9 ferie e orari di lavoro pi\u00f9 brevi sono misure compensative ragionevoli per proteggere la salute dei lavoratori in un mondo del lavoro accelerato. (red.)<\/p>","protected":false},"excerpt":{"rendered":"<p>Rund 40 Prozent aller Arbeitnehmenden geben in Umfragen an, dass sie sich ersch\u00f6pft f\u00fchlen, wie Travail.Suisse schreibt. Als Folge davon w\u00fcrden immer mehr Arbeitnehmende psychisch oder k\u00f6rperlich erkranken. \u00abDie Arbeitsprozesse wurden in den vergangenen Jahren stetig beschleunigt, gleichzeitig verlangen die Arbeitgebenden immer mehr Flexibilit\u00e4t von den Arbeitnehmenden\u00bb, so Thomas Bauer, Leiter Wirtschaftspolitik bei der Dachorganisation [&hellip;]<\/p>\n","protected":false},"author":8,"featured_media":19398,"comment_status":"closed","ping_status":"closed","sticky":false,"template":"","format":"standard","meta":{"_acf_changed":false,"pgc_sgb_lightbox_settings":"","footnotes":""},"categories":[3314],"tags":[3361,3362,3363],"class_list":["post-19397","post","type-post","status-publish","format-standard","has-post-thumbnail","hentry","category-health-safety","tag-arbeitsbedingter-stress","tag-erschoepfung","tag-travail-suisse"],"acf":[],"hkrextid":null,"publication":null,"issue":null,"workflow":null,"startPage":null,"spitzmarke":null,"_posts_by_tag_page_fields":null,"_at_widget":null,"_yoast_wpseo_primary_category":"3314","_yoast_wpseo_focuskw_text_input":null,"_yoast_wpseo_opengraph-image":null,"_yoast_wpseo_opengraph-description":null,"_yoast_wpseo_opengraph-title":null,"enclosure":null,"_yoast_wpseo_twitter-title":null,"_yoast_wpseo_twitter-description":null,"_yoast_wpseo_twitter-image":null,"_wp_old_slug":null,"_yoast_wpseo_title":null,"_yoast_wpseo_canonical":null,"yoast_head":"<!-- This site is optimized with the Yoast SEO plugin v27.5 - https:\/\/yoast.com\/product\/yoast-seo-wordpress\/ -->\n<title>Gestresste und ersch\u00f6pfte Mitarbeitende - Save<\/title>\n<meta name=\"description\" content=\"Immer mehr Arbeitnehmende sind von arbeitsbedingtem Stress und Ersch\u00f6pfung betroffen. Die Gr\u00fcnde daf\u00fcr liegen laut Travail.Suisse in der ver\u00e4nderten Arbeitswelt: immer l\u00e4ngere Arbeitstage, flexiblere Arbeitsverh\u00e4ltnisse und schnellere Arbeitsprozessen. Zudem w\u00fcrden die Grenzen zwischen Arbeits- und Privatleben vermehrt verschwinden, schreibt der Dachverband der Arbeitnehmenden in seiner neusten Medienmitteilung.\" \/>\n<meta name=\"robots\" content=\"index, follow, max-snippet:-1, max-image-preview:large, max-video-preview:-1\" \/>\n<link rel=\"canonical\" href=\"https:\/\/news.save.ch\/it\/immer-mehr-gestresste-und-erschoepfte-mitarbeitende\/\" \/>\n<meta property=\"og:locale\" content=\"it_IT\" \/>\n<meta property=\"og:type\" content=\"article\" \/>\n<meta property=\"og:title\" content=\"Gestresste und ersch\u00f6pfte Mitarbeitende - Save\" \/>\n<meta property=\"og:description\" content=\"Immer mehr Arbeitnehmende sind von arbeitsbedingtem Stress und Ersch\u00f6pfung betroffen. Die Gr\u00fcnde daf\u00fcr liegen laut Travail.Suisse in der ver\u00e4nderten Arbeitswelt: immer l\u00e4ngere Arbeitstage, flexiblere Arbeitsverh\u00e4ltnisse und schnellere Arbeitsprozessen. Zudem w\u00fcrden die Grenzen zwischen Arbeits- und Privatleben vermehrt verschwinden, schreibt der Dachverband der Arbeitnehmenden in seiner neusten Medienmitteilung.\" \/>\n<meta property=\"og:url\" content=\"https:\/\/news.save.ch\/it\/immer-mehr-gestresste-und-erschoepfte-mitarbeitende\/\" \/>\n<meta property=\"og:site_name\" content=\"Save\" \/>\n<meta property=\"article:published_time\" content=\"2023-05-12T12:34:08+00:00\" \/>\n<meta property=\"article:modified_time\" content=\"2023-05-12T13:18:14+00:00\" \/>\n<meta property=\"og:image\" content=\"https:\/\/news.save.ch\/wp-content\/uploads\/2023\/05\/Depositphotos_182637912_L-scaled.jpg\" \/>\n\t<meta property=\"og:image:width\" content=\"1200\" \/>\n\t<meta property=\"og:image:height\" content=\"801\" \/>\n\t<meta property=\"og:image:type\" content=\"image\/jpeg\" \/>\n<meta name=\"author\" content=\"Roger Str\u00e4ssle\" \/>\n<meta name=\"twitter:card\" content=\"summary_large_image\" \/>\n<meta name=\"twitter:label1\" content=\"Scritto da\" \/>\n\t<meta name=\"twitter:data1\" content=\"Roger Str\u00e4ssle\" \/>\n\t<meta name=\"twitter:label2\" content=\"Tempo di lettura stimato\" \/>\n\t<meta name=\"twitter:data2\" content=\"3 minuti\" \/>\n<script type=\"application\/ld+json\" class=\"yoast-schema-graph\">{\"@context\":\"https:\\\/\\\/schema.org\",\"@graph\":[{\"@type\":\"Article\",\"@id\":\"https:\\\/\\\/news.save.ch\\\/immer-mehr-gestresste-und-erschoepfte-mitarbeitende\\\/#article\",\"isPartOf\":{\"@id\":\"https:\\\/\\\/news.save.ch\\\/immer-mehr-gestresste-und-erschoepfte-mitarbeitende\\\/\"},\"author\":{\"name\":\"Roger Str\u00e4ssle\",\"@id\":\"https:\\\/\\\/news.save.ch\\\/de\\\/#\\\/schema\\\/person\\\/d5022db048e0e2b9785c50e5b24da5aa\"},\"headline\":\"Gestresste und ersch\u00f6pfte Mitarbeitende\",\"datePublished\":\"2023-05-12T12:34:08+00:00\",\"dateModified\":\"2023-05-12T13:18:14+00:00\",\"mainEntityOfPage\":{\"@id\":\"https:\\\/\\\/news.save.ch\\\/immer-mehr-gestresste-und-erschoepfte-mitarbeitende\\\/\"},\"wordCount\":415,\"publisher\":{\"@id\":\"https:\\\/\\\/news.save.ch\\\/de\\\/#organization\"},\"image\":{\"@id\":\"https:\\\/\\\/news.save.ch\\\/immer-mehr-gestresste-und-erschoepfte-mitarbeitende\\\/#primaryimage\"},\"thumbnailUrl\":\"https:\\\/\\\/news.save.ch\\\/wp-content\\\/uploads\\\/2023\\\/05\\\/Depositphotos_182637912_L-scaled.jpg\",\"keywords\":[\"Arbeitsbedingter Stress\",\"Ersch\u00f6pfung\",\"Travail Suisse\"],\"articleSection\":[\"HEALTH &amp; SAFETY\"],\"inLanguage\":\"it-IT\"},{\"@type\":\"WebPage\",\"@id\":\"https:\\\/\\\/news.save.ch\\\/immer-mehr-gestresste-und-erschoepfte-mitarbeitende\\\/\",\"url\":\"https:\\\/\\\/news.save.ch\\\/immer-mehr-gestresste-und-erschoepfte-mitarbeitende\\\/\",\"name\":\"Gestresste und ersch\u00f6pfte Mitarbeitende - Save\",\"isPartOf\":{\"@id\":\"https:\\\/\\\/news.save.ch\\\/de\\\/#website\"},\"primaryImageOfPage\":{\"@id\":\"https:\\\/\\\/news.save.ch\\\/immer-mehr-gestresste-und-erschoepfte-mitarbeitende\\\/#primaryimage\"},\"image\":{\"@id\":\"https:\\\/\\\/news.save.ch\\\/immer-mehr-gestresste-und-erschoepfte-mitarbeitende\\\/#primaryimage\"},\"thumbnailUrl\":\"https:\\\/\\\/news.save.ch\\\/wp-content\\\/uploads\\\/2023\\\/05\\\/Depositphotos_182637912_L-scaled.jpg\",\"datePublished\":\"2023-05-12T12:34:08+00:00\",\"dateModified\":\"2023-05-12T13:18:14+00:00\",\"description\":\"Immer mehr Arbeitnehmende sind von arbeitsbedingtem Stress und Ersch\u00f6pfung betroffen. Die Gr\u00fcnde daf\u00fcr liegen laut Travail.Suisse in der ver\u00e4nderten Arbeitswelt: immer l\u00e4ngere Arbeitstage, flexiblere Arbeitsverh\u00e4ltnisse und schnellere Arbeitsprozessen. Zudem w\u00fcrden die Grenzen zwischen Arbeits- und Privatleben vermehrt verschwinden, schreibt der Dachverband der Arbeitnehmenden in seiner neusten Medienmitteilung.\",\"breadcrumb\":{\"@id\":\"https:\\\/\\\/news.save.ch\\\/immer-mehr-gestresste-und-erschoepfte-mitarbeitende\\\/#breadcrumb\"},\"inLanguage\":\"it-IT\",\"potentialAction\":[{\"@type\":\"ReadAction\",\"target\":[\"https:\\\/\\\/news.save.ch\\\/immer-mehr-gestresste-und-erschoepfte-mitarbeitende\\\/\"]}]},{\"@type\":\"ImageObject\",\"inLanguage\":\"it-IT\",\"@id\":\"https:\\\/\\\/news.save.ch\\\/immer-mehr-gestresste-und-erschoepfte-mitarbeitende\\\/#primaryimage\",\"url\":\"https:\\\/\\\/news.save.ch\\\/wp-content\\\/uploads\\\/2023\\\/05\\\/Depositphotos_182637912_L-scaled.jpg\",\"contentUrl\":\"https:\\\/\\\/news.save.ch\\\/wp-content\\\/uploads\\\/2023\\\/05\\\/Depositphotos_182637912_L-scaled.jpg\",\"width\":1200,\"height\":801,\"caption\":\"Depositphotos, IgorVetushko\"},{\"@type\":\"BreadcrumbList\",\"@id\":\"https:\\\/\\\/news.save.ch\\\/immer-mehr-gestresste-und-erschoepfte-mitarbeitende\\\/#breadcrumb\",\"itemListElement\":[{\"@type\":\"ListItem\",\"position\":1,\"name\":\"Home\",\"item\":\"https:\\\/\\\/news.save.ch\\\/de\\\/\"},{\"@type\":\"ListItem\",\"position\":2,\"name\":\"Gestresste und ersch\u00f6pfte Mitarbeitende\"}]},{\"@type\":\"WebSite\",\"@id\":\"https:\\\/\\\/news.save.ch\\\/de\\\/#website\",\"url\":\"https:\\\/\\\/news.save.ch\\\/de\\\/\",\"name\":\"Save\",\"description\":\"Schweizer Fachzeitschrift f\u00fcr Sicherheit\",\"publisher\":{\"@id\":\"https:\\\/\\\/news.save.ch\\\/de\\\/#organization\"},\"potentialAction\":[{\"@type\":\"SearchAction\",\"target\":{\"@type\":\"EntryPoint\",\"urlTemplate\":\"https:\\\/\\\/news.save.ch\\\/de\\\/?s={search_term_string}\"},\"query-input\":{\"@type\":\"PropertyValueSpecification\",\"valueRequired\":true,\"valueName\":\"search_term_string\"}}],\"inLanguage\":\"it-IT\"},{\"@type\":\"Organization\",\"@id\":\"https:\\\/\\\/news.save.ch\\\/de\\\/#organization\",\"name\":\"Sicherheitsforum\",\"url\":\"https:\\\/\\\/news.save.ch\\\/de\\\/\",\"logo\":{\"@type\":\"ImageObject\",\"inLanguage\":\"it-IT\",\"@id\":\"https:\\\/\\\/news.save.ch\\\/de\\\/#\\\/schema\\\/logo\\\/image\\\/\",\"url\":\"https:\\\/\\\/news.save.ch\\\/wp-content\\\/uploads\\\/2022\\\/06\\\/Logo_SF_2012.png\",\"contentUrl\":\"https:\\\/\\\/news.save.ch\\\/wp-content\\\/uploads\\\/2022\\\/06\\\/Logo_SF_2012.png\",\"width\":1100,\"height\":91,\"caption\":\"Sicherheitsforum\"},\"image\":{\"@id\":\"https:\\\/\\\/news.save.ch\\\/de\\\/#\\\/schema\\\/logo\\\/image\\\/\"}},{\"@type\":\"Person\",\"@id\":\"https:\\\/\\\/news.save.ch\\\/de\\\/#\\\/schema\\\/person\\\/d5022db048e0e2b9785c50e5b24da5aa\",\"name\":\"Roger Str\u00e4ssle\",\"image\":{\"@type\":\"ImageObject\",\"inLanguage\":\"it-IT\",\"@id\":\"https:\\\/\\\/secure.gravatar.com\\\/avatar\\\/862a5569d087de48e5856e32f45d719a03804c891d6deb8d4f71a660e79e4a47?s=96&d=mm&r=g\",\"url\":\"https:\\\/\\\/secure.gravatar.com\\\/avatar\\\/862a5569d087de48e5856e32f45d719a03804c891d6deb8d4f71a660e79e4a47?s=96&d=mm&r=g\",\"contentUrl\":\"https:\\\/\\\/secure.gravatar.com\\\/avatar\\\/862a5569d087de48e5856e32f45d719a03804c891d6deb8d4f71a660e79e4a47?s=96&d=mm&r=g\",\"caption\":\"Roger Str\u00e4ssle\"},\"url\":\"https:\\\/\\\/news.save.ch\\\/it\\\/author\\\/roger-straessle\\\/\"}]}<\/script>\n<!-- \/ Yoast SEO plugin. -->","yoast_head_json":{"title":"Dipendenti stressati ed esauriti - Risparmiate","description":"Sempre pi\u00f9 dipendenti sono colpiti da stress e stanchezza legati al lavoro. Secondo Travail.Suisse, i motivi sono da ricercare nel cambiamento del mondo del lavoro: giornate lavorative sempre pi\u00f9 lunghe, condizioni di lavoro pi\u00f9 flessibili e processi lavorativi pi\u00f9 rapidi. Inoltre, i confini tra lavoro e vita privata stanno sempre pi\u00f9 scomparendo, scrive l'associazione dei lavoratori nel suo ultimo comunicato stampa.","robots":{"index":"index","follow":"follow","max-snippet":"max-snippet:-1","max-image-preview":"max-image-preview:large","max-video-preview":"max-video-preview:-1"},"canonical":"https:\/\/news.save.ch\/it\/immer-mehr-gestresste-und-erschoepfte-mitarbeitende\/","og_locale":"it_IT","og_type":"article","og_title":"Gestresste und ersch\u00f6pfte Mitarbeitende - Save","og_description":"Immer mehr Arbeitnehmende sind von arbeitsbedingtem Stress und Ersch\u00f6pfung betroffen. Die Gr\u00fcnde daf\u00fcr liegen laut Travail.Suisse in der ver\u00e4nderten Arbeitswelt: immer l\u00e4ngere Arbeitstage, flexiblere Arbeitsverh\u00e4ltnisse und schnellere Arbeitsprozessen. Zudem w\u00fcrden die Grenzen zwischen Arbeits- und Privatleben vermehrt verschwinden, schreibt der Dachverband der Arbeitnehmenden in seiner neusten Medienmitteilung.","og_url":"https:\/\/news.save.ch\/it\/immer-mehr-gestresste-und-erschoepfte-mitarbeitende\/","og_site_name":"Save","article_published_time":"2023-05-12T12:34:08+00:00","article_modified_time":"2023-05-12T13:18:14+00:00","og_image":[{"width":1200,"height":801,"url":"https:\/\/news.save.ch\/wp-content\/uploads\/2023\/05\/Depositphotos_182637912_L-scaled.jpg","type":"image\/jpeg"}],"author":"Roger Str\u00e4ssle","twitter_card":"summary_large_image","twitter_misc":{"Scritto da":"Roger Str\u00e4ssle","Tempo di lettura stimato":"3 minuti"},"schema":{"@context":"https:\/\/schema.org","@graph":[{"@type":"Article","@id":"https:\/\/news.save.ch\/immer-mehr-gestresste-und-erschoepfte-mitarbeitende\/#article","isPartOf":{"@id":"https:\/\/news.save.ch\/immer-mehr-gestresste-und-erschoepfte-mitarbeitende\/"},"author":{"name":"Roger Str\u00e4ssle","@id":"https:\/\/news.save.ch\/de\/#\/schema\/person\/d5022db048e0e2b9785c50e5b24da5aa"},"headline":"Gestresste und ersch\u00f6pfte Mitarbeitende","datePublished":"2023-05-12T12:34:08+00:00","dateModified":"2023-05-12T13:18:14+00:00","mainEntityOfPage":{"@id":"https:\/\/news.save.ch\/immer-mehr-gestresste-und-erschoepfte-mitarbeitende\/"},"wordCount":415,"publisher":{"@id":"https:\/\/news.save.ch\/de\/#organization"},"image":{"@id":"https:\/\/news.save.ch\/immer-mehr-gestresste-und-erschoepfte-mitarbeitende\/#primaryimage"},"thumbnailUrl":"https:\/\/news.save.ch\/wp-content\/uploads\/2023\/05\/Depositphotos_182637912_L-scaled.jpg","keywords":["Arbeitsbedingter Stress","Ersch\u00f6pfung","Travail Suisse"],"articleSection":["HEALTH &amp; SAFETY"],"inLanguage":"it-IT"},{"@type":"WebPage","@id":"https:\/\/news.save.ch\/immer-mehr-gestresste-und-erschoepfte-mitarbeitende\/","url":"https:\/\/news.save.ch\/immer-mehr-gestresste-und-erschoepfte-mitarbeitende\/","name":"Dipendenti stressati ed esauriti - Risparmiate","isPartOf":{"@id":"https:\/\/news.save.ch\/de\/#website"},"primaryImageOfPage":{"@id":"https:\/\/news.save.ch\/immer-mehr-gestresste-und-erschoepfte-mitarbeitende\/#primaryimage"},"image":{"@id":"https:\/\/news.save.ch\/immer-mehr-gestresste-und-erschoepfte-mitarbeitende\/#primaryimage"},"thumbnailUrl":"https:\/\/news.save.ch\/wp-content\/uploads\/2023\/05\/Depositphotos_182637912_L-scaled.jpg","datePublished":"2023-05-12T12:34:08+00:00","dateModified":"2023-05-12T13:18:14+00:00","description":"Sempre pi\u00f9 dipendenti sono colpiti da stress e stanchezza legati al lavoro. Secondo Travail.Suisse, i motivi sono da ricercare nel cambiamento del mondo del lavoro: giornate lavorative sempre pi\u00f9 lunghe, condizioni di lavoro pi\u00f9 flessibili e processi lavorativi pi\u00f9 rapidi. Inoltre, i confini tra lavoro e vita privata stanno sempre pi\u00f9 scomparendo, scrive l'associazione dei lavoratori nel suo ultimo comunicato stampa.","breadcrumb":{"@id":"https:\/\/news.save.ch\/immer-mehr-gestresste-und-erschoepfte-mitarbeitende\/#breadcrumb"},"inLanguage":"it-IT","potentialAction":[{"@type":"ReadAction","target":["https:\/\/news.save.ch\/immer-mehr-gestresste-und-erschoepfte-mitarbeitende\/"]}]},{"@type":"ImageObject","inLanguage":"it-IT","@id":"https:\/\/news.save.ch\/immer-mehr-gestresste-und-erschoepfte-mitarbeitende\/#primaryimage","url":"https:\/\/news.save.ch\/wp-content\/uploads\/2023\/05\/Depositphotos_182637912_L-scaled.jpg","contentUrl":"https:\/\/news.save.ch\/wp-content\/uploads\/2023\/05\/Depositphotos_182637912_L-scaled.jpg","width":1200,"height":801,"caption":"Depositphotos, IgorVetushko"},{"@type":"BreadcrumbList","@id":"https:\/\/news.save.ch\/immer-mehr-gestresste-und-erschoepfte-mitarbeitende\/#breadcrumb","itemListElement":[{"@type":"ListItem","position":1,"name":"Home","item":"https:\/\/news.save.ch\/de\/"},{"@type":"ListItem","position":2,"name":"Gestresste und ersch\u00f6pfte Mitarbeitende"}]},{"@type":"WebSite","@id":"https:\/\/news.save.ch\/de\/#website","url":"https:\/\/news.save.ch\/de\/","name":"Risparmiare","description":"Rivista svizzera specializzata in sicurezza","publisher":{"@id":"https:\/\/news.save.ch\/de\/#organization"},"potentialAction":[{"@type":"SearchAction","target":{"@type":"EntryPoint","urlTemplate":"https:\/\/news.save.ch\/de\/?s={search_term_string}"},"query-input":{"@type":"PropertyValueSpecification","valueRequired":true,"valueName":"search_term_string"}}],"inLanguage":"it-IT"},{"@type":"Organization","@id":"https:\/\/news.save.ch\/de\/#organization","name":"Forum sulla sicurezza","url":"https:\/\/news.save.ch\/de\/","logo":{"@type":"ImageObject","inLanguage":"it-IT","@id":"https:\/\/news.save.ch\/de\/#\/schema\/logo\/image\/","url":"https:\/\/news.save.ch\/wp-content\/uploads\/2022\/06\/Logo_SF_2012.png","contentUrl":"https:\/\/news.save.ch\/wp-content\/uploads\/2022\/06\/Logo_SF_2012.png","width":1100,"height":91,"caption":"Sicherheitsforum"},"image":{"@id":"https:\/\/news.save.ch\/de\/#\/schema\/logo\/image\/"}},{"@type":"Person","@id":"https:\/\/news.save.ch\/de\/#\/schema\/person\/d5022db048e0e2b9785c50e5b24da5aa","name":"Roger Str\u00e4ssle","image":{"@type":"ImageObject","inLanguage":"it-IT","@id":"https:\/\/secure.gravatar.com\/avatar\/862a5569d087de48e5856e32f45d719a03804c891d6deb8d4f71a660e79e4a47?s=96&d=mm&r=g","url":"https:\/\/secure.gravatar.com\/avatar\/862a5569d087de48e5856e32f45d719a03804c891d6deb8d4f71a660e79e4a47?s=96&d=mm&r=g","contentUrl":"https:\/\/secure.gravatar.com\/avatar\/862a5569d087de48e5856e32f45d719a03804c891d6deb8d4f71a660e79e4a47?s=96&d=mm&r=g","caption":"Roger Str\u00e4ssle"},"url":"https:\/\/news.save.ch\/it\/author\/roger-straessle\/"}]}},"_links":{"self":[{"href":"https:\/\/news.save.ch\/it\/wp-json\/wp\/v2\/posts\/19397","targetHints":{"allow":["GET"]}}],"collection":[{"href":"https:\/\/news.save.ch\/it\/wp-json\/wp\/v2\/posts"}],"about":[{"href":"https:\/\/news.save.ch\/it\/wp-json\/wp\/v2\/types\/post"}],"author":[{"embeddable":true,"href":"https:\/\/news.save.ch\/it\/wp-json\/wp\/v2\/users\/8"}],"replies":[{"embeddable":true,"href":"https:\/\/news.save.ch\/it\/wp-json\/wp\/v2\/comments?post=19397"}],"version-history":[{"count":7,"href":"https:\/\/news.save.ch\/it\/wp-json\/wp\/v2\/posts\/19397\/revisions"}],"predecessor-version":[{"id":19405,"href":"https:\/\/news.save.ch\/it\/wp-json\/wp\/v2\/posts\/19397\/revisions\/19405"}],"wp:featuredmedia":[{"embeddable":true,"href":"https:\/\/news.save.ch\/it\/wp-json\/wp\/v2\/media\/19398"}],"wp:attachment":[{"href":"https:\/\/news.save.ch\/it\/wp-json\/wp\/v2\/media?parent=19397"}],"wp:term":[{"taxonomy":"category","embeddable":true,"href":"https:\/\/news.save.ch\/it\/wp-json\/wp\/v2\/categories?post=19397"},{"taxonomy":"post_tag","embeddable":true,"href":"https:\/\/news.save.ch\/it\/wp-json\/wp\/v2\/tags?post=19397"}],"curies":[{"name":"wp","href":"https:\/\/api.w.org\/{rel}","templated":true}]}}