{"id":19427,"date":"2023-05-17T11:19:42","date_gmt":"2023-05-17T09:19:42","guid":{"rendered":"https:\/\/news.save.ch\/?p=19427"},"modified":"2023-05-17T11:24:09","modified_gmt":"2023-05-17T09:24:09","slug":"siemens-steigert-umsatz-in-der-schweiz-deutlich","status":null,"type":"post","link":"https:\/\/news.save.ch\/it\/siemens-steigert-umsatz-in-der-schweiz-deutlich\/","title":{"rendered":"Siemens aumenta significativamente le vendite in Svizzera"},"content":{"rendered":"<p>Secondo l'azienda, la grande crescita \u00e8 dovuta principalmente alla fusione dell'azienda di tecnologia medica Varian con Siemens Healthineers. Su base comparabile, le vendite sono aumentate del 2,1 %. Siemens \u00e8 uno dei maggiori datori di lavoro nel settore tecnologico del Paese, con circa 5900 dipendenti in Svizzera alla fine di marzo 2023.<\/p>\n<h3>Il driver principale \u00e8 il digitale<\/h3>\n<p>Il portafoglio completo di prodotti e soluzioni digitali \u00e8 il principale motore dello sviluppo positivo del business di Siemens in Svizzera. \"Con la nostra tecnologia, colleghiamo il mondo digitale con il mondo reale\", ha dichiarato Matthias Rebellius, responsabile per la Svizzera nel consiglio di amministrazione globale di Siemens. \"La nuova piattaforma aziendale digitale Xcelerator consente ai nostri clienti di accelerare in modo massiccio la loro trasformazione digitale. Le soluzioni digitali sono anche la chiave per un approvvigionamento energetico efficiente o per rendere pi\u00f9 sostenibili le infrastrutture edilizie e industriali\", spiega Rebellius.<\/p>\n<p>Gerd Scheller, Country CEO di <a href=\"https:\/\/www.siemens.com\/ch\/de.html\">Siemens Svizzera<\/a>\u00e8 soddisfatto dell'andamento degli affari e guarda al futuro: \"Con lo sviluppo di moderne soluzioni digitali, molti profili professionali stanno cambiando. Ci concentriamo sulla formazione e sull'aggiornamento dei nostri dipendenti e investiamo anche nella prossima generazione. Nell'esercizio in corso, i cosiddetti \"Kids Coding Days\" sono stati notevolmente ampliati. Entro la fine dell'anno, circa 400 bambini in Svizzera avranno completato questa introduzione al mondo della programmazione. \"Il feedback di alunni e genitori sugli eventi gi\u00e0 organizzati \u00e8 molto positivo\", afferma Gerd Scheller.<\/p>\n<p>Un altro esempio \u00e8 il premio di eccellenza Siemens (<a href=\"https:\/\/news.save.ch\/it\/fruehdiagnose-hornhauterkrankung-gewinnt\/\">cfr. anche qui<\/a>), in cui le migliori tesi di laurea delle universit\u00e0 svizzere di scienze applicate ricevono un premio interessante\". Secondo l'azienda, pi\u00f9 di 3.500 persone hanno partecipato alla prima votazione pubblica. Nell'ambito del programma di formazione Generation21, Siemens \u00e8 coinvolta anche in numerosi altri progetti di sostegno in Svizzera, in particolare per promuovere le donne nelle professioni tecniche, sottolinea l'azienda.<\/p>\n<h3>In oltre 20 sedi<\/h3>\n<p>Siemens \u00e8 presente in tutto il Paese e in oltre 20 sedi e vanta una forte posizione di mercato nella tecnologia degli edifici e nella distribuzione dell'energia (Smart Infrastructure), nell'industria (Digital Industries) e nel settore del software per i clienti industriali (Siemens Digital Industries Software). In Svizzera detiene inoltre una posizione di mercato leader nella tecnologia ferroviaria (Siemens Mobility). Le societ\u00e0 indipendenti Siemens Energy e Siemens Healthineers sono presenti in Svizzera come fornitori leader rispettivamente nella generazione di energia e nella tecnologia medica.<\/p>\n<p>Siemens Smart Infrastructure (SI) gestisce le sue attivit\u00e0 a livello mondiale dalla sede centrale di Zug. Matthias Rebellius \u00e8 il CEO di questa azienda globale con oltre 72.000 dipendenti. La sede centrale di SI, con i suoi circa 1700 dipendenti, sar\u00e0 completata il prossimo autunno. Negli ultimi anni, l'azienda ha investito un totale di 250 milioni di franchi svizzeri nel nuovo campus Siemens, che sar\u00e0 gestito in modo neutrale dal punto di vista climatico.<\/p>\n<p><em>Comunicato stampa Siemens<\/em><\/p>","protected":false},"excerpt":{"rendered":"<p>Das grosse Wachstum ist laut Unternehmen in erster Linie auf den Zusammenschluss des Medizintechnikunternehmens Varian mit Siemens Healthineers zur\u00fcckzuf\u00fchren. Auf vergleichbarer Basis gerechnet sei der Umsatz um 2,1 % gestiegen. Als einer der gr\u00f6ssten Technologiearbeitgeber im Land besch\u00e4ftige das Unternehmen per Ende M\u00e4rz 2023 rund 5900 Mitarbeitende in der Schweiz, so Siemens. Haupttreiber ist digital [&hellip;]<\/p>\n","protected":false},"author":8,"featured_media":19428,"comment_status":"closed","ping_status":"closed","sticky":false,"template":"","format":"standard","meta":{"_acf_changed":false,"pgc_sgb_lightbox_settings":"","footnotes":""},"categories":[1],"tags":[3368,963],"class_list":["post-19427","post","type-post","status-publish","format-standard","has-post-thumbnail","hentry","category-allgemein","tag-siemens-schweiz","tag-umsatz"],"acf":[],"hkrextid":null,"publication":null,"issue":null,"workflow":null,"startPage":null,"spitzmarke":null,"_posts_by_tag_page_fields":null,"_at_widget":null,"_yoast_wpseo_primary_category":"1","_yoast_wpseo_focuskw_text_input":null,"_yoast_wpseo_opengraph-image":null,"_yoast_wpseo_opengraph-description":null,"_yoast_wpseo_opengraph-title":null,"enclosure":null,"_yoast_wpseo_twitter-title":null,"_yoast_wpseo_twitter-description":null,"_yoast_wpseo_twitter-image":null,"_wp_old_slug":null,"_yoast_wpseo_title":null,"_yoast_wpseo_canonical":null,"yoast_head":"<!-- This site is optimized with the Yoast SEO plugin v27.5 - https:\/\/yoast.com\/product\/yoast-seo-wordpress\/ -->\n<title>Siemens steigert Umsatz in der Schweiz deutlich - Save<\/title>\n<meta name=\"description\" content=\"Siemens kann in der Schweiz im ersten Halbjahr des Gesch\u00e4ftsjahres 2023 ein sehr gutes Ergebnis vorweisen.\" \/>\n<meta name=\"robots\" content=\"index, follow, max-snippet:-1, max-image-preview:large, max-video-preview:-1\" \/>\n<link rel=\"canonical\" href=\"https:\/\/news.save.ch\/it\/siemens-steigert-umsatz-in-der-schweiz-deutlich\/\" \/>\n<meta property=\"og:locale\" content=\"it_IT\" \/>\n<meta property=\"og:type\" content=\"article\" \/>\n<meta property=\"og:title\" content=\"Siemens steigert Umsatz in der Schweiz deutlich - Save\" \/>\n<meta property=\"og:description\" content=\"Siemens kann in der Schweiz im ersten Halbjahr des Gesch\u00e4ftsjahres 2023 ein sehr gutes Ergebnis vorweisen.\" \/>\n<meta property=\"og:url\" content=\"https:\/\/news.save.ch\/it\/siemens-steigert-umsatz-in-der-schweiz-deutlich\/\" \/>\n<meta property=\"og:site_name\" content=\"Save\" \/>\n<meta property=\"article:published_time\" content=\"2023-05-17T09:19:42+00:00\" \/>\n<meta property=\"article:modified_time\" content=\"2023-05-17T09:24:09+00:00\" \/>\n<meta property=\"og:image\" content=\"https:\/\/news.save.ch\/wp-content\/uploads\/2023\/05\/Matthias-Rebellius-scaled.jpeg\" \/>\n\t<meta property=\"og:image:width\" content=\"1200\" \/>\n\t<meta property=\"og:image:height\" content=\"800\" \/>\n\t<meta property=\"og:image:type\" content=\"image\/jpeg\" \/>\n<meta name=\"author\" content=\"Roger Str\u00e4ssle\" \/>\n<meta name=\"twitter:card\" content=\"summary_large_image\" \/>\n<meta name=\"twitter:label1\" content=\"Scritto da\" \/>\n\t<meta name=\"twitter:data1\" content=\"Roger Str\u00e4ssle\" \/>\n\t<meta name=\"twitter:label2\" content=\"Tempo di lettura stimato\" \/>\n\t<meta name=\"twitter:data2\" content=\"3 minuti\" \/>\n<script type=\"application\/ld+json\" class=\"yoast-schema-graph\">{\"@context\":\"https:\\\/\\\/schema.org\",\"@graph\":[{\"@type\":\"Article\",\"@id\":\"https:\\\/\\\/news.save.ch\\\/siemens-steigert-umsatz-in-der-schweiz-deutlich\\\/#article\",\"isPartOf\":{\"@id\":\"https:\\\/\\\/news.save.ch\\\/siemens-steigert-umsatz-in-der-schweiz-deutlich\\\/\"},\"author\":{\"name\":\"Roger Str\u00e4ssle\",\"@id\":\"https:\\\/\\\/news.save.ch\\\/de\\\/#\\\/schema\\\/person\\\/d5022db048e0e2b9785c50e5b24da5aa\"},\"headline\":\"Siemens steigert Umsatz in der Schweiz deutlich\",\"datePublished\":\"2023-05-17T09:19:42+00:00\",\"dateModified\":\"2023-05-17T09:24:09+00:00\",\"mainEntityOfPage\":{\"@id\":\"https:\\\/\\\/news.save.ch\\\/siemens-steigert-umsatz-in-der-schweiz-deutlich\\\/\"},\"wordCount\":467,\"publisher\":{\"@id\":\"https:\\\/\\\/news.save.ch\\\/de\\\/#organization\"},\"image\":{\"@id\":\"https:\\\/\\\/news.save.ch\\\/siemens-steigert-umsatz-in-der-schweiz-deutlich\\\/#primaryimage\"},\"thumbnailUrl\":\"https:\\\/\\\/news.save.ch\\\/wp-content\\\/uploads\\\/2023\\\/05\\\/Matthias-Rebellius-scaled.jpeg\",\"keywords\":[\"Siemens Schweiz\",\"Umsatz\"],\"articleSection\":[\"ALLGEMEIN\"],\"inLanguage\":\"it-IT\"},{\"@type\":\"WebPage\",\"@id\":\"https:\\\/\\\/news.save.ch\\\/siemens-steigert-umsatz-in-der-schweiz-deutlich\\\/\",\"url\":\"https:\\\/\\\/news.save.ch\\\/siemens-steigert-umsatz-in-der-schweiz-deutlich\\\/\",\"name\":\"Siemens steigert Umsatz in der Schweiz deutlich - Save\",\"isPartOf\":{\"@id\":\"https:\\\/\\\/news.save.ch\\\/de\\\/#website\"},\"primaryImageOfPage\":{\"@id\":\"https:\\\/\\\/news.save.ch\\\/siemens-steigert-umsatz-in-der-schweiz-deutlich\\\/#primaryimage\"},\"image\":{\"@id\":\"https:\\\/\\\/news.save.ch\\\/siemens-steigert-umsatz-in-der-schweiz-deutlich\\\/#primaryimage\"},\"thumbnailUrl\":\"https:\\\/\\\/news.save.ch\\\/wp-content\\\/uploads\\\/2023\\\/05\\\/Matthias-Rebellius-scaled.jpeg\",\"datePublished\":\"2023-05-17T09:19:42+00:00\",\"dateModified\":\"2023-05-17T09:24:09+00:00\",\"description\":\"Siemens kann in der Schweiz im ersten Halbjahr des Gesch\u00e4ftsjahres 2023 ein sehr gutes Ergebnis vorweisen.\",\"breadcrumb\":{\"@id\":\"https:\\\/\\\/news.save.ch\\\/siemens-steigert-umsatz-in-der-schweiz-deutlich\\\/#breadcrumb\"},\"inLanguage\":\"it-IT\",\"potentialAction\":[{\"@type\":\"ReadAction\",\"target\":[\"https:\\\/\\\/news.save.ch\\\/siemens-steigert-umsatz-in-der-schweiz-deutlich\\\/\"]}]},{\"@type\":\"ImageObject\",\"inLanguage\":\"it-IT\",\"@id\":\"https:\\\/\\\/news.save.ch\\\/siemens-steigert-umsatz-in-der-schweiz-deutlich\\\/#primaryimage\",\"url\":\"https:\\\/\\\/news.save.ch\\\/wp-content\\\/uploads\\\/2023\\\/05\\\/Matthias-Rebellius-scaled.jpeg\",\"contentUrl\":\"https:\\\/\\\/news.save.ch\\\/wp-content\\\/uploads\\\/2023\\\/05\\\/Matthias-Rebellius-scaled.jpeg\",\"width\":1200,\"height\":800},{\"@type\":\"BreadcrumbList\",\"@id\":\"https:\\\/\\\/news.save.ch\\\/siemens-steigert-umsatz-in-der-schweiz-deutlich\\\/#breadcrumb\",\"itemListElement\":[{\"@type\":\"ListItem\",\"position\":1,\"name\":\"Home\",\"item\":\"https:\\\/\\\/news.save.ch\\\/de\\\/\"},{\"@type\":\"ListItem\",\"position\":2,\"name\":\"Siemens steigert Umsatz in der Schweiz deutlich\"}]},{\"@type\":\"WebSite\",\"@id\":\"https:\\\/\\\/news.save.ch\\\/de\\\/#website\",\"url\":\"https:\\\/\\\/news.save.ch\\\/de\\\/\",\"name\":\"Save\",\"description\":\"Schweizer Fachzeitschrift f\u00fcr Sicherheit\",\"publisher\":{\"@id\":\"https:\\\/\\\/news.save.ch\\\/de\\\/#organization\"},\"potentialAction\":[{\"@type\":\"SearchAction\",\"target\":{\"@type\":\"EntryPoint\",\"urlTemplate\":\"https:\\\/\\\/news.save.ch\\\/de\\\/?s={search_term_string}\"},\"query-input\":{\"@type\":\"PropertyValueSpecification\",\"valueRequired\":true,\"valueName\":\"search_term_string\"}}],\"inLanguage\":\"it-IT\"},{\"@type\":\"Organization\",\"@id\":\"https:\\\/\\\/news.save.ch\\\/de\\\/#organization\",\"name\":\"Sicherheitsforum\",\"url\":\"https:\\\/\\\/news.save.ch\\\/de\\\/\",\"logo\":{\"@type\":\"ImageObject\",\"inLanguage\":\"it-IT\",\"@id\":\"https:\\\/\\\/news.save.ch\\\/de\\\/#\\\/schema\\\/logo\\\/image\\\/\",\"url\":\"https:\\\/\\\/news.save.ch\\\/wp-content\\\/uploads\\\/2022\\\/06\\\/Logo_SF_2012.png\",\"contentUrl\":\"https:\\\/\\\/news.save.ch\\\/wp-content\\\/uploads\\\/2022\\\/06\\\/Logo_SF_2012.png\",\"width\":1100,\"height\":91,\"caption\":\"Sicherheitsforum\"},\"image\":{\"@id\":\"https:\\\/\\\/news.save.ch\\\/de\\\/#\\\/schema\\\/logo\\\/image\\\/\"}},{\"@type\":\"Person\",\"@id\":\"https:\\\/\\\/news.save.ch\\\/de\\\/#\\\/schema\\\/person\\\/d5022db048e0e2b9785c50e5b24da5aa\",\"name\":\"Roger Str\u00e4ssle\",\"image\":{\"@type\":\"ImageObject\",\"inLanguage\":\"it-IT\",\"@id\":\"https:\\\/\\\/secure.gravatar.com\\\/avatar\\\/862a5569d087de48e5856e32f45d719a03804c891d6deb8d4f71a660e79e4a47?s=96&d=mm&r=g\",\"url\":\"https:\\\/\\\/secure.gravatar.com\\\/avatar\\\/862a5569d087de48e5856e32f45d719a03804c891d6deb8d4f71a660e79e4a47?s=96&d=mm&r=g\",\"contentUrl\":\"https:\\\/\\\/secure.gravatar.com\\\/avatar\\\/862a5569d087de48e5856e32f45d719a03804c891d6deb8d4f71a660e79e4a47?s=96&d=mm&r=g\",\"caption\":\"Roger Str\u00e4ssle\"},\"url\":\"https:\\\/\\\/news.save.ch\\\/it\\\/author\\\/roger-straessle\\\/\"}]}<\/script>\n<!-- \/ Yoast SEO plugin. -->","yoast_head_json":{"title":"Siemens aumenta significativamente le vendite in Svizzera - Save","description":"Siemens pu\u00f2 registrare un ottimo risultato in Svizzera nella prima met\u00e0 dell'anno fiscale 2023.","robots":{"index":"index","follow":"follow","max-snippet":"max-snippet:-1","max-image-preview":"max-image-preview:large","max-video-preview":"max-video-preview:-1"},"canonical":"https:\/\/news.save.ch\/it\/siemens-steigert-umsatz-in-der-schweiz-deutlich\/","og_locale":"it_IT","og_type":"article","og_title":"Siemens steigert Umsatz in der Schweiz deutlich - Save","og_description":"Siemens kann in der Schweiz im ersten Halbjahr des Gesch\u00e4ftsjahres 2023 ein sehr gutes Ergebnis vorweisen.","og_url":"https:\/\/news.save.ch\/it\/siemens-steigert-umsatz-in-der-schweiz-deutlich\/","og_site_name":"Save","article_published_time":"2023-05-17T09:19:42+00:00","article_modified_time":"2023-05-17T09:24:09+00:00","og_image":[{"width":1200,"height":800,"url":"https:\/\/news.save.ch\/wp-content\/uploads\/2023\/05\/Matthias-Rebellius-scaled.jpeg","type":"image\/jpeg"}],"author":"Roger Str\u00e4ssle","twitter_card":"summary_large_image","twitter_misc":{"Scritto da":"Roger Str\u00e4ssle","Tempo di lettura stimato":"3 minuti"},"schema":{"@context":"https:\/\/schema.org","@graph":[{"@type":"Article","@id":"https:\/\/news.save.ch\/siemens-steigert-umsatz-in-der-schweiz-deutlich\/#article","isPartOf":{"@id":"https:\/\/news.save.ch\/siemens-steigert-umsatz-in-der-schweiz-deutlich\/"},"author":{"name":"Roger Str\u00e4ssle","@id":"https:\/\/news.save.ch\/de\/#\/schema\/person\/d5022db048e0e2b9785c50e5b24da5aa"},"headline":"Siemens steigert Umsatz in der Schweiz deutlich","datePublished":"2023-05-17T09:19:42+00:00","dateModified":"2023-05-17T09:24:09+00:00","mainEntityOfPage":{"@id":"https:\/\/news.save.ch\/siemens-steigert-umsatz-in-der-schweiz-deutlich\/"},"wordCount":467,"publisher":{"@id":"https:\/\/news.save.ch\/de\/#organization"},"image":{"@id":"https:\/\/news.save.ch\/siemens-steigert-umsatz-in-der-schweiz-deutlich\/#primaryimage"},"thumbnailUrl":"https:\/\/news.save.ch\/wp-content\/uploads\/2023\/05\/Matthias-Rebellius-scaled.jpeg","keywords":["Siemens Schweiz","Umsatz"],"articleSection":["ALLGEMEIN"],"inLanguage":"it-IT"},{"@type":"WebPage","@id":"https:\/\/news.save.ch\/siemens-steigert-umsatz-in-der-schweiz-deutlich\/","url":"https:\/\/news.save.ch\/siemens-steigert-umsatz-in-der-schweiz-deutlich\/","name":"Siemens aumenta significativamente le vendite in Svizzera - Save","isPartOf":{"@id":"https:\/\/news.save.ch\/de\/#website"},"primaryImageOfPage":{"@id":"https:\/\/news.save.ch\/siemens-steigert-umsatz-in-der-schweiz-deutlich\/#primaryimage"},"image":{"@id":"https:\/\/news.save.ch\/siemens-steigert-umsatz-in-der-schweiz-deutlich\/#primaryimage"},"thumbnailUrl":"https:\/\/news.save.ch\/wp-content\/uploads\/2023\/05\/Matthias-Rebellius-scaled.jpeg","datePublished":"2023-05-17T09:19:42+00:00","dateModified":"2023-05-17T09:24:09+00:00","description":"Siemens pu\u00f2 registrare un ottimo risultato in Svizzera nella prima met\u00e0 dell'anno fiscale 2023.","breadcrumb":{"@id":"https:\/\/news.save.ch\/siemens-steigert-umsatz-in-der-schweiz-deutlich\/#breadcrumb"},"inLanguage":"it-IT","potentialAction":[{"@type":"ReadAction","target":["https:\/\/news.save.ch\/siemens-steigert-umsatz-in-der-schweiz-deutlich\/"]}]},{"@type":"ImageObject","inLanguage":"it-IT","@id":"https:\/\/news.save.ch\/siemens-steigert-umsatz-in-der-schweiz-deutlich\/#primaryimage","url":"https:\/\/news.save.ch\/wp-content\/uploads\/2023\/05\/Matthias-Rebellius-scaled.jpeg","contentUrl":"https:\/\/news.save.ch\/wp-content\/uploads\/2023\/05\/Matthias-Rebellius-scaled.jpeg","width":1200,"height":800},{"@type":"BreadcrumbList","@id":"https:\/\/news.save.ch\/siemens-steigert-umsatz-in-der-schweiz-deutlich\/#breadcrumb","itemListElement":[{"@type":"ListItem","position":1,"name":"Home","item":"https:\/\/news.save.ch\/de\/"},{"@type":"ListItem","position":2,"name":"Siemens steigert Umsatz in der Schweiz deutlich"}]},{"@type":"WebSite","@id":"https:\/\/news.save.ch\/de\/#website","url":"https:\/\/news.save.ch\/de\/","name":"Risparmiare","description":"Rivista svizzera specializzata in sicurezza","publisher":{"@id":"https:\/\/news.save.ch\/de\/#organization"},"potentialAction":[{"@type":"SearchAction","target":{"@type":"EntryPoint","urlTemplate":"https:\/\/news.save.ch\/de\/?s={search_term_string}"},"query-input":{"@type":"PropertyValueSpecification","valueRequired":true,"valueName":"search_term_string"}}],"inLanguage":"it-IT"},{"@type":"Organization","@id":"https:\/\/news.save.ch\/de\/#organization","name":"Forum sulla sicurezza","url":"https:\/\/news.save.ch\/de\/","logo":{"@type":"ImageObject","inLanguage":"it-IT","@id":"https:\/\/news.save.ch\/de\/#\/schema\/logo\/image\/","url":"https:\/\/news.save.ch\/wp-content\/uploads\/2022\/06\/Logo_SF_2012.png","contentUrl":"https:\/\/news.save.ch\/wp-content\/uploads\/2022\/06\/Logo_SF_2012.png","width":1100,"height":91,"caption":"Sicherheitsforum"},"image":{"@id":"https:\/\/news.save.ch\/de\/#\/schema\/logo\/image\/"}},{"@type":"Person","@id":"https:\/\/news.save.ch\/de\/#\/schema\/person\/d5022db048e0e2b9785c50e5b24da5aa","name":"Roger Str\u00e4ssle","image":{"@type":"ImageObject","inLanguage":"it-IT","@id":"https:\/\/secure.gravatar.com\/avatar\/862a5569d087de48e5856e32f45d719a03804c891d6deb8d4f71a660e79e4a47?s=96&d=mm&r=g","url":"https:\/\/secure.gravatar.com\/avatar\/862a5569d087de48e5856e32f45d719a03804c891d6deb8d4f71a660e79e4a47?s=96&d=mm&r=g","contentUrl":"https:\/\/secure.gravatar.com\/avatar\/862a5569d087de48e5856e32f45d719a03804c891d6deb8d4f71a660e79e4a47?s=96&d=mm&r=g","caption":"Roger Str\u00e4ssle"},"url":"https:\/\/news.save.ch\/it\/author\/roger-straessle\/"}]}},"_links":{"self":[{"href":"https:\/\/news.save.ch\/it\/wp-json\/wp\/v2\/posts\/19427","targetHints":{"allow":["GET"]}}],"collection":[{"href":"https:\/\/news.save.ch\/it\/wp-json\/wp\/v2\/posts"}],"about":[{"href":"https:\/\/news.save.ch\/it\/wp-json\/wp\/v2\/types\/post"}],"author":[{"embeddable":true,"href":"https:\/\/news.save.ch\/it\/wp-json\/wp\/v2\/users\/8"}],"replies":[{"embeddable":true,"href":"https:\/\/news.save.ch\/it\/wp-json\/wp\/v2\/comments?post=19427"}],"version-history":[{"count":3,"href":"https:\/\/news.save.ch\/it\/wp-json\/wp\/v2\/posts\/19427\/revisions"}],"predecessor-version":[{"id":19431,"href":"https:\/\/news.save.ch\/it\/wp-json\/wp\/v2\/posts\/19427\/revisions\/19431"}],"wp:featuredmedia":[{"embeddable":true,"href":"https:\/\/news.save.ch\/it\/wp-json\/wp\/v2\/media\/19428"}],"wp:attachment":[{"href":"https:\/\/news.save.ch\/it\/wp-json\/wp\/v2\/media?parent=19427"}],"wp:term":[{"taxonomy":"category","embeddable":true,"href":"https:\/\/news.save.ch\/it\/wp-json\/wp\/v2\/categories?post=19427"},{"taxonomy":"post_tag","embeddable":true,"href":"https:\/\/news.save.ch\/it\/wp-json\/wp\/v2\/tags?post=19427"}],"curies":[{"name":"wp","href":"https:\/\/api.w.org\/{rel}","templated":true}]}}