{"id":19437,"date":"2023-05-19T10:20:45","date_gmt":"2023-05-19T08:20:45","guid":{"rendered":"https:\/\/news.save.ch\/?p=19437"},"modified":"2023-05-30T15:14:29","modified_gmt":"2023-05-30T13:14:29","slug":"e-impfdaten-sichere-plattform-bis-im-herbst","status":null,"type":"post","link":"https:\/\/news.save.ch\/it\/e-impfdaten-sichere-plattform-bis-im-herbst\/","title":{"rendered":"Dati di vaccinazione elettronici: A partire dall'autunno, i cittadini potranno eliminare i propri dati"},"content":{"rendered":"<p>La piattaforma <a href=\"http:\/\/www.meineimpfungen.ch\">myvaccinations.ch<\/a> \u00e8 stato messo offline nella primavera del 2021 a causa di gravi carenze di sicurezza; la fondazione che ne era alla base \u00e8 fallita. L'organizzazione madre eHealth Aargau (<a href=\"http:\/\/ehealth-aargau.ch\">SteHAG<\/a>) e il Dipartimento della Sanit\u00e0 e degli Affari Sociali del Cantone di Argovia hanno tentato l'anno scorso di salvare i dati di vaccinazione dei circa 300.000 residenti colpiti con un nuovo progetto.<\/p>\n<h3>Cancellare i dati di vaccinazione in modo indipendente<\/h3>\n<p>La SteHAG ha completato con successo il progetto preliminare per il recupero dei dati della fondazione meineimpfungen.ch, come scrive E-Health Suisse, l'agenzia di competenza e coordinamento della Confederazione e dei Cantoni. L'esame del progetto preliminare ha dimostrato che i dati possono essere messi a disposizione degli utenti con uno sforzo ragionevole, come ha scritto il Cantone di Argovia in un comunicato stampa di qualche giorno fa.<br \/>\nIl comitato del progetto, composto dall'Ufficio federale della sanit\u00e0 pubblica (UFSP), dalla Conferenza dei ministri della sanit\u00e0 pubblica (GDK) e dalla Conferenza delle comunit\u00e0 Stem (KSG), ha dato il via libera al progetto principale dopo il completamento del progetto preliminare. L'obiettivo \u00e8 rendere disponibili i dati attraverso una piattaforma sicura entro l'autunno del 2023. Il Cantone di Argovia riferisce che gli interessati avranno probabilmente tre mesi di tempo per cancellare i propri dati di vaccinazione da soli o per ottenerli.<\/p>\n<h3>Trasferimento dei dati a un EPD<\/h3>\n<p>Perch\u00e9 non integrare i dati sulle vaccinazioni in una cartella clinica elettronica (EPD)? Il Cantone di Argovia \u00e8 uno dei pi\u00f9 promettenti per quanto riguarda l'EPD. \u00c8 stato il primo cantone a introdurla due anni fa. I dati relativi alle vaccinazioni possono essere archiviati nell'EPD, proprio come le prescrizioni di occhiali e altri dati sanitari. Con l'EPD, gli operatori sanitari e i pazienti hanno accesso ai dati sanitari da ogni luogo. Tuttavia, chi pu\u00f2 accedere ai dati dipende esclusivamente dal proprietario dei dati, ovvero il paziente.<\/p>\n<p>I dati del progetto fallito meineimpfungen.ch possono essere trasferiti facoltativamente a un dossier elettronico del paziente gi\u00e0 esistente. L'EPD, come piattaforma nazionale e sicura per le informazioni sulla salute, sostituisce la tessera di vaccinazione elettronica, sottolinea E-Health Suisse. Il centro di competenza raccomanda quindi alle persone che vogliono usufruire del trasferimento dei dati di aprire una EPD. Gli interessati possono informarsi in quale regione \u00e8 possibile farlo all'indirizzo <a href=\"http:\/\/www.patientendossier.ch\/epd-anbieter\">patientdossier.ch\/epd-providers<\/a>.<\/p>\n<p><em>Ulteriori informazioni sul recupero dei dati sono disponibili anche su <a href=\"http:\/\/meineimpfungen.ch\">myvaccinations.ch<\/a> pubblicato.<\/em><\/p>\n<p>&nbsp;<\/p>","protected":false},"excerpt":{"rendered":"<p>Die Plattform meineimpfungen.ch wurde im Fr\u00fchjahr 2021 wegen schwerwiegenden Sicherheitsm\u00e4ngeln vom Netz genommen; die Stiftung dahinter ist pleite. Darauf haben die Stammgemeinschaft eHealth Aargau (SteHAG) und das Departement Gesundheit und Soziales des Kantons Aargau im letzten Jahr einen Versuch unternommen, um die Impfdaten der rund 300&#8217;000 betroffenen Einwohner mit einem neuen Projekt zu retten. Impfdaten [&hellip;]<\/p>\n","protected":false},"author":8,"featured_media":19438,"comment_status":"closed","ping_status":"closed","sticky":false,"template":"","format":"standard","meta":{"_acf_changed":false,"pgc_sgb_lightbox_settings":"","footnotes":""},"categories":[3314],"tags":[3369,1964,1982,3370],"class_list":["post-19437","post","type-post","status-publish","format-standard","has-post-thumbnail","hentry","category-health-safety","tag-elektronischer-impfausweis","tag-elektronisches-patientendossier","tag-epd","tag-impfdaten"],"acf":[],"hkrextid":null,"publication":null,"issue":null,"workflow":null,"startPage":null,"spitzmarke":null,"_posts_by_tag_page_fields":null,"_at_widget":null,"_yoast_wpseo_primary_category":"3314","_yoast_wpseo_focuskw_text_input":null,"_yoast_wpseo_opengraph-image":null,"_yoast_wpseo_opengraph-description":null,"_yoast_wpseo_opengraph-title":null,"enclosure":null,"_yoast_wpseo_twitter-title":null,"_yoast_wpseo_twitter-description":null,"_yoast_wpseo_twitter-image":null,"_wp_old_slug":null,"_yoast_wpseo_title":null,"_yoast_wpseo_canonical":null,"yoast_head":"<!-- This site is optimized with the Yoast SEO plugin v27.4 - https:\/\/yoast.com\/product\/yoast-seo-wordpress\/ -->\n<title>E-Impfdaten: Ab Herbst soll man \u00fcber seine Daten verf\u00fcgen k\u00f6nnen - Save<\/title>\n<meta name=\"description\" content=\"Die Daten von meineimpfungen.ch, dem schweizerischen elektronischen Impfausweis, k\u00f6nnen gerettet werden.\" \/>\n<meta name=\"robots\" content=\"index, follow, max-snippet:-1, max-image-preview:large, max-video-preview:-1\" \/>\n<link rel=\"canonical\" href=\"https:\/\/news.save.ch\/it\/e-impfdaten-sichere-plattform-bis-im-herbst\/\" \/>\n<meta property=\"og:locale\" content=\"it_IT\" \/>\n<meta property=\"og:type\" content=\"article\" \/>\n<meta property=\"og:title\" content=\"E-Impfdaten: Ab Herbst soll man \u00fcber seine Daten verf\u00fcgen k\u00f6nnen - Save\" \/>\n<meta property=\"og:description\" content=\"Die Daten von meineimpfungen.ch, dem schweizerischen elektronischen Impfausweis, k\u00f6nnen gerettet werden.\" \/>\n<meta property=\"og:url\" content=\"https:\/\/news.save.ch\/it\/e-impfdaten-sichere-plattform-bis-im-herbst\/\" \/>\n<meta property=\"og:site_name\" content=\"Save\" \/>\n<meta property=\"article:published_time\" content=\"2023-05-19T08:20:45+00:00\" \/>\n<meta property=\"article:modified_time\" content=\"2023-05-30T13:14:29+00:00\" \/>\n<meta property=\"og:image\" content=\"https:\/\/news.save.ch\/wp-content\/uploads\/2023\/05\/DepositphotoHayDmitriy.jpg\" \/>\n\t<meta property=\"og:image:width\" content=\"999\" \/>\n\t<meta property=\"og:image:height\" content=\"667\" \/>\n\t<meta property=\"og:image:type\" content=\"image\/jpeg\" \/>\n<meta name=\"author\" content=\"Roger Str\u00e4ssle\" \/>\n<meta name=\"twitter:card\" content=\"summary_large_image\" \/>\n<meta name=\"twitter:label1\" content=\"Scritto da\" \/>\n\t<meta name=\"twitter:data1\" content=\"Roger Str\u00e4ssle\" \/>\n\t<meta name=\"twitter:label2\" content=\"Tempo di lettura stimato\" \/>\n\t<meta name=\"twitter:data2\" content=\"2 minuti\" \/>\n<script type=\"application\/ld+json\" class=\"yoast-schema-graph\">{\"@context\":\"https:\\\/\\\/schema.org\",\"@graph\":[{\"@type\":\"Article\",\"@id\":\"https:\\\/\\\/news.save.ch\\\/e-impfdaten-sichere-plattform-bis-im-herbst\\\/#article\",\"isPartOf\":{\"@id\":\"https:\\\/\\\/news.save.ch\\\/e-impfdaten-sichere-plattform-bis-im-herbst\\\/\"},\"author\":{\"name\":\"Roger Str\u00e4ssle\",\"@id\":\"https:\\\/\\\/news.save.ch\\\/de\\\/#\\\/schema\\\/person\\\/d5022db048e0e2b9785c50e5b24da5aa\"},\"headline\":\"E-Impfdaten: Ab Herbst soll man \u00fcber seine Daten verf\u00fcgen k\u00f6nnen\",\"datePublished\":\"2023-05-19T08:20:45+00:00\",\"dateModified\":\"2023-05-30T13:14:29+00:00\",\"mainEntityOfPage\":{\"@id\":\"https:\\\/\\\/news.save.ch\\\/e-impfdaten-sichere-plattform-bis-im-herbst\\\/\"},\"wordCount\":376,\"publisher\":{\"@id\":\"https:\\\/\\\/news.save.ch\\\/de\\\/#organization\"},\"image\":{\"@id\":\"https:\\\/\\\/news.save.ch\\\/e-impfdaten-sichere-plattform-bis-im-herbst\\\/#primaryimage\"},\"thumbnailUrl\":\"https:\\\/\\\/news.save.ch\\\/wp-content\\\/uploads\\\/2023\\\/05\\\/DepositphotoHayDmitriy.jpg\",\"keywords\":[\"elektronischer Impfausweis\",\"Elektronisches Patientendossier\",\"EPD\",\"Impfdaten\"],\"articleSection\":[\"HEALTH &amp; SAFETY\"],\"inLanguage\":\"it-IT\"},{\"@type\":\"WebPage\",\"@id\":\"https:\\\/\\\/news.save.ch\\\/e-impfdaten-sichere-plattform-bis-im-herbst\\\/\",\"url\":\"https:\\\/\\\/news.save.ch\\\/e-impfdaten-sichere-plattform-bis-im-herbst\\\/\",\"name\":\"E-Impfdaten: Ab Herbst soll man \u00fcber seine Daten verf\u00fcgen k\u00f6nnen - Save\",\"isPartOf\":{\"@id\":\"https:\\\/\\\/news.save.ch\\\/de\\\/#website\"},\"primaryImageOfPage\":{\"@id\":\"https:\\\/\\\/news.save.ch\\\/e-impfdaten-sichere-plattform-bis-im-herbst\\\/#primaryimage\"},\"image\":{\"@id\":\"https:\\\/\\\/news.save.ch\\\/e-impfdaten-sichere-plattform-bis-im-herbst\\\/#primaryimage\"},\"thumbnailUrl\":\"https:\\\/\\\/news.save.ch\\\/wp-content\\\/uploads\\\/2023\\\/05\\\/DepositphotoHayDmitriy.jpg\",\"datePublished\":\"2023-05-19T08:20:45+00:00\",\"dateModified\":\"2023-05-30T13:14:29+00:00\",\"description\":\"Die Daten von meineimpfungen.ch, dem schweizerischen elektronischen Impfausweis, k\u00f6nnen gerettet werden.\",\"breadcrumb\":{\"@id\":\"https:\\\/\\\/news.save.ch\\\/e-impfdaten-sichere-plattform-bis-im-herbst\\\/#breadcrumb\"},\"inLanguage\":\"it-IT\",\"potentialAction\":[{\"@type\":\"ReadAction\",\"target\":[\"https:\\\/\\\/news.save.ch\\\/e-impfdaten-sichere-plattform-bis-im-herbst\\\/\"]}]},{\"@type\":\"ImageObject\",\"inLanguage\":\"it-IT\",\"@id\":\"https:\\\/\\\/news.save.ch\\\/e-impfdaten-sichere-plattform-bis-im-herbst\\\/#primaryimage\",\"url\":\"https:\\\/\\\/news.save.ch\\\/wp-content\\\/uploads\\\/2023\\\/05\\\/DepositphotoHayDmitriy.jpg\",\"contentUrl\":\"https:\\\/\\\/news.save.ch\\\/wp-content\\\/uploads\\\/2023\\\/05\\\/DepositphotoHayDmitriy.jpg\",\"width\":999,\"height\":667,\"caption\":\"Depositphotos, Hay Dmitriy\"},{\"@type\":\"BreadcrumbList\",\"@id\":\"https:\\\/\\\/news.save.ch\\\/e-impfdaten-sichere-plattform-bis-im-herbst\\\/#breadcrumb\",\"itemListElement\":[{\"@type\":\"ListItem\",\"position\":1,\"name\":\"Home\",\"item\":\"https:\\\/\\\/news.save.ch\\\/de\\\/\"},{\"@type\":\"ListItem\",\"position\":2,\"name\":\"E-Impfdaten: Ab Herbst soll man \u00fcber seine Daten verf\u00fcgen k\u00f6nnen\"}]},{\"@type\":\"WebSite\",\"@id\":\"https:\\\/\\\/news.save.ch\\\/de\\\/#website\",\"url\":\"https:\\\/\\\/news.save.ch\\\/de\\\/\",\"name\":\"Save\",\"description\":\"Schweizer Fachzeitschrift f\u00fcr Sicherheit\",\"publisher\":{\"@id\":\"https:\\\/\\\/news.save.ch\\\/de\\\/#organization\"},\"potentialAction\":[{\"@type\":\"SearchAction\",\"target\":{\"@type\":\"EntryPoint\",\"urlTemplate\":\"https:\\\/\\\/news.save.ch\\\/de\\\/?s={search_term_string}\"},\"query-input\":{\"@type\":\"PropertyValueSpecification\",\"valueRequired\":true,\"valueName\":\"search_term_string\"}}],\"inLanguage\":\"it-IT\"},{\"@type\":\"Organization\",\"@id\":\"https:\\\/\\\/news.save.ch\\\/de\\\/#organization\",\"name\":\"Sicherheitsforum\",\"url\":\"https:\\\/\\\/news.save.ch\\\/de\\\/\",\"logo\":{\"@type\":\"ImageObject\",\"inLanguage\":\"it-IT\",\"@id\":\"https:\\\/\\\/news.save.ch\\\/de\\\/#\\\/schema\\\/logo\\\/image\\\/\",\"url\":\"https:\\\/\\\/news.save.ch\\\/wp-content\\\/uploads\\\/2022\\\/06\\\/Logo_SF_2012.png\",\"contentUrl\":\"https:\\\/\\\/news.save.ch\\\/wp-content\\\/uploads\\\/2022\\\/06\\\/Logo_SF_2012.png\",\"width\":1100,\"height\":91,\"caption\":\"Sicherheitsforum\"},\"image\":{\"@id\":\"https:\\\/\\\/news.save.ch\\\/de\\\/#\\\/schema\\\/logo\\\/image\\\/\"}},{\"@type\":\"Person\",\"@id\":\"https:\\\/\\\/news.save.ch\\\/de\\\/#\\\/schema\\\/person\\\/d5022db048e0e2b9785c50e5b24da5aa\",\"name\":\"Roger Str\u00e4ssle\",\"image\":{\"@type\":\"ImageObject\",\"inLanguage\":\"it-IT\",\"@id\":\"https:\\\/\\\/secure.gravatar.com\\\/avatar\\\/862a5569d087de48e5856e32f45d719a03804c891d6deb8d4f71a660e79e4a47?s=96&d=mm&r=g\",\"url\":\"https:\\\/\\\/secure.gravatar.com\\\/avatar\\\/862a5569d087de48e5856e32f45d719a03804c891d6deb8d4f71a660e79e4a47?s=96&d=mm&r=g\",\"contentUrl\":\"https:\\\/\\\/secure.gravatar.com\\\/avatar\\\/862a5569d087de48e5856e32f45d719a03804c891d6deb8d4f71a660e79e4a47?s=96&d=mm&r=g\",\"caption\":\"Roger Str\u00e4ssle\"},\"url\":\"https:\\\/\\\/news.save.ch\\\/it\\\/author\\\/roger-straessle\\\/\"}]}<\/script>\n<!-- \/ Yoast SEO plugin. -->","yoast_head_json":{"title":"Dati di vaccinazione elettronici: Dall'autunno i cittadini potranno disfarsi dei loro dati - Save","description":"\u00c8 possibile salvare i dati di meineimpfungen.ch, la tessera di vaccinazione elettronica svizzera.","robots":{"index":"index","follow":"follow","max-snippet":"max-snippet:-1","max-image-preview":"max-image-preview:large","max-video-preview":"max-video-preview:-1"},"canonical":"https:\/\/news.save.ch\/it\/e-impfdaten-sichere-plattform-bis-im-herbst\/","og_locale":"it_IT","og_type":"article","og_title":"E-Impfdaten: Ab Herbst soll man \u00fcber seine Daten verf\u00fcgen k\u00f6nnen - Save","og_description":"Die Daten von meineimpfungen.ch, dem schweizerischen elektronischen Impfausweis, k\u00f6nnen gerettet werden.","og_url":"https:\/\/news.save.ch\/it\/e-impfdaten-sichere-plattform-bis-im-herbst\/","og_site_name":"Save","article_published_time":"2023-05-19T08:20:45+00:00","article_modified_time":"2023-05-30T13:14:29+00:00","og_image":[{"width":999,"height":667,"url":"https:\/\/news.save.ch\/wp-content\/uploads\/2023\/05\/DepositphotoHayDmitriy.jpg","type":"image\/jpeg"}],"author":"Roger Str\u00e4ssle","twitter_card":"summary_large_image","twitter_misc":{"Scritto da":"Roger Str\u00e4ssle","Tempo di lettura stimato":"2 minuti"},"schema":{"@context":"https:\/\/schema.org","@graph":[{"@type":"Article","@id":"https:\/\/news.save.ch\/e-impfdaten-sichere-plattform-bis-im-herbst\/#article","isPartOf":{"@id":"https:\/\/news.save.ch\/e-impfdaten-sichere-plattform-bis-im-herbst\/"},"author":{"name":"Roger Str\u00e4ssle","@id":"https:\/\/news.save.ch\/de\/#\/schema\/person\/d5022db048e0e2b9785c50e5b24da5aa"},"headline":"E-Impfdaten: Ab Herbst soll man \u00fcber seine Daten verf\u00fcgen k\u00f6nnen","datePublished":"2023-05-19T08:20:45+00:00","dateModified":"2023-05-30T13:14:29+00:00","mainEntityOfPage":{"@id":"https:\/\/news.save.ch\/e-impfdaten-sichere-plattform-bis-im-herbst\/"},"wordCount":376,"publisher":{"@id":"https:\/\/news.save.ch\/de\/#organization"},"image":{"@id":"https:\/\/news.save.ch\/e-impfdaten-sichere-plattform-bis-im-herbst\/#primaryimage"},"thumbnailUrl":"https:\/\/news.save.ch\/wp-content\/uploads\/2023\/05\/DepositphotoHayDmitriy.jpg","keywords":["elektronischer Impfausweis","Elektronisches Patientendossier","EPD","Impfdaten"],"articleSection":["HEALTH &amp; SAFETY"],"inLanguage":"it-IT"},{"@type":"WebPage","@id":"https:\/\/news.save.ch\/e-impfdaten-sichere-plattform-bis-im-herbst\/","url":"https:\/\/news.save.ch\/e-impfdaten-sichere-plattform-bis-im-herbst\/","name":"Dati di vaccinazione elettronici: Dall'autunno i cittadini potranno disfarsi dei loro dati - Save","isPartOf":{"@id":"https:\/\/news.save.ch\/de\/#website"},"primaryImageOfPage":{"@id":"https:\/\/news.save.ch\/e-impfdaten-sichere-plattform-bis-im-herbst\/#primaryimage"},"image":{"@id":"https:\/\/news.save.ch\/e-impfdaten-sichere-plattform-bis-im-herbst\/#primaryimage"},"thumbnailUrl":"https:\/\/news.save.ch\/wp-content\/uploads\/2023\/05\/DepositphotoHayDmitriy.jpg","datePublished":"2023-05-19T08:20:45+00:00","dateModified":"2023-05-30T13:14:29+00:00","description":"\u00c8 possibile salvare i dati di meineimpfungen.ch, la tessera di vaccinazione elettronica svizzera.","breadcrumb":{"@id":"https:\/\/news.save.ch\/e-impfdaten-sichere-plattform-bis-im-herbst\/#breadcrumb"},"inLanguage":"it-IT","potentialAction":[{"@type":"ReadAction","target":["https:\/\/news.save.ch\/e-impfdaten-sichere-plattform-bis-im-herbst\/"]}]},{"@type":"ImageObject","inLanguage":"it-IT","@id":"https:\/\/news.save.ch\/e-impfdaten-sichere-plattform-bis-im-herbst\/#primaryimage","url":"https:\/\/news.save.ch\/wp-content\/uploads\/2023\/05\/DepositphotoHayDmitriy.jpg","contentUrl":"https:\/\/news.save.ch\/wp-content\/uploads\/2023\/05\/DepositphotoHayDmitriy.jpg","width":999,"height":667,"caption":"Depositphotos, Hay Dmitriy"},{"@type":"BreadcrumbList","@id":"https:\/\/news.save.ch\/e-impfdaten-sichere-plattform-bis-im-herbst\/#breadcrumb","itemListElement":[{"@type":"ListItem","position":1,"name":"Home","item":"https:\/\/news.save.ch\/de\/"},{"@type":"ListItem","position":2,"name":"E-Impfdaten: Ab Herbst soll man \u00fcber seine Daten verf\u00fcgen k\u00f6nnen"}]},{"@type":"WebSite","@id":"https:\/\/news.save.ch\/de\/#website","url":"https:\/\/news.save.ch\/de\/","name":"Risparmiare","description":"Rivista svizzera specializzata in sicurezza","publisher":{"@id":"https:\/\/news.save.ch\/de\/#organization"},"potentialAction":[{"@type":"SearchAction","target":{"@type":"EntryPoint","urlTemplate":"https:\/\/news.save.ch\/de\/?s={search_term_string}"},"query-input":{"@type":"PropertyValueSpecification","valueRequired":true,"valueName":"search_term_string"}}],"inLanguage":"it-IT"},{"@type":"Organization","@id":"https:\/\/news.save.ch\/de\/#organization","name":"Forum sulla sicurezza","url":"https:\/\/news.save.ch\/de\/","logo":{"@type":"ImageObject","inLanguage":"it-IT","@id":"https:\/\/news.save.ch\/de\/#\/schema\/logo\/image\/","url":"https:\/\/news.save.ch\/wp-content\/uploads\/2022\/06\/Logo_SF_2012.png","contentUrl":"https:\/\/news.save.ch\/wp-content\/uploads\/2022\/06\/Logo_SF_2012.png","width":1100,"height":91,"caption":"Sicherheitsforum"},"image":{"@id":"https:\/\/news.save.ch\/de\/#\/schema\/logo\/image\/"}},{"@type":"Person","@id":"https:\/\/news.save.ch\/de\/#\/schema\/person\/d5022db048e0e2b9785c50e5b24da5aa","name":"Roger Str\u00e4ssle","image":{"@type":"ImageObject","inLanguage":"it-IT","@id":"https:\/\/secure.gravatar.com\/avatar\/862a5569d087de48e5856e32f45d719a03804c891d6deb8d4f71a660e79e4a47?s=96&d=mm&r=g","url":"https:\/\/secure.gravatar.com\/avatar\/862a5569d087de48e5856e32f45d719a03804c891d6deb8d4f71a660e79e4a47?s=96&d=mm&r=g","contentUrl":"https:\/\/secure.gravatar.com\/avatar\/862a5569d087de48e5856e32f45d719a03804c891d6deb8d4f71a660e79e4a47?s=96&d=mm&r=g","caption":"Roger Str\u00e4ssle"},"url":"https:\/\/news.save.ch\/it\/author\/roger-straessle\/"}]}},"_links":{"self":[{"href":"https:\/\/news.save.ch\/it\/wp-json\/wp\/v2\/posts\/19437","targetHints":{"allow":["GET"]}}],"collection":[{"href":"https:\/\/news.save.ch\/it\/wp-json\/wp\/v2\/posts"}],"about":[{"href":"https:\/\/news.save.ch\/it\/wp-json\/wp\/v2\/types\/post"}],"author":[{"embeddable":true,"href":"https:\/\/news.save.ch\/it\/wp-json\/wp\/v2\/users\/8"}],"replies":[{"embeddable":true,"href":"https:\/\/news.save.ch\/it\/wp-json\/wp\/v2\/comments?post=19437"}],"version-history":[{"count":9,"href":"https:\/\/news.save.ch\/it\/wp-json\/wp\/v2\/posts\/19437\/revisions"}],"predecessor-version":[{"id":19499,"href":"https:\/\/news.save.ch\/it\/wp-json\/wp\/v2\/posts\/19437\/revisions\/19499"}],"wp:featuredmedia":[{"embeddable":true,"href":"https:\/\/news.save.ch\/it\/wp-json\/wp\/v2\/media\/19438"}],"wp:attachment":[{"href":"https:\/\/news.save.ch\/it\/wp-json\/wp\/v2\/media?parent=19437"}],"wp:term":[{"taxonomy":"category","embeddable":true,"href":"https:\/\/news.save.ch\/it\/wp-json\/wp\/v2\/categories?post=19437"},{"taxonomy":"post_tag","embeddable":true,"href":"https:\/\/news.save.ch\/it\/wp-json\/wp\/v2\/tags?post=19437"}],"curies":[{"name":"wp","href":"https:\/\/api.w.org\/{rel}","templated":true}]}}