{"id":1944,"date":"2017-04-12T15:39:22","date_gmt":"2017-04-12T13:39:22","guid":{"rendered":"https:\/\/news.save.ch\/?p=1944"},"modified":"2023-03-14T09:01:06","modified_gmt":"2023-03-14T08:01:06","slug":"endlich-geklaert-darum-loesen-sich-schnuersenkel","status":null,"type":"post","link":"https:\/\/news.save.ch\/it\/endlich-geklaert-darum-loesen-sich-schnuersenkel\/","title":{"rendered":"Finalmente chiarito: ecco perch\u00e9 i lacci delle scarpe si allentano"},"content":{"rendered":"<figure id=\"attachment_1945\" aria-describedby=\"caption-attachment-1945\" style=\"width: 680px\" class=\"wp-caption alignnone\"><img loading=\"lazy\" decoding=\"async\" class=\"size-medium wp-image-1945\" src=\"http:\/\/develop.safety-plus.ch\/wp-content\/uploads\/2017\/04\/Depositphotos_72653215_l-2015.jpg\" alt=\"\" width=\"680\" height=\"453\" \/><figcaption id=\"caption-attachment-1945\" class=\"wp-caption-text\">Finalmente provato: Il nostro modo di allacciare le scarpe non \u00e8 ideale.<\/figcaption><\/figure>\n<p>Non importa quanto siano stretti, a un certo punto tutti i lacci delle scarpe si allentano quando si cammina e il rischio di inciampare aumenta. Gli ingegneri dell'Universit\u00e0 statunitense di Berkeley hanno ora indagato sul mistero del perch\u00e9 i lacci delle scarpe si allentino improvvisamente.<\/p>\n<p><strong>Passo e oscillazione<\/strong><\/p>\n<p>Secondo i risultati dello studio, si tratta di una combinazione di due forze che agiscono sulla scarpa durante la camminata e la corsa: Il calpestio e lo slancio. Il movimento di calpestio del passo allenta il nodo, mentre lo slancio del piede in avanti tira le estremit\u00e0 dei lacci come una mano.<\/p>\n<p>La complessa interazione delle forze fa s\u00ec che il nodo possa staccarsi in pochi secondi. Secondo il professore di meccanica e autore dello studio Oliver O'Reilly, tuttavia, non \u00e8 prevedibile il momento esatto in cui ci\u00f2 avverr\u00e0, ma \u00e8 chiaro che pu\u00f2 accadere nel giro di pochi passi.<\/p>\n<p>O'Reilly e il suo team hanno studiato il processo utilizzando telecamere al rallentatore che hanno registrato i movimenti di camminata e di corsa di manichini e di persone reali, e una serie di esperimenti, come l'aggiunta di pesi alle estremit\u00e0 dei lacci delle scarpe.<\/p>\n<p><a href=\"http:\/\/Darum%20\u00f6ffnen%20sich%20die%20Schuhb\u00e4ndel%20beim%20Gehen.%20\">https:\/\/www.youtube.com\/watch?v=_-aiynIphTw<\/a><\/p>\n<p>Purtroppo, questi risultati non impediscono gli incidenti da inciampo. Ma rivelano che il nostro modo tradizionale di allacciare le scarpe non \u00e8 molto valido. Il buon vecchio doppio nodo, ad esempio, offre un rimedio.<\/p>","protected":false},"excerpt":{"rendered":"<p>Egal, wie sehr man ihn\u00a0festzurrt:\u00a0Irgendwann l\u00f6st sich jeder Schn\u00fcrsenkel beim Gehen &#8211; und die Stolpergefahr steigt. Ingenieure der US-Universit\u00e4t Berkeley haben das R\u00e4tsel nun erstmal genauer untersucht, warum sich Schn\u00fcrsenkel pl\u00f6tzlich \u00f6ffnen. Tritt und Schwung Laut der Studienergebnisse ist es eine Kombination von zwei Kr\u00e4ften, die beim Gehen und Laufen auf den Schuh wirken: Das [&hellip;]<\/p>\n","protected":false},"author":1,"featured_media":1945,"comment_status":"open","ping_status":"open","sticky":false,"template":"","format":"standard","meta":{"_acf_changed":false,"pgc_sgb_lightbox_settings":"","footnotes":""},"categories":[3314],"tags":[172,2857,64],"class_list":["post-1944","post","type-post","status-publish","format-standard","has-post-thumbnail","hentry","category-health-safety","tag-arbeitssicherheit","tag-schuhe","tag-studie"],"acf":[],"hkrextid":null,"publication":null,"issue":null,"workflow":null,"startPage":null,"spitzmarke":null,"_posts_by_tag_page_fields":{"widget_title":"","widget_tags":""},"_at_widget":"1","_yoast_wpseo_primary_category":"5","_yoast_wpseo_focuskw_text_input":"Schn\u00fcrsenkel","_yoast_wpseo_opengraph-image":null,"_yoast_wpseo_opengraph-description":null,"_yoast_wpseo_opengraph-title":null,"enclosure":null,"_yoast_wpseo_twitter-title":null,"_yoast_wpseo_twitter-description":null,"_yoast_wpseo_twitter-image":null,"_wp_old_slug":null,"_yoast_wpseo_title":null,"_yoast_wpseo_canonical":null,"yoast_head":"<!-- This site is optimized with the Yoast SEO plugin v27.5 - https:\/\/yoast.com\/product\/yoast-seo-wordpress\/ -->\n<title>Endlich gekl\u00e4rt: Darum l\u00f6sen sich Schn\u00fcrsenkel - Save<\/title>\n<meta name=\"description\" content=\"Mechanikingenieure der Universit\u00e4t UC Berkeley haben ein uraltes R\u00e4tsel der Menschheit gel\u00f6st: Warum sich Schn\u00fcrsenkel beim Gehen l\u00f6sen.\" \/>\n<meta name=\"robots\" content=\"index, follow, max-snippet:-1, max-image-preview:large, max-video-preview:-1\" \/>\n<link rel=\"canonical\" href=\"https:\/\/news.save.ch\/it\/endlich-geklaert-darum-loesen-sich-schnuersenkel\/\" \/>\n<meta property=\"og:locale\" content=\"it_IT\" \/>\n<meta property=\"og:type\" content=\"article\" \/>\n<meta property=\"og:title\" content=\"Endlich gekl\u00e4rt: Darum l\u00f6sen sich Schn\u00fcrsenkel - Save\" \/>\n<meta property=\"og:description\" content=\"Mechanikingenieure der Universit\u00e4t UC Berkeley haben ein uraltes R\u00e4tsel der Menschheit gel\u00f6st: Warum sich Schn\u00fcrsenkel beim Gehen l\u00f6sen.\" \/>\n<meta property=\"og:url\" content=\"https:\/\/news.save.ch\/it\/endlich-geklaert-darum-loesen-sich-schnuersenkel\/\" \/>\n<meta property=\"og:site_name\" content=\"Save\" \/>\n<meta property=\"article:published_time\" content=\"2017-04-12T13:39:22+00:00\" \/>\n<meta property=\"article:modified_time\" content=\"2023-03-14T08:01:06+00:00\" \/>\n<meta property=\"og:image\" content=\"https:\/\/news.save.ch\/wp-content\/uploads\/2017\/04\/Depositphotos_72653215_l-2015-scaled-1.jpg\" \/>\n\t<meta property=\"og:image:width\" content=\"1200\" \/>\n\t<meta property=\"og:image:height\" content=\"801\" \/>\n\t<meta property=\"og:image:type\" content=\"image\/jpeg\" \/>\n<meta name=\"author\" content=\"admin\" \/>\n<meta name=\"twitter:card\" content=\"summary_large_image\" \/>\n<meta name=\"twitter:label1\" content=\"Scritto da\" \/>\n\t<meta name=\"twitter:data1\" content=\"admin\" \/>\n\t<meta name=\"twitter:label2\" content=\"Tempo di lettura stimato\" \/>\n\t<meta name=\"twitter:data2\" content=\"1 minuto\" \/>\n<script type=\"application\/ld+json\" class=\"yoast-schema-graph\">{\"@context\":\"https:\\\/\\\/schema.org\",\"@graph\":[{\"@type\":\"Article\",\"@id\":\"https:\\\/\\\/news.save.ch\\\/endlich-geklaert-darum-loesen-sich-schnuersenkel\\\/#article\",\"isPartOf\":{\"@id\":\"https:\\\/\\\/news.save.ch\\\/endlich-geklaert-darum-loesen-sich-schnuersenkel\\\/\"},\"author\":{\"name\":\"admin\",\"@id\":\"https:\\\/\\\/news.save.ch\\\/de\\\/#\\\/schema\\\/person\\\/d49e199490bad7c70d64b9ab51142f2b\"},\"headline\":\"Endlich gekl\u00e4rt: Darum l\u00f6sen sich Schn\u00fcrsenkel\",\"datePublished\":\"2017-04-12T13:39:22+00:00\",\"dateModified\":\"2023-03-14T08:01:06+00:00\",\"mainEntityOfPage\":{\"@id\":\"https:\\\/\\\/news.save.ch\\\/endlich-geklaert-darum-loesen-sich-schnuersenkel\\\/\"},\"wordCount\":245,\"commentCount\":0,\"publisher\":{\"@id\":\"https:\\\/\\\/news.save.ch\\\/de\\\/#organization\"},\"image\":{\"@id\":\"https:\\\/\\\/news.save.ch\\\/endlich-geklaert-darum-loesen-sich-schnuersenkel\\\/#primaryimage\"},\"thumbnailUrl\":\"https:\\\/\\\/news.save.ch\\\/wp-content\\\/uploads\\\/2017\\\/04\\\/Depositphotos_72653215_l-2015-scaled-1.jpg\",\"keywords\":[\"Arbeitssicherheit\",\"Schuhe\",\"Studie\"],\"articleSection\":[\"HEALTH &amp; SAFETY\"],\"inLanguage\":\"it-IT\"},{\"@type\":\"WebPage\",\"@id\":\"https:\\\/\\\/news.save.ch\\\/endlich-geklaert-darum-loesen-sich-schnuersenkel\\\/\",\"url\":\"https:\\\/\\\/news.save.ch\\\/endlich-geklaert-darum-loesen-sich-schnuersenkel\\\/\",\"name\":\"Endlich gekl\u00e4rt: Darum l\u00f6sen sich Schn\u00fcrsenkel - Save\",\"isPartOf\":{\"@id\":\"https:\\\/\\\/news.save.ch\\\/de\\\/#website\"},\"primaryImageOfPage\":{\"@id\":\"https:\\\/\\\/news.save.ch\\\/endlich-geklaert-darum-loesen-sich-schnuersenkel\\\/#primaryimage\"},\"image\":{\"@id\":\"https:\\\/\\\/news.save.ch\\\/endlich-geklaert-darum-loesen-sich-schnuersenkel\\\/#primaryimage\"},\"thumbnailUrl\":\"https:\\\/\\\/news.save.ch\\\/wp-content\\\/uploads\\\/2017\\\/04\\\/Depositphotos_72653215_l-2015-scaled-1.jpg\",\"datePublished\":\"2017-04-12T13:39:22+00:00\",\"dateModified\":\"2023-03-14T08:01:06+00:00\",\"description\":\"Mechanikingenieure der Universit\u00e4t UC Berkeley haben ein uraltes R\u00e4tsel der Menschheit gel\u00f6st: Warum sich Schn\u00fcrsenkel beim Gehen l\u00f6sen.\",\"breadcrumb\":{\"@id\":\"https:\\\/\\\/news.save.ch\\\/endlich-geklaert-darum-loesen-sich-schnuersenkel\\\/#breadcrumb\"},\"inLanguage\":\"it-IT\",\"potentialAction\":[{\"@type\":\"ReadAction\",\"target\":[\"https:\\\/\\\/news.save.ch\\\/endlich-geklaert-darum-loesen-sich-schnuersenkel\\\/\"]}]},{\"@type\":\"ImageObject\",\"inLanguage\":\"it-IT\",\"@id\":\"https:\\\/\\\/news.save.ch\\\/endlich-geklaert-darum-loesen-sich-schnuersenkel\\\/#primaryimage\",\"url\":\"https:\\\/\\\/news.save.ch\\\/wp-content\\\/uploads\\\/2017\\\/04\\\/Depositphotos_72653215_l-2015-scaled-1.jpg\",\"contentUrl\":\"https:\\\/\\\/news.save.ch\\\/wp-content\\\/uploads\\\/2017\\\/04\\\/Depositphotos_72653215_l-2015-scaled-1.jpg\",\"width\":1200,\"height\":801,\"caption\":\"Endlich bewiesen: Unsere Art, Schuhe zu binden, ist nicht ideal.\"},{\"@type\":\"BreadcrumbList\",\"@id\":\"https:\\\/\\\/news.save.ch\\\/endlich-geklaert-darum-loesen-sich-schnuersenkel\\\/#breadcrumb\",\"itemListElement\":[{\"@type\":\"ListItem\",\"position\":1,\"name\":\"Home\",\"item\":\"https:\\\/\\\/news.save.ch\\\/de\\\/\"},{\"@type\":\"ListItem\",\"position\":2,\"name\":\"Endlich gekl\u00e4rt: Darum l\u00f6sen sich Schn\u00fcrsenkel\"}]},{\"@type\":\"WebSite\",\"@id\":\"https:\\\/\\\/news.save.ch\\\/de\\\/#website\",\"url\":\"https:\\\/\\\/news.save.ch\\\/de\\\/\",\"name\":\"Save\",\"description\":\"Schweizer Fachzeitschrift f\u00fcr Sicherheit\",\"publisher\":{\"@id\":\"https:\\\/\\\/news.save.ch\\\/de\\\/#organization\"},\"potentialAction\":[{\"@type\":\"SearchAction\",\"target\":{\"@type\":\"EntryPoint\",\"urlTemplate\":\"https:\\\/\\\/news.save.ch\\\/de\\\/?s={search_term_string}\"},\"query-input\":{\"@type\":\"PropertyValueSpecification\",\"valueRequired\":true,\"valueName\":\"search_term_string\"}}],\"inLanguage\":\"it-IT\"},{\"@type\":\"Organization\",\"@id\":\"https:\\\/\\\/news.save.ch\\\/de\\\/#organization\",\"name\":\"Sicherheitsforum\",\"url\":\"https:\\\/\\\/news.save.ch\\\/de\\\/\",\"logo\":{\"@type\":\"ImageObject\",\"inLanguage\":\"it-IT\",\"@id\":\"https:\\\/\\\/news.save.ch\\\/de\\\/#\\\/schema\\\/logo\\\/image\\\/\",\"url\":\"https:\\\/\\\/news.save.ch\\\/wp-content\\\/uploads\\\/2022\\\/06\\\/Logo_SF_2012.png\",\"contentUrl\":\"https:\\\/\\\/news.save.ch\\\/wp-content\\\/uploads\\\/2022\\\/06\\\/Logo_SF_2012.png\",\"width\":1100,\"height\":91,\"caption\":\"Sicherheitsforum\"},\"image\":{\"@id\":\"https:\\\/\\\/news.save.ch\\\/de\\\/#\\\/schema\\\/logo\\\/image\\\/\"}},{\"@type\":\"Person\",\"@id\":\"https:\\\/\\\/news.save.ch\\\/de\\\/#\\\/schema\\\/person\\\/d49e199490bad7c70d64b9ab51142f2b\",\"name\":\"admin\",\"image\":{\"@type\":\"ImageObject\",\"inLanguage\":\"it-IT\",\"@id\":\"https:\\\/\\\/secure.gravatar.com\\\/avatar\\\/ae2f4d718e6c49043e314ce431e7e645d646302a24a5ef5a8bc8e3f5a032e319?s=96&d=mm&r=g\",\"url\":\"https:\\\/\\\/secure.gravatar.com\\\/avatar\\\/ae2f4d718e6c49043e314ce431e7e645d646302a24a5ef5a8bc8e3f5a032e319?s=96&d=mm&r=g\",\"contentUrl\":\"https:\\\/\\\/secure.gravatar.com\\\/avatar\\\/ae2f4d718e6c49043e314ce431e7e645d646302a24a5ef5a8bc8e3f5a032e319?s=96&d=mm&r=g\",\"caption\":\"admin\"},\"sameAs\":[\"https:\\\/\\\/develop.organisator.galledia.ch\"],\"url\":\"https:\\\/\\\/news.save.ch\\\/it\\\/author\\\/admin\\\/\"}]}<\/script>\n<!-- \/ Yoast SEO plugin. -->","yoast_head_json":{"title":"Finalmente chiarito: ecco perch\u00e9 i lacci delle scarpe si allentano - Save","description":"Gli ingegneri meccanici della UC Berkeley hanno risolto un antico mistero dell'umanit\u00e0: Perch\u00e9 i lacci delle scarpe si slacciano quando camminiamo.","robots":{"index":"index","follow":"follow","max-snippet":"max-snippet:-1","max-image-preview":"max-image-preview:large","max-video-preview":"max-video-preview:-1"},"canonical":"https:\/\/news.save.ch\/it\/endlich-geklaert-darum-loesen-sich-schnuersenkel\/","og_locale":"it_IT","og_type":"article","og_title":"Endlich gekl\u00e4rt: Darum l\u00f6sen sich Schn\u00fcrsenkel - Save","og_description":"Mechanikingenieure der Universit\u00e4t UC Berkeley haben ein uraltes R\u00e4tsel der Menschheit gel\u00f6st: Warum sich Schn\u00fcrsenkel beim Gehen l\u00f6sen.","og_url":"https:\/\/news.save.ch\/it\/endlich-geklaert-darum-loesen-sich-schnuersenkel\/","og_site_name":"Save","article_published_time":"2017-04-12T13:39:22+00:00","article_modified_time":"2023-03-14T08:01:06+00:00","og_image":[{"width":1200,"height":801,"url":"https:\/\/news.save.ch\/wp-content\/uploads\/2017\/04\/Depositphotos_72653215_l-2015-scaled-1.jpg","type":"image\/jpeg"}],"author":"admin","twitter_card":"summary_large_image","twitter_misc":{"Scritto da":"admin","Tempo di lettura stimato":"1 minuto"},"schema":{"@context":"https:\/\/schema.org","@graph":[{"@type":"Article","@id":"https:\/\/news.save.ch\/endlich-geklaert-darum-loesen-sich-schnuersenkel\/#article","isPartOf":{"@id":"https:\/\/news.save.ch\/endlich-geklaert-darum-loesen-sich-schnuersenkel\/"},"author":{"name":"admin","@id":"https:\/\/news.save.ch\/de\/#\/schema\/person\/d49e199490bad7c70d64b9ab51142f2b"},"headline":"Endlich gekl\u00e4rt: Darum l\u00f6sen sich Schn\u00fcrsenkel","datePublished":"2017-04-12T13:39:22+00:00","dateModified":"2023-03-14T08:01:06+00:00","mainEntityOfPage":{"@id":"https:\/\/news.save.ch\/endlich-geklaert-darum-loesen-sich-schnuersenkel\/"},"wordCount":245,"commentCount":0,"publisher":{"@id":"https:\/\/news.save.ch\/de\/#organization"},"image":{"@id":"https:\/\/news.save.ch\/endlich-geklaert-darum-loesen-sich-schnuersenkel\/#primaryimage"},"thumbnailUrl":"https:\/\/news.save.ch\/wp-content\/uploads\/2017\/04\/Depositphotos_72653215_l-2015-scaled-1.jpg","keywords":["Arbeitssicherheit","Schuhe","Studie"],"articleSection":["HEALTH &amp; SAFETY"],"inLanguage":"it-IT"},{"@type":"WebPage","@id":"https:\/\/news.save.ch\/endlich-geklaert-darum-loesen-sich-schnuersenkel\/","url":"https:\/\/news.save.ch\/endlich-geklaert-darum-loesen-sich-schnuersenkel\/","name":"Finalmente chiarito: ecco perch\u00e9 i lacci delle scarpe si allentano - Save","isPartOf":{"@id":"https:\/\/news.save.ch\/de\/#website"},"primaryImageOfPage":{"@id":"https:\/\/news.save.ch\/endlich-geklaert-darum-loesen-sich-schnuersenkel\/#primaryimage"},"image":{"@id":"https:\/\/news.save.ch\/endlich-geklaert-darum-loesen-sich-schnuersenkel\/#primaryimage"},"thumbnailUrl":"https:\/\/news.save.ch\/wp-content\/uploads\/2017\/04\/Depositphotos_72653215_l-2015-scaled-1.jpg","datePublished":"2017-04-12T13:39:22+00:00","dateModified":"2023-03-14T08:01:06+00:00","description":"Gli ingegneri meccanici della UC Berkeley hanno risolto un antico mistero dell'umanit\u00e0: Perch\u00e9 i lacci delle scarpe si slacciano quando camminiamo.","breadcrumb":{"@id":"https:\/\/news.save.ch\/endlich-geklaert-darum-loesen-sich-schnuersenkel\/#breadcrumb"},"inLanguage":"it-IT","potentialAction":[{"@type":"ReadAction","target":["https:\/\/news.save.ch\/endlich-geklaert-darum-loesen-sich-schnuersenkel\/"]}]},{"@type":"ImageObject","inLanguage":"it-IT","@id":"https:\/\/news.save.ch\/endlich-geklaert-darum-loesen-sich-schnuersenkel\/#primaryimage","url":"https:\/\/news.save.ch\/wp-content\/uploads\/2017\/04\/Depositphotos_72653215_l-2015-scaled-1.jpg","contentUrl":"https:\/\/news.save.ch\/wp-content\/uploads\/2017\/04\/Depositphotos_72653215_l-2015-scaled-1.jpg","width":1200,"height":801,"caption":"Endlich bewiesen: Unsere Art, Schuhe zu binden, ist nicht ideal."},{"@type":"BreadcrumbList","@id":"https:\/\/news.save.ch\/endlich-geklaert-darum-loesen-sich-schnuersenkel\/#breadcrumb","itemListElement":[{"@type":"ListItem","position":1,"name":"Home","item":"https:\/\/news.save.ch\/de\/"},{"@type":"ListItem","position":2,"name":"Endlich gekl\u00e4rt: Darum l\u00f6sen sich Schn\u00fcrsenkel"}]},{"@type":"WebSite","@id":"https:\/\/news.save.ch\/de\/#website","url":"https:\/\/news.save.ch\/de\/","name":"Risparmiare","description":"Rivista svizzera specializzata in sicurezza","publisher":{"@id":"https:\/\/news.save.ch\/de\/#organization"},"potentialAction":[{"@type":"SearchAction","target":{"@type":"EntryPoint","urlTemplate":"https:\/\/news.save.ch\/de\/?s={search_term_string}"},"query-input":{"@type":"PropertyValueSpecification","valueRequired":true,"valueName":"search_term_string"}}],"inLanguage":"it-IT"},{"@type":"Organization","@id":"https:\/\/news.save.ch\/de\/#organization","name":"Forum sulla sicurezza","url":"https:\/\/news.save.ch\/de\/","logo":{"@type":"ImageObject","inLanguage":"it-IT","@id":"https:\/\/news.save.ch\/de\/#\/schema\/logo\/image\/","url":"https:\/\/news.save.ch\/wp-content\/uploads\/2022\/06\/Logo_SF_2012.png","contentUrl":"https:\/\/news.save.ch\/wp-content\/uploads\/2022\/06\/Logo_SF_2012.png","width":1100,"height":91,"caption":"Sicherheitsforum"},"image":{"@id":"https:\/\/news.save.ch\/de\/#\/schema\/logo\/image\/"}},{"@type":"Person","@id":"https:\/\/news.save.ch\/de\/#\/schema\/person\/d49e199490bad7c70d64b9ab51142f2b","name":"amministratore","image":{"@type":"ImageObject","inLanguage":"it-IT","@id":"https:\/\/secure.gravatar.com\/avatar\/ae2f4d718e6c49043e314ce431e7e645d646302a24a5ef5a8bc8e3f5a032e319?s=96&d=mm&r=g","url":"https:\/\/secure.gravatar.com\/avatar\/ae2f4d718e6c49043e314ce431e7e645d646302a24a5ef5a8bc8e3f5a032e319?s=96&d=mm&r=g","contentUrl":"https:\/\/secure.gravatar.com\/avatar\/ae2f4d718e6c49043e314ce431e7e645d646302a24a5ef5a8bc8e3f5a032e319?s=96&d=mm&r=g","caption":"admin"},"sameAs":["https:\/\/develop.organisator.galledia.ch"],"url":"https:\/\/news.save.ch\/it\/author\/admin\/"}]}},"_links":{"self":[{"href":"https:\/\/news.save.ch\/it\/wp-json\/wp\/v2\/posts\/1944","targetHints":{"allow":["GET"]}}],"collection":[{"href":"https:\/\/news.save.ch\/it\/wp-json\/wp\/v2\/posts"}],"about":[{"href":"https:\/\/news.save.ch\/it\/wp-json\/wp\/v2\/types\/post"}],"author":[{"embeddable":true,"href":"https:\/\/news.save.ch\/it\/wp-json\/wp\/v2\/users\/1"}],"replies":[{"embeddable":true,"href":"https:\/\/news.save.ch\/it\/wp-json\/wp\/v2\/comments?post=1944"}],"version-history":[{"count":1,"href":"https:\/\/news.save.ch\/it\/wp-json\/wp\/v2\/posts\/1944\/revisions"}],"predecessor-version":[{"id":18342,"href":"https:\/\/news.save.ch\/it\/wp-json\/wp\/v2\/posts\/1944\/revisions\/18342"}],"wp:featuredmedia":[{"embeddable":true,"href":"https:\/\/news.save.ch\/it\/wp-json\/wp\/v2\/media\/1945"}],"wp:attachment":[{"href":"https:\/\/news.save.ch\/it\/wp-json\/wp\/v2\/media?parent=1944"}],"wp:term":[{"taxonomy":"category","embeddable":true,"href":"https:\/\/news.save.ch\/it\/wp-json\/wp\/v2\/categories?post=1944"},{"taxonomy":"post_tag","embeddable":true,"href":"https:\/\/news.save.ch\/it\/wp-json\/wp\/v2\/tags?post=1944"}],"curies":[{"name":"wp","href":"https:\/\/api.w.org\/{rel}","templated":true}]}}