{"id":19694,"date":"2023-06-07T10:57:41","date_gmt":"2023-06-07T08:57:41","guid":{"rendered":"https:\/\/news.save.ch\/?p=19694"},"modified":"2023-06-10T09:31:26","modified_gmt":"2023-06-10T07:31:26","slug":"koordinierter-sanitaetsdienst-mit-neuem-chef","status":null,"type":"post","link":"https:\/\/news.save.ch\/it\/koordinierter-sanitaetsdienst-mit-neuem-chef\/","title":{"rendered":"Servizio medico coordinato con il nuovo capo"},"content":{"rendered":"<p>&nbsp;<\/p>\n<figure id=\"attachment_19697\" aria-describedby=\"caption-attachment-19697\" style=\"width: 680px\" class=\"wp-caption aligncenter\"><img loading=\"lazy\" decoding=\"async\" class=\"size-medium wp-image-19697\" src=\"https:\/\/news.save.ch\/wp-content\/uploads\/2023\/06\/Screenshot-2023-06-07-105831-680x569.jpg\" alt=\"Servizi medici coordinati\" width=\"680\" height=\"569\" srcset=\"https:\/\/news.save.ch\/wp-content\/uploads\/2023\/06\/Screenshot-2023-06-07-105831-680x569.jpg 680w, https:\/\/news.save.ch\/wp-content\/uploads\/2023\/06\/Screenshot-2023-06-07-105831-14x12.jpg 14w, https:\/\/news.save.ch\/wp-content\/uploads\/2023\/06\/Screenshot-2023-06-07-105831-358x300.jpg 358w, https:\/\/news.save.ch\/wp-content\/uploads\/2023\/06\/Screenshot-2023-06-07-105831-418x350.jpg 418w, https:\/\/news.save.ch\/wp-content\/uploads\/2023\/06\/Screenshot-2023-06-07-105831.jpg 689w\" sizes=\"auto, (max-width: 680px) 100vw, 680px\" \/><figcaption id=\"caption-attachment-19697\" class=\"wp-caption-text\">Tenzin Lamdark assume la direzione del Servizio medico coordinato all'inizio di luglio. Immagine: zVg<\/figcaption><\/figure>\n<p>Il Servizio medico coordinato (KSD) \u00e8 stato integrato nell'Ufficio federale della protezione civile (Babs) a partire dal 1\u00b0 gennaio 2023. Fa parte del Centro nazionale per le operazioni di emergenza (NEOC), in cui le competenze nella gestione degli incidenti sono ampliate e raggruppate. La collocazione del KSD all'interno di questa divisione consentir\u00e0 di sfruttare le sinergie con altri settori e reti di gestione delle emergenze e delle crisi, come scrive il Babs.<\/p>\n<h3>Concetti operativi per i partner del settore medico in caso di incidente<\/h3>\n<p>Nell'ambito del riorientamento della KSD, il Commissario della KSD, insieme ai vari partner federali, cantonali e sanitari, \u00e8 responsabile della preparazione e del coordinamento del sistema sanitario in caso di incidente. A tal fine, sviluppa e gestisce le strutture di coordinamento necessarie. I prossimi importanti lavori riguardano principalmente l'ulteriore sviluppo di concetti di preparazione e di piani di risposta alle crisi per eventi con vittime di massa o incidenti di pazienti.<br \/>\nI pazienti dovranno essere distribuiti tra gli ospedali di tutta la Svizzera e dovranno essere messe a disposizione capacit\u00e0 aggiuntive con breve preavviso. La pianificazione precauzionale congiunta garantisce che le capacit\u00e0 in questo settore siano costruite e conosciute in tutta la Svizzera, che il lavoro venga svolto secondo lo stesso sistema e che tutti i partner del sistema sanitario conoscano e percepiscano il proprio ruolo.<br \/>\nOltre alla funzione di rappresentante del KSD, Tenzin Lamdark assumer\u00e0, secondo Babs, la gestione dell'intera divisione della rete di partner del Centro nazionale per le operazioni di emergenza che, oltre all'ufficio KSD, comprende anche l'ufficio NBC Protection. In questo modo, le sinergie possono essere utilizzate in modo ottimale nella cooperazione con i vari partner.<\/p>\n<h3>Molti anni di esperienza nella gestione delle emergenze e delle crisi<\/h3>\n<p>Tenzin Lamdark \u00e8 specialista FMH in chirurgia con specializzazione in chirurgia generale e traumatologia. Ha lavorato come chirurgo e medico superiore presso l'Ospedale cantonale di Winterthur fino al 2022. Oltre alle sue conoscenze mediche, ha anche esperienza nella gestione delle emergenze e delle crisi, che \u00e8 molto importante nell'area di responsabilit\u00e0 della KSD. Secondo le informazioni, ha lavorato, tra l'altro, al concetto di catastrofe per il Gold Coast University Hospital in occasione dei Giochi del Commonwealth 2018 in Australia e al concetto di crisi per l'Ospedale cantonale di Winterthur. Nel 2020 \u00e8 stato impiegato nella gestione delle pandemie presso l'Ospedale cantonale di Winterthur, sottolinea il Babs. Lamdark ha inoltre conseguito un Executive MBA in General Management e un CAS in Crisis Communication. In termini militari, Tenzin Lamdark \u00e8 un ufficiale di stato maggiore e capo di stato maggiore per la logistica nell'esercito.<\/p>\n<p><em>Fonte: <a href=\"https:\/\/www.babs.admin.ch\/\">Ufficio federale della protezione civile<\/a><\/em><\/p>","protected":false},"excerpt":{"rendered":"<p>&nbsp; Der Koordinierte Sanit\u00e4tsdienst (KSD) ist per 1. Januar 2023 ins Bundesamt f\u00fcr Bev\u00f6lkerungsschutz (Babs) integriert worden. Er geh\u00f6rt zum Gesch\u00e4ftsbereich Nationale Alarmzentrale und Ereignisbew\u00e4ltigung (NEOC \u2013 National Emergency Operations Center), in dem die Kompetenzen in der Ereignisbew\u00e4ltigung ausgebaut und geb\u00fcndelt werden. Mit der Ansiedelung des KSD innerhalb dieses Gesch\u00e4ftsbereichs werden Synergien mit anderen Bereichen [&hellip;]<\/p>\n","protected":false},"author":8,"featured_media":19697,"comment_status":"closed","ping_status":"closed","sticky":false,"template":"","format":"standard","meta":{"_acf_changed":false,"pgc_sgb_lightbox_settings":"","footnotes":""},"categories":[3312],"tags":[1557,3738,571,3736,3737,745,3739],"class_list":["post-19694","post","type-post","status-publish","format-standard","has-post-thumbnail","hentry","category-sicherheit","tag-babs-bundesamt-fuer-bevoelkerungsschutz","tag-beauftragter-ksd","tag-bundesamt-fuer-bevoelkerungsschutz","tag-koordinierter-sanitaetsdienst","tag-neoc","tag-notfall-und-krisenmanagement","tag-tenzin-lamdark"],"acf":[],"hkrextid":null,"publication":null,"issue":null,"workflow":null,"startPage":null,"spitzmarke":null,"_posts_by_tag_page_fields":null,"_at_widget":null,"_yoast_wpseo_primary_category":"3312","_yoast_wpseo_focuskw_text_input":null,"_yoast_wpseo_opengraph-image":null,"_yoast_wpseo_opengraph-description":null,"_yoast_wpseo_opengraph-title":null,"enclosure":null,"_yoast_wpseo_twitter-title":null,"_yoast_wpseo_twitter-description":null,"_yoast_wpseo_twitter-image":null,"_wp_old_slug":null,"_yoast_wpseo_title":null,"_yoast_wpseo_canonical":null,"yoast_head":"<!-- This site is optimized with the Yoast SEO plugin v27.5 - https:\/\/yoast.com\/product\/yoast-seo-wordpress\/ -->\n<title>Koordinierter Sanit\u00e4tsdienst mit neuem Chef - Save<\/title>\n<meta name=\"description\" content=\"Der 46-j\u00e4hrige Chirurg Tenzin Lamdark \u00fcbernimmt am 1. Juli 2023 die Leitung des Koordinierten Sanit\u00e4tsdienstes sowie gleichzeitig die F\u00fchrung des gesamten Fachbereichs Partnerverbund der Nationalen Alarmzentrale.\" \/>\n<meta name=\"robots\" content=\"index, follow, max-snippet:-1, max-image-preview:large, max-video-preview:-1\" \/>\n<link rel=\"canonical\" href=\"https:\/\/news.save.ch\/it\/koordinierter-sanitaetsdienst-mit-neuem-chef\/\" \/>\n<meta property=\"og:locale\" content=\"it_IT\" \/>\n<meta property=\"og:type\" content=\"article\" \/>\n<meta property=\"og:title\" content=\"Koordinierter Sanit\u00e4tsdienst mit neuem Chef - Save\" \/>\n<meta property=\"og:description\" content=\"Der 46-j\u00e4hrige Chirurg Tenzin Lamdark \u00fcbernimmt am 1. Juli 2023 die Leitung des Koordinierten Sanit\u00e4tsdienstes sowie gleichzeitig die F\u00fchrung des gesamten Fachbereichs Partnerverbund der Nationalen Alarmzentrale.\" \/>\n<meta property=\"og:url\" content=\"https:\/\/news.save.ch\/it\/koordinierter-sanitaetsdienst-mit-neuem-chef\/\" \/>\n<meta property=\"og:site_name\" content=\"Save\" \/>\n<meta property=\"article:published_time\" content=\"2023-06-07T08:57:41+00:00\" \/>\n<meta property=\"article:modified_time\" content=\"2023-06-10T07:31:26+00:00\" \/>\n<meta property=\"og:image\" content=\"https:\/\/news.save.ch\/wp-content\/uploads\/2023\/06\/Screenshot-2023-06-07-105831.jpg\" \/>\n\t<meta property=\"og:image:width\" content=\"689\" \/>\n\t<meta property=\"og:image:height\" content=\"577\" \/>\n\t<meta property=\"og:image:type\" content=\"image\/jpeg\" \/>\n<meta name=\"author\" content=\"Roger Str\u00e4ssle\" \/>\n<meta name=\"twitter:card\" content=\"summary_large_image\" \/>\n<meta name=\"twitter:label1\" content=\"Scritto da\" \/>\n\t<meta name=\"twitter:data1\" content=\"Roger Str\u00e4ssle\" \/>\n\t<meta name=\"twitter:label2\" content=\"Tempo di lettura stimato\" \/>\n\t<meta name=\"twitter:data2\" content=\"3 minuti\" \/>\n<script type=\"application\/ld+json\" class=\"yoast-schema-graph\">{\"@context\":\"https:\\\/\\\/schema.org\",\"@graph\":[{\"@type\":\"Article\",\"@id\":\"https:\\\/\\\/news.save.ch\\\/koordinierter-sanitaetsdienst-mit-neuem-chef\\\/#article\",\"isPartOf\":{\"@id\":\"https:\\\/\\\/news.save.ch\\\/koordinierter-sanitaetsdienst-mit-neuem-chef\\\/\"},\"author\":{\"name\":\"Roger Str\u00e4ssle\",\"@id\":\"https:\\\/\\\/news.save.ch\\\/de\\\/#\\\/schema\\\/person\\\/d5022db048e0e2b9785c50e5b24da5aa\"},\"headline\":\"Koordinierter Sanit\u00e4tsdienst mit neuem Chef\",\"datePublished\":\"2023-06-07T08:57:41+00:00\",\"dateModified\":\"2023-06-10T07:31:26+00:00\",\"mainEntityOfPage\":{\"@id\":\"https:\\\/\\\/news.save.ch\\\/koordinierter-sanitaetsdienst-mit-neuem-chef\\\/\"},\"wordCount\":418,\"publisher\":{\"@id\":\"https:\\\/\\\/news.save.ch\\\/de\\\/#organization\"},\"image\":{\"@id\":\"https:\\\/\\\/news.save.ch\\\/koordinierter-sanitaetsdienst-mit-neuem-chef\\\/#primaryimage\"},\"thumbnailUrl\":\"https:\\\/\\\/news.save.ch\\\/wp-content\\\/uploads\\\/2023\\\/06\\\/Screenshot-2023-06-07-105831.jpg\",\"keywords\":[\"BABS - Bundesamt f\u00fcr Bev\u00f6lkerungsschutz\",\"Beauftragter KSD\",\"Bundesamt f\u00fcr Bev\u00f6lkerungsschutz\",\"Koordinierter Sanit\u00e4tsdienst\",\"NEOC\",\"Notfall- und Krisenmanagement\",\"Tenzin Lamdark\"],\"articleSection\":[\"SICHERHEIT\"],\"inLanguage\":\"it-IT\"},{\"@type\":\"WebPage\",\"@id\":\"https:\\\/\\\/news.save.ch\\\/koordinierter-sanitaetsdienst-mit-neuem-chef\\\/\",\"url\":\"https:\\\/\\\/news.save.ch\\\/koordinierter-sanitaetsdienst-mit-neuem-chef\\\/\",\"name\":\"Koordinierter Sanit\u00e4tsdienst mit neuem Chef - Save\",\"isPartOf\":{\"@id\":\"https:\\\/\\\/news.save.ch\\\/de\\\/#website\"},\"primaryImageOfPage\":{\"@id\":\"https:\\\/\\\/news.save.ch\\\/koordinierter-sanitaetsdienst-mit-neuem-chef\\\/#primaryimage\"},\"image\":{\"@id\":\"https:\\\/\\\/news.save.ch\\\/koordinierter-sanitaetsdienst-mit-neuem-chef\\\/#primaryimage\"},\"thumbnailUrl\":\"https:\\\/\\\/news.save.ch\\\/wp-content\\\/uploads\\\/2023\\\/06\\\/Screenshot-2023-06-07-105831.jpg\",\"datePublished\":\"2023-06-07T08:57:41+00:00\",\"dateModified\":\"2023-06-10T07:31:26+00:00\",\"description\":\"Der 46-j\u00e4hrige Chirurg Tenzin Lamdark \u00fcbernimmt am 1. Juli 2023 die Leitung des Koordinierten Sanit\u00e4tsdienstes sowie gleichzeitig die F\u00fchrung des gesamten Fachbereichs Partnerverbund der Nationalen Alarmzentrale.\",\"breadcrumb\":{\"@id\":\"https:\\\/\\\/news.save.ch\\\/koordinierter-sanitaetsdienst-mit-neuem-chef\\\/#breadcrumb\"},\"inLanguage\":\"it-IT\",\"potentialAction\":[{\"@type\":\"ReadAction\",\"target\":[\"https:\\\/\\\/news.save.ch\\\/koordinierter-sanitaetsdienst-mit-neuem-chef\\\/\"]}]},{\"@type\":\"ImageObject\",\"inLanguage\":\"it-IT\",\"@id\":\"https:\\\/\\\/news.save.ch\\\/koordinierter-sanitaetsdienst-mit-neuem-chef\\\/#primaryimage\",\"url\":\"https:\\\/\\\/news.save.ch\\\/wp-content\\\/uploads\\\/2023\\\/06\\\/Screenshot-2023-06-07-105831.jpg\",\"contentUrl\":\"https:\\\/\\\/news.save.ch\\\/wp-content\\\/uploads\\\/2023\\\/06\\\/Screenshot-2023-06-07-105831.jpg\",\"width\":689,\"height\":577,\"caption\":\"Tenzin Lamdark \u00fcbernimmt Anfang Juli die Leitung des Koordinierten Sanit\u00e4tsdienstes. Bild: zvg\"},{\"@type\":\"BreadcrumbList\",\"@id\":\"https:\\\/\\\/news.save.ch\\\/koordinierter-sanitaetsdienst-mit-neuem-chef\\\/#breadcrumb\",\"itemListElement\":[{\"@type\":\"ListItem\",\"position\":1,\"name\":\"Home\",\"item\":\"https:\\\/\\\/news.save.ch\\\/de\\\/\"},{\"@type\":\"ListItem\",\"position\":2,\"name\":\"Koordinierter Sanit\u00e4tsdienst mit neuem Chef\"}]},{\"@type\":\"WebSite\",\"@id\":\"https:\\\/\\\/news.save.ch\\\/de\\\/#website\",\"url\":\"https:\\\/\\\/news.save.ch\\\/de\\\/\",\"name\":\"Save\",\"description\":\"Schweizer Fachzeitschrift f\u00fcr Sicherheit\",\"publisher\":{\"@id\":\"https:\\\/\\\/news.save.ch\\\/de\\\/#organization\"},\"potentialAction\":[{\"@type\":\"SearchAction\",\"target\":{\"@type\":\"EntryPoint\",\"urlTemplate\":\"https:\\\/\\\/news.save.ch\\\/de\\\/?s={search_term_string}\"},\"query-input\":{\"@type\":\"PropertyValueSpecification\",\"valueRequired\":true,\"valueName\":\"search_term_string\"}}],\"inLanguage\":\"it-IT\"},{\"@type\":\"Organization\",\"@id\":\"https:\\\/\\\/news.save.ch\\\/de\\\/#organization\",\"name\":\"Sicherheitsforum\",\"url\":\"https:\\\/\\\/news.save.ch\\\/de\\\/\",\"logo\":{\"@type\":\"ImageObject\",\"inLanguage\":\"it-IT\",\"@id\":\"https:\\\/\\\/news.save.ch\\\/de\\\/#\\\/schema\\\/logo\\\/image\\\/\",\"url\":\"https:\\\/\\\/news.save.ch\\\/wp-content\\\/uploads\\\/2022\\\/06\\\/Logo_SF_2012.png\",\"contentUrl\":\"https:\\\/\\\/news.save.ch\\\/wp-content\\\/uploads\\\/2022\\\/06\\\/Logo_SF_2012.png\",\"width\":1100,\"height\":91,\"caption\":\"Sicherheitsforum\"},\"image\":{\"@id\":\"https:\\\/\\\/news.save.ch\\\/de\\\/#\\\/schema\\\/logo\\\/image\\\/\"}},{\"@type\":\"Person\",\"@id\":\"https:\\\/\\\/news.save.ch\\\/de\\\/#\\\/schema\\\/person\\\/d5022db048e0e2b9785c50e5b24da5aa\",\"name\":\"Roger Str\u00e4ssle\",\"image\":{\"@type\":\"ImageObject\",\"inLanguage\":\"it-IT\",\"@id\":\"https:\\\/\\\/secure.gravatar.com\\\/avatar\\\/862a5569d087de48e5856e32f45d719a03804c891d6deb8d4f71a660e79e4a47?s=96&d=mm&r=g\",\"url\":\"https:\\\/\\\/secure.gravatar.com\\\/avatar\\\/862a5569d087de48e5856e32f45d719a03804c891d6deb8d4f71a660e79e4a47?s=96&d=mm&r=g\",\"contentUrl\":\"https:\\\/\\\/secure.gravatar.com\\\/avatar\\\/862a5569d087de48e5856e32f45d719a03804c891d6deb8d4f71a660e79e4a47?s=96&d=mm&r=g\",\"caption\":\"Roger Str\u00e4ssle\"},\"url\":\"https:\\\/\\\/news.save.ch\\\/it\\\/author\\\/roger-straessle\\\/\"}]}<\/script>\n<!-- \/ Yoast SEO plugin. -->","yoast_head_json":{"title":"Servizio medico coordinato con il nuovo capo - Save","description":"Il 1\u00b0 luglio 2023, il chirurgo 46enne Tenzin Lamdark assumer\u00e0 la direzione del Servizio medico coordinato e allo stesso tempo la direzione dell'intera divisione Rete dei partner del Centro nazionale per le operazioni di emergenza.","robots":{"index":"index","follow":"follow","max-snippet":"max-snippet:-1","max-image-preview":"max-image-preview:large","max-video-preview":"max-video-preview:-1"},"canonical":"https:\/\/news.save.ch\/it\/koordinierter-sanitaetsdienst-mit-neuem-chef\/","og_locale":"it_IT","og_type":"article","og_title":"Koordinierter Sanit\u00e4tsdienst mit neuem Chef - Save","og_description":"Der 46-j\u00e4hrige Chirurg Tenzin Lamdark \u00fcbernimmt am 1. Juli 2023 die Leitung des Koordinierten Sanit\u00e4tsdienstes sowie gleichzeitig die F\u00fchrung des gesamten Fachbereichs Partnerverbund der Nationalen Alarmzentrale.","og_url":"https:\/\/news.save.ch\/it\/koordinierter-sanitaetsdienst-mit-neuem-chef\/","og_site_name":"Save","article_published_time":"2023-06-07T08:57:41+00:00","article_modified_time":"2023-06-10T07:31:26+00:00","og_image":[{"width":689,"height":577,"url":"https:\/\/news.save.ch\/wp-content\/uploads\/2023\/06\/Screenshot-2023-06-07-105831.jpg","type":"image\/jpeg"}],"author":"Roger Str\u00e4ssle","twitter_card":"summary_large_image","twitter_misc":{"Scritto da":"Roger Str\u00e4ssle","Tempo di lettura stimato":"3 minuti"},"schema":{"@context":"https:\/\/schema.org","@graph":[{"@type":"Article","@id":"https:\/\/news.save.ch\/koordinierter-sanitaetsdienst-mit-neuem-chef\/#article","isPartOf":{"@id":"https:\/\/news.save.ch\/koordinierter-sanitaetsdienst-mit-neuem-chef\/"},"author":{"name":"Roger Str\u00e4ssle","@id":"https:\/\/news.save.ch\/de\/#\/schema\/person\/d5022db048e0e2b9785c50e5b24da5aa"},"headline":"Koordinierter Sanit\u00e4tsdienst mit neuem Chef","datePublished":"2023-06-07T08:57:41+00:00","dateModified":"2023-06-10T07:31:26+00:00","mainEntityOfPage":{"@id":"https:\/\/news.save.ch\/koordinierter-sanitaetsdienst-mit-neuem-chef\/"},"wordCount":418,"publisher":{"@id":"https:\/\/news.save.ch\/de\/#organization"},"image":{"@id":"https:\/\/news.save.ch\/koordinierter-sanitaetsdienst-mit-neuem-chef\/#primaryimage"},"thumbnailUrl":"https:\/\/news.save.ch\/wp-content\/uploads\/2023\/06\/Screenshot-2023-06-07-105831.jpg","keywords":["BABS - Bundesamt f\u00fcr Bev\u00f6lkerungsschutz","Beauftragter KSD","Bundesamt f\u00fcr Bev\u00f6lkerungsschutz","Koordinierter Sanit\u00e4tsdienst","NEOC","Notfall- und Krisenmanagement","Tenzin Lamdark"],"articleSection":["SICHERHEIT"],"inLanguage":"it-IT"},{"@type":"WebPage","@id":"https:\/\/news.save.ch\/koordinierter-sanitaetsdienst-mit-neuem-chef\/","url":"https:\/\/news.save.ch\/koordinierter-sanitaetsdienst-mit-neuem-chef\/","name":"Servizio medico coordinato con il nuovo capo - Save","isPartOf":{"@id":"https:\/\/news.save.ch\/de\/#website"},"primaryImageOfPage":{"@id":"https:\/\/news.save.ch\/koordinierter-sanitaetsdienst-mit-neuem-chef\/#primaryimage"},"image":{"@id":"https:\/\/news.save.ch\/koordinierter-sanitaetsdienst-mit-neuem-chef\/#primaryimage"},"thumbnailUrl":"https:\/\/news.save.ch\/wp-content\/uploads\/2023\/06\/Screenshot-2023-06-07-105831.jpg","datePublished":"2023-06-07T08:57:41+00:00","dateModified":"2023-06-10T07:31:26+00:00","description":"Il 1\u00b0 luglio 2023, il chirurgo 46enne Tenzin Lamdark assumer\u00e0 la direzione del Servizio medico coordinato e allo stesso tempo la direzione dell'intera divisione Rete dei partner del Centro nazionale per le operazioni di emergenza.","breadcrumb":{"@id":"https:\/\/news.save.ch\/koordinierter-sanitaetsdienst-mit-neuem-chef\/#breadcrumb"},"inLanguage":"it-IT","potentialAction":[{"@type":"ReadAction","target":["https:\/\/news.save.ch\/koordinierter-sanitaetsdienst-mit-neuem-chef\/"]}]},{"@type":"ImageObject","inLanguage":"it-IT","@id":"https:\/\/news.save.ch\/koordinierter-sanitaetsdienst-mit-neuem-chef\/#primaryimage","url":"https:\/\/news.save.ch\/wp-content\/uploads\/2023\/06\/Screenshot-2023-06-07-105831.jpg","contentUrl":"https:\/\/news.save.ch\/wp-content\/uploads\/2023\/06\/Screenshot-2023-06-07-105831.jpg","width":689,"height":577,"caption":"Tenzin Lamdark \u00fcbernimmt Anfang Juli die Leitung des Koordinierten Sanit\u00e4tsdienstes. Bild: zvg"},{"@type":"BreadcrumbList","@id":"https:\/\/news.save.ch\/koordinierter-sanitaetsdienst-mit-neuem-chef\/#breadcrumb","itemListElement":[{"@type":"ListItem","position":1,"name":"Home","item":"https:\/\/news.save.ch\/de\/"},{"@type":"ListItem","position":2,"name":"Koordinierter Sanit\u00e4tsdienst mit neuem Chef"}]},{"@type":"WebSite","@id":"https:\/\/news.save.ch\/de\/#website","url":"https:\/\/news.save.ch\/de\/","name":"Risparmiare","description":"Rivista svizzera specializzata in sicurezza","publisher":{"@id":"https:\/\/news.save.ch\/de\/#organization"},"potentialAction":[{"@type":"SearchAction","target":{"@type":"EntryPoint","urlTemplate":"https:\/\/news.save.ch\/de\/?s={search_term_string}"},"query-input":{"@type":"PropertyValueSpecification","valueRequired":true,"valueName":"search_term_string"}}],"inLanguage":"it-IT"},{"@type":"Organization","@id":"https:\/\/news.save.ch\/de\/#organization","name":"Forum sulla sicurezza","url":"https:\/\/news.save.ch\/de\/","logo":{"@type":"ImageObject","inLanguage":"it-IT","@id":"https:\/\/news.save.ch\/de\/#\/schema\/logo\/image\/","url":"https:\/\/news.save.ch\/wp-content\/uploads\/2022\/06\/Logo_SF_2012.png","contentUrl":"https:\/\/news.save.ch\/wp-content\/uploads\/2022\/06\/Logo_SF_2012.png","width":1100,"height":91,"caption":"Sicherheitsforum"},"image":{"@id":"https:\/\/news.save.ch\/de\/#\/schema\/logo\/image\/"}},{"@type":"Person","@id":"https:\/\/news.save.ch\/de\/#\/schema\/person\/d5022db048e0e2b9785c50e5b24da5aa","name":"Roger Str\u00e4ssle","image":{"@type":"ImageObject","inLanguage":"it-IT","@id":"https:\/\/secure.gravatar.com\/avatar\/862a5569d087de48e5856e32f45d719a03804c891d6deb8d4f71a660e79e4a47?s=96&d=mm&r=g","url":"https:\/\/secure.gravatar.com\/avatar\/862a5569d087de48e5856e32f45d719a03804c891d6deb8d4f71a660e79e4a47?s=96&d=mm&r=g","contentUrl":"https:\/\/secure.gravatar.com\/avatar\/862a5569d087de48e5856e32f45d719a03804c891d6deb8d4f71a660e79e4a47?s=96&d=mm&r=g","caption":"Roger Str\u00e4ssle"},"url":"https:\/\/news.save.ch\/it\/author\/roger-straessle\/"}]}},"_links":{"self":[{"href":"https:\/\/news.save.ch\/it\/wp-json\/wp\/v2\/posts\/19694","targetHints":{"allow":["GET"]}}],"collection":[{"href":"https:\/\/news.save.ch\/it\/wp-json\/wp\/v2\/posts"}],"about":[{"href":"https:\/\/news.save.ch\/it\/wp-json\/wp\/v2\/types\/post"}],"author":[{"embeddable":true,"href":"https:\/\/news.save.ch\/it\/wp-json\/wp\/v2\/users\/8"}],"replies":[{"embeddable":true,"href":"https:\/\/news.save.ch\/it\/wp-json\/wp\/v2\/comments?post=19694"}],"version-history":[{"count":4,"href":"https:\/\/news.save.ch\/it\/wp-json\/wp\/v2\/posts\/19694\/revisions"}],"predecessor-version":[{"id":19700,"href":"https:\/\/news.save.ch\/it\/wp-json\/wp\/v2\/posts\/19694\/revisions\/19700"}],"wp:featuredmedia":[{"embeddable":true,"href":"https:\/\/news.save.ch\/it\/wp-json\/wp\/v2\/media\/19697"}],"wp:attachment":[{"href":"https:\/\/news.save.ch\/it\/wp-json\/wp\/v2\/media?parent=19694"}],"wp:term":[{"taxonomy":"category","embeddable":true,"href":"https:\/\/news.save.ch\/it\/wp-json\/wp\/v2\/categories?post=19694"},{"taxonomy":"post_tag","embeddable":true,"href":"https:\/\/news.save.ch\/it\/wp-json\/wp\/v2\/tags?post=19694"}],"curies":[{"name":"wp","href":"https:\/\/api.w.org\/{rel}","templated":true}]}}