{"id":19989,"date":"2023-07-16T06:16:10","date_gmt":"2023-07-16T04:16:10","guid":{"rendered":"https:\/\/news.save.ch\/?p=19989"},"modified":"2023-07-04T10:54:07","modified_gmt":"2023-07-04T08:54:07","slug":"schluss-mit-den-backup-mythen","status":null,"type":"post","link":"https:\/\/news.save.ch\/it\/schluss-mit-den-backup-mythen\/","title":{"rendered":"Sfatare i miti sul backup"},"content":{"rendered":"<figure id=\"attachment_19990\" aria-describedby=\"caption-attachment-19990\" style=\"width: 680px\" class=\"wp-caption aligncenter\"><img loading=\"lazy\" decoding=\"async\" class=\"size-medium wp-image-19990\" src=\"https:\/\/news.save.ch\/wp-content\/uploads\/2023\/06\/Depositphotos_132717626_S-680x494.jpg\" alt=\"\" width=\"680\" height=\"494\" srcset=\"https:\/\/news.save.ch\/wp-content\/uploads\/2023\/06\/Depositphotos_132717626_S-680x494.jpg 680w, https:\/\/news.save.ch\/wp-content\/uploads\/2023\/06\/Depositphotos_132717626_S-768x558.jpg 768w, https:\/\/news.save.ch\/wp-content\/uploads\/2023\/06\/Depositphotos_132717626_S-18x12.jpg 18w, https:\/\/news.save.ch\/wp-content\/uploads\/2023\/06\/Depositphotos_132717626_S-375x273.jpg 375w, https:\/\/news.save.ch\/wp-content\/uploads\/2023\/06\/Depositphotos_132717626_S-481x350.jpg 481w, https:\/\/news.save.ch\/wp-content\/uploads\/2023\/06\/Depositphotos_132717626_S.jpg 1000w\" sizes=\"auto, (max-width: 680px) 100vw, 680px\" \/><figcaption id=\"caption-attachment-19990\" class=\"wp-caption-text\">Depoitphotos, Rawpixel<\/figcaption><\/figure>\n<p>Eperi GmbH, specializzata nella protezione dei dati, sfata le idee sbagliate sul backup dei dati. Sei miti sul backup:<\/p>\n<h3><strong>1. Il backup dei dati deve essere effettuato solo per poterli ripristinare in caso di disastro.<\/strong><\/h3>\n<p>Questo mito viene smentito ogni giorno. La perdita di dati fa ormai parte della vita quotidiana delle aziende e non deve necessariamente trattarsi di una catastrofe, come un'inondazione, un incendio o un attacco ransomware. Molto pi\u00f9 spesso i dati vengono danneggiati o cancellati per negligenza o per problemi tecnici. E tale perdita di dati non riguarda necessariamente solo il server, ma spesso anche i dispositivi finali dei dipendenti. Fondamentalmente, per\u00f2, la causa della perdita di dati \u00e8 di secondaria importanza. L'unica cosa importante \u00e8 disporre di una copia di backup aggiornata di tutti i dati, in modo da poterli ripristinare e continuare a lavorare senza interruzioni.<\/p>\n<h3><strong>2. il cloud provider \u00e8 responsabile della sicurezza dei dati nel cloud backup.<\/strong><\/h3>\n<p>Anche questa convinzione errata \u00e8 molto diffusa e fa s\u00ec che i criminali informatici abbiano spesso vita facile. Il fatto \u00e8 che la responsabilit\u00e0 della sicurezza e della protezione dei dati spetta esclusivamente all'utente del cloud, cio\u00e8 all'azienda. In molti casi, manca la conoscenza delle misure di protezione effettivamente fornite dai fornitori di cloud. La maggior parte degli utenti del cloud ritiene che la sicurezza e la protezione dei dati siano di esclusiva responsabilit\u00e0 del cloud provider, il che porta a un falso senso di sicurezza. In realt\u00e0, \u00e8 solo compito dell'utente assicurarsi che i propri dati siano adeguatamente protetti. Un sondaggio allarmante condotto tra i dirigenti tedeschi ha rilevato che il 58% ritiene che il cloud provider protegga l'infrastruttura, le applicazioni e i dati nell'ambiente cloud.<\/p>\n<h3><strong>3. non c'\u00e8 differenza tra il backup e il ripristino dei dati.\u00a0<\/strong><\/h3>\n<p>Questa valutazione \u00e8 sbagliata, perch\u00e9 entrambi, il backup dei dati e il loro ripristino, sono importanti per la continuit\u00e0 aziendale. Tuttavia, ci sono delle differenze: il backup dei dati si concentra sulla protezione e sulla custodia dei dati. Il ripristino dei dati, invece, riguarda il recupero dei dati di cui si \u00e8 fatto il backup nel pi\u00f9 breve tempo possibile e la possibilit\u00e0 di ripristinarli nei sistemi.  Di conseguenza, sia un backup dei dati affidabile che un recupero dei dati rapido sono fondamentali per la continuit\u00e0 operativa di un'azienda.<\/p>\n<h3><strong>4. \u00e8 sufficiente un ritmo di backup settimanale<\/strong><\/h3>\n<p>Si pu\u00f2 seguire questo ritmo, ma la sicurezza dei dati non \u00e8 poi cos\u00ec lontana. Il fatto \u00e8 che nel lasso di tempo che intercorre tra l'ultimo backup e la perdita dei dati possono accadere molte cose. Pertanto, pi\u00f9 brevi sono gli intervalli tra un backup e l'altro, minore \u00e8 la perdita potenziale di dati in caso di emergenza. Il ritmo di backup pi\u00f9 breve \u00e8 il backup immediato per ogni modifica dei dati, non importa quanto piccola: il \"backup continuo\". Solo con un backup permanente e costante dei dati a intervalli brevi \u00e8 possibile evitare lunghi tempi di inattivit\u00e0 della produzione, gravi danni all'immagine e molto altro ancora. Fortunatamente, un gran numero di aziende sembra essere gi\u00e0 consapevole di questo pericolo. Secondo un sondaggio condotto su 3000 responsabili IT, il 57% sta pianificando misure concrete per garantire un moderno backup dei dati entro la fine dell'anno.<\/p>\n<h3><strong>5. Il backup-as-a-service \u00e8 pi\u00f9 insicuro della protezione dei dati on-premise nel data center.<\/strong><\/h3>\n<p>\u00c8 vero il contrario: con il cloud come destinazione per l'archiviazione distribuita dei dati, il rischio di perdita dei dati \u00e8 inferiore rispetto a un backup esclusivamente on-premise. \u00c8 quindi importante integrare il cloud in una strategia di backup scalabile e agile. In un mondo guidato dai dati, i crescenti volumi di dati comportano anche nuove esigenze di protezione dei dati e il backup-as-a-service \u00e8 il modello principale per il futuro. La geo-ridondanza significa che il backup \u00e8 localizzato geograficamente altrove, il che riduce automaticamente il rischio di perdita dei dati a causa di eventi imprevisti come disastri naturali, difetti tecnici o errori umani. Inoltre, le soluzioni di Back-up-as-a-Service dispongono di moderne tecnologie di crittografia, in modo che i dati siano protetti anche se un backup dovesse cadere nelle mani sbagliate.<\/p>\n<h3><strong>6. la crittografia nativa di un provider di backup in cloud \u00e8 sufficiente<\/strong><\/h3>\n<p>No, i dati sono veramente sicuri solo con una forte crittografia che viene applicata prima del trasferimento nel cloud. In caso contrario, il fornitore di backup ha accesso ai dati in chiaro e questo dovrebbe essere evitato. A questo punto \u00e8 importante chiarire in quali circostanze le autorit\u00e0 pubbliche di Paesi terzi possono accedere ai dati personali delle aziende dell'UE. Per evitare questo conflitto, molti fornitori di cloud statunitensi si affidano a filiali dell'UE, che poi archiviano i dati nell'UE. Ma anche con questa struttura, non si pu\u00f2 evitare che una filiale rilasci i dati dell'UE alle autorit\u00e0 statunitensi su pressione della societ\u00e0 madre americana. Un altro problema \u00e8 che i cittadini dell'UE non hanno il diritto di opporsi al trattamento dei dati - in altre parole, non \u00e8 possibile esercitare i diritti degli interessati, come nel caso del GDPR. I dati sensibili dovrebbero quindi essere crittografati prima di essere trasferiti nel cloud e i dati personali dovrebbero rimanere tali durante l'elaborazione e l'archiviazione oltre i confini nazionali.<\/p>\n<p>Come si \u00e8 visto, le moderne opzioni di backup non solo sono migliori della loro reputazione, ma il loro utilizzo \u00e8 atteso da tempo. Per questo \u00e8 ancora pi\u00f9 importante liberarsi delle vecchie idee, per non dire dei pregiudizi, e puntare con coraggio sulle tecnologie moderne.<\/p>\n<p><em>Comunicato stampa <a href=\"http:\/\/www.eperi.com\">Eperi GmbH<\/a><\/em><\/p>","protected":false},"excerpt":{"rendered":"<p>Die auf Datenschutz spezialisierte Eperi GmbH r\u00e4umt mit Fehleinsch\u00e4tzungen zum Thema Datensicherung auf. Sechs Backup-Mythen: 1. Daten m\u00fcssen nur gesichert werden, um sie im Katastrophenfall wiederherstellen zu k\u00f6nnen Dieser Mythos wird tagt\u00e4glich widerlegt. Der Verlust von Daten geh\u00f6rt inzwischen zum Alltag der Unternehmen und es muss keineswegs zwingend eine Katastrophe, wie etwa ein Hochwasser, ein [&hellip;]<\/p>\n","protected":false},"author":8,"featured_media":19990,"comment_status":"closed","ping_status":"closed","sticky":false,"template":"","format":"standard","meta":{"_acf_changed":false,"pgc_sgb_lightbox_settings":"","footnotes":""},"categories":[3313],"tags":[777],"class_list":["post-19989","post","type-post","status-publish","format-standard","has-post-thumbnail","hentry","category-digitalisierung","tag-backup"],"acf":[],"hkrextid":null,"publication":null,"issue":null,"workflow":null,"startPage":null,"spitzmarke":null,"_posts_by_tag_page_fields":null,"_at_widget":null,"_yoast_wpseo_primary_category":"3313","_yoast_wpseo_focuskw_text_input":null,"_yoast_wpseo_opengraph-image":null,"_yoast_wpseo_opengraph-description":null,"_yoast_wpseo_opengraph-title":null,"enclosure":null,"_yoast_wpseo_twitter-title":null,"_yoast_wpseo_twitter-description":null,"_yoast_wpseo_twitter-image":null,"_wp_old_slug":null,"_yoast_wpseo_title":null,"_yoast_wpseo_canonical":null,"yoast_head":"<!-- This site is optimized with the Yoast SEO plugin v27.5 - https:\/\/yoast.com\/product\/yoast-seo-wordpress\/ -->\n<title>Schluss mit den Backup-Mythen - Save<\/title>\n<meta name=\"description\" content=\"Die zuverl\u00e4ssige Datensicherung und -wiederherstellung wird immer wichtiger. Deshalb gilt es mit ein paar weitverbreitete Backup-Mythen aufzur\u00e4umen.\" \/>\n<meta name=\"robots\" content=\"index, follow, max-snippet:-1, max-image-preview:large, max-video-preview:-1\" \/>\n<link rel=\"canonical\" href=\"https:\/\/news.save.ch\/it\/schluss-mit-den-backup-mythen\/\" \/>\n<meta property=\"og:locale\" content=\"it_IT\" \/>\n<meta property=\"og:type\" content=\"article\" \/>\n<meta property=\"og:title\" content=\"Schluss mit den Backup-Mythen - Save\" \/>\n<meta property=\"og:description\" content=\"Die zuverl\u00e4ssige Datensicherung und -wiederherstellung wird immer wichtiger. Deshalb gilt es mit ein paar weitverbreitete Backup-Mythen aufzur\u00e4umen.\" \/>\n<meta property=\"og:url\" content=\"https:\/\/news.save.ch\/it\/schluss-mit-den-backup-mythen\/\" \/>\n<meta property=\"og:site_name\" content=\"Save\" \/>\n<meta property=\"article:published_time\" content=\"2023-07-16T04:16:10+00:00\" \/>\n<meta property=\"og:image\" content=\"https:\/\/news.save.ch\/wp-content\/uploads\/2023\/06\/Depositphotos_132717626_S.jpg\" \/>\n\t<meta property=\"og:image:width\" content=\"1000\" \/>\n\t<meta property=\"og:image:height\" content=\"727\" \/>\n\t<meta property=\"og:image:type\" content=\"image\/jpeg\" \/>\n<meta name=\"author\" content=\"Roger Str\u00e4ssle\" \/>\n<meta name=\"twitter:card\" content=\"summary_large_image\" \/>\n<meta name=\"twitter:label1\" content=\"Scritto da\" \/>\n\t<meta name=\"twitter:data1\" content=\"Roger Str\u00e4ssle\" \/>\n\t<meta name=\"twitter:label2\" content=\"Tempo di lettura stimato\" \/>\n\t<meta name=\"twitter:data2\" content=\"5 minuti\" \/>\n<script type=\"application\/ld+json\" class=\"yoast-schema-graph\">{\"@context\":\"https:\\\/\\\/schema.org\",\"@graph\":[{\"@type\":\"Article\",\"@id\":\"https:\\\/\\\/news.save.ch\\\/schluss-mit-den-backup-mythen\\\/#article\",\"isPartOf\":{\"@id\":\"https:\\\/\\\/news.save.ch\\\/schluss-mit-den-backup-mythen\\\/\"},\"author\":{\"name\":\"Roger Str\u00e4ssle\",\"@id\":\"https:\\\/\\\/news.save.ch\\\/de\\\/#\\\/schema\\\/person\\\/d5022db048e0e2b9785c50e5b24da5aa\"},\"headline\":\"Schluss mit den Backup-Mythen\",\"datePublished\":\"2023-07-16T04:16:10+00:00\",\"mainEntityOfPage\":{\"@id\":\"https:\\\/\\\/news.save.ch\\\/schluss-mit-den-backup-mythen\\\/\"},\"wordCount\":868,\"publisher\":{\"@id\":\"https:\\\/\\\/news.save.ch\\\/de\\\/#organization\"},\"image\":{\"@id\":\"https:\\\/\\\/news.save.ch\\\/schluss-mit-den-backup-mythen\\\/#primaryimage\"},\"thumbnailUrl\":\"https:\\\/\\\/news.save.ch\\\/wp-content\\\/uploads\\\/2023\\\/06\\\/Depositphotos_132717626_S.jpg\",\"keywords\":[\"Backup\"],\"articleSection\":[\"DIGITALISIERUNG\"],\"inLanguage\":\"it-IT\"},{\"@type\":\"WebPage\",\"@id\":\"https:\\\/\\\/news.save.ch\\\/schluss-mit-den-backup-mythen\\\/\",\"url\":\"https:\\\/\\\/news.save.ch\\\/schluss-mit-den-backup-mythen\\\/\",\"name\":\"Schluss mit den Backup-Mythen - Save\",\"isPartOf\":{\"@id\":\"https:\\\/\\\/news.save.ch\\\/de\\\/#website\"},\"primaryImageOfPage\":{\"@id\":\"https:\\\/\\\/news.save.ch\\\/schluss-mit-den-backup-mythen\\\/#primaryimage\"},\"image\":{\"@id\":\"https:\\\/\\\/news.save.ch\\\/schluss-mit-den-backup-mythen\\\/#primaryimage\"},\"thumbnailUrl\":\"https:\\\/\\\/news.save.ch\\\/wp-content\\\/uploads\\\/2023\\\/06\\\/Depositphotos_132717626_S.jpg\",\"datePublished\":\"2023-07-16T04:16:10+00:00\",\"description\":\"Die zuverl\u00e4ssige Datensicherung und -wiederherstellung wird immer wichtiger. Deshalb gilt es mit ein paar weitverbreitete Backup-Mythen aufzur\u00e4umen.\",\"breadcrumb\":{\"@id\":\"https:\\\/\\\/news.save.ch\\\/schluss-mit-den-backup-mythen\\\/#breadcrumb\"},\"inLanguage\":\"it-IT\",\"potentialAction\":[{\"@type\":\"ReadAction\",\"target\":[\"https:\\\/\\\/news.save.ch\\\/schluss-mit-den-backup-mythen\\\/\"]}]},{\"@type\":\"ImageObject\",\"inLanguage\":\"it-IT\",\"@id\":\"https:\\\/\\\/news.save.ch\\\/schluss-mit-den-backup-mythen\\\/#primaryimage\",\"url\":\"https:\\\/\\\/news.save.ch\\\/wp-content\\\/uploads\\\/2023\\\/06\\\/Depositphotos_132717626_S.jpg\",\"contentUrl\":\"https:\\\/\\\/news.save.ch\\\/wp-content\\\/uploads\\\/2023\\\/06\\\/Depositphotos_132717626_S.jpg\",\"width\":1000,\"height\":727,\"caption\":\"Depoitphotos, Rawpixel\"},{\"@type\":\"BreadcrumbList\",\"@id\":\"https:\\\/\\\/news.save.ch\\\/schluss-mit-den-backup-mythen\\\/#breadcrumb\",\"itemListElement\":[{\"@type\":\"ListItem\",\"position\":1,\"name\":\"Home\",\"item\":\"https:\\\/\\\/news.save.ch\\\/de\\\/\"},{\"@type\":\"ListItem\",\"position\":2,\"name\":\"Schluss mit den Backup-Mythen\"}]},{\"@type\":\"WebSite\",\"@id\":\"https:\\\/\\\/news.save.ch\\\/de\\\/#website\",\"url\":\"https:\\\/\\\/news.save.ch\\\/de\\\/\",\"name\":\"Save\",\"description\":\"Schweizer Fachzeitschrift f\u00fcr Sicherheit\",\"publisher\":{\"@id\":\"https:\\\/\\\/news.save.ch\\\/de\\\/#organization\"},\"potentialAction\":[{\"@type\":\"SearchAction\",\"target\":{\"@type\":\"EntryPoint\",\"urlTemplate\":\"https:\\\/\\\/news.save.ch\\\/de\\\/?s={search_term_string}\"},\"query-input\":{\"@type\":\"PropertyValueSpecification\",\"valueRequired\":true,\"valueName\":\"search_term_string\"}}],\"inLanguage\":\"it-IT\"},{\"@type\":\"Organization\",\"@id\":\"https:\\\/\\\/news.save.ch\\\/de\\\/#organization\",\"name\":\"Sicherheitsforum\",\"url\":\"https:\\\/\\\/news.save.ch\\\/de\\\/\",\"logo\":{\"@type\":\"ImageObject\",\"inLanguage\":\"it-IT\",\"@id\":\"https:\\\/\\\/news.save.ch\\\/de\\\/#\\\/schema\\\/logo\\\/image\\\/\",\"url\":\"https:\\\/\\\/news.save.ch\\\/wp-content\\\/uploads\\\/2022\\\/06\\\/Logo_SF_2012.png\",\"contentUrl\":\"https:\\\/\\\/news.save.ch\\\/wp-content\\\/uploads\\\/2022\\\/06\\\/Logo_SF_2012.png\",\"width\":1100,\"height\":91,\"caption\":\"Sicherheitsforum\"},\"image\":{\"@id\":\"https:\\\/\\\/news.save.ch\\\/de\\\/#\\\/schema\\\/logo\\\/image\\\/\"}},{\"@type\":\"Person\",\"@id\":\"https:\\\/\\\/news.save.ch\\\/de\\\/#\\\/schema\\\/person\\\/d5022db048e0e2b9785c50e5b24da5aa\",\"name\":\"Roger Str\u00e4ssle\",\"image\":{\"@type\":\"ImageObject\",\"inLanguage\":\"it-IT\",\"@id\":\"https:\\\/\\\/secure.gravatar.com\\\/avatar\\\/862a5569d087de48e5856e32f45d719a03804c891d6deb8d4f71a660e79e4a47?s=96&d=mm&r=g\",\"url\":\"https:\\\/\\\/secure.gravatar.com\\\/avatar\\\/862a5569d087de48e5856e32f45d719a03804c891d6deb8d4f71a660e79e4a47?s=96&d=mm&r=g\",\"contentUrl\":\"https:\\\/\\\/secure.gravatar.com\\\/avatar\\\/862a5569d087de48e5856e32f45d719a03804c891d6deb8d4f71a660e79e4a47?s=96&d=mm&r=g\",\"caption\":\"Roger Str\u00e4ssle\"},\"url\":\"https:\\\/\\\/news.save.ch\\\/it\\\/author\\\/roger-straessle\\\/\"}]}<\/script>\n<!-- \/ Yoast SEO plugin. -->","yoast_head_json":{"title":"Sfatare i miti sul backup - Save","description":"L'affidabilit\u00e0 del backup e del ripristino dei dati sta diventando sempre pi\u00f9 importante. Per questo \u00e8 importante sfatare alcuni miti diffusi sul backup.","robots":{"index":"index","follow":"follow","max-snippet":"max-snippet:-1","max-image-preview":"max-image-preview:large","max-video-preview":"max-video-preview:-1"},"canonical":"https:\/\/news.save.ch\/it\/schluss-mit-den-backup-mythen\/","og_locale":"it_IT","og_type":"article","og_title":"Schluss mit den Backup-Mythen - Save","og_description":"Die zuverl\u00e4ssige Datensicherung und -wiederherstellung wird immer wichtiger. Deshalb gilt es mit ein paar weitverbreitete Backup-Mythen aufzur\u00e4umen.","og_url":"https:\/\/news.save.ch\/it\/schluss-mit-den-backup-mythen\/","og_site_name":"Save","article_published_time":"2023-07-16T04:16:10+00:00","og_image":[{"width":1000,"height":727,"url":"https:\/\/news.save.ch\/wp-content\/uploads\/2023\/06\/Depositphotos_132717626_S.jpg","type":"image\/jpeg"}],"author":"Roger Str\u00e4ssle","twitter_card":"summary_large_image","twitter_misc":{"Scritto da":"Roger Str\u00e4ssle","Tempo di lettura stimato":"5 minuti"},"schema":{"@context":"https:\/\/schema.org","@graph":[{"@type":"Article","@id":"https:\/\/news.save.ch\/schluss-mit-den-backup-mythen\/#article","isPartOf":{"@id":"https:\/\/news.save.ch\/schluss-mit-den-backup-mythen\/"},"author":{"name":"Roger Str\u00e4ssle","@id":"https:\/\/news.save.ch\/de\/#\/schema\/person\/d5022db048e0e2b9785c50e5b24da5aa"},"headline":"Schluss mit den Backup-Mythen","datePublished":"2023-07-16T04:16:10+00:00","mainEntityOfPage":{"@id":"https:\/\/news.save.ch\/schluss-mit-den-backup-mythen\/"},"wordCount":868,"publisher":{"@id":"https:\/\/news.save.ch\/de\/#organization"},"image":{"@id":"https:\/\/news.save.ch\/schluss-mit-den-backup-mythen\/#primaryimage"},"thumbnailUrl":"https:\/\/news.save.ch\/wp-content\/uploads\/2023\/06\/Depositphotos_132717626_S.jpg","keywords":["Backup"],"articleSection":["DIGITALISIERUNG"],"inLanguage":"it-IT"},{"@type":"WebPage","@id":"https:\/\/news.save.ch\/schluss-mit-den-backup-mythen\/","url":"https:\/\/news.save.ch\/schluss-mit-den-backup-mythen\/","name":"Sfatare i miti sul backup - Save","isPartOf":{"@id":"https:\/\/news.save.ch\/de\/#website"},"primaryImageOfPage":{"@id":"https:\/\/news.save.ch\/schluss-mit-den-backup-mythen\/#primaryimage"},"image":{"@id":"https:\/\/news.save.ch\/schluss-mit-den-backup-mythen\/#primaryimage"},"thumbnailUrl":"https:\/\/news.save.ch\/wp-content\/uploads\/2023\/06\/Depositphotos_132717626_S.jpg","datePublished":"2023-07-16T04:16:10+00:00","description":"L'affidabilit\u00e0 del backup e del ripristino dei dati sta diventando sempre pi\u00f9 importante. Per questo \u00e8 importante sfatare alcuni miti diffusi sul backup.","breadcrumb":{"@id":"https:\/\/news.save.ch\/schluss-mit-den-backup-mythen\/#breadcrumb"},"inLanguage":"it-IT","potentialAction":[{"@type":"ReadAction","target":["https:\/\/news.save.ch\/schluss-mit-den-backup-mythen\/"]}]},{"@type":"ImageObject","inLanguage":"it-IT","@id":"https:\/\/news.save.ch\/schluss-mit-den-backup-mythen\/#primaryimage","url":"https:\/\/news.save.ch\/wp-content\/uploads\/2023\/06\/Depositphotos_132717626_S.jpg","contentUrl":"https:\/\/news.save.ch\/wp-content\/uploads\/2023\/06\/Depositphotos_132717626_S.jpg","width":1000,"height":727,"caption":"Depoitphotos, Rawpixel"},{"@type":"BreadcrumbList","@id":"https:\/\/news.save.ch\/schluss-mit-den-backup-mythen\/#breadcrumb","itemListElement":[{"@type":"ListItem","position":1,"name":"Home","item":"https:\/\/news.save.ch\/de\/"},{"@type":"ListItem","position":2,"name":"Schluss mit den Backup-Mythen"}]},{"@type":"WebSite","@id":"https:\/\/news.save.ch\/de\/#website","url":"https:\/\/news.save.ch\/de\/","name":"Risparmiare","description":"Rivista svizzera specializzata in sicurezza","publisher":{"@id":"https:\/\/news.save.ch\/de\/#organization"},"potentialAction":[{"@type":"SearchAction","target":{"@type":"EntryPoint","urlTemplate":"https:\/\/news.save.ch\/de\/?s={search_term_string}"},"query-input":{"@type":"PropertyValueSpecification","valueRequired":true,"valueName":"search_term_string"}}],"inLanguage":"it-IT"},{"@type":"Organization","@id":"https:\/\/news.save.ch\/de\/#organization","name":"Forum sulla sicurezza","url":"https:\/\/news.save.ch\/de\/","logo":{"@type":"ImageObject","inLanguage":"it-IT","@id":"https:\/\/news.save.ch\/de\/#\/schema\/logo\/image\/","url":"https:\/\/news.save.ch\/wp-content\/uploads\/2022\/06\/Logo_SF_2012.png","contentUrl":"https:\/\/news.save.ch\/wp-content\/uploads\/2022\/06\/Logo_SF_2012.png","width":1100,"height":91,"caption":"Sicherheitsforum"},"image":{"@id":"https:\/\/news.save.ch\/de\/#\/schema\/logo\/image\/"}},{"@type":"Person","@id":"https:\/\/news.save.ch\/de\/#\/schema\/person\/d5022db048e0e2b9785c50e5b24da5aa","name":"Roger Str\u00e4ssle","image":{"@type":"ImageObject","inLanguage":"it-IT","@id":"https:\/\/secure.gravatar.com\/avatar\/862a5569d087de48e5856e32f45d719a03804c891d6deb8d4f71a660e79e4a47?s=96&d=mm&r=g","url":"https:\/\/secure.gravatar.com\/avatar\/862a5569d087de48e5856e32f45d719a03804c891d6deb8d4f71a660e79e4a47?s=96&d=mm&r=g","contentUrl":"https:\/\/secure.gravatar.com\/avatar\/862a5569d087de48e5856e32f45d719a03804c891d6deb8d4f71a660e79e4a47?s=96&d=mm&r=g","caption":"Roger Str\u00e4ssle"},"url":"https:\/\/news.save.ch\/it\/author\/roger-straessle\/"}]}},"_links":{"self":[{"href":"https:\/\/news.save.ch\/it\/wp-json\/wp\/v2\/posts\/19989","targetHints":{"allow":["GET"]}}],"collection":[{"href":"https:\/\/news.save.ch\/it\/wp-json\/wp\/v2\/posts"}],"about":[{"href":"https:\/\/news.save.ch\/it\/wp-json\/wp\/v2\/types\/post"}],"author":[{"embeddable":true,"href":"https:\/\/news.save.ch\/it\/wp-json\/wp\/v2\/users\/8"}],"replies":[{"embeddable":true,"href":"https:\/\/news.save.ch\/it\/wp-json\/wp\/v2\/comments?post=19989"}],"version-history":[{"count":3,"href":"https:\/\/news.save.ch\/it\/wp-json\/wp\/v2\/posts\/19989\/revisions"}],"predecessor-version":[{"id":20470,"href":"https:\/\/news.save.ch\/it\/wp-json\/wp\/v2\/posts\/19989\/revisions\/20470"}],"wp:featuredmedia":[{"embeddable":true,"href":"https:\/\/news.save.ch\/it\/wp-json\/wp\/v2\/media\/19990"}],"wp:attachment":[{"href":"https:\/\/news.save.ch\/it\/wp-json\/wp\/v2\/media?parent=19989"}],"wp:term":[{"taxonomy":"category","embeddable":true,"href":"https:\/\/news.save.ch\/it\/wp-json\/wp\/v2\/categories?post=19989"},{"taxonomy":"post_tag","embeddable":true,"href":"https:\/\/news.save.ch\/it\/wp-json\/wp\/v2\/tags?post=19989"}],"curies":[{"name":"wp","href":"https:\/\/api.w.org\/{rel}","templated":true}]}}