{"id":2007,"date":"2015-10-27T15:44:40","date_gmt":"2015-10-27T14:44:40","guid":{"rendered":"https:\/\/dev.sicherheitsforum.ch\/?p=2007"},"modified":"2015-10-27T15:44:40","modified_gmt":"2015-10-27T14:44:40","slug":"vds-bildungszentrum-erweitert-lehrgangsangebot","status":null,"type":"post","link":"https:\/\/news.save.ch\/it\/vds-bildungszentrum-erweitert-lehrgangsangebot\/","title":{"rendered":"Il Centro di formazione VdS amplia l'offerta di corsi"},"content":{"rendered":"<figure id=\"attachment_2008\" aria-describedby=\"caption-attachment-2008\" style=\"width: 680px\" class=\"wp-caption alignnone\"><img loading=\"lazy\" decoding=\"async\" class=\"wp-image-2008 size-medium\" src=\"https:\/\/news.save.ch\/wp-content\/uploads\/2016\/12\/VdS-Bildungszentrum-erweitert-Lehrgangsangebot-sicherheitsforum.jpg\" width=\"680\" height=\"453\" \/><figcaption id=\"caption-attachment-2008\" class=\"wp-caption-text\">La VdS ha inoltre ampliato ulteriormente la formazione dei responsabili della protezione antincendio. Foto: VdS<\/figcaption><\/figure>\n<p>&nbsp;<\/p>\n<p>Incendi, crimini informatici o danni causati da calamit\u00e0 naturali possono mettere a repentaglio l'esistenza delle aziende e costare miliardi agli assicuratori ogni anno. La migliore base per la protezione preventiva \u00e8 quindi costituita da dipendenti addestrati che riconoscono i potenziali pericoli e adottano contromisure prima che si verifichi un danno. Il <a href=\"https:\/\/www.vds.de\" target=\"_blank\" data-cke-saved-href=\"https:\/\/www.vds.de\" rel=\"noopener\">VdS<\/a><a href=\"https:\/\/vds.de\/de\/bildungszentrum-verlag\/\" target=\"_blank\" data-cke-saved-href=\"https:\/\/vds.de\/de\/bildungszentrum-verlag\/\" rel=\"noopener\">-Centro per l'istruzione<\/a> ha quindi integrato la sua gamma di corsi: ora include le aree di formazione \"Sicurezza delle informazioni\" e \"Rischi naturali\".<\/p>\n<p>Con oltre 90 corsi e workshop diversi e circa 25 conferenze specialistiche, \u00e8 oggi uno dei pi\u00f9 rinomati fornitori di formazione per la sicurezza aziendale in Germania, come sottolinea Ingeborg Schlosser, Division Manager di VdS Education Centre &amp; Publishing. Con la pubblicazione del programma dei corsi 2016, l'ente di formazione professionale si prepara anche al suo 25\u00b0 anniversario.<\/p>\n<p>\"Abbiamo sempre trattato i temi della protezione antincendio, della sicurezza, degli impianti elettrici e della sicurezza sul lavoro. A causa degli sviluppi attuali e delle situazioni di pericolo, anche nel 2016 includeremo nel programma corsi su nuovi argomenti sopra citati\", ha spiegato Schlosser a proposito della nuova offerta formativa. \"Inoltre, abbiamo ampliato ulteriormente la nostra offerta per il prossimo anno per il necessario perfezionamento degli addetti alla protezione antincendio\", ha aggiunto.<\/p>","protected":false},"excerpt":{"rendered":"<p>&nbsp; Brandsch\u00e4den, Cyber-Kriminalit\u00e4t oder Sch\u00e4den durch Naturkatastrophen k\u00f6nnen die Existenz von Unternehmen gef\u00e4hrden und kosten die Versicherer j\u00e4hrlich Milliardensummen. Beste Basis f\u00fcr einen pr\u00e4ventiven Schutz sind deshalb geschulte Mitarbeitende, die potenzielle Gef\u00e4hrdungen erkennen und Gegenmassnahmen einleiten, bevor es \u00fcberhaupt zu einem Schaden kommt. Das VdS-Bildungszentrum hat deshalb sein Lehrgangsangebot erg\u00e4nzt: Es enth\u00e4lt neu die Schulungsbereiche [&hellip;]<\/p>\n","protected":false},"author":1,"featured_media":2008,"comment_status":"open","ping_status":"open","sticky":false,"template":"","format":"standard","meta":{"_acf_changed":false,"pgc_sgb_lightbox_settings":"","footnotes":""},"categories":[1],"tags":[109],"class_list":["post-2007","post","type-post","status-publish","format-standard","has-post-thumbnail","hentry","category-allgemein","tag-aus-und-weiterbildung"],"acf":[],"hkrextid":null,"publication":null,"issue":null,"workflow":null,"startPage":null,"spitzmarke":null,"_posts_by_tag_page_fields":{"widget_title":"","widget_tags":""},"_at_widget":"1","_yoast_wpseo_primary_category":"1","_yoast_wpseo_focuskw_text_input":"VdS-Bildungszentrum","_yoast_wpseo_opengraph-image":"https:\/\/news.save.ch\/wp-content\/uploads\/2016\/12\/VdS-Bildungszentrum-erweitert-Lehrgangsangebot-sicherheitsforum.jpg","_yoast_wpseo_opengraph-description":"Das VdS-Bildungszentrum hat sein Lehrgangsangebot erg\u00e4nzt: Es enth\u00e4lt neu die Schulungsbereiche \"Informationssicherheit\" sowie \"Naturgefahren\". Aber auch Brandschutzbeauftragten wird mehr geboten.","_yoast_wpseo_opengraph-title":"VdS-Bildungszentrum erweitert Lehrgangsangebot","enclosure":null,"_yoast_wpseo_twitter-title":null,"_yoast_wpseo_twitter-description":null,"_yoast_wpseo_twitter-image":null,"_wp_old_slug":null,"_yoast_wpseo_title":null,"_yoast_wpseo_canonical":null,"yoast_head":"<!-- This site is optimized with the Yoast SEO plugin v27.5 - https:\/\/yoast.com\/product\/yoast-seo-wordpress\/ -->\n<title>VdS-Bildungszentrum erweitert Lehrgangsangebot - Save<\/title>\n<meta name=\"description\" content=\"Das VdS-Bildungszentrum hat sein Lehrgangsangebot erg\u00e4nzt: Es enth\u00e4lt neu die Schulungsbereiche &quot;Informationssicherheit&quot; sowie &quot;Naturgefahren&quot;.\" \/>\n<meta name=\"robots\" content=\"index, follow, max-snippet:-1, max-image-preview:large, max-video-preview:-1\" \/>\n<link rel=\"canonical\" href=\"https:\/\/news.save.ch\/it\/vds-bildungszentrum-erweitert-lehrgangsangebot\/\" \/>\n<meta property=\"og:locale\" content=\"it_IT\" \/>\n<meta property=\"og:type\" content=\"article\" \/>\n<meta property=\"og:title\" content=\"VdS-Bildungszentrum erweitert Lehrgangsangebot\" \/>\n<meta property=\"og:description\" content=\"Das VdS-Bildungszentrum hat sein Lehrgangsangebot erg\u00e4nzt: Es enth\u00e4lt neu die Schulungsbereiche &quot;Informationssicherheit&quot; sowie &quot;Naturgefahren&quot;. Aber auch Brandschutzbeauftragten wird mehr geboten.\" \/>\n<meta property=\"og:url\" content=\"https:\/\/news.save.ch\/it\/vds-bildungszentrum-erweitert-lehrgangsangebot\/\" \/>\n<meta property=\"og:site_name\" content=\"Save\" \/>\n<meta property=\"article:published_time\" content=\"2015-10-27T14:44:40+00:00\" \/>\n<meta property=\"og:image\" content=\"https:\/\/news.save.ch\/wp-content\/uploads\/2016\/12\/VdS-Bildungszentrum-erweitert-Lehrgangsangebot-sicherheitsforum.jpg\" \/>\n<meta name=\"author\" content=\"admin\" \/>\n<meta name=\"twitter:card\" content=\"summary_large_image\" \/>\n<meta name=\"twitter:label1\" content=\"Scritto da\" \/>\n\t<meta name=\"twitter:data1\" content=\"admin\" \/>\n\t<meta name=\"twitter:label2\" content=\"Tempo di lettura stimato\" \/>\n\t<meta name=\"twitter:data2\" content=\"1 minuto\" \/>\n<script type=\"application\/ld+json\" class=\"yoast-schema-graph\">{\"@context\":\"https:\\\/\\\/schema.org\",\"@graph\":[{\"@type\":\"Article\",\"@id\":\"https:\\\/\\\/news.save.ch\\\/vds-bildungszentrum-erweitert-lehrgangsangebot\\\/#article\",\"isPartOf\":{\"@id\":\"https:\\\/\\\/news.save.ch\\\/vds-bildungszentrum-erweitert-lehrgangsangebot\\\/\"},\"author\":{\"name\":\"admin\",\"@id\":\"https:\\\/\\\/news.save.ch\\\/de\\\/#\\\/schema\\\/person\\\/d49e199490bad7c70d64b9ab51142f2b\"},\"headline\":\"VdS-Bildungszentrum erweitert Lehrgangsangebot\",\"datePublished\":\"2015-10-27T14:44:40+00:00\",\"mainEntityOfPage\":{\"@id\":\"https:\\\/\\\/news.save.ch\\\/vds-bildungszentrum-erweitert-lehrgangsangebot\\\/\"},\"wordCount\":208,\"commentCount\":0,\"publisher\":{\"@id\":\"https:\\\/\\\/news.save.ch\\\/de\\\/#organization\"},\"image\":{\"@id\":\"https:\\\/\\\/news.save.ch\\\/vds-bildungszentrum-erweitert-lehrgangsangebot\\\/#primaryimage\"},\"thumbnailUrl\":\"https:\\\/\\\/news.save.ch\\\/wp-content\\\/uploads\\\/2016\\\/12\\\/VdS-Bildungszentrum-erweitert-Lehrgangsangebot-sicherheitsforum-scaled-1-scaled.jpg\",\"keywords\":[\"Aus- und Weiterbildung\"],\"articleSection\":[\"ALLGEMEIN\"],\"inLanguage\":\"it-IT\"},{\"@type\":\"WebPage\",\"@id\":\"https:\\\/\\\/news.save.ch\\\/vds-bildungszentrum-erweitert-lehrgangsangebot\\\/\",\"url\":\"https:\\\/\\\/news.save.ch\\\/vds-bildungszentrum-erweitert-lehrgangsangebot\\\/\",\"name\":\"VdS-Bildungszentrum erweitert Lehrgangsangebot - Save\",\"isPartOf\":{\"@id\":\"https:\\\/\\\/news.save.ch\\\/de\\\/#website\"},\"primaryImageOfPage\":{\"@id\":\"https:\\\/\\\/news.save.ch\\\/vds-bildungszentrum-erweitert-lehrgangsangebot\\\/#primaryimage\"},\"image\":{\"@id\":\"https:\\\/\\\/news.save.ch\\\/vds-bildungszentrum-erweitert-lehrgangsangebot\\\/#primaryimage\"},\"thumbnailUrl\":\"https:\\\/\\\/news.save.ch\\\/wp-content\\\/uploads\\\/2016\\\/12\\\/VdS-Bildungszentrum-erweitert-Lehrgangsangebot-sicherheitsforum-scaled-1-scaled.jpg\",\"datePublished\":\"2015-10-27T14:44:40+00:00\",\"description\":\"Das VdS-Bildungszentrum hat sein Lehrgangsangebot erg\u00e4nzt: Es enth\u00e4lt neu die Schulungsbereiche \\\"Informationssicherheit\\\" sowie \\\"Naturgefahren\\\".\",\"breadcrumb\":{\"@id\":\"https:\\\/\\\/news.save.ch\\\/vds-bildungszentrum-erweitert-lehrgangsangebot\\\/#breadcrumb\"},\"inLanguage\":\"it-IT\",\"potentialAction\":[{\"@type\":\"ReadAction\",\"target\":[\"https:\\\/\\\/news.save.ch\\\/vds-bildungszentrum-erweitert-lehrgangsangebot\\\/\"]}]},{\"@type\":\"ImageObject\",\"inLanguage\":\"it-IT\",\"@id\":\"https:\\\/\\\/news.save.ch\\\/vds-bildungszentrum-erweitert-lehrgangsangebot\\\/#primaryimage\",\"url\":\"https:\\\/\\\/news.save.ch\\\/wp-content\\\/uploads\\\/2016\\\/12\\\/VdS-Bildungszentrum-erweitert-Lehrgangsangebot-sicherheitsforum-scaled-1-scaled.jpg\",\"contentUrl\":\"https:\\\/\\\/news.save.ch\\\/wp-content\\\/uploads\\\/2016\\\/12\\\/VdS-Bildungszentrum-erweitert-Lehrgangsangebot-sicherheitsforum-scaled-1-scaled.jpg\",\"width\":1400,\"height\":934,\"caption\":\"Der VdS hat auch die Fortbildung f\u00fcr Brandschutzbeauftragte weiter ausgebaut. Foto: VdS\"},{\"@type\":\"BreadcrumbList\",\"@id\":\"https:\\\/\\\/news.save.ch\\\/vds-bildungszentrum-erweitert-lehrgangsangebot\\\/#breadcrumb\",\"itemListElement\":[{\"@type\":\"ListItem\",\"position\":1,\"name\":\"Home\",\"item\":\"https:\\\/\\\/news.save.ch\\\/de\\\/\"},{\"@type\":\"ListItem\",\"position\":2,\"name\":\"VdS-Bildungszentrum erweitert Lehrgangsangebot\"}]},{\"@type\":\"WebSite\",\"@id\":\"https:\\\/\\\/news.save.ch\\\/de\\\/#website\",\"url\":\"https:\\\/\\\/news.save.ch\\\/de\\\/\",\"name\":\"Save\",\"description\":\"Schweizer Fachzeitschrift f\u00fcr Sicherheit\",\"publisher\":{\"@id\":\"https:\\\/\\\/news.save.ch\\\/de\\\/#organization\"},\"potentialAction\":[{\"@type\":\"SearchAction\",\"target\":{\"@type\":\"EntryPoint\",\"urlTemplate\":\"https:\\\/\\\/news.save.ch\\\/de\\\/?s={search_term_string}\"},\"query-input\":{\"@type\":\"PropertyValueSpecification\",\"valueRequired\":true,\"valueName\":\"search_term_string\"}}],\"inLanguage\":\"it-IT\"},{\"@type\":\"Organization\",\"@id\":\"https:\\\/\\\/news.save.ch\\\/de\\\/#organization\",\"name\":\"Sicherheitsforum\",\"url\":\"https:\\\/\\\/news.save.ch\\\/de\\\/\",\"logo\":{\"@type\":\"ImageObject\",\"inLanguage\":\"it-IT\",\"@id\":\"https:\\\/\\\/news.save.ch\\\/de\\\/#\\\/schema\\\/logo\\\/image\\\/\",\"url\":\"https:\\\/\\\/news.save.ch\\\/wp-content\\\/uploads\\\/2022\\\/06\\\/Logo_SF_2012.png\",\"contentUrl\":\"https:\\\/\\\/news.save.ch\\\/wp-content\\\/uploads\\\/2022\\\/06\\\/Logo_SF_2012.png\",\"width\":1100,\"height\":91,\"caption\":\"Sicherheitsforum\"},\"image\":{\"@id\":\"https:\\\/\\\/news.save.ch\\\/de\\\/#\\\/schema\\\/logo\\\/image\\\/\"}},{\"@type\":\"Person\",\"@id\":\"https:\\\/\\\/news.save.ch\\\/de\\\/#\\\/schema\\\/person\\\/d49e199490bad7c70d64b9ab51142f2b\",\"name\":\"admin\",\"image\":{\"@type\":\"ImageObject\",\"inLanguage\":\"it-IT\",\"@id\":\"https:\\\/\\\/secure.gravatar.com\\\/avatar\\\/ae2f4d718e6c49043e314ce431e7e645d646302a24a5ef5a8bc8e3f5a032e319?s=96&d=mm&r=g\",\"url\":\"https:\\\/\\\/secure.gravatar.com\\\/avatar\\\/ae2f4d718e6c49043e314ce431e7e645d646302a24a5ef5a8bc8e3f5a032e319?s=96&d=mm&r=g\",\"contentUrl\":\"https:\\\/\\\/secure.gravatar.com\\\/avatar\\\/ae2f4d718e6c49043e314ce431e7e645d646302a24a5ef5a8bc8e3f5a032e319?s=96&d=mm&r=g\",\"caption\":\"admin\"},\"sameAs\":[\"https:\\\/\\\/develop.organisator.galledia.ch\"],\"url\":\"https:\\\/\\\/news.save.ch\\\/it\\\/author\\\/admin\\\/\"}]}<\/script>\n<!-- \/ Yoast SEO plugin. -->","yoast_head_json":{"title":"Il centro di formazione VdS amplia l'offerta di corsi - Save","description":"Il Centro di formazione VdS ha ampliato la sua gamma di corsi: ora include le aree di formazione \"Sicurezza delle informazioni\" e \"Rischi naturali\".","robots":{"index":"index","follow":"follow","max-snippet":"max-snippet:-1","max-image-preview":"max-image-preview:large","max-video-preview":"max-video-preview:-1"},"canonical":"https:\/\/news.save.ch\/it\/vds-bildungszentrum-erweitert-lehrgangsangebot\/","og_locale":"it_IT","og_type":"article","og_title":"VdS-Bildungszentrum erweitert Lehrgangsangebot","og_description":"Das VdS-Bildungszentrum hat sein Lehrgangsangebot erg\u00e4nzt: Es enth\u00e4lt neu die Schulungsbereiche \"Informationssicherheit\" sowie \"Naturgefahren\". Aber auch Brandschutzbeauftragten wird mehr geboten.","og_url":"https:\/\/news.save.ch\/it\/vds-bildungszentrum-erweitert-lehrgangsangebot\/","og_site_name":"Save","article_published_time":"2015-10-27T14:44:40+00:00","og_image":[{"url":"https:\/\/news.save.ch\/wp-content\/uploads\/2016\/12\/VdS-Bildungszentrum-erweitert-Lehrgangsangebot-sicherheitsforum.jpg","type":"","width":"","height":""}],"author":"admin","twitter_card":"summary_large_image","twitter_misc":{"Scritto da":"admin","Tempo di lettura stimato":"1 minuto"},"schema":{"@context":"https:\/\/schema.org","@graph":[{"@type":"Article","@id":"https:\/\/news.save.ch\/vds-bildungszentrum-erweitert-lehrgangsangebot\/#article","isPartOf":{"@id":"https:\/\/news.save.ch\/vds-bildungszentrum-erweitert-lehrgangsangebot\/"},"author":{"name":"admin","@id":"https:\/\/news.save.ch\/de\/#\/schema\/person\/d49e199490bad7c70d64b9ab51142f2b"},"headline":"VdS-Bildungszentrum erweitert Lehrgangsangebot","datePublished":"2015-10-27T14:44:40+00:00","mainEntityOfPage":{"@id":"https:\/\/news.save.ch\/vds-bildungszentrum-erweitert-lehrgangsangebot\/"},"wordCount":208,"commentCount":0,"publisher":{"@id":"https:\/\/news.save.ch\/de\/#organization"},"image":{"@id":"https:\/\/news.save.ch\/vds-bildungszentrum-erweitert-lehrgangsangebot\/#primaryimage"},"thumbnailUrl":"https:\/\/news.save.ch\/wp-content\/uploads\/2016\/12\/VdS-Bildungszentrum-erweitert-Lehrgangsangebot-sicherheitsforum-scaled-1-scaled.jpg","keywords":["Aus- und Weiterbildung"],"articleSection":["ALLGEMEIN"],"inLanguage":"it-IT"},{"@type":"WebPage","@id":"https:\/\/news.save.ch\/vds-bildungszentrum-erweitert-lehrgangsangebot\/","url":"https:\/\/news.save.ch\/vds-bildungszentrum-erweitert-lehrgangsangebot\/","name":"Il centro di formazione VdS amplia l'offerta di corsi - Save","isPartOf":{"@id":"https:\/\/news.save.ch\/de\/#website"},"primaryImageOfPage":{"@id":"https:\/\/news.save.ch\/vds-bildungszentrum-erweitert-lehrgangsangebot\/#primaryimage"},"image":{"@id":"https:\/\/news.save.ch\/vds-bildungszentrum-erweitert-lehrgangsangebot\/#primaryimage"},"thumbnailUrl":"https:\/\/news.save.ch\/wp-content\/uploads\/2016\/12\/VdS-Bildungszentrum-erweitert-Lehrgangsangebot-sicherheitsforum-scaled-1-scaled.jpg","datePublished":"2015-10-27T14:44:40+00:00","description":"Il Centro di formazione VdS ha ampliato la sua gamma di corsi: ora include le aree di formazione \"Sicurezza delle informazioni\" e \"Rischi naturali\".","breadcrumb":{"@id":"https:\/\/news.save.ch\/vds-bildungszentrum-erweitert-lehrgangsangebot\/#breadcrumb"},"inLanguage":"it-IT","potentialAction":[{"@type":"ReadAction","target":["https:\/\/news.save.ch\/vds-bildungszentrum-erweitert-lehrgangsangebot\/"]}]},{"@type":"ImageObject","inLanguage":"it-IT","@id":"https:\/\/news.save.ch\/vds-bildungszentrum-erweitert-lehrgangsangebot\/#primaryimage","url":"https:\/\/news.save.ch\/wp-content\/uploads\/2016\/12\/VdS-Bildungszentrum-erweitert-Lehrgangsangebot-sicherheitsforum-scaled-1-scaled.jpg","contentUrl":"https:\/\/news.save.ch\/wp-content\/uploads\/2016\/12\/VdS-Bildungszentrum-erweitert-Lehrgangsangebot-sicherheitsforum-scaled-1-scaled.jpg","width":1400,"height":934,"caption":"Der VdS hat auch die Fortbildung f\u00fcr Brandschutzbeauftragte weiter ausgebaut. Foto: VdS"},{"@type":"BreadcrumbList","@id":"https:\/\/news.save.ch\/vds-bildungszentrum-erweitert-lehrgangsangebot\/#breadcrumb","itemListElement":[{"@type":"ListItem","position":1,"name":"Home","item":"https:\/\/news.save.ch\/de\/"},{"@type":"ListItem","position":2,"name":"VdS-Bildungszentrum erweitert Lehrgangsangebot"}]},{"@type":"WebSite","@id":"https:\/\/news.save.ch\/de\/#website","url":"https:\/\/news.save.ch\/de\/","name":"Risparmiare","description":"Rivista svizzera specializzata in sicurezza","publisher":{"@id":"https:\/\/news.save.ch\/de\/#organization"},"potentialAction":[{"@type":"SearchAction","target":{"@type":"EntryPoint","urlTemplate":"https:\/\/news.save.ch\/de\/?s={search_term_string}"},"query-input":{"@type":"PropertyValueSpecification","valueRequired":true,"valueName":"search_term_string"}}],"inLanguage":"it-IT"},{"@type":"Organization","@id":"https:\/\/news.save.ch\/de\/#organization","name":"Forum sulla sicurezza","url":"https:\/\/news.save.ch\/de\/","logo":{"@type":"ImageObject","inLanguage":"it-IT","@id":"https:\/\/news.save.ch\/de\/#\/schema\/logo\/image\/","url":"https:\/\/news.save.ch\/wp-content\/uploads\/2022\/06\/Logo_SF_2012.png","contentUrl":"https:\/\/news.save.ch\/wp-content\/uploads\/2022\/06\/Logo_SF_2012.png","width":1100,"height":91,"caption":"Sicherheitsforum"},"image":{"@id":"https:\/\/news.save.ch\/de\/#\/schema\/logo\/image\/"}},{"@type":"Person","@id":"https:\/\/news.save.ch\/de\/#\/schema\/person\/d49e199490bad7c70d64b9ab51142f2b","name":"amministratore","image":{"@type":"ImageObject","inLanguage":"it-IT","@id":"https:\/\/secure.gravatar.com\/avatar\/ae2f4d718e6c49043e314ce431e7e645d646302a24a5ef5a8bc8e3f5a032e319?s=96&d=mm&r=g","url":"https:\/\/secure.gravatar.com\/avatar\/ae2f4d718e6c49043e314ce431e7e645d646302a24a5ef5a8bc8e3f5a032e319?s=96&d=mm&r=g","contentUrl":"https:\/\/secure.gravatar.com\/avatar\/ae2f4d718e6c49043e314ce431e7e645d646302a24a5ef5a8bc8e3f5a032e319?s=96&d=mm&r=g","caption":"admin"},"sameAs":["https:\/\/develop.organisator.galledia.ch"],"url":"https:\/\/news.save.ch\/it\/author\/admin\/"}]}},"_links":{"self":[{"href":"https:\/\/news.save.ch\/it\/wp-json\/wp\/v2\/posts\/2007","targetHints":{"allow":["GET"]}}],"collection":[{"href":"https:\/\/news.save.ch\/it\/wp-json\/wp\/v2\/posts"}],"about":[{"href":"https:\/\/news.save.ch\/it\/wp-json\/wp\/v2\/types\/post"}],"author":[{"embeddable":true,"href":"https:\/\/news.save.ch\/it\/wp-json\/wp\/v2\/users\/1"}],"replies":[{"embeddable":true,"href":"https:\/\/news.save.ch\/it\/wp-json\/wp\/v2\/comments?post=2007"}],"version-history":[{"count":0,"href":"https:\/\/news.save.ch\/it\/wp-json\/wp\/v2\/posts\/2007\/revisions"}],"wp:featuredmedia":[{"embeddable":true,"href":"https:\/\/news.save.ch\/it\/wp-json\/wp\/v2\/media\/2008"}],"wp:attachment":[{"href":"https:\/\/news.save.ch\/it\/wp-json\/wp\/v2\/media?parent=2007"}],"wp:term":[{"taxonomy":"category","embeddable":true,"href":"https:\/\/news.save.ch\/it\/wp-json\/wp\/v2\/categories?post=2007"},{"taxonomy":"post_tag","embeddable":true,"href":"https:\/\/news.save.ch\/it\/wp-json\/wp\/v2\/tags?post=2007"}],"curies":[{"name":"wp","href":"https:\/\/api.w.org\/{rel}","templated":true}]}}