{"id":20397,"date":"2023-07-03T08:24:29","date_gmt":"2023-07-03T06:24:29","guid":{"rendered":"https:\/\/news.save.ch\/?p=20397"},"modified":"2023-07-03T08:25:42","modified_gmt":"2023-07-03T06:25:42","slug":"neue-eu-maschinenverordnung","status":null,"type":"post","link":"https:\/\/news.save.ch\/it\/neue-eu-maschinenverordnung\/","title":{"rendered":"Nuovo regolamento UE sulle macchine"},"content":{"rendered":"<figure id=\"attachment_20398\" aria-describedby=\"caption-attachment-20398\" style=\"width: 680px\" class=\"wp-caption aligncenter\"><img loading=\"lazy\" decoding=\"async\" class=\"size-medium wp-image-20398\" src=\"https:\/\/news.save.ch\/wp-content\/uploads\/2023\/06\/Depositphotos_380879886_S-680x454.jpg\" alt=\"\" width=\"680\" height=\"454\" srcset=\"https:\/\/news.save.ch\/wp-content\/uploads\/2023\/06\/Depositphotos_380879886_S-680x454.jpg 680w, https:\/\/news.save.ch\/wp-content\/uploads\/2023\/06\/Depositphotos_380879886_S-768x513.jpg 768w, https:\/\/news.save.ch\/wp-content\/uploads\/2023\/06\/Depositphotos_380879886_S-18x12.jpg 18w, https:\/\/news.save.ch\/wp-content\/uploads\/2023\/06\/Depositphotos_380879886_S-375x251.jpg 375w, https:\/\/news.save.ch\/wp-content\/uploads\/2023\/06\/Depositphotos_380879886_S-524x350.jpg 524w, https:\/\/news.save.ch\/wp-content\/uploads\/2023\/06\/Depositphotos_380879886_S.jpg 1000w\" sizes=\"auto, (max-width: 680px) 100vw, 680px\" \/><figcaption id=\"caption-attachment-20398\" class=\"wp-caption-text\">Depositphotos, Nomadsoul1<\/figcaption><\/figure>\n<p>Dal 1989, una Direttiva Macchine, pi\u00f9 volte rivista, ha promosso la libera circolazione delle macchine nel mercato interno e garantito un elevato livello di protezione per i lavoratori e i cittadini dell'Unione Europea. Nel 2018, tuttavia, sono state individuate diverse aree in cui \u00e8 necessario intervenire e una revisione. Ad esempio, la crescente digitalizzazione e il collegamento in rete stanno portando a nuovi rischi per la sicurezza che non sono stati presi in considerazione, o lo sono in misura insufficiente, dalla precedente Direttiva Macchine.<\/p>\n<h3><strong>Quando entra in vigore il Regolamento Macchine dell'UE?<\/strong><\/h3>\n<p>A met\u00e0 aprile 2023, il Parlamento europeo ha adottato a larga maggioranza il nuovo Regolamento Macchine. Esso sostituisce la Direttiva Macchine 2006\/42\/CE del 17 maggio 2006. L'entrata in vigore del Regolamento Macchine sar\u00e0 determinata dalla pubblicazione nella Gazzetta Ufficiale dell'UE. La pubblicazione \u00e8 prevista per l'inizio di luglio 2023. Circa venti giorni dopo, il regolamento entrer\u00e0 in vigore. Seguir\u00e0 un periodo di transizione di 42 mesi, durante il quale i produttori avranno il tempo di implementare i nuovi requisiti.<\/p>\n<h3><strong>Cosa cambia?<\/strong><\/h3>\n<p>Attraverso definizioni pi\u00f9 rigorose e l'armonizzazione dei settori di applicazione e delle procedure di valutazione della conformit\u00e0, il Regolamento Macchine intende fornire maggiore chiarezza. La struttura dell'elenco di macchine e prodotti dell'Allegato I della proposta della Commissione \u00e8 stata modificata. L'elenco delle macchine ad alto rischio \u00e8 stato adattato e per queste macchine diventer\u00e0 obbligatoria una valutazione di conformit\u00e0 da parte di terzi indipendenti. Per la maggior parte dei prodotti, tuttavia, rimane la possibilit\u00e0 di autovalutazione della conformit\u00e0.<\/p>\n<p>La Commissione europea avr\u00e0 la possibilit\u00e0 di aggiornare l'elenco dei prodotti considerati potenzialmente rischiosi attraverso atti delegati. Ci\u00f2 assicura un equilibrio tra la garanzia di un elevato livello di sicurezza e l'intenzione di non imporre un onere sproporzionato all'industria. Inoltre, la Commissione e il Consiglio hanno anche adattato il contenuto della documentazione tecnica e integrato l'elenco dei componenti di sicurezza. Le aziende dovrebbero poter emettere documenti non cartacei, come un manuale di istruzioni digitale e una dichiarazione di conformit\u00e0 digitale, al fine di ridurre i costi monetari e ambientali.<\/p>\n<p>In linea con il Nuovo Quadro Legislativo (NLF, n. 768\/2008\/CE), l'importatore e il distributore, oltre al fabbricante, devono rispettare alcuni obblighi che, secondo la Commissione, sono proporzionati alle responsabilit\u00e0 degli operatori economici. Inoltre, in caso di modifica sostanziale della macchina, come definita, la persona che modifica la macchina diventa il fabbricante e deve rispettare gli obblighi corrispondenti. Con l'aumentare della complessit\u00e0 della catena di fornitura delle macchine, vi \u00e8 un obbligo generale di coinvolgimento di terze parti coinvolte nella catena di fornitura delle macchine che non sono operatori economici.<\/p>\n<h3><strong>Quali sono le aree di prodotto interessate?<\/strong><\/h3>\n<p>Il Regolamento Macchine copre l'intera industria dei macchinari, dell'elettricit\u00e0 e dei metalli. Si applica a tutti i prodotti di macchine di nuova immissione sul mercato dell'Unione al momento dell'immissione sul mercato e quindi anche ai prodotti di macchine provenienti da Paesi terzi. La direttiva distingue tra macchine, prodotti correlati (attrezzature intercambiabili, componenti di sicurezza, catene, funi, cinghie, accessori di sollevamento, dispositivi amovibili di trasmissione meccanica, ecc. Tuttavia, tutti questi prodotti sono coperti dal nuovo regolamento.<\/p>\n<p>Sono esclusi dalla direttiva le armi (disciplinate dalla Direttiva UE 2017\/853), gli elettrodomestici (disciplinati dalla Direttiva UE 2014\/35\/UE) e le apparecchiature con funzione di telecomunicazione (disciplinate dalla Direttiva UE 2014\/53\/UE). Il nuovo Regolamento Macchine si rivolge ai rischi derivanti dalla funzione della macchina e non dal trasporto di merci o persone. Pertanto, non copre i veicoli il cui unico scopo \u00e8 il trasporto di merci o persone nel traffico. Tuttavia, le macchine che si trovano su veicoli, come i carrelli elevatori, sono incluse nel regolamento. Il testo del Consiglio non esclude nemmeno i piccoli veicoli privati o i veicoli elettrici leggeri, come gli scooter elettrici e le biciclette elettriche, poich\u00e9 sono molto diffusi e potrebbero potenzialmente rappresentare un pericolo per gli utenti. In caso di dubbio, vale la pena di verificare attentamente se i propri prodotti sono interessati dal nuovo regolamento.<\/p>\n<p><em>Fonte: <a href=\"https:\/\/www.snv.ch\/de\/news\/news-details\/neue-eu-maschinenverordnung.html\" target=\"_blank\" rel=\"noopener\">Messaggio SNV<\/a><\/em><\/p>\n<p>&nbsp;<\/p>\n<blockquote>\n<h2>Cosa significa questo per gli esportatori svizzeri?<\/h2>\n<p>Per la maggior parte dei prodotti, i produttori svizzeri potranno comunque eseguire direttamente la procedura di valutazione della conformit\u00e0 prescritta dall'UE, come scrive l'associazione Swissmem. Per i prodotti per i quali \u00e8 richiesta una certificazione da parte di terzi ai sensi dell'Ordinanza sulle macchine, questa deve essere effettuata da un organismo notificato con sede nell'UE e riconosciuto dall'UE. Secondo Swissmem, ci\u00f2 riguarda principalmente le apparecchiature con un certo potenziale di pericolo. Secondo l'associazione, meno del 10% delle aziende associate a Swissmem saranno probabilmente interessate da questo provvedimento.<\/p>\n<p>Secondo la nuova Ordinanza sulle macchine e l'Ordinanza sulla sorveglianza del mercato, dal 2027 i produttori svizzeri dovranno avere un cosiddetto operatore economico stabilito nell'UE, come sottolinea Swissmem. Questo potrebbe essere una persona nominata dal produttore, dall'importatore o dal distributore. Questa persona dovr\u00e0 anche essere indicata sul prodotto, il che comporterebbe un notevole sforzo aggiuntivo per i prodotti di massa.<br \/>\nSecondo Swissmem, queste norme renderanno pi\u00f9 difficile l'accesso al mercato per i produttori svizzeri. Esportare nell'UE diventer\u00e0 molto pi\u00f9 lungo e quindi pi\u00f9 costoso per le aziende interessate. Solo un aggiornamento dell'accordo tra la Svizzera e l'UE sul riconoscimento reciproco delle valutazioni di conformit\u00e0 (MRA) potrebbe evitare questa situazione e garantire lo status quo. Un prerequisito per questo, tuttavia, sarebbe un accordo tra la Svizzera e l'UE sulle questioni istituzionali aperte, scrive ancora l'associazione. Tuttavia, un tale accordo non \u00e8 attualmente raggiungibile.<\/p>\n<p><em>Mercoled\u00ec 5 luglio (dalle 13.30 alle 15.00), Swissmem condurr\u00e0 <a href=\"https:\/\/www.swissmem.ch\/de\/aktuelles\/veranstaltungskalender\/die-neue-eu-maschinenverordnung-ein-ueberblick.html\" target=\"_blank\" rel=\"noopener\">Un webinar<\/a> attraverso: \u00c8 un'introduzione al nuovo Regolamento Macchine dell'UE e dovrebbe consentire alle aziende di valutare la propria necessit\u00e0 di intervento.<\/em><\/p>\n<p>&nbsp;<\/p><\/blockquote>\n<p>&nbsp;<\/p>\n<p>&nbsp;<\/p>","protected":false},"excerpt":{"rendered":"<p>Seit 1989 f\u00f6rdert eine mehrfach \u00fcberarbeitete Maschinenrichtlinie den freien Verkehr von Maschinen im Binnenmarkt und gew\u00e4hrleistet ein hohes Schutzniveau f\u00fcr Arbeitskr\u00e4fte und B\u00fcrgerinnen und B\u00fcrger in der Europ\u00e4ischen Union. Im Jahr 2018 wurden jedoch diverse Bereiche ermittelt, in denen Handlungsbedarf besteht und eine \u00dcberarbeitung erforderlich ist. So f\u00fchrt beispielsweise die zunehmende Digitalisierung und Vernetzung zu [&hellip;]<\/p>\n","protected":false},"author":8,"featured_media":20398,"comment_status":"closed","ping_status":"closed","sticky":false,"template":"","format":"standard","meta":{"_acf_changed":false,"pgc_sgb_lightbox_settings":"","footnotes":""},"categories":[3314],"tags":[4653],"class_list":["post-20397","post","type-post","status-publish","format-standard","has-post-thumbnail","hentry","category-health-safety","tag-eu-maschinenverordnung"],"acf":[],"hkrextid":null,"publication":null,"issue":null,"workflow":null,"startPage":null,"spitzmarke":null,"_posts_by_tag_page_fields":null,"_at_widget":null,"_yoast_wpseo_primary_category":"3314","_yoast_wpseo_focuskw_text_input":null,"_yoast_wpseo_opengraph-image":null,"_yoast_wpseo_opengraph-description":null,"_yoast_wpseo_opengraph-title":null,"enclosure":null,"_yoast_wpseo_twitter-title":null,"_yoast_wpseo_twitter-description":null,"_yoast_wpseo_twitter-image":null,"_wp_old_slug":null,"_yoast_wpseo_title":null,"_yoast_wpseo_canonical":null,"yoast_head":"<!-- This site is optimized with the Yoast SEO plugin v27.5 - https:\/\/yoast.com\/product\/yoast-seo-wordpress\/ -->\n<title>Neue EU-Maschinenverordnung - Save<\/title>\n<meta name=\"description\" content=\"Die Maschinenrichtlinie 2006\/42\/EG wird durch die neue EU-Maschinenverordnung ersetzt. Was heisst das f\u00fcr die betroffenen Unternehmen?\" \/>\n<meta name=\"robots\" content=\"index, follow, max-snippet:-1, max-image-preview:large, max-video-preview:-1\" \/>\n<link rel=\"canonical\" href=\"https:\/\/news.save.ch\/it\/neue-eu-maschinenverordnung\/\" \/>\n<meta property=\"og:locale\" content=\"it_IT\" \/>\n<meta property=\"og:type\" content=\"article\" \/>\n<meta property=\"og:title\" content=\"Neue EU-Maschinenverordnung - Save\" \/>\n<meta property=\"og:description\" content=\"Die Maschinenrichtlinie 2006\/42\/EG wird durch die neue EU-Maschinenverordnung ersetzt. Was heisst das f\u00fcr die betroffenen Unternehmen?\" \/>\n<meta property=\"og:url\" content=\"https:\/\/news.save.ch\/it\/neue-eu-maschinenverordnung\/\" \/>\n<meta property=\"og:site_name\" content=\"Save\" \/>\n<meta property=\"article:published_time\" content=\"2023-07-03T06:24:29+00:00\" \/>\n<meta property=\"article:modified_time\" content=\"2023-07-03T06:25:42+00:00\" \/>\n<meta property=\"og:image\" content=\"https:\/\/news.save.ch\/wp-content\/uploads\/2023\/06\/Depositphotos_380879886_S.jpg\" \/>\n\t<meta property=\"og:image:width\" content=\"1000\" \/>\n\t<meta property=\"og:image:height\" content=\"668\" \/>\n\t<meta property=\"og:image:type\" content=\"image\/jpeg\" \/>\n<meta name=\"author\" content=\"Roger Str\u00e4ssle\" \/>\n<meta name=\"twitter:card\" content=\"summary_large_image\" \/>\n<meta name=\"twitter:label1\" content=\"Scritto da\" \/>\n\t<meta name=\"twitter:data1\" content=\"Roger Str\u00e4ssle\" \/>\n\t<meta name=\"twitter:label2\" content=\"Tempo di lettura stimato\" \/>\n\t<meta name=\"twitter:data2\" content=\"5 minuti\" \/>\n<script type=\"application\/ld+json\" class=\"yoast-schema-graph\">{\"@context\":\"https:\\\/\\\/schema.org\",\"@graph\":[{\"@type\":\"Article\",\"@id\":\"https:\\\/\\\/news.save.ch\\\/neue-eu-maschinenverordnung\\\/#article\",\"isPartOf\":{\"@id\":\"https:\\\/\\\/news.save.ch\\\/neue-eu-maschinenverordnung\\\/\"},\"author\":{\"name\":\"Roger Str\u00e4ssle\",\"@id\":\"https:\\\/\\\/news.save.ch\\\/de\\\/#\\\/schema\\\/person\\\/d5022db048e0e2b9785c50e5b24da5aa\"},\"headline\":\"Neue EU-Maschinenverordnung\",\"datePublished\":\"2023-07-03T06:24:29+00:00\",\"dateModified\":\"2023-07-03T06:25:42+00:00\",\"mainEntityOfPage\":{\"@id\":\"https:\\\/\\\/news.save.ch\\\/neue-eu-maschinenverordnung\\\/\"},\"wordCount\":927,\"publisher\":{\"@id\":\"https:\\\/\\\/news.save.ch\\\/de\\\/#organization\"},\"image\":{\"@id\":\"https:\\\/\\\/news.save.ch\\\/neue-eu-maschinenverordnung\\\/#primaryimage\"},\"thumbnailUrl\":\"https:\\\/\\\/news.save.ch\\\/wp-content\\\/uploads\\\/2023\\\/06\\\/Depositphotos_380879886_S.jpg\",\"keywords\":[\"EU-Maschinenverordnung\"],\"articleSection\":[\"HEALTH &amp; SAFETY\"],\"inLanguage\":\"it-IT\"},{\"@type\":\"WebPage\",\"@id\":\"https:\\\/\\\/news.save.ch\\\/neue-eu-maschinenverordnung\\\/\",\"url\":\"https:\\\/\\\/news.save.ch\\\/neue-eu-maschinenverordnung\\\/\",\"name\":\"Neue EU-Maschinenverordnung - Save\",\"isPartOf\":{\"@id\":\"https:\\\/\\\/news.save.ch\\\/de\\\/#website\"},\"primaryImageOfPage\":{\"@id\":\"https:\\\/\\\/news.save.ch\\\/neue-eu-maschinenverordnung\\\/#primaryimage\"},\"image\":{\"@id\":\"https:\\\/\\\/news.save.ch\\\/neue-eu-maschinenverordnung\\\/#primaryimage\"},\"thumbnailUrl\":\"https:\\\/\\\/news.save.ch\\\/wp-content\\\/uploads\\\/2023\\\/06\\\/Depositphotos_380879886_S.jpg\",\"datePublished\":\"2023-07-03T06:24:29+00:00\",\"dateModified\":\"2023-07-03T06:25:42+00:00\",\"description\":\"Die Maschinenrichtlinie 2006\\\/42\\\/EG wird durch die neue EU-Maschinenverordnung ersetzt. Was heisst das f\u00fcr die betroffenen Unternehmen?\",\"breadcrumb\":{\"@id\":\"https:\\\/\\\/news.save.ch\\\/neue-eu-maschinenverordnung\\\/#breadcrumb\"},\"inLanguage\":\"it-IT\",\"potentialAction\":[{\"@type\":\"ReadAction\",\"target\":[\"https:\\\/\\\/news.save.ch\\\/neue-eu-maschinenverordnung\\\/\"]}]},{\"@type\":\"ImageObject\",\"inLanguage\":\"it-IT\",\"@id\":\"https:\\\/\\\/news.save.ch\\\/neue-eu-maschinenverordnung\\\/#primaryimage\",\"url\":\"https:\\\/\\\/news.save.ch\\\/wp-content\\\/uploads\\\/2023\\\/06\\\/Depositphotos_380879886_S.jpg\",\"contentUrl\":\"https:\\\/\\\/news.save.ch\\\/wp-content\\\/uploads\\\/2023\\\/06\\\/Depositphotos_380879886_S.jpg\",\"width\":1000,\"height\":668,\"caption\":\"Depositphotos, Nomadsoul1\"},{\"@type\":\"BreadcrumbList\",\"@id\":\"https:\\\/\\\/news.save.ch\\\/neue-eu-maschinenverordnung\\\/#breadcrumb\",\"itemListElement\":[{\"@type\":\"ListItem\",\"position\":1,\"name\":\"Home\",\"item\":\"https:\\\/\\\/news.save.ch\\\/de\\\/\"},{\"@type\":\"ListItem\",\"position\":2,\"name\":\"Neue EU-Maschinenverordnung\"}]},{\"@type\":\"WebSite\",\"@id\":\"https:\\\/\\\/news.save.ch\\\/de\\\/#website\",\"url\":\"https:\\\/\\\/news.save.ch\\\/de\\\/\",\"name\":\"Save\",\"description\":\"Schweizer Fachzeitschrift f\u00fcr Sicherheit\",\"publisher\":{\"@id\":\"https:\\\/\\\/news.save.ch\\\/de\\\/#organization\"},\"potentialAction\":[{\"@type\":\"SearchAction\",\"target\":{\"@type\":\"EntryPoint\",\"urlTemplate\":\"https:\\\/\\\/news.save.ch\\\/de\\\/?s={search_term_string}\"},\"query-input\":{\"@type\":\"PropertyValueSpecification\",\"valueRequired\":true,\"valueName\":\"search_term_string\"}}],\"inLanguage\":\"it-IT\"},{\"@type\":\"Organization\",\"@id\":\"https:\\\/\\\/news.save.ch\\\/de\\\/#organization\",\"name\":\"Sicherheitsforum\",\"url\":\"https:\\\/\\\/news.save.ch\\\/de\\\/\",\"logo\":{\"@type\":\"ImageObject\",\"inLanguage\":\"it-IT\",\"@id\":\"https:\\\/\\\/news.save.ch\\\/de\\\/#\\\/schema\\\/logo\\\/image\\\/\",\"url\":\"https:\\\/\\\/news.save.ch\\\/wp-content\\\/uploads\\\/2022\\\/06\\\/Logo_SF_2012.png\",\"contentUrl\":\"https:\\\/\\\/news.save.ch\\\/wp-content\\\/uploads\\\/2022\\\/06\\\/Logo_SF_2012.png\",\"width\":1100,\"height\":91,\"caption\":\"Sicherheitsforum\"},\"image\":{\"@id\":\"https:\\\/\\\/news.save.ch\\\/de\\\/#\\\/schema\\\/logo\\\/image\\\/\"}},{\"@type\":\"Person\",\"@id\":\"https:\\\/\\\/news.save.ch\\\/de\\\/#\\\/schema\\\/person\\\/d5022db048e0e2b9785c50e5b24da5aa\",\"name\":\"Roger Str\u00e4ssle\",\"image\":{\"@type\":\"ImageObject\",\"inLanguage\":\"it-IT\",\"@id\":\"https:\\\/\\\/secure.gravatar.com\\\/avatar\\\/862a5569d087de48e5856e32f45d719a03804c891d6deb8d4f71a660e79e4a47?s=96&d=mm&r=g\",\"url\":\"https:\\\/\\\/secure.gravatar.com\\\/avatar\\\/862a5569d087de48e5856e32f45d719a03804c891d6deb8d4f71a660e79e4a47?s=96&d=mm&r=g\",\"contentUrl\":\"https:\\\/\\\/secure.gravatar.com\\\/avatar\\\/862a5569d087de48e5856e32f45d719a03804c891d6deb8d4f71a660e79e4a47?s=96&d=mm&r=g\",\"caption\":\"Roger Str\u00e4ssle\"},\"url\":\"https:\\\/\\\/news.save.ch\\\/it\\\/author\\\/roger-straessle\\\/\"}]}<\/script>\n<!-- \/ Yoast SEO plugin. -->","yoast_head_json":{"title":"Nuovo regolamento UE sulle macchine - Salva","description":"La Direttiva Macchine 2006\/42\/CE \u00e8 stata sostituita dal nuovo Regolamento Macchine dell'UE. Cosa significa per le aziende interessate?","robots":{"index":"index","follow":"follow","max-snippet":"max-snippet:-1","max-image-preview":"max-image-preview:large","max-video-preview":"max-video-preview:-1"},"canonical":"https:\/\/news.save.ch\/it\/neue-eu-maschinenverordnung\/","og_locale":"it_IT","og_type":"article","og_title":"Neue EU-Maschinenverordnung - Save","og_description":"Die Maschinenrichtlinie 2006\/42\/EG wird durch die neue EU-Maschinenverordnung ersetzt. Was heisst das f\u00fcr die betroffenen Unternehmen?","og_url":"https:\/\/news.save.ch\/it\/neue-eu-maschinenverordnung\/","og_site_name":"Save","article_published_time":"2023-07-03T06:24:29+00:00","article_modified_time":"2023-07-03T06:25:42+00:00","og_image":[{"width":1000,"height":668,"url":"https:\/\/news.save.ch\/wp-content\/uploads\/2023\/06\/Depositphotos_380879886_S.jpg","type":"image\/jpeg"}],"author":"Roger Str\u00e4ssle","twitter_card":"summary_large_image","twitter_misc":{"Scritto da":"Roger Str\u00e4ssle","Tempo di lettura stimato":"5 minuti"},"schema":{"@context":"https:\/\/schema.org","@graph":[{"@type":"Article","@id":"https:\/\/news.save.ch\/neue-eu-maschinenverordnung\/#article","isPartOf":{"@id":"https:\/\/news.save.ch\/neue-eu-maschinenverordnung\/"},"author":{"name":"Roger Str\u00e4ssle","@id":"https:\/\/news.save.ch\/de\/#\/schema\/person\/d5022db048e0e2b9785c50e5b24da5aa"},"headline":"Neue EU-Maschinenverordnung","datePublished":"2023-07-03T06:24:29+00:00","dateModified":"2023-07-03T06:25:42+00:00","mainEntityOfPage":{"@id":"https:\/\/news.save.ch\/neue-eu-maschinenverordnung\/"},"wordCount":927,"publisher":{"@id":"https:\/\/news.save.ch\/de\/#organization"},"image":{"@id":"https:\/\/news.save.ch\/neue-eu-maschinenverordnung\/#primaryimage"},"thumbnailUrl":"https:\/\/news.save.ch\/wp-content\/uploads\/2023\/06\/Depositphotos_380879886_S.jpg","keywords":["EU-Maschinenverordnung"],"articleSection":["HEALTH &amp; SAFETY"],"inLanguage":"it-IT"},{"@type":"WebPage","@id":"https:\/\/news.save.ch\/neue-eu-maschinenverordnung\/","url":"https:\/\/news.save.ch\/neue-eu-maschinenverordnung\/","name":"Nuovo regolamento UE sulle macchine - Salva","isPartOf":{"@id":"https:\/\/news.save.ch\/de\/#website"},"primaryImageOfPage":{"@id":"https:\/\/news.save.ch\/neue-eu-maschinenverordnung\/#primaryimage"},"image":{"@id":"https:\/\/news.save.ch\/neue-eu-maschinenverordnung\/#primaryimage"},"thumbnailUrl":"https:\/\/news.save.ch\/wp-content\/uploads\/2023\/06\/Depositphotos_380879886_S.jpg","datePublished":"2023-07-03T06:24:29+00:00","dateModified":"2023-07-03T06:25:42+00:00","description":"La Direttiva Macchine 2006\/42\/CE \u00e8 stata sostituita dal nuovo Regolamento Macchine dell'UE. Cosa significa per le aziende interessate?","breadcrumb":{"@id":"https:\/\/news.save.ch\/neue-eu-maschinenverordnung\/#breadcrumb"},"inLanguage":"it-IT","potentialAction":[{"@type":"ReadAction","target":["https:\/\/news.save.ch\/neue-eu-maschinenverordnung\/"]}]},{"@type":"ImageObject","inLanguage":"it-IT","@id":"https:\/\/news.save.ch\/neue-eu-maschinenverordnung\/#primaryimage","url":"https:\/\/news.save.ch\/wp-content\/uploads\/2023\/06\/Depositphotos_380879886_S.jpg","contentUrl":"https:\/\/news.save.ch\/wp-content\/uploads\/2023\/06\/Depositphotos_380879886_S.jpg","width":1000,"height":668,"caption":"Depositphotos, Nomadsoul1"},{"@type":"BreadcrumbList","@id":"https:\/\/news.save.ch\/neue-eu-maschinenverordnung\/#breadcrumb","itemListElement":[{"@type":"ListItem","position":1,"name":"Home","item":"https:\/\/news.save.ch\/de\/"},{"@type":"ListItem","position":2,"name":"Neue EU-Maschinenverordnung"}]},{"@type":"WebSite","@id":"https:\/\/news.save.ch\/de\/#website","url":"https:\/\/news.save.ch\/de\/","name":"Risparmiare","description":"Rivista svizzera specializzata in sicurezza","publisher":{"@id":"https:\/\/news.save.ch\/de\/#organization"},"potentialAction":[{"@type":"SearchAction","target":{"@type":"EntryPoint","urlTemplate":"https:\/\/news.save.ch\/de\/?s={search_term_string}"},"query-input":{"@type":"PropertyValueSpecification","valueRequired":true,"valueName":"search_term_string"}}],"inLanguage":"it-IT"},{"@type":"Organization","@id":"https:\/\/news.save.ch\/de\/#organization","name":"Forum sulla sicurezza","url":"https:\/\/news.save.ch\/de\/","logo":{"@type":"ImageObject","inLanguage":"it-IT","@id":"https:\/\/news.save.ch\/de\/#\/schema\/logo\/image\/","url":"https:\/\/news.save.ch\/wp-content\/uploads\/2022\/06\/Logo_SF_2012.png","contentUrl":"https:\/\/news.save.ch\/wp-content\/uploads\/2022\/06\/Logo_SF_2012.png","width":1100,"height":91,"caption":"Sicherheitsforum"},"image":{"@id":"https:\/\/news.save.ch\/de\/#\/schema\/logo\/image\/"}},{"@type":"Person","@id":"https:\/\/news.save.ch\/de\/#\/schema\/person\/d5022db048e0e2b9785c50e5b24da5aa","name":"Roger Str\u00e4ssle","image":{"@type":"ImageObject","inLanguage":"it-IT","@id":"https:\/\/secure.gravatar.com\/avatar\/862a5569d087de48e5856e32f45d719a03804c891d6deb8d4f71a660e79e4a47?s=96&d=mm&r=g","url":"https:\/\/secure.gravatar.com\/avatar\/862a5569d087de48e5856e32f45d719a03804c891d6deb8d4f71a660e79e4a47?s=96&d=mm&r=g","contentUrl":"https:\/\/secure.gravatar.com\/avatar\/862a5569d087de48e5856e32f45d719a03804c891d6deb8d4f71a660e79e4a47?s=96&d=mm&r=g","caption":"Roger Str\u00e4ssle"},"url":"https:\/\/news.save.ch\/it\/author\/roger-straessle\/"}]}},"_links":{"self":[{"href":"https:\/\/news.save.ch\/it\/wp-json\/wp\/v2\/posts\/20397","targetHints":{"allow":["GET"]}}],"collection":[{"href":"https:\/\/news.save.ch\/it\/wp-json\/wp\/v2\/posts"}],"about":[{"href":"https:\/\/news.save.ch\/it\/wp-json\/wp\/v2\/types\/post"}],"author":[{"embeddable":true,"href":"https:\/\/news.save.ch\/it\/wp-json\/wp\/v2\/users\/8"}],"replies":[{"embeddable":true,"href":"https:\/\/news.save.ch\/it\/wp-json\/wp\/v2\/comments?post=20397"}],"version-history":[{"count":3,"href":"https:\/\/news.save.ch\/it\/wp-json\/wp\/v2\/posts\/20397\/revisions"}],"predecessor-version":[{"id":20401,"href":"https:\/\/news.save.ch\/it\/wp-json\/wp\/v2\/posts\/20397\/revisions\/20401"}],"wp:featuredmedia":[{"embeddable":true,"href":"https:\/\/news.save.ch\/it\/wp-json\/wp\/v2\/media\/20398"}],"wp:attachment":[{"href":"https:\/\/news.save.ch\/it\/wp-json\/wp\/v2\/media?parent=20397"}],"wp:term":[{"taxonomy":"category","embeddable":true,"href":"https:\/\/news.save.ch\/it\/wp-json\/wp\/v2\/categories?post=20397"},{"taxonomy":"post_tag","embeddable":true,"href":"https:\/\/news.save.ch\/it\/wp-json\/wp\/v2\/tags?post=20397"}],"curies":[{"name":"wp","href":"https:\/\/api.w.org\/{rel}","templated":true}]}}