{"id":20476,"date":"2023-07-04T15:01:12","date_gmt":"2023-07-04T13:01:12","guid":{"rendered":"https:\/\/news.save.ch\/?p=20476"},"modified":"2023-07-04T15:11:11","modified_gmt":"2023-07-04T13:11:11","slug":"salto-vertieft-partnerschaft-mit-essecca","status":null,"type":"post","link":"https:\/\/news.save.ch\/it\/salto-vertieft-partnerschaft-mit-essecca\/","title":{"rendered":"Salto approfondisce la partnership con Essecca"},"content":{"rendered":"<figure id=\"attachment_20477\" aria-describedby=\"caption-attachment-20477\" style=\"width: 680px\" class=\"wp-caption alignleft\"><img loading=\"lazy\" decoding=\"async\" class=\"size-medium wp-image-20477\" src=\"https:\/\/news.save.ch\/wp-content\/uploads\/2023\/07\/salto_essecca-680x322.jpg\" alt=\"Salto Systems AG\" width=\"680\" height=\"322\" srcset=\"https:\/\/news.save.ch\/wp-content\/uploads\/2023\/07\/salto_essecca-680x322.jpg 680w, https:\/\/news.save.ch\/wp-content\/uploads\/2023\/07\/salto_essecca-1024x484.jpg 1024w, https:\/\/news.save.ch\/wp-content\/uploads\/2023\/07\/salto_essecca-768x363.jpg 768w, https:\/\/news.save.ch\/wp-content\/uploads\/2023\/07\/salto_essecca-18x9.jpg 18w, https:\/\/news.save.ch\/wp-content\/uploads\/2023\/07\/salto_essecca-375x177.jpg 375w, https:\/\/news.save.ch\/wp-content\/uploads\/2023\/07\/salto_essecca-740x350.jpg 740w, https:\/\/news.save.ch\/wp-content\/uploads\/2023\/07\/salto_essecca-1000x473.jpg 1000w, https:\/\/news.save.ch\/wp-content\/uploads\/2023\/07\/salto_essecca-scaled.jpg 1200w\" sizes=\"auto, (max-width: 680px) 100vw, 680px\" \/><figcaption id=\"caption-attachment-20477\" class=\"wp-caption-text\">Salto Systems AG ed Essecca GmbH intensificano la loro collaborazione. Immagine: zVg<\/figcaption><\/figure>\n<p>&nbsp;<\/p>\n<p>Lo specialista dell'accesso scrive che l'ampliamento della partnership lo avvicina al mercato austriaco. <a href=\"https:\/\/saltosystems.com\/\" target=\"_blank\" rel=\"noopener\">Salto<\/a>. Parallelamente, i clienti austriaci continueranno a beneficiare della forte esperienza e presenza sul mercato di Essecca.<\/p>\n<h3><strong>Cooperazione pi\u00f9 intensa<\/strong><\/h3>\n<p>L'obiettivo dell'accordo \u00e8 quello di sostenere ancora meglio Essecca nella sua ulteriore crescita e di offrire ai clienti del mercato austriaco un servizio eccezionale. La partecipazione di Salto in Essecca consentir\u00e0 a entrambe le parti di collaborare pi\u00f9 intensamente a livello tecnico. La combinazione della leadership tecnologica di Salto nei sistemi di controllo degli accessi e dell'esperienza di Essecca nell'implementazione di soluzioni complete garantisce il massimo vantaggio per i clienti attraverso la digitalizzazione degli edifici, ha dichiarato l'azienda.<\/p>\n<p>Mentre Essecca rimarr\u00e0 il principale partner di distribuzione per il portafoglio Salto in Austria, Gantner Electronic, che fa parte del Gruppo Salto, continuer\u00e0 a promuovere la propria offerta di prodotti e soluzioni nei settori delle soluzioni intelligenti di chiusura degli armadi, del controllo degli accessi online, dei sistemi di pagamento senza contanti e di biglietteria, integrando le linee di prodotti Salto nelle proprie piattaforme, conclude il comunicato.<\/p>\n<p>&nbsp;<\/p>","protected":false},"excerpt":{"rendered":"<p>&nbsp; Mit der erweiterten Partnerschaft r\u00fccke man n\u00e4her an den \u00f6sterreichischen Markt, schreibt der Zutrittsspezialist Salto. Parallel w\u00fcrden die \u00f6sterreichischen Kunden weiterhin von der starken Marktexpertise und -pr\u00e4senz von Essecca profitieren. Intensivere Zusammenarbeit Das Ziel der Vereinbarung sei, Essecca noch besser beim weiteren Wachstum zu unterst\u00fctzen und den Kunden auf dem \u00f6sterreichischen Markt einen aussergew\u00f6hnlichen [&hellip;]<\/p>\n","protected":false},"author":8,"featured_media":20477,"comment_status":"closed","ping_status":"closed","sticky":false,"template":"","format":"standard","meta":{"_acf_changed":false,"pgc_sgb_lightbox_settings":"","footnotes":""},"categories":[3312],"tags":[197],"class_list":["post-20476","post","type-post","status-publish","format-standard","has-post-thumbnail","hentry","category-sicherheit","tag-salto-systems-ag"],"acf":[],"hkrextid":null,"publication":null,"issue":null,"workflow":null,"startPage":null,"spitzmarke":null,"_posts_by_tag_page_fields":null,"_at_widget":null,"_yoast_wpseo_primary_category":"3312","_yoast_wpseo_focuskw_text_input":null,"_yoast_wpseo_opengraph-image":null,"_yoast_wpseo_opengraph-description":null,"_yoast_wpseo_opengraph-title":null,"enclosure":null,"_yoast_wpseo_twitter-title":null,"_yoast_wpseo_twitter-description":null,"_yoast_wpseo_twitter-image":null,"_wp_old_slug":null,"_yoast_wpseo_title":null,"_yoast_wpseo_canonical":null,"yoast_head":"<!-- This site is optimized with the Yoast SEO plugin v27.4 - https:\/\/yoast.com\/product\/yoast-seo-wordpress\/ -->\n<title>Salto vertieft Partnerschaft mit Essecca - Save<\/title>\n<meta name=\"description\" content=\"Salto Systems AG hat eine Minderheitsbeteiligung an der \u00f6sterreichischen Essecca GmbH erworben.\" \/>\n<meta name=\"robots\" content=\"index, follow, max-snippet:-1, max-image-preview:large, max-video-preview:-1\" \/>\n<link rel=\"canonical\" href=\"https:\/\/news.save.ch\/it\/salto-vertieft-partnerschaft-mit-essecca\/\" \/>\n<meta property=\"og:locale\" content=\"it_IT\" \/>\n<meta property=\"og:type\" content=\"article\" \/>\n<meta property=\"og:title\" content=\"Salto vertieft Partnerschaft mit Essecca - Save\" \/>\n<meta property=\"og:description\" content=\"Salto Systems AG hat eine Minderheitsbeteiligung an der \u00f6sterreichischen Essecca GmbH erworben.\" \/>\n<meta property=\"og:url\" content=\"https:\/\/news.save.ch\/it\/salto-vertieft-partnerschaft-mit-essecca\/\" \/>\n<meta property=\"og:site_name\" content=\"Save\" \/>\n<meta property=\"article:published_time\" content=\"2023-07-04T13:01:12+00:00\" \/>\n<meta property=\"article:modified_time\" content=\"2023-07-04T13:11:11+00:00\" \/>\n<meta property=\"og:image\" content=\"https:\/\/news.save.ch\/wp-content\/uploads\/2023\/07\/salto_essecca-scaled.jpg\" \/>\n\t<meta property=\"og:image:width\" content=\"1200\" \/>\n\t<meta property=\"og:image:height\" content=\"567\" \/>\n\t<meta property=\"og:image:type\" content=\"image\/jpeg\" \/>\n<meta name=\"author\" content=\"Roger Str\u00e4ssle\" \/>\n<meta name=\"twitter:card\" content=\"summary_large_image\" \/>\n<meta name=\"twitter:label1\" content=\"Scritto da\" \/>\n\t<meta name=\"twitter:data1\" content=\"Roger Str\u00e4ssle\" \/>\n\t<meta name=\"twitter:label2\" content=\"Tempo di lettura stimato\" \/>\n\t<meta name=\"twitter:data2\" content=\"2 minuti\" \/>\n<script type=\"application\/ld+json\" class=\"yoast-schema-graph\">{\"@context\":\"https:\\\/\\\/schema.org\",\"@graph\":[{\"@type\":\"Article\",\"@id\":\"https:\\\/\\\/news.save.ch\\\/salto-vertieft-partnerschaft-mit-essecca\\\/#article\",\"isPartOf\":{\"@id\":\"https:\\\/\\\/news.save.ch\\\/salto-vertieft-partnerschaft-mit-essecca\\\/\"},\"author\":{\"name\":\"Roger Str\u00e4ssle\",\"@id\":\"https:\\\/\\\/news.save.ch\\\/de\\\/#\\\/schema\\\/person\\\/d5022db048e0e2b9785c50e5b24da5aa\"},\"headline\":\"Salto vertieft Partnerschaft mit Essecca\",\"datePublished\":\"2023-07-04T13:01:12+00:00\",\"dateModified\":\"2023-07-04T13:11:11+00:00\",\"mainEntityOfPage\":{\"@id\":\"https:\\\/\\\/news.save.ch\\\/salto-vertieft-partnerschaft-mit-essecca\\\/\"},\"wordCount\":192,\"publisher\":{\"@id\":\"https:\\\/\\\/news.save.ch\\\/de\\\/#organization\"},\"image\":{\"@id\":\"https:\\\/\\\/news.save.ch\\\/salto-vertieft-partnerschaft-mit-essecca\\\/#primaryimage\"},\"thumbnailUrl\":\"https:\\\/\\\/news.save.ch\\\/wp-content\\\/uploads\\\/2023\\\/07\\\/salto_essecca-scaled.jpg\",\"keywords\":[\"Salto Systems AG\"],\"articleSection\":[\"SICHERHEIT\"],\"inLanguage\":\"it-IT\"},{\"@type\":\"WebPage\",\"@id\":\"https:\\\/\\\/news.save.ch\\\/salto-vertieft-partnerschaft-mit-essecca\\\/\",\"url\":\"https:\\\/\\\/news.save.ch\\\/salto-vertieft-partnerschaft-mit-essecca\\\/\",\"name\":\"Salto vertieft Partnerschaft mit Essecca - Save\",\"isPartOf\":{\"@id\":\"https:\\\/\\\/news.save.ch\\\/de\\\/#website\"},\"primaryImageOfPage\":{\"@id\":\"https:\\\/\\\/news.save.ch\\\/salto-vertieft-partnerschaft-mit-essecca\\\/#primaryimage\"},\"image\":{\"@id\":\"https:\\\/\\\/news.save.ch\\\/salto-vertieft-partnerschaft-mit-essecca\\\/#primaryimage\"},\"thumbnailUrl\":\"https:\\\/\\\/news.save.ch\\\/wp-content\\\/uploads\\\/2023\\\/07\\\/salto_essecca-scaled.jpg\",\"datePublished\":\"2023-07-04T13:01:12+00:00\",\"dateModified\":\"2023-07-04T13:11:11+00:00\",\"description\":\"Salto Systems AG hat eine Minderheitsbeteiligung an der \u00f6sterreichischen Essecca GmbH erworben.\",\"breadcrumb\":{\"@id\":\"https:\\\/\\\/news.save.ch\\\/salto-vertieft-partnerschaft-mit-essecca\\\/#breadcrumb\"},\"inLanguage\":\"it-IT\",\"potentialAction\":[{\"@type\":\"ReadAction\",\"target\":[\"https:\\\/\\\/news.save.ch\\\/salto-vertieft-partnerschaft-mit-essecca\\\/\"]}]},{\"@type\":\"ImageObject\",\"inLanguage\":\"it-IT\",\"@id\":\"https:\\\/\\\/news.save.ch\\\/salto-vertieft-partnerschaft-mit-essecca\\\/#primaryimage\",\"url\":\"https:\\\/\\\/news.save.ch\\\/wp-content\\\/uploads\\\/2023\\\/07\\\/salto_essecca-scaled.jpg\",\"contentUrl\":\"https:\\\/\\\/news.save.ch\\\/wp-content\\\/uploads\\\/2023\\\/07\\\/salto_essecca-scaled.jpg\",\"width\":1200,\"height\":567,\"caption\":\"Salto Systems AG und Essecca GmbH intensivieren ihre Zusammenarbeit. Bild: zVg\"},{\"@type\":\"BreadcrumbList\",\"@id\":\"https:\\\/\\\/news.save.ch\\\/salto-vertieft-partnerschaft-mit-essecca\\\/#breadcrumb\",\"itemListElement\":[{\"@type\":\"ListItem\",\"position\":1,\"name\":\"Home\",\"item\":\"https:\\\/\\\/news.save.ch\\\/de\\\/\"},{\"@type\":\"ListItem\",\"position\":2,\"name\":\"Salto vertieft Partnerschaft mit Essecca\"}]},{\"@type\":\"WebSite\",\"@id\":\"https:\\\/\\\/news.save.ch\\\/de\\\/#website\",\"url\":\"https:\\\/\\\/news.save.ch\\\/de\\\/\",\"name\":\"Save\",\"description\":\"Schweizer Fachzeitschrift f\u00fcr Sicherheit\",\"publisher\":{\"@id\":\"https:\\\/\\\/news.save.ch\\\/de\\\/#organization\"},\"potentialAction\":[{\"@type\":\"SearchAction\",\"target\":{\"@type\":\"EntryPoint\",\"urlTemplate\":\"https:\\\/\\\/news.save.ch\\\/de\\\/?s={search_term_string}\"},\"query-input\":{\"@type\":\"PropertyValueSpecification\",\"valueRequired\":true,\"valueName\":\"search_term_string\"}}],\"inLanguage\":\"it-IT\"},{\"@type\":\"Organization\",\"@id\":\"https:\\\/\\\/news.save.ch\\\/de\\\/#organization\",\"name\":\"Sicherheitsforum\",\"url\":\"https:\\\/\\\/news.save.ch\\\/de\\\/\",\"logo\":{\"@type\":\"ImageObject\",\"inLanguage\":\"it-IT\",\"@id\":\"https:\\\/\\\/news.save.ch\\\/de\\\/#\\\/schema\\\/logo\\\/image\\\/\",\"url\":\"https:\\\/\\\/news.save.ch\\\/wp-content\\\/uploads\\\/2022\\\/06\\\/Logo_SF_2012.png\",\"contentUrl\":\"https:\\\/\\\/news.save.ch\\\/wp-content\\\/uploads\\\/2022\\\/06\\\/Logo_SF_2012.png\",\"width\":1100,\"height\":91,\"caption\":\"Sicherheitsforum\"},\"image\":{\"@id\":\"https:\\\/\\\/news.save.ch\\\/de\\\/#\\\/schema\\\/logo\\\/image\\\/\"}},{\"@type\":\"Person\",\"@id\":\"https:\\\/\\\/news.save.ch\\\/de\\\/#\\\/schema\\\/person\\\/d5022db048e0e2b9785c50e5b24da5aa\",\"name\":\"Roger Str\u00e4ssle\",\"image\":{\"@type\":\"ImageObject\",\"inLanguage\":\"it-IT\",\"@id\":\"https:\\\/\\\/secure.gravatar.com\\\/avatar\\\/862a5569d087de48e5856e32f45d719a03804c891d6deb8d4f71a660e79e4a47?s=96&d=mm&r=g\",\"url\":\"https:\\\/\\\/secure.gravatar.com\\\/avatar\\\/862a5569d087de48e5856e32f45d719a03804c891d6deb8d4f71a660e79e4a47?s=96&d=mm&r=g\",\"contentUrl\":\"https:\\\/\\\/secure.gravatar.com\\\/avatar\\\/862a5569d087de48e5856e32f45d719a03804c891d6deb8d4f71a660e79e4a47?s=96&d=mm&r=g\",\"caption\":\"Roger Str\u00e4ssle\"},\"url\":\"https:\\\/\\\/news.save.ch\\\/it\\\/author\\\/roger-straessle\\\/\"}]}<\/script>\n<!-- \/ Yoast SEO plugin. -->","yoast_head_json":{"title":"Salto approfondisce la partnership con Essecca - Save","description":"Salto Systems AG ha acquisito una partecipazione di minoranza nell'azienda austriaca Essecca GmbH.","robots":{"index":"index","follow":"follow","max-snippet":"max-snippet:-1","max-image-preview":"max-image-preview:large","max-video-preview":"max-video-preview:-1"},"canonical":"https:\/\/news.save.ch\/it\/salto-vertieft-partnerschaft-mit-essecca\/","og_locale":"it_IT","og_type":"article","og_title":"Salto vertieft Partnerschaft mit Essecca - Save","og_description":"Salto Systems AG hat eine Minderheitsbeteiligung an der \u00f6sterreichischen Essecca GmbH erworben.","og_url":"https:\/\/news.save.ch\/it\/salto-vertieft-partnerschaft-mit-essecca\/","og_site_name":"Save","article_published_time":"2023-07-04T13:01:12+00:00","article_modified_time":"2023-07-04T13:11:11+00:00","og_image":[{"width":1200,"height":567,"url":"https:\/\/news.save.ch\/wp-content\/uploads\/2023\/07\/salto_essecca-scaled.jpg","type":"image\/jpeg"}],"author":"Roger Str\u00e4ssle","twitter_card":"summary_large_image","twitter_misc":{"Scritto da":"Roger Str\u00e4ssle","Tempo di lettura stimato":"2 minuti"},"schema":{"@context":"https:\/\/schema.org","@graph":[{"@type":"Article","@id":"https:\/\/news.save.ch\/salto-vertieft-partnerschaft-mit-essecca\/#article","isPartOf":{"@id":"https:\/\/news.save.ch\/salto-vertieft-partnerschaft-mit-essecca\/"},"author":{"name":"Roger Str\u00e4ssle","@id":"https:\/\/news.save.ch\/de\/#\/schema\/person\/d5022db048e0e2b9785c50e5b24da5aa"},"headline":"Salto vertieft Partnerschaft mit Essecca","datePublished":"2023-07-04T13:01:12+00:00","dateModified":"2023-07-04T13:11:11+00:00","mainEntityOfPage":{"@id":"https:\/\/news.save.ch\/salto-vertieft-partnerschaft-mit-essecca\/"},"wordCount":192,"publisher":{"@id":"https:\/\/news.save.ch\/de\/#organization"},"image":{"@id":"https:\/\/news.save.ch\/salto-vertieft-partnerschaft-mit-essecca\/#primaryimage"},"thumbnailUrl":"https:\/\/news.save.ch\/wp-content\/uploads\/2023\/07\/salto_essecca-scaled.jpg","keywords":["Salto Systems AG"],"articleSection":["SICHERHEIT"],"inLanguage":"it-IT"},{"@type":"WebPage","@id":"https:\/\/news.save.ch\/salto-vertieft-partnerschaft-mit-essecca\/","url":"https:\/\/news.save.ch\/salto-vertieft-partnerschaft-mit-essecca\/","name":"Salto approfondisce la partnership con Essecca - Save","isPartOf":{"@id":"https:\/\/news.save.ch\/de\/#website"},"primaryImageOfPage":{"@id":"https:\/\/news.save.ch\/salto-vertieft-partnerschaft-mit-essecca\/#primaryimage"},"image":{"@id":"https:\/\/news.save.ch\/salto-vertieft-partnerschaft-mit-essecca\/#primaryimage"},"thumbnailUrl":"https:\/\/news.save.ch\/wp-content\/uploads\/2023\/07\/salto_essecca-scaled.jpg","datePublished":"2023-07-04T13:01:12+00:00","dateModified":"2023-07-04T13:11:11+00:00","description":"Salto Systems AG ha acquisito una partecipazione di minoranza nell'azienda austriaca Essecca GmbH.","breadcrumb":{"@id":"https:\/\/news.save.ch\/salto-vertieft-partnerschaft-mit-essecca\/#breadcrumb"},"inLanguage":"it-IT","potentialAction":[{"@type":"ReadAction","target":["https:\/\/news.save.ch\/salto-vertieft-partnerschaft-mit-essecca\/"]}]},{"@type":"ImageObject","inLanguage":"it-IT","@id":"https:\/\/news.save.ch\/salto-vertieft-partnerschaft-mit-essecca\/#primaryimage","url":"https:\/\/news.save.ch\/wp-content\/uploads\/2023\/07\/salto_essecca-scaled.jpg","contentUrl":"https:\/\/news.save.ch\/wp-content\/uploads\/2023\/07\/salto_essecca-scaled.jpg","width":1200,"height":567,"caption":"Salto Systems AG und Essecca GmbH intensivieren ihre Zusammenarbeit. Bild: zVg"},{"@type":"BreadcrumbList","@id":"https:\/\/news.save.ch\/salto-vertieft-partnerschaft-mit-essecca\/#breadcrumb","itemListElement":[{"@type":"ListItem","position":1,"name":"Home","item":"https:\/\/news.save.ch\/de\/"},{"@type":"ListItem","position":2,"name":"Salto vertieft Partnerschaft mit Essecca"}]},{"@type":"WebSite","@id":"https:\/\/news.save.ch\/de\/#website","url":"https:\/\/news.save.ch\/de\/","name":"Risparmiare","description":"Rivista svizzera specializzata in sicurezza","publisher":{"@id":"https:\/\/news.save.ch\/de\/#organization"},"potentialAction":[{"@type":"SearchAction","target":{"@type":"EntryPoint","urlTemplate":"https:\/\/news.save.ch\/de\/?s={search_term_string}"},"query-input":{"@type":"PropertyValueSpecification","valueRequired":true,"valueName":"search_term_string"}}],"inLanguage":"it-IT"},{"@type":"Organization","@id":"https:\/\/news.save.ch\/de\/#organization","name":"Forum sulla sicurezza","url":"https:\/\/news.save.ch\/de\/","logo":{"@type":"ImageObject","inLanguage":"it-IT","@id":"https:\/\/news.save.ch\/de\/#\/schema\/logo\/image\/","url":"https:\/\/news.save.ch\/wp-content\/uploads\/2022\/06\/Logo_SF_2012.png","contentUrl":"https:\/\/news.save.ch\/wp-content\/uploads\/2022\/06\/Logo_SF_2012.png","width":1100,"height":91,"caption":"Sicherheitsforum"},"image":{"@id":"https:\/\/news.save.ch\/de\/#\/schema\/logo\/image\/"}},{"@type":"Person","@id":"https:\/\/news.save.ch\/de\/#\/schema\/person\/d5022db048e0e2b9785c50e5b24da5aa","name":"Roger Str\u00e4ssle","image":{"@type":"ImageObject","inLanguage":"it-IT","@id":"https:\/\/secure.gravatar.com\/avatar\/862a5569d087de48e5856e32f45d719a03804c891d6deb8d4f71a660e79e4a47?s=96&d=mm&r=g","url":"https:\/\/secure.gravatar.com\/avatar\/862a5569d087de48e5856e32f45d719a03804c891d6deb8d4f71a660e79e4a47?s=96&d=mm&r=g","contentUrl":"https:\/\/secure.gravatar.com\/avatar\/862a5569d087de48e5856e32f45d719a03804c891d6deb8d4f71a660e79e4a47?s=96&d=mm&r=g","caption":"Roger Str\u00e4ssle"},"url":"https:\/\/news.save.ch\/it\/author\/roger-straessle\/"}]}},"_links":{"self":[{"href":"https:\/\/news.save.ch\/it\/wp-json\/wp\/v2\/posts\/20476","targetHints":{"allow":["GET"]}}],"collection":[{"href":"https:\/\/news.save.ch\/it\/wp-json\/wp\/v2\/posts"}],"about":[{"href":"https:\/\/news.save.ch\/it\/wp-json\/wp\/v2\/types\/post"}],"author":[{"embeddable":true,"href":"https:\/\/news.save.ch\/it\/wp-json\/wp\/v2\/users\/8"}],"replies":[{"embeddable":true,"href":"https:\/\/news.save.ch\/it\/wp-json\/wp\/v2\/comments?post=20476"}],"version-history":[{"count":2,"href":"https:\/\/news.save.ch\/it\/wp-json\/wp\/v2\/posts\/20476\/revisions"}],"predecessor-version":[{"id":20479,"href":"https:\/\/news.save.ch\/it\/wp-json\/wp\/v2\/posts\/20476\/revisions\/20479"}],"wp:featuredmedia":[{"embeddable":true,"href":"https:\/\/news.save.ch\/it\/wp-json\/wp\/v2\/media\/20477"}],"wp:attachment":[{"href":"https:\/\/news.save.ch\/it\/wp-json\/wp\/v2\/media?parent=20476"}],"wp:term":[{"taxonomy":"category","embeddable":true,"href":"https:\/\/news.save.ch\/it\/wp-json\/wp\/v2\/categories?post=20476"},{"taxonomy":"post_tag","embeddable":true,"href":"https:\/\/news.save.ch\/it\/wp-json\/wp\/v2\/tags?post=20476"}],"curies":[{"name":"wp","href":"https:\/\/api.w.org\/{rel}","templated":true}]}}