{"id":2107,"date":"2016-01-09T16:15:57","date_gmt":"2016-01-09T15:15:57","guid":{"rendered":"https:\/\/dev.sicherheitsforum.ch\/?p=2107"},"modified":"2016-01-09T16:15:57","modified_gmt":"2016-01-09T15:15:57","slug":"auch-in-zuerich-mehrere-anzeigen","status":null,"type":"post","link":"https:\/\/news.save.ch\/it\/auch-in-zuerich-mehrere-anzeigen\/","title":{"rendered":"Diversi annunci anche a Zurigo"},"content":{"rendered":"<p><img loading=\"lazy\" decoding=\"async\" class=\"alignnone wp-image-2110 size-medium\" src=\"https:\/\/news.save.ch\/wp-content\/uploads\/2016\/12\/Auch-in-Zuerich-mehrere-Anzeigen-sicherheitsforum.jpg\" width=\"680\" height=\"770\" srcset=\"https:\/\/news.save.ch\/wp-content\/uploads\/2016\/12\/Auch-in-Zuerich-mehrere-Anzeigen-sicherheitsforum.jpg 883w, https:\/\/news.save.ch\/wp-content\/uploads\/2016\/12\/Auch-in-Zuerich-mehrere-Anzeigen-sicherheitsforum-265x300.jpg 265w\" sizes=\"auto, (max-width: 680px) 100vw, 680px\" \/><\/p>\n<p>Anche a Zurigo sono stati segnalati circa due dozzine di furti all'indomani della magia di Capodanno nel bacino del lago di Zurigo. Nel corso delle indagini su questi furti, \u00e8 emerso che in alcuni casi si trattava anche di molestie sessuali, come ha riferito di recente la polizia.<\/p>\n<p>Le donne interessate hanno raccontato alla polizia di essere state derubate e allo stesso tempo molestate sessualmente per i loro vestiti. Secondo le informazioni, circa una mezza dozzina di donne si sono fatte avanti. Hanno dichiarato di essere stati avvicinati tra la folla da diversi uomini dalla pelle sottile.<\/p>\n<p>La polizia di Zurigo chiede ad altre vittime di farsi avanti e sporgere denuncia.<\/p>\n<p>&nbsp;<\/p>","protected":false},"excerpt":{"rendered":"<p>Auch in Z\u00fcrich wurden im Nachgang zum Silvesterzauber am \u00a0Z\u00fcrcher Seebecken rund zwei Dutzend Diebst\u00e4hle angezeigt. Im Zuge der Abkl\u00e4rungen dieser Diebst\u00e4hle zeigte sich, dass es bei einigen der F\u00e4lle auch zu sexuellen Bel\u00e4stigungen gekommen war, wie die Stapo k\u00fcrzlich mitgeteilt hat. Gegen\u00fcber der Polizei schilderten die betroffenen Frauen, dass sie einerseits bestohlen und dabei [&hellip;]<\/p>\n","protected":false},"author":1,"featured_media":2110,"comment_status":"open","ping_status":"open","sticky":false,"template":"","format":"standard","meta":{"_acf_changed":false,"pgc_sgb_lightbox_settings":"","footnotes":""},"categories":[1],"tags":[69],"class_list":["post-2107","post","type-post","status-publish","format-standard","has-post-thumbnail","hentry","category-allgemein","tag-justiz-polizei"],"acf":[],"hkrextid":null,"publication":null,"issue":null,"workflow":null,"startPage":null,"spitzmarke":null,"_posts_by_tag_page_fields":{"widget_title":"","widget_tags":""},"_at_widget":"1","_yoast_wpseo_primary_category":"1","_yoast_wpseo_focuskw_text_input":"Auch in Z\u00fcrich mehrere Anzeigen","_yoast_wpseo_opengraph-image":"https:\/\/news.save.ch\/wp-content\/uploads\/2016\/12\/Auch-in-Z\u00fcrich-mehrere-Anzeigen-sicherheitsforum.jpg","_yoast_wpseo_opengraph-description":"\u00dcber den Jahreswechsel kam es in Z\u00fcrich zu mehreren Diebst\u00e4hlen, bei denen weibliche Personen auch Opfer von sexuellen Bel\u00e4stigungen wurden. Die Stadtpolizei Z\u00fcrich sucht Betroffene sowie Zeuginnen und Zeugen.","_yoast_wpseo_opengraph-title":"Auch in Z\u00fcrich mehrere Anzeigen","enclosure":null,"_yoast_wpseo_twitter-title":null,"_yoast_wpseo_twitter-description":null,"_yoast_wpseo_twitter-image":null,"_wp_old_slug":null,"_yoast_wpseo_title":null,"_yoast_wpseo_canonical":null,"yoast_head":"<!-- This site is optimized with the Yoast SEO plugin v27.5 - https:\/\/yoast.com\/product\/yoast-seo-wordpress\/ -->\n<title>Auch in Z\u00fcrich mehrere Anzeigen - Save<\/title>\n<meta name=\"description\" content=\"\u00dcber den Jahreswechsel kam es in Z\u00fcrich zu mehreren Diebst\u00e4hlen, bei denen weibliche Personen auch Opfer von sexuellen Bel\u00e4stigungen wurden.\" \/>\n<meta name=\"robots\" content=\"index, follow, max-snippet:-1, max-image-preview:large, max-video-preview:-1\" \/>\n<link rel=\"canonical\" href=\"https:\/\/news.save.ch\/it\/auch-in-zuerich-mehrere-anzeigen\/\" \/>\n<meta property=\"og:locale\" content=\"it_IT\" \/>\n<meta property=\"og:type\" content=\"article\" \/>\n<meta property=\"og:title\" content=\"Auch in Z\u00fcrich mehrere Anzeigen\" \/>\n<meta property=\"og:description\" content=\"\u00dcber den Jahreswechsel kam es in Z\u00fcrich zu mehreren Diebst\u00e4hlen, bei denen weibliche Personen auch Opfer von sexuellen Bel\u00e4stigungen wurden. Die Stadtpolizei Z\u00fcrich sucht Betroffene sowie Zeuginnen und Zeugen.\" \/>\n<meta property=\"og:url\" content=\"https:\/\/news.save.ch\/it\/auch-in-zuerich-mehrere-anzeigen\/\" \/>\n<meta property=\"og:site_name\" content=\"Save\" \/>\n<meta property=\"article:published_time\" content=\"2016-01-09T15:15:57+00:00\" \/>\n<meta property=\"og:image\" content=\"https:\/\/news.save.ch\/wp-content\/uploads\/2016\/12\/Auch-in-Z\u00fcrich-mehrere-Anzeigen-sicherheitsforum.jpg\" \/>\n<meta name=\"author\" content=\"admin\" \/>\n<meta name=\"twitter:card\" content=\"summary_large_image\" \/>\n<meta name=\"twitter:label1\" content=\"Scritto da\" \/>\n\t<meta name=\"twitter:data1\" content=\"admin\" \/>\n\t<meta name=\"twitter:label2\" content=\"Tempo di lettura stimato\" \/>\n\t<meta name=\"twitter:data2\" content=\"1 minuto\" \/>\n<script type=\"application\/ld+json\" class=\"yoast-schema-graph\">{\"@context\":\"https:\\\/\\\/schema.org\",\"@graph\":[{\"@type\":\"Article\",\"@id\":\"https:\\\/\\\/news.save.ch\\\/auch-in-zuerich-mehrere-anzeigen\\\/#article\",\"isPartOf\":{\"@id\":\"https:\\\/\\\/news.save.ch\\\/auch-in-zuerich-mehrere-anzeigen\\\/\"},\"author\":{\"name\":\"admin\",\"@id\":\"https:\\\/\\\/news.save.ch\\\/de\\\/#\\\/schema\\\/person\\\/d49e199490bad7c70d64b9ab51142f2b\"},\"headline\":\"Auch in Z\u00fcrich mehrere Anzeigen\",\"datePublished\":\"2016-01-09T15:15:57+00:00\",\"mainEntityOfPage\":{\"@id\":\"https:\\\/\\\/news.save.ch\\\/auch-in-zuerich-mehrere-anzeigen\\\/\"},\"wordCount\":124,\"commentCount\":0,\"publisher\":{\"@id\":\"https:\\\/\\\/news.save.ch\\\/de\\\/#organization\"},\"image\":{\"@id\":\"https:\\\/\\\/news.save.ch\\\/auch-in-zuerich-mehrere-anzeigen\\\/#primaryimage\"},\"thumbnailUrl\":\"https:\\\/\\\/news.save.ch\\\/wp-content\\\/uploads\\\/2016\\\/12\\\/Auch-in-Zuerich-mehrere-Anzeigen-sicherheitsforum.jpg\",\"keywords\":[\"Justiz &amp; Polizei\"],\"articleSection\":[\"ALLGEMEIN\"],\"inLanguage\":\"it-IT\"},{\"@type\":\"WebPage\",\"@id\":\"https:\\\/\\\/news.save.ch\\\/auch-in-zuerich-mehrere-anzeigen\\\/\",\"url\":\"https:\\\/\\\/news.save.ch\\\/auch-in-zuerich-mehrere-anzeigen\\\/\",\"name\":\"Auch in Z\u00fcrich mehrere Anzeigen - Save\",\"isPartOf\":{\"@id\":\"https:\\\/\\\/news.save.ch\\\/de\\\/#website\"},\"primaryImageOfPage\":{\"@id\":\"https:\\\/\\\/news.save.ch\\\/auch-in-zuerich-mehrere-anzeigen\\\/#primaryimage\"},\"image\":{\"@id\":\"https:\\\/\\\/news.save.ch\\\/auch-in-zuerich-mehrere-anzeigen\\\/#primaryimage\"},\"thumbnailUrl\":\"https:\\\/\\\/news.save.ch\\\/wp-content\\\/uploads\\\/2016\\\/12\\\/Auch-in-Zuerich-mehrere-Anzeigen-sicherheitsforum.jpg\",\"datePublished\":\"2016-01-09T15:15:57+00:00\",\"description\":\"\u00dcber den Jahreswechsel kam es in Z\u00fcrich zu mehreren Diebst\u00e4hlen, bei denen weibliche Personen auch Opfer von sexuellen Bel\u00e4stigungen wurden.\",\"breadcrumb\":{\"@id\":\"https:\\\/\\\/news.save.ch\\\/auch-in-zuerich-mehrere-anzeigen\\\/#breadcrumb\"},\"inLanguage\":\"it-IT\",\"potentialAction\":[{\"@type\":\"ReadAction\",\"target\":[\"https:\\\/\\\/news.save.ch\\\/auch-in-zuerich-mehrere-anzeigen\\\/\"]}]},{\"@type\":\"ImageObject\",\"inLanguage\":\"it-IT\",\"@id\":\"https:\\\/\\\/news.save.ch\\\/auch-in-zuerich-mehrere-anzeigen\\\/#primaryimage\",\"url\":\"https:\\\/\\\/news.save.ch\\\/wp-content\\\/uploads\\\/2016\\\/12\\\/Auch-in-Zuerich-mehrere-Anzeigen-sicherheitsforum.jpg\",\"contentUrl\":\"https:\\\/\\\/news.save.ch\\\/wp-content\\\/uploads\\\/2016\\\/12\\\/Auch-in-Zuerich-mehrere-Anzeigen-sicherheitsforum.jpg\",\"width\":883,\"height\":1000},{\"@type\":\"BreadcrumbList\",\"@id\":\"https:\\\/\\\/news.save.ch\\\/auch-in-zuerich-mehrere-anzeigen\\\/#breadcrumb\",\"itemListElement\":[{\"@type\":\"ListItem\",\"position\":1,\"name\":\"Home\",\"item\":\"https:\\\/\\\/news.save.ch\\\/de\\\/\"},{\"@type\":\"ListItem\",\"position\":2,\"name\":\"Auch in Z\u00fcrich mehrere Anzeigen\"}]},{\"@type\":\"WebSite\",\"@id\":\"https:\\\/\\\/news.save.ch\\\/de\\\/#website\",\"url\":\"https:\\\/\\\/news.save.ch\\\/de\\\/\",\"name\":\"Save\",\"description\":\"Schweizer Fachzeitschrift f\u00fcr Sicherheit\",\"publisher\":{\"@id\":\"https:\\\/\\\/news.save.ch\\\/de\\\/#organization\"},\"potentialAction\":[{\"@type\":\"SearchAction\",\"target\":{\"@type\":\"EntryPoint\",\"urlTemplate\":\"https:\\\/\\\/news.save.ch\\\/de\\\/?s={search_term_string}\"},\"query-input\":{\"@type\":\"PropertyValueSpecification\",\"valueRequired\":true,\"valueName\":\"search_term_string\"}}],\"inLanguage\":\"it-IT\"},{\"@type\":\"Organization\",\"@id\":\"https:\\\/\\\/news.save.ch\\\/de\\\/#organization\",\"name\":\"Sicherheitsforum\",\"url\":\"https:\\\/\\\/news.save.ch\\\/de\\\/\",\"logo\":{\"@type\":\"ImageObject\",\"inLanguage\":\"it-IT\",\"@id\":\"https:\\\/\\\/news.save.ch\\\/de\\\/#\\\/schema\\\/logo\\\/image\\\/\",\"url\":\"https:\\\/\\\/news.save.ch\\\/wp-content\\\/uploads\\\/2022\\\/06\\\/Logo_SF_2012.png\",\"contentUrl\":\"https:\\\/\\\/news.save.ch\\\/wp-content\\\/uploads\\\/2022\\\/06\\\/Logo_SF_2012.png\",\"width\":1100,\"height\":91,\"caption\":\"Sicherheitsforum\"},\"image\":{\"@id\":\"https:\\\/\\\/news.save.ch\\\/de\\\/#\\\/schema\\\/logo\\\/image\\\/\"}},{\"@type\":\"Person\",\"@id\":\"https:\\\/\\\/news.save.ch\\\/de\\\/#\\\/schema\\\/person\\\/d49e199490bad7c70d64b9ab51142f2b\",\"name\":\"admin\",\"image\":{\"@type\":\"ImageObject\",\"inLanguage\":\"it-IT\",\"@id\":\"https:\\\/\\\/secure.gravatar.com\\\/avatar\\\/ae2f4d718e6c49043e314ce431e7e645d646302a24a5ef5a8bc8e3f5a032e319?s=96&d=mm&r=g\",\"url\":\"https:\\\/\\\/secure.gravatar.com\\\/avatar\\\/ae2f4d718e6c49043e314ce431e7e645d646302a24a5ef5a8bc8e3f5a032e319?s=96&d=mm&r=g\",\"contentUrl\":\"https:\\\/\\\/secure.gravatar.com\\\/avatar\\\/ae2f4d718e6c49043e314ce431e7e645d646302a24a5ef5a8bc8e3f5a032e319?s=96&d=mm&r=g\",\"caption\":\"admin\"},\"sameAs\":[\"https:\\\/\\\/develop.organisator.galledia.ch\"],\"url\":\"https:\\\/\\\/news.save.ch\\\/it\\\/author\\\/admin\\\/\"}]}<\/script>\n<!-- \/ Yoast SEO plugin. -->","yoast_head_json":{"title":"Anche a Zurigo diversi annunci - Salva","description":"Nel corso dell'anno, a Zurigo si sono verificati diversi furti in cui anche le donne sono state vittime di molestie sessuali.","robots":{"index":"index","follow":"follow","max-snippet":"max-snippet:-1","max-image-preview":"max-image-preview:large","max-video-preview":"max-video-preview:-1"},"canonical":"https:\/\/news.save.ch\/it\/auch-in-zuerich-mehrere-anzeigen\/","og_locale":"it_IT","og_type":"article","og_title":"Auch in Z\u00fcrich mehrere Anzeigen","og_description":"\u00dcber den Jahreswechsel kam es in Z\u00fcrich zu mehreren Diebst\u00e4hlen, bei denen weibliche Personen auch Opfer von sexuellen Bel\u00e4stigungen wurden. Die Stadtpolizei Z\u00fcrich sucht Betroffene sowie Zeuginnen und Zeugen.","og_url":"https:\/\/news.save.ch\/it\/auch-in-zuerich-mehrere-anzeigen\/","og_site_name":"Save","article_published_time":"2016-01-09T15:15:57+00:00","og_image":[{"url":"https:\/\/news.save.ch\/wp-content\/uploads\/2016\/12\/Auch-in-Z\u00fcrich-mehrere-Anzeigen-sicherheitsforum.jpg","type":"","width":"","height":""}],"author":"admin","twitter_card":"summary_large_image","twitter_misc":{"Scritto da":"admin","Tempo di lettura stimato":"1 minuto"},"schema":{"@context":"https:\/\/schema.org","@graph":[{"@type":"Article","@id":"https:\/\/news.save.ch\/auch-in-zuerich-mehrere-anzeigen\/#article","isPartOf":{"@id":"https:\/\/news.save.ch\/auch-in-zuerich-mehrere-anzeigen\/"},"author":{"name":"admin","@id":"https:\/\/news.save.ch\/de\/#\/schema\/person\/d49e199490bad7c70d64b9ab51142f2b"},"headline":"Auch in Z\u00fcrich mehrere Anzeigen","datePublished":"2016-01-09T15:15:57+00:00","mainEntityOfPage":{"@id":"https:\/\/news.save.ch\/auch-in-zuerich-mehrere-anzeigen\/"},"wordCount":124,"commentCount":0,"publisher":{"@id":"https:\/\/news.save.ch\/de\/#organization"},"image":{"@id":"https:\/\/news.save.ch\/auch-in-zuerich-mehrere-anzeigen\/#primaryimage"},"thumbnailUrl":"https:\/\/news.save.ch\/wp-content\/uploads\/2016\/12\/Auch-in-Zuerich-mehrere-Anzeigen-sicherheitsforum.jpg","keywords":["Justiz &amp; Polizei"],"articleSection":["ALLGEMEIN"],"inLanguage":"it-IT"},{"@type":"WebPage","@id":"https:\/\/news.save.ch\/auch-in-zuerich-mehrere-anzeigen\/","url":"https:\/\/news.save.ch\/auch-in-zuerich-mehrere-anzeigen\/","name":"Anche a Zurigo diversi annunci - Salva","isPartOf":{"@id":"https:\/\/news.save.ch\/de\/#website"},"primaryImageOfPage":{"@id":"https:\/\/news.save.ch\/auch-in-zuerich-mehrere-anzeigen\/#primaryimage"},"image":{"@id":"https:\/\/news.save.ch\/auch-in-zuerich-mehrere-anzeigen\/#primaryimage"},"thumbnailUrl":"https:\/\/news.save.ch\/wp-content\/uploads\/2016\/12\/Auch-in-Zuerich-mehrere-Anzeigen-sicherheitsforum.jpg","datePublished":"2016-01-09T15:15:57+00:00","description":"Nel corso dell'anno, a Zurigo si sono verificati diversi furti in cui anche le donne sono state vittime di molestie sessuali.","breadcrumb":{"@id":"https:\/\/news.save.ch\/auch-in-zuerich-mehrere-anzeigen\/#breadcrumb"},"inLanguage":"it-IT","potentialAction":[{"@type":"ReadAction","target":["https:\/\/news.save.ch\/auch-in-zuerich-mehrere-anzeigen\/"]}]},{"@type":"ImageObject","inLanguage":"it-IT","@id":"https:\/\/news.save.ch\/auch-in-zuerich-mehrere-anzeigen\/#primaryimage","url":"https:\/\/news.save.ch\/wp-content\/uploads\/2016\/12\/Auch-in-Zuerich-mehrere-Anzeigen-sicherheitsforum.jpg","contentUrl":"https:\/\/news.save.ch\/wp-content\/uploads\/2016\/12\/Auch-in-Zuerich-mehrere-Anzeigen-sicherheitsforum.jpg","width":883,"height":1000},{"@type":"BreadcrumbList","@id":"https:\/\/news.save.ch\/auch-in-zuerich-mehrere-anzeigen\/#breadcrumb","itemListElement":[{"@type":"ListItem","position":1,"name":"Home","item":"https:\/\/news.save.ch\/de\/"},{"@type":"ListItem","position":2,"name":"Auch in Z\u00fcrich mehrere Anzeigen"}]},{"@type":"WebSite","@id":"https:\/\/news.save.ch\/de\/#website","url":"https:\/\/news.save.ch\/de\/","name":"Risparmiare","description":"Rivista svizzera specializzata in sicurezza","publisher":{"@id":"https:\/\/news.save.ch\/de\/#organization"},"potentialAction":[{"@type":"SearchAction","target":{"@type":"EntryPoint","urlTemplate":"https:\/\/news.save.ch\/de\/?s={search_term_string}"},"query-input":{"@type":"PropertyValueSpecification","valueRequired":true,"valueName":"search_term_string"}}],"inLanguage":"it-IT"},{"@type":"Organization","@id":"https:\/\/news.save.ch\/de\/#organization","name":"Forum sulla sicurezza","url":"https:\/\/news.save.ch\/de\/","logo":{"@type":"ImageObject","inLanguage":"it-IT","@id":"https:\/\/news.save.ch\/de\/#\/schema\/logo\/image\/","url":"https:\/\/news.save.ch\/wp-content\/uploads\/2022\/06\/Logo_SF_2012.png","contentUrl":"https:\/\/news.save.ch\/wp-content\/uploads\/2022\/06\/Logo_SF_2012.png","width":1100,"height":91,"caption":"Sicherheitsforum"},"image":{"@id":"https:\/\/news.save.ch\/de\/#\/schema\/logo\/image\/"}},{"@type":"Person","@id":"https:\/\/news.save.ch\/de\/#\/schema\/person\/d49e199490bad7c70d64b9ab51142f2b","name":"amministratore","image":{"@type":"ImageObject","inLanguage":"it-IT","@id":"https:\/\/secure.gravatar.com\/avatar\/ae2f4d718e6c49043e314ce431e7e645d646302a24a5ef5a8bc8e3f5a032e319?s=96&d=mm&r=g","url":"https:\/\/secure.gravatar.com\/avatar\/ae2f4d718e6c49043e314ce431e7e645d646302a24a5ef5a8bc8e3f5a032e319?s=96&d=mm&r=g","contentUrl":"https:\/\/secure.gravatar.com\/avatar\/ae2f4d718e6c49043e314ce431e7e645d646302a24a5ef5a8bc8e3f5a032e319?s=96&d=mm&r=g","caption":"admin"},"sameAs":["https:\/\/develop.organisator.galledia.ch"],"url":"https:\/\/news.save.ch\/it\/author\/admin\/"}]}},"_links":{"self":[{"href":"https:\/\/news.save.ch\/it\/wp-json\/wp\/v2\/posts\/2107","targetHints":{"allow":["GET"]}}],"collection":[{"href":"https:\/\/news.save.ch\/it\/wp-json\/wp\/v2\/posts"}],"about":[{"href":"https:\/\/news.save.ch\/it\/wp-json\/wp\/v2\/types\/post"}],"author":[{"embeddable":true,"href":"https:\/\/news.save.ch\/it\/wp-json\/wp\/v2\/users\/1"}],"replies":[{"embeddable":true,"href":"https:\/\/news.save.ch\/it\/wp-json\/wp\/v2\/comments?post=2107"}],"version-history":[{"count":0,"href":"https:\/\/news.save.ch\/it\/wp-json\/wp\/v2\/posts\/2107\/revisions"}],"wp:featuredmedia":[{"embeddable":true,"href":"https:\/\/news.save.ch\/it\/wp-json\/wp\/v2\/media\/2110"}],"wp:attachment":[{"href":"https:\/\/news.save.ch\/it\/wp-json\/wp\/v2\/media?parent=2107"}],"wp:term":[{"taxonomy":"category","embeddable":true,"href":"https:\/\/news.save.ch\/it\/wp-json\/wp\/v2\/categories?post=2107"},{"taxonomy":"post_tag","embeddable":true,"href":"https:\/\/news.save.ch\/it\/wp-json\/wp\/v2\/tags?post=2107"}],"curies":[{"name":"wp","href":"https:\/\/api.w.org\/{rel}","templated":true}]}}