{"id":21469,"date":"2023-08-03T06:04:25","date_gmt":"2023-08-03T04:04:25","guid":{"rendered":"https:\/\/news.save.ch\/?p=21469"},"modified":"2023-08-02T17:42:46","modified_gmt":"2023-08-02T15:42:46","slug":"strafverfolgungsbehoerde-kann-neu-mit-dna-phaenotypisierung-arbeiten","status":null,"type":"post","link":"https:\/\/news.save.ch\/it\/strafverfolgungsbehoerde-kann-neu-mit-dna-phaenotypisierung-arbeiten\/","title":{"rendered":"Campione di DNA: le forze dell'ordine possono ora leggere il colore di occhi e capelli"},"content":{"rendered":"<figure id=\"attachment_21470\" aria-describedby=\"caption-attachment-21470\" style=\"width: 680px\" class=\"wp-caption aligncenter\"><img loading=\"lazy\" decoding=\"async\" class=\"size-medium wp-image-21470\" src=\"https:\/\/news.save.ch\/wp-content\/uploads\/2023\/08\/Depositphotos_432967640_S-680x454.jpg\" alt=\"\" width=\"680\" height=\"454\" srcset=\"https:\/\/news.save.ch\/wp-content\/uploads\/2023\/08\/Depositphotos_432967640_S-680x454.jpg 680w, https:\/\/news.save.ch\/wp-content\/uploads\/2023\/08\/Depositphotos_432967640_S-768x512.jpg 768w, https:\/\/news.save.ch\/wp-content\/uploads\/2023\/08\/Depositphotos_432967640_S-18x12.jpg 18w, https:\/\/news.save.ch\/wp-content\/uploads\/2023\/08\/Depositphotos_432967640_S-375x250.jpg 375w, https:\/\/news.save.ch\/wp-content\/uploads\/2023\/08\/Depositphotos_432967640_S-525x350.jpg 525w, https:\/\/news.save.ch\/wp-content\/uploads\/2023\/08\/Depositphotos_432967640_S.jpg 1000w\" sizes=\"auto, (max-width: 680px) 100vw, 680px\" \/><figcaption id=\"caption-attachment-21470\" class=\"wp-caption-text\">Depositphotos, macor<\/figcaption><\/figure>\n<p>L'analisi forense del DNA svolge un ruolo centrale nella risoluzione dei reati: pu\u00f2 fornire alle autorit\u00e0 di polizia indizi importanti per l'identificazione di un sospetto autore di reato, come sottolinea l'Ufficio federale di polizia (Fedpol). Tuttavia, il confronto della traccia di DNA proveniente dalla scena del crimine o dall'arma del delitto con la banca dati dei profili di DNA non sempre produce un risultato positivo, in particolare se il profilo di DNA della persona ricercata non \u00e8 contenuto nella banca dati svizzera. Secondo Fedpol, dal 1\u00b0 agosto le autorit\u00e0 di polizia sono in grado di compiere un passo avanti decisivo nella risoluzione di gravi crimini.<\/p>\n<p>Con l'entrata in vigore della revisione della legge sul profilo del DNA, la fenotipizzazione del DNA pu\u00f2 ora essere utilizzata a determinate condizioni. Finora, l'analisi del DNA \u00e8 stata utilizzata solo per creare un profilo del DNA e quindi fornire informazioni sul sesso della persona che ha deposto la traccia, secondo il comunicato stampa. Ora, le seguenti caratteristiche visibili esternamente possono essere lette dalle sezioni di DNA codificate di una traccia con una certa probabilit\u00e0: colore degli occhi, dei capelli e della pelle, origine biogeografica ed et\u00e0 del tracciatore.<\/p>\n<h3>Il percorso prende \"forma<\/h3>\n<p>Se, nella fase iniziale di un'indagine, non \u00e8 possibile ottenere alcun indizio significativo sull'autore del reato o solo pochi indizi significativi con i mezzi convenzionali, la fenotipizzazione pu\u00f2 fornire nuove e importanti intuizioni alle autorit\u00e0 di polizia: consente di restringere la cerchia dei sospetti e di focalizzare l'indagine. Inoltre, le dichiarazioni delle vittime o dei testimoni possono essere classificate meglio. Grazie alla fenotipizzazione, la polizia pu\u00f2, ad esempio, ipotizzare con un certo grado di probabilit\u00e0 in singoli casi che la traccia della scena del crimine possa provenire da un uomo di circa 45 anni, di origine europea occidentale, con i capelli castani e gli occhi verdi. I risultati della fenotipizzazione potrebbero anche aiutare a risolvere crimini avvenuti in tempi lontani - i cosiddetti \"cold case\" - e dare nuovo impulso alla ricerca del colpevole, come scrive la Fedpol.<\/p>\n<h3>Un elemento importante, ma non l'unico<\/h3>\n<p>L'analisi del DNA da sola non risolverebbe i crimini. I \"riscontri\" diretti quando si confronta una traccia di DNA proveniente dalla scena del crimine con la banca dati del DNA <a href=\"https:\/\/www.fedpol.admin.ch\/fedpol\/de\/home\/sicherheit\/personenidentifikation-neu\/dna-und-codis\/codis-zahlen.html\" target=\"_blank\" rel=\"noopener\">CODIS<\/a>I risultati della fenotipizzazione o della ricerca di una relazione non sono una prova che la persona che ha lasciato le tracce sia anche l'autore del reato. L'interrogatorio delle vittime, dei testimoni e dei sospetti e l'esame delle loro dichiarazioni, insieme a numerose altre misure, sono ancora elementi centrali nei procedimenti penali per l'indagine su un sospetto autore di reato. L'indizio decisivo, tuttavia, potrebbe essere fornito dall'analisi estesa del DNA.<\/p>","protected":false},"excerpt":{"rendered":"<p>Die forensische DNA-Analyse spielt eine zentrale Rolle bei der Aufkl\u00e4rung von Straftaten: Sie kann den Strafverfolgungsbeh\u00f6rden wichtige Hinweise bei der Ermittlung eines mutmasslichen T\u00e4ters liefern, wie das Bundesamt f\u00fcr Polizei (Fedpol) betont. Doch nicht immer liefere der Vergleich der DNA-Spur vom Tatort oder der Tatwaffe mit der DNA-Profil-Datenbank einen Treffer &#8211; n\u00e4mlich dann, wenn das [&hellip;]<\/p>\n","protected":false},"author":8,"featured_media":21470,"comment_status":"closed","ping_status":"closed","sticky":false,"template":"","format":"standard","meta":{"_acf_changed":false,"pgc_sgb_lightbox_settings":"","footnotes":""},"categories":[1],"tags":[1927],"class_list":["post-21469","post","type-post","status-publish","format-standard","has-post-thumbnail","hentry","category-allgemein","tag-dna"],"acf":[],"hkrextid":null,"publication":null,"issue":null,"workflow":null,"startPage":null,"spitzmarke":null,"_posts_by_tag_page_fields":null,"_at_widget":null,"_yoast_wpseo_primary_category":"1","_yoast_wpseo_focuskw_text_input":null,"_yoast_wpseo_opengraph-image":null,"_yoast_wpseo_opengraph-description":null,"_yoast_wpseo_opengraph-title":null,"enclosure":null,"_yoast_wpseo_twitter-title":null,"_yoast_wpseo_twitter-description":null,"_yoast_wpseo_twitter-image":null,"_wp_old_slug":null,"_yoast_wpseo_title":null,"_yoast_wpseo_canonical":null,"yoast_head":"<!-- This site is optimized with the Yoast SEO plugin v27.4 - https:\/\/yoast.com\/product\/yoast-seo-wordpress\/ -->\n<title>DNA-Probe: Strafverfolger d\u00fcrfen neu Augen- und Haarfarbe herauslesen - Save<\/title>\n<meta name=\"description\" content=\"In der Schweiz gilt ein neues Instrument: Die DNA-Ph\u00e4notypisierung erweitert das Spektrum der forensischen Fahndungsm\u00f6glichkeiten.\" \/>\n<meta name=\"robots\" content=\"index, follow, max-snippet:-1, max-image-preview:large, max-video-preview:-1\" \/>\n<link rel=\"canonical\" href=\"https:\/\/news.save.ch\/it\/strafverfolgungsbehoerde-kann-neu-mit-dna-phaenotypisierung-arbeiten\/\" \/>\n<meta property=\"og:locale\" content=\"it_IT\" \/>\n<meta property=\"og:type\" content=\"article\" \/>\n<meta property=\"og:title\" content=\"DNA-Probe: Strafverfolger d\u00fcrfen neu Augen- und Haarfarbe herauslesen - Save\" \/>\n<meta property=\"og:description\" content=\"In der Schweiz gilt ein neues Instrument: Die DNA-Ph\u00e4notypisierung erweitert das Spektrum der forensischen Fahndungsm\u00f6glichkeiten.\" \/>\n<meta property=\"og:url\" content=\"https:\/\/news.save.ch\/it\/strafverfolgungsbehoerde-kann-neu-mit-dna-phaenotypisierung-arbeiten\/\" \/>\n<meta property=\"og:site_name\" content=\"Save\" \/>\n<meta property=\"article:published_time\" content=\"2023-08-03T04:04:25+00:00\" \/>\n<meta property=\"og:image\" content=\"https:\/\/news.save.ch\/wp-content\/uploads\/2023\/08\/Depositphotos_432967640_S.jpg\" \/>\n\t<meta property=\"og:image:width\" content=\"1000\" \/>\n\t<meta property=\"og:image:height\" content=\"667\" \/>\n\t<meta property=\"og:image:type\" content=\"image\/jpeg\" \/>\n<meta name=\"author\" content=\"Roger Str\u00e4ssle\" \/>\n<meta name=\"twitter:card\" content=\"summary_large_image\" \/>\n<meta name=\"twitter:label1\" content=\"Scritto da\" \/>\n\t<meta name=\"twitter:data1\" content=\"Roger Str\u00e4ssle\" \/>\n\t<meta name=\"twitter:label2\" content=\"Tempo di lettura stimato\" \/>\n\t<meta name=\"twitter:data2\" content=\"3 minuti\" \/>\n<script type=\"application\/ld+json\" class=\"yoast-schema-graph\">{\"@context\":\"https:\\\/\\\/schema.org\",\"@graph\":[{\"@type\":\"Article\",\"@id\":\"https:\\\/\\\/news.save.ch\\\/strafverfolgungsbehoerde-kann-neu-mit-dna-phaenotypisierung-arbeiten\\\/#article\",\"isPartOf\":{\"@id\":\"https:\\\/\\\/news.save.ch\\\/strafverfolgungsbehoerde-kann-neu-mit-dna-phaenotypisierung-arbeiten\\\/\"},\"author\":{\"name\":\"Roger Str\u00e4ssle\",\"@id\":\"https:\\\/\\\/news.save.ch\\\/de\\\/#\\\/schema\\\/person\\\/d5022db048e0e2b9785c50e5b24da5aa\"},\"headline\":\"DNA-Probe: Strafverfolger d\u00fcrfen neu Augen- und Haarfarbe herauslesen\",\"datePublished\":\"2023-08-03T04:04:25+00:00\",\"mainEntityOfPage\":{\"@id\":\"https:\\\/\\\/news.save.ch\\\/strafverfolgungsbehoerde-kann-neu-mit-dna-phaenotypisierung-arbeiten\\\/\"},\"wordCount\":443,\"publisher\":{\"@id\":\"https:\\\/\\\/news.save.ch\\\/de\\\/#organization\"},\"image\":{\"@id\":\"https:\\\/\\\/news.save.ch\\\/strafverfolgungsbehoerde-kann-neu-mit-dna-phaenotypisierung-arbeiten\\\/#primaryimage\"},\"thumbnailUrl\":\"https:\\\/\\\/news.save.ch\\\/wp-content\\\/uploads\\\/2023\\\/08\\\/Depositphotos_432967640_S.jpg\",\"keywords\":[\"DNA\"],\"articleSection\":[\"ALLGEMEIN\"],\"inLanguage\":\"it-IT\"},{\"@type\":\"WebPage\",\"@id\":\"https:\\\/\\\/news.save.ch\\\/strafverfolgungsbehoerde-kann-neu-mit-dna-phaenotypisierung-arbeiten\\\/\",\"url\":\"https:\\\/\\\/news.save.ch\\\/strafverfolgungsbehoerde-kann-neu-mit-dna-phaenotypisierung-arbeiten\\\/\",\"name\":\"DNA-Probe: Strafverfolger d\u00fcrfen neu Augen- und Haarfarbe herauslesen - Save\",\"isPartOf\":{\"@id\":\"https:\\\/\\\/news.save.ch\\\/de\\\/#website\"},\"primaryImageOfPage\":{\"@id\":\"https:\\\/\\\/news.save.ch\\\/strafverfolgungsbehoerde-kann-neu-mit-dna-phaenotypisierung-arbeiten\\\/#primaryimage\"},\"image\":{\"@id\":\"https:\\\/\\\/news.save.ch\\\/strafverfolgungsbehoerde-kann-neu-mit-dna-phaenotypisierung-arbeiten\\\/#primaryimage\"},\"thumbnailUrl\":\"https:\\\/\\\/news.save.ch\\\/wp-content\\\/uploads\\\/2023\\\/08\\\/Depositphotos_432967640_S.jpg\",\"datePublished\":\"2023-08-03T04:04:25+00:00\",\"description\":\"In der Schweiz gilt ein neues Instrument: Die DNA-Ph\u00e4notypisierung erweitert das Spektrum der forensischen Fahndungsm\u00f6glichkeiten.\",\"breadcrumb\":{\"@id\":\"https:\\\/\\\/news.save.ch\\\/strafverfolgungsbehoerde-kann-neu-mit-dna-phaenotypisierung-arbeiten\\\/#breadcrumb\"},\"inLanguage\":\"it-IT\",\"potentialAction\":[{\"@type\":\"ReadAction\",\"target\":[\"https:\\\/\\\/news.save.ch\\\/strafverfolgungsbehoerde-kann-neu-mit-dna-phaenotypisierung-arbeiten\\\/\"]}]},{\"@type\":\"ImageObject\",\"inLanguage\":\"it-IT\",\"@id\":\"https:\\\/\\\/news.save.ch\\\/strafverfolgungsbehoerde-kann-neu-mit-dna-phaenotypisierung-arbeiten\\\/#primaryimage\",\"url\":\"https:\\\/\\\/news.save.ch\\\/wp-content\\\/uploads\\\/2023\\\/08\\\/Depositphotos_432967640_S.jpg\",\"contentUrl\":\"https:\\\/\\\/news.save.ch\\\/wp-content\\\/uploads\\\/2023\\\/08\\\/Depositphotos_432967640_S.jpg\",\"width\":1000,\"height\":667,\"caption\":\"Depositphotos, macor\"},{\"@type\":\"BreadcrumbList\",\"@id\":\"https:\\\/\\\/news.save.ch\\\/strafverfolgungsbehoerde-kann-neu-mit-dna-phaenotypisierung-arbeiten\\\/#breadcrumb\",\"itemListElement\":[{\"@type\":\"ListItem\",\"position\":1,\"name\":\"Home\",\"item\":\"https:\\\/\\\/news.save.ch\\\/de\\\/\"},{\"@type\":\"ListItem\",\"position\":2,\"name\":\"DNA-Probe: Strafverfolger d\u00fcrfen neu Augen- und Haarfarbe herauslesen\"}]},{\"@type\":\"WebSite\",\"@id\":\"https:\\\/\\\/news.save.ch\\\/de\\\/#website\",\"url\":\"https:\\\/\\\/news.save.ch\\\/de\\\/\",\"name\":\"Save\",\"description\":\"Schweizer Fachzeitschrift f\u00fcr Sicherheit\",\"publisher\":{\"@id\":\"https:\\\/\\\/news.save.ch\\\/de\\\/#organization\"},\"potentialAction\":[{\"@type\":\"SearchAction\",\"target\":{\"@type\":\"EntryPoint\",\"urlTemplate\":\"https:\\\/\\\/news.save.ch\\\/de\\\/?s={search_term_string}\"},\"query-input\":{\"@type\":\"PropertyValueSpecification\",\"valueRequired\":true,\"valueName\":\"search_term_string\"}}],\"inLanguage\":\"it-IT\"},{\"@type\":\"Organization\",\"@id\":\"https:\\\/\\\/news.save.ch\\\/de\\\/#organization\",\"name\":\"Sicherheitsforum\",\"url\":\"https:\\\/\\\/news.save.ch\\\/de\\\/\",\"logo\":{\"@type\":\"ImageObject\",\"inLanguage\":\"it-IT\",\"@id\":\"https:\\\/\\\/news.save.ch\\\/de\\\/#\\\/schema\\\/logo\\\/image\\\/\",\"url\":\"https:\\\/\\\/news.save.ch\\\/wp-content\\\/uploads\\\/2022\\\/06\\\/Logo_SF_2012.png\",\"contentUrl\":\"https:\\\/\\\/news.save.ch\\\/wp-content\\\/uploads\\\/2022\\\/06\\\/Logo_SF_2012.png\",\"width\":1100,\"height\":91,\"caption\":\"Sicherheitsforum\"},\"image\":{\"@id\":\"https:\\\/\\\/news.save.ch\\\/de\\\/#\\\/schema\\\/logo\\\/image\\\/\"}},{\"@type\":\"Person\",\"@id\":\"https:\\\/\\\/news.save.ch\\\/de\\\/#\\\/schema\\\/person\\\/d5022db048e0e2b9785c50e5b24da5aa\",\"name\":\"Roger Str\u00e4ssle\",\"image\":{\"@type\":\"ImageObject\",\"inLanguage\":\"it-IT\",\"@id\":\"https:\\\/\\\/secure.gravatar.com\\\/avatar\\\/862a5569d087de48e5856e32f45d719a03804c891d6deb8d4f71a660e79e4a47?s=96&d=mm&r=g\",\"url\":\"https:\\\/\\\/secure.gravatar.com\\\/avatar\\\/862a5569d087de48e5856e32f45d719a03804c891d6deb8d4f71a660e79e4a47?s=96&d=mm&r=g\",\"contentUrl\":\"https:\\\/\\\/secure.gravatar.com\\\/avatar\\\/862a5569d087de48e5856e32f45d719a03804c891d6deb8d4f71a660e79e4a47?s=96&d=mm&r=g\",\"caption\":\"Roger Str\u00e4ssle\"},\"url\":\"https:\\\/\\\/news.save.ch\\\/it\\\/author\\\/roger-straessle\\\/\"}]}<\/script>\n<!-- \/ Yoast SEO plugin. -->","yoast_head_json":{"title":"Campione di DNA: i procuratori possono ora leggere il colore di occhi e capelli - Save","description":"In Svizzera si applica un nuovo strumento: la fenotipizzazione del DNA amplia lo spettro delle possibilit\u00e0 di ricerca forense.","robots":{"index":"index","follow":"follow","max-snippet":"max-snippet:-1","max-image-preview":"max-image-preview:large","max-video-preview":"max-video-preview:-1"},"canonical":"https:\/\/news.save.ch\/it\/strafverfolgungsbehoerde-kann-neu-mit-dna-phaenotypisierung-arbeiten\/","og_locale":"it_IT","og_type":"article","og_title":"DNA-Probe: Strafverfolger d\u00fcrfen neu Augen- und Haarfarbe herauslesen - Save","og_description":"In der Schweiz gilt ein neues Instrument: Die DNA-Ph\u00e4notypisierung erweitert das Spektrum der forensischen Fahndungsm\u00f6glichkeiten.","og_url":"https:\/\/news.save.ch\/it\/strafverfolgungsbehoerde-kann-neu-mit-dna-phaenotypisierung-arbeiten\/","og_site_name":"Save","article_published_time":"2023-08-03T04:04:25+00:00","og_image":[{"width":1000,"height":667,"url":"https:\/\/news.save.ch\/wp-content\/uploads\/2023\/08\/Depositphotos_432967640_S.jpg","type":"image\/jpeg"}],"author":"Roger Str\u00e4ssle","twitter_card":"summary_large_image","twitter_misc":{"Scritto da":"Roger Str\u00e4ssle","Tempo di lettura stimato":"3 minuti"},"schema":{"@context":"https:\/\/schema.org","@graph":[{"@type":"Article","@id":"https:\/\/news.save.ch\/strafverfolgungsbehoerde-kann-neu-mit-dna-phaenotypisierung-arbeiten\/#article","isPartOf":{"@id":"https:\/\/news.save.ch\/strafverfolgungsbehoerde-kann-neu-mit-dna-phaenotypisierung-arbeiten\/"},"author":{"name":"Roger Str\u00e4ssle","@id":"https:\/\/news.save.ch\/de\/#\/schema\/person\/d5022db048e0e2b9785c50e5b24da5aa"},"headline":"DNA-Probe: Strafverfolger d\u00fcrfen neu Augen- und Haarfarbe herauslesen","datePublished":"2023-08-03T04:04:25+00:00","mainEntityOfPage":{"@id":"https:\/\/news.save.ch\/strafverfolgungsbehoerde-kann-neu-mit-dna-phaenotypisierung-arbeiten\/"},"wordCount":443,"publisher":{"@id":"https:\/\/news.save.ch\/de\/#organization"},"image":{"@id":"https:\/\/news.save.ch\/strafverfolgungsbehoerde-kann-neu-mit-dna-phaenotypisierung-arbeiten\/#primaryimage"},"thumbnailUrl":"https:\/\/news.save.ch\/wp-content\/uploads\/2023\/08\/Depositphotos_432967640_S.jpg","keywords":["DNA"],"articleSection":["ALLGEMEIN"],"inLanguage":"it-IT"},{"@type":"WebPage","@id":"https:\/\/news.save.ch\/strafverfolgungsbehoerde-kann-neu-mit-dna-phaenotypisierung-arbeiten\/","url":"https:\/\/news.save.ch\/strafverfolgungsbehoerde-kann-neu-mit-dna-phaenotypisierung-arbeiten\/","name":"Campione di DNA: i procuratori possono ora leggere il colore di occhi e capelli - Save","isPartOf":{"@id":"https:\/\/news.save.ch\/de\/#website"},"primaryImageOfPage":{"@id":"https:\/\/news.save.ch\/strafverfolgungsbehoerde-kann-neu-mit-dna-phaenotypisierung-arbeiten\/#primaryimage"},"image":{"@id":"https:\/\/news.save.ch\/strafverfolgungsbehoerde-kann-neu-mit-dna-phaenotypisierung-arbeiten\/#primaryimage"},"thumbnailUrl":"https:\/\/news.save.ch\/wp-content\/uploads\/2023\/08\/Depositphotos_432967640_S.jpg","datePublished":"2023-08-03T04:04:25+00:00","description":"In Svizzera si applica un nuovo strumento: la fenotipizzazione del DNA amplia lo spettro delle possibilit\u00e0 di ricerca forense.","breadcrumb":{"@id":"https:\/\/news.save.ch\/strafverfolgungsbehoerde-kann-neu-mit-dna-phaenotypisierung-arbeiten\/#breadcrumb"},"inLanguage":"it-IT","potentialAction":[{"@type":"ReadAction","target":["https:\/\/news.save.ch\/strafverfolgungsbehoerde-kann-neu-mit-dna-phaenotypisierung-arbeiten\/"]}]},{"@type":"ImageObject","inLanguage":"it-IT","@id":"https:\/\/news.save.ch\/strafverfolgungsbehoerde-kann-neu-mit-dna-phaenotypisierung-arbeiten\/#primaryimage","url":"https:\/\/news.save.ch\/wp-content\/uploads\/2023\/08\/Depositphotos_432967640_S.jpg","contentUrl":"https:\/\/news.save.ch\/wp-content\/uploads\/2023\/08\/Depositphotos_432967640_S.jpg","width":1000,"height":667,"caption":"Depositphotos, macor"},{"@type":"BreadcrumbList","@id":"https:\/\/news.save.ch\/strafverfolgungsbehoerde-kann-neu-mit-dna-phaenotypisierung-arbeiten\/#breadcrumb","itemListElement":[{"@type":"ListItem","position":1,"name":"Home","item":"https:\/\/news.save.ch\/de\/"},{"@type":"ListItem","position":2,"name":"DNA-Probe: Strafverfolger d\u00fcrfen neu Augen- und Haarfarbe herauslesen"}]},{"@type":"WebSite","@id":"https:\/\/news.save.ch\/de\/#website","url":"https:\/\/news.save.ch\/de\/","name":"Risparmiare","description":"Rivista svizzera specializzata in sicurezza","publisher":{"@id":"https:\/\/news.save.ch\/de\/#organization"},"potentialAction":[{"@type":"SearchAction","target":{"@type":"EntryPoint","urlTemplate":"https:\/\/news.save.ch\/de\/?s={search_term_string}"},"query-input":{"@type":"PropertyValueSpecification","valueRequired":true,"valueName":"search_term_string"}}],"inLanguage":"it-IT"},{"@type":"Organization","@id":"https:\/\/news.save.ch\/de\/#organization","name":"Forum sulla sicurezza","url":"https:\/\/news.save.ch\/de\/","logo":{"@type":"ImageObject","inLanguage":"it-IT","@id":"https:\/\/news.save.ch\/de\/#\/schema\/logo\/image\/","url":"https:\/\/news.save.ch\/wp-content\/uploads\/2022\/06\/Logo_SF_2012.png","contentUrl":"https:\/\/news.save.ch\/wp-content\/uploads\/2022\/06\/Logo_SF_2012.png","width":1100,"height":91,"caption":"Sicherheitsforum"},"image":{"@id":"https:\/\/news.save.ch\/de\/#\/schema\/logo\/image\/"}},{"@type":"Person","@id":"https:\/\/news.save.ch\/de\/#\/schema\/person\/d5022db048e0e2b9785c50e5b24da5aa","name":"Roger Str\u00e4ssle","image":{"@type":"ImageObject","inLanguage":"it-IT","@id":"https:\/\/secure.gravatar.com\/avatar\/862a5569d087de48e5856e32f45d719a03804c891d6deb8d4f71a660e79e4a47?s=96&d=mm&r=g","url":"https:\/\/secure.gravatar.com\/avatar\/862a5569d087de48e5856e32f45d719a03804c891d6deb8d4f71a660e79e4a47?s=96&d=mm&r=g","contentUrl":"https:\/\/secure.gravatar.com\/avatar\/862a5569d087de48e5856e32f45d719a03804c891d6deb8d4f71a660e79e4a47?s=96&d=mm&r=g","caption":"Roger Str\u00e4ssle"},"url":"https:\/\/news.save.ch\/it\/author\/roger-straessle\/"}]}},"_links":{"self":[{"href":"https:\/\/news.save.ch\/it\/wp-json\/wp\/v2\/posts\/21469","targetHints":{"allow":["GET"]}}],"collection":[{"href":"https:\/\/news.save.ch\/it\/wp-json\/wp\/v2\/posts"}],"about":[{"href":"https:\/\/news.save.ch\/it\/wp-json\/wp\/v2\/types\/post"}],"author":[{"embeddable":true,"href":"https:\/\/news.save.ch\/it\/wp-json\/wp\/v2\/users\/8"}],"replies":[{"embeddable":true,"href":"https:\/\/news.save.ch\/it\/wp-json\/wp\/v2\/comments?post=21469"}],"version-history":[{"count":5,"href":"https:\/\/news.save.ch\/it\/wp-json\/wp\/v2\/posts\/21469\/revisions"}],"predecessor-version":[{"id":21475,"href":"https:\/\/news.save.ch\/it\/wp-json\/wp\/v2\/posts\/21469\/revisions\/21475"}],"wp:featuredmedia":[{"embeddable":true,"href":"https:\/\/news.save.ch\/it\/wp-json\/wp\/v2\/media\/21470"}],"wp:attachment":[{"href":"https:\/\/news.save.ch\/it\/wp-json\/wp\/v2\/media?parent=21469"}],"wp:term":[{"taxonomy":"category","embeddable":true,"href":"https:\/\/news.save.ch\/it\/wp-json\/wp\/v2\/categories?post=21469"},{"taxonomy":"post_tag","embeddable":true,"href":"https:\/\/news.save.ch\/it\/wp-json\/wp\/v2\/tags?post=21469"}],"curies":[{"name":"wp","href":"https:\/\/api.w.org\/{rel}","templated":true}]}}