{"id":21478,"date":"2023-08-04T12:15:22","date_gmt":"2023-08-04T10:15:22","guid":{"rendered":"https:\/\/news.save.ch\/?p=21478"},"modified":"2023-08-04T12:15:22","modified_gmt":"2023-08-04T10:15:22","slug":"brandlast-ist-nicht-gleich-brandlast","status":null,"type":"post","link":"https:\/\/news.save.ch\/it\/brandlast-ist-nicht-gleich-brandlast\/","title":{"rendered":"Non tutti i carichi di fuoco sono uguali"},"content":{"rendered":"<figure id=\"attachment_21479\" aria-describedby=\"caption-attachment-21479\" style=\"width: 680px\" class=\"wp-caption aligncenter\"><img loading=\"lazy\" decoding=\"async\" class=\"size-medium wp-image-21479\" src=\"https:\/\/news.save.ch\/wp-content\/uploads\/2023\/08\/Depositphotos_419018132_S-680x452.jpg\" alt=\"\" width=\"680\" height=\"452\" srcset=\"https:\/\/news.save.ch\/wp-content\/uploads\/2023\/08\/Depositphotos_419018132_S-680x452.jpg 680w, https:\/\/news.save.ch\/wp-content\/uploads\/2023\/08\/Depositphotos_419018132_S-768x510.jpg 768w, https:\/\/news.save.ch\/wp-content\/uploads\/2023\/08\/Depositphotos_419018132_S-18x12.jpg 18w, https:\/\/news.save.ch\/wp-content\/uploads\/2023\/08\/Depositphotos_419018132_S-375x249.jpg 375w, https:\/\/news.save.ch\/wp-content\/uploads\/2023\/08\/Depositphotos_419018132_S-527x350.jpg 527w, https:\/\/news.save.ch\/wp-content\/uploads\/2023\/08\/Depositphotos_419018132_S.jpg 1000w\" sizes=\"auto, (max-width: 680px) 100vw, 680px\" \/><figcaption id=\"caption-attachment-21479\" class=\"wp-caption-text\">Il settore industriale ha a che fare con un'ampia variet\u00e0 di prodotti, sostanze e quantit\u00e0.<br \/>di fare. Ecco perch\u00e9 la determinazione del carico di fuoco \u00e8 estremamente importante. Depositphotos, safonmoskow<\/figcaption><\/figure>\n<p>Il termine carico di fuoco definisce in realt\u00e0 solo una sostanza combustibile con una certa quantit\u00e0 o massa. Non si distingue se questa sostanza sia facilmente combustibile o infiammabile, ma piuttosto quanto sia elevata la quantit\u00e0 di energia che pu\u00f2 essere generata quando la sostanza brucia. E per una buona ragione, perch\u00e9 l'intensit\u00e0 del calore, unita alla durata del processo di combustione, determina il carico termico per i componenti, gli edifici e gli oggetti esposti all'incendio. Naturalmente, va menzionato anche il carico termico per le forze antincendio.<\/p>\n<h3><strong>Un esempio<\/strong><\/h3>\n<p>Un rotolo di carta nel magazzino di una tipografia \u00e8 normalmente avvolto in modo relativamente stretto. Se si cerca di accenderlo con un fiammifero non si riesce (nella maggior parte dei casi, le eccezioni confermano la regola). Se, invece, si srotola la carta in anticipo, prende fuoco immediatamente. Questo \u00e8 il motivo per cui, quando vogliamo accendere dei ceppi su un fal\u00f2 con un giornale, accartocciamo le singole pagine del giornale e le diamo fuoco. Tuttavia, questo significa che il carico di fuoco, cio\u00e8 la quantit\u00e0 e la massa del rotolo di carta, \u00e8 esattamente lo stesso in entrambi i casi - l'infiammabilit\u00e0, invece, pu\u00f2 variare notevolmente. Questo fenomeno \u00e8 particolarmente evidente nel caso di un'esplosione di polvere.<\/p>\n<p>Certamente, il carico di fuoco esistente in una certa area rappresenta un pericolo di incendio in misura maggiore o minore. Questo \u00e8 anche il motivo per cui viene preso in considerazione nella protezione antincendio. Un esempio lo illustrer\u00e0: Alcuni anni fa, in una spiegazione della MLAR (Muster-Leitungsanlagen-Richtlinie) del dicembre 1998, sono state fornite le ragioni per cui il carico di incendio totale precedentemente tollerato nelle vie di fuga (!) di 7 kilowattora per metro quadrato o 14 kilowattora per metro quadrato di superficie (quest'ultimo valore esclusivamente per i cavi senza alogeni) \u00e8 stato modificato in un divieto generale di cavi elettrici combustibili non protetti da una protezione antincendio. In parole povere, il pericolo rappresentato da questi cavi per vari motivi (ad esempio il superamento del carico di incendio dovuto a installazioni successive) \u00e8 stato giustamente ritenuto non pi\u00f9 tollerabile.<\/p>\n<h3>Importante nel settore industriale<\/h3>\n<p>Soprattutto nelle costruzioni industriali, le caratteristiche quantitative di un carico di fuoco giocano un ruolo significativo. Ci\u00f2 \u00e8 stabilito dalla norma DIN 18230 (Protezione antincendio strutturale nelle costruzioni industriali). Soprattutto nel settore industriale, in cui si ha a che fare con un'ampia variet\u00e0 di prodotti, sostanze, quantit\u00e0, ecc. Solo cos\u00ec \u00e8 possibile determinare in modo mirato le misure strutturali, tecniche e organizzative necessarie per la protezione antincendio.<\/p>\n<p>Una procedura coerente \u00e8 estremamente utile per determinare con relativa precisione i diversi carichi d'incendio degli edifici industriali e quindi per determinare la portata della protezione necessaria. La determinazione \u00e8 certamente \"ipotetica\", perch\u00e9 le misure di protezione sono adeguate solo a un carico d'incendio definito (teorico). Se questa definizione viene chiaramente superata, si entra in una zona pericolosa. La questione si fa pi\u00f9 delicata se, ad esempio, il carico d'incendio aumenta a causa di una modifica della composizione del prodotto in misura tale che le misure di protezione antincendio implementate non sono pi\u00f9 sufficienti e, in caso di incendio, si verifica la perdita totale di un oggetto.<br \/>\npu\u00f2. Logicamente, anche un aumento della quantit\u00e0 di stoccaggio porta a questo. Oppure un magazzino che originariamente era destinato ad altri prodotti e che ora subisce un carico d'incendio molto maggiore con un nuovo prodotto immagazzinato non \u00e8 certamente in una condizione che si possa definire perfetta. Anche il potere calorifico e il comportamento al fuoco del materiale stoccato influenzano la durata e l'intensit\u00e0 dell'incendio e devono essere presi in considerazione. Se non se ne tiene conto, i danni che ne derivano in caso di incendio possono essere enormi.<\/p>\n<p>La determinazione del carico di incendio del calcestruzzo e il suo rispetto, nonch\u00e9 le misure di protezione da esso sviluppate, sono quindi fondamentali per una protezione antincendio mirata. Queste misure devono quindi essere costantemente monitorate e non deve essere consentito il superamento del limite specificato. Come \u00e8 stato dimostrato, la composizione materiale delle sostanze infiammabili ha un effetto significativo sull'infiammabilit\u00e0 della stessa quantit\u00e0. Pertanto, si consiglia di considerare tutti i fattori che influenzano il carico di incendio, e non solo il carico di incendio stesso, durante la progettazione e, se necessario, di ponderare attentamente la progettazione dell'oggetto, le misure di protezione antincendio necessarie o il carico di incendio da ospitare: da un lato, per evitare una progettazione costosa e, dall'altro, per scongiurare una perdita totale.<\/p>\n<p><em>* L'autore Bruno B. Hecht \u00e8 architetto e specialista in protezione antincendio, VZM GmbH.<\/em><\/p>","protected":false},"excerpt":{"rendered":"<p>Der Begriff Brandlast definiert eigentlich\u00a0nur einen brennbaren\u00a0Stoff mit einer bestimmten\u00a0Menge beziehungsweise\u00a0Masse. Dabei wird nicht\u00a0unterschieden, ob dieser Stoff leicht\u00a0brennbar oder entz\u00fcndbar ist, sondern\u00a0vielmehr, wie hoch die Energiemenge\u00a0ist, die bei der Verbrennung des Stoffes\u00a0entstehen kann. Und das aus gutem\u00a0Grund, denn die Intensit\u00e4t der W\u00e4rme,\u00a0gekoppelt mit der Dauer des Verbrennungsvorgangs,\u00a0ergibt die thermische\u00a0Belastung f\u00fcr die dem Brand ausgesetzten\u00a0Bauteile, Geb\u00e4ude [&hellip;]<\/p>\n","protected":false},"author":8,"featured_media":21479,"comment_status":"closed","ping_status":"closed","sticky":false,"template":"","format":"standard","meta":{"_acf_changed":false,"pgc_sgb_lightbox_settings":"","footnotes":""},"categories":[67],"tags":[972],"class_list":["post-21478","post","type-post","status-publish","format-standard","has-post-thumbnail","hentry","category-brandschutz","tag-brand"],"acf":[],"hkrextid":null,"publication":null,"issue":null,"workflow":null,"startPage":null,"spitzmarke":null,"_posts_by_tag_page_fields":null,"_at_widget":null,"_yoast_wpseo_primary_category":"67","_yoast_wpseo_focuskw_text_input":null,"_yoast_wpseo_opengraph-image":null,"_yoast_wpseo_opengraph-description":null,"_yoast_wpseo_opengraph-title":null,"enclosure":null,"_yoast_wpseo_twitter-title":null,"_yoast_wpseo_twitter-description":null,"_yoast_wpseo_twitter-image":null,"_wp_old_slug":null,"_yoast_wpseo_title":null,"_yoast_wpseo_canonical":null,"yoast_head":"<!-- This site is optimized with the Yoast SEO plugin v27.4 - https:\/\/yoast.com\/product\/yoast-seo-wordpress\/ -->\n<title>Brandlast ist nicht gleich Brandlast - Save<\/title>\n<meta name=\"description\" content=\"Kein Feuer ohne Brandlast. Das h\u00f6rt sich einfach an, ist es aber durchaus nicht. Denn Brandlast ist nicht gleich Brandlast.\" \/>\n<meta name=\"robots\" content=\"index, follow, max-snippet:-1, max-image-preview:large, max-video-preview:-1\" \/>\n<link rel=\"canonical\" href=\"https:\/\/news.save.ch\/it\/brandlast-ist-nicht-gleich-brandlast\/\" \/>\n<meta property=\"og:locale\" content=\"it_IT\" \/>\n<meta property=\"og:type\" content=\"article\" \/>\n<meta property=\"og:title\" content=\"Brandlast ist nicht gleich Brandlast - Save\" \/>\n<meta property=\"og:description\" content=\"Kein Feuer ohne Brandlast. Das h\u00f6rt sich einfach an, ist es aber durchaus nicht. Denn Brandlast ist nicht gleich Brandlast.\" \/>\n<meta property=\"og:url\" content=\"https:\/\/news.save.ch\/it\/brandlast-ist-nicht-gleich-brandlast\/\" \/>\n<meta property=\"og:site_name\" content=\"Save\" \/>\n<meta property=\"article:published_time\" content=\"2023-08-04T10:15:22+00:00\" \/>\n<meta property=\"og:image\" content=\"https:\/\/news.save.ch\/wp-content\/uploads\/2023\/08\/Depositphotos_419018132_S.jpg\" \/>\n\t<meta property=\"og:image:width\" content=\"1000\" \/>\n\t<meta property=\"og:image:height\" content=\"664\" \/>\n\t<meta property=\"og:image:type\" content=\"image\/jpeg\" \/>\n<meta name=\"author\" content=\"Roger Str\u00e4ssle\" \/>\n<meta name=\"twitter:card\" content=\"summary_large_image\" \/>\n<meta name=\"twitter:label1\" content=\"Scritto da\" \/>\n\t<meta name=\"twitter:data1\" content=\"Roger Str\u00e4ssle\" \/>\n\t<meta name=\"twitter:label2\" content=\"Tempo di lettura stimato\" \/>\n\t<meta name=\"twitter:data2\" content=\"4 minuti\" \/>\n<script type=\"application\/ld+json\" class=\"yoast-schema-graph\">{\"@context\":\"https:\\\/\\\/schema.org\",\"@graph\":[{\"@type\":\"Article\",\"@id\":\"https:\\\/\\\/news.save.ch\\\/brandlast-ist-nicht-gleich-brandlast\\\/#article\",\"isPartOf\":{\"@id\":\"https:\\\/\\\/news.save.ch\\\/brandlast-ist-nicht-gleich-brandlast\\\/\"},\"author\":{\"name\":\"Roger Str\u00e4ssle\",\"@id\":\"https:\\\/\\\/news.save.ch\\\/de\\\/#\\\/schema\\\/person\\\/d5022db048e0e2b9785c50e5b24da5aa\"},\"headline\":\"Brandlast ist nicht gleich Brandlast\",\"datePublished\":\"2023-08-04T10:15:22+00:00\",\"mainEntityOfPage\":{\"@id\":\"https:\\\/\\\/news.save.ch\\\/brandlast-ist-nicht-gleich-brandlast\\\/\"},\"wordCount\":723,\"publisher\":{\"@id\":\"https:\\\/\\\/news.save.ch\\\/de\\\/#organization\"},\"image\":{\"@id\":\"https:\\\/\\\/news.save.ch\\\/brandlast-ist-nicht-gleich-brandlast\\\/#primaryimage\"},\"thumbnailUrl\":\"https:\\\/\\\/news.save.ch\\\/wp-content\\\/uploads\\\/2023\\\/08\\\/Depositphotos_419018132_S.jpg\",\"keywords\":[\"Brand\"],\"articleSection\":[\"BRANDSCHUTZ\"],\"inLanguage\":\"it-IT\"},{\"@type\":\"WebPage\",\"@id\":\"https:\\\/\\\/news.save.ch\\\/brandlast-ist-nicht-gleich-brandlast\\\/\",\"url\":\"https:\\\/\\\/news.save.ch\\\/brandlast-ist-nicht-gleich-brandlast\\\/\",\"name\":\"Brandlast ist nicht gleich Brandlast - Save\",\"isPartOf\":{\"@id\":\"https:\\\/\\\/news.save.ch\\\/de\\\/#website\"},\"primaryImageOfPage\":{\"@id\":\"https:\\\/\\\/news.save.ch\\\/brandlast-ist-nicht-gleich-brandlast\\\/#primaryimage\"},\"image\":{\"@id\":\"https:\\\/\\\/news.save.ch\\\/brandlast-ist-nicht-gleich-brandlast\\\/#primaryimage\"},\"thumbnailUrl\":\"https:\\\/\\\/news.save.ch\\\/wp-content\\\/uploads\\\/2023\\\/08\\\/Depositphotos_419018132_S.jpg\",\"datePublished\":\"2023-08-04T10:15:22+00:00\",\"description\":\"Kein Feuer ohne Brandlast. Das h\u00f6rt sich einfach an, ist es aber durchaus nicht. Denn Brandlast ist nicht gleich Brandlast.\",\"breadcrumb\":{\"@id\":\"https:\\\/\\\/news.save.ch\\\/brandlast-ist-nicht-gleich-brandlast\\\/#breadcrumb\"},\"inLanguage\":\"it-IT\",\"potentialAction\":[{\"@type\":\"ReadAction\",\"target\":[\"https:\\\/\\\/news.save.ch\\\/brandlast-ist-nicht-gleich-brandlast\\\/\"]}]},{\"@type\":\"ImageObject\",\"inLanguage\":\"it-IT\",\"@id\":\"https:\\\/\\\/news.save.ch\\\/brandlast-ist-nicht-gleich-brandlast\\\/#primaryimage\",\"url\":\"https:\\\/\\\/news.save.ch\\\/wp-content\\\/uploads\\\/2023\\\/08\\\/Depositphotos_419018132_S.jpg\",\"contentUrl\":\"https:\\\/\\\/news.save.ch\\\/wp-content\\\/uploads\\\/2023\\\/08\\\/Depositphotos_419018132_S.jpg\",\"width\":1000,\"height\":664,\"caption\":\"Depositphotos, safonmoskow\"},{\"@type\":\"BreadcrumbList\",\"@id\":\"https:\\\/\\\/news.save.ch\\\/brandlast-ist-nicht-gleich-brandlast\\\/#breadcrumb\",\"itemListElement\":[{\"@type\":\"ListItem\",\"position\":1,\"name\":\"Home\",\"item\":\"https:\\\/\\\/news.save.ch\\\/de\\\/\"},{\"@type\":\"ListItem\",\"position\":2,\"name\":\"Brandlast ist nicht gleich Brandlast\"}]},{\"@type\":\"WebSite\",\"@id\":\"https:\\\/\\\/news.save.ch\\\/de\\\/#website\",\"url\":\"https:\\\/\\\/news.save.ch\\\/de\\\/\",\"name\":\"Save\",\"description\":\"Schweizer Fachzeitschrift f\u00fcr Sicherheit\",\"publisher\":{\"@id\":\"https:\\\/\\\/news.save.ch\\\/de\\\/#organization\"},\"potentialAction\":[{\"@type\":\"SearchAction\",\"target\":{\"@type\":\"EntryPoint\",\"urlTemplate\":\"https:\\\/\\\/news.save.ch\\\/de\\\/?s={search_term_string}\"},\"query-input\":{\"@type\":\"PropertyValueSpecification\",\"valueRequired\":true,\"valueName\":\"search_term_string\"}}],\"inLanguage\":\"it-IT\"},{\"@type\":\"Organization\",\"@id\":\"https:\\\/\\\/news.save.ch\\\/de\\\/#organization\",\"name\":\"Sicherheitsforum\",\"url\":\"https:\\\/\\\/news.save.ch\\\/de\\\/\",\"logo\":{\"@type\":\"ImageObject\",\"inLanguage\":\"it-IT\",\"@id\":\"https:\\\/\\\/news.save.ch\\\/de\\\/#\\\/schema\\\/logo\\\/image\\\/\",\"url\":\"https:\\\/\\\/news.save.ch\\\/wp-content\\\/uploads\\\/2022\\\/06\\\/Logo_SF_2012.png\",\"contentUrl\":\"https:\\\/\\\/news.save.ch\\\/wp-content\\\/uploads\\\/2022\\\/06\\\/Logo_SF_2012.png\",\"width\":1100,\"height\":91,\"caption\":\"Sicherheitsforum\"},\"image\":{\"@id\":\"https:\\\/\\\/news.save.ch\\\/de\\\/#\\\/schema\\\/logo\\\/image\\\/\"}},{\"@type\":\"Person\",\"@id\":\"https:\\\/\\\/news.save.ch\\\/de\\\/#\\\/schema\\\/person\\\/d5022db048e0e2b9785c50e5b24da5aa\",\"name\":\"Roger Str\u00e4ssle\",\"image\":{\"@type\":\"ImageObject\",\"inLanguage\":\"it-IT\",\"@id\":\"https:\\\/\\\/secure.gravatar.com\\\/avatar\\\/862a5569d087de48e5856e32f45d719a03804c891d6deb8d4f71a660e79e4a47?s=96&d=mm&r=g\",\"url\":\"https:\\\/\\\/secure.gravatar.com\\\/avatar\\\/862a5569d087de48e5856e32f45d719a03804c891d6deb8d4f71a660e79e4a47?s=96&d=mm&r=g\",\"contentUrl\":\"https:\\\/\\\/secure.gravatar.com\\\/avatar\\\/862a5569d087de48e5856e32f45d719a03804c891d6deb8d4f71a660e79e4a47?s=96&d=mm&r=g\",\"caption\":\"Roger Str\u00e4ssle\"},\"url\":\"https:\\\/\\\/news.save.ch\\\/it\\\/author\\\/roger-straessle\\\/\"}]}<\/script>\n<!-- \/ Yoast SEO plugin. -->","yoast_head_json":{"title":"Non tutti i carichi di fuoco sono uguali - Salva","description":"Non c'\u00e8 fuoco senza carico di fuoco. Sembra semplice, ma non lo \u00e8. Perch\u00e9 non tutti i carichi di fuoco sono uguali.","robots":{"index":"index","follow":"follow","max-snippet":"max-snippet:-1","max-image-preview":"max-image-preview:large","max-video-preview":"max-video-preview:-1"},"canonical":"https:\/\/news.save.ch\/it\/brandlast-ist-nicht-gleich-brandlast\/","og_locale":"it_IT","og_type":"article","og_title":"Brandlast ist nicht gleich Brandlast - Save","og_description":"Kein Feuer ohne Brandlast. Das h\u00f6rt sich einfach an, ist es aber durchaus nicht. Denn Brandlast ist nicht gleich Brandlast.","og_url":"https:\/\/news.save.ch\/it\/brandlast-ist-nicht-gleich-brandlast\/","og_site_name":"Save","article_published_time":"2023-08-04T10:15:22+00:00","og_image":[{"width":1000,"height":664,"url":"https:\/\/news.save.ch\/wp-content\/uploads\/2023\/08\/Depositphotos_419018132_S.jpg","type":"image\/jpeg"}],"author":"Roger Str\u00e4ssle","twitter_card":"summary_large_image","twitter_misc":{"Scritto da":"Roger Str\u00e4ssle","Tempo di lettura stimato":"4 minuti"},"schema":{"@context":"https:\/\/schema.org","@graph":[{"@type":"Article","@id":"https:\/\/news.save.ch\/brandlast-ist-nicht-gleich-brandlast\/#article","isPartOf":{"@id":"https:\/\/news.save.ch\/brandlast-ist-nicht-gleich-brandlast\/"},"author":{"name":"Roger Str\u00e4ssle","@id":"https:\/\/news.save.ch\/de\/#\/schema\/person\/d5022db048e0e2b9785c50e5b24da5aa"},"headline":"Brandlast ist nicht gleich Brandlast","datePublished":"2023-08-04T10:15:22+00:00","mainEntityOfPage":{"@id":"https:\/\/news.save.ch\/brandlast-ist-nicht-gleich-brandlast\/"},"wordCount":723,"publisher":{"@id":"https:\/\/news.save.ch\/de\/#organization"},"image":{"@id":"https:\/\/news.save.ch\/brandlast-ist-nicht-gleich-brandlast\/#primaryimage"},"thumbnailUrl":"https:\/\/news.save.ch\/wp-content\/uploads\/2023\/08\/Depositphotos_419018132_S.jpg","keywords":["Brand"],"articleSection":["BRANDSCHUTZ"],"inLanguage":"it-IT"},{"@type":"WebPage","@id":"https:\/\/news.save.ch\/brandlast-ist-nicht-gleich-brandlast\/","url":"https:\/\/news.save.ch\/brandlast-ist-nicht-gleich-brandlast\/","name":"Non tutti i carichi di fuoco sono uguali - Salva","isPartOf":{"@id":"https:\/\/news.save.ch\/de\/#website"},"primaryImageOfPage":{"@id":"https:\/\/news.save.ch\/brandlast-ist-nicht-gleich-brandlast\/#primaryimage"},"image":{"@id":"https:\/\/news.save.ch\/brandlast-ist-nicht-gleich-brandlast\/#primaryimage"},"thumbnailUrl":"https:\/\/news.save.ch\/wp-content\/uploads\/2023\/08\/Depositphotos_419018132_S.jpg","datePublished":"2023-08-04T10:15:22+00:00","description":"Non c'\u00e8 fuoco senza carico di fuoco. Sembra semplice, ma non lo \u00e8. Perch\u00e9 non tutti i carichi di fuoco sono uguali.","breadcrumb":{"@id":"https:\/\/news.save.ch\/brandlast-ist-nicht-gleich-brandlast\/#breadcrumb"},"inLanguage":"it-IT","potentialAction":[{"@type":"ReadAction","target":["https:\/\/news.save.ch\/brandlast-ist-nicht-gleich-brandlast\/"]}]},{"@type":"ImageObject","inLanguage":"it-IT","@id":"https:\/\/news.save.ch\/brandlast-ist-nicht-gleich-brandlast\/#primaryimage","url":"https:\/\/news.save.ch\/wp-content\/uploads\/2023\/08\/Depositphotos_419018132_S.jpg","contentUrl":"https:\/\/news.save.ch\/wp-content\/uploads\/2023\/08\/Depositphotos_419018132_S.jpg","width":1000,"height":664,"caption":"Depositphotos, safonmoskow"},{"@type":"BreadcrumbList","@id":"https:\/\/news.save.ch\/brandlast-ist-nicht-gleich-brandlast\/#breadcrumb","itemListElement":[{"@type":"ListItem","position":1,"name":"Home","item":"https:\/\/news.save.ch\/de\/"},{"@type":"ListItem","position":2,"name":"Brandlast ist nicht gleich Brandlast"}]},{"@type":"WebSite","@id":"https:\/\/news.save.ch\/de\/#website","url":"https:\/\/news.save.ch\/de\/","name":"Risparmiare","description":"Rivista svizzera specializzata in sicurezza","publisher":{"@id":"https:\/\/news.save.ch\/de\/#organization"},"potentialAction":[{"@type":"SearchAction","target":{"@type":"EntryPoint","urlTemplate":"https:\/\/news.save.ch\/de\/?s={search_term_string}"},"query-input":{"@type":"PropertyValueSpecification","valueRequired":true,"valueName":"search_term_string"}}],"inLanguage":"it-IT"},{"@type":"Organization","@id":"https:\/\/news.save.ch\/de\/#organization","name":"Forum sulla sicurezza","url":"https:\/\/news.save.ch\/de\/","logo":{"@type":"ImageObject","inLanguage":"it-IT","@id":"https:\/\/news.save.ch\/de\/#\/schema\/logo\/image\/","url":"https:\/\/news.save.ch\/wp-content\/uploads\/2022\/06\/Logo_SF_2012.png","contentUrl":"https:\/\/news.save.ch\/wp-content\/uploads\/2022\/06\/Logo_SF_2012.png","width":1100,"height":91,"caption":"Sicherheitsforum"},"image":{"@id":"https:\/\/news.save.ch\/de\/#\/schema\/logo\/image\/"}},{"@type":"Person","@id":"https:\/\/news.save.ch\/de\/#\/schema\/person\/d5022db048e0e2b9785c50e5b24da5aa","name":"Roger Str\u00e4ssle","image":{"@type":"ImageObject","inLanguage":"it-IT","@id":"https:\/\/secure.gravatar.com\/avatar\/862a5569d087de48e5856e32f45d719a03804c891d6deb8d4f71a660e79e4a47?s=96&d=mm&r=g","url":"https:\/\/secure.gravatar.com\/avatar\/862a5569d087de48e5856e32f45d719a03804c891d6deb8d4f71a660e79e4a47?s=96&d=mm&r=g","contentUrl":"https:\/\/secure.gravatar.com\/avatar\/862a5569d087de48e5856e32f45d719a03804c891d6deb8d4f71a660e79e4a47?s=96&d=mm&r=g","caption":"Roger Str\u00e4ssle"},"url":"https:\/\/news.save.ch\/it\/author\/roger-straessle\/"}]}},"_links":{"self":[{"href":"https:\/\/news.save.ch\/it\/wp-json\/wp\/v2\/posts\/21478","targetHints":{"allow":["GET"]}}],"collection":[{"href":"https:\/\/news.save.ch\/it\/wp-json\/wp\/v2\/posts"}],"about":[{"href":"https:\/\/news.save.ch\/it\/wp-json\/wp\/v2\/types\/post"}],"author":[{"embeddable":true,"href":"https:\/\/news.save.ch\/it\/wp-json\/wp\/v2\/users\/8"}],"replies":[{"embeddable":true,"href":"https:\/\/news.save.ch\/it\/wp-json\/wp\/v2\/comments?post=21478"}],"version-history":[{"count":1,"href":"https:\/\/news.save.ch\/it\/wp-json\/wp\/v2\/posts\/21478\/revisions"}],"predecessor-version":[{"id":21480,"href":"https:\/\/news.save.ch\/it\/wp-json\/wp\/v2\/posts\/21478\/revisions\/21480"}],"wp:featuredmedia":[{"embeddable":true,"href":"https:\/\/news.save.ch\/it\/wp-json\/wp\/v2\/media\/21479"}],"wp:attachment":[{"href":"https:\/\/news.save.ch\/it\/wp-json\/wp\/v2\/media?parent=21478"}],"wp:term":[{"taxonomy":"category","embeddable":true,"href":"https:\/\/news.save.ch\/it\/wp-json\/wp\/v2\/categories?post=21478"},{"taxonomy":"post_tag","embeddable":true,"href":"https:\/\/news.save.ch\/it\/wp-json\/wp\/v2\/tags?post=21478"}],"curies":[{"name":"wp","href":"https:\/\/api.w.org\/{rel}","templated":true}]}}