{"id":2163,"date":"2016-01-21T16:33:49","date_gmt":"2016-01-21T15:33:49","guid":{"rendered":"https:\/\/dev.sicherheitsforum.ch\/?p=2163"},"modified":"2016-01-21T16:33:49","modified_gmt":"2016-01-21T15:33:49","slug":"staatsanwaelte-gegen-teure-durchsetzungsinitiative","status":null,"type":"post","link":"https:\/\/news.save.ch\/it\/staatsanwaelte-gegen-teure-durchsetzungsinitiative\/","title":{"rendered":"I procuratori sono contrari a un'iniziativa di applicazione costosa"},"content":{"rendered":"<p><img loading=\"lazy\" decoding=\"async\" class=\"alignnone wp-image-2165 size-full\" src=\"https:\/\/news.save.ch\/wp-content\/uploads\/2016\/12\/Staatsanwaelte-gegen-teure-Durchsetzungsinitiative-sicherheitsforum.jpg\" width=\"356\" height=\"390\" srcset=\"https:\/\/news.save.ch\/wp-content\/uploads\/2016\/12\/Staatsanwaelte-gegen-teure-Durchsetzungsinitiative-sicherheitsforum.jpg 356w, https:\/\/news.save.ch\/wp-content\/uploads\/2016\/12\/Staatsanwaelte-gegen-teure-Durchsetzungsinitiative-sicherheitsforum-274x300.jpg 274w\" sizes=\"auto, (max-width: 356px) 100vw, 356px\" \/><\/p>\n<p>La Conferenza svizzera dei procuratori pubblici (<a title=\"Conferenza dei procuratori\" href=\"https:\/\/www.ssk-cps.ch\" target=\"_blank\" data-cke-saved-href=\"https:\/\/www.ssk-cps.ch\" rel=\"noopener\">SSK\/CPS<\/a>) \u00e8 favorevole all'applicazione coerente dell'attuale regolamento sull'espulsione dal Paese e all'inasprimento che deriver\u00e0 dall'iniziativa sull'espulsione. Tuttavia, la SSK\/CPS respinge l'idea che gli stranieri integrati e radicati in Svizzera debbano essere trattati alla stregua, ad esempio, dei turisti criminali che entrano nel Paese solo con intenzioni criminali, come scrive la SSK\/CPS nel suo comunicato stampa odierno.<\/p>\n<p>I sostenitori della cosiddetta iniziativa per l'esecuzione sottolineano come vantaggio il fatto che il rinvio all'estero possa essere disposto non solo dai tribunali, ma anche nell'ambito della procedura di ingiunzione della pena, molto meno lunga, della Procura. Tuttavia, secondo la SSK\/CPS, questo potrebbe rivelarsi un boomerang.<\/p>\n<p><em>Da un lato <\/em>\u00c8 presumibile che in questi casi non ci saranno pi\u00f9 confessioni, poich\u00e9 l'espulsione dal Paese rappresenta una grave violazione dei diritti individuali. Di conseguenza, il procedimento non verrebbe pi\u00f9 risolto con un'ordinanza penale e un tribunale ordinario dovrebbe giudicare il caso. .<\/p>\n<p><em>D'altra parte <\/em>\u00c8 possibile confessare, ma a causa dell'espulsione automatica, il provvedimento sanzionatorio viene contestato. Poich\u00e9 i condannati non hanno pi\u00f9 nulla da perdere, l'esperienza insegna che esauriranno l'intero processo di appello. Secondo la SSK\/CPS, si prevedono ricorsi al Tribunale federale o alla Corte europea dei diritti dell'uomo.<\/p>\n<p><strong>Importi in decine di milioni<\/strong><\/p>\n<p>La Conferenza dei pubblici ministeri parte dal presupposto che nella stragrande maggioranza dei casi di minaccia di espulsione si debba ricorrere alla difesa. A causa della gravit\u00e0 della violazione dei diritti individuali, questa difesa \u00e8 solitamente pagata dallo Stato. Se si ipotizzano diverse migliaia di procedimenti all'anno in cui deve essere nominata una difesa, lo Stato dovrebbe sostenere costi aggiuntivi per decine di milioni. Inoltre, sono previsti costi aggiuntivi per i tribunali e l'interpretariato.<\/p>\n<p>Le disposizioni dell'iniziativa entreranno in vigore il 28 febbraio 2016, se adottate, informa la SSK\/CPS. Nel caso in cui l'iniziativa venga adottata, \u00e8 stata preparata una raccomandazione a sostegno dei pubblici ministeri per consentire un'attuazione uniforme.<\/p>","protected":false},"excerpt":{"rendered":"<p>Die Schweizerische Staatsanw\u00e4lte-Konferenz (SSK\/CPS) bef\u00fcrwortet eine konsequente Anwendung der heutigen Regelung der Landesverweisung und die Versch\u00e4rfungen, die sich aufgrund der Ausschaffungsinitiative ergeben. Die SSK\/CPS lehnt\u00a0es jedoch ab, dass in der Schweiz integrierte und verwurzelte Ausl\u00e4nder gleich behandelt werden wie beispielsweise einzig mit kriminellen Absichten einreisende Kriminaltouristen, wie die SSK\/CPS in ihrer\u00a0heutigen Medienmitteilung schreibt. Die Bef\u00fcrworter [&hellip;]<\/p>\n","protected":false},"author":1,"featured_media":2165,"comment_status":"open","ping_status":"open","sticky":false,"template":"","format":"standard","meta":{"_acf_changed":false,"pgc_sgb_lightbox_settings":"","footnotes":""},"categories":[1],"tags":[69,113],"class_list":["post-2163","post","type-post","status-publish","format-standard","has-post-thumbnail","hentry","category-allgemein","tag-justiz-polizei","tag-kriminalitaet"],"acf":[],"hkrextid":null,"publication":null,"issue":null,"workflow":null,"startPage":null,"spitzmarke":null,"_posts_by_tag_page_fields":{"widget_title":"","widget_tags":""},"_at_widget":"1","_yoast_wpseo_primary_category":"1","_yoast_wpseo_focuskw_text_input":"Staatsanw\u00e4lte gegen teure Durchsetzungsinitiative","_yoast_wpseo_opengraph-image":"https:\/\/news.save.ch\/wp-content\/uploads\/2016\/12\/Staatsanw\u00e4lte-gegen-teure-Durchsetzungsinitiative-sicherheitsforum.jpg","_yoast_wpseo_opengraph-description":"Der Vorstand der Schweizerischen Staatsanw\u00e4lte-Konferenz lehnt die \"Durchsetzungsinitiative\" ab. Man begr\u00fcsse und unterst\u00fctze zwar die M\u00f6glichkeit, kriminelle Ausl\u00e4nder des Landes zu verweisen. Aber die Initiative stehe im Widerspruch zu grunds\u00e4tzlichen Prinzipien des Rechtsstaates, heisst es in einer Mitteilung der SSK\/CPS. Die Initiative f\u00fchre zu stossenden Ergebnissen und bedeute ein Mehraufwand in Millionenh\u00f6he.","_yoast_wpseo_opengraph-title":"Staatsanw\u00e4lte gegen teure Durchsetzungsinitiative","enclosure":null,"_yoast_wpseo_twitter-title":null,"_yoast_wpseo_twitter-description":null,"_yoast_wpseo_twitter-image":null,"_wp_old_slug":null,"_yoast_wpseo_title":null,"_yoast_wpseo_canonical":null,"yoast_head":"<!-- This site is optimized with the Yoast SEO plugin v27.5 - https:\/\/yoast.com\/product\/yoast-seo-wordpress\/ -->\n<title>Staatsanw\u00e4lte gegen teure Durchsetzungsinitiative - Save<\/title>\n<meta name=\"description\" content=\"Staatsanw\u00e4lte gegen teure Durchsetzungsinitiative: Die Initiative f\u00fchre zu stossenden Ergebnissen und bedeute ein Mehraufwand in Millionenh\u00f6he.\" \/>\n<meta name=\"robots\" content=\"index, follow, max-snippet:-1, max-image-preview:large, max-video-preview:-1\" \/>\n<link rel=\"canonical\" href=\"https:\/\/news.save.ch\/it\/staatsanwaelte-gegen-teure-durchsetzungsinitiative\/\" \/>\n<meta property=\"og:locale\" content=\"it_IT\" \/>\n<meta property=\"og:type\" content=\"article\" \/>\n<meta property=\"og:title\" content=\"Staatsanw\u00e4lte gegen teure Durchsetzungsinitiative\" \/>\n<meta property=\"og:description\" content=\"Der Vorstand der Schweizerischen Staatsanw\u00e4lte-Konferenz lehnt die &quot;Durchsetzungsinitiative&quot; ab. Man begr\u00fcsse und unterst\u00fctze zwar die M\u00f6glichkeit, kriminelle Ausl\u00e4nder des Landes zu verweisen. Aber die Initiative stehe im Widerspruch zu grunds\u00e4tzlichen Prinzipien des Rechtsstaates, heisst es in einer Mitteilung der SSK\/CPS. Die Initiative f\u00fchre zu stossenden Ergebnissen und bedeute ein Mehraufwand in Millionenh\u00f6he.\" \/>\n<meta property=\"og:url\" content=\"https:\/\/news.save.ch\/it\/staatsanwaelte-gegen-teure-durchsetzungsinitiative\/\" \/>\n<meta property=\"og:site_name\" content=\"Save\" \/>\n<meta property=\"article:published_time\" content=\"2016-01-21T15:33:49+00:00\" \/>\n<meta property=\"og:image\" content=\"https:\/\/news.save.ch\/wp-content\/uploads\/2016\/12\/Staatsanw\u00e4lte-gegen-teure-Durchsetzungsinitiative-sicherheitsforum.jpg\" \/>\n<meta name=\"author\" content=\"admin\" \/>\n<meta name=\"twitter:card\" content=\"summary_large_image\" \/>\n<meta name=\"twitter:label1\" content=\"Scritto da\" \/>\n\t<meta name=\"twitter:data1\" content=\"admin\" \/>\n\t<meta name=\"twitter:label2\" content=\"Tempo di lettura stimato\" \/>\n\t<meta name=\"twitter:data2\" content=\"2 minuti\" \/>\n<script type=\"application\/ld+json\" class=\"yoast-schema-graph\">{\"@context\":\"https:\\\/\\\/schema.org\",\"@graph\":[{\"@type\":\"Article\",\"@id\":\"https:\\\/\\\/news.save.ch\\\/staatsanwaelte-gegen-teure-durchsetzungsinitiative\\\/#article\",\"isPartOf\":{\"@id\":\"https:\\\/\\\/news.save.ch\\\/staatsanwaelte-gegen-teure-durchsetzungsinitiative\\\/\"},\"author\":{\"name\":\"admin\",\"@id\":\"https:\\\/\\\/news.save.ch\\\/de\\\/#\\\/schema\\\/person\\\/d49e199490bad7c70d64b9ab51142f2b\"},\"headline\":\"Staatsanw\u00e4lte gegen teure Durchsetzungsinitiative\",\"datePublished\":\"2016-01-21T15:33:49+00:00\",\"mainEntityOfPage\":{\"@id\":\"https:\\\/\\\/news.save.ch\\\/staatsanwaelte-gegen-teure-durchsetzungsinitiative\\\/\"},\"wordCount\":346,\"commentCount\":0,\"publisher\":{\"@id\":\"https:\\\/\\\/news.save.ch\\\/de\\\/#organization\"},\"image\":{\"@id\":\"https:\\\/\\\/news.save.ch\\\/staatsanwaelte-gegen-teure-durchsetzungsinitiative\\\/#primaryimage\"},\"thumbnailUrl\":\"https:\\\/\\\/news.save.ch\\\/wp-content\\\/uploads\\\/2016\\\/12\\\/Staatsanwaelte-gegen-teure-Durchsetzungsinitiative-sicherheitsforum.jpg\",\"keywords\":[\"Justiz &amp; Polizei\",\"Kriminalit\u00e4t\"],\"articleSection\":[\"ALLGEMEIN\"],\"inLanguage\":\"it-IT\"},{\"@type\":\"WebPage\",\"@id\":\"https:\\\/\\\/news.save.ch\\\/staatsanwaelte-gegen-teure-durchsetzungsinitiative\\\/\",\"url\":\"https:\\\/\\\/news.save.ch\\\/staatsanwaelte-gegen-teure-durchsetzungsinitiative\\\/\",\"name\":\"Staatsanw\u00e4lte gegen teure Durchsetzungsinitiative - Save\",\"isPartOf\":{\"@id\":\"https:\\\/\\\/news.save.ch\\\/de\\\/#website\"},\"primaryImageOfPage\":{\"@id\":\"https:\\\/\\\/news.save.ch\\\/staatsanwaelte-gegen-teure-durchsetzungsinitiative\\\/#primaryimage\"},\"image\":{\"@id\":\"https:\\\/\\\/news.save.ch\\\/staatsanwaelte-gegen-teure-durchsetzungsinitiative\\\/#primaryimage\"},\"thumbnailUrl\":\"https:\\\/\\\/news.save.ch\\\/wp-content\\\/uploads\\\/2016\\\/12\\\/Staatsanwaelte-gegen-teure-Durchsetzungsinitiative-sicherheitsforum.jpg\",\"datePublished\":\"2016-01-21T15:33:49+00:00\",\"description\":\"Staatsanw\u00e4lte gegen teure Durchsetzungsinitiative: Die Initiative f\u00fchre zu stossenden Ergebnissen und bedeute ein Mehraufwand in Millionenh\u00f6he.\",\"breadcrumb\":{\"@id\":\"https:\\\/\\\/news.save.ch\\\/staatsanwaelte-gegen-teure-durchsetzungsinitiative\\\/#breadcrumb\"},\"inLanguage\":\"it-IT\",\"potentialAction\":[{\"@type\":\"ReadAction\",\"target\":[\"https:\\\/\\\/news.save.ch\\\/staatsanwaelte-gegen-teure-durchsetzungsinitiative\\\/\"]}]},{\"@type\":\"ImageObject\",\"inLanguage\":\"it-IT\",\"@id\":\"https:\\\/\\\/news.save.ch\\\/staatsanwaelte-gegen-teure-durchsetzungsinitiative\\\/#primaryimage\",\"url\":\"https:\\\/\\\/news.save.ch\\\/wp-content\\\/uploads\\\/2016\\\/12\\\/Staatsanwaelte-gegen-teure-Durchsetzungsinitiative-sicherheitsforum.jpg\",\"contentUrl\":\"https:\\\/\\\/news.save.ch\\\/wp-content\\\/uploads\\\/2016\\\/12\\\/Staatsanwaelte-gegen-teure-Durchsetzungsinitiative-sicherheitsforum.jpg\",\"width\":356,\"height\":390},{\"@type\":\"BreadcrumbList\",\"@id\":\"https:\\\/\\\/news.save.ch\\\/staatsanwaelte-gegen-teure-durchsetzungsinitiative\\\/#breadcrumb\",\"itemListElement\":[{\"@type\":\"ListItem\",\"position\":1,\"name\":\"Home\",\"item\":\"https:\\\/\\\/news.save.ch\\\/de\\\/\"},{\"@type\":\"ListItem\",\"position\":2,\"name\":\"Staatsanw\u00e4lte gegen teure Durchsetzungsinitiative\"}]},{\"@type\":\"WebSite\",\"@id\":\"https:\\\/\\\/news.save.ch\\\/de\\\/#website\",\"url\":\"https:\\\/\\\/news.save.ch\\\/de\\\/\",\"name\":\"Save\",\"description\":\"Schweizer Fachzeitschrift f\u00fcr Sicherheit\",\"publisher\":{\"@id\":\"https:\\\/\\\/news.save.ch\\\/de\\\/#organization\"},\"potentialAction\":[{\"@type\":\"SearchAction\",\"target\":{\"@type\":\"EntryPoint\",\"urlTemplate\":\"https:\\\/\\\/news.save.ch\\\/de\\\/?s={search_term_string}\"},\"query-input\":{\"@type\":\"PropertyValueSpecification\",\"valueRequired\":true,\"valueName\":\"search_term_string\"}}],\"inLanguage\":\"it-IT\"},{\"@type\":\"Organization\",\"@id\":\"https:\\\/\\\/news.save.ch\\\/de\\\/#organization\",\"name\":\"Sicherheitsforum\",\"url\":\"https:\\\/\\\/news.save.ch\\\/de\\\/\",\"logo\":{\"@type\":\"ImageObject\",\"inLanguage\":\"it-IT\",\"@id\":\"https:\\\/\\\/news.save.ch\\\/de\\\/#\\\/schema\\\/logo\\\/image\\\/\",\"url\":\"https:\\\/\\\/news.save.ch\\\/wp-content\\\/uploads\\\/2022\\\/06\\\/Logo_SF_2012.png\",\"contentUrl\":\"https:\\\/\\\/news.save.ch\\\/wp-content\\\/uploads\\\/2022\\\/06\\\/Logo_SF_2012.png\",\"width\":1100,\"height\":91,\"caption\":\"Sicherheitsforum\"},\"image\":{\"@id\":\"https:\\\/\\\/news.save.ch\\\/de\\\/#\\\/schema\\\/logo\\\/image\\\/\"}},{\"@type\":\"Person\",\"@id\":\"https:\\\/\\\/news.save.ch\\\/de\\\/#\\\/schema\\\/person\\\/d49e199490bad7c70d64b9ab51142f2b\",\"name\":\"admin\",\"image\":{\"@type\":\"ImageObject\",\"inLanguage\":\"it-IT\",\"@id\":\"https:\\\/\\\/secure.gravatar.com\\\/avatar\\\/ae2f4d718e6c49043e314ce431e7e645d646302a24a5ef5a8bc8e3f5a032e319?s=96&d=mm&r=g\",\"url\":\"https:\\\/\\\/secure.gravatar.com\\\/avatar\\\/ae2f4d718e6c49043e314ce431e7e645d646302a24a5ef5a8bc8e3f5a032e319?s=96&d=mm&r=g\",\"contentUrl\":\"https:\\\/\\\/secure.gravatar.com\\\/avatar\\\/ae2f4d718e6c49043e314ce431e7e645d646302a24a5ef5a8bc8e3f5a032e319?s=96&d=mm&r=g\",\"caption\":\"admin\"},\"sameAs\":[\"https:\\\/\\\/develop.organisator.galledia.ch\"],\"url\":\"https:\\\/\\\/news.save.ch\\\/it\\\/author\\\/admin\\\/\"}]}<\/script>\n<!-- \/ Yoast SEO plugin. -->","yoast_head_json":{"title":"Procuratori contro la costosa iniziativa di applicazione della legge - Save","description":"Procuratori contro la costosa iniziativa di applicazione: l'iniziativa porterebbe a risultati sconvolgenti e comporterebbe spese aggiuntive per milioni.","robots":{"index":"index","follow":"follow","max-snippet":"max-snippet:-1","max-image-preview":"max-image-preview:large","max-video-preview":"max-video-preview:-1"},"canonical":"https:\/\/news.save.ch\/it\/staatsanwaelte-gegen-teure-durchsetzungsinitiative\/","og_locale":"it_IT","og_type":"article","og_title":"Staatsanw\u00e4lte gegen teure Durchsetzungsinitiative","og_description":"Der Vorstand der Schweizerischen Staatsanw\u00e4lte-Konferenz lehnt die \"Durchsetzungsinitiative\" ab. Man begr\u00fcsse und unterst\u00fctze zwar die M\u00f6glichkeit, kriminelle Ausl\u00e4nder des Landes zu verweisen. Aber die Initiative stehe im Widerspruch zu grunds\u00e4tzlichen Prinzipien des Rechtsstaates, heisst es in einer Mitteilung der SSK\/CPS. Die Initiative f\u00fchre zu stossenden Ergebnissen und bedeute ein Mehraufwand in Millionenh\u00f6he.","og_url":"https:\/\/news.save.ch\/it\/staatsanwaelte-gegen-teure-durchsetzungsinitiative\/","og_site_name":"Save","article_published_time":"2016-01-21T15:33:49+00:00","og_image":[{"url":"https:\/\/news.save.ch\/wp-content\/uploads\/2016\/12\/Staatsanw\u00e4lte-gegen-teure-Durchsetzungsinitiative-sicherheitsforum.jpg","type":"","width":"","height":""}],"author":"admin","twitter_card":"summary_large_image","twitter_misc":{"Scritto da":"admin","Tempo di lettura stimato":"2 minuti"},"schema":{"@context":"https:\/\/schema.org","@graph":[{"@type":"Article","@id":"https:\/\/news.save.ch\/staatsanwaelte-gegen-teure-durchsetzungsinitiative\/#article","isPartOf":{"@id":"https:\/\/news.save.ch\/staatsanwaelte-gegen-teure-durchsetzungsinitiative\/"},"author":{"name":"admin","@id":"https:\/\/news.save.ch\/de\/#\/schema\/person\/d49e199490bad7c70d64b9ab51142f2b"},"headline":"Staatsanw\u00e4lte gegen teure Durchsetzungsinitiative","datePublished":"2016-01-21T15:33:49+00:00","mainEntityOfPage":{"@id":"https:\/\/news.save.ch\/staatsanwaelte-gegen-teure-durchsetzungsinitiative\/"},"wordCount":346,"commentCount":0,"publisher":{"@id":"https:\/\/news.save.ch\/de\/#organization"},"image":{"@id":"https:\/\/news.save.ch\/staatsanwaelte-gegen-teure-durchsetzungsinitiative\/#primaryimage"},"thumbnailUrl":"https:\/\/news.save.ch\/wp-content\/uploads\/2016\/12\/Staatsanwaelte-gegen-teure-Durchsetzungsinitiative-sicherheitsforum.jpg","keywords":["Justiz &amp; Polizei","Kriminalit\u00e4t"],"articleSection":["ALLGEMEIN"],"inLanguage":"it-IT"},{"@type":"WebPage","@id":"https:\/\/news.save.ch\/staatsanwaelte-gegen-teure-durchsetzungsinitiative\/","url":"https:\/\/news.save.ch\/staatsanwaelte-gegen-teure-durchsetzungsinitiative\/","name":"Procuratori contro la costosa iniziativa di applicazione della legge - Save","isPartOf":{"@id":"https:\/\/news.save.ch\/de\/#website"},"primaryImageOfPage":{"@id":"https:\/\/news.save.ch\/staatsanwaelte-gegen-teure-durchsetzungsinitiative\/#primaryimage"},"image":{"@id":"https:\/\/news.save.ch\/staatsanwaelte-gegen-teure-durchsetzungsinitiative\/#primaryimage"},"thumbnailUrl":"https:\/\/news.save.ch\/wp-content\/uploads\/2016\/12\/Staatsanwaelte-gegen-teure-Durchsetzungsinitiative-sicherheitsforum.jpg","datePublished":"2016-01-21T15:33:49+00:00","description":"Procuratori contro la costosa iniziativa di applicazione: l'iniziativa porterebbe a risultati sconvolgenti e comporterebbe spese aggiuntive per milioni.","breadcrumb":{"@id":"https:\/\/news.save.ch\/staatsanwaelte-gegen-teure-durchsetzungsinitiative\/#breadcrumb"},"inLanguage":"it-IT","potentialAction":[{"@type":"ReadAction","target":["https:\/\/news.save.ch\/staatsanwaelte-gegen-teure-durchsetzungsinitiative\/"]}]},{"@type":"ImageObject","inLanguage":"it-IT","@id":"https:\/\/news.save.ch\/staatsanwaelte-gegen-teure-durchsetzungsinitiative\/#primaryimage","url":"https:\/\/news.save.ch\/wp-content\/uploads\/2016\/12\/Staatsanwaelte-gegen-teure-Durchsetzungsinitiative-sicherheitsforum.jpg","contentUrl":"https:\/\/news.save.ch\/wp-content\/uploads\/2016\/12\/Staatsanwaelte-gegen-teure-Durchsetzungsinitiative-sicherheitsforum.jpg","width":356,"height":390},{"@type":"BreadcrumbList","@id":"https:\/\/news.save.ch\/staatsanwaelte-gegen-teure-durchsetzungsinitiative\/#breadcrumb","itemListElement":[{"@type":"ListItem","position":1,"name":"Home","item":"https:\/\/news.save.ch\/de\/"},{"@type":"ListItem","position":2,"name":"Staatsanw\u00e4lte gegen teure Durchsetzungsinitiative"}]},{"@type":"WebSite","@id":"https:\/\/news.save.ch\/de\/#website","url":"https:\/\/news.save.ch\/de\/","name":"Risparmiare","description":"Rivista svizzera specializzata in sicurezza","publisher":{"@id":"https:\/\/news.save.ch\/de\/#organization"},"potentialAction":[{"@type":"SearchAction","target":{"@type":"EntryPoint","urlTemplate":"https:\/\/news.save.ch\/de\/?s={search_term_string}"},"query-input":{"@type":"PropertyValueSpecification","valueRequired":true,"valueName":"search_term_string"}}],"inLanguage":"it-IT"},{"@type":"Organization","@id":"https:\/\/news.save.ch\/de\/#organization","name":"Forum sulla sicurezza","url":"https:\/\/news.save.ch\/de\/","logo":{"@type":"ImageObject","inLanguage":"it-IT","@id":"https:\/\/news.save.ch\/de\/#\/schema\/logo\/image\/","url":"https:\/\/news.save.ch\/wp-content\/uploads\/2022\/06\/Logo_SF_2012.png","contentUrl":"https:\/\/news.save.ch\/wp-content\/uploads\/2022\/06\/Logo_SF_2012.png","width":1100,"height":91,"caption":"Sicherheitsforum"},"image":{"@id":"https:\/\/news.save.ch\/de\/#\/schema\/logo\/image\/"}},{"@type":"Person","@id":"https:\/\/news.save.ch\/de\/#\/schema\/person\/d49e199490bad7c70d64b9ab51142f2b","name":"amministratore","image":{"@type":"ImageObject","inLanguage":"it-IT","@id":"https:\/\/secure.gravatar.com\/avatar\/ae2f4d718e6c49043e314ce431e7e645d646302a24a5ef5a8bc8e3f5a032e319?s=96&d=mm&r=g","url":"https:\/\/secure.gravatar.com\/avatar\/ae2f4d718e6c49043e314ce431e7e645d646302a24a5ef5a8bc8e3f5a032e319?s=96&d=mm&r=g","contentUrl":"https:\/\/secure.gravatar.com\/avatar\/ae2f4d718e6c49043e314ce431e7e645d646302a24a5ef5a8bc8e3f5a032e319?s=96&d=mm&r=g","caption":"admin"},"sameAs":["https:\/\/develop.organisator.galledia.ch"],"url":"https:\/\/news.save.ch\/it\/author\/admin\/"}]}},"_links":{"self":[{"href":"https:\/\/news.save.ch\/it\/wp-json\/wp\/v2\/posts\/2163","targetHints":{"allow":["GET"]}}],"collection":[{"href":"https:\/\/news.save.ch\/it\/wp-json\/wp\/v2\/posts"}],"about":[{"href":"https:\/\/news.save.ch\/it\/wp-json\/wp\/v2\/types\/post"}],"author":[{"embeddable":true,"href":"https:\/\/news.save.ch\/it\/wp-json\/wp\/v2\/users\/1"}],"replies":[{"embeddable":true,"href":"https:\/\/news.save.ch\/it\/wp-json\/wp\/v2\/comments?post=2163"}],"version-history":[{"count":0,"href":"https:\/\/news.save.ch\/it\/wp-json\/wp\/v2\/posts\/2163\/revisions"}],"wp:featuredmedia":[{"embeddable":true,"href":"https:\/\/news.save.ch\/it\/wp-json\/wp\/v2\/media\/2165"}],"wp:attachment":[{"href":"https:\/\/news.save.ch\/it\/wp-json\/wp\/v2\/media?parent=2163"}],"wp:term":[{"taxonomy":"category","embeddable":true,"href":"https:\/\/news.save.ch\/it\/wp-json\/wp\/v2\/categories?post=2163"},{"taxonomy":"post_tag","embeddable":true,"href":"https:\/\/news.save.ch\/it\/wp-json\/wp\/v2\/tags?post=2163"}],"curies":[{"name":"wp","href":"https:\/\/api.w.org\/{rel}","templated":true}]}}