{"id":21708,"date":"2023-08-17T10:00:39","date_gmt":"2023-08-17T08:00:39","guid":{"rendered":"https:\/\/news.save.ch\/?p=21708"},"modified":"2023-08-17T17:11:21","modified_gmt":"2023-08-17T15:11:21","slug":"auch-macs-werden-angegriffen","status":null,"type":"post","link":"https:\/\/news.save.ch\/it\/auch-macs-werden-angegriffen\/","title":{"rendered":"Anche i Mac sono sotto attacco ..."},"content":{"rendered":"<figure id=\"attachment_21712\" aria-describedby=\"caption-attachment-21712\" style=\"width: 500px\" class=\"wp-caption alignleft\"><img loading=\"lazy\" decoding=\"async\" class=\"size-full wp-image-21712\" src=\"https:\/\/news.save.ch\/wp-content\/uploads\/2023\/08\/Grafik.jpg\" alt=\"macOS\" width=\"500\" height=\"385\" srcset=\"https:\/\/news.save.ch\/wp-content\/uploads\/2023\/08\/Grafik.jpg 500w, https:\/\/news.save.ch\/wp-content\/uploads\/2023\/08\/Grafik-16x12.jpg 16w, https:\/\/news.save.ch\/wp-content\/uploads\/2023\/08\/Grafik-375x289.jpg 375w, https:\/\/news.save.ch\/wp-content\/uploads\/2023\/08\/Grafik-455x350.jpg 455w\" sizes=\"auto, (max-width: 500px) 100vw, 500px\" \/><figcaption id=\"caption-attachment-21712\" class=\"wp-caption-text\">Il grafico mostra l'evoluzione delle minacce a macOS nel 2022. \u00a9 Bitdefender<\/figcaption><\/figure>\n<p>I criminali informatici non attaccano i Mac con la stessa frequenza con cui attaccano i computer Windows, ad esempio. Dopo tutto, questi ultimi sono ancora pi\u00f9 diffusi. Secondo i dati degli esperti di Statcounter, Microsoft domina ancora il mercato desktop con una quota di 63% rispetto a 18% di macOS. La maggiore superficie di attacco \u00e8 la causa delle maggiori attivit\u00e0 degli hacker nell'ambiente Microsoft.<\/p>\n<p>Tuttavia, gli ambienti macOS non sono un punto cieco per gli attori del malware. Apple si \u00e8 sentita in dovere di chiudere proattivamente le vulnerabilit\u00e0, come scrive Bitdefender. Gli hacker utilizzavano tecniche di social engineering e di spray-and-pray automatizzato per attaccare gli utenti Mac. Allo stesso tempo, i fornitori di spyware professionali attaccavano l'hardware iOS di Apple. Secondo Bitdefender, i sistemi iOS e macOS condividono molti componenti chiave, come il motore di rendering WebKit. Apple ha anche pubblicato aggiornamenti di sicurezza per queste lacune critiche. Allo stesso tempo, gli attacchi contro l'hardware macOS stanno diventando pi\u00f9 efficienti. Aggiornamenti poco accurati e scarsa igiene della sicurezza informatica da parte degli utenti Mac, che non sono affatto inferiori agli altri utenti sotto questo aspetto, renderebbero pi\u00f9 facile il lavoro dei criminali.<\/p>\n<h3><strong>Fattore di rischio Trojan<\/strong><\/h3>\n<p>I trojan attaccano i sistemi che non sono stati aggiornati, dove gli hacker incontrano vulnerabilit\u00e0 non patchate. La mancanza di una disciplina di aggiornamento \u00e8 responsabile del pericolo concreto. Allo stesso tempo, gli aggressori utilizzano i soliti e noti meccanismi di social engineering tramite spam, phishing o social media, malvertising o download di file manipolati tramite siti web torrent o warez. Gli attacchi progettati per i Mac richiedono in genere che la vittima lanci manualmente un file eseguibile. Per questo motivo, Bitdefender spiega che si concentrano molto sul far apparire il malware come un'applicazione legittima.<\/p>\n<h3><strong>Applicazioni potenzialmente indesiderate<\/strong><\/h3>\n<p>Una minaccia su quattro \u00e8 un PUA (Potentially Unwanted Applications). Le PUA - siano esse fastidiose o pericolose - vengono distribuite dagli hacker sotto forma di freeware, applicazioni riconfezionate o utility (amministrazione remota, pulizia del sistema, presunti scanner antivirus, applicazioni per il risparmio energetico e gestione dello spazio di archiviazione), tutte dotate di funzionalit\u00e0 nascoste per la registrazione dei dati o il cryptomining. L'8% dei PUA erano cryptominer.<\/p>\n<p>Gli utenti non devono pensare che il loro hardware macOS sia sicuro. Gli attacchi sono solo meno frequenti. Una soluzione di cybersicurezza dedicata \u00e8 necessaria per gli utenti Apple, cos\u00ec come una rigorosa disciplina di aggiornamento e l'attenzione ai contenuti sospetti. Il download da canali non ufficiali come torrent o warez dovrebbe essere un tab\u00f9, sottolinea Bitdefender.<\/p>\n<p><em><a href=\"https:\/\/www.bitdefender.com\/blog\/hotforsecurity\/black-hat-usa-2023-bitdefender-macos-threat-report-reveals-key-dangers-for-mac-users\/\" target=\"_blank\" rel=\"noopener\">Il rapporto completo pu\u00f2 essere scaricato qui<\/a><\/em><\/p>\n<p>&nbsp;<\/p>","protected":false},"excerpt":{"rendered":"<p>Cyberkriminelle greifen Macs nicht so h\u00e4ufig an wie etwa Windows-Rechner. Schliesslich sind letztere immer noch weiter verbreitet. So dominiert Microsoft laut den Zahlen der Experten von Statcounter immer noch den Desktop Markt mit einem Anteil von 63% gegen\u00fcber 18% macOS. Die gr\u00f6ssere Angriffsfl\u00e4che bedingt die gr\u00f6sseren Aktivit\u00e4ten der Hacker im Microsoft-Umfeld. Dennoch sind macOS-Umgebungen kein [&hellip;]<\/p>\n","protected":false},"author":8,"featured_media":21710,"comment_status":"closed","ping_status":"closed","sticky":false,"template":"","format":"standard","meta":{"_acf_changed":false,"pgc_sgb_lightbox_settings":"","footnotes":""},"categories":[3313],"tags":[6262],"class_list":["post-21708","post","type-post","status-publish","format-standard","has-post-thumbnail","hentry","category-digitalisierung","tag-macos-systeme"],"acf":[],"hkrextid":null,"publication":null,"issue":null,"workflow":null,"startPage":null,"spitzmarke":null,"_posts_by_tag_page_fields":null,"_at_widget":null,"_yoast_wpseo_primary_category":"3313","_yoast_wpseo_focuskw_text_input":null,"_yoast_wpseo_opengraph-image":null,"_yoast_wpseo_opengraph-description":null,"_yoast_wpseo_opengraph-title":null,"enclosure":null,"_yoast_wpseo_twitter-title":null,"_yoast_wpseo_twitter-description":null,"_yoast_wpseo_twitter-image":null,"_wp_old_slug":null,"_yoast_wpseo_title":null,"_yoast_wpseo_canonical":null,"yoast_head":"<!-- This site is optimized with the Yoast SEO plugin v27.4 - https:\/\/yoast.com\/product\/yoast-seo-wordpress\/ -->\n<title>Auch Macs werden angegriffen ... - Save<\/title>\n<meta name=\"description\" content=\"Eine Auswertung zeigt, dass auch Apple-Hardware im Visier von Cyberkriminellen ist, jedoch in geringerem Mass als Windows-Ger\u00e4te.\" \/>\n<meta name=\"robots\" content=\"index, follow, max-snippet:-1, max-image-preview:large, max-video-preview:-1\" \/>\n<link rel=\"canonical\" href=\"https:\/\/news.save.ch\/it\/auch-macs-werden-angegriffen\/\" \/>\n<meta property=\"og:locale\" content=\"it_IT\" \/>\n<meta property=\"og:type\" content=\"article\" \/>\n<meta property=\"og:title\" content=\"Auch Macs werden angegriffen ... - Save\" \/>\n<meta property=\"og:description\" content=\"Eine Auswertung zeigt, dass auch Apple-Hardware im Visier von Cyberkriminellen ist, jedoch in geringerem Mass als Windows-Ger\u00e4te.\" \/>\n<meta property=\"og:url\" content=\"https:\/\/news.save.ch\/it\/auch-macs-werden-angegriffen\/\" \/>\n<meta property=\"og:site_name\" content=\"Save\" \/>\n<meta property=\"article:published_time\" content=\"2023-08-17T08:00:39+00:00\" \/>\n<meta property=\"article:modified_time\" content=\"2023-08-17T15:11:21+00:00\" \/>\n<meta property=\"og:image\" content=\"https:\/\/news.save.ch\/wp-content\/uploads\/2023\/08\/Depositphotos_273717540_S.jpg\" \/>\n\t<meta property=\"og:image:width\" content=\"1000\" \/>\n\t<meta property=\"og:image:height\" content=\"667\" \/>\n\t<meta property=\"og:image:type\" content=\"image\/jpeg\" \/>\n<meta name=\"author\" content=\"Roger Str\u00e4ssle\" \/>\n<meta name=\"twitter:card\" content=\"summary_large_image\" \/>\n<meta name=\"twitter:label1\" content=\"Scritto da\" \/>\n\t<meta name=\"twitter:data1\" content=\"Roger Str\u00e4ssle\" \/>\n\t<meta name=\"twitter:label2\" content=\"Tempo di lettura stimato\" \/>\n\t<meta name=\"twitter:data2\" content=\"3 minuti\" \/>\n<script type=\"application\/ld+json\" class=\"yoast-schema-graph\">{\"@context\":\"https:\\\/\\\/schema.org\",\"@graph\":[{\"@type\":\"Article\",\"@id\":\"https:\\\/\\\/news.save.ch\\\/auch-macs-werden-angegriffen\\\/#article\",\"isPartOf\":{\"@id\":\"https:\\\/\\\/news.save.ch\\\/auch-macs-werden-angegriffen\\\/\"},\"author\":{\"name\":\"Roger Str\u00e4ssle\",\"@id\":\"https:\\\/\\\/news.save.ch\\\/de\\\/#\\\/schema\\\/person\\\/d5022db048e0e2b9785c50e5b24da5aa\"},\"headline\":\"Auch Macs werden angegriffen &#8230;\",\"datePublished\":\"2023-08-17T08:00:39+00:00\",\"dateModified\":\"2023-08-17T15:11:21+00:00\",\"mainEntityOfPage\":{\"@id\":\"https:\\\/\\\/news.save.ch\\\/auch-macs-werden-angegriffen\\\/\"},\"wordCount\":382,\"publisher\":{\"@id\":\"https:\\\/\\\/news.save.ch\\\/de\\\/#organization\"},\"image\":{\"@id\":\"https:\\\/\\\/news.save.ch\\\/auch-macs-werden-angegriffen\\\/#primaryimage\"},\"thumbnailUrl\":\"https:\\\/\\\/news.save.ch\\\/wp-content\\\/uploads\\\/2023\\\/08\\\/Depositphotos_273717540_S.jpg\",\"keywords\":[\"macOS-Systeme\"],\"articleSection\":[\"DIGITALISIERUNG\"],\"inLanguage\":\"it-IT\"},{\"@type\":\"WebPage\",\"@id\":\"https:\\\/\\\/news.save.ch\\\/auch-macs-werden-angegriffen\\\/\",\"url\":\"https:\\\/\\\/news.save.ch\\\/auch-macs-werden-angegriffen\\\/\",\"name\":\"Auch Macs werden angegriffen ... - Save\",\"isPartOf\":{\"@id\":\"https:\\\/\\\/news.save.ch\\\/de\\\/#website\"},\"primaryImageOfPage\":{\"@id\":\"https:\\\/\\\/news.save.ch\\\/auch-macs-werden-angegriffen\\\/#primaryimage\"},\"image\":{\"@id\":\"https:\\\/\\\/news.save.ch\\\/auch-macs-werden-angegriffen\\\/#primaryimage\"},\"thumbnailUrl\":\"https:\\\/\\\/news.save.ch\\\/wp-content\\\/uploads\\\/2023\\\/08\\\/Depositphotos_273717540_S.jpg\",\"datePublished\":\"2023-08-17T08:00:39+00:00\",\"dateModified\":\"2023-08-17T15:11:21+00:00\",\"description\":\"Eine Auswertung zeigt, dass auch Apple-Hardware im Visier von Cyberkriminellen ist, jedoch in geringerem Mass als Windows-Ger\u00e4te.\",\"breadcrumb\":{\"@id\":\"https:\\\/\\\/news.save.ch\\\/auch-macs-werden-angegriffen\\\/#breadcrumb\"},\"inLanguage\":\"it-IT\",\"potentialAction\":[{\"@type\":\"ReadAction\",\"target\":[\"https:\\\/\\\/news.save.ch\\\/auch-macs-werden-angegriffen\\\/\"]}]},{\"@type\":\"ImageObject\",\"inLanguage\":\"it-IT\",\"@id\":\"https:\\\/\\\/news.save.ch\\\/auch-macs-werden-angegriffen\\\/#primaryimage\",\"url\":\"https:\\\/\\\/news.save.ch\\\/wp-content\\\/uploads\\\/2023\\\/08\\\/Depositphotos_273717540_S.jpg\",\"contentUrl\":\"https:\\\/\\\/news.save.ch\\\/wp-content\\\/uploads\\\/2023\\\/08\\\/Depositphotos_273717540_S.jpg\",\"width\":1000,\"height\":667,\"caption\":\"Depositphotos, ifeelstock\"},{\"@type\":\"BreadcrumbList\",\"@id\":\"https:\\\/\\\/news.save.ch\\\/auch-macs-werden-angegriffen\\\/#breadcrumb\",\"itemListElement\":[{\"@type\":\"ListItem\",\"position\":1,\"name\":\"Home\",\"item\":\"https:\\\/\\\/news.save.ch\\\/de\\\/\"},{\"@type\":\"ListItem\",\"position\":2,\"name\":\"Auch Macs werden angegriffen &#8230;\"}]},{\"@type\":\"WebSite\",\"@id\":\"https:\\\/\\\/news.save.ch\\\/de\\\/#website\",\"url\":\"https:\\\/\\\/news.save.ch\\\/de\\\/\",\"name\":\"Save\",\"description\":\"Schweizer Fachzeitschrift f\u00fcr Sicherheit\",\"publisher\":{\"@id\":\"https:\\\/\\\/news.save.ch\\\/de\\\/#organization\"},\"potentialAction\":[{\"@type\":\"SearchAction\",\"target\":{\"@type\":\"EntryPoint\",\"urlTemplate\":\"https:\\\/\\\/news.save.ch\\\/de\\\/?s={search_term_string}\"},\"query-input\":{\"@type\":\"PropertyValueSpecification\",\"valueRequired\":true,\"valueName\":\"search_term_string\"}}],\"inLanguage\":\"it-IT\"},{\"@type\":\"Organization\",\"@id\":\"https:\\\/\\\/news.save.ch\\\/de\\\/#organization\",\"name\":\"Sicherheitsforum\",\"url\":\"https:\\\/\\\/news.save.ch\\\/de\\\/\",\"logo\":{\"@type\":\"ImageObject\",\"inLanguage\":\"it-IT\",\"@id\":\"https:\\\/\\\/news.save.ch\\\/de\\\/#\\\/schema\\\/logo\\\/image\\\/\",\"url\":\"https:\\\/\\\/news.save.ch\\\/wp-content\\\/uploads\\\/2022\\\/06\\\/Logo_SF_2012.png\",\"contentUrl\":\"https:\\\/\\\/news.save.ch\\\/wp-content\\\/uploads\\\/2022\\\/06\\\/Logo_SF_2012.png\",\"width\":1100,\"height\":91,\"caption\":\"Sicherheitsforum\"},\"image\":{\"@id\":\"https:\\\/\\\/news.save.ch\\\/de\\\/#\\\/schema\\\/logo\\\/image\\\/\"}},{\"@type\":\"Person\",\"@id\":\"https:\\\/\\\/news.save.ch\\\/de\\\/#\\\/schema\\\/person\\\/d5022db048e0e2b9785c50e5b24da5aa\",\"name\":\"Roger Str\u00e4ssle\",\"image\":{\"@type\":\"ImageObject\",\"inLanguage\":\"it-IT\",\"@id\":\"https:\\\/\\\/secure.gravatar.com\\\/avatar\\\/862a5569d087de48e5856e32f45d719a03804c891d6deb8d4f71a660e79e4a47?s=96&d=mm&r=g\",\"url\":\"https:\\\/\\\/secure.gravatar.com\\\/avatar\\\/862a5569d087de48e5856e32f45d719a03804c891d6deb8d4f71a660e79e4a47?s=96&d=mm&r=g\",\"contentUrl\":\"https:\\\/\\\/secure.gravatar.com\\\/avatar\\\/862a5569d087de48e5856e32f45d719a03804c891d6deb8d4f71a660e79e4a47?s=96&d=mm&r=g\",\"caption\":\"Roger Str\u00e4ssle\"},\"url\":\"https:\\\/\\\/news.save.ch\\\/it\\\/author\\\/roger-straessle\\\/\"}]}<\/script>\n<!-- \/ Yoast SEO plugin. -->","yoast_head_json":{"title":"Anche i Mac sono sotto attacco ... - Salva","description":"Una valutazione mostra che anche l'hardware Apple \u00e8 preso di mira dai criminali informatici, ma in misura minore rispetto ai dispositivi Windows.","robots":{"index":"index","follow":"follow","max-snippet":"max-snippet:-1","max-image-preview":"max-image-preview:large","max-video-preview":"max-video-preview:-1"},"canonical":"https:\/\/news.save.ch\/it\/auch-macs-werden-angegriffen\/","og_locale":"it_IT","og_type":"article","og_title":"Auch Macs werden angegriffen ... - Save","og_description":"Eine Auswertung zeigt, dass auch Apple-Hardware im Visier von Cyberkriminellen ist, jedoch in geringerem Mass als Windows-Ger\u00e4te.","og_url":"https:\/\/news.save.ch\/it\/auch-macs-werden-angegriffen\/","og_site_name":"Save","article_published_time":"2023-08-17T08:00:39+00:00","article_modified_time":"2023-08-17T15:11:21+00:00","og_image":[{"width":1000,"height":667,"url":"https:\/\/news.save.ch\/wp-content\/uploads\/2023\/08\/Depositphotos_273717540_S.jpg","type":"image\/jpeg"}],"author":"Roger Str\u00e4ssle","twitter_card":"summary_large_image","twitter_misc":{"Scritto da":"Roger Str\u00e4ssle","Tempo di lettura stimato":"3 minuti"},"schema":{"@context":"https:\/\/schema.org","@graph":[{"@type":"Article","@id":"https:\/\/news.save.ch\/auch-macs-werden-angegriffen\/#article","isPartOf":{"@id":"https:\/\/news.save.ch\/auch-macs-werden-angegriffen\/"},"author":{"name":"Roger Str\u00e4ssle","@id":"https:\/\/news.save.ch\/de\/#\/schema\/person\/d5022db048e0e2b9785c50e5b24da5aa"},"headline":"Auch Macs werden angegriffen &#8230;","datePublished":"2023-08-17T08:00:39+00:00","dateModified":"2023-08-17T15:11:21+00:00","mainEntityOfPage":{"@id":"https:\/\/news.save.ch\/auch-macs-werden-angegriffen\/"},"wordCount":382,"publisher":{"@id":"https:\/\/news.save.ch\/de\/#organization"},"image":{"@id":"https:\/\/news.save.ch\/auch-macs-werden-angegriffen\/#primaryimage"},"thumbnailUrl":"https:\/\/news.save.ch\/wp-content\/uploads\/2023\/08\/Depositphotos_273717540_S.jpg","keywords":["macOS-Systeme"],"articleSection":["DIGITALISIERUNG"],"inLanguage":"it-IT"},{"@type":"WebPage","@id":"https:\/\/news.save.ch\/auch-macs-werden-angegriffen\/","url":"https:\/\/news.save.ch\/auch-macs-werden-angegriffen\/","name":"Anche i Mac sono sotto attacco ... - Salva","isPartOf":{"@id":"https:\/\/news.save.ch\/de\/#website"},"primaryImageOfPage":{"@id":"https:\/\/news.save.ch\/auch-macs-werden-angegriffen\/#primaryimage"},"image":{"@id":"https:\/\/news.save.ch\/auch-macs-werden-angegriffen\/#primaryimage"},"thumbnailUrl":"https:\/\/news.save.ch\/wp-content\/uploads\/2023\/08\/Depositphotos_273717540_S.jpg","datePublished":"2023-08-17T08:00:39+00:00","dateModified":"2023-08-17T15:11:21+00:00","description":"Una valutazione mostra che anche l'hardware Apple \u00e8 preso di mira dai criminali informatici, ma in misura minore rispetto ai dispositivi Windows.","breadcrumb":{"@id":"https:\/\/news.save.ch\/auch-macs-werden-angegriffen\/#breadcrumb"},"inLanguage":"it-IT","potentialAction":[{"@type":"ReadAction","target":["https:\/\/news.save.ch\/auch-macs-werden-angegriffen\/"]}]},{"@type":"ImageObject","inLanguage":"it-IT","@id":"https:\/\/news.save.ch\/auch-macs-werden-angegriffen\/#primaryimage","url":"https:\/\/news.save.ch\/wp-content\/uploads\/2023\/08\/Depositphotos_273717540_S.jpg","contentUrl":"https:\/\/news.save.ch\/wp-content\/uploads\/2023\/08\/Depositphotos_273717540_S.jpg","width":1000,"height":667,"caption":"Depositphotos, ifeelstock"},{"@type":"BreadcrumbList","@id":"https:\/\/news.save.ch\/auch-macs-werden-angegriffen\/#breadcrumb","itemListElement":[{"@type":"ListItem","position":1,"name":"Home","item":"https:\/\/news.save.ch\/de\/"},{"@type":"ListItem","position":2,"name":"Auch Macs werden angegriffen &#8230;"}]},{"@type":"WebSite","@id":"https:\/\/news.save.ch\/de\/#website","url":"https:\/\/news.save.ch\/de\/","name":"Risparmiare","description":"Rivista svizzera specializzata in sicurezza","publisher":{"@id":"https:\/\/news.save.ch\/de\/#organization"},"potentialAction":[{"@type":"SearchAction","target":{"@type":"EntryPoint","urlTemplate":"https:\/\/news.save.ch\/de\/?s={search_term_string}"},"query-input":{"@type":"PropertyValueSpecification","valueRequired":true,"valueName":"search_term_string"}}],"inLanguage":"it-IT"},{"@type":"Organization","@id":"https:\/\/news.save.ch\/de\/#organization","name":"Forum sulla sicurezza","url":"https:\/\/news.save.ch\/de\/","logo":{"@type":"ImageObject","inLanguage":"it-IT","@id":"https:\/\/news.save.ch\/de\/#\/schema\/logo\/image\/","url":"https:\/\/news.save.ch\/wp-content\/uploads\/2022\/06\/Logo_SF_2012.png","contentUrl":"https:\/\/news.save.ch\/wp-content\/uploads\/2022\/06\/Logo_SF_2012.png","width":1100,"height":91,"caption":"Sicherheitsforum"},"image":{"@id":"https:\/\/news.save.ch\/de\/#\/schema\/logo\/image\/"}},{"@type":"Person","@id":"https:\/\/news.save.ch\/de\/#\/schema\/person\/d5022db048e0e2b9785c50e5b24da5aa","name":"Roger Str\u00e4ssle","image":{"@type":"ImageObject","inLanguage":"it-IT","@id":"https:\/\/secure.gravatar.com\/avatar\/862a5569d087de48e5856e32f45d719a03804c891d6deb8d4f71a660e79e4a47?s=96&d=mm&r=g","url":"https:\/\/secure.gravatar.com\/avatar\/862a5569d087de48e5856e32f45d719a03804c891d6deb8d4f71a660e79e4a47?s=96&d=mm&r=g","contentUrl":"https:\/\/secure.gravatar.com\/avatar\/862a5569d087de48e5856e32f45d719a03804c891d6deb8d4f71a660e79e4a47?s=96&d=mm&r=g","caption":"Roger Str\u00e4ssle"},"url":"https:\/\/news.save.ch\/it\/author\/roger-straessle\/"}]}},"_links":{"self":[{"href":"https:\/\/news.save.ch\/it\/wp-json\/wp\/v2\/posts\/21708","targetHints":{"allow":["GET"]}}],"collection":[{"href":"https:\/\/news.save.ch\/it\/wp-json\/wp\/v2\/posts"}],"about":[{"href":"https:\/\/news.save.ch\/it\/wp-json\/wp\/v2\/types\/post"}],"author":[{"embeddable":true,"href":"https:\/\/news.save.ch\/it\/wp-json\/wp\/v2\/users\/8"}],"replies":[{"embeddable":true,"href":"https:\/\/news.save.ch\/it\/wp-json\/wp\/v2\/comments?post=21708"}],"version-history":[{"count":4,"href":"https:\/\/news.save.ch\/it\/wp-json\/wp\/v2\/posts\/21708\/revisions"}],"predecessor-version":[{"id":21912,"href":"https:\/\/news.save.ch\/it\/wp-json\/wp\/v2\/posts\/21708\/revisions\/21912"}],"wp:featuredmedia":[{"embeddable":true,"href":"https:\/\/news.save.ch\/it\/wp-json\/wp\/v2\/media\/21710"}],"wp:attachment":[{"href":"https:\/\/news.save.ch\/it\/wp-json\/wp\/v2\/media?parent=21708"}],"wp:term":[{"taxonomy":"category","embeddable":true,"href":"https:\/\/news.save.ch\/it\/wp-json\/wp\/v2\/categories?post=21708"},{"taxonomy":"post_tag","embeddable":true,"href":"https:\/\/news.save.ch\/it\/wp-json\/wp\/v2\/tags?post=21708"}],"curies":[{"name":"wp","href":"https:\/\/api.w.org\/{rel}","templated":true}]}}