{"id":21715,"date":"2023-08-15T06:33:41","date_gmt":"2023-08-15T04:33:41","guid":{"rendered":"https:\/\/news.save.ch\/?p=21715"},"modified":"2023-08-14T14:43:10","modified_gmt":"2023-08-14T12:43:10","slug":"fedpol-im-zeichen-der-kooperation","status":null,"type":"post","link":"https:\/\/news.save.ch\/it\/fedpol-im-zeichen-der-kooperation\/","title":{"rendered":"Fedpol in spirito di cooperazione"},"content":{"rendered":"<figure id=\"attachment_21716\" aria-describedby=\"caption-attachment-21716\" style=\"width: 680px\" class=\"wp-caption aligncenter\"><img loading=\"lazy\" decoding=\"async\" class=\"size-medium wp-image-21716\" src=\"https:\/\/news.save.ch\/wp-content\/uploads\/2023\/08\/Depositphotos_161135970_S-680x434.jpg\" alt=\"Criminalit\u00e0 organizzata\" width=\"680\" height=\"434\" srcset=\"https:\/\/news.save.ch\/wp-content\/uploads\/2023\/08\/Depositphotos_161135970_S-680x434.jpg 680w, https:\/\/news.save.ch\/wp-content\/uploads\/2023\/08\/Depositphotos_161135970_S-768x490.jpg 768w, https:\/\/news.save.ch\/wp-content\/uploads\/2023\/08\/Depositphotos_161135970_S-18x12.jpg 18w, https:\/\/news.save.ch\/wp-content\/uploads\/2023\/08\/Depositphotos_161135970_S-375x239.jpg 375w, https:\/\/news.save.ch\/wp-content\/uploads\/2023\/08\/Depositphotos_161135970_S-549x350.jpg 549w, https:\/\/news.save.ch\/wp-content\/uploads\/2023\/08\/Depositphotos_161135970_S.jpg 1000w\" sizes=\"auto, (max-width: 680px) 100vw, 680px\" \/><figcaption id=\"caption-attachment-21716\" class=\"wp-caption-text\">Depositphotos, melektaus<\/figcaption><\/figure>\n<p>In quanto Paese prospero, le dimensioni ridotte della Svizzera e la sua posizione nel cuore dell'Europa la rendono un obiettivo particolarmente interessante per i criminali di ogni tipo. Riciclatori di denaro, scassinatori di bancomat, criminali informatici, trafficanti di droga, trafficanti di esseri umani e trafficanti di armi utilizzano la Svizzera per le loro attivit\u00e0. I criminali sono solitamente attivi in pi\u00f9 cantoni - e non solo: la maggior parte dei casi in cui Fedpol indaga ha un collegamento con l'estero, anche al di fuori dell'Europa, come scrive la Polizia federale. Solo attraverso un intenso scambio di informazioni e una stretta collaborazione con le autorit\u00e0 di polizia nazionali e internazionali la Svizzera pu\u00f2 combattere efficacemente la criminalit\u00e0.<\/p>\n<p>Al fine di rafforzare la cooperazione internazionale di polizia, Fedpol celebra il centenario della fondazione di Fedpol. <a href=\"http:\/\/www.interpol.int\" target=\"_blank\" rel=\"noopener\">Interpol<\/a> il Segretario Generale dell'Interpol, J\u00fcrgen Stock, le polizie cantonali, i Carabinieri italiani e l'Ufficio Federale di Polizia Criminale della Germania, insieme ad altri esperti ad un tavolo.<\/p>\n<h3><b>Lotta al crimine ieri, oggi e domani<\/b><\/h3>\n<p>Durante la conferenza si discuter\u00e0 della situazione attuale della criminalit\u00e0, degli ultimi sviluppi e delle possibilit\u00e0 di cooperazione nella lotta alla criminalit\u00e0 organizzata, scrive la Fedpol. Per combattere la criminalit\u00e0 organizzata e internazionale, tutte le autorit\u00e0 di polizia devono collaborare.<\/p>\n<p><em>Fonte:<a href=\"http:\/\/www.fedpol.admin.ch\/fedpol\/de\/home.html\"> Fedpol<\/a><\/em><\/p>","protected":false},"excerpt":{"rendered":"<p>Die Schweiz ist als wohlhabendes Land mit ihrer Kleinr\u00e4umigkeit und der Lage im Herzen Europas ein besonders lohnenswertes Ziel f\u00fcr Kriminelle aller Art. Geldw\u00e4scher, Geldautomatensprenger, Cyberkriminelle, Drogen-, Menschen- und Waffenh\u00e4ndler nutzen die Schweiz f\u00fcr ihre Aktivit\u00e4ten. Die Kriminellen sind meist in mehreren Kantonen aktiv &#8211; nicht nur das: Die Mehrheit der F\u00e4lle, in denen Fedpol [&hellip;]<\/p>\n","protected":false},"author":8,"featured_media":21716,"comment_status":"closed","ping_status":"closed","sticky":false,"template":"","format":"standard","meta":{"_acf_changed":false,"pgc_sgb_lightbox_settings":"","footnotes":""},"categories":[1],"tags":[432,113],"class_list":["post-21715","post","type-post","status-publish","format-standard","has-post-thumbnail","hentry","category-allgemein","tag-bundesamt-fuer-polizei","tag-kriminalitaet"],"acf":[],"hkrextid":null,"publication":null,"issue":null,"workflow":null,"startPage":null,"spitzmarke":null,"_posts_by_tag_page_fields":null,"_at_widget":null,"_yoast_wpseo_primary_category":"","_yoast_wpseo_focuskw_text_input":null,"_yoast_wpseo_opengraph-image":null,"_yoast_wpseo_opengraph-description":null,"_yoast_wpseo_opengraph-title":null,"enclosure":null,"_yoast_wpseo_twitter-title":null,"_yoast_wpseo_twitter-description":null,"_yoast_wpseo_twitter-image":null,"_wp_old_slug":null,"_yoast_wpseo_title":null,"_yoast_wpseo_canonical":null,"yoast_head":"<!-- This site is optimized with the Yoast SEO plugin v27.5 - https:\/\/yoast.com\/product\/yoast-seo-wordpress\/ -->\n<title>Fedpol im Zeichen der Kooperation - Save<\/title>\n<meta name=\"robots\" content=\"index, follow, max-snippet:-1, max-image-preview:large, max-video-preview:-1\" \/>\n<link rel=\"canonical\" href=\"https:\/\/news.save.ch\/it\/fedpol-im-zeichen-der-kooperation\/\" \/>\n<meta property=\"og:locale\" content=\"it_IT\" \/>\n<meta property=\"og:type\" content=\"article\" \/>\n<meta property=\"og:title\" content=\"Fedpol im Zeichen der Kooperation - Save\" \/>\n<meta property=\"og:description\" content=\"Die Schweiz ist als wohlhabendes Land mit ihrer Kleinr\u00e4umigkeit und der Lage im Herzen Europas ein besonders lohnenswertes Ziel f\u00fcr Kriminelle aller Art. Geldw\u00e4scher, Geldautomatensprenger, Cyberkriminelle, Drogen-, Menschen- und Waffenh\u00e4ndler nutzen die Schweiz f\u00fcr ihre Aktivit\u00e4ten. Die Kriminellen sind meist in mehreren Kantonen aktiv &#8211; nicht nur das: Die Mehrheit der F\u00e4lle, in denen Fedpol [&hellip;]\" \/>\n<meta property=\"og:url\" content=\"https:\/\/news.save.ch\/it\/fedpol-im-zeichen-der-kooperation\/\" \/>\n<meta property=\"og:site_name\" content=\"Save\" \/>\n<meta property=\"article:published_time\" content=\"2023-08-15T04:33:41+00:00\" \/>\n<meta property=\"og:image\" content=\"https:\/\/news.save.ch\/wp-content\/uploads\/2023\/08\/Depositphotos_161135970_S.jpg\" \/>\n\t<meta property=\"og:image:width\" content=\"1000\" \/>\n\t<meta property=\"og:image:height\" content=\"638\" \/>\n\t<meta property=\"og:image:type\" content=\"image\/jpeg\" \/>\n<meta name=\"author\" content=\"Roger Str\u00e4ssle\" \/>\n<meta name=\"twitter:card\" content=\"summary_large_image\" \/>\n<meta name=\"twitter:label1\" content=\"Scritto da\" \/>\n\t<meta name=\"twitter:data1\" content=\"Roger Str\u00e4ssle\" \/>\n\t<meta name=\"twitter:label2\" content=\"Tempo di lettura stimato\" \/>\n\t<meta name=\"twitter:data2\" content=\"2 minuti\" \/>\n<script type=\"application\/ld+json\" class=\"yoast-schema-graph\">{\"@context\":\"https:\\\/\\\/schema.org\",\"@graph\":[{\"@type\":\"Article\",\"@id\":\"https:\\\/\\\/news.save.ch\\\/fedpol-im-zeichen-der-kooperation\\\/#article\",\"isPartOf\":{\"@id\":\"https:\\\/\\\/news.save.ch\\\/fedpol-im-zeichen-der-kooperation\\\/\"},\"author\":{\"name\":\"Roger Str\u00e4ssle\",\"@id\":\"https:\\\/\\\/news.save.ch\\\/de\\\/#\\\/schema\\\/person\\\/d5022db048e0e2b9785c50e5b24da5aa\"},\"headline\":\"Fedpol im Zeichen der Kooperation\",\"datePublished\":\"2023-08-15T04:33:41+00:00\",\"mainEntityOfPage\":{\"@id\":\"https:\\\/\\\/news.save.ch\\\/fedpol-im-zeichen-der-kooperation\\\/\"},\"wordCount\":208,\"publisher\":{\"@id\":\"https:\\\/\\\/news.save.ch\\\/de\\\/#organization\"},\"image\":{\"@id\":\"https:\\\/\\\/news.save.ch\\\/fedpol-im-zeichen-der-kooperation\\\/#primaryimage\"},\"thumbnailUrl\":\"https:\\\/\\\/news.save.ch\\\/wp-content\\\/uploads\\\/2023\\\/08\\\/Depositphotos_161135970_S.jpg\",\"keywords\":[\"Bundesamt f\u00fcr Polizei\",\"Kriminalit\u00e4t\"],\"articleSection\":[\"ALLGEMEIN\"],\"inLanguage\":\"it-IT\"},{\"@type\":\"WebPage\",\"@id\":\"https:\\\/\\\/news.save.ch\\\/fedpol-im-zeichen-der-kooperation\\\/\",\"url\":\"https:\\\/\\\/news.save.ch\\\/fedpol-im-zeichen-der-kooperation\\\/\",\"name\":\"Fedpol im Zeichen der Kooperation - Save\",\"isPartOf\":{\"@id\":\"https:\\\/\\\/news.save.ch\\\/de\\\/#website\"},\"primaryImageOfPage\":{\"@id\":\"https:\\\/\\\/news.save.ch\\\/fedpol-im-zeichen-der-kooperation\\\/#primaryimage\"},\"image\":{\"@id\":\"https:\\\/\\\/news.save.ch\\\/fedpol-im-zeichen-der-kooperation\\\/#primaryimage\"},\"thumbnailUrl\":\"https:\\\/\\\/news.save.ch\\\/wp-content\\\/uploads\\\/2023\\\/08\\\/Depositphotos_161135970_S.jpg\",\"datePublished\":\"2023-08-15T04:33:41+00:00\",\"breadcrumb\":{\"@id\":\"https:\\\/\\\/news.save.ch\\\/fedpol-im-zeichen-der-kooperation\\\/#breadcrumb\"},\"inLanguage\":\"it-IT\",\"potentialAction\":[{\"@type\":\"ReadAction\",\"target\":[\"https:\\\/\\\/news.save.ch\\\/fedpol-im-zeichen-der-kooperation\\\/\"]}]},{\"@type\":\"ImageObject\",\"inLanguage\":\"it-IT\",\"@id\":\"https:\\\/\\\/news.save.ch\\\/fedpol-im-zeichen-der-kooperation\\\/#primaryimage\",\"url\":\"https:\\\/\\\/news.save.ch\\\/wp-content\\\/uploads\\\/2023\\\/08\\\/Depositphotos_161135970_S.jpg\",\"contentUrl\":\"https:\\\/\\\/news.save.ch\\\/wp-content\\\/uploads\\\/2023\\\/08\\\/Depositphotos_161135970_S.jpg\",\"width\":1000,\"height\":638,\"caption\":\"Depositphotos, melektaus\"},{\"@type\":\"BreadcrumbList\",\"@id\":\"https:\\\/\\\/news.save.ch\\\/fedpol-im-zeichen-der-kooperation\\\/#breadcrumb\",\"itemListElement\":[{\"@type\":\"ListItem\",\"position\":1,\"name\":\"Home\",\"item\":\"https:\\\/\\\/news.save.ch\\\/de\\\/\"},{\"@type\":\"ListItem\",\"position\":2,\"name\":\"Fedpol im Zeichen der Kooperation\"}]},{\"@type\":\"WebSite\",\"@id\":\"https:\\\/\\\/news.save.ch\\\/de\\\/#website\",\"url\":\"https:\\\/\\\/news.save.ch\\\/de\\\/\",\"name\":\"Save\",\"description\":\"Schweizer Fachzeitschrift f\u00fcr Sicherheit\",\"publisher\":{\"@id\":\"https:\\\/\\\/news.save.ch\\\/de\\\/#organization\"},\"potentialAction\":[{\"@type\":\"SearchAction\",\"target\":{\"@type\":\"EntryPoint\",\"urlTemplate\":\"https:\\\/\\\/news.save.ch\\\/de\\\/?s={search_term_string}\"},\"query-input\":{\"@type\":\"PropertyValueSpecification\",\"valueRequired\":true,\"valueName\":\"search_term_string\"}}],\"inLanguage\":\"it-IT\"},{\"@type\":\"Organization\",\"@id\":\"https:\\\/\\\/news.save.ch\\\/de\\\/#organization\",\"name\":\"Sicherheitsforum\",\"url\":\"https:\\\/\\\/news.save.ch\\\/de\\\/\",\"logo\":{\"@type\":\"ImageObject\",\"inLanguage\":\"it-IT\",\"@id\":\"https:\\\/\\\/news.save.ch\\\/de\\\/#\\\/schema\\\/logo\\\/image\\\/\",\"url\":\"https:\\\/\\\/news.save.ch\\\/wp-content\\\/uploads\\\/2022\\\/06\\\/Logo_SF_2012.png\",\"contentUrl\":\"https:\\\/\\\/news.save.ch\\\/wp-content\\\/uploads\\\/2022\\\/06\\\/Logo_SF_2012.png\",\"width\":1100,\"height\":91,\"caption\":\"Sicherheitsforum\"},\"image\":{\"@id\":\"https:\\\/\\\/news.save.ch\\\/de\\\/#\\\/schema\\\/logo\\\/image\\\/\"}},{\"@type\":\"Person\",\"@id\":\"https:\\\/\\\/news.save.ch\\\/de\\\/#\\\/schema\\\/person\\\/d5022db048e0e2b9785c50e5b24da5aa\",\"name\":\"Roger Str\u00e4ssle\",\"image\":{\"@type\":\"ImageObject\",\"inLanguage\":\"it-IT\",\"@id\":\"https:\\\/\\\/secure.gravatar.com\\\/avatar\\\/862a5569d087de48e5856e32f45d719a03804c891d6deb8d4f71a660e79e4a47?s=96&d=mm&r=g\",\"url\":\"https:\\\/\\\/secure.gravatar.com\\\/avatar\\\/862a5569d087de48e5856e32f45d719a03804c891d6deb8d4f71a660e79e4a47?s=96&d=mm&r=g\",\"contentUrl\":\"https:\\\/\\\/secure.gravatar.com\\\/avatar\\\/862a5569d087de48e5856e32f45d719a03804c891d6deb8d4f71a660e79e4a47?s=96&d=mm&r=g\",\"caption\":\"Roger Str\u00e4ssle\"},\"url\":\"https:\\\/\\\/news.save.ch\\\/it\\\/author\\\/roger-straessle\\\/\"}]}<\/script>\n<!-- \/ Yoast SEO plugin. -->","yoast_head_json":{"title":"Fedpol in spirito di cooperazione - Save","robots":{"index":"index","follow":"follow","max-snippet":"max-snippet:-1","max-image-preview":"max-image-preview:large","max-video-preview":"max-video-preview:-1"},"canonical":"https:\/\/news.save.ch\/it\/fedpol-im-zeichen-der-kooperation\/","og_locale":"it_IT","og_type":"article","og_title":"Fedpol im Zeichen der Kooperation - Save","og_description":"Die Schweiz ist als wohlhabendes Land mit ihrer Kleinr\u00e4umigkeit und der Lage im Herzen Europas ein besonders lohnenswertes Ziel f\u00fcr Kriminelle aller Art. Geldw\u00e4scher, Geldautomatensprenger, Cyberkriminelle, Drogen-, Menschen- und Waffenh\u00e4ndler nutzen die Schweiz f\u00fcr ihre Aktivit\u00e4ten. Die Kriminellen sind meist in mehreren Kantonen aktiv &#8211; nicht nur das: Die Mehrheit der F\u00e4lle, in denen Fedpol [&hellip;]","og_url":"https:\/\/news.save.ch\/it\/fedpol-im-zeichen-der-kooperation\/","og_site_name":"Save","article_published_time":"2023-08-15T04:33:41+00:00","og_image":[{"width":1000,"height":638,"url":"https:\/\/news.save.ch\/wp-content\/uploads\/2023\/08\/Depositphotos_161135970_S.jpg","type":"image\/jpeg"}],"author":"Roger Str\u00e4ssle","twitter_card":"summary_large_image","twitter_misc":{"Scritto da":"Roger Str\u00e4ssle","Tempo di lettura stimato":"2 minuti"},"schema":{"@context":"https:\/\/schema.org","@graph":[{"@type":"Article","@id":"https:\/\/news.save.ch\/fedpol-im-zeichen-der-kooperation\/#article","isPartOf":{"@id":"https:\/\/news.save.ch\/fedpol-im-zeichen-der-kooperation\/"},"author":{"name":"Roger Str\u00e4ssle","@id":"https:\/\/news.save.ch\/de\/#\/schema\/person\/d5022db048e0e2b9785c50e5b24da5aa"},"headline":"Fedpol im Zeichen der Kooperation","datePublished":"2023-08-15T04:33:41+00:00","mainEntityOfPage":{"@id":"https:\/\/news.save.ch\/fedpol-im-zeichen-der-kooperation\/"},"wordCount":208,"publisher":{"@id":"https:\/\/news.save.ch\/de\/#organization"},"image":{"@id":"https:\/\/news.save.ch\/fedpol-im-zeichen-der-kooperation\/#primaryimage"},"thumbnailUrl":"https:\/\/news.save.ch\/wp-content\/uploads\/2023\/08\/Depositphotos_161135970_S.jpg","keywords":["Bundesamt f\u00fcr Polizei","Kriminalit\u00e4t"],"articleSection":["ALLGEMEIN"],"inLanguage":"it-IT"},{"@type":"WebPage","@id":"https:\/\/news.save.ch\/fedpol-im-zeichen-der-kooperation\/","url":"https:\/\/news.save.ch\/fedpol-im-zeichen-der-kooperation\/","name":"Fedpol in spirito di cooperazione - Save","isPartOf":{"@id":"https:\/\/news.save.ch\/de\/#website"},"primaryImageOfPage":{"@id":"https:\/\/news.save.ch\/fedpol-im-zeichen-der-kooperation\/#primaryimage"},"image":{"@id":"https:\/\/news.save.ch\/fedpol-im-zeichen-der-kooperation\/#primaryimage"},"thumbnailUrl":"https:\/\/news.save.ch\/wp-content\/uploads\/2023\/08\/Depositphotos_161135970_S.jpg","datePublished":"2023-08-15T04:33:41+00:00","breadcrumb":{"@id":"https:\/\/news.save.ch\/fedpol-im-zeichen-der-kooperation\/#breadcrumb"},"inLanguage":"it-IT","potentialAction":[{"@type":"ReadAction","target":["https:\/\/news.save.ch\/fedpol-im-zeichen-der-kooperation\/"]}]},{"@type":"ImageObject","inLanguage":"it-IT","@id":"https:\/\/news.save.ch\/fedpol-im-zeichen-der-kooperation\/#primaryimage","url":"https:\/\/news.save.ch\/wp-content\/uploads\/2023\/08\/Depositphotos_161135970_S.jpg","contentUrl":"https:\/\/news.save.ch\/wp-content\/uploads\/2023\/08\/Depositphotos_161135970_S.jpg","width":1000,"height":638,"caption":"Depositphotos, melektaus"},{"@type":"BreadcrumbList","@id":"https:\/\/news.save.ch\/fedpol-im-zeichen-der-kooperation\/#breadcrumb","itemListElement":[{"@type":"ListItem","position":1,"name":"Home","item":"https:\/\/news.save.ch\/de\/"},{"@type":"ListItem","position":2,"name":"Fedpol im Zeichen der Kooperation"}]},{"@type":"WebSite","@id":"https:\/\/news.save.ch\/de\/#website","url":"https:\/\/news.save.ch\/de\/","name":"Risparmiare","description":"Rivista svizzera specializzata in sicurezza","publisher":{"@id":"https:\/\/news.save.ch\/de\/#organization"},"potentialAction":[{"@type":"SearchAction","target":{"@type":"EntryPoint","urlTemplate":"https:\/\/news.save.ch\/de\/?s={search_term_string}"},"query-input":{"@type":"PropertyValueSpecification","valueRequired":true,"valueName":"search_term_string"}}],"inLanguage":"it-IT"},{"@type":"Organization","@id":"https:\/\/news.save.ch\/de\/#organization","name":"Forum sulla sicurezza","url":"https:\/\/news.save.ch\/de\/","logo":{"@type":"ImageObject","inLanguage":"it-IT","@id":"https:\/\/news.save.ch\/de\/#\/schema\/logo\/image\/","url":"https:\/\/news.save.ch\/wp-content\/uploads\/2022\/06\/Logo_SF_2012.png","contentUrl":"https:\/\/news.save.ch\/wp-content\/uploads\/2022\/06\/Logo_SF_2012.png","width":1100,"height":91,"caption":"Sicherheitsforum"},"image":{"@id":"https:\/\/news.save.ch\/de\/#\/schema\/logo\/image\/"}},{"@type":"Person","@id":"https:\/\/news.save.ch\/de\/#\/schema\/person\/d5022db048e0e2b9785c50e5b24da5aa","name":"Roger Str\u00e4ssle","image":{"@type":"ImageObject","inLanguage":"it-IT","@id":"https:\/\/secure.gravatar.com\/avatar\/862a5569d087de48e5856e32f45d719a03804c891d6deb8d4f71a660e79e4a47?s=96&d=mm&r=g","url":"https:\/\/secure.gravatar.com\/avatar\/862a5569d087de48e5856e32f45d719a03804c891d6deb8d4f71a660e79e4a47?s=96&d=mm&r=g","contentUrl":"https:\/\/secure.gravatar.com\/avatar\/862a5569d087de48e5856e32f45d719a03804c891d6deb8d4f71a660e79e4a47?s=96&d=mm&r=g","caption":"Roger Str\u00e4ssle"},"url":"https:\/\/news.save.ch\/it\/author\/roger-straessle\/"}]}},"_links":{"self":[{"href":"https:\/\/news.save.ch\/it\/wp-json\/wp\/v2\/posts\/21715","targetHints":{"allow":["GET"]}}],"collection":[{"href":"https:\/\/news.save.ch\/it\/wp-json\/wp\/v2\/posts"}],"about":[{"href":"https:\/\/news.save.ch\/it\/wp-json\/wp\/v2\/types\/post"}],"author":[{"embeddable":true,"href":"https:\/\/news.save.ch\/it\/wp-json\/wp\/v2\/users\/8"}],"replies":[{"embeddable":true,"href":"https:\/\/news.save.ch\/it\/wp-json\/wp\/v2\/comments?post=21715"}],"version-history":[{"count":3,"href":"https:\/\/news.save.ch\/it\/wp-json\/wp\/v2\/posts\/21715\/revisions"}],"predecessor-version":[{"id":21719,"href":"https:\/\/news.save.ch\/it\/wp-json\/wp\/v2\/posts\/21715\/revisions\/21719"}],"wp:featuredmedia":[{"embeddable":true,"href":"https:\/\/news.save.ch\/it\/wp-json\/wp\/v2\/media\/21716"}],"wp:attachment":[{"href":"https:\/\/news.save.ch\/it\/wp-json\/wp\/v2\/media?parent=21715"}],"wp:term":[{"taxonomy":"category","embeddable":true,"href":"https:\/\/news.save.ch\/it\/wp-json\/wp\/v2\/categories?post=21715"},{"taxonomy":"post_tag","embeddable":true,"href":"https:\/\/news.save.ch\/it\/wp-json\/wp\/v2\/tags?post=21715"}],"curies":[{"name":"wp","href":"https:\/\/api.w.org\/{rel}","templated":true}]}}