{"id":2178,"date":"2016-01-26T16:40:28","date_gmt":"2016-01-26T15:40:28","guid":{"rendered":"https:\/\/dev.sicherheitsforum.ch\/?p=2178"},"modified":"2016-01-26T16:40:28","modified_gmt":"2016-01-26T15:40:28","slug":"bestechung-im-bafu-anklage","status":null,"type":"post","link":"https:\/\/news.save.ch\/it\/bestechung-im-bafu-anklage\/","title":{"rendered":"Corruzione all'UFAM: rinvio a giudizio"},"content":{"rendered":"<p><img loading=\"lazy\" decoding=\"async\" class=\"alignnone wp-image-2179 size-full\" src=\"https:\/\/news.save.ch\/wp-content\/uploads\/2016\/12\/Bestechung-im-BAFU-Anklage-sicherheitsforum.jpg\" width=\"403\" height=\"417\" srcset=\"https:\/\/news.save.ch\/wp-content\/uploads\/2016\/12\/Bestechung-im-BAFU-Anklage-sicherheitsforum.jpg 403w, https:\/\/news.save.ch\/wp-content\/uploads\/2016\/12\/Bestechung-im-BAFU-Anklage-sicherheitsforum-290x300.jpg 290w\" sizes=\"auto, (max-width: 403px) 100vw, 403px\" \/><\/p>\n<p>L'indagine si \u00e8 concentrata sull'aggiudicazione di numerosi contratti di servizio presso l'Ufficio federale dell'ambiente (UFAM) a societ\u00e0 informatiche esterne tra il 2007 e il 2010. Uno dei principali imputati, un ex responsabile di progetto informatico esterno, \u00e8 accusato dal Ministero pubblico della Confederazione (MPC) di molteplici capi d'imputazione per condotta sleale (art. 314 CP), molteplici capi d'imputazione per corruzione (art. 322ter CP), molteplici capi d'imputazione per accettazione di una tangente (art. 322quater CP) e falsificazione di documenti (art. 251 n. 1 cpv. 2 CP). Un ex capo della sezione di Bafu \u00e8 accusato di molteplici capi d'accusa di disonest\u00e0 nell'esercizio delle sue funzioni e di aver accettato tangenti. Altre due persone sono accusate di corruzione multipla (art. 322ter CP) e\/o di favoreggiamento di una condotta ufficiale infedele (art. 314 in combinato disposto con l'art. 25 CP). Le altre due persone sono accusate di favoreggiamento di una condotta ufficiale infedele.<\/p>\n<p><strong>Pagamenti di commissioni illegali<\/strong><\/p>\n<p>L'allora responsabile informatico del progetto \"Accesso ai dati\" (DaZu) \u00e8 accusato di aver richiesto, concordato e ricevuto commissioni illecite per un totale di circa 118.000 franchi svizzeri da societ\u00e0 fornitrici di servizi informatici durante il suo mandato all'UFAM. In cambio, ha fatto in modo che l'UFAM stipulasse contratti di servizio con queste aziende. \u00c8 inoltre accusato di aver acquistato, insieme all'allora responsabile del settore informatico, logistico e organizzativo (ILO), licenze software e servizi informatici per un valore di circa 0,5 milioni di franchi svizzeri per l'UFAM attraverso una societ\u00e0 da lui controllata e non direttamente dalla societ\u00e0 fornitrice, aggirando la legge sugli appalti pubblici e, in cambio, di aver fornito al suddetto responsabile dell'ILO vantaggi pecuniari indebiti per un valore di diversi 10 000 franchi svizzeri sotto forma di denaro, viaggi e attrezzature. L'Udc stima in oltre mezzo milione di franchi il danno arrecato all'UFA da questi contratti.<\/p>\n<p>Da parte sua, il suddetto ex capo della sezione ILO \u00e8 accusato di aver accettato benefici indebiti dal responsabile del progetto DaZu in relazione alle sue attivit\u00e0 ufficiali, per un totale di circa 50.000 franchi svizzeri in cambio delle suddette licenze software e servizi informatici, nonch\u00e9 di altri contratti informatici assegnati a societ\u00e0 controllate dal responsabile del progetto. \u00c8 inoltre accusato di aver acquistato, in qualit\u00e0 di funzionario pubblico, apparecchiature elettroniche di consumo da un'altra societ\u00e0 fornitrice di servizi informatici a nome e per conto dell'UFAM, ma di averle utilizzate per scopi privati. Il danno per l'UFA ammonta a oltre 50.000 franchi svizzeri.<\/p>\n<p>Altri due coimputati sono accusati di aver concordato e pagato commissioni illecite per un totale di circa 100.000 franchi svizzeri all'ex responsabile di progetto IT dell'Ufficio federale per la sicurezza informatica. Inoltre, altri due coimputati sono accusati di aver assistito l'ex capo dell'ILO e il responsabile del progetto informatico nell'acquisizione di licenze software e servizi informatici, rispettivamente a danno della Confederazione.<\/p>\n<p>Gi\u00e0 nel luglio 2015, un altro imputato \u00e8 stato condannato con un ordine di pena.<\/p>\n<p>L'indagine penale \u00e8 stata condotta in stretta collaborazione con la Polizia criminale federale.<\/p>\n<p>L'UFAM rappresenter\u00e0 la Confederazione svizzera nel procedimento penale come parte civile. Come di consueto, il BA annuncer\u00e0 le accuse penali durante l'udienza principale davanti al Tribunale penale federale.<\/p>\n<p><em>Comunicato stampa Procura federale<\/em><\/p>","protected":false},"excerpt":{"rendered":"<p>Im Zentrum der Untersuchung standen unter anderem Vergaben von zahlreichen Dienstleistungsvertr\u00e4gen im Bundesamt f\u00fcr Umwelt (Bafu)\u00a0an externe IT-Firmen in den Jahren 2007 bis 2010. Einem der Hauptangeklagten, einem ehemaligen externen IT-Projektleiter, legt die Bundesanwaltschaft (BA) mehrfache ungetreue Amtsf\u00fchrung (Art. 314 StGB), mehrfaches Bestechen (Art. 322ter StGB), mehrfaches Sich bestechen lassen (Art. 322quater StGB) sowie Urkundenf\u00e4lschung [&hellip;]<\/p>\n","protected":false},"author":1,"featured_media":2179,"comment_status":"open","ping_status":"open","sticky":false,"template":"","format":"standard","meta":{"_acf_changed":false,"pgc_sgb_lightbox_settings":"","footnotes":""},"categories":[1],"tags":[69,122,113,124],"class_list":["post-2178","post","type-post","status-publish","format-standard","has-post-thumbnail","hentry","category-allgemein","tag-justiz-polizei","tag-korruption","tag-kriminalitaet","tag-whistleblowing"],"acf":[],"hkrextid":null,"publication":null,"issue":null,"workflow":null,"startPage":null,"spitzmarke":null,"_posts_by_tag_page_fields":{"widget_title":"","widget_tags":""},"_at_widget":"1","_yoast_wpseo_primary_category":"1","_yoast_wpseo_focuskw_text_input":"Bestechung im BAFU","_yoast_wpseo_opengraph-image":"https:\/\/news.save.ch\/wp-content\/uploads\/2016\/12\/Bestechung-im-BAFU-Anklage-sicherheitsforum.jpg","_yoast_wpseo_opengraph-description":"Die Bundesanwaltschaft hat die Strafuntersuchung in Zusammenhang mit Vergaben im Bereich von IT-Projekten im Bundesamt f\u00fcr Umwelt (BAFU) abgeschlossen und klagt sechs Personen beim Bundesstrafgericht in Bellinzona an.","_yoast_wpseo_opengraph-title":"Bestechung im BAFU: Anklage","enclosure":null,"_yoast_wpseo_twitter-title":null,"_yoast_wpseo_twitter-description":null,"_yoast_wpseo_twitter-image":null,"_wp_old_slug":null,"_yoast_wpseo_title":null,"_yoast_wpseo_canonical":null,"yoast_head":"<!-- This site is optimized with the Yoast SEO plugin v27.5 - https:\/\/yoast.com\/product\/yoast-seo-wordpress\/ -->\n<title>Bestechung im BAFU: Anklage - Save<\/title>\n<meta name=\"description\" content=\"Die Bundesanwaltschaft hat die Strafuntersuchung in Zusammenhang mit Vergaben von IT-Projekten im Bundesamt f\u00fcr Umwelt abgeschlossen und klagt 6 Personen an\" \/>\n<meta name=\"robots\" content=\"index, follow, max-snippet:-1, max-image-preview:large, max-video-preview:-1\" \/>\n<link rel=\"canonical\" href=\"https:\/\/news.save.ch\/it\/bestechung-im-bafu-anklage\/\" \/>\n<meta property=\"og:locale\" content=\"it_IT\" \/>\n<meta property=\"og:type\" content=\"article\" \/>\n<meta property=\"og:title\" content=\"Bestechung im BAFU: Anklage\" \/>\n<meta property=\"og:description\" content=\"Die Bundesanwaltschaft hat die Strafuntersuchung in Zusammenhang mit Vergaben im Bereich von IT-Projekten im Bundesamt f\u00fcr Umwelt (BAFU) abgeschlossen und klagt sechs Personen beim Bundesstrafgericht in Bellinzona an.\" \/>\n<meta property=\"og:url\" content=\"https:\/\/news.save.ch\/it\/bestechung-im-bafu-anklage\/\" \/>\n<meta property=\"og:site_name\" content=\"Save\" \/>\n<meta property=\"article:published_time\" content=\"2016-01-26T15:40:28+00:00\" \/>\n<meta property=\"og:image\" content=\"https:\/\/news.save.ch\/wp-content\/uploads\/2016\/12\/Bestechung-im-BAFU-Anklage-sicherheitsforum.jpg\" \/>\n<meta name=\"author\" content=\"admin\" \/>\n<meta name=\"twitter:card\" content=\"summary_large_image\" \/>\n<meta name=\"twitter:label1\" content=\"Scritto da\" \/>\n\t<meta name=\"twitter:data1\" content=\"admin\" \/>\n\t<meta name=\"twitter:label2\" content=\"Tempo di lettura stimato\" \/>\n\t<meta name=\"twitter:data2\" content=\"2 minuti\" \/>\n<script type=\"application\/ld+json\" class=\"yoast-schema-graph\">{\"@context\":\"https:\\\/\\\/schema.org\",\"@graph\":[{\"@type\":\"Article\",\"@id\":\"https:\\\/\\\/news.save.ch\\\/bestechung-im-bafu-anklage\\\/#article\",\"isPartOf\":{\"@id\":\"https:\\\/\\\/news.save.ch\\\/bestechung-im-bafu-anklage\\\/\"},\"author\":{\"name\":\"admin\",\"@id\":\"https:\\\/\\\/news.save.ch\\\/de\\\/#\\\/schema\\\/person\\\/d49e199490bad7c70d64b9ab51142f2b\"},\"headline\":\"Bestechung im BAFU: Anklage\",\"datePublished\":\"2016-01-26T15:40:28+00:00\",\"mainEntityOfPage\":{\"@id\":\"https:\\\/\\\/news.save.ch\\\/bestechung-im-bafu-anklage\\\/\"},\"wordCount\":473,\"commentCount\":0,\"publisher\":{\"@id\":\"https:\\\/\\\/news.save.ch\\\/de\\\/#organization\"},\"image\":{\"@id\":\"https:\\\/\\\/news.save.ch\\\/bestechung-im-bafu-anklage\\\/#primaryimage\"},\"thumbnailUrl\":\"https:\\\/\\\/news.save.ch\\\/wp-content\\\/uploads\\\/2016\\\/12\\\/Bestechung-im-BAFU-Anklage-sicherheitsforum.jpg\",\"keywords\":[\"Justiz &amp; Polizei\",\"Korruption\",\"Kriminalit\u00e4t\",\"Whistleblowing\"],\"articleSection\":[\"ALLGEMEIN\"],\"inLanguage\":\"it-IT\"},{\"@type\":\"WebPage\",\"@id\":\"https:\\\/\\\/news.save.ch\\\/bestechung-im-bafu-anklage\\\/\",\"url\":\"https:\\\/\\\/news.save.ch\\\/bestechung-im-bafu-anklage\\\/\",\"name\":\"Bestechung im BAFU: Anklage - Save\",\"isPartOf\":{\"@id\":\"https:\\\/\\\/news.save.ch\\\/de\\\/#website\"},\"primaryImageOfPage\":{\"@id\":\"https:\\\/\\\/news.save.ch\\\/bestechung-im-bafu-anklage\\\/#primaryimage\"},\"image\":{\"@id\":\"https:\\\/\\\/news.save.ch\\\/bestechung-im-bafu-anklage\\\/#primaryimage\"},\"thumbnailUrl\":\"https:\\\/\\\/news.save.ch\\\/wp-content\\\/uploads\\\/2016\\\/12\\\/Bestechung-im-BAFU-Anklage-sicherheitsforum.jpg\",\"datePublished\":\"2016-01-26T15:40:28+00:00\",\"description\":\"Die Bundesanwaltschaft hat die Strafuntersuchung in Zusammenhang mit Vergaben von IT-Projekten im Bundesamt f\u00fcr Umwelt abgeschlossen und klagt 6 Personen an\",\"breadcrumb\":{\"@id\":\"https:\\\/\\\/news.save.ch\\\/bestechung-im-bafu-anklage\\\/#breadcrumb\"},\"inLanguage\":\"it-IT\",\"potentialAction\":[{\"@type\":\"ReadAction\",\"target\":[\"https:\\\/\\\/news.save.ch\\\/bestechung-im-bafu-anklage\\\/\"]}]},{\"@type\":\"ImageObject\",\"inLanguage\":\"it-IT\",\"@id\":\"https:\\\/\\\/news.save.ch\\\/bestechung-im-bafu-anklage\\\/#primaryimage\",\"url\":\"https:\\\/\\\/news.save.ch\\\/wp-content\\\/uploads\\\/2016\\\/12\\\/Bestechung-im-BAFU-Anklage-sicherheitsforum.jpg\",\"contentUrl\":\"https:\\\/\\\/news.save.ch\\\/wp-content\\\/uploads\\\/2016\\\/12\\\/Bestechung-im-BAFU-Anklage-sicherheitsforum.jpg\",\"width\":403,\"height\":417},{\"@type\":\"BreadcrumbList\",\"@id\":\"https:\\\/\\\/news.save.ch\\\/bestechung-im-bafu-anklage\\\/#breadcrumb\",\"itemListElement\":[{\"@type\":\"ListItem\",\"position\":1,\"name\":\"Home\",\"item\":\"https:\\\/\\\/news.save.ch\\\/de\\\/\"},{\"@type\":\"ListItem\",\"position\":2,\"name\":\"Bestechung im BAFU: Anklage\"}]},{\"@type\":\"WebSite\",\"@id\":\"https:\\\/\\\/news.save.ch\\\/de\\\/#website\",\"url\":\"https:\\\/\\\/news.save.ch\\\/de\\\/\",\"name\":\"Save\",\"description\":\"Schweizer Fachzeitschrift f\u00fcr Sicherheit\",\"publisher\":{\"@id\":\"https:\\\/\\\/news.save.ch\\\/de\\\/#organization\"},\"potentialAction\":[{\"@type\":\"SearchAction\",\"target\":{\"@type\":\"EntryPoint\",\"urlTemplate\":\"https:\\\/\\\/news.save.ch\\\/de\\\/?s={search_term_string}\"},\"query-input\":{\"@type\":\"PropertyValueSpecification\",\"valueRequired\":true,\"valueName\":\"search_term_string\"}}],\"inLanguage\":\"it-IT\"},{\"@type\":\"Organization\",\"@id\":\"https:\\\/\\\/news.save.ch\\\/de\\\/#organization\",\"name\":\"Sicherheitsforum\",\"url\":\"https:\\\/\\\/news.save.ch\\\/de\\\/\",\"logo\":{\"@type\":\"ImageObject\",\"inLanguage\":\"it-IT\",\"@id\":\"https:\\\/\\\/news.save.ch\\\/de\\\/#\\\/schema\\\/logo\\\/image\\\/\",\"url\":\"https:\\\/\\\/news.save.ch\\\/wp-content\\\/uploads\\\/2022\\\/06\\\/Logo_SF_2012.png\",\"contentUrl\":\"https:\\\/\\\/news.save.ch\\\/wp-content\\\/uploads\\\/2022\\\/06\\\/Logo_SF_2012.png\",\"width\":1100,\"height\":91,\"caption\":\"Sicherheitsforum\"},\"image\":{\"@id\":\"https:\\\/\\\/news.save.ch\\\/de\\\/#\\\/schema\\\/logo\\\/image\\\/\"}},{\"@type\":\"Person\",\"@id\":\"https:\\\/\\\/news.save.ch\\\/de\\\/#\\\/schema\\\/person\\\/d49e199490bad7c70d64b9ab51142f2b\",\"name\":\"admin\",\"image\":{\"@type\":\"ImageObject\",\"inLanguage\":\"it-IT\",\"@id\":\"https:\\\/\\\/secure.gravatar.com\\\/avatar\\\/ae2f4d718e6c49043e314ce431e7e645d646302a24a5ef5a8bc8e3f5a032e319?s=96&d=mm&r=g\",\"url\":\"https:\\\/\\\/secure.gravatar.com\\\/avatar\\\/ae2f4d718e6c49043e314ce431e7e645d646302a24a5ef5a8bc8e3f5a032e319?s=96&d=mm&r=g\",\"contentUrl\":\"https:\\\/\\\/secure.gravatar.com\\\/avatar\\\/ae2f4d718e6c49043e314ce431e7e645d646302a24a5ef5a8bc8e3f5a032e319?s=96&d=mm&r=g\",\"caption\":\"admin\"},\"sameAs\":[\"https:\\\/\\\/develop.organisator.galledia.ch\"],\"url\":\"https:\\\/\\\/news.save.ch\\\/it\\\/author\\\/admin\\\/\"}]}<\/script>\n<!-- \/ Yoast SEO plugin. -->","yoast_head_json":{"title":"Corruzione all'UFAM: rinvio a giudizio - Save","description":"Il Ministero pubblico della Confederazione ha concluso l'indagine penale relativa all'aggiudicazione di progetti informatici presso l'Ufficio federale dell'ambiente e ha accusato 6 persone di","robots":{"index":"index","follow":"follow","max-snippet":"max-snippet:-1","max-image-preview":"max-image-preview:large","max-video-preview":"max-video-preview:-1"},"canonical":"https:\/\/news.save.ch\/it\/bestechung-im-bafu-anklage\/","og_locale":"it_IT","og_type":"article","og_title":"Bestechung im BAFU: Anklage","og_description":"Die Bundesanwaltschaft hat die Strafuntersuchung in Zusammenhang mit Vergaben im Bereich von IT-Projekten im Bundesamt f\u00fcr Umwelt (BAFU) abgeschlossen und klagt sechs Personen beim Bundesstrafgericht in Bellinzona an.","og_url":"https:\/\/news.save.ch\/it\/bestechung-im-bafu-anklage\/","og_site_name":"Save","article_published_time":"2016-01-26T15:40:28+00:00","og_image":[{"url":"https:\/\/news.save.ch\/wp-content\/uploads\/2016\/12\/Bestechung-im-BAFU-Anklage-sicherheitsforum.jpg","type":"","width":"","height":""}],"author":"admin","twitter_card":"summary_large_image","twitter_misc":{"Scritto da":"admin","Tempo di lettura stimato":"2 minuti"},"schema":{"@context":"https:\/\/schema.org","@graph":[{"@type":"Article","@id":"https:\/\/news.save.ch\/bestechung-im-bafu-anklage\/#article","isPartOf":{"@id":"https:\/\/news.save.ch\/bestechung-im-bafu-anklage\/"},"author":{"name":"admin","@id":"https:\/\/news.save.ch\/de\/#\/schema\/person\/d49e199490bad7c70d64b9ab51142f2b"},"headline":"Bestechung im BAFU: Anklage","datePublished":"2016-01-26T15:40:28+00:00","mainEntityOfPage":{"@id":"https:\/\/news.save.ch\/bestechung-im-bafu-anklage\/"},"wordCount":473,"commentCount":0,"publisher":{"@id":"https:\/\/news.save.ch\/de\/#organization"},"image":{"@id":"https:\/\/news.save.ch\/bestechung-im-bafu-anklage\/#primaryimage"},"thumbnailUrl":"https:\/\/news.save.ch\/wp-content\/uploads\/2016\/12\/Bestechung-im-BAFU-Anklage-sicherheitsforum.jpg","keywords":["Justiz &amp; Polizei","Korruption","Kriminalit\u00e4t","Whistleblowing"],"articleSection":["ALLGEMEIN"],"inLanguage":"it-IT"},{"@type":"WebPage","@id":"https:\/\/news.save.ch\/bestechung-im-bafu-anklage\/","url":"https:\/\/news.save.ch\/bestechung-im-bafu-anklage\/","name":"Corruzione all'UFAM: rinvio a giudizio - Save","isPartOf":{"@id":"https:\/\/news.save.ch\/de\/#website"},"primaryImageOfPage":{"@id":"https:\/\/news.save.ch\/bestechung-im-bafu-anklage\/#primaryimage"},"image":{"@id":"https:\/\/news.save.ch\/bestechung-im-bafu-anklage\/#primaryimage"},"thumbnailUrl":"https:\/\/news.save.ch\/wp-content\/uploads\/2016\/12\/Bestechung-im-BAFU-Anklage-sicherheitsforum.jpg","datePublished":"2016-01-26T15:40:28+00:00","description":"Il Ministero pubblico della Confederazione ha concluso l'indagine penale relativa all'aggiudicazione di progetti informatici presso l'Ufficio federale dell'ambiente e ha accusato 6 persone di","breadcrumb":{"@id":"https:\/\/news.save.ch\/bestechung-im-bafu-anklage\/#breadcrumb"},"inLanguage":"it-IT","potentialAction":[{"@type":"ReadAction","target":["https:\/\/news.save.ch\/bestechung-im-bafu-anklage\/"]}]},{"@type":"ImageObject","inLanguage":"it-IT","@id":"https:\/\/news.save.ch\/bestechung-im-bafu-anklage\/#primaryimage","url":"https:\/\/news.save.ch\/wp-content\/uploads\/2016\/12\/Bestechung-im-BAFU-Anklage-sicherheitsforum.jpg","contentUrl":"https:\/\/news.save.ch\/wp-content\/uploads\/2016\/12\/Bestechung-im-BAFU-Anklage-sicherheitsforum.jpg","width":403,"height":417},{"@type":"BreadcrumbList","@id":"https:\/\/news.save.ch\/bestechung-im-bafu-anklage\/#breadcrumb","itemListElement":[{"@type":"ListItem","position":1,"name":"Home","item":"https:\/\/news.save.ch\/de\/"},{"@type":"ListItem","position":2,"name":"Bestechung im BAFU: Anklage"}]},{"@type":"WebSite","@id":"https:\/\/news.save.ch\/de\/#website","url":"https:\/\/news.save.ch\/de\/","name":"Risparmiare","description":"Rivista svizzera specializzata in sicurezza","publisher":{"@id":"https:\/\/news.save.ch\/de\/#organization"},"potentialAction":[{"@type":"SearchAction","target":{"@type":"EntryPoint","urlTemplate":"https:\/\/news.save.ch\/de\/?s={search_term_string}"},"query-input":{"@type":"PropertyValueSpecification","valueRequired":true,"valueName":"search_term_string"}}],"inLanguage":"it-IT"},{"@type":"Organization","@id":"https:\/\/news.save.ch\/de\/#organization","name":"Forum sulla sicurezza","url":"https:\/\/news.save.ch\/de\/","logo":{"@type":"ImageObject","inLanguage":"it-IT","@id":"https:\/\/news.save.ch\/de\/#\/schema\/logo\/image\/","url":"https:\/\/news.save.ch\/wp-content\/uploads\/2022\/06\/Logo_SF_2012.png","contentUrl":"https:\/\/news.save.ch\/wp-content\/uploads\/2022\/06\/Logo_SF_2012.png","width":1100,"height":91,"caption":"Sicherheitsforum"},"image":{"@id":"https:\/\/news.save.ch\/de\/#\/schema\/logo\/image\/"}},{"@type":"Person","@id":"https:\/\/news.save.ch\/de\/#\/schema\/person\/d49e199490bad7c70d64b9ab51142f2b","name":"amministratore","image":{"@type":"ImageObject","inLanguage":"it-IT","@id":"https:\/\/secure.gravatar.com\/avatar\/ae2f4d718e6c49043e314ce431e7e645d646302a24a5ef5a8bc8e3f5a032e319?s=96&d=mm&r=g","url":"https:\/\/secure.gravatar.com\/avatar\/ae2f4d718e6c49043e314ce431e7e645d646302a24a5ef5a8bc8e3f5a032e319?s=96&d=mm&r=g","contentUrl":"https:\/\/secure.gravatar.com\/avatar\/ae2f4d718e6c49043e314ce431e7e645d646302a24a5ef5a8bc8e3f5a032e319?s=96&d=mm&r=g","caption":"admin"},"sameAs":["https:\/\/develop.organisator.galledia.ch"],"url":"https:\/\/news.save.ch\/it\/author\/admin\/"}]}},"_links":{"self":[{"href":"https:\/\/news.save.ch\/it\/wp-json\/wp\/v2\/posts\/2178","targetHints":{"allow":["GET"]}}],"collection":[{"href":"https:\/\/news.save.ch\/it\/wp-json\/wp\/v2\/posts"}],"about":[{"href":"https:\/\/news.save.ch\/it\/wp-json\/wp\/v2\/types\/post"}],"author":[{"embeddable":true,"href":"https:\/\/news.save.ch\/it\/wp-json\/wp\/v2\/users\/1"}],"replies":[{"embeddable":true,"href":"https:\/\/news.save.ch\/it\/wp-json\/wp\/v2\/comments?post=2178"}],"version-history":[{"count":0,"href":"https:\/\/news.save.ch\/it\/wp-json\/wp\/v2\/posts\/2178\/revisions"}],"wp:featuredmedia":[{"embeddable":true,"href":"https:\/\/news.save.ch\/it\/wp-json\/wp\/v2\/media\/2179"}],"wp:attachment":[{"href":"https:\/\/news.save.ch\/it\/wp-json\/wp\/v2\/media?parent=2178"}],"wp:term":[{"taxonomy":"category","embeddable":true,"href":"https:\/\/news.save.ch\/it\/wp-json\/wp\/v2\/categories?post=2178"},{"taxonomy":"post_tag","embeddable":true,"href":"https:\/\/news.save.ch\/it\/wp-json\/wp\/v2\/tags?post=2178"}],"curies":[{"name":"wp","href":"https:\/\/api.w.org\/{rel}","templated":true}]}}