{"id":21913,"date":"2023-08-22T09:30:06","date_gmt":"2023-08-22T07:30:06","guid":{"rendered":"https:\/\/news.save.ch\/?p=21913"},"modified":"2023-08-22T13:06:09","modified_gmt":"2023-08-22T11:06:09","slug":"schweizer-arbeitsbedingungen-und-gesundheit-im-europaeischen-vergleich","status":null,"type":"post","link":"https:\/\/news.save.ch\/it\/schweizer-arbeitsbedingungen-und-gesundheit-im-europaeischen-vergleich\/","title":{"rendered":"Condizioni di lavoro e salute in Svizzera nel confronto europeo"},"content":{"rendered":"<p><img loading=\"lazy\" decoding=\"async\" class=\"size-medium wp-image-21926 alignleft\" src=\"https:\/\/news.save.ch\/wp-content\/uploads\/2023\/08\/Grafik-def-Screenshot-2023-08-22-130035-680x416.jpg\" alt=\"\" width=\"680\" height=\"416\" srcset=\"https:\/\/news.save.ch\/wp-content\/uploads\/2023\/08\/Grafik-def-Screenshot-2023-08-22-130035-680x416.jpg 680w, https:\/\/news.save.ch\/wp-content\/uploads\/2023\/08\/Grafik-def-Screenshot-2023-08-22-130035-18x12.jpg 18w, https:\/\/news.save.ch\/wp-content\/uploads\/2023\/08\/Grafik-def-Screenshot-2023-08-22-130035-375x230.jpg 375w, https:\/\/news.save.ch\/wp-content\/uploads\/2023\/08\/Grafik-def-Screenshot-2023-08-22-130035-572x350.jpg 572w, https:\/\/news.save.ch\/wp-content\/uploads\/2023\/08\/Grafik-def-Screenshot-2023-08-22-130035.jpg 722w\" sizes=\"auto, (max-width: 680px) 100vw, 680px\" \/><\/p>\n<p>La Segreteria di Stato dell'economia (Seco), in collaborazione con la Commissione federale di coordinamento per la sicurezza sul lavoro (UCOS), ha partecipato per la terza volta all'indagine europea sulle condizioni di lavoro 2021. Nel confronto europeo, il numero di dipendenti svizzeri che dichiarano che la loro salute o la loro sicurezza sono messe in pericolo dal lavoro \u00e8 significativamente inferiore (23% rispetto all'Europa: 34%), come scrive il Seco. Anche la percentuale di dipendenti con disturbi di salute come dolori muscolari alle spalle, mal di schiena e mal di testa \u00e8 pi\u00f9 bassa in Svizzera (37%) rispetto all'Europa, dove il 46% dei dipendenti riferisce tre o pi\u00f9 disturbi di salute. Nonostante la buona posizione di partenza, la Svizzera deve affrontare sfide particolari nel campo della tutela della salute sul posto di lavoro, sottolinea Seco.<\/p>\n<h3>Natura dei carichi<\/h3>\n<p>Le sollecitazioni sul sistema muscoloscheletrico e l'elevata intensit\u00e0 del lavoro sono le pi\u00f9 comuni in Svizzera e in Europa. In Svizzera, il 59% dei dipendenti \u00e8 stato colpito da un ritmo di lavoro relativamente elevato (Europa: 49%). D'altro canto, la percentuale di dipendenti svizzeri che subiscono sollecitazioni all'apparato muscolo-scheletrico \u00e8 inferiore, pari al 55% (Europa: 66%). Inoltre, in Svizzera, i dipendenti lavorano pi\u00f9 spesso nel tempo libero per soddisfare le esigenze del loro lavoro (36% contro 29% in Europa).<\/p>\n<h3>I fattori di sollievo fanno la differenza in Svizzera<\/h3>\n<p>Secondo il Seco, un punto di forza del mercato del lavoro svizzero \u00e8 la libert\u00e0 decisionale individuale significativamente pi\u00f9 elevata (57% rispetto all'Europa: 48%), le buone opportunit\u00e0 di carriera (59% rispetto all'Europa: 50%) nonch\u00e9 la partecipazione e la codeterminazione sul posto di lavoro (65% rispetto all'Europa: 57%). Inoltre, secondo il comunicato stampa, la stragrande maggioranza dei dipendenti in Svizzera e in Europa pu\u00f2 contare sul sostegno dei superiori (71% contro 69% in Europa) e soprattutto dei colleghi (80% contro 79% in Europa).<\/p>\n<h3>Evitare lo squilibrio<\/h3>\n<p>Il 27% dei lavoratori in Svizzera ha dichiarato che nel 2021 il numero di oneri superer\u00e0 il numero di sgravi. Questo dato \u00e8 inferiore alla media europea (31%). Secondo il comunicato stampa, le situazioni lavorative che presentano uno squilibrio tra fattori stressanti e risorse possono mettere a rischio la salute a lungo termine.<\/p>\n<p><img loading=\"lazy\" decoding=\"async\" class=\"alignnone size-medium wp-image-21924\" src=\"https:\/\/news.save.ch\/wp-content\/uploads\/2023\/08\/Screenshot-2023-08-22-125527-680x453.png\" alt=\"\" width=\"680\" height=\"453\" srcset=\"https:\/\/news.save.ch\/wp-content\/uploads\/2023\/08\/Screenshot-2023-08-22-125527-680x453.png 680w, https:\/\/news.save.ch\/wp-content\/uploads\/2023\/08\/Screenshot-2023-08-22-125527-18x12.png 18w, https:\/\/news.save.ch\/wp-content\/uploads\/2023\/08\/Screenshot-2023-08-22-125527-375x250.png 375w, https:\/\/news.save.ch\/wp-content\/uploads\/2023\/08\/Screenshot-2023-08-22-125527-526x350.png 526w, https:\/\/news.save.ch\/wp-content\/uploads\/2023\/08\/Screenshot-2023-08-22-125527.png 727w\" sizes=\"auto, (max-width: 680px) 100vw, 680px\" \/><\/p>\n<blockquote>\n<h3>Lo studio EWCTS<\/h3>\n<p>Secondo il Seco, nell'ambito dell'indagine europea sulle condizioni di lavoro 2021 sono stati intervistati pi\u00f9 di 71.000 lavoratori di 35 Paesi. Il campione svizzero \u00e8 composto da 1.224 lavoratori ed \u00e8 rappresentativo dell'intera popolazione lavorativa. Secondo il rapporto, a causa della pandemia di Covid 19, \u00e8 stato necessario passare da interviste faccia a faccia a interviste telefoniche. Pertanto, non \u00e8 praticamente possibile fare confronti con le precedenti indagini del 2005 e del 2015. Il monitoraggio dello sviluppo delle condizioni di lavoro e il confronto con i Paesi limitrofi mostrano alle autorit\u00e0 in quali aree si verificano possibili rischi per la salute ed \u00e8 indicato un controllo.<\/p><\/blockquote>","protected":false},"excerpt":{"rendered":"<p>Das Staatssekretariat f\u00fcr Wirtschaft (Seco) hat in Zusammenarbeit mit der Eidgen\u00f6ssische Koordinationskommission f\u00fcr Arbeitssicherheit (EKAS) 2021 zum dritten Mal an der Europ\u00e4ischen Erhebung \u00fcber die Arbeitsbedingungen teilgenommen. Im europ\u00e4ischen Vergleich berichten markant weniger Schweizer Angestellte, dass ihre Gesundheit oder Sicherheit durch die Arbeit gef\u00e4hrdet sei (23% vs. Europa: 34%), wie das Seco schreibt. Auch sei [&hellip;]<\/p>\n","protected":false},"author":8,"featured_media":21915,"comment_status":"closed","ping_status":"closed","sticky":false,"template":"","format":"standard","meta":{"_acf_changed":false,"pgc_sgb_lightbox_settings":"","footnotes":""},"categories":[3314],"tags":[5996],"class_list":["post-21913","post","type-post","status-publish","format-standard","has-post-thumbnail","hentry","category-health-safety","tag-arbeits-und-gesundheitsschutz"],"acf":[],"hkrextid":null,"publication":null,"issue":null,"workflow":null,"startPage":null,"spitzmarke":null,"_posts_by_tag_page_fields":null,"_at_widget":null,"_yoast_wpseo_primary_category":"3314","_yoast_wpseo_focuskw_text_input":null,"_yoast_wpseo_opengraph-image":null,"_yoast_wpseo_opengraph-description":null,"_yoast_wpseo_opengraph-title":null,"enclosure":null,"_yoast_wpseo_twitter-title":null,"_yoast_wpseo_twitter-description":null,"_yoast_wpseo_twitter-image":null,"_wp_old_slug":null,"_yoast_wpseo_title":null,"_yoast_wpseo_canonical":null,"yoast_head":"<!-- This site is optimized with the Yoast SEO plugin v27.5 - https:\/\/yoast.com\/product\/yoast-seo-wordpress\/ -->\n<title>Schweizer Arbeitsbedingungen und Gesundheit im europ\u00e4ischen Vergleich - Save<\/title>\n<meta name=\"description\" content=\"Das SECO hat zusammen mit der EKAS 2021 zum dritten Mal an der Europ\u00e4ischen Erhebung \u00fcber die Arbeitsbedingungen teilgenommen.\" \/>\n<meta name=\"robots\" content=\"index, follow, max-snippet:-1, max-image-preview:large, max-video-preview:-1\" \/>\n<link rel=\"canonical\" href=\"https:\/\/news.save.ch\/it\/schweizer-arbeitsbedingungen-und-gesundheit-im-europaeischen-vergleich\/\" \/>\n<meta property=\"og:locale\" content=\"it_IT\" \/>\n<meta property=\"og:type\" content=\"article\" \/>\n<meta property=\"og:title\" content=\"Schweizer Arbeitsbedingungen und Gesundheit im europ\u00e4ischen Vergleich - Save\" \/>\n<meta property=\"og:description\" content=\"Das SECO hat zusammen mit der EKAS 2021 zum dritten Mal an der Europ\u00e4ischen Erhebung \u00fcber die Arbeitsbedingungen teilgenommen.\" \/>\n<meta property=\"og:url\" content=\"https:\/\/news.save.ch\/it\/schweizer-arbeitsbedingungen-und-gesundheit-im-europaeischen-vergleich\/\" \/>\n<meta property=\"og:site_name\" content=\"Save\" \/>\n<meta property=\"article:published_time\" content=\"2023-08-22T07:30:06+00:00\" \/>\n<meta property=\"article:modified_time\" content=\"2023-08-22T11:06:09+00:00\" \/>\n<meta property=\"og:image\" content=\"https:\/\/news.save.ch\/wp-content\/uploads\/2023\/08\/Depositphotos_36784603_S.jpg\" \/>\n\t<meta property=\"og:image:width\" content=\"999\" \/>\n\t<meta property=\"og:image:height\" content=\"614\" \/>\n\t<meta property=\"og:image:type\" content=\"image\/jpeg\" \/>\n<meta name=\"author\" content=\"Roger Str\u00e4ssle\" \/>\n<meta name=\"twitter:card\" content=\"summary_large_image\" \/>\n<meta name=\"twitter:label1\" content=\"Scritto da\" \/>\n\t<meta name=\"twitter:data1\" content=\"Roger Str\u00e4ssle\" \/>\n\t<meta name=\"twitter:label2\" content=\"Tempo di lettura stimato\" \/>\n\t<meta name=\"twitter:data2\" content=\"3 minuti\" \/>\n<script type=\"application\/ld+json\" class=\"yoast-schema-graph\">{\"@context\":\"https:\\\/\\\/schema.org\",\"@graph\":[{\"@type\":\"Article\",\"@id\":\"https:\\\/\\\/news.save.ch\\\/schweizer-arbeitsbedingungen-und-gesundheit-im-europaeischen-vergleich\\\/#article\",\"isPartOf\":{\"@id\":\"https:\\\/\\\/news.save.ch\\\/schweizer-arbeitsbedingungen-und-gesundheit-im-europaeischen-vergleich\\\/\"},\"author\":{\"name\":\"Roger Str\u00e4ssle\",\"@id\":\"https:\\\/\\\/news.save.ch\\\/de\\\/#\\\/schema\\\/person\\\/d5022db048e0e2b9785c50e5b24da5aa\"},\"headline\":\"Schweizer Arbeitsbedingungen und Gesundheit im europ\u00e4ischen Vergleich\",\"datePublished\":\"2023-08-22T07:30:06+00:00\",\"dateModified\":\"2023-08-22T11:06:09+00:00\",\"mainEntityOfPage\":{\"@id\":\"https:\\\/\\\/news.save.ch\\\/schweizer-arbeitsbedingungen-und-gesundheit-im-europaeischen-vergleich\\\/\"},\"wordCount\":417,\"publisher\":{\"@id\":\"https:\\\/\\\/news.save.ch\\\/de\\\/#organization\"},\"image\":{\"@id\":\"https:\\\/\\\/news.save.ch\\\/schweizer-arbeitsbedingungen-und-gesundheit-im-europaeischen-vergleich\\\/#primaryimage\"},\"thumbnailUrl\":\"https:\\\/\\\/news.save.ch\\\/wp-content\\\/uploads\\\/2023\\\/08\\\/Depositphotos_36784603_S.jpg\",\"keywords\":[\"Arbeits- und Gesundheitsschutz\"],\"articleSection\":[\"HEALTH &amp; SAFETY\"],\"inLanguage\":\"it-IT\"},{\"@type\":\"WebPage\",\"@id\":\"https:\\\/\\\/news.save.ch\\\/schweizer-arbeitsbedingungen-und-gesundheit-im-europaeischen-vergleich\\\/\",\"url\":\"https:\\\/\\\/news.save.ch\\\/schweizer-arbeitsbedingungen-und-gesundheit-im-europaeischen-vergleich\\\/\",\"name\":\"Schweizer Arbeitsbedingungen und Gesundheit im europ\u00e4ischen Vergleich - Save\",\"isPartOf\":{\"@id\":\"https:\\\/\\\/news.save.ch\\\/de\\\/#website\"},\"primaryImageOfPage\":{\"@id\":\"https:\\\/\\\/news.save.ch\\\/schweizer-arbeitsbedingungen-und-gesundheit-im-europaeischen-vergleich\\\/#primaryimage\"},\"image\":{\"@id\":\"https:\\\/\\\/news.save.ch\\\/schweizer-arbeitsbedingungen-und-gesundheit-im-europaeischen-vergleich\\\/#primaryimage\"},\"thumbnailUrl\":\"https:\\\/\\\/news.save.ch\\\/wp-content\\\/uploads\\\/2023\\\/08\\\/Depositphotos_36784603_S.jpg\",\"datePublished\":\"2023-08-22T07:30:06+00:00\",\"dateModified\":\"2023-08-22T11:06:09+00:00\",\"description\":\"Das SECO hat zusammen mit der EKAS 2021 zum dritten Mal an der Europ\u00e4ischen Erhebung \u00fcber die Arbeitsbedingungen teilgenommen.\",\"breadcrumb\":{\"@id\":\"https:\\\/\\\/news.save.ch\\\/schweizer-arbeitsbedingungen-und-gesundheit-im-europaeischen-vergleich\\\/#breadcrumb\"},\"inLanguage\":\"it-IT\",\"potentialAction\":[{\"@type\":\"ReadAction\",\"target\":[\"https:\\\/\\\/news.save.ch\\\/schweizer-arbeitsbedingungen-und-gesundheit-im-europaeischen-vergleich\\\/\"]}]},{\"@type\":\"ImageObject\",\"inLanguage\":\"it-IT\",\"@id\":\"https:\\\/\\\/news.save.ch\\\/schweizer-arbeitsbedingungen-und-gesundheit-im-europaeischen-vergleich\\\/#primaryimage\",\"url\":\"https:\\\/\\\/news.save.ch\\\/wp-content\\\/uploads\\\/2023\\\/08\\\/Depositphotos_36784603_S.jpg\",\"contentUrl\":\"https:\\\/\\\/news.save.ch\\\/wp-content\\\/uploads\\\/2023\\\/08\\\/Depositphotos_36784603_S.jpg\",\"width\":999,\"height\":614,\"caption\":\"Depositphotos, Remains\"},{\"@type\":\"BreadcrumbList\",\"@id\":\"https:\\\/\\\/news.save.ch\\\/schweizer-arbeitsbedingungen-und-gesundheit-im-europaeischen-vergleich\\\/#breadcrumb\",\"itemListElement\":[{\"@type\":\"ListItem\",\"position\":1,\"name\":\"Home\",\"item\":\"https:\\\/\\\/news.save.ch\\\/de\\\/\"},{\"@type\":\"ListItem\",\"position\":2,\"name\":\"Schweizer Arbeitsbedingungen und Gesundheit im europ\u00e4ischen Vergleich\"}]},{\"@type\":\"WebSite\",\"@id\":\"https:\\\/\\\/news.save.ch\\\/de\\\/#website\",\"url\":\"https:\\\/\\\/news.save.ch\\\/de\\\/\",\"name\":\"Save\",\"description\":\"Schweizer Fachzeitschrift f\u00fcr Sicherheit\",\"publisher\":{\"@id\":\"https:\\\/\\\/news.save.ch\\\/de\\\/#organization\"},\"potentialAction\":[{\"@type\":\"SearchAction\",\"target\":{\"@type\":\"EntryPoint\",\"urlTemplate\":\"https:\\\/\\\/news.save.ch\\\/de\\\/?s={search_term_string}\"},\"query-input\":{\"@type\":\"PropertyValueSpecification\",\"valueRequired\":true,\"valueName\":\"search_term_string\"}}],\"inLanguage\":\"it-IT\"},{\"@type\":\"Organization\",\"@id\":\"https:\\\/\\\/news.save.ch\\\/de\\\/#organization\",\"name\":\"Sicherheitsforum\",\"url\":\"https:\\\/\\\/news.save.ch\\\/de\\\/\",\"logo\":{\"@type\":\"ImageObject\",\"inLanguage\":\"it-IT\",\"@id\":\"https:\\\/\\\/news.save.ch\\\/de\\\/#\\\/schema\\\/logo\\\/image\\\/\",\"url\":\"https:\\\/\\\/news.save.ch\\\/wp-content\\\/uploads\\\/2022\\\/06\\\/Logo_SF_2012.png\",\"contentUrl\":\"https:\\\/\\\/news.save.ch\\\/wp-content\\\/uploads\\\/2022\\\/06\\\/Logo_SF_2012.png\",\"width\":1100,\"height\":91,\"caption\":\"Sicherheitsforum\"},\"image\":{\"@id\":\"https:\\\/\\\/news.save.ch\\\/de\\\/#\\\/schema\\\/logo\\\/image\\\/\"}},{\"@type\":\"Person\",\"@id\":\"https:\\\/\\\/news.save.ch\\\/de\\\/#\\\/schema\\\/person\\\/d5022db048e0e2b9785c50e5b24da5aa\",\"name\":\"Roger Str\u00e4ssle\",\"image\":{\"@type\":\"ImageObject\",\"inLanguage\":\"it-IT\",\"@id\":\"https:\\\/\\\/secure.gravatar.com\\\/avatar\\\/862a5569d087de48e5856e32f45d719a03804c891d6deb8d4f71a660e79e4a47?s=96&d=mm&r=g\",\"url\":\"https:\\\/\\\/secure.gravatar.com\\\/avatar\\\/862a5569d087de48e5856e32f45d719a03804c891d6deb8d4f71a660e79e4a47?s=96&d=mm&r=g\",\"contentUrl\":\"https:\\\/\\\/secure.gravatar.com\\\/avatar\\\/862a5569d087de48e5856e32f45d719a03804c891d6deb8d4f71a660e79e4a47?s=96&d=mm&r=g\",\"caption\":\"Roger Str\u00e4ssle\"},\"url\":\"https:\\\/\\\/news.save.ch\\\/it\\\/author\\\/roger-straessle\\\/\"}]}<\/script>\n<!-- \/ Yoast SEO plugin. -->","yoast_head_json":{"title":"Condizioni di lavoro e salute in Svizzera nel confronto europeo - Save","description":"Insieme all'UFCS, la SECO ha partecipato per la terza volta all'Indagine europea sulle condizioni di lavoro nel 2021.","robots":{"index":"index","follow":"follow","max-snippet":"max-snippet:-1","max-image-preview":"max-image-preview:large","max-video-preview":"max-video-preview:-1"},"canonical":"https:\/\/news.save.ch\/it\/schweizer-arbeitsbedingungen-und-gesundheit-im-europaeischen-vergleich\/","og_locale":"it_IT","og_type":"article","og_title":"Schweizer Arbeitsbedingungen und Gesundheit im europ\u00e4ischen Vergleich - Save","og_description":"Das SECO hat zusammen mit der EKAS 2021 zum dritten Mal an der Europ\u00e4ischen Erhebung \u00fcber die Arbeitsbedingungen teilgenommen.","og_url":"https:\/\/news.save.ch\/it\/schweizer-arbeitsbedingungen-und-gesundheit-im-europaeischen-vergleich\/","og_site_name":"Save","article_published_time":"2023-08-22T07:30:06+00:00","article_modified_time":"2023-08-22T11:06:09+00:00","og_image":[{"width":999,"height":614,"url":"https:\/\/news.save.ch\/wp-content\/uploads\/2023\/08\/Depositphotos_36784603_S.jpg","type":"image\/jpeg"}],"author":"Roger Str\u00e4ssle","twitter_card":"summary_large_image","twitter_misc":{"Scritto da":"Roger Str\u00e4ssle","Tempo di lettura stimato":"3 minuti"},"schema":{"@context":"https:\/\/schema.org","@graph":[{"@type":"Article","@id":"https:\/\/news.save.ch\/schweizer-arbeitsbedingungen-und-gesundheit-im-europaeischen-vergleich\/#article","isPartOf":{"@id":"https:\/\/news.save.ch\/schweizer-arbeitsbedingungen-und-gesundheit-im-europaeischen-vergleich\/"},"author":{"name":"Roger Str\u00e4ssle","@id":"https:\/\/news.save.ch\/de\/#\/schema\/person\/d5022db048e0e2b9785c50e5b24da5aa"},"headline":"Schweizer Arbeitsbedingungen und Gesundheit im europ\u00e4ischen Vergleich","datePublished":"2023-08-22T07:30:06+00:00","dateModified":"2023-08-22T11:06:09+00:00","mainEntityOfPage":{"@id":"https:\/\/news.save.ch\/schweizer-arbeitsbedingungen-und-gesundheit-im-europaeischen-vergleich\/"},"wordCount":417,"publisher":{"@id":"https:\/\/news.save.ch\/de\/#organization"},"image":{"@id":"https:\/\/news.save.ch\/schweizer-arbeitsbedingungen-und-gesundheit-im-europaeischen-vergleich\/#primaryimage"},"thumbnailUrl":"https:\/\/news.save.ch\/wp-content\/uploads\/2023\/08\/Depositphotos_36784603_S.jpg","keywords":["Arbeits- und Gesundheitsschutz"],"articleSection":["HEALTH &amp; SAFETY"],"inLanguage":"it-IT"},{"@type":"WebPage","@id":"https:\/\/news.save.ch\/schweizer-arbeitsbedingungen-und-gesundheit-im-europaeischen-vergleich\/","url":"https:\/\/news.save.ch\/schweizer-arbeitsbedingungen-und-gesundheit-im-europaeischen-vergleich\/","name":"Condizioni di lavoro e salute in Svizzera nel confronto europeo - Save","isPartOf":{"@id":"https:\/\/news.save.ch\/de\/#website"},"primaryImageOfPage":{"@id":"https:\/\/news.save.ch\/schweizer-arbeitsbedingungen-und-gesundheit-im-europaeischen-vergleich\/#primaryimage"},"image":{"@id":"https:\/\/news.save.ch\/schweizer-arbeitsbedingungen-und-gesundheit-im-europaeischen-vergleich\/#primaryimage"},"thumbnailUrl":"https:\/\/news.save.ch\/wp-content\/uploads\/2023\/08\/Depositphotos_36784603_S.jpg","datePublished":"2023-08-22T07:30:06+00:00","dateModified":"2023-08-22T11:06:09+00:00","description":"Insieme all'UFCS, la SECO ha partecipato per la terza volta all'Indagine europea sulle condizioni di lavoro nel 2021.","breadcrumb":{"@id":"https:\/\/news.save.ch\/schweizer-arbeitsbedingungen-und-gesundheit-im-europaeischen-vergleich\/#breadcrumb"},"inLanguage":"it-IT","potentialAction":[{"@type":"ReadAction","target":["https:\/\/news.save.ch\/schweizer-arbeitsbedingungen-und-gesundheit-im-europaeischen-vergleich\/"]}]},{"@type":"ImageObject","inLanguage":"it-IT","@id":"https:\/\/news.save.ch\/schweizer-arbeitsbedingungen-und-gesundheit-im-europaeischen-vergleich\/#primaryimage","url":"https:\/\/news.save.ch\/wp-content\/uploads\/2023\/08\/Depositphotos_36784603_S.jpg","contentUrl":"https:\/\/news.save.ch\/wp-content\/uploads\/2023\/08\/Depositphotos_36784603_S.jpg","width":999,"height":614,"caption":"Depositphotos, Remains"},{"@type":"BreadcrumbList","@id":"https:\/\/news.save.ch\/schweizer-arbeitsbedingungen-und-gesundheit-im-europaeischen-vergleich\/#breadcrumb","itemListElement":[{"@type":"ListItem","position":1,"name":"Home","item":"https:\/\/news.save.ch\/de\/"},{"@type":"ListItem","position":2,"name":"Schweizer Arbeitsbedingungen und Gesundheit im europ\u00e4ischen Vergleich"}]},{"@type":"WebSite","@id":"https:\/\/news.save.ch\/de\/#website","url":"https:\/\/news.save.ch\/de\/","name":"Risparmiare","description":"Rivista svizzera specializzata in sicurezza","publisher":{"@id":"https:\/\/news.save.ch\/de\/#organization"},"potentialAction":[{"@type":"SearchAction","target":{"@type":"EntryPoint","urlTemplate":"https:\/\/news.save.ch\/de\/?s={search_term_string}"},"query-input":{"@type":"PropertyValueSpecification","valueRequired":true,"valueName":"search_term_string"}}],"inLanguage":"it-IT"},{"@type":"Organization","@id":"https:\/\/news.save.ch\/de\/#organization","name":"Forum sulla sicurezza","url":"https:\/\/news.save.ch\/de\/","logo":{"@type":"ImageObject","inLanguage":"it-IT","@id":"https:\/\/news.save.ch\/de\/#\/schema\/logo\/image\/","url":"https:\/\/news.save.ch\/wp-content\/uploads\/2022\/06\/Logo_SF_2012.png","contentUrl":"https:\/\/news.save.ch\/wp-content\/uploads\/2022\/06\/Logo_SF_2012.png","width":1100,"height":91,"caption":"Sicherheitsforum"},"image":{"@id":"https:\/\/news.save.ch\/de\/#\/schema\/logo\/image\/"}},{"@type":"Person","@id":"https:\/\/news.save.ch\/de\/#\/schema\/person\/d5022db048e0e2b9785c50e5b24da5aa","name":"Roger Str\u00e4ssle","image":{"@type":"ImageObject","inLanguage":"it-IT","@id":"https:\/\/secure.gravatar.com\/avatar\/862a5569d087de48e5856e32f45d719a03804c891d6deb8d4f71a660e79e4a47?s=96&d=mm&r=g","url":"https:\/\/secure.gravatar.com\/avatar\/862a5569d087de48e5856e32f45d719a03804c891d6deb8d4f71a660e79e4a47?s=96&d=mm&r=g","contentUrl":"https:\/\/secure.gravatar.com\/avatar\/862a5569d087de48e5856e32f45d719a03804c891d6deb8d4f71a660e79e4a47?s=96&d=mm&r=g","caption":"Roger Str\u00e4ssle"},"url":"https:\/\/news.save.ch\/it\/author\/roger-straessle\/"}]}},"_links":{"self":[{"href":"https:\/\/news.save.ch\/it\/wp-json\/wp\/v2\/posts\/21913","targetHints":{"allow":["GET"]}}],"collection":[{"href":"https:\/\/news.save.ch\/it\/wp-json\/wp\/v2\/posts"}],"about":[{"href":"https:\/\/news.save.ch\/it\/wp-json\/wp\/v2\/types\/post"}],"author":[{"embeddable":true,"href":"https:\/\/news.save.ch\/it\/wp-json\/wp\/v2\/users\/8"}],"replies":[{"embeddable":true,"href":"https:\/\/news.save.ch\/it\/wp-json\/wp\/v2\/comments?post=21913"}],"version-history":[{"count":4,"href":"https:\/\/news.save.ch\/it\/wp-json\/wp\/v2\/posts\/21913\/revisions"}],"predecessor-version":[{"id":21927,"href":"https:\/\/news.save.ch\/it\/wp-json\/wp\/v2\/posts\/21913\/revisions\/21927"}],"wp:featuredmedia":[{"embeddable":true,"href":"https:\/\/news.save.ch\/it\/wp-json\/wp\/v2\/media\/21915"}],"wp:attachment":[{"href":"https:\/\/news.save.ch\/it\/wp-json\/wp\/v2\/media?parent=21913"}],"wp:term":[{"taxonomy":"category","embeddable":true,"href":"https:\/\/news.save.ch\/it\/wp-json\/wp\/v2\/categories?post=21913"},{"taxonomy":"post_tag","embeddable":true,"href":"https:\/\/news.save.ch\/it\/wp-json\/wp\/v2\/tags?post=21913"}],"curies":[{"name":"wp","href":"https:\/\/api.w.org\/{rel}","templated":true}]}}