{"id":21984,"date":"2023-09-07T05:00:28","date_gmt":"2023-09-07T03:00:28","guid":{"rendered":"https:\/\/news.save.ch\/?p=21984"},"modified":"2023-09-06T10:48:26","modified_gmt":"2023-09-06T08:48:26","slug":"elektronisches-patientendossier-einen-schritt-weiter","status":null,"type":"post","link":"https:\/\/news.save.ch\/it\/elektronisches-patientendossier-einen-schritt-weiter\/","title":{"rendered":"Cartella clinica digitale: Avviato il finanziamento transitorio"},"content":{"rendered":"<figure id=\"attachment_21985\" aria-describedby=\"caption-attachment-21985\" style=\"width: 680px\" class=\"wp-caption aligncenter\"><img loading=\"lazy\" decoding=\"async\" class=\"size-medium wp-image-21985\" src=\"https:\/\/news.save.ch\/wp-content\/uploads\/2023\/09\/Patientendossier-680x532.jpg\" alt=\"EPD\" width=\"680\" height=\"532\" srcset=\"https:\/\/news.save.ch\/wp-content\/uploads\/2023\/09\/Patientendossier-680x532.jpg 680w, https:\/\/news.save.ch\/wp-content\/uploads\/2023\/09\/Patientendossier-15x12.jpg 15w, https:\/\/news.save.ch\/wp-content\/uploads\/2023\/09\/Patientendossier-375x293.jpg 375w, https:\/\/news.save.ch\/wp-content\/uploads\/2023\/09\/Patientendossier-448x350.jpg 448w, https:\/\/news.save.ch\/wp-content\/uploads\/2023\/09\/Patientendossier.jpg 702w\" sizes=\"auto, (max-width: 680px) 100vw, 680px\" \/><figcaption id=\"caption-attachment-21985\" class=\"wp-caption-text\">Fonte: www.patientendossier.ch<\/figcaption><\/figure>\n<p>Il <a href=\"http:\/\/www.patientendossier.ch\" target=\"_blank\" rel=\"noopener\">dossier elettronico del paziente<\/a> (EPD) \u00e8 uno strumento importante per l'assistenza sanitaria. Secondo l'Ufficio federale della sanit\u00e0 pubblica (UFSP), l'EPD \u00e8 la prima piattaforma uniforme e affidabile in Svizzera per lo scambio di informazioni sanitarie importanti. Secondo l'UFSP, tutte le informazioni rilevanti per il trattamento possono essere archiviate digitalmente in un unico luogo e accessibili in qualsiasi momento dalle persone autorizzate. Ci\u00f2 migliora la qualit\u00e0 e la sicurezza delle cure mediche. Al fine di aumentare ulteriormente i vantaggi per i pazienti e gli operatori sanitari, il Consiglio federale intende sviluppare e migliorare gradualmente la EPD e ha aperto il processo di consultazione per una revisione completa della base giuridica della EPD alla fine di giugno 2023. Secondo il rapporto, questa revisione completa della legge richieder\u00e0 diversi anni. Tuttavia, al fine di accelerare la diffusione della EPD prima di allora, il Consiglio federale sta fornendo finanziamenti transitori per le comunit\u00e0 di genitori, ovvero i fornitori di EPD, in un disegno di legge separato.<\/p>\n<h3><b>Finanziamento transitorio: previsto entro la fine del 2024.<\/b><\/h3>\n<p>Secondo l'UFSP, il periodo che manca all'attuazione della revisione globale \u00e8 una fase critica dal punto di vista finanziario per le comunit\u00e0 di genitori. Il Consiglio federale intende quindi sostenerle con un aiuto finanziario temporaneo da parte della Confederazione, promuovendo cos\u00ec la diffusione dell'EPD. Secondo il comunicato stampa, la Confederazione pu\u00f2 concedere un massimo di 30 franchi per ogni EPD aperta. Questo aiuto finanziario \u00e8 vincolato ad una partecipazione almeno equivalente da parte dei Cantoni. Per incentivare i comuni capofila a diffondere rapidamente l'EPD, il contributo della Confederazione si basa sul numero di cartelle cliniche elettroniche aperte. Secondo il comunicato stampa, i comuni capofila possono richiedere questo aiuto finanziario retroattivamente per tutte le EPD aperte dalla loro entrata in funzione. Per l'aiuto finanziario federale \u00e8 prevista una dotazione di 30 milioni di franchi svizzeri, subordinata alla situazione finanziaria della Confederazione. Il disegno di legge sar\u00e0 ora sottoposto a consultazione parlamentare, in modo da poter entrare in vigore probabilmente alla fine del 2024.<\/p>\n<h3><b>La sicurezza ha la massima priorit\u00e0<\/b><\/h3>\n<p>La protezione e la sicurezza dei dati devono essere garantite per l'EPD. Come sottolinea l'UFSP, all'EPD si applicano gi\u00e0 oggi i pi\u00f9 elevati standard di sicurezza. Questi sono ancorati nella legge e possono quindi essere applicati anche legalmente. Con la revisione della legge, la protezione e la sicurezza dei dati rimarranno garantite ad un livello di sicurezza elevato.<\/p>\n<h3><b>Revisione completa in una seconda fase<\/b><\/h3>\n<p>La revisione completa della legge inviata in consultazione nel giugno 2023 intende chiarire, tra l'altro, la ripartizione dei compiti tra Confederazione e Cantoni e il finanziamento della EPD. In futuro, la Confederazione dovr\u00e0 coordinare e finanziare l'ulteriore sviluppo dell'EPD. Secondo l'UFSP, i Cantoni dovrebbero garantire l'esistenza di almeno una comunit\u00e0 parentale sul loro territorio e assumersi la responsabilit\u00e0 di finanziare il funzionamento di queste comunit\u00e0 parentali.<\/p>\n<p>Secondo la bozza, la revisione globale della legge prevede l'apertura automatica e gratuita di un EPD per tutte le persone che vivono in Svizzera e hanno un'assicurazione sanitaria o militare obbligatoria. Ognuno decider\u00e0 poi autonomamente quali professionisti della salute avranno accesso al dossier. Chi non vuole l'EPD pu\u00f2 presentare un'obiezione al Cantone contro l'apertura dell'EPD.<\/p>\n<p><a href=\"http:\/\/www.bag.admin.ch\/bag\/de\/home\/strategie-und-politik\/nationale-gesundheitsstrategien\/strategie-ehealth-schweiz\/umsetzung-vollzug\/weiterentwicklung-epd.html\"><em>Ulteriori informazioni sull'EPD qui<\/em><\/a><\/p>","protected":false},"excerpt":{"rendered":"<p>Das elektronische Patientendossier (EPD) ist ein wichtiges Instrument der Gesundheitsversorgung. Gem\u00e4ss Bundesamt f\u00fcr Gesundheit (BAG) besteht mit dem EPD in der Schweiz erstmals eine einheitliche, vertrauensw\u00fcrdige Plattform f\u00fcr den Austausch wichtiger Gesundheitsinformationen. Alle behandlungsrelevanten Informationen k\u00f6nnen an einem Ort digital abgelegt und jederzeit von Zugriffsberechtigten abgerufen werden, so das BAG. Das verbessere die Qualit\u00e4t und [&hellip;]<\/p>\n","protected":false},"author":8,"featured_media":21985,"comment_status":"closed","ping_status":"closed","sticky":false,"template":"","format":"standard","meta":{"_acf_changed":false,"pgc_sgb_lightbox_settings":"","footnotes":""},"categories":[1],"tags":[1964],"class_list":["post-21984","post","type-post","status-publish","format-standard","has-post-thumbnail","hentry","category-allgemein","tag-elektronisches-patientendossier"],"acf":[],"hkrextid":null,"publication":null,"issue":null,"workflow":null,"startPage":null,"spitzmarke":null,"_posts_by_tag_page_fields":null,"_at_widget":null,"_yoast_wpseo_primary_category":"","_yoast_wpseo_focuskw_text_input":null,"_yoast_wpseo_opengraph-image":null,"_yoast_wpseo_opengraph-description":null,"_yoast_wpseo_opengraph-title":null,"enclosure":null,"_yoast_wpseo_twitter-title":null,"_yoast_wpseo_twitter-description":null,"_yoast_wpseo_twitter-image":null,"_wp_old_slug":null,"_yoast_wpseo_title":null,"_yoast_wpseo_canonical":null,"yoast_head":"<!-- This site is optimized with the Yoast SEO plugin v27.5 - https:\/\/yoast.com\/product\/yoast-seo-wordpress\/ -->\n<title>Digitale Krankenakte: \u00dcbergangsfinanzierung aufgegleist - Save<\/title>\n<meta name=\"description\" content=\"Der Bundesrat will das E-Patientendossier weiterentwickeln und die Verbreitung vorantreiben. Das erfordert eine umfassende Gesetzesrevision.\" \/>\n<meta name=\"robots\" content=\"index, follow, max-snippet:-1, max-image-preview:large, max-video-preview:-1\" \/>\n<link rel=\"canonical\" href=\"https:\/\/news.save.ch\/it\/elektronisches-patientendossier-einen-schritt-weiter\/\" \/>\n<meta property=\"og:locale\" content=\"it_IT\" \/>\n<meta property=\"og:type\" content=\"article\" \/>\n<meta property=\"og:title\" content=\"Digitale Krankenakte: \u00dcbergangsfinanzierung aufgegleist - Save\" \/>\n<meta property=\"og:description\" content=\"Der Bundesrat will das E-Patientendossier weiterentwickeln und die Verbreitung vorantreiben. Das erfordert eine umfassende Gesetzesrevision.\" \/>\n<meta property=\"og:url\" content=\"https:\/\/news.save.ch\/it\/elektronisches-patientendossier-einen-schritt-weiter\/\" \/>\n<meta property=\"og:site_name\" content=\"Save\" \/>\n<meta property=\"article:published_time\" content=\"2023-09-07T03:00:28+00:00\" \/>\n<meta property=\"og:image\" content=\"https:\/\/news.save.ch\/wp-content\/uploads\/2023\/09\/Patientendossier.jpg\" \/>\n\t<meta property=\"og:image:width\" content=\"702\" \/>\n\t<meta property=\"og:image:height\" content=\"549\" \/>\n\t<meta property=\"og:image:type\" content=\"image\/jpeg\" \/>\n<meta name=\"author\" content=\"Roger Str\u00e4ssle\" \/>\n<meta name=\"twitter:card\" content=\"summary_large_image\" \/>\n<meta name=\"twitter:label1\" content=\"Scritto da\" \/>\n\t<meta name=\"twitter:data1\" content=\"Roger Str\u00e4ssle\" \/>\n\t<meta name=\"twitter:label2\" content=\"Tempo di lettura stimato\" \/>\n\t<meta name=\"twitter:data2\" content=\"3 minuti\" \/>\n<script type=\"application\/ld+json\" class=\"yoast-schema-graph\">{\"@context\":\"https:\\\/\\\/schema.org\",\"@graph\":[{\"@type\":\"Article\",\"@id\":\"https:\\\/\\\/news.save.ch\\\/elektronisches-patientendossier-einen-schritt-weiter\\\/#article\",\"isPartOf\":{\"@id\":\"https:\\\/\\\/news.save.ch\\\/elektronisches-patientendossier-einen-schritt-weiter\\\/\"},\"author\":{\"name\":\"Roger Str\u00e4ssle\",\"@id\":\"https:\\\/\\\/news.save.ch\\\/de\\\/#\\\/schema\\\/person\\\/d5022db048e0e2b9785c50e5b24da5aa\"},\"headline\":\"Digitale Krankenakte: \u00dcbergangsfinanzierung aufgegleist\",\"datePublished\":\"2023-09-07T03:00:28+00:00\",\"mainEntityOfPage\":{\"@id\":\"https:\\\/\\\/news.save.ch\\\/elektronisches-patientendossier-einen-schritt-weiter\\\/\"},\"wordCount\":529,\"publisher\":{\"@id\":\"https:\\\/\\\/news.save.ch\\\/de\\\/#organization\"},\"image\":{\"@id\":\"https:\\\/\\\/news.save.ch\\\/elektronisches-patientendossier-einen-schritt-weiter\\\/#primaryimage\"},\"thumbnailUrl\":\"https:\\\/\\\/news.save.ch\\\/wp-content\\\/uploads\\\/2023\\\/09\\\/Patientendossier.jpg\",\"keywords\":[\"Elektronisches Patientendossier\"],\"articleSection\":[\"ALLGEMEIN\"],\"inLanguage\":\"it-IT\"},{\"@type\":\"WebPage\",\"@id\":\"https:\\\/\\\/news.save.ch\\\/elektronisches-patientendossier-einen-schritt-weiter\\\/\",\"url\":\"https:\\\/\\\/news.save.ch\\\/elektronisches-patientendossier-einen-schritt-weiter\\\/\",\"name\":\"Digitale Krankenakte: \u00dcbergangsfinanzierung aufgegleist - Save\",\"isPartOf\":{\"@id\":\"https:\\\/\\\/news.save.ch\\\/de\\\/#website\"},\"primaryImageOfPage\":{\"@id\":\"https:\\\/\\\/news.save.ch\\\/elektronisches-patientendossier-einen-schritt-weiter\\\/#primaryimage\"},\"image\":{\"@id\":\"https:\\\/\\\/news.save.ch\\\/elektronisches-patientendossier-einen-schritt-weiter\\\/#primaryimage\"},\"thumbnailUrl\":\"https:\\\/\\\/news.save.ch\\\/wp-content\\\/uploads\\\/2023\\\/09\\\/Patientendossier.jpg\",\"datePublished\":\"2023-09-07T03:00:28+00:00\",\"description\":\"Der Bundesrat will das E-Patientendossier weiterentwickeln und die Verbreitung vorantreiben. Das erfordert eine umfassende Gesetzesrevision.\",\"breadcrumb\":{\"@id\":\"https:\\\/\\\/news.save.ch\\\/elektronisches-patientendossier-einen-schritt-weiter\\\/#breadcrumb\"},\"inLanguage\":\"it-IT\",\"potentialAction\":[{\"@type\":\"ReadAction\",\"target\":[\"https:\\\/\\\/news.save.ch\\\/elektronisches-patientendossier-einen-schritt-weiter\\\/\"]}]},{\"@type\":\"ImageObject\",\"inLanguage\":\"it-IT\",\"@id\":\"https:\\\/\\\/news.save.ch\\\/elektronisches-patientendossier-einen-schritt-weiter\\\/#primaryimage\",\"url\":\"https:\\\/\\\/news.save.ch\\\/wp-content\\\/uploads\\\/2023\\\/09\\\/Patientendossier.jpg\",\"contentUrl\":\"https:\\\/\\\/news.save.ch\\\/wp-content\\\/uploads\\\/2023\\\/09\\\/Patientendossier.jpg\",\"width\":702,\"height\":549,\"caption\":\"Quelle: www.patientendossier.ch\"},{\"@type\":\"BreadcrumbList\",\"@id\":\"https:\\\/\\\/news.save.ch\\\/elektronisches-patientendossier-einen-schritt-weiter\\\/#breadcrumb\",\"itemListElement\":[{\"@type\":\"ListItem\",\"position\":1,\"name\":\"Home\",\"item\":\"https:\\\/\\\/news.save.ch\\\/de\\\/\"},{\"@type\":\"ListItem\",\"position\":2,\"name\":\"Digitale Krankenakte: \u00dcbergangsfinanzierung aufgegleist\"}]},{\"@type\":\"WebSite\",\"@id\":\"https:\\\/\\\/news.save.ch\\\/de\\\/#website\",\"url\":\"https:\\\/\\\/news.save.ch\\\/de\\\/\",\"name\":\"Save\",\"description\":\"Schweizer Fachzeitschrift f\u00fcr Sicherheit\",\"publisher\":{\"@id\":\"https:\\\/\\\/news.save.ch\\\/de\\\/#organization\"},\"potentialAction\":[{\"@type\":\"SearchAction\",\"target\":{\"@type\":\"EntryPoint\",\"urlTemplate\":\"https:\\\/\\\/news.save.ch\\\/de\\\/?s={search_term_string}\"},\"query-input\":{\"@type\":\"PropertyValueSpecification\",\"valueRequired\":true,\"valueName\":\"search_term_string\"}}],\"inLanguage\":\"it-IT\"},{\"@type\":\"Organization\",\"@id\":\"https:\\\/\\\/news.save.ch\\\/de\\\/#organization\",\"name\":\"Sicherheitsforum\",\"url\":\"https:\\\/\\\/news.save.ch\\\/de\\\/\",\"logo\":{\"@type\":\"ImageObject\",\"inLanguage\":\"it-IT\",\"@id\":\"https:\\\/\\\/news.save.ch\\\/de\\\/#\\\/schema\\\/logo\\\/image\\\/\",\"url\":\"https:\\\/\\\/news.save.ch\\\/wp-content\\\/uploads\\\/2022\\\/06\\\/Logo_SF_2012.png\",\"contentUrl\":\"https:\\\/\\\/news.save.ch\\\/wp-content\\\/uploads\\\/2022\\\/06\\\/Logo_SF_2012.png\",\"width\":1100,\"height\":91,\"caption\":\"Sicherheitsforum\"},\"image\":{\"@id\":\"https:\\\/\\\/news.save.ch\\\/de\\\/#\\\/schema\\\/logo\\\/image\\\/\"}},{\"@type\":\"Person\",\"@id\":\"https:\\\/\\\/news.save.ch\\\/de\\\/#\\\/schema\\\/person\\\/d5022db048e0e2b9785c50e5b24da5aa\",\"name\":\"Roger Str\u00e4ssle\",\"image\":{\"@type\":\"ImageObject\",\"inLanguage\":\"it-IT\",\"@id\":\"https:\\\/\\\/secure.gravatar.com\\\/avatar\\\/862a5569d087de48e5856e32f45d719a03804c891d6deb8d4f71a660e79e4a47?s=96&d=mm&r=g\",\"url\":\"https:\\\/\\\/secure.gravatar.com\\\/avatar\\\/862a5569d087de48e5856e32f45d719a03804c891d6deb8d4f71a660e79e4a47?s=96&d=mm&r=g\",\"contentUrl\":\"https:\\\/\\\/secure.gravatar.com\\\/avatar\\\/862a5569d087de48e5856e32f45d719a03804c891d6deb8d4f71a660e79e4a47?s=96&d=mm&r=g\",\"caption\":\"Roger Str\u00e4ssle\"},\"url\":\"https:\\\/\\\/news.save.ch\\\/it\\\/author\\\/roger-straessle\\\/\"}]}<\/script>\n<!-- \/ Yoast SEO plugin. -->","yoast_head_json":{"title":"Cartella clinica digitale: Avviato il finanziamento transitorio - Save","description":"Il Consiglio federale intende sviluppare ulteriormente il fascicolo elettronico del paziente e promuoverne la diffusione. Ci\u00f2 richiede una revisione completa della legge.","robots":{"index":"index","follow":"follow","max-snippet":"max-snippet:-1","max-image-preview":"max-image-preview:large","max-video-preview":"max-video-preview:-1"},"canonical":"https:\/\/news.save.ch\/it\/elektronisches-patientendossier-einen-schritt-weiter\/","og_locale":"it_IT","og_type":"article","og_title":"Digitale Krankenakte: \u00dcbergangsfinanzierung aufgegleist - Save","og_description":"Der Bundesrat will das E-Patientendossier weiterentwickeln und die Verbreitung vorantreiben. Das erfordert eine umfassende Gesetzesrevision.","og_url":"https:\/\/news.save.ch\/it\/elektronisches-patientendossier-einen-schritt-weiter\/","og_site_name":"Save","article_published_time":"2023-09-07T03:00:28+00:00","og_image":[{"width":702,"height":549,"url":"https:\/\/news.save.ch\/wp-content\/uploads\/2023\/09\/Patientendossier.jpg","type":"image\/jpeg"}],"author":"Roger Str\u00e4ssle","twitter_card":"summary_large_image","twitter_misc":{"Scritto da":"Roger Str\u00e4ssle","Tempo di lettura stimato":"3 minuti"},"schema":{"@context":"https:\/\/schema.org","@graph":[{"@type":"Article","@id":"https:\/\/news.save.ch\/elektronisches-patientendossier-einen-schritt-weiter\/#article","isPartOf":{"@id":"https:\/\/news.save.ch\/elektronisches-patientendossier-einen-schritt-weiter\/"},"author":{"name":"Roger Str\u00e4ssle","@id":"https:\/\/news.save.ch\/de\/#\/schema\/person\/d5022db048e0e2b9785c50e5b24da5aa"},"headline":"Digitale Krankenakte: \u00dcbergangsfinanzierung aufgegleist","datePublished":"2023-09-07T03:00:28+00:00","mainEntityOfPage":{"@id":"https:\/\/news.save.ch\/elektronisches-patientendossier-einen-schritt-weiter\/"},"wordCount":529,"publisher":{"@id":"https:\/\/news.save.ch\/de\/#organization"},"image":{"@id":"https:\/\/news.save.ch\/elektronisches-patientendossier-einen-schritt-weiter\/#primaryimage"},"thumbnailUrl":"https:\/\/news.save.ch\/wp-content\/uploads\/2023\/09\/Patientendossier.jpg","keywords":["Elektronisches Patientendossier"],"articleSection":["ALLGEMEIN"],"inLanguage":"it-IT"},{"@type":"WebPage","@id":"https:\/\/news.save.ch\/elektronisches-patientendossier-einen-schritt-weiter\/","url":"https:\/\/news.save.ch\/elektronisches-patientendossier-einen-schritt-weiter\/","name":"Cartella clinica digitale: Avviato il finanziamento transitorio - Save","isPartOf":{"@id":"https:\/\/news.save.ch\/de\/#website"},"primaryImageOfPage":{"@id":"https:\/\/news.save.ch\/elektronisches-patientendossier-einen-schritt-weiter\/#primaryimage"},"image":{"@id":"https:\/\/news.save.ch\/elektronisches-patientendossier-einen-schritt-weiter\/#primaryimage"},"thumbnailUrl":"https:\/\/news.save.ch\/wp-content\/uploads\/2023\/09\/Patientendossier.jpg","datePublished":"2023-09-07T03:00:28+00:00","description":"Il Consiglio federale intende sviluppare ulteriormente il fascicolo elettronico del paziente e promuoverne la diffusione. Ci\u00f2 richiede una revisione completa della legge.","breadcrumb":{"@id":"https:\/\/news.save.ch\/elektronisches-patientendossier-einen-schritt-weiter\/#breadcrumb"},"inLanguage":"it-IT","potentialAction":[{"@type":"ReadAction","target":["https:\/\/news.save.ch\/elektronisches-patientendossier-einen-schritt-weiter\/"]}]},{"@type":"ImageObject","inLanguage":"it-IT","@id":"https:\/\/news.save.ch\/elektronisches-patientendossier-einen-schritt-weiter\/#primaryimage","url":"https:\/\/news.save.ch\/wp-content\/uploads\/2023\/09\/Patientendossier.jpg","contentUrl":"https:\/\/news.save.ch\/wp-content\/uploads\/2023\/09\/Patientendossier.jpg","width":702,"height":549,"caption":"Quelle: www.patientendossier.ch"},{"@type":"BreadcrumbList","@id":"https:\/\/news.save.ch\/elektronisches-patientendossier-einen-schritt-weiter\/#breadcrumb","itemListElement":[{"@type":"ListItem","position":1,"name":"Home","item":"https:\/\/news.save.ch\/de\/"},{"@type":"ListItem","position":2,"name":"Digitale Krankenakte: \u00dcbergangsfinanzierung aufgegleist"}]},{"@type":"WebSite","@id":"https:\/\/news.save.ch\/de\/#website","url":"https:\/\/news.save.ch\/de\/","name":"Risparmiare","description":"Rivista svizzera specializzata in sicurezza","publisher":{"@id":"https:\/\/news.save.ch\/de\/#organization"},"potentialAction":[{"@type":"SearchAction","target":{"@type":"EntryPoint","urlTemplate":"https:\/\/news.save.ch\/de\/?s={search_term_string}"},"query-input":{"@type":"PropertyValueSpecification","valueRequired":true,"valueName":"search_term_string"}}],"inLanguage":"it-IT"},{"@type":"Organization","@id":"https:\/\/news.save.ch\/de\/#organization","name":"Forum sulla sicurezza","url":"https:\/\/news.save.ch\/de\/","logo":{"@type":"ImageObject","inLanguage":"it-IT","@id":"https:\/\/news.save.ch\/de\/#\/schema\/logo\/image\/","url":"https:\/\/news.save.ch\/wp-content\/uploads\/2022\/06\/Logo_SF_2012.png","contentUrl":"https:\/\/news.save.ch\/wp-content\/uploads\/2022\/06\/Logo_SF_2012.png","width":1100,"height":91,"caption":"Sicherheitsforum"},"image":{"@id":"https:\/\/news.save.ch\/de\/#\/schema\/logo\/image\/"}},{"@type":"Person","@id":"https:\/\/news.save.ch\/de\/#\/schema\/person\/d5022db048e0e2b9785c50e5b24da5aa","name":"Roger Str\u00e4ssle","image":{"@type":"ImageObject","inLanguage":"it-IT","@id":"https:\/\/secure.gravatar.com\/avatar\/862a5569d087de48e5856e32f45d719a03804c891d6deb8d4f71a660e79e4a47?s=96&d=mm&r=g","url":"https:\/\/secure.gravatar.com\/avatar\/862a5569d087de48e5856e32f45d719a03804c891d6deb8d4f71a660e79e4a47?s=96&d=mm&r=g","contentUrl":"https:\/\/secure.gravatar.com\/avatar\/862a5569d087de48e5856e32f45d719a03804c891d6deb8d4f71a660e79e4a47?s=96&d=mm&r=g","caption":"Roger Str\u00e4ssle"},"url":"https:\/\/news.save.ch\/it\/author\/roger-straessle\/"}]}},"_links":{"self":[{"href":"https:\/\/news.save.ch\/it\/wp-json\/wp\/v2\/posts\/21984","targetHints":{"allow":["GET"]}}],"collection":[{"href":"https:\/\/news.save.ch\/it\/wp-json\/wp\/v2\/posts"}],"about":[{"href":"https:\/\/news.save.ch\/it\/wp-json\/wp\/v2\/types\/post"}],"author":[{"embeddable":true,"href":"https:\/\/news.save.ch\/it\/wp-json\/wp\/v2\/users\/8"}],"replies":[{"embeddable":true,"href":"https:\/\/news.save.ch\/it\/wp-json\/wp\/v2\/comments?post=21984"}],"version-history":[{"count":4,"href":"https:\/\/news.save.ch\/it\/wp-json\/wp\/v2\/posts\/21984\/revisions"}],"predecessor-version":[{"id":21987,"href":"https:\/\/news.save.ch\/it\/wp-json\/wp\/v2\/posts\/21984\/revisions\/21987"}],"wp:featuredmedia":[{"embeddable":true,"href":"https:\/\/news.save.ch\/it\/wp-json\/wp\/v2\/media\/21985"}],"wp:attachment":[{"href":"https:\/\/news.save.ch\/it\/wp-json\/wp\/v2\/media?parent=21984"}],"wp:term":[{"taxonomy":"category","embeddable":true,"href":"https:\/\/news.save.ch\/it\/wp-json\/wp\/v2\/categories?post=21984"},{"taxonomy":"post_tag","embeddable":true,"href":"https:\/\/news.save.ch\/it\/wp-json\/wp\/v2\/tags?post=21984"}],"curies":[{"name":"wp","href":"https:\/\/api.w.org\/{rel}","templated":true}]}}