{"id":2199,"date":"2015-05-26T08:59:43","date_gmt":"2015-05-26T06:59:43","guid":{"rendered":"https:\/\/dev.sicherheitsforum.ch\/?p=2199"},"modified":"2015-05-26T08:59:43","modified_gmt":"2015-05-26T06:59:43","slug":"elektrotechnische-erzeugnisse-bemaengelt","status":null,"type":"post","link":"https:\/\/news.save.ch\/it\/elektrotechnische-erzeugnisse-bemaengelt\/","title":{"rendered":"Prodotti elettrici criticati"},"content":{"rendered":"<figure id=\"attachment_2200\" aria-describedby=\"caption-attachment-2200\" style=\"width: 680px\" class=\"wp-caption alignnone\"><img loading=\"lazy\" decoding=\"async\" class=\"size-medium wp-image-2200\" src=\"https:\/\/news.save.ch\/wp-content\/uploads\/2016\/12\/55641b3097683_Depositphotos_24453047_m_Sicherheitsforum.jpg\" alt=\"\" width=\"680\" height=\"453\" \/><figcaption id=\"caption-attachment-2200\" class=\"wp-caption-text\">Anche molte lampade a LED sono state scartate.<\/figcaption><\/figure>\n<p>Il <a title=\"Collegamento alla sorveglianza del mercato\" href=\"https:\/\/www.news.admin.ch\/NSBSubscriber\/message\/attachments\/39477.pdf\" target=\"_blank\" data-cke-saved-href=\"https:\/\/www.news.admin.ch\/NSBSubscriber\/message\/attachments\/39477.pdf\" rel=\"noopener\">Monitoraggio del mercato<\/a> attraverso il <a title=\"Collegamento a ESTI\" href=\"https:\/\/www.esti.admin.ch\" target=\"_blank\" data-cke-saved-href=\"https:\/\/www.esti.admin.ch\" rel=\"noopener\">ESTI<\/a>\u00a0viene svolta in tutta la Svizzera ed \u00e8 conforme all'Ordinanza sui prodotti elettrici a bassa tensione (NEV). I prodotti elettrici immessi sul mercato per uso domestico, d'ufficio, commerciale e industriale sono sottoposti a test di conformit\u00e0 e sicurezza a campione, per garantire che sul mercato svizzero siano disponibili solo prodotti elettrici sicuri.<\/p>\n<p>I prodotti ispezionati sono stati registrati in occasione di visite a fiere, distributori all'ingrosso, mercati specializzati e produttori, nonch\u00e9 nell'ambito di ispezioni su piattaforme Internet e sulla stampa. Le ispezioni sono state effettuate anche sulla base delle segnalazioni di consumatori, concorrenti ed esperti del settore elettrico.<\/p>\n<p>In totale sono stati registrati 249 prodotti con difetti. Ci\u00f2 significa che 15% di tutti i prodotti elettrotecnici ispezionati presentano difetti. Di questi, 106 prodotti contengono difetti legati alla sicurezza.<\/p>\n<p>Se esiste un pericolo per l'utente, l'ESTI pu\u00f2 vietare l'ulteriore commercializzazione di un prodotto. Nel 2014 \u00e8 stato necessario imporre 34 divieti o blocchi delle vendite. Nel 2014 sono state colpite in particolare diverse vasche idromassaggio mobili di un produttore asiatico, un'ampia variet\u00e0 di tubi LED non sicuri al tatto, lampade e apparecchi di illuminazione a LED, adattatori da viaggio non autorizzati, macchine per lo zucchero filato e, in generale, spine con propriet\u00e0 elettriche inadeguate su un'ampia variet\u00e0 di dispositivi. A questo proposito, va ricordato che in Svizzera \u00e8 vietato immettere sul mercato apparecchi elettrici con spine straniere.<\/p>\n<p>In 25 casi, i rivenditori e i produttori come distributori hanno ritirato i prodotti dal mercato sulla base della legge federale sulla sicurezza dei prodotti (PrSG) e hanno informato l'ESTI. In 17 casi, i richiami e le informazioni sulla sicurezza sono stati pubblicati sul sito web dell'Ufficio consumatori (BFK) in collaborazione con l'ESTI. Si tratta di asciugatrici, scaldabagni elettrici, vasche idromassaggio mobili, cavi di alimentazione per notebook, alimentatori per smartphone, PC, adattatori da viaggio, termoventilatori, sterilizzatori, lampade e riscaldatori a binario.<\/p>\n<p>L'ESTI raccomanda a tutti i consumatori di acquistare gli apparecchi elettrici da fornitori affidabili con un servizio clienti competente in Svizzera e di verificare la presenza di istruzioni d'uso leggibili e di marchi di controllo sul prodotto. I marchi di controllo svizzeri riconosciuti sono, ad esempio, il marchio di sicurezza ESTI - gli apparecchi con marchio di sicurezza sono pubblicati sul sito www.esti.admin.ch - e il marchio di conformit\u00e0 SEV di Electrosuisse. Questi marchi di prova soddisfano standard di sicurezza dei prodotti pi\u00f9 elevati rispetto all'autodichiarazione con marchio CE e offrono un valore aggiunto ai consumatori e agli utenti.<\/p>\n<p><em>Comunicato stampa ESTI<\/em><\/p>","protected":false},"excerpt":{"rendered":"<p>Die Markt\u00fcberwachung durch das ESTI\u00a0wird in der ganzen\u00a0Schweiz durchgef\u00fchrt und erfolgt gem\u00e4ss der Verordnung \u00fcber elektrische Niederspannungserzeugnisse (NEV). In Verkehr gebrachte elektrische Erzeugnisse f\u00fcr Haushalt, B\u00fcro, Gewerbe und Industrie werden stichprobenweise auf ihre Konformit\u00e4t und Sicherheit hin \u00fcberpr\u00fcft, damit in der Schweiz nur sichere elektrische Produkte auf dem Markt bereitgestellt werden. Die \u00fcberpr\u00fcften Erzeugnisse wurden [&hellip;]<\/p>\n","protected":false},"author":1,"featured_media":2200,"comment_status":"open","ping_status":"open","sticky":false,"template":"","format":"standard","meta":{"_acf_changed":false,"pgc_sgb_lightbox_settings":"","footnotes":""},"categories":[1],"tags":[229,228,163,194],"class_list":["post-2199","post","type-post","status-publish","format-standard","has-post-thumbnail","hentry","category-allgemein","tag-elektronische-erzeugnisse","tag-marktueberwachung-esti","tag-pruefstellen","tag-zertifizierungsstellen"],"acf":[],"hkrextid":null,"publication":null,"issue":null,"workflow":null,"startPage":null,"spitzmarke":null,"_posts_by_tag_page_fields":{"widget_title":"","widget_tags":""},"_at_widget":"1","_yoast_wpseo_primary_category":"","_yoast_wpseo_focuskw_text_input":"Elektrotechnik","_yoast_wpseo_opengraph-image":"https:\/\/sicherheitsforum.ch\/wp-content\/uploads\/2016\/12\/55641b3097683_Depositphotos_24453047_m_Sicherheitsforum.jpg","_yoast_wpseo_opengraph-description":"15% der im Jahr 2014 durch das Eidgen\u00f6ssische Starkstrominspektorat ESTI \u00fcberpr\u00fcften elektrischen Erzeugnisse wiesen M\u00e4ngel auf. 34 Verkaufsverbote respektive Verkaufsstopps mussten ausgesprochen werden. Zus\u00e4tzlich wurden 17 R\u00fcckrufe und Sicherheitsinformationen von Konsumentenprodukten aus dem Haushalt- und Wohnbereich und aus dem IT-Bereich \u00f6ffentlich aufgeschaltet und die Konsumenten dar\u00fcber informiert.","_yoast_wpseo_opengraph-title":"Elektrotechnische Erzeugnisse bem\u00e4ngelt","enclosure":null,"_yoast_wpseo_twitter-title":null,"_yoast_wpseo_twitter-description":null,"_yoast_wpseo_twitter-image":null,"_wp_old_slug":null,"_yoast_wpseo_title":null,"_yoast_wpseo_canonical":null,"yoast_head":"<!-- This site is optimized with the Yoast SEO plugin v27.5 - https:\/\/yoast.com\/product\/yoast-seo-wordpress\/ -->\n<title>Elektrotechnische Erzeugnisse bem\u00e4ngelt - Save<\/title>\n<meta name=\"description\" content=\"15% der im Jahr 2014 durch das ESTI \u00fcberpr\u00fcften elektrischen Erzeugnisse wiesen M\u00e4ngel auf. 34 Verkaufsverbote resp. Verkaufsstopps wurden ausgesprochen.\" \/>\n<meta name=\"robots\" content=\"index, follow, max-snippet:-1, max-image-preview:large, max-video-preview:-1\" \/>\n<link rel=\"canonical\" href=\"https:\/\/news.save.ch\/it\/elektrotechnische-erzeugnisse-bemaengelt\/\" \/>\n<meta property=\"og:locale\" content=\"it_IT\" \/>\n<meta property=\"og:type\" content=\"article\" \/>\n<meta property=\"og:title\" content=\"Elektrotechnische Erzeugnisse bem\u00e4ngelt\" \/>\n<meta property=\"og:description\" content=\"15% der im Jahr 2014 durch das Eidgen\u00f6ssische Starkstrominspektorat ESTI \u00fcberpr\u00fcften elektrischen Erzeugnisse wiesen M\u00e4ngel auf. 34 Verkaufsverbote respektive Verkaufsstopps mussten ausgesprochen werden. Zus\u00e4tzlich wurden 17 R\u00fcckrufe und Sicherheitsinformationen von Konsumentenprodukten aus dem Haushalt- und Wohnbereich und aus dem IT-Bereich \u00f6ffentlich aufgeschaltet und die Konsumenten dar\u00fcber informiert.\" \/>\n<meta property=\"og:url\" content=\"https:\/\/news.save.ch\/it\/elektrotechnische-erzeugnisse-bemaengelt\/\" \/>\n<meta property=\"og:site_name\" content=\"Save\" \/>\n<meta property=\"article:published_time\" content=\"2015-05-26T06:59:43+00:00\" \/>\n<meta property=\"og:image\" content=\"https:\/\/sicherheitsforum.ch\/wp-content\/uploads\/2016\/12\/55641b3097683_Depositphotos_24453047_m_Sicherheitsforum.jpg\" \/>\n<meta name=\"author\" content=\"admin\" \/>\n<meta name=\"twitter:card\" content=\"summary_large_image\" \/>\n<meta name=\"twitter:label1\" content=\"Scritto da\" \/>\n\t<meta name=\"twitter:data1\" content=\"admin\" \/>\n\t<meta name=\"twitter:label2\" content=\"Tempo di lettura stimato\" \/>\n\t<meta name=\"twitter:data2\" content=\"2 minuti\" \/>\n<script type=\"application\/ld+json\" class=\"yoast-schema-graph\">{\"@context\":\"https:\\\/\\\/schema.org\",\"@graph\":[{\"@type\":\"Article\",\"@id\":\"https:\\\/\\\/news.save.ch\\\/elektrotechnische-erzeugnisse-bemaengelt\\\/#article\",\"isPartOf\":{\"@id\":\"https:\\\/\\\/news.save.ch\\\/elektrotechnische-erzeugnisse-bemaengelt\\\/\"},\"author\":{\"name\":\"admin\",\"@id\":\"https:\\\/\\\/news.save.ch\\\/de\\\/#\\\/schema\\\/person\\\/d49e199490bad7c70d64b9ab51142f2b\"},\"headline\":\"Elektrotechnische Erzeugnisse bem\u00e4ngelt\",\"datePublished\":\"2015-05-26T06:59:43+00:00\",\"mainEntityOfPage\":{\"@id\":\"https:\\\/\\\/news.save.ch\\\/elektrotechnische-erzeugnisse-bemaengelt\\\/\"},\"wordCount\":393,\"commentCount\":0,\"publisher\":{\"@id\":\"https:\\\/\\\/news.save.ch\\\/de\\\/#organization\"},\"image\":{\"@id\":\"https:\\\/\\\/news.save.ch\\\/elektrotechnische-erzeugnisse-bemaengelt\\\/#primaryimage\"},\"thumbnailUrl\":\"https:\\\/\\\/news.save.ch\\\/wp-content\\\/uploads\\\/2016\\\/12\\\/55641b3097683_Depositphotos_24453047_m_Sicherheitsforum-scaled.jpg\",\"keywords\":[\"elektronische Erzeugnisse\",\"Markt\u00fcberwachung ESTI\",\"Pr\u00fcfstellen\",\"Zertifizierungsstellen\"],\"articleSection\":[\"ALLGEMEIN\"],\"inLanguage\":\"it-IT\"},{\"@type\":\"WebPage\",\"@id\":\"https:\\\/\\\/news.save.ch\\\/elektrotechnische-erzeugnisse-bemaengelt\\\/\",\"url\":\"https:\\\/\\\/news.save.ch\\\/elektrotechnische-erzeugnisse-bemaengelt\\\/\",\"name\":\"Elektrotechnische Erzeugnisse bem\u00e4ngelt - Save\",\"isPartOf\":{\"@id\":\"https:\\\/\\\/news.save.ch\\\/de\\\/#website\"},\"primaryImageOfPage\":{\"@id\":\"https:\\\/\\\/news.save.ch\\\/elektrotechnische-erzeugnisse-bemaengelt\\\/#primaryimage\"},\"image\":{\"@id\":\"https:\\\/\\\/news.save.ch\\\/elektrotechnische-erzeugnisse-bemaengelt\\\/#primaryimage\"},\"thumbnailUrl\":\"https:\\\/\\\/news.save.ch\\\/wp-content\\\/uploads\\\/2016\\\/12\\\/55641b3097683_Depositphotos_24453047_m_Sicherheitsforum-scaled.jpg\",\"datePublished\":\"2015-05-26T06:59:43+00:00\",\"description\":\"15% der im Jahr 2014 durch das ESTI \u00fcberpr\u00fcften elektrischen Erzeugnisse wiesen M\u00e4ngel auf. 34 Verkaufsverbote resp. Verkaufsstopps wurden ausgesprochen.\",\"breadcrumb\":{\"@id\":\"https:\\\/\\\/news.save.ch\\\/elektrotechnische-erzeugnisse-bemaengelt\\\/#breadcrumb\"},\"inLanguage\":\"it-IT\",\"potentialAction\":[{\"@type\":\"ReadAction\",\"target\":[\"https:\\\/\\\/news.save.ch\\\/elektrotechnische-erzeugnisse-bemaengelt\\\/\"]}]},{\"@type\":\"ImageObject\",\"inLanguage\":\"it-IT\",\"@id\":\"https:\\\/\\\/news.save.ch\\\/elektrotechnische-erzeugnisse-bemaengelt\\\/#primaryimage\",\"url\":\"https:\\\/\\\/news.save.ch\\\/wp-content\\\/uploads\\\/2016\\\/12\\\/55641b3097683_Depositphotos_24453047_m_Sicherheitsforum-scaled.jpg\",\"contentUrl\":\"https:\\\/\\\/news.save.ch\\\/wp-content\\\/uploads\\\/2016\\\/12\\\/55641b3097683_Depositphotos_24453047_m_Sicherheitsforum-scaled.jpg\",\"width\":1400,\"height\":934,\"caption\":\"Auch viele LED-Lampen mussten beanstandet werden.\"},{\"@type\":\"BreadcrumbList\",\"@id\":\"https:\\\/\\\/news.save.ch\\\/elektrotechnische-erzeugnisse-bemaengelt\\\/#breadcrumb\",\"itemListElement\":[{\"@type\":\"ListItem\",\"position\":1,\"name\":\"Home\",\"item\":\"https:\\\/\\\/news.save.ch\\\/de\\\/\"},{\"@type\":\"ListItem\",\"position\":2,\"name\":\"Elektrotechnische Erzeugnisse bem\u00e4ngelt\"}]},{\"@type\":\"WebSite\",\"@id\":\"https:\\\/\\\/news.save.ch\\\/de\\\/#website\",\"url\":\"https:\\\/\\\/news.save.ch\\\/de\\\/\",\"name\":\"Save\",\"description\":\"Schweizer Fachzeitschrift f\u00fcr Sicherheit\",\"publisher\":{\"@id\":\"https:\\\/\\\/news.save.ch\\\/de\\\/#organization\"},\"potentialAction\":[{\"@type\":\"SearchAction\",\"target\":{\"@type\":\"EntryPoint\",\"urlTemplate\":\"https:\\\/\\\/news.save.ch\\\/de\\\/?s={search_term_string}\"},\"query-input\":{\"@type\":\"PropertyValueSpecification\",\"valueRequired\":true,\"valueName\":\"search_term_string\"}}],\"inLanguage\":\"it-IT\"},{\"@type\":\"Organization\",\"@id\":\"https:\\\/\\\/news.save.ch\\\/de\\\/#organization\",\"name\":\"Sicherheitsforum\",\"url\":\"https:\\\/\\\/news.save.ch\\\/de\\\/\",\"logo\":{\"@type\":\"ImageObject\",\"inLanguage\":\"it-IT\",\"@id\":\"https:\\\/\\\/news.save.ch\\\/de\\\/#\\\/schema\\\/logo\\\/image\\\/\",\"url\":\"https:\\\/\\\/news.save.ch\\\/wp-content\\\/uploads\\\/2022\\\/06\\\/Logo_SF_2012.png\",\"contentUrl\":\"https:\\\/\\\/news.save.ch\\\/wp-content\\\/uploads\\\/2022\\\/06\\\/Logo_SF_2012.png\",\"width\":1100,\"height\":91,\"caption\":\"Sicherheitsforum\"},\"image\":{\"@id\":\"https:\\\/\\\/news.save.ch\\\/de\\\/#\\\/schema\\\/logo\\\/image\\\/\"}},{\"@type\":\"Person\",\"@id\":\"https:\\\/\\\/news.save.ch\\\/de\\\/#\\\/schema\\\/person\\\/d49e199490bad7c70d64b9ab51142f2b\",\"name\":\"admin\",\"image\":{\"@type\":\"ImageObject\",\"inLanguage\":\"it-IT\",\"@id\":\"https:\\\/\\\/secure.gravatar.com\\\/avatar\\\/ae2f4d718e6c49043e314ce431e7e645d646302a24a5ef5a8bc8e3f5a032e319?s=96&d=mm&r=g\",\"url\":\"https:\\\/\\\/secure.gravatar.com\\\/avatar\\\/ae2f4d718e6c49043e314ce431e7e645d646302a24a5ef5a8bc8e3f5a032e319?s=96&d=mm&r=g\",\"contentUrl\":\"https:\\\/\\\/secure.gravatar.com\\\/avatar\\\/ae2f4d718e6c49043e314ce431e7e645d646302a24a5ef5a8bc8e3f5a032e319?s=96&d=mm&r=g\",\"caption\":\"admin\"},\"sameAs\":[\"https:\\\/\\\/develop.organisator.galledia.ch\"],\"url\":\"https:\\\/\\\/news.save.ch\\\/it\\\/author\\\/admin\\\/\"}]}<\/script>\n<!-- \/ Yoast SEO plugin. -->","yoast_head_json":{"title":"Reclami sui prodotti elettrici - Save","description":"15% dei prodotti elettrici ispezionati dall'ESTI nel 2014 presentavano difetti. Sono stati imposti 34 divieti o blocchi delle vendite.","robots":{"index":"index","follow":"follow","max-snippet":"max-snippet:-1","max-image-preview":"max-image-preview:large","max-video-preview":"max-video-preview:-1"},"canonical":"https:\/\/news.save.ch\/it\/elektrotechnische-erzeugnisse-bemaengelt\/","og_locale":"it_IT","og_type":"article","og_title":"Elektrotechnische Erzeugnisse bem\u00e4ngelt","og_description":"15% der im Jahr 2014 durch das Eidgen\u00f6ssische Starkstrominspektorat ESTI \u00fcberpr\u00fcften elektrischen Erzeugnisse wiesen M\u00e4ngel auf. 34 Verkaufsverbote respektive Verkaufsstopps mussten ausgesprochen werden. Zus\u00e4tzlich wurden 17 R\u00fcckrufe und Sicherheitsinformationen von Konsumentenprodukten aus dem Haushalt- und Wohnbereich und aus dem IT-Bereich \u00f6ffentlich aufgeschaltet und die Konsumenten dar\u00fcber informiert.","og_url":"https:\/\/news.save.ch\/it\/elektrotechnische-erzeugnisse-bemaengelt\/","og_site_name":"Save","article_published_time":"2015-05-26T06:59:43+00:00","og_image":[{"url":"https:\/\/sicherheitsforum.ch\/wp-content\/uploads\/2016\/12\/55641b3097683_Depositphotos_24453047_m_Sicherheitsforum.jpg","type":"","width":"","height":""}],"author":"admin","twitter_card":"summary_large_image","twitter_misc":{"Scritto da":"admin","Tempo di lettura stimato":"2 minuti"},"schema":{"@context":"https:\/\/schema.org","@graph":[{"@type":"Article","@id":"https:\/\/news.save.ch\/elektrotechnische-erzeugnisse-bemaengelt\/#article","isPartOf":{"@id":"https:\/\/news.save.ch\/elektrotechnische-erzeugnisse-bemaengelt\/"},"author":{"name":"admin","@id":"https:\/\/news.save.ch\/de\/#\/schema\/person\/d49e199490bad7c70d64b9ab51142f2b"},"headline":"Elektrotechnische Erzeugnisse bem\u00e4ngelt","datePublished":"2015-05-26T06:59:43+00:00","mainEntityOfPage":{"@id":"https:\/\/news.save.ch\/elektrotechnische-erzeugnisse-bemaengelt\/"},"wordCount":393,"commentCount":0,"publisher":{"@id":"https:\/\/news.save.ch\/de\/#organization"},"image":{"@id":"https:\/\/news.save.ch\/elektrotechnische-erzeugnisse-bemaengelt\/#primaryimage"},"thumbnailUrl":"https:\/\/news.save.ch\/wp-content\/uploads\/2016\/12\/55641b3097683_Depositphotos_24453047_m_Sicherheitsforum-scaled.jpg","keywords":["elektronische Erzeugnisse","Markt\u00fcberwachung ESTI","Pr\u00fcfstellen","Zertifizierungsstellen"],"articleSection":["ALLGEMEIN"],"inLanguage":"it-IT"},{"@type":"WebPage","@id":"https:\/\/news.save.ch\/elektrotechnische-erzeugnisse-bemaengelt\/","url":"https:\/\/news.save.ch\/elektrotechnische-erzeugnisse-bemaengelt\/","name":"Reclami sui prodotti elettrici - Save","isPartOf":{"@id":"https:\/\/news.save.ch\/de\/#website"},"primaryImageOfPage":{"@id":"https:\/\/news.save.ch\/elektrotechnische-erzeugnisse-bemaengelt\/#primaryimage"},"image":{"@id":"https:\/\/news.save.ch\/elektrotechnische-erzeugnisse-bemaengelt\/#primaryimage"},"thumbnailUrl":"https:\/\/news.save.ch\/wp-content\/uploads\/2016\/12\/55641b3097683_Depositphotos_24453047_m_Sicherheitsforum-scaled.jpg","datePublished":"2015-05-26T06:59:43+00:00","description":"15% dei prodotti elettrici ispezionati dall'ESTI nel 2014 presentavano difetti. Sono stati imposti 34 divieti o blocchi delle vendite.","breadcrumb":{"@id":"https:\/\/news.save.ch\/elektrotechnische-erzeugnisse-bemaengelt\/#breadcrumb"},"inLanguage":"it-IT","potentialAction":[{"@type":"ReadAction","target":["https:\/\/news.save.ch\/elektrotechnische-erzeugnisse-bemaengelt\/"]}]},{"@type":"ImageObject","inLanguage":"it-IT","@id":"https:\/\/news.save.ch\/elektrotechnische-erzeugnisse-bemaengelt\/#primaryimage","url":"https:\/\/news.save.ch\/wp-content\/uploads\/2016\/12\/55641b3097683_Depositphotos_24453047_m_Sicherheitsforum-scaled.jpg","contentUrl":"https:\/\/news.save.ch\/wp-content\/uploads\/2016\/12\/55641b3097683_Depositphotos_24453047_m_Sicherheitsforum-scaled.jpg","width":1400,"height":934,"caption":"Auch viele LED-Lampen mussten beanstandet werden."},{"@type":"BreadcrumbList","@id":"https:\/\/news.save.ch\/elektrotechnische-erzeugnisse-bemaengelt\/#breadcrumb","itemListElement":[{"@type":"ListItem","position":1,"name":"Home","item":"https:\/\/news.save.ch\/de\/"},{"@type":"ListItem","position":2,"name":"Elektrotechnische Erzeugnisse bem\u00e4ngelt"}]},{"@type":"WebSite","@id":"https:\/\/news.save.ch\/de\/#website","url":"https:\/\/news.save.ch\/de\/","name":"Risparmiare","description":"Rivista svizzera specializzata in sicurezza","publisher":{"@id":"https:\/\/news.save.ch\/de\/#organization"},"potentialAction":[{"@type":"SearchAction","target":{"@type":"EntryPoint","urlTemplate":"https:\/\/news.save.ch\/de\/?s={search_term_string}"},"query-input":{"@type":"PropertyValueSpecification","valueRequired":true,"valueName":"search_term_string"}}],"inLanguage":"it-IT"},{"@type":"Organization","@id":"https:\/\/news.save.ch\/de\/#organization","name":"Forum sulla sicurezza","url":"https:\/\/news.save.ch\/de\/","logo":{"@type":"ImageObject","inLanguage":"it-IT","@id":"https:\/\/news.save.ch\/de\/#\/schema\/logo\/image\/","url":"https:\/\/news.save.ch\/wp-content\/uploads\/2022\/06\/Logo_SF_2012.png","contentUrl":"https:\/\/news.save.ch\/wp-content\/uploads\/2022\/06\/Logo_SF_2012.png","width":1100,"height":91,"caption":"Sicherheitsforum"},"image":{"@id":"https:\/\/news.save.ch\/de\/#\/schema\/logo\/image\/"}},{"@type":"Person","@id":"https:\/\/news.save.ch\/de\/#\/schema\/person\/d49e199490bad7c70d64b9ab51142f2b","name":"amministratore","image":{"@type":"ImageObject","inLanguage":"it-IT","@id":"https:\/\/secure.gravatar.com\/avatar\/ae2f4d718e6c49043e314ce431e7e645d646302a24a5ef5a8bc8e3f5a032e319?s=96&d=mm&r=g","url":"https:\/\/secure.gravatar.com\/avatar\/ae2f4d718e6c49043e314ce431e7e645d646302a24a5ef5a8bc8e3f5a032e319?s=96&d=mm&r=g","contentUrl":"https:\/\/secure.gravatar.com\/avatar\/ae2f4d718e6c49043e314ce431e7e645d646302a24a5ef5a8bc8e3f5a032e319?s=96&d=mm&r=g","caption":"admin"},"sameAs":["https:\/\/develop.organisator.galledia.ch"],"url":"https:\/\/news.save.ch\/it\/author\/admin\/"}]}},"_links":{"self":[{"href":"https:\/\/news.save.ch\/it\/wp-json\/wp\/v2\/posts\/2199","targetHints":{"allow":["GET"]}}],"collection":[{"href":"https:\/\/news.save.ch\/it\/wp-json\/wp\/v2\/posts"}],"about":[{"href":"https:\/\/news.save.ch\/it\/wp-json\/wp\/v2\/types\/post"}],"author":[{"embeddable":true,"href":"https:\/\/news.save.ch\/it\/wp-json\/wp\/v2\/users\/1"}],"replies":[{"embeddable":true,"href":"https:\/\/news.save.ch\/it\/wp-json\/wp\/v2\/comments?post=2199"}],"version-history":[{"count":0,"href":"https:\/\/news.save.ch\/it\/wp-json\/wp\/v2\/posts\/2199\/revisions"}],"wp:featuredmedia":[{"embeddable":true,"href":"https:\/\/news.save.ch\/it\/wp-json\/wp\/v2\/media\/2200"}],"wp:attachment":[{"href":"https:\/\/news.save.ch\/it\/wp-json\/wp\/v2\/media?parent=2199"}],"wp:term":[{"taxonomy":"category","embeddable":true,"href":"https:\/\/news.save.ch\/it\/wp-json\/wp\/v2\/categories?post=2199"},{"taxonomy":"post_tag","embeddable":true,"href":"https:\/\/news.save.ch\/it\/wp-json\/wp\/v2\/tags?post=2199"}],"curies":[{"name":"wp","href":"https:\/\/api.w.org\/{rel}","templated":true}]}}