{"id":22016,"date":"2023-09-19T06:00:05","date_gmt":"2023-09-19T04:00:05","guid":{"rendered":"https:\/\/news.save.ch\/?p=22016"},"modified":"2023-10-27T10:11:30","modified_gmt":"2023-10-27T08:11:30","slug":"datenschutz-videoueberwachung-was-man-neu-beachten-muss","status":null,"type":"post","link":"https:\/\/news.save.ch\/it\/datenschutz-videoueberwachung-was-man-neu-beachten-muss\/","title":{"rendered":"Protezione dei dati: videosorveglianza - a cosa prestare attenzione ora"},"content":{"rendered":"<figure id=\"attachment_22018\" aria-describedby=\"caption-attachment-22018\" style=\"width: 459px\" class=\"wp-caption alignleft\"><img loading=\"lazy\" decoding=\"async\" class=\"size-full wp-image-22018\" src=\"https:\/\/news.save.ch\/wp-content\/uploads\/2023\/09\/Video-134943.jpg\" alt=\"Protezione dei dati\" width=\"459\" height=\"269\" srcset=\"https:\/\/news.save.ch\/wp-content\/uploads\/2023\/09\/Video-134943.jpg 459w, https:\/\/news.save.ch\/wp-content\/uploads\/2023\/09\/Video-134943-18x12.jpg 18w, https:\/\/news.save.ch\/wp-content\/uploads\/2023\/09\/Video-134943-375x220.jpg 375w\" sizes=\"auto, (max-width: 459px) 100vw, 459px\" \/><figcaption id=\"caption-attachment-22018\" class=\"wp-caption-text\">\u00c8 ora obbligatorio esporre cartelli informativi con (!) dichiarazioni sulla protezione dei dati. \u00a9 Walder Wyss AG<\/figcaption><\/figure>\n<h3>Che impatto ha la nuova legge sulla protezione dei dati sulla videosorveglianza?<\/h3>\n<p><strong>J\u00fcrg Schneider, Dr. iur., Avvocato, Walder Wyss AG:<\/strong> Con la nuova legge sulla protezione dei dati (DPA), i dati personali sono pi\u00f9 protetti. Naturalmente, questo vale anche per la videosorveglianza e comprende tutte le informazioni che si riferiscono a una persona fisica identificata o identificabile. La DPA si applica al trattamento dei dati. Per elaborazione si intende qualsiasi trattamento di dati personali: non appena una persona pu\u00f2 essere identificata in una registrazione video, si tratta di dati personali. Anche la cancellazione o l'anonimizzazione di tali dati rientra nel termine trattamento dei dati personali. In caso di dubbio, si deve sempre presumere che si tratti di dati personali e che quindi si applichi la FADP.<\/p>\n<h3>Che cosa significa l'espressione \"principi di elaborazione\" nella nuova LPD?<\/h3>\n<p>I principi di trattamento obbligano le aziende, ma anche le autorit\u00e0, a rispettare alcuni principi, come la proporzionalit\u00e0, la limitazione delle finalit\u00e0, la trasparenza o la sicurezza dei dati, gi\u00e0 nella fase di progettazione di un sistema di videosorveglianza e a garantirne l'osservanza (si veda il riquadro sottostante \"Rispetto di alcuni principi\").<\/p>\n<h3>Che cosa significa l'obbligo di informazione previsto dal nuovo DPA per quanto riguarda la videosorveglianza?<\/h3>\n<p>L'art. 19 della FADP stabilisce che esiste un obbligo generale di informazione e che i responsabili del trattamento devono informare adeguatamente gli interessati quando vengono trattati i loro dati personali. Per fare un esempio concreto: Se una persona pu\u00f2 essere registrata da un sistema di videosorveglianza, deve ricevere informazioni - di solito tramite una dichiarazione sulla protezione dei dati - su questo trattamento dei dati. In una prima fase, l'informazione viene fornita dall'operatore del sistema, ad esempio con un cartello \"Videosorveglianza\" (vedi figura): Il nome dell'operatore responsabile e lo scopo della videosorveglianza devono essere indicati sul cartello. Per ulteriori informazioni, il cartello deve, come secondo passo, rimandare alla dichiarazione sulla protezione dei dati sul sito web. Questa dichiarazione sulla protezione dei dati deve contenere le informazioni richieste dall'art. 19 della FADP.<\/p>\n<h3>Cosa succede se non comunico correttamente o in tempo?<\/h3>\n<p>Ad esempio, il Commissario federale per la protezione dei dati potrebbe avviare un'indagine. Ci\u00f2 potrebbe comportare l'obbligo di rettificare le proprie informazioni. Chiunque fornisca intenzionalmente informazioni false, incomplete o inesistenti pu\u00f2 essere sanzionato penalmente su richiesta. Il responsabile o i responsabili dell'azienda rischiano una multa fino a 250.000 franchi svizzeri. Conclusione: \u00e8 consigliabile prendere sul serio gli obblighi di informazione previsti dalla legge sulla protezione dei dati, soprattutto in relazione ai sistemi di videosorveglianza.<\/p>\n<h3>Cosa deve osservare una societ\u00e0 di sicurezza quando installa e gestisce un sistema di videosorveglianza per conto di terzi?<\/h3>\n<p>Se una societ\u00e0 di sicurezza installa un sistema di videosorveglianza per un cliente finale e lo gestisce per conto di quest'ultimo, ottenendo l'accesso a dati personali, la societ\u00e0 di sicurezza \u00e8 un cosiddetto responsabile del trattamento dei dati ai sensi della LPD. In questo caso, tra il cliente finale e la societ\u00e0 di sicurezza deve essere stipulato un cosiddetto accordo di trattamento dei dati (DPA). L'accordo di elaborazione dei dati deve disciplinare chiaramente le istruzioni e i requisiti di sicurezza del cliente finale che l'istituto di vigilanza deve seguire, le azioni che l'istituto di vigilanza pu\u00f2 intraprendere con i dati personali e i limiti dell'elaborazione. Se manca un accordo per l'elaborazione degli ordini, questo pu\u00f2 essere sanzionato anche penalmente su richiesta.<\/p>\n<h3>Quali sono le caratteristiche particolari da tenere in considerazione per la videosorveglianza?<\/h3>\n<p>Chiunque gestisca una struttura e abbia 250 o pi\u00f9 dipendenti deve creare e mantenere un cosiddetto elenco dei trattamenti. Questo indica, ad esempio, quali categorie di dati personali vengono trattate e per quale scopo, e a chi possono essere trasmessi i dati. In alcuni casi, l'elenco dei trattamenti deve essere tenuto anche per meno di 250 dipendenti, in particolare se vengono trattati dati personali particolarmente sensibili su larga scala o se viene effettuata la cosiddetta profilazione ad alto rischio. Un altro punto importante \u00e8 la valutazione d'impatto sulla protezione dei dati (art. 22 FADP). Deve essere effettuata se il trattamento dei dati personali pu\u00f2 comportare un rischio elevato per la personalit\u00e0 o i diritti fondamentali. Tale rischio si applica, ad esempio, nel caso di videosorveglianza in aree pubbliche, come l'atrio di una stazione ferroviaria, nella misura in cui i dati personali sono trattati nel processo.<\/p>\n<h3>Qual \u00e8 la differenza tra il regime di protezione dei dati in Svizzera e nell'UE?<\/h3>\n<p>La nuova legge sulla protezione dei dati in Svizzera si basa sul principio dell'autorizzazione. Ci\u00f2 significa che il trattamento dei dati personali \u00e8 consentito a meno che non sia vietato. Nel Regolamento generale sulla protezione dei dati dell'UE (GDPR), l'approccio \u00e8 esattamente l'opposto: il trattamento dei dati personali \u00e8 vietato a meno che non sia consentito. In pratica, tuttavia, i requisiti in Svizzera e nell'UE in materia di protezione dei dati sono molto simili, anche se l'approccio \u00e8 diverso.<\/p>\n<h3>Che cos'\u00e8 il cosiddetto terreno di giustificazione?<\/h3>\n<p>Nel caso della videosorveglianza, la cosiddetta giustificazione significa quanto segue: Se un'azienda ha un interesse preponderante nella videosorveglianza, questa \u00e8 solitamente considerata una giustificazione. In tal caso, la videosorveglianza \u00e8 possibile anche senza il consenso dell'interessato. Ad esempio, la prevenzione di reati (ad esempio, furti) presso un rivenditore o un negozio di orologi e gioielli \u00e8 considerata un interesse prevalente. Vorrei inoltre sottolineare che nel caso di videosorveglianza dei dipendenti - o se i dipendenti vengono ripresi anche durante la videosorveglianza di terzi - devono essere osservati ulteriori requisiti del diritto del lavoro come in precedenza. La videosorveglianza permanente dei dipendenti sul posto di lavoro \u00e8 generalmente vietata per motivi di salute.<\/p>\n<h3>Per quanto tempo un operatore pu\u00f2 conservare i dati di videosorveglianza?<\/h3>\n<p>Anche in questo caso, occorre fare riferimento al principio di proporzionalit\u00e0 gi\u00e0 citato, nonch\u00e9 all'obbligo di distruggere o anonimizzare i dati personali non appena non sono pi\u00f9 necessari ai fini del trattamento. Alcuni anni fa, il Commissario federale per la protezione dei dati ha dichiarato che una registrazione video non dovrebbe essere conservata per pi\u00f9 di 24 ore. In pratica, tuttavia, si tratta di un periodo di tempo molto breve e il principio di proporzionalit\u00e0 consente una conservazione pi\u00f9 lunga dei dati personali, soprattutto quando si tratta di prevenzione del crimine e, ad esempio, le registrazioni video devono essere analizzate dopo un atto di vandalismo.<\/p>\n<h3>Chi pu\u00f2 avere accesso ai dati video?<\/h3>\n<p>In linea di principio, solo le persone che devono lavorare con i dati di videosorveglianza possono accedervi. In un'azienda con 500 dipendenti, questo potrebbe essere il responsabile della sicurezza e la direzione. Questa regola pu\u00f2 anche essere derivata dal principio di proporzionalit\u00e0, in quanto il gruppo di persone che possono accedere ai dati personali deve essere mantenuto il pi\u00f9 piccolo possibile.<\/p>\n<h3>Cosa succede ai sistemi di videosorveglianza esistenti che non sono ancora conformi al nuovo DPA?<\/h3>\n<p>La nuova legge sulla protezione dei dati \u00e8 in vigore dal 1\u00b0 settembre 2023 e deve essere rispettata a partire da tale data. \u00c8 importante verificare che i sistemi di videosorveglianza esistenti e il loro funzionamento siano conformi alla nuova legge sulla protezione dei dati. Eventuali carenze devono essere colmate dall'operatore. Ad esempio, i cartelli informativi mancanti e le dichiarazioni sulla protezione dei dati devono essere allegati e prodotti immediatamente.<\/p>\n<blockquote>\n<h3>Aderire a determinati principi<\/h3>\n<p>L'operatore di un sistema di videosorveglianza deve sempre adottare misure di protezione tecniche e organizzative adeguate. Gli articoli 6 e 8 della FADP contengono questi principi:<br \/>\n<strong>Trasparenza: <\/strong>Deve essere riconoscibile che si stanno ottenendo dati personali.<br \/>\n<strong>Stanziamento di fondi:<\/strong> I dati personali devono essere trattati per uno scopo specifico. Nel caso di un sistema di videosorveglianza in una gioielleria, ad esempio, la finalit\u00e0 potrebbe essere la prevenzione di un reato.<br \/>\n<strong>Proporzionalit\u00e0:<\/strong> Il trattamento dei dati personali deve essere sempre adeguato e necessario al raggiungimento dello scopo.<br \/>\n<strong>Legalit\u00e0:<\/strong> Questo principio fa riferimento ad altre disposizioni di legge che non devono essere violate nel trattamento dei dati personali - ad esempio, l'art. 179quater StGB, che vieta, tra l'altro, la registrazione di fatti della sfera riservata di una persona senza il suo consenso.<br \/>\n<strong>Accuratezza dei dati:<\/strong> I dati personali devono sempre essere corretti. Se, ad esempio, si scopre che i dati personali esistenti non sono (o non sono pi\u00f9) corretti, \u00e8 necessario correggerli di conseguenza.<br \/>\n<strong>Sicurezza dei dati:<\/strong> Ad esempio, l'operatore di un sistema di videosorveglianza deve assicurarsi che i dati personali non finiscano nelle mani sbagliate. In un'epoca di crescente criminalit\u00e0 informatica, la questione della sicurezza dei dati \u00e8 di grande importanza.<\/p><\/blockquote>\n<p>&nbsp;<\/p>","protected":false},"excerpt":{"rendered":"<p>Welche Auswirkungen hat das neue Datenschutzgesetz auf die Video\u00fcberwachung? J\u00fcrg Schneider, Dr. iur., Rechtsanwalt, Walder Wyss AG: Mit dem neuen Datenschutzgesetz (DSG) sind Personendaten besser gesch\u00fctzt. Das gilt selbstverst\u00e4ndlich auch in Bezug auf die Video\u00fcberwachung und umfasst alle Angaben, die sich auf eine bestimmte oder bestimmbare nat\u00fcrliche Person beziehen. Das DSG kommt bei der Bearbeitung [&hellip;]<\/p>\n","protected":false},"author":8,"featured_media":22018,"comment_status":"closed","ping_status":"closed","sticky":false,"template":"","format":"standard","meta":{"_acf_changed":false,"pgc_sgb_lightbox_settings":"","footnotes":""},"categories":[3312],"tags":[78],"class_list":["post-22016","post","type-post","status-publish","format-standard","has-post-thumbnail","hentry","category-sicherheit","tag-videoueberwachung"],"acf":[],"hkrextid":null,"publication":null,"issue":null,"workflow":null,"startPage":null,"spitzmarke":null,"_posts_by_tag_page_fields":null,"_at_widget":null,"_yoast_wpseo_primary_category":"3312","_yoast_wpseo_focuskw_text_input":null,"_yoast_wpseo_opengraph-image":null,"_yoast_wpseo_opengraph-description":null,"_yoast_wpseo_opengraph-title":null,"enclosure":null,"_yoast_wpseo_twitter-title":null,"_yoast_wpseo_twitter-description":null,"_yoast_wpseo_twitter-image":null,"_wp_old_slug":null,"_yoast_wpseo_title":null,"_yoast_wpseo_canonical":null,"yoast_head":"<!-- This site is optimized with the Yoast SEO plugin v27.5 - https:\/\/yoast.com\/product\/yoast-seo-wordpress\/ -->\n<title>Datenschutz: Video\u00fcberwachung \u2013 was man neu \u00adbeachten muss - Save<\/title>\n<meta name=\"description\" content=\"Das neue Datenschutzgesetz der Schweiz gilt seit 1. September 2023. Was bedeutet das f\u00fcr die Video\u00fcberwachung? \u00ad\" \/>\n<meta name=\"robots\" content=\"index, follow, max-snippet:-1, max-image-preview:large, max-video-preview:-1\" \/>\n<link rel=\"canonical\" href=\"https:\/\/news.save.ch\/it\/datenschutz-videoueberwachung-was-man-neu-beachten-muss\/\" \/>\n<meta property=\"og:locale\" content=\"it_IT\" \/>\n<meta property=\"og:type\" content=\"article\" \/>\n<meta property=\"og:title\" content=\"Datenschutz: Video\u00fcberwachung \u2013 was man neu \u00adbeachten muss - Save\" \/>\n<meta property=\"og:description\" content=\"Das neue Datenschutzgesetz der Schweiz gilt seit 1. September 2023. Was bedeutet das f\u00fcr die Video\u00fcberwachung? \u00ad\" \/>\n<meta property=\"og:url\" content=\"https:\/\/news.save.ch\/it\/datenschutz-videoueberwachung-was-man-neu-beachten-muss\/\" \/>\n<meta property=\"og:site_name\" content=\"Save\" \/>\n<meta property=\"article:published_time\" content=\"2023-09-19T04:00:05+00:00\" \/>\n<meta property=\"article:modified_time\" content=\"2023-10-27T08:11:30+00:00\" \/>\n<meta property=\"og:image\" content=\"https:\/\/news.save.ch\/wp-content\/uploads\/2023\/09\/Video-134943.jpg\" \/>\n\t<meta property=\"og:image:width\" content=\"459\" \/>\n\t<meta property=\"og:image:height\" content=\"269\" \/>\n\t<meta property=\"og:image:type\" content=\"image\/jpeg\" \/>\n<meta name=\"author\" content=\"Roger Str\u00e4ssle\" \/>\n<meta name=\"twitter:card\" content=\"summary_large_image\" \/>\n<meta name=\"twitter:label1\" content=\"Scritto da\" \/>\n\t<meta name=\"twitter:data1\" content=\"Roger Str\u00e4ssle\" \/>\n\t<meta name=\"twitter:label2\" content=\"Tempo di lettura stimato\" \/>\n\t<meta name=\"twitter:data2\" content=\"8 minuti\" \/>\n<script type=\"application\/ld+json\" class=\"yoast-schema-graph\">{\"@context\":\"https:\\\/\\\/schema.org\",\"@graph\":[{\"@type\":\"Article\",\"@id\":\"https:\\\/\\\/news.save.ch\\\/datenschutz-videoueberwachung-was-man-neu-beachten-muss\\\/#article\",\"isPartOf\":{\"@id\":\"https:\\\/\\\/news.save.ch\\\/datenschutz-videoueberwachung-was-man-neu-beachten-muss\\\/\"},\"author\":{\"name\":\"Roger Str\u00e4ssle\",\"@id\":\"https:\\\/\\\/news.save.ch\\\/de\\\/#\\\/schema\\\/person\\\/d5022db048e0e2b9785c50e5b24da5aa\"},\"headline\":\"Datenschutz: Video\u00fcberwachung \u2013 was man neu \u00adbeachten muss\",\"datePublished\":\"2023-09-19T04:00:05+00:00\",\"dateModified\":\"2023-10-27T08:11:30+00:00\",\"mainEntityOfPage\":{\"@id\":\"https:\\\/\\\/news.save.ch\\\/datenschutz-videoueberwachung-was-man-neu-beachten-muss\\\/\"},\"wordCount\":1336,\"publisher\":{\"@id\":\"https:\\\/\\\/news.save.ch\\\/de\\\/#organization\"},\"image\":{\"@id\":\"https:\\\/\\\/news.save.ch\\\/datenschutz-videoueberwachung-was-man-neu-beachten-muss\\\/#primaryimage\"},\"thumbnailUrl\":\"https:\\\/\\\/news.save.ch\\\/wp-content\\\/uploads\\\/2023\\\/09\\\/Video-134943.jpg\",\"keywords\":[\"Video\u00fcberwachung\"],\"articleSection\":[\"SICHERHEIT\"],\"inLanguage\":\"it-IT\"},{\"@type\":\"WebPage\",\"@id\":\"https:\\\/\\\/news.save.ch\\\/datenschutz-videoueberwachung-was-man-neu-beachten-muss\\\/\",\"url\":\"https:\\\/\\\/news.save.ch\\\/datenschutz-videoueberwachung-was-man-neu-beachten-muss\\\/\",\"name\":\"Datenschutz: Video\u00fcberwachung \u2013 was man neu \u00adbeachten muss - Save\",\"isPartOf\":{\"@id\":\"https:\\\/\\\/news.save.ch\\\/de\\\/#website\"},\"primaryImageOfPage\":{\"@id\":\"https:\\\/\\\/news.save.ch\\\/datenschutz-videoueberwachung-was-man-neu-beachten-muss\\\/#primaryimage\"},\"image\":{\"@id\":\"https:\\\/\\\/news.save.ch\\\/datenschutz-videoueberwachung-was-man-neu-beachten-muss\\\/#primaryimage\"},\"thumbnailUrl\":\"https:\\\/\\\/news.save.ch\\\/wp-content\\\/uploads\\\/2023\\\/09\\\/Video-134943.jpg\",\"datePublished\":\"2023-09-19T04:00:05+00:00\",\"dateModified\":\"2023-10-27T08:11:30+00:00\",\"description\":\"Das neue Datenschutzgesetz der Schweiz gilt seit 1. September 2023. Was bedeutet das f\u00fcr die Video\u00fcberwachung? \u00ad\",\"breadcrumb\":{\"@id\":\"https:\\\/\\\/news.save.ch\\\/datenschutz-videoueberwachung-was-man-neu-beachten-muss\\\/#breadcrumb\"},\"inLanguage\":\"it-IT\",\"potentialAction\":[{\"@type\":\"ReadAction\",\"target\":[\"https:\\\/\\\/news.save.ch\\\/datenschutz-videoueberwachung-was-man-neu-beachten-muss\\\/\"]}]},{\"@type\":\"ImageObject\",\"inLanguage\":\"it-IT\",\"@id\":\"https:\\\/\\\/news.save.ch\\\/datenschutz-videoueberwachung-was-man-neu-beachten-muss\\\/#primaryimage\",\"url\":\"https:\\\/\\\/news.save.ch\\\/wp-content\\\/uploads\\\/2023\\\/09\\\/Video-134943.jpg\",\"contentUrl\":\"https:\\\/\\\/news.save.ch\\\/wp-content\\\/uploads\\\/2023\\\/09\\\/Video-134943.jpg\",\"width\":459,\"height\":269,\"caption\":\"Jetzt ist es Pflicht, Hinweisschilder mit (!) Datenschutzerkl\u00e4rungen anzubringen. \u00a9 Walder Wyss AG\"},{\"@type\":\"BreadcrumbList\",\"@id\":\"https:\\\/\\\/news.save.ch\\\/datenschutz-videoueberwachung-was-man-neu-beachten-muss\\\/#breadcrumb\",\"itemListElement\":[{\"@type\":\"ListItem\",\"position\":1,\"name\":\"Home\",\"item\":\"https:\\\/\\\/news.save.ch\\\/de\\\/\"},{\"@type\":\"ListItem\",\"position\":2,\"name\":\"Datenschutz: Video\u00fcberwachung \u2013 was man neu \u00adbeachten muss\"}]},{\"@type\":\"WebSite\",\"@id\":\"https:\\\/\\\/news.save.ch\\\/de\\\/#website\",\"url\":\"https:\\\/\\\/news.save.ch\\\/de\\\/\",\"name\":\"Save\",\"description\":\"Schweizer Fachzeitschrift f\u00fcr Sicherheit\",\"publisher\":{\"@id\":\"https:\\\/\\\/news.save.ch\\\/de\\\/#organization\"},\"potentialAction\":[{\"@type\":\"SearchAction\",\"target\":{\"@type\":\"EntryPoint\",\"urlTemplate\":\"https:\\\/\\\/news.save.ch\\\/de\\\/?s={search_term_string}\"},\"query-input\":{\"@type\":\"PropertyValueSpecification\",\"valueRequired\":true,\"valueName\":\"search_term_string\"}}],\"inLanguage\":\"it-IT\"},{\"@type\":\"Organization\",\"@id\":\"https:\\\/\\\/news.save.ch\\\/de\\\/#organization\",\"name\":\"Sicherheitsforum\",\"url\":\"https:\\\/\\\/news.save.ch\\\/de\\\/\",\"logo\":{\"@type\":\"ImageObject\",\"inLanguage\":\"it-IT\",\"@id\":\"https:\\\/\\\/news.save.ch\\\/de\\\/#\\\/schema\\\/logo\\\/image\\\/\",\"url\":\"https:\\\/\\\/news.save.ch\\\/wp-content\\\/uploads\\\/2022\\\/06\\\/Logo_SF_2012.png\",\"contentUrl\":\"https:\\\/\\\/news.save.ch\\\/wp-content\\\/uploads\\\/2022\\\/06\\\/Logo_SF_2012.png\",\"width\":1100,\"height\":91,\"caption\":\"Sicherheitsforum\"},\"image\":{\"@id\":\"https:\\\/\\\/news.save.ch\\\/de\\\/#\\\/schema\\\/logo\\\/image\\\/\"}},{\"@type\":\"Person\",\"@id\":\"https:\\\/\\\/news.save.ch\\\/de\\\/#\\\/schema\\\/person\\\/d5022db048e0e2b9785c50e5b24da5aa\",\"name\":\"Roger Str\u00e4ssle\",\"image\":{\"@type\":\"ImageObject\",\"inLanguage\":\"it-IT\",\"@id\":\"https:\\\/\\\/secure.gravatar.com\\\/avatar\\\/862a5569d087de48e5856e32f45d719a03804c891d6deb8d4f71a660e79e4a47?s=96&d=mm&r=g\",\"url\":\"https:\\\/\\\/secure.gravatar.com\\\/avatar\\\/862a5569d087de48e5856e32f45d719a03804c891d6deb8d4f71a660e79e4a47?s=96&d=mm&r=g\",\"contentUrl\":\"https:\\\/\\\/secure.gravatar.com\\\/avatar\\\/862a5569d087de48e5856e32f45d719a03804c891d6deb8d4f71a660e79e4a47?s=96&d=mm&r=g\",\"caption\":\"Roger Str\u00e4ssle\"},\"url\":\"https:\\\/\\\/news.save.ch\\\/it\\\/author\\\/roger-straessle\\\/\"}]}<\/script>\n<!-- \/ Yoast SEO plugin. -->","yoast_head_json":{"title":"Protezione dei dati: videosorveglianza, a cosa fare attenzione ora - Save","description":"La nuova legge svizzera sulla protezione dei dati entra in vigore il 1\u00b0 settembre 2023. Cosa significa per la videosorveglianza?","robots":{"index":"index","follow":"follow","max-snippet":"max-snippet:-1","max-image-preview":"max-image-preview:large","max-video-preview":"max-video-preview:-1"},"canonical":"https:\/\/news.save.ch\/it\/datenschutz-videoueberwachung-was-man-neu-beachten-muss\/","og_locale":"it_IT","og_type":"article","og_title":"Datenschutz: Video\u00fcberwachung \u2013 was man neu \u00adbeachten muss - Save","og_description":"Das neue Datenschutzgesetz der Schweiz gilt seit 1. September 2023. Was bedeutet das f\u00fcr die Video\u00fcberwachung? \u00ad","og_url":"https:\/\/news.save.ch\/it\/datenschutz-videoueberwachung-was-man-neu-beachten-muss\/","og_site_name":"Save","article_published_time":"2023-09-19T04:00:05+00:00","article_modified_time":"2023-10-27T08:11:30+00:00","og_image":[{"width":459,"height":269,"url":"https:\/\/news.save.ch\/wp-content\/uploads\/2023\/09\/Video-134943.jpg","type":"image\/jpeg"}],"author":"Roger Str\u00e4ssle","twitter_card":"summary_large_image","twitter_misc":{"Scritto da":"Roger Str\u00e4ssle","Tempo di lettura stimato":"8 minuti"},"schema":{"@context":"https:\/\/schema.org","@graph":[{"@type":"Article","@id":"https:\/\/news.save.ch\/datenschutz-videoueberwachung-was-man-neu-beachten-muss\/#article","isPartOf":{"@id":"https:\/\/news.save.ch\/datenschutz-videoueberwachung-was-man-neu-beachten-muss\/"},"author":{"name":"Roger Str\u00e4ssle","@id":"https:\/\/news.save.ch\/de\/#\/schema\/person\/d5022db048e0e2b9785c50e5b24da5aa"},"headline":"Datenschutz: Video\u00fcberwachung \u2013 was man neu \u00adbeachten muss","datePublished":"2023-09-19T04:00:05+00:00","dateModified":"2023-10-27T08:11:30+00:00","mainEntityOfPage":{"@id":"https:\/\/news.save.ch\/datenschutz-videoueberwachung-was-man-neu-beachten-muss\/"},"wordCount":1336,"publisher":{"@id":"https:\/\/news.save.ch\/de\/#organization"},"image":{"@id":"https:\/\/news.save.ch\/datenschutz-videoueberwachung-was-man-neu-beachten-muss\/#primaryimage"},"thumbnailUrl":"https:\/\/news.save.ch\/wp-content\/uploads\/2023\/09\/Video-134943.jpg","keywords":["Video\u00fcberwachung"],"articleSection":["SICHERHEIT"],"inLanguage":"it-IT"},{"@type":"WebPage","@id":"https:\/\/news.save.ch\/datenschutz-videoueberwachung-was-man-neu-beachten-muss\/","url":"https:\/\/news.save.ch\/datenschutz-videoueberwachung-was-man-neu-beachten-muss\/","name":"Protezione dei dati: videosorveglianza, a cosa fare attenzione ora - Save","isPartOf":{"@id":"https:\/\/news.save.ch\/de\/#website"},"primaryImageOfPage":{"@id":"https:\/\/news.save.ch\/datenschutz-videoueberwachung-was-man-neu-beachten-muss\/#primaryimage"},"image":{"@id":"https:\/\/news.save.ch\/datenschutz-videoueberwachung-was-man-neu-beachten-muss\/#primaryimage"},"thumbnailUrl":"https:\/\/news.save.ch\/wp-content\/uploads\/2023\/09\/Video-134943.jpg","datePublished":"2023-09-19T04:00:05+00:00","dateModified":"2023-10-27T08:11:30+00:00","description":"La nuova legge svizzera sulla protezione dei dati entra in vigore il 1\u00b0 settembre 2023. Cosa significa per la videosorveglianza?","breadcrumb":{"@id":"https:\/\/news.save.ch\/datenschutz-videoueberwachung-was-man-neu-beachten-muss\/#breadcrumb"},"inLanguage":"it-IT","potentialAction":[{"@type":"ReadAction","target":["https:\/\/news.save.ch\/datenschutz-videoueberwachung-was-man-neu-beachten-muss\/"]}]},{"@type":"ImageObject","inLanguage":"it-IT","@id":"https:\/\/news.save.ch\/datenschutz-videoueberwachung-was-man-neu-beachten-muss\/#primaryimage","url":"https:\/\/news.save.ch\/wp-content\/uploads\/2023\/09\/Video-134943.jpg","contentUrl":"https:\/\/news.save.ch\/wp-content\/uploads\/2023\/09\/Video-134943.jpg","width":459,"height":269,"caption":"Jetzt ist es Pflicht, Hinweisschilder mit (!) Datenschutzerkl\u00e4rungen anzubringen. \u00a9 Walder Wyss AG"},{"@type":"BreadcrumbList","@id":"https:\/\/news.save.ch\/datenschutz-videoueberwachung-was-man-neu-beachten-muss\/#breadcrumb","itemListElement":[{"@type":"ListItem","position":1,"name":"Home","item":"https:\/\/news.save.ch\/de\/"},{"@type":"ListItem","position":2,"name":"Datenschutz: Video\u00fcberwachung \u2013 was man neu \u00adbeachten muss"}]},{"@type":"WebSite","@id":"https:\/\/news.save.ch\/de\/#website","url":"https:\/\/news.save.ch\/de\/","name":"Risparmiare","description":"Rivista svizzera specializzata in sicurezza","publisher":{"@id":"https:\/\/news.save.ch\/de\/#organization"},"potentialAction":[{"@type":"SearchAction","target":{"@type":"EntryPoint","urlTemplate":"https:\/\/news.save.ch\/de\/?s={search_term_string}"},"query-input":{"@type":"PropertyValueSpecification","valueRequired":true,"valueName":"search_term_string"}}],"inLanguage":"it-IT"},{"@type":"Organization","@id":"https:\/\/news.save.ch\/de\/#organization","name":"Forum sulla sicurezza","url":"https:\/\/news.save.ch\/de\/","logo":{"@type":"ImageObject","inLanguage":"it-IT","@id":"https:\/\/news.save.ch\/de\/#\/schema\/logo\/image\/","url":"https:\/\/news.save.ch\/wp-content\/uploads\/2022\/06\/Logo_SF_2012.png","contentUrl":"https:\/\/news.save.ch\/wp-content\/uploads\/2022\/06\/Logo_SF_2012.png","width":1100,"height":91,"caption":"Sicherheitsforum"},"image":{"@id":"https:\/\/news.save.ch\/de\/#\/schema\/logo\/image\/"}},{"@type":"Person","@id":"https:\/\/news.save.ch\/de\/#\/schema\/person\/d5022db048e0e2b9785c50e5b24da5aa","name":"Roger Str\u00e4ssle","image":{"@type":"ImageObject","inLanguage":"it-IT","@id":"https:\/\/secure.gravatar.com\/avatar\/862a5569d087de48e5856e32f45d719a03804c891d6deb8d4f71a660e79e4a47?s=96&d=mm&r=g","url":"https:\/\/secure.gravatar.com\/avatar\/862a5569d087de48e5856e32f45d719a03804c891d6deb8d4f71a660e79e4a47?s=96&d=mm&r=g","contentUrl":"https:\/\/secure.gravatar.com\/avatar\/862a5569d087de48e5856e32f45d719a03804c891d6deb8d4f71a660e79e4a47?s=96&d=mm&r=g","caption":"Roger Str\u00e4ssle"},"url":"https:\/\/news.save.ch\/it\/author\/roger-straessle\/"}]}},"_links":{"self":[{"href":"https:\/\/news.save.ch\/it\/wp-json\/wp\/v2\/posts\/22016","targetHints":{"allow":["GET"]}}],"collection":[{"href":"https:\/\/news.save.ch\/it\/wp-json\/wp\/v2\/posts"}],"about":[{"href":"https:\/\/news.save.ch\/it\/wp-json\/wp\/v2\/types\/post"}],"author":[{"embeddable":true,"href":"https:\/\/news.save.ch\/it\/wp-json\/wp\/v2\/users\/8"}],"replies":[{"embeddable":true,"href":"https:\/\/news.save.ch\/it\/wp-json\/wp\/v2\/comments?post=22016"}],"version-history":[{"count":6,"href":"https:\/\/news.save.ch\/it\/wp-json\/wp\/v2\/posts\/22016\/revisions"}],"predecessor-version":[{"id":22048,"href":"https:\/\/news.save.ch\/it\/wp-json\/wp\/v2\/posts\/22016\/revisions\/22048"}],"wp:featuredmedia":[{"embeddable":true,"href":"https:\/\/news.save.ch\/it\/wp-json\/wp\/v2\/media\/22018"}],"wp:attachment":[{"href":"https:\/\/news.save.ch\/it\/wp-json\/wp\/v2\/media?parent=22016"}],"wp:term":[{"taxonomy":"category","embeddable":true,"href":"https:\/\/news.save.ch\/it\/wp-json\/wp\/v2\/categories?post=22016"},{"taxonomy":"post_tag","embeddable":true,"href":"https:\/\/news.save.ch\/it\/wp-json\/wp\/v2\/tags?post=22016"}],"curies":[{"name":"wp","href":"https:\/\/api.w.org\/{rel}","templated":true}]}}