{"id":22080,"date":"2023-09-28T06:00:13","date_gmt":"2023-09-28T04:00:13","guid":{"rendered":"https:\/\/news.save.ch\/?p=22080"},"modified":"2023-09-27T18:12:19","modified_gmt":"2023-09-27T16:12:19","slug":"bund-und-kantone-koennen-hier-auf-augenhoehe-miteinander-diskutieren","status":null,"type":"post","link":"https:\/\/news.save.ch\/it\/bund-und-kantone-koennen-hier-auf-augenhoehe-miteinander-diskutieren\/","title":{"rendered":"\"La Confederazione e i Cantoni possono discutere qui su un piano di parit\u00e0\"."},"content":{"rendered":"<figure id=\"attachment_22083\" aria-describedby=\"caption-attachment-22083\" style=\"width: 518px\" class=\"wp-caption alignleft\"><img loading=\"lazy\" decoding=\"async\" class=\"wp-image-22083\" src=\"https:\/\/news.save.ch\/wp-content\/uploads\/2023\/09\/von-Muralt-1-667x1000.jpg\" alt=\"\" width=\"518\" height=\"777\" srcset=\"https:\/\/news.save.ch\/wp-content\/uploads\/2023\/09\/von-Muralt-1-667x1000.jpg 667w, https:\/\/news.save.ch\/wp-content\/uploads\/2023\/09\/von-Muralt-1-683x1024.jpg 683w, https:\/\/news.save.ch\/wp-content\/uploads\/2023\/09\/von-Muralt-1-768x1151.jpg 768w, https:\/\/news.save.ch\/wp-content\/uploads\/2023\/09\/von-Muralt-1-1025x1536.jpg 1025w, https:\/\/news.save.ch\/wp-content\/uploads\/2023\/09\/von-Muralt-1-8x12.jpg 8w, https:\/\/news.save.ch\/wp-content\/uploads\/2023\/09\/von-Muralt-1-200x300.jpg 200w, https:\/\/news.save.ch\/wp-content\/uploads\/2023\/09\/von-Muralt-1-234x350.jpg 234w, https:\/\/news.save.ch\/wp-content\/uploads\/2023\/09\/von-Muralt-1-534x800.jpg 534w, https:\/\/news.save.ch\/wp-content\/uploads\/2023\/09\/von-Muralt-1-scaled.jpg 801w\" sizes=\"auto, (max-width: 518px) 100vw, 518px\" \/><figcaption id=\"caption-attachment-22083\" class=\"wp-caption-text\">Il delegato della SVS Martin von Muralt. Immagine: SVS<\/figcaption><\/figure>\n<h3>Che cosa la attrae del lavoro di delegato SVS?<\/h3>\n<p><strong>Martin von Muralt:<\/strong> Il <a href=\"http:\/\/www.svs.admin.ch\" target=\"_blank\" rel=\"noopener\">Ufficio SVS<\/a> \u00e8 controllata e finanziata in egual misura dai Cantoni e dalla Confederazione. Entrambi i livelli di governo sono quindi equamente rappresentati negli organi dell'SVS. Anche i rappresentanti delle citt\u00e0, dei comuni e del settore privato possono partecipare ai gruppi di lavoro. La Rete svizzera di sicurezza, che ho l'onore di coordinare, \u00e8 quindi attiva a livello nazionale e ha una base ampia, il che rende il mio lavoro molto interessante. L'SVS \u00e8 attiva in diversi settori della sicurezza: nella sicurezza pubblica (ad esempio, prevenzione e lotta alla radicalizzazione e all'estremismo violento), nella gestione delle crisi, nella sicurezza informatica e in altri campi. In qualit\u00e0 di delegato, si ha una visione della protezione civile, della polizia e dell'ambiente militare. Guardiamo anche alle sfide future. Quindi sono in viaggio in modo diversificato e multidisciplinare. Lei modera il dialogo tra la Confederazione e i Cantoni.<\/p>\n<h3>Lo scambio tra i diversi livelli funziona?<\/h3>\n<p>La Rete Svizzera di Sicurezza ha due organi di gestione, uno politico e uno strategico. Sono gli unici organi del settore della sicurezza in cui la Confederazione e i Cantoni possono discutere di questioni a livello visivo. A livello politico, \u00e8 molto importante che le due Consigliere federali Viola Amherd, in qualit\u00e0 di capo del Dipartimento federale della difesa, della protezione della popolazione e dello sport (DDPS), ed Elisabeth Baume-Schneider, in qualit\u00e0 di capo del Dipartimento federale di giustizia e polizia (DFGP), incontrino i presidenti della KKJPD (Conferenza dei direttori cantonali di giustizia e polizia) e della RK MZF (Conferenza intergovernativa dei servizi militari, di protezione della popolazione e dei vigili del fuoco) alcune volte all'anno. Ho una sorta di mandato di mediazione e sono responsabile di garantire che i responsabili possano scambiarsi idee e alla fine raggiungere decisioni in grado di ottenere una maggioranza. Questo lavoro \u00e8 paragonabile ai Buoni Uffici della Svizzera in ambito internazionale, dove il Paese ha soprattutto un ruolo di mediazione. Questo \u00e8 anche il modo in cui deve essere inteso l'ufficio della SVS.<\/p>\n<h3>Su quali questioni di politica di sicurezza si concentra attualmente l'SVS?<\/h3>\n<p>Da un lato, il problema della cybersicurezza, parola chiave ransomware, che ha recentemente colpito la Svizzera sia a livello federale che cantonale. Questo tema \u00e8 in cima all'agenda. Va menzionata anche la nuova Segreteria di Stato del DDPS, istituita dal Consiglio federale nell'aprile 2023. La Segreteria di Stato svilupper\u00e0 e coordiner\u00e0 i principi strategici per l'ulteriore sviluppo complessivo della politica di sicurezza della Svizzera. Per noi \u00e8 importante il modo in cui viene organizzata la collaborazione con essa. L'esercitazione sulla rete di sicurezza (SVU) del 2019 ha dimostrato che la Svizzera ha bisogno di un sistema di rete dati sicuro (SDVS) contro gli attacchi terroristici e informatici.<\/p>\n<h3>Quando la Svizzera avr\u00e0 un sistema di comunicazione che garantisca anche il successo della protezione civile?<\/h3>\n<p>A questo proposito, la responsabilit\u00e0 non \u00e8 nostra, ma dell'Ufficio federale della protezione civile (UFPP). Naturalmente, l'UFPP ci informa regolarmente sullo stato dei lavori. L'SVU 2019 ha rivelato debolezze nella gestione delle crisi. Ne sono derivate quindici raccomandazioni.<\/p>\n<h3>Che cosa hanno implementato i responsabili fino ad oggi e dove sono ancora molto indietro?<\/h3>\n<p>L'attuazione delle misure avviene a tutti e tre i livelli di governo. La responsabilit\u00e0 dell'attuazione spetta alle rispettive organizzazioni. Nel caso di raccomandazioni rivolte al Governo federale, il Cancelliere federale \u00e8 responsabile del monitoraggio, mentre le citt\u00e0 e i Cantoni sono sovrani e autonomi nell'attuazione. A mia conoscenza, non esiste una panoramica dell'attuazione delle misure a livello federale, cantonale e comunale. L'esercito \u00e8 il principale responsabile dell'autoprotezione nel dominio cibernetico. Tuttavia, una raccomandazione dell'SVU 2019 \u00e8 che le forze armate potrebbero anche fornire un supporto mirato alle autorit\u00e0 civili con il loro know-how, se necessario. Il progetto \"Cyber Command\" del DDPS \u00e8 attualmente in fase di realizzazione. Questo comando dovrebbe essere operativo dal gennaio 2024. Come lei ha detto, tuttavia, si tratta soprattutto di una questione di autoprotezione per le forze armate. Il concetto globale di cyber serve ad avviare le misure necessarie per un ulteriore sviluppo nel settore del cyberspazio, dello spazio elettromagnetico e delle tecnologie dell'informazione e della comunicazione. Come sapete, la Svizzera dispone di un Centro nazionale di sicurezza informatica (NCSC). Questo centro di competenza federale per la sicurezza informatica \u00e8 il primo punto di contatto per l'economia, l'amministrazione, le istituzioni educative e la popolazione sulle questioni di sicurezza informatica. Una volta che il \"Cyber Command\" del DDPS avr\u00e0 avviato le sue attivit\u00e0, sar\u00e0 certamente necessario un coordinamento tra esso e l'NCSC per stabilire chi si occuper\u00e0 specificamente di quali compiti civili e dove si completeranno a vicenda.Il primo SVU del 2014 si \u00e8 occupato della carenza di elettricit\u00e0 e della pandemia.<\/p>\n<h3>La gestione della pandemia avrebbe funzionato meno bene senza l'SVU del 2014?<\/h3>\n<p>Le autorit\u00e0, sia a livello federale che cantonale o comunale, che hanno preso sul serio le successive raccomandazioni dell'SVU 14 sono state meglio preparate per la gestione delle crisi durante la pandemia effettiva o la carenza energetica dello scorso inverno rispetto a quelle che hanno ignorato le raccomandazioni. Ci sono studenti bravi e meno bravi, che non nominer\u00f2 in questa sede. Tuttavia, alcune organizzazioni hanno investito in generatori di emergenza per avere un backup in caso di emergenza - per citare solo un esempio.<\/p>\n<h3>Esiste un sistema di monitoraggio per inviare solleciti agli inadempienti?<\/h3>\n<p>S\u00ec, questo organismo esiste. A livello federale, la Cancelleria federale \u00e8 responsabile del monitoraggio delle misure adottate nelle esercitazioni di sicurezza. La Cancelleria federale ha preparato un rapporto di monitoraggio all'attenzione dei Cantoni. Ma, come \u00e8 noto, nella Svizzera federalista la decisione sull'attuazione spetta ai Cantoni stessi, quindi la Confederazione non pu\u00f2 \"convincerli\".Un concetto per un'esercitazione integrata nel 2025 dovrebbe essere disponibile entro la fine del 2023.<\/p>\n<h3>Quale scenario vuoi giocare?<\/h3>\n<p>Per la prima volta, nell'arco di due anni si svolger\u00e0 la cosiddetta esercitazione integrata 2025 (UI 25). Si tratta della combinazione dell'esercitazione dell'associazione di sicurezza e dell'esercitazione di comando strategico. Con l'IU 25, tutti i livelli di governo saranno esercitati insieme per una volta: Sia il Consiglio federale che i consigli cantonali e comunali vi sono integrati. Il concetto dovr\u00e0 essere adottato entro la fine del 2023.<\/p>\n<h3>Quale scenario si presenter\u00e0 all'esercitazione del 2025?<\/h3>\n<p>Il tema dell'esercitazione \u00e8 stato sottoposto ai membri della piattaforma operativa della Rete Svizzera di Sicurezza per consultazione. La piattaforma politica della SVS ha poi definito uno scenario di esercitazione, che non \u00e8 ancora stato pubblicato ufficialmente e deve ancora essere elaborato. L'obiettivo \u00e8 quello di avere uno scenario che permetta di esercitare i processi e le organizzazioni che vogliamo valutare. Il concetto di IU-25 \u00e8 in fase di elaborazione da parte della Cancelleria federale. Il Consiglio federale dovr\u00e0 infine adottarlo. Pertanto, non posso fornire ulteriori informazioni sull'imminente esercitazione.<\/p>","protected":false},"excerpt":{"rendered":"<p>Was reizt Sie an der Aufgabe des \u00adSVS-Delegierten? Martin von Muralt: Die SVS-Gesch\u00e4ftsstelle wird je zur H\u00e4lfte durch die Kantone und den Bund gesteuert und finanziert. Beide Staatsebenen sind deshalb in den SVS-Organen parit\u00e4tisch vertreten. In den Arbeitsgruppen k\u00f6nnen zudem Vertreterinnen und Vertreter von St\u00e4dten, Gemeinden und der Privatwirtschaft mitwirken. Der Sicherheitsverbund Schweiz, den ich [&hellip;]<\/p>\n","protected":false},"author":8,"featured_media":22082,"comment_status":"closed","ping_status":"closed","sticky":false,"template":"","format":"standard","meta":{"_acf_changed":false,"pgc_sgb_lightbox_settings":"","footnotes":""},"categories":[3312],"tags":[6356],"class_list":["post-22080","post","type-post","status-publish","format-standard","has-post-thumbnail","hentry","category-sicherheit","tag-innere-sicherheit"],"acf":[],"hkrextid":null,"publication":null,"issue":null,"workflow":null,"startPage":null,"spitzmarke":null,"_posts_by_tag_page_fields":null,"_at_widget":null,"_yoast_wpseo_primary_category":"3312","_yoast_wpseo_focuskw_text_input":null,"_yoast_wpseo_opengraph-image":null,"_yoast_wpseo_opengraph-description":null,"_yoast_wpseo_opengraph-title":null,"enclosure":null,"_yoast_wpseo_twitter-title":null,"_yoast_wpseo_twitter-description":null,"_yoast_wpseo_twitter-image":null,"_wp_old_slug":null,"_yoast_wpseo_title":null,"_yoast_wpseo_canonical":null,"yoast_head":"<!-- This site is optimized with the Yoast SEO plugin v27.4 - https:\/\/yoast.com\/product\/yoast-seo-wordpress\/ -->\n<title>\u00abBund und Kantone k\u00f6nnen hier auf \u00adAugenh\u00f6he miteinander diskutieren\u00bb - Save<\/title>\n<meta name=\"description\" content=\"Martin\u00a0von Muralt vom Sicherheitsverbund Schweiz (SVS) im Interview. Der SVS umfasst alle sicherheitspolitischen Instrumente des\u00a0Bundes, der Kantone und der Gemeinden.\" \/>\n<meta name=\"robots\" content=\"index, follow, max-snippet:-1, max-image-preview:large, max-video-preview:-1\" \/>\n<link rel=\"canonical\" href=\"https:\/\/news.save.ch\/it\/bund-und-kantone-koennen-hier-auf-augenhoehe-miteinander-diskutieren\/\" \/>\n<meta property=\"og:locale\" content=\"it_IT\" \/>\n<meta property=\"og:type\" content=\"article\" \/>\n<meta property=\"og:title\" content=\"\u00abBund und Kantone k\u00f6nnen hier auf \u00adAugenh\u00f6he miteinander diskutieren\u00bb - Save\" \/>\n<meta property=\"og:description\" content=\"Martin\u00a0von Muralt vom Sicherheitsverbund Schweiz (SVS) im Interview. Der SVS umfasst alle sicherheitspolitischen Instrumente des\u00a0Bundes, der Kantone und der Gemeinden.\" \/>\n<meta property=\"og:url\" content=\"https:\/\/news.save.ch\/it\/bund-und-kantone-koennen-hier-auf-augenhoehe-miteinander-diskutieren\/\" \/>\n<meta property=\"og:site_name\" content=\"Save\" \/>\n<meta property=\"article:published_time\" content=\"2023-09-28T04:00:13+00:00\" \/>\n<meta property=\"og:image\" content=\"https:\/\/news.save.ch\/wp-content\/uploads\/2023\/09\/Depositphotos_20832273_S.jpg\" \/>\n\t<meta property=\"og:image:width\" content=\"1000\" \/>\n\t<meta property=\"og:image:height\" content=\"662\" \/>\n\t<meta property=\"og:image:type\" content=\"image\/jpeg\" \/>\n<meta name=\"author\" content=\"Roger Str\u00e4ssle\" \/>\n<meta name=\"twitter:card\" content=\"summary_large_image\" \/>\n<meta name=\"twitter:label1\" content=\"Scritto da\" \/>\n\t<meta name=\"twitter:data1\" content=\"Roger Str\u00e4ssle\" \/>\n\t<meta name=\"twitter:label2\" content=\"Tempo di lettura stimato\" \/>\n\t<meta name=\"twitter:data2\" content=\"6 minuti\" \/>\n<script type=\"application\/ld+json\" class=\"yoast-schema-graph\">{\"@context\":\"https:\\\/\\\/schema.org\",\"@graph\":[{\"@type\":\"Article\",\"@id\":\"https:\\\/\\\/news.save.ch\\\/bund-und-kantone-koennen-hier-auf-augenhoehe-miteinander-diskutieren\\\/#article\",\"isPartOf\":{\"@id\":\"https:\\\/\\\/news.save.ch\\\/bund-und-kantone-koennen-hier-auf-augenhoehe-miteinander-diskutieren\\\/\"},\"author\":{\"name\":\"Roger Str\u00e4ssle\",\"@id\":\"https:\\\/\\\/news.save.ch\\\/de\\\/#\\\/schema\\\/person\\\/d5022db048e0e2b9785c50e5b24da5aa\"},\"headline\":\"\u00abBund und Kantone k\u00f6nnen hier auf \u00adAugenh\u00f6he miteinander diskutieren\u00bb\",\"datePublished\":\"2023-09-28T04:00:13+00:00\",\"mainEntityOfPage\":{\"@id\":\"https:\\\/\\\/news.save.ch\\\/bund-und-kantone-koennen-hier-auf-augenhoehe-miteinander-diskutieren\\\/\"},\"wordCount\":1121,\"publisher\":{\"@id\":\"https:\\\/\\\/news.save.ch\\\/de\\\/#organization\"},\"image\":{\"@id\":\"https:\\\/\\\/news.save.ch\\\/bund-und-kantone-koennen-hier-auf-augenhoehe-miteinander-diskutieren\\\/#primaryimage\"},\"thumbnailUrl\":\"https:\\\/\\\/news.save.ch\\\/wp-content\\\/uploads\\\/2023\\\/09\\\/Depositphotos_20832273_S.jpg\",\"keywords\":[\"Innere Sicherheit\"],\"articleSection\":[\"SICHERHEIT\"],\"inLanguage\":\"it-IT\"},{\"@type\":\"WebPage\",\"@id\":\"https:\\\/\\\/news.save.ch\\\/bund-und-kantone-koennen-hier-auf-augenhoehe-miteinander-diskutieren\\\/\",\"url\":\"https:\\\/\\\/news.save.ch\\\/bund-und-kantone-koennen-hier-auf-augenhoehe-miteinander-diskutieren\\\/\",\"name\":\"\u00abBund und Kantone k\u00f6nnen hier auf \u00adAugenh\u00f6he miteinander diskutieren\u00bb - Save\",\"isPartOf\":{\"@id\":\"https:\\\/\\\/news.save.ch\\\/de\\\/#website\"},\"primaryImageOfPage\":{\"@id\":\"https:\\\/\\\/news.save.ch\\\/bund-und-kantone-koennen-hier-auf-augenhoehe-miteinander-diskutieren\\\/#primaryimage\"},\"image\":{\"@id\":\"https:\\\/\\\/news.save.ch\\\/bund-und-kantone-koennen-hier-auf-augenhoehe-miteinander-diskutieren\\\/#primaryimage\"},\"thumbnailUrl\":\"https:\\\/\\\/news.save.ch\\\/wp-content\\\/uploads\\\/2023\\\/09\\\/Depositphotos_20832273_S.jpg\",\"datePublished\":\"2023-09-28T04:00:13+00:00\",\"description\":\"Martin\u00a0von Muralt vom Sicherheitsverbund Schweiz (SVS) im Interview. Der SVS umfasst alle sicherheitspolitischen Instrumente des\u00a0Bundes, der Kantone und der Gemeinden.\",\"breadcrumb\":{\"@id\":\"https:\\\/\\\/news.save.ch\\\/bund-und-kantone-koennen-hier-auf-augenhoehe-miteinander-diskutieren\\\/#breadcrumb\"},\"inLanguage\":\"it-IT\",\"potentialAction\":[{\"@type\":\"ReadAction\",\"target\":[\"https:\\\/\\\/news.save.ch\\\/bund-und-kantone-koennen-hier-auf-augenhoehe-miteinander-diskutieren\\\/\"]}]},{\"@type\":\"ImageObject\",\"inLanguage\":\"it-IT\",\"@id\":\"https:\\\/\\\/news.save.ch\\\/bund-und-kantone-koennen-hier-auf-augenhoehe-miteinander-diskutieren\\\/#primaryimage\",\"url\":\"https:\\\/\\\/news.save.ch\\\/wp-content\\\/uploads\\\/2023\\\/09\\\/Depositphotos_20832273_S.jpg\",\"contentUrl\":\"https:\\\/\\\/news.save.ch\\\/wp-content\\\/uploads\\\/2023\\\/09\\\/Depositphotos_20832273_S.jpg\",\"width\":1000,\"height\":662,\"caption\":\"Depositphotos, happyalex\"},{\"@type\":\"BreadcrumbList\",\"@id\":\"https:\\\/\\\/news.save.ch\\\/bund-und-kantone-koennen-hier-auf-augenhoehe-miteinander-diskutieren\\\/#breadcrumb\",\"itemListElement\":[{\"@type\":\"ListItem\",\"position\":1,\"name\":\"Home\",\"item\":\"https:\\\/\\\/news.save.ch\\\/de\\\/\"},{\"@type\":\"ListItem\",\"position\":2,\"name\":\"\u00abBund und Kantone k\u00f6nnen hier auf \u00adAugenh\u00f6he miteinander diskutieren\u00bb\"}]},{\"@type\":\"WebSite\",\"@id\":\"https:\\\/\\\/news.save.ch\\\/de\\\/#website\",\"url\":\"https:\\\/\\\/news.save.ch\\\/de\\\/\",\"name\":\"Save\",\"description\":\"Schweizer Fachzeitschrift f\u00fcr Sicherheit\",\"publisher\":{\"@id\":\"https:\\\/\\\/news.save.ch\\\/de\\\/#organization\"},\"potentialAction\":[{\"@type\":\"SearchAction\",\"target\":{\"@type\":\"EntryPoint\",\"urlTemplate\":\"https:\\\/\\\/news.save.ch\\\/de\\\/?s={search_term_string}\"},\"query-input\":{\"@type\":\"PropertyValueSpecification\",\"valueRequired\":true,\"valueName\":\"search_term_string\"}}],\"inLanguage\":\"it-IT\"},{\"@type\":\"Organization\",\"@id\":\"https:\\\/\\\/news.save.ch\\\/de\\\/#organization\",\"name\":\"Sicherheitsforum\",\"url\":\"https:\\\/\\\/news.save.ch\\\/de\\\/\",\"logo\":{\"@type\":\"ImageObject\",\"inLanguage\":\"it-IT\",\"@id\":\"https:\\\/\\\/news.save.ch\\\/de\\\/#\\\/schema\\\/logo\\\/image\\\/\",\"url\":\"https:\\\/\\\/news.save.ch\\\/wp-content\\\/uploads\\\/2022\\\/06\\\/Logo_SF_2012.png\",\"contentUrl\":\"https:\\\/\\\/news.save.ch\\\/wp-content\\\/uploads\\\/2022\\\/06\\\/Logo_SF_2012.png\",\"width\":1100,\"height\":91,\"caption\":\"Sicherheitsforum\"},\"image\":{\"@id\":\"https:\\\/\\\/news.save.ch\\\/de\\\/#\\\/schema\\\/logo\\\/image\\\/\"}},{\"@type\":\"Person\",\"@id\":\"https:\\\/\\\/news.save.ch\\\/de\\\/#\\\/schema\\\/person\\\/d5022db048e0e2b9785c50e5b24da5aa\",\"name\":\"Roger Str\u00e4ssle\",\"image\":{\"@type\":\"ImageObject\",\"inLanguage\":\"it-IT\",\"@id\":\"https:\\\/\\\/secure.gravatar.com\\\/avatar\\\/862a5569d087de48e5856e32f45d719a03804c891d6deb8d4f71a660e79e4a47?s=96&d=mm&r=g\",\"url\":\"https:\\\/\\\/secure.gravatar.com\\\/avatar\\\/862a5569d087de48e5856e32f45d719a03804c891d6deb8d4f71a660e79e4a47?s=96&d=mm&r=g\",\"contentUrl\":\"https:\\\/\\\/secure.gravatar.com\\\/avatar\\\/862a5569d087de48e5856e32f45d719a03804c891d6deb8d4f71a660e79e4a47?s=96&d=mm&r=g\",\"caption\":\"Roger Str\u00e4ssle\"},\"url\":\"https:\\\/\\\/news.save.ch\\\/it\\\/author\\\/roger-straessle\\\/\"}]}<\/script>\n<!-- \/ Yoast SEO plugin. -->","yoast_head_json":{"title":"\"La Confederazione e i Cantoni possono discutere qui ad altezza d'uomo\" - Save","description":"Martin von Muralt della Rete Svizzera di Sicurezza (SVS) in un'intervista. La SVS comprende tutti gli strumenti di politica di sicurezza della Confederazione, dei Cantoni e dei Comuni.","robots":{"index":"index","follow":"follow","max-snippet":"max-snippet:-1","max-image-preview":"max-image-preview:large","max-video-preview":"max-video-preview:-1"},"canonical":"https:\/\/news.save.ch\/it\/bund-und-kantone-koennen-hier-auf-augenhoehe-miteinander-diskutieren\/","og_locale":"it_IT","og_type":"article","og_title":"\u00abBund und Kantone k\u00f6nnen hier auf \u00adAugenh\u00f6he miteinander diskutieren\u00bb - Save","og_description":"Martin\u00a0von Muralt vom Sicherheitsverbund Schweiz (SVS) im Interview. Der SVS umfasst alle sicherheitspolitischen Instrumente des\u00a0Bundes, der Kantone und der Gemeinden.","og_url":"https:\/\/news.save.ch\/it\/bund-und-kantone-koennen-hier-auf-augenhoehe-miteinander-diskutieren\/","og_site_name":"Save","article_published_time":"2023-09-28T04:00:13+00:00","og_image":[{"width":1000,"height":662,"url":"https:\/\/news.save.ch\/wp-content\/uploads\/2023\/09\/Depositphotos_20832273_S.jpg","type":"image\/jpeg"}],"author":"Roger Str\u00e4ssle","twitter_card":"summary_large_image","twitter_misc":{"Scritto da":"Roger Str\u00e4ssle","Tempo di lettura stimato":"6 minuti"},"schema":{"@context":"https:\/\/schema.org","@graph":[{"@type":"Article","@id":"https:\/\/news.save.ch\/bund-und-kantone-koennen-hier-auf-augenhoehe-miteinander-diskutieren\/#article","isPartOf":{"@id":"https:\/\/news.save.ch\/bund-und-kantone-koennen-hier-auf-augenhoehe-miteinander-diskutieren\/"},"author":{"name":"Roger Str\u00e4ssle","@id":"https:\/\/news.save.ch\/de\/#\/schema\/person\/d5022db048e0e2b9785c50e5b24da5aa"},"headline":"\u00abBund und Kantone k\u00f6nnen hier auf \u00adAugenh\u00f6he miteinander diskutieren\u00bb","datePublished":"2023-09-28T04:00:13+00:00","mainEntityOfPage":{"@id":"https:\/\/news.save.ch\/bund-und-kantone-koennen-hier-auf-augenhoehe-miteinander-diskutieren\/"},"wordCount":1121,"publisher":{"@id":"https:\/\/news.save.ch\/de\/#organization"},"image":{"@id":"https:\/\/news.save.ch\/bund-und-kantone-koennen-hier-auf-augenhoehe-miteinander-diskutieren\/#primaryimage"},"thumbnailUrl":"https:\/\/news.save.ch\/wp-content\/uploads\/2023\/09\/Depositphotos_20832273_S.jpg","keywords":["Innere Sicherheit"],"articleSection":["SICHERHEIT"],"inLanguage":"it-IT"},{"@type":"WebPage","@id":"https:\/\/news.save.ch\/bund-und-kantone-koennen-hier-auf-augenhoehe-miteinander-diskutieren\/","url":"https:\/\/news.save.ch\/bund-und-kantone-koennen-hier-auf-augenhoehe-miteinander-diskutieren\/","name":"\"La Confederazione e i Cantoni possono discutere qui ad altezza d'uomo\" - Save","isPartOf":{"@id":"https:\/\/news.save.ch\/de\/#website"},"primaryImageOfPage":{"@id":"https:\/\/news.save.ch\/bund-und-kantone-koennen-hier-auf-augenhoehe-miteinander-diskutieren\/#primaryimage"},"image":{"@id":"https:\/\/news.save.ch\/bund-und-kantone-koennen-hier-auf-augenhoehe-miteinander-diskutieren\/#primaryimage"},"thumbnailUrl":"https:\/\/news.save.ch\/wp-content\/uploads\/2023\/09\/Depositphotos_20832273_S.jpg","datePublished":"2023-09-28T04:00:13+00:00","description":"Martin von Muralt della Rete Svizzera di Sicurezza (SVS) in un'intervista. La SVS comprende tutti gli strumenti di politica di sicurezza della Confederazione, dei Cantoni e dei Comuni.","breadcrumb":{"@id":"https:\/\/news.save.ch\/bund-und-kantone-koennen-hier-auf-augenhoehe-miteinander-diskutieren\/#breadcrumb"},"inLanguage":"it-IT","potentialAction":[{"@type":"ReadAction","target":["https:\/\/news.save.ch\/bund-und-kantone-koennen-hier-auf-augenhoehe-miteinander-diskutieren\/"]}]},{"@type":"ImageObject","inLanguage":"it-IT","@id":"https:\/\/news.save.ch\/bund-und-kantone-koennen-hier-auf-augenhoehe-miteinander-diskutieren\/#primaryimage","url":"https:\/\/news.save.ch\/wp-content\/uploads\/2023\/09\/Depositphotos_20832273_S.jpg","contentUrl":"https:\/\/news.save.ch\/wp-content\/uploads\/2023\/09\/Depositphotos_20832273_S.jpg","width":1000,"height":662,"caption":"Depositphotos, happyalex"},{"@type":"BreadcrumbList","@id":"https:\/\/news.save.ch\/bund-und-kantone-koennen-hier-auf-augenhoehe-miteinander-diskutieren\/#breadcrumb","itemListElement":[{"@type":"ListItem","position":1,"name":"Home","item":"https:\/\/news.save.ch\/de\/"},{"@type":"ListItem","position":2,"name":"\u00abBund und Kantone k\u00f6nnen hier auf \u00adAugenh\u00f6he miteinander diskutieren\u00bb"}]},{"@type":"WebSite","@id":"https:\/\/news.save.ch\/de\/#website","url":"https:\/\/news.save.ch\/de\/","name":"Risparmiare","description":"Rivista svizzera specializzata in sicurezza","publisher":{"@id":"https:\/\/news.save.ch\/de\/#organization"},"potentialAction":[{"@type":"SearchAction","target":{"@type":"EntryPoint","urlTemplate":"https:\/\/news.save.ch\/de\/?s={search_term_string}"},"query-input":{"@type":"PropertyValueSpecification","valueRequired":true,"valueName":"search_term_string"}}],"inLanguage":"it-IT"},{"@type":"Organization","@id":"https:\/\/news.save.ch\/de\/#organization","name":"Forum sulla sicurezza","url":"https:\/\/news.save.ch\/de\/","logo":{"@type":"ImageObject","inLanguage":"it-IT","@id":"https:\/\/news.save.ch\/de\/#\/schema\/logo\/image\/","url":"https:\/\/news.save.ch\/wp-content\/uploads\/2022\/06\/Logo_SF_2012.png","contentUrl":"https:\/\/news.save.ch\/wp-content\/uploads\/2022\/06\/Logo_SF_2012.png","width":1100,"height":91,"caption":"Sicherheitsforum"},"image":{"@id":"https:\/\/news.save.ch\/de\/#\/schema\/logo\/image\/"}},{"@type":"Person","@id":"https:\/\/news.save.ch\/de\/#\/schema\/person\/d5022db048e0e2b9785c50e5b24da5aa","name":"Roger Str\u00e4ssle","image":{"@type":"ImageObject","inLanguage":"it-IT","@id":"https:\/\/secure.gravatar.com\/avatar\/862a5569d087de48e5856e32f45d719a03804c891d6deb8d4f71a660e79e4a47?s=96&d=mm&r=g","url":"https:\/\/secure.gravatar.com\/avatar\/862a5569d087de48e5856e32f45d719a03804c891d6deb8d4f71a660e79e4a47?s=96&d=mm&r=g","contentUrl":"https:\/\/secure.gravatar.com\/avatar\/862a5569d087de48e5856e32f45d719a03804c891d6deb8d4f71a660e79e4a47?s=96&d=mm&r=g","caption":"Roger Str\u00e4ssle"},"url":"https:\/\/news.save.ch\/it\/author\/roger-straessle\/"}]}},"_links":{"self":[{"href":"https:\/\/news.save.ch\/it\/wp-json\/wp\/v2\/posts\/22080","targetHints":{"allow":["GET"]}}],"collection":[{"href":"https:\/\/news.save.ch\/it\/wp-json\/wp\/v2\/posts"}],"about":[{"href":"https:\/\/news.save.ch\/it\/wp-json\/wp\/v2\/types\/post"}],"author":[{"embeddable":true,"href":"https:\/\/news.save.ch\/it\/wp-json\/wp\/v2\/users\/8"}],"replies":[{"embeddable":true,"href":"https:\/\/news.save.ch\/it\/wp-json\/wp\/v2\/comments?post=22080"}],"version-history":[{"count":3,"href":"https:\/\/news.save.ch\/it\/wp-json\/wp\/v2\/posts\/22080\/revisions"}],"predecessor-version":[{"id":22085,"href":"https:\/\/news.save.ch\/it\/wp-json\/wp\/v2\/posts\/22080\/revisions\/22085"}],"wp:featuredmedia":[{"embeddable":true,"href":"https:\/\/news.save.ch\/it\/wp-json\/wp\/v2\/media\/22082"}],"wp:attachment":[{"href":"https:\/\/news.save.ch\/it\/wp-json\/wp\/v2\/media?parent=22080"}],"wp:term":[{"taxonomy":"category","embeddable":true,"href":"https:\/\/news.save.ch\/it\/wp-json\/wp\/v2\/categories?post=22080"},{"taxonomy":"post_tag","embeddable":true,"href":"https:\/\/news.save.ch\/it\/wp-json\/wp\/v2\/tags?post=22080"}],"curies":[{"name":"wp","href":"https:\/\/api.w.org\/{rel}","templated":true}]}}