{"id":22165,"date":"2023-10-12T16:13:04","date_gmt":"2023-10-12T14:13:04","guid":{"rendered":"https:\/\/news.save.ch\/?p=22165"},"modified":"2023-10-12T16:13:04","modified_gmt":"2023-10-12T14:13:04","slug":"die-grippeimpfsaison-beginnt","status":null,"type":"post","link":"https:\/\/news.save.ch\/it\/die-grippeimpfsaison-beginnt\/","title":{"rendered":"Inizia la stagione delle vaccinazioni antinfluenzali"},"content":{"rendered":"<figure id=\"attachment_22166\" aria-describedby=\"caption-attachment-22166\" style=\"width: 680px\" class=\"wp-caption aligncenter\"><img loading=\"lazy\" decoding=\"async\" class=\"size-medium wp-image-22166\" src=\"https:\/\/news.save.ch\/wp-content\/uploads\/2023\/10\/Depositphotos_16276145_S-680x468.jpg\" alt=\"Vaccinazione\" width=\"680\" height=\"468\" srcset=\"https:\/\/news.save.ch\/wp-content\/uploads\/2023\/10\/Depositphotos_16276145_S-680x468.jpg 680w, https:\/\/news.save.ch\/wp-content\/uploads\/2023\/10\/Depositphotos_16276145_S-768x528.jpg 768w, https:\/\/news.save.ch\/wp-content\/uploads\/2023\/10\/Depositphotos_16276145_S-18x12.jpg 18w, https:\/\/news.save.ch\/wp-content\/uploads\/2023\/10\/Depositphotos_16276145_S-375x258.jpg 375w, https:\/\/news.save.ch\/wp-content\/uploads\/2023\/10\/Depositphotos_16276145_S-509x350.jpg 509w, https:\/\/news.save.ch\/wp-content\/uploads\/2023\/10\/Depositphotos_16276145_S.jpg 1000w\" sizes=\"auto, (max-width: 680px) 100vw, 680px\" \/><figcaption id=\"caption-attachment-22166\" class=\"wp-caption-text\">Depositphotos, Subbotina<\/figcaption><\/figure>\n<p>Secondo l'UFSP, la vaccinazione antinfluenzale \u00e8 raccomandata alle persone con un rischio maggiore di complicazioni a partire dai sei mesi di et\u00e0: Si tratta di persone con malattie croniche come quelle respiratorie o cardiache, donne in gravidanza, bambini nati prematuramente e tutte le persone di et\u00e0 superiore ai 65 anni.<\/p>\n<p>La vaccinazione \u00e8 raccomandata anche a tutti coloro che entrano in stretto contatto professionale o privato con persone ad alto rischio di complicazioni. L'UFSP raccomanda pertanto la vaccinazione in particolare alle persone che vivono nello stesso nucleo familiare, al personale medico e infermieristico, nonch\u00e9 ai dipendenti di asili nido, case di riposo e case di cura. Questo vale anche per i familiari dei neonati di et\u00e0 inferiore ai sei mesi. I neonati hanno un rischio maggiore di complicazioni, ma non possono essere vaccinati da soli, come scrive l'UFSP.<\/p>\n<h3>Problemi di pollame<\/h3>\n<p>Secondo le informazioni, la vaccinazione \u00e8 ora raccomandata anche alle persone che hanno contatti regolari con pollame o uccelli selvatici. Questo per evitare che una persona venga infettata da un virus dell'influenza aviaria e da un virus dell'influenza umana allo stesso tempo.<\/p>\n<h3>Tempi e costi della vaccinazione<\/h3>\n<p>Il periodo migliore per sottoporsi alla vaccinazione antinfluenzale va da met\u00e0 ottobre fino all'inizio dell'epidemia influenzale. L'UFSP consiglia di fissare per tempo un appuntamento per la vaccinazione antinfluenzale, ad esempio presso uno studio medico o una farmacia.<\/p>\n<p>Per le persone con un rischio maggiore di complicazioni secondo le raccomandazioni di vaccinazione dell'UFSP, la vaccinazione antinfluenzale \u00e8 generalmente pagata dall'assicurazione sanitaria obbligatoria, a condizione che la franchigia sia gi\u00e0 stata esaurita. Tutti gli altri pagano la vaccinazione da soli. Molte aziende offrono gratuitamente la vaccinazione ai propri dipendenti.<\/p>\n<p><em>Sul sito web <a href=\"http:\/\/www.schutzvordergrippe.ch\" target=\"_blank\" rel=\"noopener\">www.schutzvordergrippe.ch<\/a> \u00e8 possibile trovare informazioni aggiornate e dettagliate sulla vaccinazione antinfluenzale.<\/em><\/p>\n<p><em>Informazioni sul <a href=\"http:\/\/news.save.ch\/it\/covid-19-impfung-fuer-besonders-gefaehrdete-personen\/\" target=\"_blank\" rel=\"noopener\">La vaccinazione Covid-19 \u00e8 disponibile qui<\/a>.<\/em><\/p>\n<p>&nbsp;<\/p>\n<blockquote>\n<h3>Nuovo portale informativo dell'UFSP sulle malattie trasmissibili<\/h3>\n<p>Nella prima met\u00e0 di novembre l'UFSP lancer\u00e0 un nuovo portale informativo. Esso fornir\u00e0 una chiara panoramica dell'andamento epidemiologico delle malattie trasmissibili in Svizzera. Inizialmente, il portale mostrer\u00e0 il numero di infezioni da influenza e Covid 19 segnalate, nonch\u00e9 il numero di altri virus respiratori. Fino ad allora, i dati saranno pubblicati sul cruscotto Covid o sul sito web dell'UFSP.<\/p>\n<p>L'UFSP amplier\u00e0 gradualmente il portale informativo per includere altre malattie trasmissibili, man mano che si concluder\u00e0.<\/p><\/blockquote>","protected":false},"excerpt":{"rendered":"<p>Laut BAG wird die Grippeimpfung Menschen mit erh\u00f6htem Komplikationsrisiko ab dem Alter von sechs Monaten empfohlen: Dazu geh\u00f6ren Personen mit chronischen Erkrankungen wie Atemwegs- oder Herzkrankheiten, schwangere Frauen, fr\u00fchgeborene Kinder und alle Menschen ab 65 Jahren. Die Impfung werde weiter allen empfohlen, die beruflich oder privat eng mit Personen mit erh\u00f6htem Komplikationsrisiko in Kontakt k\u00e4men. [&hellip;]<\/p>\n","protected":false},"author":8,"featured_media":22166,"comment_status":"closed","ping_status":"closed","sticky":false,"template":"","format":"standard","meta":{"_acf_changed":false,"pgc_sgb_lightbox_settings":"","footnotes":""},"categories":[1],"tags":[6359],"class_list":["post-22165","post","type-post","status-publish","format-standard","has-post-thumbnail","hentry","category-allgemein","tag-grippeimpfung"],"acf":[],"hkrextid":null,"publication":null,"issue":null,"workflow":null,"startPage":null,"spitzmarke":null,"_posts_by_tag_page_fields":null,"_at_widget":null,"_yoast_wpseo_primary_category":"","_yoast_wpseo_focuskw_text_input":null,"_yoast_wpseo_opengraph-image":null,"_yoast_wpseo_opengraph-description":null,"_yoast_wpseo_opengraph-title":null,"enclosure":null,"_yoast_wpseo_twitter-title":null,"_yoast_wpseo_twitter-description":null,"_yoast_wpseo_twitter-image":null,"_wp_old_slug":null,"_yoast_wpseo_title":null,"_yoast_wpseo_canonical":null,"yoast_head":"<!-- This site is optimized with the Yoast SEO plugin v27.4 - https:\/\/yoast.com\/product\/yoast-seo-wordpress\/ -->\n<title>Die Grippeimpfsaison beginnt - Save<\/title>\n<meta name=\"description\" content=\"Das BAG empfiehlt die Grippeimpfung f\u00fcr bestimmte Personengruppen. Impfen solle sich auch wer Kontakt zu Gefl\u00fcgel\/Wildv\u00f6geln habe.\" \/>\n<meta name=\"robots\" content=\"index, follow, max-snippet:-1, max-image-preview:large, max-video-preview:-1\" \/>\n<link rel=\"canonical\" href=\"https:\/\/news.save.ch\/it\/die-grippeimpfsaison-beginnt\/\" \/>\n<meta property=\"og:locale\" content=\"it_IT\" \/>\n<meta property=\"og:type\" content=\"article\" \/>\n<meta property=\"og:title\" content=\"Die Grippeimpfsaison beginnt - Save\" \/>\n<meta property=\"og:description\" content=\"Das BAG empfiehlt die Grippeimpfung f\u00fcr bestimmte Personengruppen. Impfen solle sich auch wer Kontakt zu Gefl\u00fcgel\/Wildv\u00f6geln habe.\" \/>\n<meta property=\"og:url\" content=\"https:\/\/news.save.ch\/it\/die-grippeimpfsaison-beginnt\/\" \/>\n<meta property=\"og:site_name\" content=\"Save\" \/>\n<meta property=\"article:published_time\" content=\"2023-10-12T14:13:04+00:00\" \/>\n<meta property=\"og:image\" content=\"https:\/\/news.save.ch\/wp-content\/uploads\/2023\/10\/Depositphotos_16276145_S.jpg\" \/>\n\t<meta property=\"og:image:width\" content=\"1000\" \/>\n\t<meta property=\"og:image:height\" content=\"688\" \/>\n\t<meta property=\"og:image:type\" content=\"image\/jpeg\" \/>\n<meta name=\"author\" content=\"Roger Str\u00e4ssle\" \/>\n<meta name=\"twitter:card\" content=\"summary_large_image\" \/>\n<meta name=\"twitter:label1\" content=\"Scritto da\" \/>\n\t<meta name=\"twitter:data1\" content=\"Roger Str\u00e4ssle\" \/>\n\t<meta name=\"twitter:label2\" content=\"Tempo di lettura stimato\" \/>\n\t<meta name=\"twitter:data2\" content=\"3 minuti\" \/>\n<script type=\"application\/ld+json\" class=\"yoast-schema-graph\">{\"@context\":\"https:\\\/\\\/schema.org\",\"@graph\":[{\"@type\":\"Article\",\"@id\":\"https:\\\/\\\/news.save.ch\\\/die-grippeimpfsaison-beginnt\\\/#article\",\"isPartOf\":{\"@id\":\"https:\\\/\\\/news.save.ch\\\/die-grippeimpfsaison-beginnt\\\/\"},\"author\":{\"name\":\"Roger Str\u00e4ssle\",\"@id\":\"https:\\\/\\\/news.save.ch\\\/de\\\/#\\\/schema\\\/person\\\/d5022db048e0e2b9785c50e5b24da5aa\"},\"headline\":\"Die Grippeimpfsaison beginnt\",\"datePublished\":\"2023-10-12T14:13:04+00:00\",\"mainEntityOfPage\":{\"@id\":\"https:\\\/\\\/news.save.ch\\\/die-grippeimpfsaison-beginnt\\\/\"},\"wordCount\":362,\"publisher\":{\"@id\":\"https:\\\/\\\/news.save.ch\\\/de\\\/#organization\"},\"image\":{\"@id\":\"https:\\\/\\\/news.save.ch\\\/die-grippeimpfsaison-beginnt\\\/#primaryimage\"},\"thumbnailUrl\":\"https:\\\/\\\/news.save.ch\\\/wp-content\\\/uploads\\\/2023\\\/10\\\/Depositphotos_16276145_S.jpg\",\"keywords\":[\"Grippeimpfung\"],\"articleSection\":[\"ALLGEMEIN\"],\"inLanguage\":\"it-IT\"},{\"@type\":\"WebPage\",\"@id\":\"https:\\\/\\\/news.save.ch\\\/die-grippeimpfsaison-beginnt\\\/\",\"url\":\"https:\\\/\\\/news.save.ch\\\/die-grippeimpfsaison-beginnt\\\/\",\"name\":\"Die Grippeimpfsaison beginnt - Save\",\"isPartOf\":{\"@id\":\"https:\\\/\\\/news.save.ch\\\/de\\\/#website\"},\"primaryImageOfPage\":{\"@id\":\"https:\\\/\\\/news.save.ch\\\/die-grippeimpfsaison-beginnt\\\/#primaryimage\"},\"image\":{\"@id\":\"https:\\\/\\\/news.save.ch\\\/die-grippeimpfsaison-beginnt\\\/#primaryimage\"},\"thumbnailUrl\":\"https:\\\/\\\/news.save.ch\\\/wp-content\\\/uploads\\\/2023\\\/10\\\/Depositphotos_16276145_S.jpg\",\"datePublished\":\"2023-10-12T14:13:04+00:00\",\"description\":\"Das BAG empfiehlt die Grippeimpfung f\u00fcr bestimmte Personengruppen. Impfen solle sich auch wer Kontakt zu Gefl\u00fcgel\\\/Wildv\u00f6geln habe.\",\"breadcrumb\":{\"@id\":\"https:\\\/\\\/news.save.ch\\\/die-grippeimpfsaison-beginnt\\\/#breadcrumb\"},\"inLanguage\":\"it-IT\",\"potentialAction\":[{\"@type\":\"ReadAction\",\"target\":[\"https:\\\/\\\/news.save.ch\\\/die-grippeimpfsaison-beginnt\\\/\"]}]},{\"@type\":\"ImageObject\",\"inLanguage\":\"it-IT\",\"@id\":\"https:\\\/\\\/news.save.ch\\\/die-grippeimpfsaison-beginnt\\\/#primaryimage\",\"url\":\"https:\\\/\\\/news.save.ch\\\/wp-content\\\/uploads\\\/2023\\\/10\\\/Depositphotos_16276145_S.jpg\",\"contentUrl\":\"https:\\\/\\\/news.save.ch\\\/wp-content\\\/uploads\\\/2023\\\/10\\\/Depositphotos_16276145_S.jpg\",\"width\":1000,\"height\":688,\"caption\":\"Depositphotos, Subbotina\"},{\"@type\":\"BreadcrumbList\",\"@id\":\"https:\\\/\\\/news.save.ch\\\/die-grippeimpfsaison-beginnt\\\/#breadcrumb\",\"itemListElement\":[{\"@type\":\"ListItem\",\"position\":1,\"name\":\"Home\",\"item\":\"https:\\\/\\\/news.save.ch\\\/de\\\/\"},{\"@type\":\"ListItem\",\"position\":2,\"name\":\"Die Grippeimpfsaison beginnt\"}]},{\"@type\":\"WebSite\",\"@id\":\"https:\\\/\\\/news.save.ch\\\/de\\\/#website\",\"url\":\"https:\\\/\\\/news.save.ch\\\/de\\\/\",\"name\":\"Save\",\"description\":\"Schweizer Fachzeitschrift f\u00fcr Sicherheit\",\"publisher\":{\"@id\":\"https:\\\/\\\/news.save.ch\\\/de\\\/#organization\"},\"potentialAction\":[{\"@type\":\"SearchAction\",\"target\":{\"@type\":\"EntryPoint\",\"urlTemplate\":\"https:\\\/\\\/news.save.ch\\\/de\\\/?s={search_term_string}\"},\"query-input\":{\"@type\":\"PropertyValueSpecification\",\"valueRequired\":true,\"valueName\":\"search_term_string\"}}],\"inLanguage\":\"it-IT\"},{\"@type\":\"Organization\",\"@id\":\"https:\\\/\\\/news.save.ch\\\/de\\\/#organization\",\"name\":\"Sicherheitsforum\",\"url\":\"https:\\\/\\\/news.save.ch\\\/de\\\/\",\"logo\":{\"@type\":\"ImageObject\",\"inLanguage\":\"it-IT\",\"@id\":\"https:\\\/\\\/news.save.ch\\\/de\\\/#\\\/schema\\\/logo\\\/image\\\/\",\"url\":\"https:\\\/\\\/news.save.ch\\\/wp-content\\\/uploads\\\/2022\\\/06\\\/Logo_SF_2012.png\",\"contentUrl\":\"https:\\\/\\\/news.save.ch\\\/wp-content\\\/uploads\\\/2022\\\/06\\\/Logo_SF_2012.png\",\"width\":1100,\"height\":91,\"caption\":\"Sicherheitsforum\"},\"image\":{\"@id\":\"https:\\\/\\\/news.save.ch\\\/de\\\/#\\\/schema\\\/logo\\\/image\\\/\"}},{\"@type\":\"Person\",\"@id\":\"https:\\\/\\\/news.save.ch\\\/de\\\/#\\\/schema\\\/person\\\/d5022db048e0e2b9785c50e5b24da5aa\",\"name\":\"Roger Str\u00e4ssle\",\"image\":{\"@type\":\"ImageObject\",\"inLanguage\":\"it-IT\",\"@id\":\"https:\\\/\\\/secure.gravatar.com\\\/avatar\\\/862a5569d087de48e5856e32f45d719a03804c891d6deb8d4f71a660e79e4a47?s=96&d=mm&r=g\",\"url\":\"https:\\\/\\\/secure.gravatar.com\\\/avatar\\\/862a5569d087de48e5856e32f45d719a03804c891d6deb8d4f71a660e79e4a47?s=96&d=mm&r=g\",\"contentUrl\":\"https:\\\/\\\/secure.gravatar.com\\\/avatar\\\/862a5569d087de48e5856e32f45d719a03804c891d6deb8d4f71a660e79e4a47?s=96&d=mm&r=g\",\"caption\":\"Roger Str\u00e4ssle\"},\"url\":\"https:\\\/\\\/news.save.ch\\\/it\\\/author\\\/roger-straessle\\\/\"}]}<\/script>\n<!-- \/ Yoast SEO plugin. -->","yoast_head_json":{"title":"Inizia la stagione delle vaccinazioni antinfluenzali - Save","description":"L'UFSP raccomanda la vaccinazione antinfluenzale per determinati gruppi di persone. Anche chi ha contatti con pollame\/volatili selvatici dovrebbe essere vaccinato.","robots":{"index":"index","follow":"follow","max-snippet":"max-snippet:-1","max-image-preview":"max-image-preview:large","max-video-preview":"max-video-preview:-1"},"canonical":"https:\/\/news.save.ch\/it\/die-grippeimpfsaison-beginnt\/","og_locale":"it_IT","og_type":"article","og_title":"Die Grippeimpfsaison beginnt - Save","og_description":"Das BAG empfiehlt die Grippeimpfung f\u00fcr bestimmte Personengruppen. Impfen solle sich auch wer Kontakt zu Gefl\u00fcgel\/Wildv\u00f6geln habe.","og_url":"https:\/\/news.save.ch\/it\/die-grippeimpfsaison-beginnt\/","og_site_name":"Save","article_published_time":"2023-10-12T14:13:04+00:00","og_image":[{"width":1000,"height":688,"url":"https:\/\/news.save.ch\/wp-content\/uploads\/2023\/10\/Depositphotos_16276145_S.jpg","type":"image\/jpeg"}],"author":"Roger Str\u00e4ssle","twitter_card":"summary_large_image","twitter_misc":{"Scritto da":"Roger Str\u00e4ssle","Tempo di lettura stimato":"3 minuti"},"schema":{"@context":"https:\/\/schema.org","@graph":[{"@type":"Article","@id":"https:\/\/news.save.ch\/die-grippeimpfsaison-beginnt\/#article","isPartOf":{"@id":"https:\/\/news.save.ch\/die-grippeimpfsaison-beginnt\/"},"author":{"name":"Roger Str\u00e4ssle","@id":"https:\/\/news.save.ch\/de\/#\/schema\/person\/d5022db048e0e2b9785c50e5b24da5aa"},"headline":"Die Grippeimpfsaison beginnt","datePublished":"2023-10-12T14:13:04+00:00","mainEntityOfPage":{"@id":"https:\/\/news.save.ch\/die-grippeimpfsaison-beginnt\/"},"wordCount":362,"publisher":{"@id":"https:\/\/news.save.ch\/de\/#organization"},"image":{"@id":"https:\/\/news.save.ch\/die-grippeimpfsaison-beginnt\/#primaryimage"},"thumbnailUrl":"https:\/\/news.save.ch\/wp-content\/uploads\/2023\/10\/Depositphotos_16276145_S.jpg","keywords":["Grippeimpfung"],"articleSection":["ALLGEMEIN"],"inLanguage":"it-IT"},{"@type":"WebPage","@id":"https:\/\/news.save.ch\/die-grippeimpfsaison-beginnt\/","url":"https:\/\/news.save.ch\/die-grippeimpfsaison-beginnt\/","name":"Inizia la stagione delle vaccinazioni antinfluenzali - Save","isPartOf":{"@id":"https:\/\/news.save.ch\/de\/#website"},"primaryImageOfPage":{"@id":"https:\/\/news.save.ch\/die-grippeimpfsaison-beginnt\/#primaryimage"},"image":{"@id":"https:\/\/news.save.ch\/die-grippeimpfsaison-beginnt\/#primaryimage"},"thumbnailUrl":"https:\/\/news.save.ch\/wp-content\/uploads\/2023\/10\/Depositphotos_16276145_S.jpg","datePublished":"2023-10-12T14:13:04+00:00","description":"L'UFSP raccomanda la vaccinazione antinfluenzale per determinati gruppi di persone. Anche chi ha contatti con pollame\/volatili selvatici dovrebbe essere vaccinato.","breadcrumb":{"@id":"https:\/\/news.save.ch\/die-grippeimpfsaison-beginnt\/#breadcrumb"},"inLanguage":"it-IT","potentialAction":[{"@type":"ReadAction","target":["https:\/\/news.save.ch\/die-grippeimpfsaison-beginnt\/"]}]},{"@type":"ImageObject","inLanguage":"it-IT","@id":"https:\/\/news.save.ch\/die-grippeimpfsaison-beginnt\/#primaryimage","url":"https:\/\/news.save.ch\/wp-content\/uploads\/2023\/10\/Depositphotos_16276145_S.jpg","contentUrl":"https:\/\/news.save.ch\/wp-content\/uploads\/2023\/10\/Depositphotos_16276145_S.jpg","width":1000,"height":688,"caption":"Depositphotos, Subbotina"},{"@type":"BreadcrumbList","@id":"https:\/\/news.save.ch\/die-grippeimpfsaison-beginnt\/#breadcrumb","itemListElement":[{"@type":"ListItem","position":1,"name":"Home","item":"https:\/\/news.save.ch\/de\/"},{"@type":"ListItem","position":2,"name":"Die Grippeimpfsaison beginnt"}]},{"@type":"WebSite","@id":"https:\/\/news.save.ch\/de\/#website","url":"https:\/\/news.save.ch\/de\/","name":"Risparmiare","description":"Rivista svizzera specializzata in sicurezza","publisher":{"@id":"https:\/\/news.save.ch\/de\/#organization"},"potentialAction":[{"@type":"SearchAction","target":{"@type":"EntryPoint","urlTemplate":"https:\/\/news.save.ch\/de\/?s={search_term_string}"},"query-input":{"@type":"PropertyValueSpecification","valueRequired":true,"valueName":"search_term_string"}}],"inLanguage":"it-IT"},{"@type":"Organization","@id":"https:\/\/news.save.ch\/de\/#organization","name":"Forum sulla sicurezza","url":"https:\/\/news.save.ch\/de\/","logo":{"@type":"ImageObject","inLanguage":"it-IT","@id":"https:\/\/news.save.ch\/de\/#\/schema\/logo\/image\/","url":"https:\/\/news.save.ch\/wp-content\/uploads\/2022\/06\/Logo_SF_2012.png","contentUrl":"https:\/\/news.save.ch\/wp-content\/uploads\/2022\/06\/Logo_SF_2012.png","width":1100,"height":91,"caption":"Sicherheitsforum"},"image":{"@id":"https:\/\/news.save.ch\/de\/#\/schema\/logo\/image\/"}},{"@type":"Person","@id":"https:\/\/news.save.ch\/de\/#\/schema\/person\/d5022db048e0e2b9785c50e5b24da5aa","name":"Roger Str\u00e4ssle","image":{"@type":"ImageObject","inLanguage":"it-IT","@id":"https:\/\/secure.gravatar.com\/avatar\/862a5569d087de48e5856e32f45d719a03804c891d6deb8d4f71a660e79e4a47?s=96&d=mm&r=g","url":"https:\/\/secure.gravatar.com\/avatar\/862a5569d087de48e5856e32f45d719a03804c891d6deb8d4f71a660e79e4a47?s=96&d=mm&r=g","contentUrl":"https:\/\/secure.gravatar.com\/avatar\/862a5569d087de48e5856e32f45d719a03804c891d6deb8d4f71a660e79e4a47?s=96&d=mm&r=g","caption":"Roger Str\u00e4ssle"},"url":"https:\/\/news.save.ch\/it\/author\/roger-straessle\/"}]}},"_links":{"self":[{"href":"https:\/\/news.save.ch\/it\/wp-json\/wp\/v2\/posts\/22165","targetHints":{"allow":["GET"]}}],"collection":[{"href":"https:\/\/news.save.ch\/it\/wp-json\/wp\/v2\/posts"}],"about":[{"href":"https:\/\/news.save.ch\/it\/wp-json\/wp\/v2\/types\/post"}],"author":[{"embeddable":true,"href":"https:\/\/news.save.ch\/it\/wp-json\/wp\/v2\/users\/8"}],"replies":[{"embeddable":true,"href":"https:\/\/news.save.ch\/it\/wp-json\/wp\/v2\/comments?post=22165"}],"version-history":[{"count":2,"href":"https:\/\/news.save.ch\/it\/wp-json\/wp\/v2\/posts\/22165\/revisions"}],"predecessor-version":[{"id":22168,"href":"https:\/\/news.save.ch\/it\/wp-json\/wp\/v2\/posts\/22165\/revisions\/22168"}],"wp:featuredmedia":[{"embeddable":true,"href":"https:\/\/news.save.ch\/it\/wp-json\/wp\/v2\/media\/22166"}],"wp:attachment":[{"href":"https:\/\/news.save.ch\/it\/wp-json\/wp\/v2\/media?parent=22165"}],"wp:term":[{"taxonomy":"category","embeddable":true,"href":"https:\/\/news.save.ch\/it\/wp-json\/wp\/v2\/categories?post=22165"},{"taxonomy":"post_tag","embeddable":true,"href":"https:\/\/news.save.ch\/it\/wp-json\/wp\/v2\/tags?post=22165"}],"curies":[{"name":"wp","href":"https:\/\/api.w.org\/{rel}","templated":true}]}}