{"id":22172,"date":"2023-10-13T06:14:30","date_gmt":"2023-10-13T04:14:30","guid":{"rendered":"https:\/\/news.save.ch\/?p=22172"},"modified":"2023-10-31T15:29:10","modified_gmt":"2023-10-31T14:29:10","slug":"fuer-den-erdbebenfall-besser-gewappnet","status":null,"type":"post","link":"https:\/\/news.save.ch\/it\/fuer-den-erdbebenfall-besser-gewappnet\/","title":{"rendered":"Pi\u00f9 preparati in caso di terremoto"},"content":{"rendered":"<figure id=\"attachment_22173\" aria-describedby=\"caption-attachment-22173\" style=\"width: 680px\" class=\"wp-caption aligncenter\"><img loading=\"lazy\" decoding=\"async\" class=\"size-medium wp-image-22173\" src=\"https:\/\/news.save.ch\/wp-content\/uploads\/2023\/10\/Depositphotos_42256059_S-680x453.jpg\" alt=\"\" width=\"680\" height=\"453\" srcset=\"https:\/\/news.save.ch\/wp-content\/uploads\/2023\/10\/Depositphotos_42256059_S-680x453.jpg 680w, https:\/\/news.save.ch\/wp-content\/uploads\/2023\/10\/Depositphotos_42256059_S-768x511.jpg 768w, https:\/\/news.save.ch\/wp-content\/uploads\/2023\/10\/Depositphotos_42256059_S-18x12.jpg 18w, https:\/\/news.save.ch\/wp-content\/uploads\/2023\/10\/Depositphotos_42256059_S-375x250.jpg 375w, https:\/\/news.save.ch\/wp-content\/uploads\/2023\/10\/Depositphotos_42256059_S-526x350.jpg 526w, https:\/\/news.save.ch\/wp-content\/uploads\/2023\/10\/Depositphotos_42256059_S.jpg 999w\" sizes=\"auto, (max-width: 680px) 100vw, 680px\" \/><figcaption id=\"caption-attachment-22173\" class=\"wp-caption-text\">Depositphotos, paolo74s<\/figcaption><\/figure>\n<p>Giusto in tempo per la Giornata internazionale per la riduzione del rischio di disastri, il 13 ottobre, il <a href=\"http:\/\/www.soe-ods.ch\" target=\"_blank\" rel=\"noopener\">Organizzazione dei danni da terremoto<\/a> pronto per l'uso dopo un anno di preparazione, secondo l'Associazione degli assicuratori cantonali degli edifici (<a href=\"http:\/\/www.vkg.ch\" target=\"_blank\" rel=\"noopener\">VKG<\/a>) scrive nel suo comunicato stampa. I terremoti sono considerati uno dei rischi principali in Svizzera, con conseguenze devastanti se un sisma importante si verifica in prossimit\u00e0 dei centri abitati.<\/p>\n<p>Per questo motivo, negli ultimi dodici mesi \u00e8 stata creata un'organizzazione di partenariato pubblico-privato con un ampio sostegno da parte dei cantoni e del settore assicurativo. Il progetto, che ha richiesto un'intensa collaborazione tra la Confederazione, i cantoni, gli assicuratori e i partner di sviluppo Swiss Re e risktec AG, \u00e8 stato completato con la funzionalit\u00e0 prevista, rispettando i tempi e il budget, secondo il rapporto.<\/p>\n<h3>Piattaforma IT unica nel suo genere<\/h3>\n<p>\"Con la nuova piattaforma e la sua ampia rete di esperti, l'Organizzazione per le richieste di risarcimento in caso di terremoto contribuisce a garantire che l'economia e la societ\u00e0 possano riprendersi rapidamente dopo un terremoto\", afferma la dott.ssa Stephanie Eymann, membro del governo di Basilea Citt\u00e0 e presidente dell'associazione.<\/p>\n<p>Subito dopo un terremoto, viene attivata l'organizzazione di comando e controllo. La base \u00e8 costituita da una piattaforma informatica di nuova concezione, unica al mondo. Basato sulle informazioni del modello di rischio sismico del Servizio Sismologico Svizzero del Politecnico di Zurigo, il sistema permette di calcolare in breve tempo il numero di edifici potenzialmente danneggiati e il numero di esperti di danni necessari per valutare l'evento.<\/p>\n<p>Tutti i dati del Registro federale degli edifici e delle abitazioni sarebbero stati resi disponibili nella piattaforma, in modo che gli esperti avessero le informazioni necessarie per valutare le condizioni degli edifici colpiti e fare una stima dei danni. Per questo lavoro, gli esperti avrebbero utilizzato due applicazioni mobili, anch'esse di nuova concezione. Per garantire una rapida elaborazione, la piattaforma fornisce anche i dettagli degli esperti necessari per gestire l'incidente, come ingegneri, architetti o esperti di costruzioni. In questo modo, l'organizzazione per le richieste di risarcimento dei danni causati dal terremoto pu\u00f2 richiedere il supporto di centinaia di esperti in breve tempo tramite SMS ed e-mail.<\/p>\n<h3>Approccio sistematico<\/h3>\n<p>Una procedura sistematica e strutturata \u00e8 fondamentale per la registrazione dei danni a tutti gli edifici. Per questo motivo, tutti gli edifici in Svizzera e nel Principato del Liechtenstein sono stati suddivisi in settori di 10-30 edifici con una complessa procedura tecnica. Ogni settore ha un'identificazione univoca composta da informazioni sul cantone, il comune e un numero. In caso di incidente, questi settori vengono assegnati agli esperti di danni per l'elaborazione.<\/p>\n<p>Insieme ai suoi partner Touring Club der Schweiz (TCS) e risktec AG, l'organizzazione per le richieste di risarcimento in caso di terremoto garantisce che l'organizzazione e la piattaforma siano sempre pronte all'uso. Il TCS, una delle principali organizzazioni di emergenza in Svizzera, fornisce personale e supporto logistico, in particolare nell'organizzazione e nell'impiego della rete di esperti. risktec AG assicura la prontezza operativa della piattaforma e il necessario supporto tecnico in caso di intervento, conclude.<\/p>\n<p>&nbsp;<\/p>\n<blockquote>\n<h3>Informazioni sull'Organizzazione per le richieste di indennizzo in caso di terremoto<\/h3>\n<p>L'Organizzazione per le richieste di indennizzo in caso di terremoto ha il compito di fornire informazioni complete dopo un terremoto, al fine di valutare gli edifici danneggiati e stimare i costi di ricostruzione e riparazione previsti. In questo modo, l'organizzazione contribuisce in modo significativo a rendere le autorit\u00e0, l'economia e la societ\u00e0 pi\u00f9 resilienti.<\/p>\n<p>L'organizzazione dei sinistri per i terremoti \u00e8 un progetto di partenariato pubblico-privato. \u00c8 sostenuta e finanziata dai Cantoni, dal Principato del Liechtenstein, dagli assicuratori edili cantonali e dagli assicuratori privati. Anche gli enti federali, come il Servizio sismologico svizzero del Politecnico di Zurigo, l'Ufficio federale della protezione civile e l'Ufficio federale dell'ambiente, sostengono l'Organizzazione sinistri terremoti e assicurano il coordinamento con le misure federali per la prevenzione dei terremoti.<\/p><\/blockquote>","protected":false},"excerpt":{"rendered":"<p>Rechtzeitig zum internationalen Tag f\u00fcr Katastrophenvorsorge (International Day for Disaster Risk Reduction) am 13. Oktober ist die Schadenorganisation Erdbeben nach einer einj\u00e4hrigen Vorbereitungszeit einsatzbereit, wie Vereinigung Kantonaler Geb\u00e4udeversicherungen (VKG) in ihrer Medienmitteilung schreibt. Erdbeben gelten als eines der Toprisiken in der Schweiz, mit verheerenden Folgen, falls sich ein gr\u00f6sseres Erdbeben in der N\u00e4he von Ballungszentren [&hellip;]<\/p>\n","protected":false},"author":8,"featured_media":22173,"comment_status":"closed","ping_status":"closed","sticky":false,"template":"","format":"standard","meta":{"_acf_changed":false,"pgc_sgb_lightbox_settings":"","footnotes":""},"categories":[3312],"tags":[6360],"class_list":["post-22172","post","type-post","status-publish","format-standard","has-post-thumbnail","hentry","category-sicherheit","tag-erdbeben"],"acf":[],"hkrextid":null,"publication":null,"issue":null,"workflow":null,"startPage":null,"spitzmarke":null,"_posts_by_tag_page_fields":null,"_at_widget":null,"_yoast_wpseo_primary_category":"3312","_yoast_wpseo_focuskw_text_input":null,"_yoast_wpseo_opengraph-image":null,"_yoast_wpseo_opengraph-description":null,"_yoast_wpseo_opengraph-title":null,"enclosure":null,"_yoast_wpseo_twitter-title":null,"_yoast_wpseo_twitter-description":null,"_yoast_wpseo_twitter-image":null,"_wp_old_slug":null,"_yoast_wpseo_title":null,"_yoast_wpseo_canonical":null,"yoast_head":"<!-- This site is optimized with the Yoast SEO plugin v27.4 - https:\/\/yoast.com\/product\/yoast-seo-wordpress\/ -->\n<title>F\u00fcr den Erdbebenfall besser gewappnet - Save<\/title>\n<meta name=\"description\" content=\"Die IT-Plattform der \u00abSchadenorganisation Erdbeben\u00bb ist fertig entwickelt und die Organisation ist einsatzbereit.\" \/>\n<meta name=\"robots\" content=\"index, follow, max-snippet:-1, max-image-preview:large, max-video-preview:-1\" \/>\n<link rel=\"canonical\" href=\"https:\/\/news.save.ch\/it\/fuer-den-erdbebenfall-besser-gewappnet\/\" \/>\n<meta property=\"og:locale\" content=\"it_IT\" \/>\n<meta property=\"og:type\" content=\"article\" \/>\n<meta property=\"og:title\" content=\"F\u00fcr den Erdbebenfall besser gewappnet - Save\" \/>\n<meta property=\"og:description\" content=\"Die IT-Plattform der \u00abSchadenorganisation Erdbeben\u00bb ist fertig entwickelt und die Organisation ist einsatzbereit.\" \/>\n<meta property=\"og:url\" content=\"https:\/\/news.save.ch\/it\/fuer-den-erdbebenfall-besser-gewappnet\/\" \/>\n<meta property=\"og:site_name\" content=\"Save\" \/>\n<meta property=\"article:published_time\" content=\"2023-10-13T04:14:30+00:00\" \/>\n<meta property=\"article:modified_time\" content=\"2023-10-31T14:29:10+00:00\" \/>\n<meta property=\"og:image\" content=\"https:\/\/news.save.ch\/wp-content\/uploads\/2023\/10\/Depositphotos_42256059_S.jpg\" \/>\n\t<meta property=\"og:image:width\" content=\"999\" \/>\n\t<meta property=\"og:image:height\" content=\"665\" \/>\n\t<meta property=\"og:image:type\" content=\"image\/jpeg\" \/>\n<meta name=\"author\" content=\"Roger Str\u00e4ssle\" \/>\n<meta name=\"twitter:card\" content=\"summary_large_image\" \/>\n<meta name=\"twitter:label1\" content=\"Scritto da\" \/>\n\t<meta name=\"twitter:data1\" content=\"Roger Str\u00e4ssle\" \/>\n\t<meta name=\"twitter:label2\" content=\"Tempo di lettura stimato\" \/>\n\t<meta name=\"twitter:data2\" content=\"4 minuti\" \/>\n<script type=\"application\/ld+json\" class=\"yoast-schema-graph\">{\"@context\":\"https:\\\/\\\/schema.org\",\"@graph\":[{\"@type\":\"Article\",\"@id\":\"https:\\\/\\\/news.save.ch\\\/fuer-den-erdbebenfall-besser-gewappnet\\\/#article\",\"isPartOf\":{\"@id\":\"https:\\\/\\\/news.save.ch\\\/fuer-den-erdbebenfall-besser-gewappnet\\\/\"},\"author\":{\"name\":\"Roger Str\u00e4ssle\",\"@id\":\"https:\\\/\\\/news.save.ch\\\/de\\\/#\\\/schema\\\/person\\\/d5022db048e0e2b9785c50e5b24da5aa\"},\"headline\":\"F\u00fcr den Erdbebenfall besser gewappnet\",\"datePublished\":\"2023-10-13T04:14:30+00:00\",\"dateModified\":\"2023-10-31T14:29:10+00:00\",\"mainEntityOfPage\":{\"@id\":\"https:\\\/\\\/news.save.ch\\\/fuer-den-erdbebenfall-besser-gewappnet\\\/\"},\"wordCount\":626,\"publisher\":{\"@id\":\"https:\\\/\\\/news.save.ch\\\/de\\\/#organization\"},\"image\":{\"@id\":\"https:\\\/\\\/news.save.ch\\\/fuer-den-erdbebenfall-besser-gewappnet\\\/#primaryimage\"},\"thumbnailUrl\":\"https:\\\/\\\/news.save.ch\\\/wp-content\\\/uploads\\\/2023\\\/10\\\/Depositphotos_42256059_S.jpg\",\"keywords\":[\"Erdbeben\"],\"articleSection\":[\"SICHERHEIT\"],\"inLanguage\":\"it-IT\"},{\"@type\":\"WebPage\",\"@id\":\"https:\\\/\\\/news.save.ch\\\/fuer-den-erdbebenfall-besser-gewappnet\\\/\",\"url\":\"https:\\\/\\\/news.save.ch\\\/fuer-den-erdbebenfall-besser-gewappnet\\\/\",\"name\":\"F\u00fcr den Erdbebenfall besser gewappnet - Save\",\"isPartOf\":{\"@id\":\"https:\\\/\\\/news.save.ch\\\/de\\\/#website\"},\"primaryImageOfPage\":{\"@id\":\"https:\\\/\\\/news.save.ch\\\/fuer-den-erdbebenfall-besser-gewappnet\\\/#primaryimage\"},\"image\":{\"@id\":\"https:\\\/\\\/news.save.ch\\\/fuer-den-erdbebenfall-besser-gewappnet\\\/#primaryimage\"},\"thumbnailUrl\":\"https:\\\/\\\/news.save.ch\\\/wp-content\\\/uploads\\\/2023\\\/10\\\/Depositphotos_42256059_S.jpg\",\"datePublished\":\"2023-10-13T04:14:30+00:00\",\"dateModified\":\"2023-10-31T14:29:10+00:00\",\"description\":\"Die IT-Plattform der \u00abSchadenorganisation Erdbeben\u00bb ist fertig entwickelt und die Organisation ist einsatzbereit.\",\"breadcrumb\":{\"@id\":\"https:\\\/\\\/news.save.ch\\\/fuer-den-erdbebenfall-besser-gewappnet\\\/#breadcrumb\"},\"inLanguage\":\"it-IT\",\"potentialAction\":[{\"@type\":\"ReadAction\",\"target\":[\"https:\\\/\\\/news.save.ch\\\/fuer-den-erdbebenfall-besser-gewappnet\\\/\"]}]},{\"@type\":\"ImageObject\",\"inLanguage\":\"it-IT\",\"@id\":\"https:\\\/\\\/news.save.ch\\\/fuer-den-erdbebenfall-besser-gewappnet\\\/#primaryimage\",\"url\":\"https:\\\/\\\/news.save.ch\\\/wp-content\\\/uploads\\\/2023\\\/10\\\/Depositphotos_42256059_S.jpg\",\"contentUrl\":\"https:\\\/\\\/news.save.ch\\\/wp-content\\\/uploads\\\/2023\\\/10\\\/Depositphotos_42256059_S.jpg\",\"width\":999,\"height\":665,\"caption\":\"Depositphotos, paolo74s\"},{\"@type\":\"BreadcrumbList\",\"@id\":\"https:\\\/\\\/news.save.ch\\\/fuer-den-erdbebenfall-besser-gewappnet\\\/#breadcrumb\",\"itemListElement\":[{\"@type\":\"ListItem\",\"position\":1,\"name\":\"Home\",\"item\":\"https:\\\/\\\/news.save.ch\\\/de\\\/\"},{\"@type\":\"ListItem\",\"position\":2,\"name\":\"F\u00fcr den Erdbebenfall besser gewappnet\"}]},{\"@type\":\"WebSite\",\"@id\":\"https:\\\/\\\/news.save.ch\\\/de\\\/#website\",\"url\":\"https:\\\/\\\/news.save.ch\\\/de\\\/\",\"name\":\"Save\",\"description\":\"Schweizer Fachzeitschrift f\u00fcr Sicherheit\",\"publisher\":{\"@id\":\"https:\\\/\\\/news.save.ch\\\/de\\\/#organization\"},\"potentialAction\":[{\"@type\":\"SearchAction\",\"target\":{\"@type\":\"EntryPoint\",\"urlTemplate\":\"https:\\\/\\\/news.save.ch\\\/de\\\/?s={search_term_string}\"},\"query-input\":{\"@type\":\"PropertyValueSpecification\",\"valueRequired\":true,\"valueName\":\"search_term_string\"}}],\"inLanguage\":\"it-IT\"},{\"@type\":\"Organization\",\"@id\":\"https:\\\/\\\/news.save.ch\\\/de\\\/#organization\",\"name\":\"Sicherheitsforum\",\"url\":\"https:\\\/\\\/news.save.ch\\\/de\\\/\",\"logo\":{\"@type\":\"ImageObject\",\"inLanguage\":\"it-IT\",\"@id\":\"https:\\\/\\\/news.save.ch\\\/de\\\/#\\\/schema\\\/logo\\\/image\\\/\",\"url\":\"https:\\\/\\\/news.save.ch\\\/wp-content\\\/uploads\\\/2022\\\/06\\\/Logo_SF_2012.png\",\"contentUrl\":\"https:\\\/\\\/news.save.ch\\\/wp-content\\\/uploads\\\/2022\\\/06\\\/Logo_SF_2012.png\",\"width\":1100,\"height\":91,\"caption\":\"Sicherheitsforum\"},\"image\":{\"@id\":\"https:\\\/\\\/news.save.ch\\\/de\\\/#\\\/schema\\\/logo\\\/image\\\/\"}},{\"@type\":\"Person\",\"@id\":\"https:\\\/\\\/news.save.ch\\\/de\\\/#\\\/schema\\\/person\\\/d5022db048e0e2b9785c50e5b24da5aa\",\"name\":\"Roger Str\u00e4ssle\",\"image\":{\"@type\":\"ImageObject\",\"inLanguage\":\"it-IT\",\"@id\":\"https:\\\/\\\/secure.gravatar.com\\\/avatar\\\/862a5569d087de48e5856e32f45d719a03804c891d6deb8d4f71a660e79e4a47?s=96&d=mm&r=g\",\"url\":\"https:\\\/\\\/secure.gravatar.com\\\/avatar\\\/862a5569d087de48e5856e32f45d719a03804c891d6deb8d4f71a660e79e4a47?s=96&d=mm&r=g\",\"contentUrl\":\"https:\\\/\\\/secure.gravatar.com\\\/avatar\\\/862a5569d087de48e5856e32f45d719a03804c891d6deb8d4f71a660e79e4a47?s=96&d=mm&r=g\",\"caption\":\"Roger Str\u00e4ssle\"},\"url\":\"https:\\\/\\\/news.save.ch\\\/it\\\/author\\\/roger-straessle\\\/\"}]}<\/script>\n<!-- \/ Yoast SEO plugin. -->","yoast_head_json":{"title":"Pi\u00f9 preparati in caso di terremoto - Save","description":"La piattaforma informatica della \"Earthquake Claims Organisation\" \u00e8 completamente sviluppata e l'organizzazione \u00e8 pronta all'uso.","robots":{"index":"index","follow":"follow","max-snippet":"max-snippet:-1","max-image-preview":"max-image-preview:large","max-video-preview":"max-video-preview:-1"},"canonical":"https:\/\/news.save.ch\/it\/fuer-den-erdbebenfall-besser-gewappnet\/","og_locale":"it_IT","og_type":"article","og_title":"F\u00fcr den Erdbebenfall besser gewappnet - Save","og_description":"Die IT-Plattform der \u00abSchadenorganisation Erdbeben\u00bb ist fertig entwickelt und die Organisation ist einsatzbereit.","og_url":"https:\/\/news.save.ch\/it\/fuer-den-erdbebenfall-besser-gewappnet\/","og_site_name":"Save","article_published_time":"2023-10-13T04:14:30+00:00","article_modified_time":"2023-10-31T14:29:10+00:00","og_image":[{"width":999,"height":665,"url":"https:\/\/news.save.ch\/wp-content\/uploads\/2023\/10\/Depositphotos_42256059_S.jpg","type":"image\/jpeg"}],"author":"Roger Str\u00e4ssle","twitter_card":"summary_large_image","twitter_misc":{"Scritto da":"Roger Str\u00e4ssle","Tempo di lettura stimato":"4 minuti"},"schema":{"@context":"https:\/\/schema.org","@graph":[{"@type":"Article","@id":"https:\/\/news.save.ch\/fuer-den-erdbebenfall-besser-gewappnet\/#article","isPartOf":{"@id":"https:\/\/news.save.ch\/fuer-den-erdbebenfall-besser-gewappnet\/"},"author":{"name":"Roger Str\u00e4ssle","@id":"https:\/\/news.save.ch\/de\/#\/schema\/person\/d5022db048e0e2b9785c50e5b24da5aa"},"headline":"F\u00fcr den Erdbebenfall besser gewappnet","datePublished":"2023-10-13T04:14:30+00:00","dateModified":"2023-10-31T14:29:10+00:00","mainEntityOfPage":{"@id":"https:\/\/news.save.ch\/fuer-den-erdbebenfall-besser-gewappnet\/"},"wordCount":626,"publisher":{"@id":"https:\/\/news.save.ch\/de\/#organization"},"image":{"@id":"https:\/\/news.save.ch\/fuer-den-erdbebenfall-besser-gewappnet\/#primaryimage"},"thumbnailUrl":"https:\/\/news.save.ch\/wp-content\/uploads\/2023\/10\/Depositphotos_42256059_S.jpg","keywords":["Erdbeben"],"articleSection":["SICHERHEIT"],"inLanguage":"it-IT"},{"@type":"WebPage","@id":"https:\/\/news.save.ch\/fuer-den-erdbebenfall-besser-gewappnet\/","url":"https:\/\/news.save.ch\/fuer-den-erdbebenfall-besser-gewappnet\/","name":"Pi\u00f9 preparati in caso di terremoto - Save","isPartOf":{"@id":"https:\/\/news.save.ch\/de\/#website"},"primaryImageOfPage":{"@id":"https:\/\/news.save.ch\/fuer-den-erdbebenfall-besser-gewappnet\/#primaryimage"},"image":{"@id":"https:\/\/news.save.ch\/fuer-den-erdbebenfall-besser-gewappnet\/#primaryimage"},"thumbnailUrl":"https:\/\/news.save.ch\/wp-content\/uploads\/2023\/10\/Depositphotos_42256059_S.jpg","datePublished":"2023-10-13T04:14:30+00:00","dateModified":"2023-10-31T14:29:10+00:00","description":"La piattaforma informatica della \"Earthquake Claims Organisation\" \u00e8 completamente sviluppata e l'organizzazione \u00e8 pronta all'uso.","breadcrumb":{"@id":"https:\/\/news.save.ch\/fuer-den-erdbebenfall-besser-gewappnet\/#breadcrumb"},"inLanguage":"it-IT","potentialAction":[{"@type":"ReadAction","target":["https:\/\/news.save.ch\/fuer-den-erdbebenfall-besser-gewappnet\/"]}]},{"@type":"ImageObject","inLanguage":"it-IT","@id":"https:\/\/news.save.ch\/fuer-den-erdbebenfall-besser-gewappnet\/#primaryimage","url":"https:\/\/news.save.ch\/wp-content\/uploads\/2023\/10\/Depositphotos_42256059_S.jpg","contentUrl":"https:\/\/news.save.ch\/wp-content\/uploads\/2023\/10\/Depositphotos_42256059_S.jpg","width":999,"height":665,"caption":"Depositphotos, paolo74s"},{"@type":"BreadcrumbList","@id":"https:\/\/news.save.ch\/fuer-den-erdbebenfall-besser-gewappnet\/#breadcrumb","itemListElement":[{"@type":"ListItem","position":1,"name":"Home","item":"https:\/\/news.save.ch\/de\/"},{"@type":"ListItem","position":2,"name":"F\u00fcr den Erdbebenfall besser gewappnet"}]},{"@type":"WebSite","@id":"https:\/\/news.save.ch\/de\/#website","url":"https:\/\/news.save.ch\/de\/","name":"Risparmiare","description":"Rivista svizzera specializzata in sicurezza","publisher":{"@id":"https:\/\/news.save.ch\/de\/#organization"},"potentialAction":[{"@type":"SearchAction","target":{"@type":"EntryPoint","urlTemplate":"https:\/\/news.save.ch\/de\/?s={search_term_string}"},"query-input":{"@type":"PropertyValueSpecification","valueRequired":true,"valueName":"search_term_string"}}],"inLanguage":"it-IT"},{"@type":"Organization","@id":"https:\/\/news.save.ch\/de\/#organization","name":"Forum sulla sicurezza","url":"https:\/\/news.save.ch\/de\/","logo":{"@type":"ImageObject","inLanguage":"it-IT","@id":"https:\/\/news.save.ch\/de\/#\/schema\/logo\/image\/","url":"https:\/\/news.save.ch\/wp-content\/uploads\/2022\/06\/Logo_SF_2012.png","contentUrl":"https:\/\/news.save.ch\/wp-content\/uploads\/2022\/06\/Logo_SF_2012.png","width":1100,"height":91,"caption":"Sicherheitsforum"},"image":{"@id":"https:\/\/news.save.ch\/de\/#\/schema\/logo\/image\/"}},{"@type":"Person","@id":"https:\/\/news.save.ch\/de\/#\/schema\/person\/d5022db048e0e2b9785c50e5b24da5aa","name":"Roger Str\u00e4ssle","image":{"@type":"ImageObject","inLanguage":"it-IT","@id":"https:\/\/secure.gravatar.com\/avatar\/862a5569d087de48e5856e32f45d719a03804c891d6deb8d4f71a660e79e4a47?s=96&d=mm&r=g","url":"https:\/\/secure.gravatar.com\/avatar\/862a5569d087de48e5856e32f45d719a03804c891d6deb8d4f71a660e79e4a47?s=96&d=mm&r=g","contentUrl":"https:\/\/secure.gravatar.com\/avatar\/862a5569d087de48e5856e32f45d719a03804c891d6deb8d4f71a660e79e4a47?s=96&d=mm&r=g","caption":"Roger Str\u00e4ssle"},"url":"https:\/\/news.save.ch\/it\/author\/roger-straessle\/"}]}},"_links":{"self":[{"href":"https:\/\/news.save.ch\/it\/wp-json\/wp\/v2\/posts\/22172","targetHints":{"allow":["GET"]}}],"collection":[{"href":"https:\/\/news.save.ch\/it\/wp-json\/wp\/v2\/posts"}],"about":[{"href":"https:\/\/news.save.ch\/it\/wp-json\/wp\/v2\/types\/post"}],"author":[{"embeddable":true,"href":"https:\/\/news.save.ch\/it\/wp-json\/wp\/v2\/users\/8"}],"replies":[{"embeddable":true,"href":"https:\/\/news.save.ch\/it\/wp-json\/wp\/v2\/comments?post=22172"}],"version-history":[{"count":5,"href":"https:\/\/news.save.ch\/it\/wp-json\/wp\/v2\/posts\/22172\/revisions"}],"predecessor-version":[{"id":22283,"href":"https:\/\/news.save.ch\/it\/wp-json\/wp\/v2\/posts\/22172\/revisions\/22283"}],"wp:featuredmedia":[{"embeddable":true,"href":"https:\/\/news.save.ch\/it\/wp-json\/wp\/v2\/media\/22173"}],"wp:attachment":[{"href":"https:\/\/news.save.ch\/it\/wp-json\/wp\/v2\/media?parent=22172"}],"wp:term":[{"taxonomy":"category","embeddable":true,"href":"https:\/\/news.save.ch\/it\/wp-json\/wp\/v2\/categories?post=22172"},{"taxonomy":"post_tag","embeddable":true,"href":"https:\/\/news.save.ch\/it\/wp-json\/wp\/v2\/tags?post=22172"}],"curies":[{"name":"wp","href":"https:\/\/api.w.org\/{rel}","templated":true}]}}