{"id":22215,"date":"2023-10-25T11:08:41","date_gmt":"2023-10-25T09:08:41","guid":{"rendered":"https:\/\/news.save.ch\/?p=22215"},"modified":"2023-10-27T10:06:34","modified_gmt":"2023-10-27T08:06:34","slug":"ueber-900-000-berufs-und-freizeitunfaelle","status":null,"type":"post","link":"https:\/\/news.save.ch\/it\/ueber-900-000-berufs-und-freizeitunfaelle\/","title":{"rendered":"Oltre 900.000 infortuni sul lavoro e nel tempo libero"},"content":{"rendered":"<div>\n<figure id=\"attachment_22217\" aria-describedby=\"caption-attachment-22217\" style=\"width: 680px\" class=\"wp-caption aligncenter\"><img loading=\"lazy\" decoding=\"async\" class=\"size-medium wp-image-22217\" src=\"https:\/\/news.save.ch\/wp-content\/uploads\/2023\/10\/Depositphotos_620964008_S-680x454.jpg\" alt=\"\" width=\"680\" height=\"454\" srcset=\"https:\/\/news.save.ch\/wp-content\/uploads\/2023\/10\/Depositphotos_620964008_S-680x454.jpg 680w, https:\/\/news.save.ch\/wp-content\/uploads\/2023\/10\/Depositphotos_620964008_S-768x512.jpg 768w, https:\/\/news.save.ch\/wp-content\/uploads\/2023\/10\/Depositphotos_620964008_S-18x12.jpg 18w, https:\/\/news.save.ch\/wp-content\/uploads\/2023\/10\/Depositphotos_620964008_S-375x250.jpg 375w, https:\/\/news.save.ch\/wp-content\/uploads\/2023\/10\/Depositphotos_620964008_S-525x350.jpg 525w, https:\/\/news.save.ch\/wp-content\/uploads\/2023\/10\/Depositphotos_620964008_S.jpg 1000w\" sizes=\"auto, (max-width: 680px) 100vw, 680px\" \/><figcaption id=\"caption-attachment-22217\" class=\"wp-caption-text\">Con il sole, ad esempio, gli incidenti in bicicletta sono pi\u00f9 numerosi. (Depositphotos, NewAfrica)<\/figcaption><\/figure>\n<p>Gli infortuni nel tempo libero sono aumentati in modo particolarmente significativo (+12% a circa 601.000). Secondo la Suva, ci\u00f2 \u00e8 dovuto principalmente all'interruzione delle misure Corona e al tempo soleggiato e secco dell'anno scorso, che ha portato a un aumento delle attivit\u00e0 all'aperto. Anche il numero di infortuni e malattie professionali ha raggiunto un picco di circa 293.000, con un aumento del 5,9% rispetto al 2021, soprattutto a causa dell'aumento del numero di dipendenti. Per contro, \u00e8 stata osservata una diminuzione del numero di infortuni tra le persone in cerca di lavoro (-14% a circa 16.000), poich\u00e9 le persone in cerca di lavoro registrate sono diminuite rispetto all'anno precedente. Circa 1.000 infortuni sono stati segnalati tra le persone in misura IV.<\/p>\n<p>Secondo i dati, nel 2021 tutti gli assicuratori contro gli infortuni LAINF hanno versato complessivamente 5,0 miliardi di franchi in prestazioni assicurative, principalmente per spese mediche (prestazioni mediche e terapeutiche), indennit\u00e0 giornaliere e rendite di invalidit\u00e0 e per i superstiti. Secondo il rapporto, gli infortuni nel tempo libero hanno rappresentato la quota maggiore dei costi (63%), il 33,5% \u00e8 stato pagato per gli infortuni e le malattie professionali e il 3,5% per gli infortuni subiti da persone in cerca di lavoro. I costi attuali per il 2022 (costi per tutti i casi, indipendentemente dall'anno in cui si sono verificati) non sono ancora del tutto noti. In media, circa il 96% di tutti gli infortuni e le malattie professionali denunciati viene riconosciuto e vengono concesse prestazioni.<\/p>\n<\/div>\n<h3 id=\"anchor-6DF2ECDA-9A1A-4ADD-A82A-DF6817C8F431\" class=\"h3 sch-h3\">Influenza del tempo atmosferico sul tempo libero e sugli infortuni sul lavoro<\/h3>\n<div>\n<p>Anche le condizioni meteorologiche hanno un'influenza importante sul numero di incidenti, soprattutto quelli legati al tempo libero. Da un lato, condizioni meteorologiche sfavorevoli possono portare a un aumento del rischio di incidenti (ad esempio, strade ghiacciate, pi\u00f9 incidenti di caduta). Dall'altro lato, il bel tempo tende a favorire le attivit\u00e0 ricreative pi\u00f9 rischiose. Ad esempio, in presenza di sole e caldo si verificano pi\u00f9 incidenti di escursionismo e ciclismo.<\/p>\n<p>A differenza degli incidenti nel tempo libero, il tempo ha un effetto minore sul numero di infortuni sul lavoro. Anche nei settori in cui si lavora spesso all'aperto, non c'\u00e8 una differenza significativa nella frequenza degli infortuni tra giornate belle e meno belle. La situazione \u00e8 diversa nelle giornate calde con pi\u00f9 di 30 gradi: Secondo la Suva, nel settore delle costruzioni e dei trasporti si registra il 7% di incidenti in pi\u00f9 rispetto al solito. Le cause pi\u00f9 frequenti degli incidenti sono il colpo di calore, l'esaurimento da calore o i crampi da calore. Anche la maggiore stanchezza e la mancanza di concentrazione causate dal caldo hanno un impatto sul rischio di incidenti.<\/p>\n<p>Il legame tra il verificarsi degli incidenti e le condizioni meteorologiche svolge un ruolo importante anche nella valutazione delle misure di prevenzione. L'efficacia delle misure di prevenzione pu\u00f2 essere misurata in modo affidabile solo tenendo conto di altri fattori che influenzano il verificarsi degli incidenti, in particolare le condizioni meteorologiche.<\/p>\n<\/div>\n<p><em>La nuova statistica degli infortuni UVG 2023 contiene i risultati statistici sui casi del 2022 e sui costi e gli infortuni del 2021. Le statistiche sugli infortuni sono disponibili in formato cartaceo e online all'indirizzo\u00a0<a href=\"https:\/\/www.unfallstatistik.ch\/d\/publik\/unfstat\/pdf\/Ts23.pdf\">Tedesco<\/a> e <a href=\"https:\/\/www.unfallstatistik.ch\/d\/publik\/unfstat\/pdf\/Ts23_f.pdf\">Francese<\/a> disponibile. Le singole copie stampate possono essere ordinate gratuitamente presso la SSUV:\u00a0<a class=\"sux-text-link\" href=\"mailto:unfallstatistik@suva.ch\" data-test-id=\"internal\">unfallstatistik@suva.ch<\/a>. Per ulteriori informazioni, vedere\u00a0<a class=\"sux-text-link\" href=\"https:\/\/www.unfallstatistik.ch\/\" target=\"\" rel=\"noopener\" data-test-id=\"external\">www.unfallstatistik.ch<\/a><\/em><\/p>\n<div>\n<p>&nbsp;<\/p>\n<\/div>\n<blockquote>\n<h3>Chi \u00e8 assicurato?<\/h3>\n<p>Tutti i lavoratori impiegati in Svizzera sono assicurati obbligatoriamente contro gli infortuni e le malattie professionali ai sensi della Legge sull'assicurazione contro gli infortuni (LAINF). Chi lavora almeno otto ore alla settimana \u00e8 assicurato anche contro gli infortuni del tempo libero. Anche le persone in cerca di occupazione e, dal 1\u00b0 gennaio 2022, le persone in misura AI sono obbligatoriamente assicurate contro gli infortuni professionali e del tempo libero, secondo il comunicato stampa della Suva.<\/p><\/blockquote>","protected":false},"excerpt":{"rendered":"<p>Besonders stark zugenommen haben die Freizeitunf\u00e4lle (+12% auf rund 601\u202f000). Das liege haupts\u00e4chlich am Wegfall der Corona\u2011Massnahmen sowie am sonnigen und trockenen Wetter im vergangenen Jahr, das zu vermehrten Outdoor\u2011Aktivit\u00e4ten gef\u00fchrt habe, so die Suva. Auch die Zahl der Berufsunf\u00e4lle und Berufskrankheiten habe mit rund 293\u202f000 einen H\u00f6chststand erreicht und liege um 5,9 Prozent h\u00f6her [&hellip;]<\/p>\n","protected":false},"author":8,"featured_media":22217,"comment_status":"closed","ping_status":"closed","sticky":false,"template":"","format":"standard","meta":{"_acf_changed":false,"pgc_sgb_lightbox_settings":"","footnotes":""},"categories":[3314],"tags":[3137],"class_list":["post-22215","post","type-post","status-publish","format-standard","has-post-thumbnail","hentry","category-health-safety","tag-unfallgefahr"],"acf":[],"hkrextid":null,"publication":null,"issue":null,"workflow":null,"startPage":null,"spitzmarke":null,"_posts_by_tag_page_fields":null,"_at_widget":null,"_yoast_wpseo_primary_category":"3314","_yoast_wpseo_focuskw_text_input":null,"_yoast_wpseo_opengraph-image":null,"_yoast_wpseo_opengraph-description":null,"_yoast_wpseo_opengraph-title":null,"enclosure":null,"_yoast_wpseo_twitter-title":null,"_yoast_wpseo_twitter-description":null,"_yoast_wpseo_twitter-image":null,"_wp_old_slug":null,"_yoast_wpseo_title":null,"_yoast_wpseo_canonical":null,"yoast_head":"<!-- This site is optimized with the Yoast SEO plugin v27.5 - https:\/\/yoast.com\/product\/yoast-seo-wordpress\/ -->\n<title>\u00dcber 900 000 Berufs- und Freizeitunf\u00e4lle - Save<\/title>\n<meta name=\"description\" content=\"2022 wurden den 23 Unfallversicherern rund 911 000 Berufs- und Freizeitunf\u00e4lle sowie Berufskrankheiten gemeldet. Das ist ein Plus von 9,5%.\" \/>\n<meta name=\"robots\" content=\"index, follow, max-snippet:-1, max-image-preview:large, max-video-preview:-1\" \/>\n<link rel=\"canonical\" href=\"https:\/\/news.save.ch\/it\/ueber-900-000-berufs-und-freizeitunfaelle\/\" \/>\n<meta property=\"og:locale\" content=\"it_IT\" \/>\n<meta property=\"og:type\" content=\"article\" \/>\n<meta property=\"og:title\" content=\"\u00dcber 900 000 Berufs- und Freizeitunf\u00e4lle - Save\" \/>\n<meta property=\"og:description\" content=\"2022 wurden den 23 Unfallversicherern rund 911 000 Berufs- und Freizeitunf\u00e4lle sowie Berufskrankheiten gemeldet. Das ist ein Plus von 9,5%.\" \/>\n<meta property=\"og:url\" content=\"https:\/\/news.save.ch\/it\/ueber-900-000-berufs-und-freizeitunfaelle\/\" \/>\n<meta property=\"og:site_name\" content=\"Save\" \/>\n<meta property=\"article:published_time\" content=\"2023-10-25T09:08:41+00:00\" \/>\n<meta property=\"article:modified_time\" content=\"2023-10-27T08:06:34+00:00\" \/>\n<meta property=\"og:image\" content=\"https:\/\/news.save.ch\/wp-content\/uploads\/2023\/10\/Depositphotos_620964008_S.jpg\" \/>\n\t<meta property=\"og:image:width\" content=\"1000\" \/>\n\t<meta property=\"og:image:height\" content=\"667\" \/>\n\t<meta property=\"og:image:type\" content=\"image\/jpeg\" \/>\n<meta name=\"author\" content=\"Roger Str\u00e4ssle\" \/>\n<meta name=\"twitter:card\" content=\"summary_large_image\" \/>\n<meta name=\"twitter:label1\" content=\"Scritto da\" \/>\n\t<meta name=\"twitter:data1\" content=\"Roger Str\u00e4ssle\" \/>\n\t<meta name=\"twitter:label2\" content=\"Tempo di lettura stimato\" \/>\n\t<meta name=\"twitter:data2\" content=\"4 minuti\" \/>\n<script type=\"application\/ld+json\" class=\"yoast-schema-graph\">{\"@context\":\"https:\\\/\\\/schema.org\",\"@graph\":[{\"@type\":\"Article\",\"@id\":\"https:\\\/\\\/news.save.ch\\\/ueber-900-000-berufs-und-freizeitunfaelle\\\/#article\",\"isPartOf\":{\"@id\":\"https:\\\/\\\/news.save.ch\\\/ueber-900-000-berufs-und-freizeitunfaelle\\\/\"},\"author\":{\"name\":\"Roger Str\u00e4ssle\",\"@id\":\"https:\\\/\\\/news.save.ch\\\/de\\\/#\\\/schema\\\/person\\\/d5022db048e0e2b9785c50e5b24da5aa\"},\"headline\":\"\u00dcber 900 000 Berufs- und Freizeitunf\u00e4lle\",\"datePublished\":\"2023-10-25T09:08:41+00:00\",\"dateModified\":\"2023-10-27T08:06:34+00:00\",\"mainEntityOfPage\":{\"@id\":\"https:\\\/\\\/news.save.ch\\\/ueber-900-000-berufs-und-freizeitunfaelle\\\/\"},\"wordCount\":577,\"publisher\":{\"@id\":\"https:\\\/\\\/news.save.ch\\\/de\\\/#organization\"},\"image\":{\"@id\":\"https:\\\/\\\/news.save.ch\\\/ueber-900-000-berufs-und-freizeitunfaelle\\\/#primaryimage\"},\"thumbnailUrl\":\"https:\\\/\\\/news.save.ch\\\/wp-content\\\/uploads\\\/2023\\\/10\\\/Depositphotos_620964008_S.jpg\",\"keywords\":[\"Unfallgefahr\"],\"articleSection\":[\"HEALTH &amp; SAFETY\"],\"inLanguage\":\"it-IT\"},{\"@type\":\"WebPage\",\"@id\":\"https:\\\/\\\/news.save.ch\\\/ueber-900-000-berufs-und-freizeitunfaelle\\\/\",\"url\":\"https:\\\/\\\/news.save.ch\\\/ueber-900-000-berufs-und-freizeitunfaelle\\\/\",\"name\":\"\u00dcber 900 000 Berufs- und Freizeitunf\u00e4lle - Save\",\"isPartOf\":{\"@id\":\"https:\\\/\\\/news.save.ch\\\/de\\\/#website\"},\"primaryImageOfPage\":{\"@id\":\"https:\\\/\\\/news.save.ch\\\/ueber-900-000-berufs-und-freizeitunfaelle\\\/#primaryimage\"},\"image\":{\"@id\":\"https:\\\/\\\/news.save.ch\\\/ueber-900-000-berufs-und-freizeitunfaelle\\\/#primaryimage\"},\"thumbnailUrl\":\"https:\\\/\\\/news.save.ch\\\/wp-content\\\/uploads\\\/2023\\\/10\\\/Depositphotos_620964008_S.jpg\",\"datePublished\":\"2023-10-25T09:08:41+00:00\",\"dateModified\":\"2023-10-27T08:06:34+00:00\",\"description\":\"2022 wurden den 23 Unfallversicherern rund 911 000 Berufs- und Freizeitunf\u00e4lle sowie Berufskrankheiten gemeldet. Das ist ein Plus von 9,5%.\",\"breadcrumb\":{\"@id\":\"https:\\\/\\\/news.save.ch\\\/ueber-900-000-berufs-und-freizeitunfaelle\\\/#breadcrumb\"},\"inLanguage\":\"it-IT\",\"potentialAction\":[{\"@type\":\"ReadAction\",\"target\":[\"https:\\\/\\\/news.save.ch\\\/ueber-900-000-berufs-und-freizeitunfaelle\\\/\"]}]},{\"@type\":\"ImageObject\",\"inLanguage\":\"it-IT\",\"@id\":\"https:\\\/\\\/news.save.ch\\\/ueber-900-000-berufs-und-freizeitunfaelle\\\/#primaryimage\",\"url\":\"https:\\\/\\\/news.save.ch\\\/wp-content\\\/uploads\\\/2023\\\/10\\\/Depositphotos_620964008_S.jpg\",\"contentUrl\":\"https:\\\/\\\/news.save.ch\\\/wp-content\\\/uploads\\\/2023\\\/10\\\/Depositphotos_620964008_S.jpg\",\"width\":1000,\"height\":667,\"caption\":\"Depositphotos, NewAfrica\"},{\"@type\":\"BreadcrumbList\",\"@id\":\"https:\\\/\\\/news.save.ch\\\/ueber-900-000-berufs-und-freizeitunfaelle\\\/#breadcrumb\",\"itemListElement\":[{\"@type\":\"ListItem\",\"position\":1,\"name\":\"Home\",\"item\":\"https:\\\/\\\/news.save.ch\\\/de\\\/\"},{\"@type\":\"ListItem\",\"position\":2,\"name\":\"\u00dcber 900 000 Berufs- und Freizeitunf\u00e4lle\"}]},{\"@type\":\"WebSite\",\"@id\":\"https:\\\/\\\/news.save.ch\\\/de\\\/#website\",\"url\":\"https:\\\/\\\/news.save.ch\\\/de\\\/\",\"name\":\"Save\",\"description\":\"Schweizer Fachzeitschrift f\u00fcr Sicherheit\",\"publisher\":{\"@id\":\"https:\\\/\\\/news.save.ch\\\/de\\\/#organization\"},\"potentialAction\":[{\"@type\":\"SearchAction\",\"target\":{\"@type\":\"EntryPoint\",\"urlTemplate\":\"https:\\\/\\\/news.save.ch\\\/de\\\/?s={search_term_string}\"},\"query-input\":{\"@type\":\"PropertyValueSpecification\",\"valueRequired\":true,\"valueName\":\"search_term_string\"}}],\"inLanguage\":\"it-IT\"},{\"@type\":\"Organization\",\"@id\":\"https:\\\/\\\/news.save.ch\\\/de\\\/#organization\",\"name\":\"Sicherheitsforum\",\"url\":\"https:\\\/\\\/news.save.ch\\\/de\\\/\",\"logo\":{\"@type\":\"ImageObject\",\"inLanguage\":\"it-IT\",\"@id\":\"https:\\\/\\\/news.save.ch\\\/de\\\/#\\\/schema\\\/logo\\\/image\\\/\",\"url\":\"https:\\\/\\\/news.save.ch\\\/wp-content\\\/uploads\\\/2022\\\/06\\\/Logo_SF_2012.png\",\"contentUrl\":\"https:\\\/\\\/news.save.ch\\\/wp-content\\\/uploads\\\/2022\\\/06\\\/Logo_SF_2012.png\",\"width\":1100,\"height\":91,\"caption\":\"Sicherheitsforum\"},\"image\":{\"@id\":\"https:\\\/\\\/news.save.ch\\\/de\\\/#\\\/schema\\\/logo\\\/image\\\/\"}},{\"@type\":\"Person\",\"@id\":\"https:\\\/\\\/news.save.ch\\\/de\\\/#\\\/schema\\\/person\\\/d5022db048e0e2b9785c50e5b24da5aa\",\"name\":\"Roger Str\u00e4ssle\",\"image\":{\"@type\":\"ImageObject\",\"inLanguage\":\"it-IT\",\"@id\":\"https:\\\/\\\/secure.gravatar.com\\\/avatar\\\/862a5569d087de48e5856e32f45d719a03804c891d6deb8d4f71a660e79e4a47?s=96&d=mm&r=g\",\"url\":\"https:\\\/\\\/secure.gravatar.com\\\/avatar\\\/862a5569d087de48e5856e32f45d719a03804c891d6deb8d4f71a660e79e4a47?s=96&d=mm&r=g\",\"contentUrl\":\"https:\\\/\\\/secure.gravatar.com\\\/avatar\\\/862a5569d087de48e5856e32f45d719a03804c891d6deb8d4f71a660e79e4a47?s=96&d=mm&r=g\",\"caption\":\"Roger Str\u00e4ssle\"},\"url\":\"https:\\\/\\\/news.save.ch\\\/it\\\/author\\\/roger-straessle\\\/\"}]}<\/script>\n<!-- \/ Yoast SEO plugin. -->","yoast_head_json":{"title":"Oltre 900.000 infortuni sul lavoro e nel tempo libero - Salva","description":"Nel 2022 sono stati denunciati ai 23 assicuratori infortuni circa 911.000 infortuni sul lavoro e nel tempo libero e malattie professionali. Si tratta di un aumento del 9,5%.","robots":{"index":"index","follow":"follow","max-snippet":"max-snippet:-1","max-image-preview":"max-image-preview:large","max-video-preview":"max-video-preview:-1"},"canonical":"https:\/\/news.save.ch\/it\/ueber-900-000-berufs-und-freizeitunfaelle\/","og_locale":"it_IT","og_type":"article","og_title":"\u00dcber 900 000 Berufs- und Freizeitunf\u00e4lle - Save","og_description":"2022 wurden den 23 Unfallversicherern rund 911 000 Berufs- und Freizeitunf\u00e4lle sowie Berufskrankheiten gemeldet. Das ist ein Plus von 9,5%.","og_url":"https:\/\/news.save.ch\/it\/ueber-900-000-berufs-und-freizeitunfaelle\/","og_site_name":"Save","article_published_time":"2023-10-25T09:08:41+00:00","article_modified_time":"2023-10-27T08:06:34+00:00","og_image":[{"width":1000,"height":667,"url":"https:\/\/news.save.ch\/wp-content\/uploads\/2023\/10\/Depositphotos_620964008_S.jpg","type":"image\/jpeg"}],"author":"Roger Str\u00e4ssle","twitter_card":"summary_large_image","twitter_misc":{"Scritto da":"Roger Str\u00e4ssle","Tempo di lettura stimato":"4 minuti"},"schema":{"@context":"https:\/\/schema.org","@graph":[{"@type":"Article","@id":"https:\/\/news.save.ch\/ueber-900-000-berufs-und-freizeitunfaelle\/#article","isPartOf":{"@id":"https:\/\/news.save.ch\/ueber-900-000-berufs-und-freizeitunfaelle\/"},"author":{"name":"Roger Str\u00e4ssle","@id":"https:\/\/news.save.ch\/de\/#\/schema\/person\/d5022db048e0e2b9785c50e5b24da5aa"},"headline":"\u00dcber 900 000 Berufs- und Freizeitunf\u00e4lle","datePublished":"2023-10-25T09:08:41+00:00","dateModified":"2023-10-27T08:06:34+00:00","mainEntityOfPage":{"@id":"https:\/\/news.save.ch\/ueber-900-000-berufs-und-freizeitunfaelle\/"},"wordCount":577,"publisher":{"@id":"https:\/\/news.save.ch\/de\/#organization"},"image":{"@id":"https:\/\/news.save.ch\/ueber-900-000-berufs-und-freizeitunfaelle\/#primaryimage"},"thumbnailUrl":"https:\/\/news.save.ch\/wp-content\/uploads\/2023\/10\/Depositphotos_620964008_S.jpg","keywords":["Unfallgefahr"],"articleSection":["HEALTH &amp; SAFETY"],"inLanguage":"it-IT"},{"@type":"WebPage","@id":"https:\/\/news.save.ch\/ueber-900-000-berufs-und-freizeitunfaelle\/","url":"https:\/\/news.save.ch\/ueber-900-000-berufs-und-freizeitunfaelle\/","name":"Oltre 900.000 infortuni sul lavoro e nel tempo libero - Salva","isPartOf":{"@id":"https:\/\/news.save.ch\/de\/#website"},"primaryImageOfPage":{"@id":"https:\/\/news.save.ch\/ueber-900-000-berufs-und-freizeitunfaelle\/#primaryimage"},"image":{"@id":"https:\/\/news.save.ch\/ueber-900-000-berufs-und-freizeitunfaelle\/#primaryimage"},"thumbnailUrl":"https:\/\/news.save.ch\/wp-content\/uploads\/2023\/10\/Depositphotos_620964008_S.jpg","datePublished":"2023-10-25T09:08:41+00:00","dateModified":"2023-10-27T08:06:34+00:00","description":"Nel 2022 sono stati denunciati ai 23 assicuratori infortuni circa 911.000 infortuni sul lavoro e nel tempo libero e malattie professionali. Si tratta di un aumento del 9,5%.","breadcrumb":{"@id":"https:\/\/news.save.ch\/ueber-900-000-berufs-und-freizeitunfaelle\/#breadcrumb"},"inLanguage":"it-IT","potentialAction":[{"@type":"ReadAction","target":["https:\/\/news.save.ch\/ueber-900-000-berufs-und-freizeitunfaelle\/"]}]},{"@type":"ImageObject","inLanguage":"it-IT","@id":"https:\/\/news.save.ch\/ueber-900-000-berufs-und-freizeitunfaelle\/#primaryimage","url":"https:\/\/news.save.ch\/wp-content\/uploads\/2023\/10\/Depositphotos_620964008_S.jpg","contentUrl":"https:\/\/news.save.ch\/wp-content\/uploads\/2023\/10\/Depositphotos_620964008_S.jpg","width":1000,"height":667,"caption":"Depositphotos, NewAfrica"},{"@type":"BreadcrumbList","@id":"https:\/\/news.save.ch\/ueber-900-000-berufs-und-freizeitunfaelle\/#breadcrumb","itemListElement":[{"@type":"ListItem","position":1,"name":"Home","item":"https:\/\/news.save.ch\/de\/"},{"@type":"ListItem","position":2,"name":"\u00dcber 900 000 Berufs- und Freizeitunf\u00e4lle"}]},{"@type":"WebSite","@id":"https:\/\/news.save.ch\/de\/#website","url":"https:\/\/news.save.ch\/de\/","name":"Risparmiare","description":"Rivista svizzera specializzata in sicurezza","publisher":{"@id":"https:\/\/news.save.ch\/de\/#organization"},"potentialAction":[{"@type":"SearchAction","target":{"@type":"EntryPoint","urlTemplate":"https:\/\/news.save.ch\/de\/?s={search_term_string}"},"query-input":{"@type":"PropertyValueSpecification","valueRequired":true,"valueName":"search_term_string"}}],"inLanguage":"it-IT"},{"@type":"Organization","@id":"https:\/\/news.save.ch\/de\/#organization","name":"Forum sulla sicurezza","url":"https:\/\/news.save.ch\/de\/","logo":{"@type":"ImageObject","inLanguage":"it-IT","@id":"https:\/\/news.save.ch\/de\/#\/schema\/logo\/image\/","url":"https:\/\/news.save.ch\/wp-content\/uploads\/2022\/06\/Logo_SF_2012.png","contentUrl":"https:\/\/news.save.ch\/wp-content\/uploads\/2022\/06\/Logo_SF_2012.png","width":1100,"height":91,"caption":"Sicherheitsforum"},"image":{"@id":"https:\/\/news.save.ch\/de\/#\/schema\/logo\/image\/"}},{"@type":"Person","@id":"https:\/\/news.save.ch\/de\/#\/schema\/person\/d5022db048e0e2b9785c50e5b24da5aa","name":"Roger Str\u00e4ssle","image":{"@type":"ImageObject","inLanguage":"it-IT","@id":"https:\/\/secure.gravatar.com\/avatar\/862a5569d087de48e5856e32f45d719a03804c891d6deb8d4f71a660e79e4a47?s=96&d=mm&r=g","url":"https:\/\/secure.gravatar.com\/avatar\/862a5569d087de48e5856e32f45d719a03804c891d6deb8d4f71a660e79e4a47?s=96&d=mm&r=g","contentUrl":"https:\/\/secure.gravatar.com\/avatar\/862a5569d087de48e5856e32f45d719a03804c891d6deb8d4f71a660e79e4a47?s=96&d=mm&r=g","caption":"Roger Str\u00e4ssle"},"url":"https:\/\/news.save.ch\/it\/author\/roger-straessle\/"}]}},"_links":{"self":[{"href":"https:\/\/news.save.ch\/it\/wp-json\/wp\/v2\/posts\/22215","targetHints":{"allow":["GET"]}}],"collection":[{"href":"https:\/\/news.save.ch\/it\/wp-json\/wp\/v2\/posts"}],"about":[{"href":"https:\/\/news.save.ch\/it\/wp-json\/wp\/v2\/types\/post"}],"author":[{"embeddable":true,"href":"https:\/\/news.save.ch\/it\/wp-json\/wp\/v2\/users\/8"}],"replies":[{"embeddable":true,"href":"https:\/\/news.save.ch\/it\/wp-json\/wp\/v2\/comments?post=22215"}],"version-history":[{"count":4,"href":"https:\/\/news.save.ch\/it\/wp-json\/wp\/v2\/posts\/22215\/revisions"}],"predecessor-version":[{"id":22240,"href":"https:\/\/news.save.ch\/it\/wp-json\/wp\/v2\/posts\/22215\/revisions\/22240"}],"wp:featuredmedia":[{"embeddable":true,"href":"https:\/\/news.save.ch\/it\/wp-json\/wp\/v2\/media\/22217"}],"wp:attachment":[{"href":"https:\/\/news.save.ch\/it\/wp-json\/wp\/v2\/media?parent=22215"}],"wp:term":[{"taxonomy":"category","embeddable":true,"href":"https:\/\/news.save.ch\/it\/wp-json\/wp\/v2\/categories?post=22215"},{"taxonomy":"post_tag","embeddable":true,"href":"https:\/\/news.save.ch\/it\/wp-json\/wp\/v2\/tags?post=22215"}],"curies":[{"name":"wp","href":"https:\/\/api.w.org\/{rel}","templated":true}]}}