{"id":22305,"date":"2023-11-01T12:32:45","date_gmt":"2023-11-01T11:32:45","guid":{"rendered":"https:\/\/news.save.ch\/?p=22305"},"modified":"2023-11-01T13:19:17","modified_gmt":"2023-11-01T12:19:17","slug":"mobilfunknetz-soll-auch-bei-stromausfall-funktionieren","status":null,"type":"post","link":"https:\/\/news.save.ch\/it\/mobilfunknetz-soll-auch-bei-stromausfall-funktionieren\/","title":{"rendered":"La rete di telefonia mobile dovrebbe funzionare anche durante le interruzioni di corrente"},"content":{"rendered":"<figure id=\"attachment_22307\" aria-describedby=\"caption-attachment-22307\" style=\"width: 680px\" class=\"wp-caption aligncenter\"><img loading=\"lazy\" decoding=\"async\" class=\"size-medium wp-image-22307\" src=\"https:\/\/news.save.ch\/wp-content\/uploads\/2023\/11\/telefon-680x440.jpg\" alt=\"Chiamata di emergenza\" width=\"680\" height=\"440\" srcset=\"https:\/\/news.save.ch\/wp-content\/uploads\/2023\/11\/telefon-680x440.jpg 680w, https:\/\/news.save.ch\/wp-content\/uploads\/2023\/11\/telefon-1024x663.jpg 1024w, https:\/\/news.save.ch\/wp-content\/uploads\/2023\/11\/telefon-768x497.jpg 768w, https:\/\/news.save.ch\/wp-content\/uploads\/2023\/11\/telefon-1536x994.jpg 1536w, https:\/\/news.save.ch\/wp-content\/uploads\/2023\/11\/telefon-2048x1325.jpg 2048w, https:\/\/news.save.ch\/wp-content\/uploads\/2023\/11\/telefon-18x12.jpg 18w, https:\/\/news.save.ch\/wp-content\/uploads\/2023\/11\/telefon-375x243.jpg 375w, https:\/\/news.save.ch\/wp-content\/uploads\/2023\/11\/telefon-541x350.jpg 541w, https:\/\/news.save.ch\/wp-content\/uploads\/2023\/11\/telefon-1000x647.jpg 1000w, https:\/\/news.save.ch\/wp-content\/uploads\/2023\/11\/telefon-scaled.jpg 1200w\" sizes=\"auto, (max-width: 680px) 100vw, 680px\" \/><figcaption id=\"caption-attachment-22307\" class=\"wp-caption-text\">\u00a9 R. Str\u00e4ssle<\/figcaption><\/figure>\n<p>La rete di radiocomunicazione mobile deve rimanere operativa anche in caso di interruzione di corrente o di mancanza di energia elettrica per consentire i servizi di chiamata d'emergenza, il servizio telefonico pubblico e l'accesso a Internet. Per questo motivo, il 1\u00b0 novembre il Consiglio federale ha posto in consultazione una revisione dell'Ordinanza sui servizi di telecomunicazione (OTS). Le parti interessate possono presentare osservazioni fino al 16 febbraio 2024.<\/p>\n<p>Il Consiglio federale propone che i nuovi requisiti stabiliti nell'IFD non si applichino ai servizi video via Internet, in quanto potrebbero sovraccaricare la rete. Fanno eccezione i video di interesse pubblico.<\/p>\n<h3>Alimentazione di emergenza nelle postazioni centrali<\/h3>\n<p>Se il Consiglio Federale far\u00e0 la sua scelta, i tre titolari di licenze di telefonia mobile operanti in Svizzera dovranno quindi installare un'alimentazione di emergenza nelle sedi centrali e nelle stazioni trasmittenti. Con l'aiuto di queste misure, dovranno garantire la comunicazione mobile in caso di interruzioni di corrente della durata massima di 72 ore o di cicli di interruzione di corrente della durata di 14 giorni consecutivi, si legge nel comunicato stampa. Ogni licenziatario deve inoltre garantire che il 99% dei suoi clienti in ogni comune possa utilizzare la sua rete mobile in caso di interruzione di corrente.<\/p>\n<p><b>Garantire i servizi di chiamata di emergenza<\/b><\/p>\n<p>In base alla proposta del Consiglio federale, i concessionari di telefonia mobile hanno cinque anni per attuare le misure volte a garantire i servizi di chiamata d'emergenza e altri tre anni per garantire l'accesso al servizio telefonico pubblico e a Internet. Sei mesi dopo l'entrata in vigore della revisione dell'FDV, dovranno presentare un piano di implementazione e successivamente relazioni intermedie annuali sullo stato di avanzamento. Se vi \u00e8 il ragionevole sospetto che le nuove disposizioni non vengano rispettate, i concessionari di telefonia mobile possono essere obbligati a sottoporsi a un audit a proprie spese, come scrive il Consiglio federale.<\/p>\n<p><b>Costi a carico dei concessionari<\/b><\/p>\n<p>Secondo le informazioni, i concessionari di telefonia mobile sono liberi di scegliere le misure per raggiungere gli obiettivi definiti nell'FDV. I costi per il rafforzamento della rete di telefonia mobile sono a loro carico. Secondo una valutazione dell'impatto normativo, i costi annuali per le tre societ\u00e0 ammontano a circa 150 milioni di franchi, come conclude il documento.<\/p>\n<p><a href=\"https:\/\/www.bakom.admin.ch\/bakom\/de\/home\/das-bakom\/organisation\/rechtliche-grundlagen\/vernehmlassungen\/vernehmlassung_haertung_mobilfunknetze.html\" target=\"_blank\" rel=\"noopener\"><em>Maggiori informazioni sulla consultazione della FDV qui.<\/em><\/a><\/p>","protected":false},"excerpt":{"rendered":"<p>Das Mobilfunknetz muss auch bei einem Stromausfall oder einer Strommangellage betriebsf\u00e4hig bleiben, um Notrufdienste, den \u00f6ffentlichen Telefondienst und den Zugang zum Internet zu erm\u00f6glichen. Deshalb hat der Bundesrat am 1. November eine Revision der Verordnung \u00fcber Fernmeldedienste (FDV) in Vernehmlassung geschickt.\u00a0Interessierte Kreise k\u00f6nnen bis zum 16. Februar 2024 dazu Stellung nehmen. Der Bundesrat schl\u00e4gt vor, [&hellip;]<\/p>\n","protected":false},"author":8,"featured_media":22307,"comment_status":"closed","ping_status":"closed","sticky":false,"template":"","format":"standard","meta":{"_acf_changed":false,"pgc_sgb_lightbox_settings":"","footnotes":""},"categories":[3312],"tags":[6368,6367],"class_list":["post-22305","post","type-post","status-publish","format-standard","has-post-thumbnail","hentry","category-sicherheit","tag-mobilfunknetze","tag-notruf"],"acf":[],"hkrextid":null,"publication":null,"issue":null,"workflow":null,"startPage":null,"spitzmarke":null,"_posts_by_tag_page_fields":null,"_at_widget":null,"_yoast_wpseo_primary_category":"3312","_yoast_wpseo_focuskw_text_input":null,"_yoast_wpseo_opengraph-image":null,"_yoast_wpseo_opengraph-description":null,"_yoast_wpseo_opengraph-title":null,"enclosure":null,"_yoast_wpseo_twitter-title":null,"_yoast_wpseo_twitter-description":null,"_yoast_wpseo_twitter-image":null,"_wp_old_slug":null,"_yoast_wpseo_title":null,"_yoast_wpseo_canonical":null,"yoast_head":"<!-- This site is optimized with the Yoast SEO plugin v27.5 - https:\/\/yoast.com\/product\/yoast-seo-wordpress\/ -->\n<title>Mobilfunknetz soll auch bei Stromausfall funktionieren - Save<\/title>\n<meta name=\"description\" content=\"Die Mobilfunknetze sollen auch bei St\u00f6rungen der Stromversorgung weiter genutzt werden k\u00f6nnen. Eine Revision ist in Vernehmlassung.\" \/>\n<meta name=\"robots\" content=\"index, follow, max-snippet:-1, max-image-preview:large, max-video-preview:-1\" \/>\n<link rel=\"canonical\" href=\"https:\/\/news.save.ch\/it\/mobilfunknetz-soll-auch-bei-stromausfall-funktionieren\/\" \/>\n<meta property=\"og:locale\" content=\"it_IT\" \/>\n<meta property=\"og:type\" content=\"article\" \/>\n<meta property=\"og:title\" content=\"Mobilfunknetz soll auch bei Stromausfall funktionieren - Save\" \/>\n<meta property=\"og:description\" content=\"Die Mobilfunknetze sollen auch bei St\u00f6rungen der Stromversorgung weiter genutzt werden k\u00f6nnen. Eine Revision ist in Vernehmlassung.\" \/>\n<meta property=\"og:url\" content=\"https:\/\/news.save.ch\/it\/mobilfunknetz-soll-auch-bei-stromausfall-funktionieren\/\" \/>\n<meta property=\"og:site_name\" content=\"Save\" \/>\n<meta property=\"article:published_time\" content=\"2023-11-01T11:32:45+00:00\" \/>\n<meta property=\"article:modified_time\" content=\"2023-11-01T12:19:17+00:00\" \/>\n<meta property=\"og:image\" content=\"https:\/\/news.save.ch\/wp-content\/uploads\/2023\/11\/telefon-scaled.jpg\" \/>\n\t<meta property=\"og:image:width\" content=\"1200\" \/>\n\t<meta property=\"og:image:height\" content=\"777\" \/>\n\t<meta property=\"og:image:type\" content=\"image\/jpeg\" \/>\n<meta name=\"author\" content=\"Roger Str\u00e4ssle\" \/>\n<meta name=\"twitter:card\" content=\"summary_large_image\" \/>\n<meta name=\"twitter:label1\" content=\"Scritto da\" \/>\n\t<meta name=\"twitter:data1\" content=\"Roger Str\u00e4ssle\" \/>\n\t<meta name=\"twitter:label2\" content=\"Tempo di lettura stimato\" \/>\n\t<meta name=\"twitter:data2\" content=\"2 minuti\" \/>\n<script type=\"application\/ld+json\" class=\"yoast-schema-graph\">{\"@context\":\"https:\\\/\\\/schema.org\",\"@graph\":[{\"@type\":\"Article\",\"@id\":\"https:\\\/\\\/news.save.ch\\\/mobilfunknetz-soll-auch-bei-stromausfall-funktionieren\\\/#article\",\"isPartOf\":{\"@id\":\"https:\\\/\\\/news.save.ch\\\/mobilfunknetz-soll-auch-bei-stromausfall-funktionieren\\\/\"},\"author\":{\"name\":\"Roger Str\u00e4ssle\",\"@id\":\"https:\\\/\\\/news.save.ch\\\/de\\\/#\\\/schema\\\/person\\\/d5022db048e0e2b9785c50e5b24da5aa\"},\"headline\":\"Mobilfunknetz soll auch bei Stromausfall funktionieren\",\"datePublished\":\"2023-11-01T11:32:45+00:00\",\"dateModified\":\"2023-11-01T12:19:17+00:00\",\"mainEntityOfPage\":{\"@id\":\"https:\\\/\\\/news.save.ch\\\/mobilfunknetz-soll-auch-bei-stromausfall-funktionieren\\\/\"},\"wordCount\":357,\"publisher\":{\"@id\":\"https:\\\/\\\/news.save.ch\\\/de\\\/#organization\"},\"image\":{\"@id\":\"https:\\\/\\\/news.save.ch\\\/mobilfunknetz-soll-auch-bei-stromausfall-funktionieren\\\/#primaryimage\"},\"thumbnailUrl\":\"https:\\\/\\\/news.save.ch\\\/wp-content\\\/uploads\\\/2023\\\/11\\\/telefon-scaled.jpg\",\"keywords\":[\"Mobilfunknetze\",\"Notruf\"],\"articleSection\":[\"SICHERHEIT\"],\"inLanguage\":\"it-IT\"},{\"@type\":\"WebPage\",\"@id\":\"https:\\\/\\\/news.save.ch\\\/mobilfunknetz-soll-auch-bei-stromausfall-funktionieren\\\/\",\"url\":\"https:\\\/\\\/news.save.ch\\\/mobilfunknetz-soll-auch-bei-stromausfall-funktionieren\\\/\",\"name\":\"Mobilfunknetz soll auch bei Stromausfall funktionieren - Save\",\"isPartOf\":{\"@id\":\"https:\\\/\\\/news.save.ch\\\/de\\\/#website\"},\"primaryImageOfPage\":{\"@id\":\"https:\\\/\\\/news.save.ch\\\/mobilfunknetz-soll-auch-bei-stromausfall-funktionieren\\\/#primaryimage\"},\"image\":{\"@id\":\"https:\\\/\\\/news.save.ch\\\/mobilfunknetz-soll-auch-bei-stromausfall-funktionieren\\\/#primaryimage\"},\"thumbnailUrl\":\"https:\\\/\\\/news.save.ch\\\/wp-content\\\/uploads\\\/2023\\\/11\\\/telefon-scaled.jpg\",\"datePublished\":\"2023-11-01T11:32:45+00:00\",\"dateModified\":\"2023-11-01T12:19:17+00:00\",\"description\":\"Die Mobilfunknetze sollen auch bei St\u00f6rungen der Stromversorgung weiter genutzt werden k\u00f6nnen. Eine Revision ist in Vernehmlassung.\",\"breadcrumb\":{\"@id\":\"https:\\\/\\\/news.save.ch\\\/mobilfunknetz-soll-auch-bei-stromausfall-funktionieren\\\/#breadcrumb\"},\"inLanguage\":\"it-IT\",\"potentialAction\":[{\"@type\":\"ReadAction\",\"target\":[\"https:\\\/\\\/news.save.ch\\\/mobilfunknetz-soll-auch-bei-stromausfall-funktionieren\\\/\"]}]},{\"@type\":\"ImageObject\",\"inLanguage\":\"it-IT\",\"@id\":\"https:\\\/\\\/news.save.ch\\\/mobilfunknetz-soll-auch-bei-stromausfall-funktionieren\\\/#primaryimage\",\"url\":\"https:\\\/\\\/news.save.ch\\\/wp-content\\\/uploads\\\/2023\\\/11\\\/telefon-scaled.jpg\",\"contentUrl\":\"https:\\\/\\\/news.save.ch\\\/wp-content\\\/uploads\\\/2023\\\/11\\\/telefon-scaled.jpg\",\"width\":1200,\"height\":777,\"caption\":\"\u00a9 R. Str\u00e4ssle\"},{\"@type\":\"BreadcrumbList\",\"@id\":\"https:\\\/\\\/news.save.ch\\\/mobilfunknetz-soll-auch-bei-stromausfall-funktionieren\\\/#breadcrumb\",\"itemListElement\":[{\"@type\":\"ListItem\",\"position\":1,\"name\":\"Home\",\"item\":\"https:\\\/\\\/news.save.ch\\\/de\\\/\"},{\"@type\":\"ListItem\",\"position\":2,\"name\":\"Mobilfunknetz soll auch bei Stromausfall funktionieren\"}]},{\"@type\":\"WebSite\",\"@id\":\"https:\\\/\\\/news.save.ch\\\/de\\\/#website\",\"url\":\"https:\\\/\\\/news.save.ch\\\/de\\\/\",\"name\":\"Save\",\"description\":\"Schweizer Fachzeitschrift f\u00fcr Sicherheit\",\"publisher\":{\"@id\":\"https:\\\/\\\/news.save.ch\\\/de\\\/#organization\"},\"potentialAction\":[{\"@type\":\"SearchAction\",\"target\":{\"@type\":\"EntryPoint\",\"urlTemplate\":\"https:\\\/\\\/news.save.ch\\\/de\\\/?s={search_term_string}\"},\"query-input\":{\"@type\":\"PropertyValueSpecification\",\"valueRequired\":true,\"valueName\":\"search_term_string\"}}],\"inLanguage\":\"it-IT\"},{\"@type\":\"Organization\",\"@id\":\"https:\\\/\\\/news.save.ch\\\/de\\\/#organization\",\"name\":\"Sicherheitsforum\",\"url\":\"https:\\\/\\\/news.save.ch\\\/de\\\/\",\"logo\":{\"@type\":\"ImageObject\",\"inLanguage\":\"it-IT\",\"@id\":\"https:\\\/\\\/news.save.ch\\\/de\\\/#\\\/schema\\\/logo\\\/image\\\/\",\"url\":\"https:\\\/\\\/news.save.ch\\\/wp-content\\\/uploads\\\/2022\\\/06\\\/Logo_SF_2012.png\",\"contentUrl\":\"https:\\\/\\\/news.save.ch\\\/wp-content\\\/uploads\\\/2022\\\/06\\\/Logo_SF_2012.png\",\"width\":1100,\"height\":91,\"caption\":\"Sicherheitsforum\"},\"image\":{\"@id\":\"https:\\\/\\\/news.save.ch\\\/de\\\/#\\\/schema\\\/logo\\\/image\\\/\"}},{\"@type\":\"Person\",\"@id\":\"https:\\\/\\\/news.save.ch\\\/de\\\/#\\\/schema\\\/person\\\/d5022db048e0e2b9785c50e5b24da5aa\",\"name\":\"Roger Str\u00e4ssle\",\"image\":{\"@type\":\"ImageObject\",\"inLanguage\":\"it-IT\",\"@id\":\"https:\\\/\\\/secure.gravatar.com\\\/avatar\\\/862a5569d087de48e5856e32f45d719a03804c891d6deb8d4f71a660e79e4a47?s=96&d=mm&r=g\",\"url\":\"https:\\\/\\\/secure.gravatar.com\\\/avatar\\\/862a5569d087de48e5856e32f45d719a03804c891d6deb8d4f71a660e79e4a47?s=96&d=mm&r=g\",\"contentUrl\":\"https:\\\/\\\/secure.gravatar.com\\\/avatar\\\/862a5569d087de48e5856e32f45d719a03804c891d6deb8d4f71a660e79e4a47?s=96&d=mm&r=g\",\"caption\":\"Roger Str\u00e4ssle\"},\"url\":\"https:\\\/\\\/news.save.ch\\\/it\\\/author\\\/roger-straessle\\\/\"}]}<\/script>\n<!-- \/ Yoast SEO plugin. -->","yoast_head_json":{"title":"La rete mobile funzioner\u00e0 anche durante le interruzioni di corrente - Save","description":"Le reti di telefonia mobile dovrebbero poter continuare a essere utilizzate anche in caso di interruzioni della fornitura di energia elettrica. Una revisione \u00e8 attualmente in fase di consultazione.","robots":{"index":"index","follow":"follow","max-snippet":"max-snippet:-1","max-image-preview":"max-image-preview:large","max-video-preview":"max-video-preview:-1"},"canonical":"https:\/\/news.save.ch\/it\/mobilfunknetz-soll-auch-bei-stromausfall-funktionieren\/","og_locale":"it_IT","og_type":"article","og_title":"Mobilfunknetz soll auch bei Stromausfall funktionieren - Save","og_description":"Die Mobilfunknetze sollen auch bei St\u00f6rungen der Stromversorgung weiter genutzt werden k\u00f6nnen. Eine Revision ist in Vernehmlassung.","og_url":"https:\/\/news.save.ch\/it\/mobilfunknetz-soll-auch-bei-stromausfall-funktionieren\/","og_site_name":"Save","article_published_time":"2023-11-01T11:32:45+00:00","article_modified_time":"2023-11-01T12:19:17+00:00","og_image":[{"width":1200,"height":777,"url":"https:\/\/news.save.ch\/wp-content\/uploads\/2023\/11\/telefon-scaled.jpg","type":"image\/jpeg"}],"author":"Roger Str\u00e4ssle","twitter_card":"summary_large_image","twitter_misc":{"Scritto da":"Roger Str\u00e4ssle","Tempo di lettura stimato":"2 minuti"},"schema":{"@context":"https:\/\/schema.org","@graph":[{"@type":"Article","@id":"https:\/\/news.save.ch\/mobilfunknetz-soll-auch-bei-stromausfall-funktionieren\/#article","isPartOf":{"@id":"https:\/\/news.save.ch\/mobilfunknetz-soll-auch-bei-stromausfall-funktionieren\/"},"author":{"name":"Roger Str\u00e4ssle","@id":"https:\/\/news.save.ch\/de\/#\/schema\/person\/d5022db048e0e2b9785c50e5b24da5aa"},"headline":"Mobilfunknetz soll auch bei Stromausfall funktionieren","datePublished":"2023-11-01T11:32:45+00:00","dateModified":"2023-11-01T12:19:17+00:00","mainEntityOfPage":{"@id":"https:\/\/news.save.ch\/mobilfunknetz-soll-auch-bei-stromausfall-funktionieren\/"},"wordCount":357,"publisher":{"@id":"https:\/\/news.save.ch\/de\/#organization"},"image":{"@id":"https:\/\/news.save.ch\/mobilfunknetz-soll-auch-bei-stromausfall-funktionieren\/#primaryimage"},"thumbnailUrl":"https:\/\/news.save.ch\/wp-content\/uploads\/2023\/11\/telefon-scaled.jpg","keywords":["Mobilfunknetze","Notruf"],"articleSection":["SICHERHEIT"],"inLanguage":"it-IT"},{"@type":"WebPage","@id":"https:\/\/news.save.ch\/mobilfunknetz-soll-auch-bei-stromausfall-funktionieren\/","url":"https:\/\/news.save.ch\/mobilfunknetz-soll-auch-bei-stromausfall-funktionieren\/","name":"La rete mobile funzioner\u00e0 anche durante le interruzioni di corrente - Save","isPartOf":{"@id":"https:\/\/news.save.ch\/de\/#website"},"primaryImageOfPage":{"@id":"https:\/\/news.save.ch\/mobilfunknetz-soll-auch-bei-stromausfall-funktionieren\/#primaryimage"},"image":{"@id":"https:\/\/news.save.ch\/mobilfunknetz-soll-auch-bei-stromausfall-funktionieren\/#primaryimage"},"thumbnailUrl":"https:\/\/news.save.ch\/wp-content\/uploads\/2023\/11\/telefon-scaled.jpg","datePublished":"2023-11-01T11:32:45+00:00","dateModified":"2023-11-01T12:19:17+00:00","description":"Le reti di telefonia mobile dovrebbero poter continuare a essere utilizzate anche in caso di interruzioni della fornitura di energia elettrica. Una revisione \u00e8 attualmente in fase di consultazione.","breadcrumb":{"@id":"https:\/\/news.save.ch\/mobilfunknetz-soll-auch-bei-stromausfall-funktionieren\/#breadcrumb"},"inLanguage":"it-IT","potentialAction":[{"@type":"ReadAction","target":["https:\/\/news.save.ch\/mobilfunknetz-soll-auch-bei-stromausfall-funktionieren\/"]}]},{"@type":"ImageObject","inLanguage":"it-IT","@id":"https:\/\/news.save.ch\/mobilfunknetz-soll-auch-bei-stromausfall-funktionieren\/#primaryimage","url":"https:\/\/news.save.ch\/wp-content\/uploads\/2023\/11\/telefon-scaled.jpg","contentUrl":"https:\/\/news.save.ch\/wp-content\/uploads\/2023\/11\/telefon-scaled.jpg","width":1200,"height":777,"caption":"\u00a9 R. Str\u00e4ssle"},{"@type":"BreadcrumbList","@id":"https:\/\/news.save.ch\/mobilfunknetz-soll-auch-bei-stromausfall-funktionieren\/#breadcrumb","itemListElement":[{"@type":"ListItem","position":1,"name":"Home","item":"https:\/\/news.save.ch\/de\/"},{"@type":"ListItem","position":2,"name":"Mobilfunknetz soll auch bei Stromausfall funktionieren"}]},{"@type":"WebSite","@id":"https:\/\/news.save.ch\/de\/#website","url":"https:\/\/news.save.ch\/de\/","name":"Risparmiare","description":"Rivista svizzera specializzata in sicurezza","publisher":{"@id":"https:\/\/news.save.ch\/de\/#organization"},"potentialAction":[{"@type":"SearchAction","target":{"@type":"EntryPoint","urlTemplate":"https:\/\/news.save.ch\/de\/?s={search_term_string}"},"query-input":{"@type":"PropertyValueSpecification","valueRequired":true,"valueName":"search_term_string"}}],"inLanguage":"it-IT"},{"@type":"Organization","@id":"https:\/\/news.save.ch\/de\/#organization","name":"Forum sulla sicurezza","url":"https:\/\/news.save.ch\/de\/","logo":{"@type":"ImageObject","inLanguage":"it-IT","@id":"https:\/\/news.save.ch\/de\/#\/schema\/logo\/image\/","url":"https:\/\/news.save.ch\/wp-content\/uploads\/2022\/06\/Logo_SF_2012.png","contentUrl":"https:\/\/news.save.ch\/wp-content\/uploads\/2022\/06\/Logo_SF_2012.png","width":1100,"height":91,"caption":"Sicherheitsforum"},"image":{"@id":"https:\/\/news.save.ch\/de\/#\/schema\/logo\/image\/"}},{"@type":"Person","@id":"https:\/\/news.save.ch\/de\/#\/schema\/person\/d5022db048e0e2b9785c50e5b24da5aa","name":"Roger Str\u00e4ssle","image":{"@type":"ImageObject","inLanguage":"it-IT","@id":"https:\/\/secure.gravatar.com\/avatar\/862a5569d087de48e5856e32f45d719a03804c891d6deb8d4f71a660e79e4a47?s=96&d=mm&r=g","url":"https:\/\/secure.gravatar.com\/avatar\/862a5569d087de48e5856e32f45d719a03804c891d6deb8d4f71a660e79e4a47?s=96&d=mm&r=g","contentUrl":"https:\/\/secure.gravatar.com\/avatar\/862a5569d087de48e5856e32f45d719a03804c891d6deb8d4f71a660e79e4a47?s=96&d=mm&r=g","caption":"Roger Str\u00e4ssle"},"url":"https:\/\/news.save.ch\/it\/author\/roger-straessle\/"}]}},"_links":{"self":[{"href":"https:\/\/news.save.ch\/it\/wp-json\/wp\/v2\/posts\/22305","targetHints":{"allow":["GET"]}}],"collection":[{"href":"https:\/\/news.save.ch\/it\/wp-json\/wp\/v2\/posts"}],"about":[{"href":"https:\/\/news.save.ch\/it\/wp-json\/wp\/v2\/types\/post"}],"author":[{"embeddable":true,"href":"https:\/\/news.save.ch\/it\/wp-json\/wp\/v2\/users\/8"}],"replies":[{"embeddable":true,"href":"https:\/\/news.save.ch\/it\/wp-json\/wp\/v2\/comments?post=22305"}],"version-history":[{"count":2,"href":"https:\/\/news.save.ch\/it\/wp-json\/wp\/v2\/posts\/22305\/revisions"}],"predecessor-version":[{"id":22308,"href":"https:\/\/news.save.ch\/it\/wp-json\/wp\/v2\/posts\/22305\/revisions\/22308"}],"wp:featuredmedia":[{"embeddable":true,"href":"https:\/\/news.save.ch\/it\/wp-json\/wp\/v2\/media\/22307"}],"wp:attachment":[{"href":"https:\/\/news.save.ch\/it\/wp-json\/wp\/v2\/media?parent=22305"}],"wp:term":[{"taxonomy":"category","embeddable":true,"href":"https:\/\/news.save.ch\/it\/wp-json\/wp\/v2\/categories?post=22305"},{"taxonomy":"post_tag","embeddable":true,"href":"https:\/\/news.save.ch\/it\/wp-json\/wp\/v2\/tags?post=22305"}],"curies":[{"name":"wp","href":"https:\/\/api.w.org\/{rel}","templated":true}]}}