{"id":2236,"date":"2016-03-02T16:33:48","date_gmt":"2016-03-02T15:33:48","guid":{"rendered":"https:\/\/dev.sicherheitsforum.ch\/?p=2236"},"modified":"2016-03-02T16:33:48","modified_gmt":"2016-03-02T15:33:48","slug":"ergebnisse-der-sicherheitsbefragung","status":null,"type":"post","link":"https:\/\/news.save.ch\/it\/ergebnisse-der-sicherheitsbefragung\/","title":{"rendered":"Risultati dell'indagine sulla sicurezza"},"content":{"rendered":"<figure id=\"attachment_2237\" aria-describedby=\"caption-attachment-2237\" style=\"width: 680px\" class=\"wp-caption alignnone\"><img loading=\"lazy\" decoding=\"async\" class=\"size-medium wp-image-2237\" src=\"https:\/\/news.save.ch\/wp-content\/uploads\/2016\/12\/56d70a9f742e0_depositphotos_58588551_l_2015_Sicherheitsforum.jpg\" alt=\"\" width=\"680\" height=\"453\" \/><figcaption id=\"caption-attachment-2237\" class=\"wp-caption-text\">Tuttavia, la popolazione vede aumentare i problemi nelle aree del vandalismo, dei furti con scasso e delle rapine.<\/figcaption><\/figure>\n<p>L'Indagine sulla sicurezza in Svizzera, condotta regolarmente da oltre 30 anni, fornisce informazioni sull'evoluzione a lungo termine della criminalit\u00e0: \"Dopo una tendenza all'aumento negli ultimi anni, si pu\u00f2 ora registrare una diminuzione dei reati\", sottolinea il responsabile dello studio, Martin Killias. \"Soprattutto nel caso di furti, aggressioni e minacce, i reati sono diminuiti in modo significativo rispetto all'ultima indagine del 2011\", osserva Killias. I risultati del sondaggio sulla sicurezza sono per lo pi\u00f9 in linea con le statistiche sulla criminalit\u00e0 della polizia degli anni passati.<\/p>\n<p><strong>I giovani sono sempre pi\u00f9 colpiti da aggressioni e minacce<\/strong><\/p>\n<p>Dei 2000 intervistati, il 7,9% ha dichiarato di essere stato vittima di un'aggressione o di una minaccia negli ultimi cinque anni. Si tratta di 2.1% meno di cinque anni fa. Gli intervistati di et\u00e0 inferiore ai 39 anni sono stati significativamente pi\u00f9 colpiti rispetto a quelli pi\u00f9 anziani. \"Questo fenomeno \u00e8 stato osservato da tempo\", spiega Stefan Bl\u00e4ttler, presidente della Conferenza dei comandanti delle polizie cantonali della Svizzera (<a href=\"https:\/\/www.kkpks.ch\" target=\"_blank\" data-cke-saved-href=\"https:\/\/www.kkpks.ch\" rel=\"noopener\">KKPKS<\/a>). \"I tassi di vittimizzazione pi\u00f9 elevati tra i giovani potrebbero essere legati al loro modo di uscire. A differenza dell'indagine del 2011, non \u00e8 pi\u00f9 stata riscontrata alcuna differenza statisticamente significativa per genere.<\/p>\n<p>Secondo Killias, i risultati indicano una diminuzione delle aggressioni fisiche in generale. Inoltre, \u00e8 emerso che la gravit\u00e0 \u00e8 diminuita. I reati di rapina, invece, sono leggermente aumentati rispetto all'indagine del 2011 (+0,4%). \"Dalla prima indagine, abbiamo notato un continuo aumento delle rapine\", conferma Killias. Tuttavia, affermazioni fondate sulle cause possono essere fatte solo attraverso ulteriori studi scientifici.<\/p>\n<p><strong>Il vandalismo come problema pi\u00f9 urgente<\/strong><\/p>\n<p>Sebbene nel 2015 gli intervistati abbiano dichiarato meno cose fastidiose per strada (8,4%) (2011: 11,6%), essi individuano problemi pi\u00f9 urgenti nei comuni. Se nel 2011 poco meno di un terzo riteneva che non ci fossero problemi urgenti da risolvere, nel 2015 la percentuale era ancora di un quarto. Gli intervistati si lamentano soprattutto degli atti di vandalismo, oltre che di effrazioni, furti e rapine. \"Prendiamo sul serio queste preoccupazioni e continueremo a lavorare per migliorare la situazione con una presenza preventiva, campagne di prevenzione e un lavoro investigativo costante\", sottolinea il presidente del KKPKS.<\/p>\n<p><strong>La maggioranza si sente sicura in Svizzera<\/strong><\/p>\n<p>L'85,3% di tutti gli intervistati si sente sicuro a camminare da solo per strada dopo il tramonto. Questo valore \u00e8 in costante aumento da quando \u00e8 stato registrato nel 2000. L'11,3% ha dichiarato di aver avuto specificamente paura di diventare vittima di un crimine negli ultimi 12 mesi. \"Anche se questo risultato \u00e8 piacevolmente basso, \u00e8 nostro compito garantire che tutti in Svizzera si sentano sicuri. Stiamo facendo tutto il possibile con le risorse disponibili per raggiungere questo obiettivo\", spiega Bl\u00e4ttler.<\/p>\n<p><strong>Campagne di prevenzione ancorate nelle menti<\/strong><\/p>\n<p>Nonostante una leggera diminuzione del numero di furti con scasso, un numero significativamente maggiore di persone ritiene probabile un tentativo di effrazione della propria abitazione nel prossimo anno (+7,7%). D'altra parte, l'indagine sulla sicurezza mostra anche che la popolazione \u00e8 sempre pi\u00f9 interessata al tema dei furti con scasso. Cos\u00ec, quasi 60% degli intervistati confermano di essere a conoscenza di una campagna contro i furti con scasso.<\/p>\n<p>In generale, la consapevolezza delle campagne di prevenzione \u00e8 aumentata a 61,3% (+7,1%) rispetto al 2011. Inoltre, \u00e8 aumentata la percentuale di coloro che hanno modificato il proprio comportamento in seguito a una campagna. Ad esempio, un terzo degli intervistati dichiara di essere pi\u00f9 attento quando usa Internet (+9,3%). Inoltre, la percentuale di persone che hanno adottato misure contro il furto con scasso \u00e8 aumentata di 8%. \"Le cifre dimostrano che i nostri messaggi sono radicati nella mente della popolazione\", \u00e8 convinto Martin Boess, direttore di Prevenzione Svizzera della Criminalit\u00e0. \"Tuttavia, la percentuale deve essere ulteriormente aumentata\".<\/p>\n<p><strong>Grande fiducia nella polizia<\/strong><\/p>\n<p>\u00c8 stato registrato anche l'atteggiamento della popolazione intervistata nei confronti della polizia. Quasi nove intervistati su dieci (87,9%) hanno dichiarato di fidarsi della polizia. Particolarmente apprezzabile \u00e8 il forte aumento della fiducia tra le persone di et\u00e0 inferiore ai 26 anni, anche se i valori sono comparabili solo in misura limitata a causa del diverso tipo di domanda. Pi\u00f9 di 70% valutano il lavoro della polizia con un voto pari o superiore a cinque e pi\u00f9 di 90% degli intervistati descrivono l'impegno nella lotta al crimine come da abbastanza a molto buono. Inoltre, la soddisfazione per il lavoro della polizia \u00e8 stabile a un livello elevato dopo una segnalazione. La presenza della polizia \u00e8 giudicata sufficiente da oltre 60%. Mentre gli ultranovantanovenni hanno giudicato sufficiente la presenza di 54,6%, la cifra per i minori di 26 anni \u00e8 stata di oltre 70%. Ci\u00f2 pu\u00f2 essere attribuito, tra l'altro, all'aumento delle pattuglie nei punti caldi e nevralgici.<\/p>\n<p>L'indagine sulla sicurezza in Svizzera 2015 \u00e8 stata condotta da Killias Research &amp; Consulting (KRC) per conto della CCPCA. Fa seguito a precedenti studi nazionali dell'International Crime Victimization Survey (ICVS) e si basa su un campione di circa 2.000 persone. L'indagine \u00e8 stata condotta dall'istituto di sondaggi gfs-z\u00fcrich tra maggio 2015 e settembre 2015. Il tasso di risposta \u00e8 66,5%.<\/p>\n<p><img loading=\"lazy\" decoding=\"async\" class=\"alignnone size-medium wp-image-2239\" src=\"https:\/\/news.save.ch\/wp-content\/uploads\/2016\/12\/56d70b7448197_gewalt_statistik_Sicherheitsforum.png\" alt=\"\" width=\"680\" height=\"475\" srcset=\"https:\/\/news.save.ch\/wp-content\/uploads\/2016\/12\/56d70b7448197_gewalt_statistik_Sicherheitsforum.png 858w, https:\/\/news.save.ch\/wp-content\/uploads\/2016\/12\/56d70b7448197_gewalt_statistik_Sicherheitsforum-375x262.png 375w\" sizes=\"auto, (max-width: 680px) 100vw, 680px\" \/><\/p>","protected":false},"excerpt":{"rendered":"<p>Die Schweizerische Sicherheitsbefragung, welche seit mehr als 30 Jahren regelm\u00e4ssig durchgef\u00fchrt wird, gibt Aufschluss \u00fcber langfristige Entwicklungen in der Kriminalit\u00e4t: \u00abNach einem Aufw\u00e4rtstrend in den letzten Jahren kann nun ein R\u00fcckgang der Straftaten verzeichnet werden\u00bb, hebt der Studienleiter, Martin Killias, hervor. \u00abInsbesondere beim Diebstahl sowie bei T\u00e4tlichkeiten und Drohungen nahmen die Straftaten gegen\u00fcber der letzten [&hellip;]<\/p>\n","protected":false},"author":1,"featured_media":2237,"comment_status":"open","ping_status":"open","sticky":false,"template":"","format":"standard","meta":{"_acf_changed":false,"pgc_sgb_lightbox_settings":"","footnotes":""},"categories":[1],"tags":[69,239,240,113,241],"class_list":["post-2236","post","type-post","status-publish","format-standard","has-post-thumbnail","hentry","category-allgemein","tag-justiz-polizei","tag-kkpks","tag-konferenz-der-kantonalen-polizeikommandanten-der-schweiz","tag-kriminalitaet","tag-schweizerische-sicherheitsbefragung-2015"],"acf":[],"hkrextid":null,"publication":null,"issue":null,"workflow":null,"startPage":null,"spitzmarke":null,"_posts_by_tag_page_fields":{"widget_title":"","widget_tags":""},"_at_widget":"1","_yoast_wpseo_primary_category":"","_yoast_wpseo_focuskw_text_input":"Sicherheitsbefragung","_yoast_wpseo_opengraph-image":"https:\/\/news.save.ch\/wp-content\/uploads\/2016\/12\/56d70a9f742e0_depositphotos_58588551_l_2015_Sicherheitsforum.jpg","_yoast_wpseo_opengraph-description":"Die k\u00fcrzlich ver\u00f6ffentlichte Schweizerische Sicherheitsbefragung 2015 zeigt erfreuliche Resultate: Fast in allen Deliktsarten sind die Zahlen im Vergleich zu 2011 gesunken. Die Befragung wurde von der Konferenz der Kantonalen Polizeikommandanten der Schweiz in Auftrag gegeben, um ein repr\u00e4sentatives Bild \u00fcber die Sicherheitsbed\u00fcrfnisse der Schweizer Bev\u00f6lkerung zu erhalten.","_yoast_wpseo_opengraph-title":"Ergebnisse der Sicherheitsbefragung","enclosure":null,"_yoast_wpseo_twitter-title":null,"_yoast_wpseo_twitter-description":null,"_yoast_wpseo_twitter-image":null,"_wp_old_slug":null,"_yoast_wpseo_title":null,"_yoast_wpseo_canonical":null,"yoast_head":"<!-- This site is optimized with the Yoast SEO plugin v27.5 - https:\/\/yoast.com\/product\/yoast-seo-wordpress\/ -->\n<title>Ergebnisse der Sicherheitsbefragung - Save<\/title>\n<meta name=\"description\" content=\"Die k\u00fcrzlich ver\u00f6ffentlichte Schweizerische Sicherheitsbefragung 2015 zeigt erfreuliche Resultate: Fast in allen Deliktsarten sind die Zahlen gesunken.\" \/>\n<meta name=\"robots\" content=\"index, follow, max-snippet:-1, max-image-preview:large, max-video-preview:-1\" \/>\n<link rel=\"canonical\" href=\"https:\/\/news.save.ch\/it\/ergebnisse-der-sicherheitsbefragung\/\" \/>\n<meta property=\"og:locale\" content=\"it_IT\" \/>\n<meta property=\"og:type\" content=\"article\" \/>\n<meta property=\"og:title\" content=\"Ergebnisse der Sicherheitsbefragung\" \/>\n<meta property=\"og:description\" content=\"Die k\u00fcrzlich ver\u00f6ffentlichte Schweizerische Sicherheitsbefragung 2015 zeigt erfreuliche Resultate: Fast in allen Deliktsarten sind die Zahlen im Vergleich zu 2011 gesunken. Die Befragung wurde von der Konferenz der Kantonalen Polizeikommandanten der Schweiz in Auftrag gegeben, um ein repr\u00e4sentatives Bild \u00fcber die Sicherheitsbed\u00fcrfnisse der Schweizer Bev\u00f6lkerung zu erhalten.\" \/>\n<meta property=\"og:url\" content=\"https:\/\/news.save.ch\/it\/ergebnisse-der-sicherheitsbefragung\/\" \/>\n<meta property=\"og:site_name\" content=\"Save\" \/>\n<meta property=\"article:published_time\" content=\"2016-03-02T15:33:48+00:00\" \/>\n<meta property=\"og:image\" content=\"https:\/\/news.save.ch\/wp-content\/uploads\/2016\/12\/56d70a9f742e0_depositphotos_58588551_l_2015_Sicherheitsforum.jpg\" \/>\n<meta name=\"author\" content=\"admin\" \/>\n<meta name=\"twitter:card\" content=\"summary_large_image\" \/>\n<meta name=\"twitter:label1\" content=\"Scritto da\" \/>\n\t<meta name=\"twitter:data1\" content=\"admin\" \/>\n\t<meta name=\"twitter:label2\" content=\"Tempo di lettura stimato\" \/>\n\t<meta name=\"twitter:data2\" content=\"4 minuti\" \/>\n<script type=\"application\/ld+json\" class=\"yoast-schema-graph\">{\"@context\":\"https:\\\/\\\/schema.org\",\"@graph\":[{\"@type\":\"Article\",\"@id\":\"https:\\\/\\\/news.save.ch\\\/ergebnisse-der-sicherheitsbefragung\\\/#article\",\"isPartOf\":{\"@id\":\"https:\\\/\\\/news.save.ch\\\/ergebnisse-der-sicherheitsbefragung\\\/\"},\"author\":{\"name\":\"admin\",\"@id\":\"https:\\\/\\\/news.save.ch\\\/de\\\/#\\\/schema\\\/person\\\/d49e199490bad7c70d64b9ab51142f2b\"},\"headline\":\"Ergebnisse der Sicherheitsbefragung\",\"datePublished\":\"2016-03-02T15:33:48+00:00\",\"mainEntityOfPage\":{\"@id\":\"https:\\\/\\\/news.save.ch\\\/ergebnisse-der-sicherheitsbefragung\\\/\"},\"wordCount\":813,\"commentCount\":0,\"publisher\":{\"@id\":\"https:\\\/\\\/news.save.ch\\\/de\\\/#organization\"},\"image\":{\"@id\":\"https:\\\/\\\/news.save.ch\\\/ergebnisse-der-sicherheitsbefragung\\\/#primaryimage\"},\"thumbnailUrl\":\"https:\\\/\\\/news.save.ch\\\/wp-content\\\/uploads\\\/2016\\\/12\\\/56d70a9f742e0_depositphotos_58588551_l_2015_Sicherheitsforum-scaled.jpg\",\"keywords\":[\"Justiz &amp; Polizei\",\"KKPKS\",\"Konferenz der Kantonalen Polizeikommandanten der Schweiz\",\"Kriminalit\u00e4t\",\"Schweizerische Sicherheitsbefragung 2015\"],\"articleSection\":[\"ALLGEMEIN\"],\"inLanguage\":\"it-IT\"},{\"@type\":\"WebPage\",\"@id\":\"https:\\\/\\\/news.save.ch\\\/ergebnisse-der-sicherheitsbefragung\\\/\",\"url\":\"https:\\\/\\\/news.save.ch\\\/ergebnisse-der-sicherheitsbefragung\\\/\",\"name\":\"Ergebnisse der Sicherheitsbefragung - Save\",\"isPartOf\":{\"@id\":\"https:\\\/\\\/news.save.ch\\\/de\\\/#website\"},\"primaryImageOfPage\":{\"@id\":\"https:\\\/\\\/news.save.ch\\\/ergebnisse-der-sicherheitsbefragung\\\/#primaryimage\"},\"image\":{\"@id\":\"https:\\\/\\\/news.save.ch\\\/ergebnisse-der-sicherheitsbefragung\\\/#primaryimage\"},\"thumbnailUrl\":\"https:\\\/\\\/news.save.ch\\\/wp-content\\\/uploads\\\/2016\\\/12\\\/56d70a9f742e0_depositphotos_58588551_l_2015_Sicherheitsforum-scaled.jpg\",\"datePublished\":\"2016-03-02T15:33:48+00:00\",\"description\":\"Die k\u00fcrzlich ver\u00f6ffentlichte Schweizerische Sicherheitsbefragung 2015 zeigt erfreuliche Resultate: Fast in allen Deliktsarten sind die Zahlen gesunken.\",\"breadcrumb\":{\"@id\":\"https:\\\/\\\/news.save.ch\\\/ergebnisse-der-sicherheitsbefragung\\\/#breadcrumb\"},\"inLanguage\":\"it-IT\",\"potentialAction\":[{\"@type\":\"ReadAction\",\"target\":[\"https:\\\/\\\/news.save.ch\\\/ergebnisse-der-sicherheitsbefragung\\\/\"]}]},{\"@type\":\"ImageObject\",\"inLanguage\":\"it-IT\",\"@id\":\"https:\\\/\\\/news.save.ch\\\/ergebnisse-der-sicherheitsbefragung\\\/#primaryimage\",\"url\":\"https:\\\/\\\/news.save.ch\\\/wp-content\\\/uploads\\\/2016\\\/12\\\/56d70a9f742e0_depositphotos_58588551_l_2015_Sicherheitsforum-scaled.jpg\",\"contentUrl\":\"https:\\\/\\\/news.save.ch\\\/wp-content\\\/uploads\\\/2016\\\/12\\\/56d70a9f742e0_depositphotos_58588551_l_2015_Sicherheitsforum-scaled.jpg\",\"width\":1400,\"height\":932,\"caption\":\"Die Bev\u00f6lkerung sieht jedoch vermehrt Probleme in den Bereichen Vandalismus sowie Einbruch, Diebstahl und Raub.\"},{\"@type\":\"BreadcrumbList\",\"@id\":\"https:\\\/\\\/news.save.ch\\\/ergebnisse-der-sicherheitsbefragung\\\/#breadcrumb\",\"itemListElement\":[{\"@type\":\"ListItem\",\"position\":1,\"name\":\"Home\",\"item\":\"https:\\\/\\\/news.save.ch\\\/de\\\/\"},{\"@type\":\"ListItem\",\"position\":2,\"name\":\"Ergebnisse der Sicherheitsbefragung\"}]},{\"@type\":\"WebSite\",\"@id\":\"https:\\\/\\\/news.save.ch\\\/de\\\/#website\",\"url\":\"https:\\\/\\\/news.save.ch\\\/de\\\/\",\"name\":\"Save\",\"description\":\"Schweizer Fachzeitschrift f\u00fcr Sicherheit\",\"publisher\":{\"@id\":\"https:\\\/\\\/news.save.ch\\\/de\\\/#organization\"},\"potentialAction\":[{\"@type\":\"SearchAction\",\"target\":{\"@type\":\"EntryPoint\",\"urlTemplate\":\"https:\\\/\\\/news.save.ch\\\/de\\\/?s={search_term_string}\"},\"query-input\":{\"@type\":\"PropertyValueSpecification\",\"valueRequired\":true,\"valueName\":\"search_term_string\"}}],\"inLanguage\":\"it-IT\"},{\"@type\":\"Organization\",\"@id\":\"https:\\\/\\\/news.save.ch\\\/de\\\/#organization\",\"name\":\"Sicherheitsforum\",\"url\":\"https:\\\/\\\/news.save.ch\\\/de\\\/\",\"logo\":{\"@type\":\"ImageObject\",\"inLanguage\":\"it-IT\",\"@id\":\"https:\\\/\\\/news.save.ch\\\/de\\\/#\\\/schema\\\/logo\\\/image\\\/\",\"url\":\"https:\\\/\\\/news.save.ch\\\/wp-content\\\/uploads\\\/2022\\\/06\\\/Logo_SF_2012.png\",\"contentUrl\":\"https:\\\/\\\/news.save.ch\\\/wp-content\\\/uploads\\\/2022\\\/06\\\/Logo_SF_2012.png\",\"width\":1100,\"height\":91,\"caption\":\"Sicherheitsforum\"},\"image\":{\"@id\":\"https:\\\/\\\/news.save.ch\\\/de\\\/#\\\/schema\\\/logo\\\/image\\\/\"}},{\"@type\":\"Person\",\"@id\":\"https:\\\/\\\/news.save.ch\\\/de\\\/#\\\/schema\\\/person\\\/d49e199490bad7c70d64b9ab51142f2b\",\"name\":\"admin\",\"image\":{\"@type\":\"ImageObject\",\"inLanguage\":\"it-IT\",\"@id\":\"https:\\\/\\\/secure.gravatar.com\\\/avatar\\\/ae2f4d718e6c49043e314ce431e7e645d646302a24a5ef5a8bc8e3f5a032e319?s=96&d=mm&r=g\",\"url\":\"https:\\\/\\\/secure.gravatar.com\\\/avatar\\\/ae2f4d718e6c49043e314ce431e7e645d646302a24a5ef5a8bc8e3f5a032e319?s=96&d=mm&r=g\",\"contentUrl\":\"https:\\\/\\\/secure.gravatar.com\\\/avatar\\\/ae2f4d718e6c49043e314ce431e7e645d646302a24a5ef5a8bc8e3f5a032e319?s=96&d=mm&r=g\",\"caption\":\"admin\"},\"sameAs\":[\"https:\\\/\\\/develop.organisator.galledia.ch\"],\"url\":\"https:\\\/\\\/news.save.ch\\\/it\\\/author\\\/admin\\\/\"}]}<\/script>\n<!-- \/ Yoast SEO plugin. -->","yoast_head_json":{"title":"Risultati dell'indagine sulla sicurezza - Salva","description":"L'indagine sulla sicurezza in Svizzera 2015, pubblicata di recente, mostra risultati incoraggianti: I numeri sono diminuiti in quasi tutti i tipi di reati.","robots":{"index":"index","follow":"follow","max-snippet":"max-snippet:-1","max-image-preview":"max-image-preview:large","max-video-preview":"max-video-preview:-1"},"canonical":"https:\/\/news.save.ch\/it\/ergebnisse-der-sicherheitsbefragung\/","og_locale":"it_IT","og_type":"article","og_title":"Ergebnisse der Sicherheitsbefragung","og_description":"Die k\u00fcrzlich ver\u00f6ffentlichte Schweizerische Sicherheitsbefragung 2015 zeigt erfreuliche Resultate: Fast in allen Deliktsarten sind die Zahlen im Vergleich zu 2011 gesunken. Die Befragung wurde von der Konferenz der Kantonalen Polizeikommandanten der Schweiz in Auftrag gegeben, um ein repr\u00e4sentatives Bild \u00fcber die Sicherheitsbed\u00fcrfnisse der Schweizer Bev\u00f6lkerung zu erhalten.","og_url":"https:\/\/news.save.ch\/it\/ergebnisse-der-sicherheitsbefragung\/","og_site_name":"Save","article_published_time":"2016-03-02T15:33:48+00:00","og_image":[{"url":"https:\/\/news.save.ch\/wp-content\/uploads\/2016\/12\/56d70a9f742e0_depositphotos_58588551_l_2015_Sicherheitsforum.jpg","type":"","width":"","height":""}],"author":"admin","twitter_card":"summary_large_image","twitter_misc":{"Scritto da":"admin","Tempo di lettura stimato":"4 minuti"},"schema":{"@context":"https:\/\/schema.org","@graph":[{"@type":"Article","@id":"https:\/\/news.save.ch\/ergebnisse-der-sicherheitsbefragung\/#article","isPartOf":{"@id":"https:\/\/news.save.ch\/ergebnisse-der-sicherheitsbefragung\/"},"author":{"name":"admin","@id":"https:\/\/news.save.ch\/de\/#\/schema\/person\/d49e199490bad7c70d64b9ab51142f2b"},"headline":"Ergebnisse der Sicherheitsbefragung","datePublished":"2016-03-02T15:33:48+00:00","mainEntityOfPage":{"@id":"https:\/\/news.save.ch\/ergebnisse-der-sicherheitsbefragung\/"},"wordCount":813,"commentCount":0,"publisher":{"@id":"https:\/\/news.save.ch\/de\/#organization"},"image":{"@id":"https:\/\/news.save.ch\/ergebnisse-der-sicherheitsbefragung\/#primaryimage"},"thumbnailUrl":"https:\/\/news.save.ch\/wp-content\/uploads\/2016\/12\/56d70a9f742e0_depositphotos_58588551_l_2015_Sicherheitsforum-scaled.jpg","keywords":["Justiz &amp; Polizei","KKPKS","Konferenz der Kantonalen Polizeikommandanten der Schweiz","Kriminalit\u00e4t","Schweizerische Sicherheitsbefragung 2015"],"articleSection":["ALLGEMEIN"],"inLanguage":"it-IT"},{"@type":"WebPage","@id":"https:\/\/news.save.ch\/ergebnisse-der-sicherheitsbefragung\/","url":"https:\/\/news.save.ch\/ergebnisse-der-sicherheitsbefragung\/","name":"Risultati dell'indagine sulla sicurezza - Salva","isPartOf":{"@id":"https:\/\/news.save.ch\/de\/#website"},"primaryImageOfPage":{"@id":"https:\/\/news.save.ch\/ergebnisse-der-sicherheitsbefragung\/#primaryimage"},"image":{"@id":"https:\/\/news.save.ch\/ergebnisse-der-sicherheitsbefragung\/#primaryimage"},"thumbnailUrl":"https:\/\/news.save.ch\/wp-content\/uploads\/2016\/12\/56d70a9f742e0_depositphotos_58588551_l_2015_Sicherheitsforum-scaled.jpg","datePublished":"2016-03-02T15:33:48+00:00","description":"L'indagine sulla sicurezza in Svizzera 2015, pubblicata di recente, mostra risultati incoraggianti: I numeri sono diminuiti in quasi tutti i tipi di reati.","breadcrumb":{"@id":"https:\/\/news.save.ch\/ergebnisse-der-sicherheitsbefragung\/#breadcrumb"},"inLanguage":"it-IT","potentialAction":[{"@type":"ReadAction","target":["https:\/\/news.save.ch\/ergebnisse-der-sicherheitsbefragung\/"]}]},{"@type":"ImageObject","inLanguage":"it-IT","@id":"https:\/\/news.save.ch\/ergebnisse-der-sicherheitsbefragung\/#primaryimage","url":"https:\/\/news.save.ch\/wp-content\/uploads\/2016\/12\/56d70a9f742e0_depositphotos_58588551_l_2015_Sicherheitsforum-scaled.jpg","contentUrl":"https:\/\/news.save.ch\/wp-content\/uploads\/2016\/12\/56d70a9f742e0_depositphotos_58588551_l_2015_Sicherheitsforum-scaled.jpg","width":1400,"height":932,"caption":"Die Bev\u00f6lkerung sieht jedoch vermehrt Probleme in den Bereichen Vandalismus sowie Einbruch, Diebstahl und Raub."},{"@type":"BreadcrumbList","@id":"https:\/\/news.save.ch\/ergebnisse-der-sicherheitsbefragung\/#breadcrumb","itemListElement":[{"@type":"ListItem","position":1,"name":"Home","item":"https:\/\/news.save.ch\/de\/"},{"@type":"ListItem","position":2,"name":"Ergebnisse der Sicherheitsbefragung"}]},{"@type":"WebSite","@id":"https:\/\/news.save.ch\/de\/#website","url":"https:\/\/news.save.ch\/de\/","name":"Risparmiare","description":"Rivista svizzera specializzata in sicurezza","publisher":{"@id":"https:\/\/news.save.ch\/de\/#organization"},"potentialAction":[{"@type":"SearchAction","target":{"@type":"EntryPoint","urlTemplate":"https:\/\/news.save.ch\/de\/?s={search_term_string}"},"query-input":{"@type":"PropertyValueSpecification","valueRequired":true,"valueName":"search_term_string"}}],"inLanguage":"it-IT"},{"@type":"Organization","@id":"https:\/\/news.save.ch\/de\/#organization","name":"Forum sulla sicurezza","url":"https:\/\/news.save.ch\/de\/","logo":{"@type":"ImageObject","inLanguage":"it-IT","@id":"https:\/\/news.save.ch\/de\/#\/schema\/logo\/image\/","url":"https:\/\/news.save.ch\/wp-content\/uploads\/2022\/06\/Logo_SF_2012.png","contentUrl":"https:\/\/news.save.ch\/wp-content\/uploads\/2022\/06\/Logo_SF_2012.png","width":1100,"height":91,"caption":"Sicherheitsforum"},"image":{"@id":"https:\/\/news.save.ch\/de\/#\/schema\/logo\/image\/"}},{"@type":"Person","@id":"https:\/\/news.save.ch\/de\/#\/schema\/person\/d49e199490bad7c70d64b9ab51142f2b","name":"amministratore","image":{"@type":"ImageObject","inLanguage":"it-IT","@id":"https:\/\/secure.gravatar.com\/avatar\/ae2f4d718e6c49043e314ce431e7e645d646302a24a5ef5a8bc8e3f5a032e319?s=96&d=mm&r=g","url":"https:\/\/secure.gravatar.com\/avatar\/ae2f4d718e6c49043e314ce431e7e645d646302a24a5ef5a8bc8e3f5a032e319?s=96&d=mm&r=g","contentUrl":"https:\/\/secure.gravatar.com\/avatar\/ae2f4d718e6c49043e314ce431e7e645d646302a24a5ef5a8bc8e3f5a032e319?s=96&d=mm&r=g","caption":"admin"},"sameAs":["https:\/\/develop.organisator.galledia.ch"],"url":"https:\/\/news.save.ch\/it\/author\/admin\/"}]}},"_links":{"self":[{"href":"https:\/\/news.save.ch\/it\/wp-json\/wp\/v2\/posts\/2236","targetHints":{"allow":["GET"]}}],"collection":[{"href":"https:\/\/news.save.ch\/it\/wp-json\/wp\/v2\/posts"}],"about":[{"href":"https:\/\/news.save.ch\/it\/wp-json\/wp\/v2\/types\/post"}],"author":[{"embeddable":true,"href":"https:\/\/news.save.ch\/it\/wp-json\/wp\/v2\/users\/1"}],"replies":[{"embeddable":true,"href":"https:\/\/news.save.ch\/it\/wp-json\/wp\/v2\/comments?post=2236"}],"version-history":[{"count":0,"href":"https:\/\/news.save.ch\/it\/wp-json\/wp\/v2\/posts\/2236\/revisions"}],"wp:featuredmedia":[{"embeddable":true,"href":"https:\/\/news.save.ch\/it\/wp-json\/wp\/v2\/media\/2237"}],"wp:attachment":[{"href":"https:\/\/news.save.ch\/it\/wp-json\/wp\/v2\/media?parent=2236"}],"wp:term":[{"taxonomy":"category","embeddable":true,"href":"https:\/\/news.save.ch\/it\/wp-json\/wp\/v2\/categories?post=2236"},{"taxonomy":"post_tag","embeddable":true,"href":"https:\/\/news.save.ch\/it\/wp-json\/wp\/v2\/tags?post=2236"}],"curies":[{"name":"wp","href":"https:\/\/api.w.org\/{rel}","templated":true}]}}