{"id":22399,"date":"2023-11-16T16:03:27","date_gmt":"2023-11-16T15:03:27","guid":{"rendered":"https:\/\/news.save.ch\/?p=22399"},"modified":"2023-11-16T16:03:27","modified_gmt":"2023-11-16T15:03:27","slug":"siemens-in-der-schweiz-weiterhin-solide-unterwegs","status":null,"type":"post","link":"https:\/\/news.save.ch\/it\/siemens-in-der-schweiz-weiterhin-solide-unterwegs\/","title":{"rendered":"Siemens rimane solida in Svizzera"},"content":{"rendered":"<div>\n<figure id=\"attachment_22400\" aria-describedby=\"caption-attachment-22400\" style=\"width: 680px\" class=\"wp-caption aligncenter\"><img loading=\"lazy\" decoding=\"async\" class=\"size-medium wp-image-22400\" src=\"https:\/\/news.save.ch\/wp-content\/uploads\/2023\/11\/230908-ExpoReal2023-Zug-KeyVisual-34-bearbeitet-680x509.jpeg\" alt=\"Siemens\" width=\"680\" height=\"509\" srcset=\"https:\/\/news.save.ch\/wp-content\/uploads\/2023\/11\/230908-ExpoReal2023-Zug-KeyVisual-34-bearbeitet-680x509.jpeg 680w, https:\/\/news.save.ch\/wp-content\/uploads\/2023\/11\/230908-ExpoReal2023-Zug-KeyVisual-34-bearbeitet-1024x767.jpeg 1024w, https:\/\/news.save.ch\/wp-content\/uploads\/2023\/11\/230908-ExpoReal2023-Zug-KeyVisual-34-bearbeitet-768x575.jpeg 768w, https:\/\/news.save.ch\/wp-content\/uploads\/2023\/11\/230908-ExpoReal2023-Zug-KeyVisual-34-bearbeitet-1536x1150.jpeg 1536w, https:\/\/news.save.ch\/wp-content\/uploads\/2023\/11\/230908-ExpoReal2023-Zug-KeyVisual-34-bearbeitet-2048x1534.jpeg 2048w, https:\/\/news.save.ch\/wp-content\/uploads\/2023\/11\/230908-ExpoReal2023-Zug-KeyVisual-34-bearbeitet-16x12.jpeg 16w, https:\/\/news.save.ch\/wp-content\/uploads\/2023\/11\/230908-ExpoReal2023-Zug-KeyVisual-34-bearbeitet-375x281.jpeg 375w, https:\/\/news.save.ch\/wp-content\/uploads\/2023\/11\/230908-ExpoReal2023-Zug-KeyVisual-34-bearbeitet-467x350.jpeg 467w, https:\/\/news.save.ch\/wp-content\/uploads\/2023\/11\/230908-ExpoReal2023-Zug-KeyVisual-34-bearbeitet-1000x749.jpeg 1000w, https:\/\/news.save.ch\/wp-content\/uploads\/2023\/11\/230908-ExpoReal2023-Zug-KeyVisual-34-bearbeitet-scaled.jpeg 1200w\" sizes=\"auto, (max-width: 680px) 100vw, 680px\" \/><figcaption id=\"caption-attachment-22400\" class=\"wp-caption-text\">Una vista a volo d'uccello del campus Siemens di Zug. \u00a9 Siemens<\/figcaption><\/figure>\n<p>&nbsp;<\/p>\n<\/div>\n<div class=\"f-text\">Alla fine dell'ultimo anno fiscale (dal 1\u00b0 ottobre 2022 al 30 settembre 2023), Siemens impiegava 5.926 specialisti in oltre 20 sedi in tutto il Paese, 45 in pi\u00f9 rispetto all'anno precedente, come scrive Siemens nel suo comunicato stampa. L'azienda tecnologica collega il mondo reale con quello digitale come nessun'altra azienda e supporta i suoi clienti nel raggiungimento dei loro obiettivi di sostenibilit\u00e0 e digitalizzazione. L'azienda svolge quindi un ruolo chiave nella digitalizzazione delle infrastrutture in Svizzera.<\/div>\n<h3>Sito neutrale dal punto di vista delle emissioni di CO2<\/h3>\n<div class=\"f-text\">Secondo quanto riportato, le soluzioni Siemens Smart Infrastructure nel campo della tecnologia energetica ed edilizia sostenibile e digitale e Digital Industries nel campo dell'automazione industriale e del software industriale continuano a essere particolarmente richieste. Matthias Rebellius, responsabile per la Svizzera nel consiglio di amministrazione globale di Siemens, \u00e8 soddisfatto: \"Grazie a prodotti e servizi innovativi e a un team eccezionale, continuiamo a fare solidi progressi in Svizzera. Sono particolarmente orgoglioso del campus di Zug, con circa 1.700 dipendenti, che \u00e8 stato completato nel settembre 2023. La sede globale di Siemens Smart Infrastructure, nel cuore della Svizzera, \u00e8 un esempio di tecnologia intelligente e digitale per gli edifici. In questo sito, completamente neutrale dal punto di vista delle emissioni di CO2, sviluppiamo tecnologie all'avanguardia e produciamo prodotti per il mercato globale.\"<\/div>\n<div class=\"f-text\">In Svizzera, l'azienda detiene una forte posizione di mercato nella tecnologia degli edifici e della distribuzione dell'energia (Smart Infrastructure), nonch\u00e9 nella tecnologia industriale e degli azionamenti (Digital Industries e Siemens Industries Software). In Svizzera Siemens detiene anche una posizione di leadership nella tecnologia ferroviaria (Siemens Mobility). L'azienda \u00e8 anche proprietaria di maggioranza di Siemens Healthineers, fornitore leader di tecnologia medica con una forte presenza in Svizzera.<\/div>\n<div class=\"f-text\">Siemens Energy, invece, \u00e8 una societ\u00e0 di trasmissione e generazione di energia gestita separatamente che opera anche in Svizzera e di cui l'azienda detiene una partecipazione di minoranza.<\/div>\n<div><\/div>\n<div><em>Ulteriori informazioni su Siemens in Svizzera sono disponibili su Internet all'indirizzo <a href=\"http:\/\/www.siemens.ch\" target=\"_blank\" rel=\"noopener\">www.siemens.ch<\/a> e <\/em><br \/>\n<em>nella nostra presentazione aziendale: <a href=\"http:\/\/www.siemens.ch\/das-unternehmen\" target=\"_blank\" rel=\"noopener\">www.siemens.ch\/das-unternehmen<\/a><\/em><\/div>","protected":false},"excerpt":{"rendered":"<p>&nbsp; Zum Ende des vergangenen Gesch\u00e4ftsjahres (1. Okt. 2022 bis 30. Sept. 2023) waren 5926 Fachkr\u00e4fte an \u00fcber 20 Standorten in allen Landesteilen bei Siemens t\u00e4tig, 45 mehr als zum Vorjahr, wie Siemens in seiner Pressemitteilung schreibt. Wie kein anderes Unternehmen verbinde das Technologieunternehmen die reale mit der digitalen Welt und unterst\u00fctze seine Kundinnen und [&hellip;]<\/p>\n","protected":false},"author":8,"featured_media":22400,"comment_status":"closed","ping_status":"closed","sticky":false,"template":"","format":"standard","meta":{"_acf_changed":false,"pgc_sgb_lightbox_settings":"","footnotes":""},"categories":[1],"tags":[3368],"class_list":["post-22399","post","type-post","status-publish","format-standard","has-post-thumbnail","hentry","category-allgemein","tag-siemens-schweiz"],"acf":[],"hkrextid":null,"publication":null,"issue":null,"workflow":null,"startPage":null,"spitzmarke":null,"_posts_by_tag_page_fields":null,"_at_widget":null,"_yoast_wpseo_primary_category":"1","_yoast_wpseo_focuskw_text_input":null,"_yoast_wpseo_opengraph-image":null,"_yoast_wpseo_opengraph-description":null,"_yoast_wpseo_opengraph-title":null,"enclosure":null,"_yoast_wpseo_twitter-title":null,"_yoast_wpseo_twitter-description":null,"_yoast_wpseo_twitter-image":null,"_wp_old_slug":null,"_yoast_wpseo_title":null,"_yoast_wpseo_canonical":null,"yoast_head":"<!-- This site is optimized with the Yoast SEO plugin v27.5 - https:\/\/yoast.com\/product\/yoast-seo-wordpress\/ -->\n<title>Siemens in der Schweiz weiterhin solide unterwegs - Save<\/title>\n<meta name=\"description\" content=\"Siemens konnte im abgelaufenen Gesch\u00e4ftsjahr den Umsatz in der Schweiz auf hohem Niveau halten, wie das Technologieunternehmen schreibt.\" \/>\n<meta name=\"robots\" content=\"index, follow, max-snippet:-1, max-image-preview:large, max-video-preview:-1\" \/>\n<link rel=\"canonical\" href=\"https:\/\/news.save.ch\/it\/siemens-in-der-schweiz-weiterhin-solide-unterwegs\/\" \/>\n<meta property=\"og:locale\" content=\"it_IT\" \/>\n<meta property=\"og:type\" content=\"article\" \/>\n<meta property=\"og:title\" content=\"Siemens in der Schweiz weiterhin solide unterwegs - Save\" \/>\n<meta property=\"og:description\" content=\"Siemens konnte im abgelaufenen Gesch\u00e4ftsjahr den Umsatz in der Schweiz auf hohem Niveau halten, wie das Technologieunternehmen schreibt.\" \/>\n<meta property=\"og:url\" content=\"https:\/\/news.save.ch\/it\/siemens-in-der-schweiz-weiterhin-solide-unterwegs\/\" \/>\n<meta property=\"og:site_name\" content=\"Save\" \/>\n<meta property=\"article:published_time\" content=\"2023-11-16T15:03:27+00:00\" \/>\n<meta property=\"og:image\" content=\"https:\/\/news.save.ch\/wp-content\/uploads\/2023\/11\/230908-ExpoReal2023-Zug-KeyVisual-34-bearbeitet-scaled.jpeg\" \/>\n\t<meta property=\"og:image:width\" content=\"1400\" \/>\n\t<meta property=\"og:image:height\" content=\"1048\" \/>\n\t<meta property=\"og:image:type\" content=\"image\/jpeg\" \/>\n<meta name=\"author\" content=\"Roger Str\u00e4ssle\" \/>\n<meta name=\"twitter:card\" content=\"summary_large_image\" \/>\n<meta name=\"twitter:label1\" content=\"Scritto da\" \/>\n\t<meta name=\"twitter:data1\" content=\"Roger Str\u00e4ssle\" \/>\n\t<meta name=\"twitter:label2\" content=\"Tempo di lettura stimato\" \/>\n\t<meta name=\"twitter:data2\" content=\"2 minuti\" \/>\n<script type=\"application\/ld+json\" class=\"yoast-schema-graph\">{\"@context\":\"https:\\\/\\\/schema.org\",\"@graph\":[{\"@type\":\"Article\",\"@id\":\"https:\\\/\\\/news.save.ch\\\/siemens-in-der-schweiz-weiterhin-solide-unterwegs\\\/#article\",\"isPartOf\":{\"@id\":\"https:\\\/\\\/news.save.ch\\\/siemens-in-der-schweiz-weiterhin-solide-unterwegs\\\/\"},\"author\":{\"name\":\"Roger Str\u00e4ssle\",\"@id\":\"https:\\\/\\\/news.save.ch\\\/de\\\/#\\\/schema\\\/person\\\/d5022db048e0e2b9785c50e5b24da5aa\"},\"headline\":\"Siemens in der Schweiz weiterhin solide unterwegs\",\"datePublished\":\"2023-11-16T15:03:27+00:00\",\"mainEntityOfPage\":{\"@id\":\"https:\\\/\\\/news.save.ch\\\/siemens-in-der-schweiz-weiterhin-solide-unterwegs\\\/\"},\"wordCount\":338,\"publisher\":{\"@id\":\"https:\\\/\\\/news.save.ch\\\/de\\\/#organization\"},\"image\":{\"@id\":\"https:\\\/\\\/news.save.ch\\\/siemens-in-der-schweiz-weiterhin-solide-unterwegs\\\/#primaryimage\"},\"thumbnailUrl\":\"https:\\\/\\\/news.save.ch\\\/wp-content\\\/uploads\\\/2023\\\/11\\\/230908-ExpoReal2023-Zug-KeyVisual-34-bearbeitet-scaled.jpeg\",\"keywords\":[\"Siemens Schweiz\"],\"articleSection\":[\"ALLGEMEIN\"],\"inLanguage\":\"it-IT\"},{\"@type\":\"WebPage\",\"@id\":\"https:\\\/\\\/news.save.ch\\\/siemens-in-der-schweiz-weiterhin-solide-unterwegs\\\/\",\"url\":\"https:\\\/\\\/news.save.ch\\\/siemens-in-der-schweiz-weiterhin-solide-unterwegs\\\/\",\"name\":\"Siemens in der Schweiz weiterhin solide unterwegs - Save\",\"isPartOf\":{\"@id\":\"https:\\\/\\\/news.save.ch\\\/de\\\/#website\"},\"primaryImageOfPage\":{\"@id\":\"https:\\\/\\\/news.save.ch\\\/siemens-in-der-schweiz-weiterhin-solide-unterwegs\\\/#primaryimage\"},\"image\":{\"@id\":\"https:\\\/\\\/news.save.ch\\\/siemens-in-der-schweiz-weiterhin-solide-unterwegs\\\/#primaryimage\"},\"thumbnailUrl\":\"https:\\\/\\\/news.save.ch\\\/wp-content\\\/uploads\\\/2023\\\/11\\\/230908-ExpoReal2023-Zug-KeyVisual-34-bearbeitet-scaled.jpeg\",\"datePublished\":\"2023-11-16T15:03:27+00:00\",\"description\":\"Siemens konnte im abgelaufenen Gesch\u00e4ftsjahr den Umsatz in der Schweiz auf hohem Niveau halten, wie das Technologieunternehmen schreibt.\",\"breadcrumb\":{\"@id\":\"https:\\\/\\\/news.save.ch\\\/siemens-in-der-schweiz-weiterhin-solide-unterwegs\\\/#breadcrumb\"},\"inLanguage\":\"it-IT\",\"potentialAction\":[{\"@type\":\"ReadAction\",\"target\":[\"https:\\\/\\\/news.save.ch\\\/siemens-in-der-schweiz-weiterhin-solide-unterwegs\\\/\"]}]},{\"@type\":\"ImageObject\",\"inLanguage\":\"it-IT\",\"@id\":\"https:\\\/\\\/news.save.ch\\\/siemens-in-der-schweiz-weiterhin-solide-unterwegs\\\/#primaryimage\",\"url\":\"https:\\\/\\\/news.save.ch\\\/wp-content\\\/uploads\\\/2023\\\/11\\\/230908-ExpoReal2023-Zug-KeyVisual-34-bearbeitet-scaled.jpeg\",\"contentUrl\":\"https:\\\/\\\/news.save.ch\\\/wp-content\\\/uploads\\\/2023\\\/11\\\/230908-ExpoReal2023-Zug-KeyVisual-34-bearbeitet-scaled.jpeg\",\"width\":1200,\"height\":898,\"caption\":\"Der Siemens Campus in Zug aus der Vogelperspektive. \u00a9 Siemens\"},{\"@type\":\"BreadcrumbList\",\"@id\":\"https:\\\/\\\/news.save.ch\\\/siemens-in-der-schweiz-weiterhin-solide-unterwegs\\\/#breadcrumb\",\"itemListElement\":[{\"@type\":\"ListItem\",\"position\":1,\"name\":\"Home\",\"item\":\"https:\\\/\\\/news.save.ch\\\/de\\\/\"},{\"@type\":\"ListItem\",\"position\":2,\"name\":\"Siemens in der Schweiz weiterhin solide unterwegs\"}]},{\"@type\":\"WebSite\",\"@id\":\"https:\\\/\\\/news.save.ch\\\/de\\\/#website\",\"url\":\"https:\\\/\\\/news.save.ch\\\/de\\\/\",\"name\":\"Save\",\"description\":\"Schweizer Fachzeitschrift f\u00fcr Sicherheit\",\"publisher\":{\"@id\":\"https:\\\/\\\/news.save.ch\\\/de\\\/#organization\"},\"potentialAction\":[{\"@type\":\"SearchAction\",\"target\":{\"@type\":\"EntryPoint\",\"urlTemplate\":\"https:\\\/\\\/news.save.ch\\\/de\\\/?s={search_term_string}\"},\"query-input\":{\"@type\":\"PropertyValueSpecification\",\"valueRequired\":true,\"valueName\":\"search_term_string\"}}],\"inLanguage\":\"it-IT\"},{\"@type\":\"Organization\",\"@id\":\"https:\\\/\\\/news.save.ch\\\/de\\\/#organization\",\"name\":\"Sicherheitsforum\",\"url\":\"https:\\\/\\\/news.save.ch\\\/de\\\/\",\"logo\":{\"@type\":\"ImageObject\",\"inLanguage\":\"it-IT\",\"@id\":\"https:\\\/\\\/news.save.ch\\\/de\\\/#\\\/schema\\\/logo\\\/image\\\/\",\"url\":\"https:\\\/\\\/news.save.ch\\\/wp-content\\\/uploads\\\/2022\\\/06\\\/Logo_SF_2012.png\",\"contentUrl\":\"https:\\\/\\\/news.save.ch\\\/wp-content\\\/uploads\\\/2022\\\/06\\\/Logo_SF_2012.png\",\"width\":1100,\"height\":91,\"caption\":\"Sicherheitsforum\"},\"image\":{\"@id\":\"https:\\\/\\\/news.save.ch\\\/de\\\/#\\\/schema\\\/logo\\\/image\\\/\"}},{\"@type\":\"Person\",\"@id\":\"https:\\\/\\\/news.save.ch\\\/de\\\/#\\\/schema\\\/person\\\/d5022db048e0e2b9785c50e5b24da5aa\",\"name\":\"Roger Str\u00e4ssle\",\"image\":{\"@type\":\"ImageObject\",\"inLanguage\":\"it-IT\",\"@id\":\"https:\\\/\\\/secure.gravatar.com\\\/avatar\\\/862a5569d087de48e5856e32f45d719a03804c891d6deb8d4f71a660e79e4a47?s=96&d=mm&r=g\",\"url\":\"https:\\\/\\\/secure.gravatar.com\\\/avatar\\\/862a5569d087de48e5856e32f45d719a03804c891d6deb8d4f71a660e79e4a47?s=96&d=mm&r=g\",\"contentUrl\":\"https:\\\/\\\/secure.gravatar.com\\\/avatar\\\/862a5569d087de48e5856e32f45d719a03804c891d6deb8d4f71a660e79e4a47?s=96&d=mm&r=g\",\"caption\":\"Roger Str\u00e4ssle\"},\"url\":\"https:\\\/\\\/news.save.ch\\\/it\\\/author\\\/roger-straessle\\\/\"}]}<\/script>\n<!-- \/ Yoast SEO plugin. -->","yoast_head_json":{"title":"Siemens rimane solida in Svizzera - Save","description":"Siemens \u00e8 riuscita a mantenere le vendite in Svizzera a un livello elevato nell'ultimo anno fiscale, come scrive l'azienda tecnologica.","robots":{"index":"index","follow":"follow","max-snippet":"max-snippet:-1","max-image-preview":"max-image-preview:large","max-video-preview":"max-video-preview:-1"},"canonical":"https:\/\/news.save.ch\/it\/siemens-in-der-schweiz-weiterhin-solide-unterwegs\/","og_locale":"it_IT","og_type":"article","og_title":"Siemens in der Schweiz weiterhin solide unterwegs - Save","og_description":"Siemens konnte im abgelaufenen Gesch\u00e4ftsjahr den Umsatz in der Schweiz auf hohem Niveau halten, wie das Technologieunternehmen schreibt.","og_url":"https:\/\/news.save.ch\/it\/siemens-in-der-schweiz-weiterhin-solide-unterwegs\/","og_site_name":"Save","article_published_time":"2023-11-16T15:03:27+00:00","og_image":[{"width":1400,"height":1048,"url":"https:\/\/news.save.ch\/wp-content\/uploads\/2023\/11\/230908-ExpoReal2023-Zug-KeyVisual-34-bearbeitet-scaled.jpeg","type":"image\/jpeg"}],"author":"Roger Str\u00e4ssle","twitter_card":"summary_large_image","twitter_misc":{"Scritto da":"Roger Str\u00e4ssle","Tempo di lettura stimato":"2 minuti"},"schema":{"@context":"https:\/\/schema.org","@graph":[{"@type":"Article","@id":"https:\/\/news.save.ch\/siemens-in-der-schweiz-weiterhin-solide-unterwegs\/#article","isPartOf":{"@id":"https:\/\/news.save.ch\/siemens-in-der-schweiz-weiterhin-solide-unterwegs\/"},"author":{"name":"Roger Str\u00e4ssle","@id":"https:\/\/news.save.ch\/de\/#\/schema\/person\/d5022db048e0e2b9785c50e5b24da5aa"},"headline":"Siemens in der Schweiz weiterhin solide unterwegs","datePublished":"2023-11-16T15:03:27+00:00","mainEntityOfPage":{"@id":"https:\/\/news.save.ch\/siemens-in-der-schweiz-weiterhin-solide-unterwegs\/"},"wordCount":338,"publisher":{"@id":"https:\/\/news.save.ch\/de\/#organization"},"image":{"@id":"https:\/\/news.save.ch\/siemens-in-der-schweiz-weiterhin-solide-unterwegs\/#primaryimage"},"thumbnailUrl":"https:\/\/news.save.ch\/wp-content\/uploads\/2023\/11\/230908-ExpoReal2023-Zug-KeyVisual-34-bearbeitet-scaled.jpeg","keywords":["Siemens Schweiz"],"articleSection":["ALLGEMEIN"],"inLanguage":"it-IT"},{"@type":"WebPage","@id":"https:\/\/news.save.ch\/siemens-in-der-schweiz-weiterhin-solide-unterwegs\/","url":"https:\/\/news.save.ch\/siemens-in-der-schweiz-weiterhin-solide-unterwegs\/","name":"Siemens rimane solida in Svizzera - Save","isPartOf":{"@id":"https:\/\/news.save.ch\/de\/#website"},"primaryImageOfPage":{"@id":"https:\/\/news.save.ch\/siemens-in-der-schweiz-weiterhin-solide-unterwegs\/#primaryimage"},"image":{"@id":"https:\/\/news.save.ch\/siemens-in-der-schweiz-weiterhin-solide-unterwegs\/#primaryimage"},"thumbnailUrl":"https:\/\/news.save.ch\/wp-content\/uploads\/2023\/11\/230908-ExpoReal2023-Zug-KeyVisual-34-bearbeitet-scaled.jpeg","datePublished":"2023-11-16T15:03:27+00:00","description":"Siemens \u00e8 riuscita a mantenere le vendite in Svizzera a un livello elevato nell'ultimo anno fiscale, come scrive l'azienda tecnologica.","breadcrumb":{"@id":"https:\/\/news.save.ch\/siemens-in-der-schweiz-weiterhin-solide-unterwegs\/#breadcrumb"},"inLanguage":"it-IT","potentialAction":[{"@type":"ReadAction","target":["https:\/\/news.save.ch\/siemens-in-der-schweiz-weiterhin-solide-unterwegs\/"]}]},{"@type":"ImageObject","inLanguage":"it-IT","@id":"https:\/\/news.save.ch\/siemens-in-der-schweiz-weiterhin-solide-unterwegs\/#primaryimage","url":"https:\/\/news.save.ch\/wp-content\/uploads\/2023\/11\/230908-ExpoReal2023-Zug-KeyVisual-34-bearbeitet-scaled.jpeg","contentUrl":"https:\/\/news.save.ch\/wp-content\/uploads\/2023\/11\/230908-ExpoReal2023-Zug-KeyVisual-34-bearbeitet-scaled.jpeg","width":1200,"height":898,"caption":"Der Siemens Campus in Zug aus der Vogelperspektive. \u00a9 Siemens"},{"@type":"BreadcrumbList","@id":"https:\/\/news.save.ch\/siemens-in-der-schweiz-weiterhin-solide-unterwegs\/#breadcrumb","itemListElement":[{"@type":"ListItem","position":1,"name":"Home","item":"https:\/\/news.save.ch\/de\/"},{"@type":"ListItem","position":2,"name":"Siemens in der Schweiz weiterhin solide unterwegs"}]},{"@type":"WebSite","@id":"https:\/\/news.save.ch\/de\/#website","url":"https:\/\/news.save.ch\/de\/","name":"Risparmiare","description":"Rivista svizzera specializzata in sicurezza","publisher":{"@id":"https:\/\/news.save.ch\/de\/#organization"},"potentialAction":[{"@type":"SearchAction","target":{"@type":"EntryPoint","urlTemplate":"https:\/\/news.save.ch\/de\/?s={search_term_string}"},"query-input":{"@type":"PropertyValueSpecification","valueRequired":true,"valueName":"search_term_string"}}],"inLanguage":"it-IT"},{"@type":"Organization","@id":"https:\/\/news.save.ch\/de\/#organization","name":"Forum sulla sicurezza","url":"https:\/\/news.save.ch\/de\/","logo":{"@type":"ImageObject","inLanguage":"it-IT","@id":"https:\/\/news.save.ch\/de\/#\/schema\/logo\/image\/","url":"https:\/\/news.save.ch\/wp-content\/uploads\/2022\/06\/Logo_SF_2012.png","contentUrl":"https:\/\/news.save.ch\/wp-content\/uploads\/2022\/06\/Logo_SF_2012.png","width":1100,"height":91,"caption":"Sicherheitsforum"},"image":{"@id":"https:\/\/news.save.ch\/de\/#\/schema\/logo\/image\/"}},{"@type":"Person","@id":"https:\/\/news.save.ch\/de\/#\/schema\/person\/d5022db048e0e2b9785c50e5b24da5aa","name":"Roger Str\u00e4ssle","image":{"@type":"ImageObject","inLanguage":"it-IT","@id":"https:\/\/secure.gravatar.com\/avatar\/862a5569d087de48e5856e32f45d719a03804c891d6deb8d4f71a660e79e4a47?s=96&d=mm&r=g","url":"https:\/\/secure.gravatar.com\/avatar\/862a5569d087de48e5856e32f45d719a03804c891d6deb8d4f71a660e79e4a47?s=96&d=mm&r=g","contentUrl":"https:\/\/secure.gravatar.com\/avatar\/862a5569d087de48e5856e32f45d719a03804c891d6deb8d4f71a660e79e4a47?s=96&d=mm&r=g","caption":"Roger Str\u00e4ssle"},"url":"https:\/\/news.save.ch\/it\/author\/roger-straessle\/"}]}},"_links":{"self":[{"href":"https:\/\/news.save.ch\/it\/wp-json\/wp\/v2\/posts\/22399","targetHints":{"allow":["GET"]}}],"collection":[{"href":"https:\/\/news.save.ch\/it\/wp-json\/wp\/v2\/posts"}],"about":[{"href":"https:\/\/news.save.ch\/it\/wp-json\/wp\/v2\/types\/post"}],"author":[{"embeddable":true,"href":"https:\/\/news.save.ch\/it\/wp-json\/wp\/v2\/users\/8"}],"replies":[{"embeddable":true,"href":"https:\/\/news.save.ch\/it\/wp-json\/wp\/v2\/comments?post=22399"}],"version-history":[{"count":3,"href":"https:\/\/news.save.ch\/it\/wp-json\/wp\/v2\/posts\/22399\/revisions"}],"predecessor-version":[{"id":22403,"href":"https:\/\/news.save.ch\/it\/wp-json\/wp\/v2\/posts\/22399\/revisions\/22403"}],"wp:featuredmedia":[{"embeddable":true,"href":"https:\/\/news.save.ch\/it\/wp-json\/wp\/v2\/media\/22400"}],"wp:attachment":[{"href":"https:\/\/news.save.ch\/it\/wp-json\/wp\/v2\/media?parent=22399"}],"wp:term":[{"taxonomy":"category","embeddable":true,"href":"https:\/\/news.save.ch\/it\/wp-json\/wp\/v2\/categories?post=22399"},{"taxonomy":"post_tag","embeddable":true,"href":"https:\/\/news.save.ch\/it\/wp-json\/wp\/v2\/tags?post=22399"}],"curies":[{"name":"wp","href":"https:\/\/api.w.org\/{rel}","templated":true}]}}