{"id":22586,"date":"2024-01-04T10:30:21","date_gmt":"2024-01-04T09:30:21","guid":{"rendered":"https:\/\/news.save.ch\/?p=22586"},"modified":"2024-01-05T08:29:51","modified_gmt":"2024-01-05T07:29:51","slug":"uebernahme-in-der-videoueberwachung","status":null,"type":"post","link":"https:\/\/news.save.ch\/it\/uebernahme-in-der-videoueberwachung\/","title":{"rendered":"Acquisizione nella videosorveglianza"},"content":{"rendered":"<p><img loading=\"lazy\" decoding=\"async\" class=\"alignnone size-medium wp-image-22601\" src=\"https:\/\/news.save.ch\/wp-content\/uploads\/2024\/01\/Depositphotos_356520526_S-680x409.jpg\" alt=\"Sorveglianza video\" width=\"680\" height=\"409\" srcset=\"https:\/\/news.save.ch\/wp-content\/uploads\/2024\/01\/Depositphotos_356520526_S-680x409.jpg 680w, https:\/\/news.save.ch\/wp-content\/uploads\/2024\/01\/Depositphotos_356520526_S-768x462.jpg 768w, https:\/\/news.save.ch\/wp-content\/uploads\/2024\/01\/Depositphotos_356520526_S-18x12.jpg 18w, https:\/\/news.save.ch\/wp-content\/uploads\/2024\/01\/Depositphotos_356520526_S-375x226.jpg 375w, https:\/\/news.save.ch\/wp-content\/uploads\/2024\/01\/Depositphotos_356520526_S-581x350.jpg 581w, https:\/\/news.save.ch\/wp-content\/uploads\/2024\/01\/Depositphotos_356520526_S.jpg 1000w\" sizes=\"auto, (max-width: 680px) 100vw, 680px\" \/><\/p>\n<p>audio-video g+m s.a. \u00e8 un fornitore svizzero di sistemi di videosorveglianza. L'azienda fa parte del Gruppo Swisscom dal 2022 e ha ora rilevato la divisione di videosorveglianza di Comtronic Communications AG.<\/p>\n<p>Nelle sedi di San Gallo, Lamone, Yverdon-les-Bains, Rotkreuz e ora anche a Ennetmoos, vengono sviluppate diverse soluzioni per i clienti, personalizzate in base alle esigenze locali. Oggi i sistemi sono installati in oltre 1.000 banche, nel trasporto stradale, nell'industria, nell'amministrazione e in molte abitazioni private in tutta la Svizzera.<\/p>\n<p>Audio-video g+m s.a. lavora a stretto contatto con la filiale Swisscom Broadcast. Grazie alla fusione, i clienti hanno ora a disposizione 40 dipendenti in cinque sedi, le cui competenze complete garantiscono una copertura nazionale con specialisti.<\/p>","protected":false},"excerpt":{"rendered":"<p>Die audio-video g+m s.a. ist ein Schweizer Anbieter von Video\u00fcberwachungssystemen. Seit 2022 ist das Unternehmen Teil des Swisscom Konzerns und hat nun den Bereich Video\u00fcberwachung der Comtronic Communications AG \u00fcbernommen. An den Firmenstandorten in St. Gallen, Lamone, Yverdon-les-Bains, Rotkreuz und neu in Ennetmoos werden diverse Kundenl\u00f6sungen entwickelt, individuell zugeschnitten auf die jeweiligen Anforderungen vor Ort. [&hellip;]<\/p>\n","protected":false},"author":31,"featured_media":22601,"comment_status":"closed","ping_status":"closed","sticky":false,"template":"","format":"standard","meta":{"_acf_changed":false,"pgc_sgb_lightbox_settings":"","footnotes":""},"categories":[3312],"tags":[139,79,1116,78],"class_list":["post-22586","post","type-post","status-publish","format-standard","has-post-thumbnail","hentry","category-sicherheit","tag-fusion","tag-uebernahme","tag-video","tag-videoueberwachung"],"acf":[],"hkrextid":null,"publication":null,"issue":null,"workflow":null,"startPage":null,"spitzmarke":null,"_posts_by_tag_page_fields":null,"_at_widget":null,"_yoast_wpseo_primary_category":"3312","_yoast_wpseo_focuskw_text_input":null,"_yoast_wpseo_opengraph-image":null,"_yoast_wpseo_opengraph-description":null,"_yoast_wpseo_opengraph-title":null,"enclosure":null,"_yoast_wpseo_twitter-title":null,"_yoast_wpseo_twitter-description":null,"_yoast_wpseo_twitter-image":null,"_wp_old_slug":null,"_yoast_wpseo_title":null,"_yoast_wpseo_canonical":null,"yoast_head":"<!-- This site is optimized with the Yoast SEO plugin v27.5 - https:\/\/yoast.com\/product\/yoast-seo-wordpress\/ -->\n<title>\u00dcbernahme in der Video\u00fcberwachung - Save<\/title>\n<meta name=\"description\" content=\"Mit der \u00dcbernahme schliessen sich zwei Unternehmen im Bereich Video\u00fcberwachungssysteme zusammen.\" \/>\n<meta name=\"robots\" content=\"index, follow, max-snippet:-1, max-image-preview:large, max-video-preview:-1\" \/>\n<link rel=\"canonical\" href=\"https:\/\/news.save.ch\/it\/uebernahme-in-der-videoueberwachung\/\" \/>\n<meta property=\"og:locale\" content=\"it_IT\" \/>\n<meta property=\"og:type\" content=\"article\" \/>\n<meta property=\"og:title\" content=\"\u00dcbernahme in der Video\u00fcberwachung - Save\" \/>\n<meta property=\"og:description\" content=\"Mit der \u00dcbernahme schliessen sich zwei Unternehmen im Bereich Video\u00fcberwachungssysteme zusammen.\" \/>\n<meta property=\"og:url\" content=\"https:\/\/news.save.ch\/it\/uebernahme-in-der-videoueberwachung\/\" \/>\n<meta property=\"og:site_name\" content=\"Save\" \/>\n<meta property=\"article:published_time\" content=\"2024-01-04T09:30:21+00:00\" \/>\n<meta property=\"article:modified_time\" content=\"2024-01-05T07:29:51+00:00\" \/>\n<meta property=\"og:image\" content=\"https:\/\/news.save.ch\/wp-content\/uploads\/2024\/01\/Depositphotos_356520526_S.jpg\" \/>\n\t<meta property=\"og:image:width\" content=\"1000\" \/>\n\t<meta property=\"og:image:height\" content=\"602\" \/>\n\t<meta property=\"og:image:type\" content=\"image\/jpeg\" \/>\n<meta name=\"author\" content=\"stefanie Zeng\" \/>\n<meta name=\"twitter:card\" content=\"summary_large_image\" \/>\n<meta name=\"twitter:label1\" content=\"Scritto da\" \/>\n\t<meta name=\"twitter:data1\" content=\"stefanie Zeng\" \/>\n\t<meta name=\"twitter:label2\" content=\"Tempo di lettura stimato\" \/>\n\t<meta name=\"twitter:data2\" content=\"2 minuti\" \/>\n<script type=\"application\/ld+json\" class=\"yoast-schema-graph\">{\"@context\":\"https:\\\/\\\/schema.org\",\"@graph\":[{\"@type\":\"Article\",\"@id\":\"https:\\\/\\\/news.save.ch\\\/uebernahme-in-der-videoueberwachung\\\/#article\",\"isPartOf\":{\"@id\":\"https:\\\/\\\/news.save.ch\\\/uebernahme-in-der-videoueberwachung\\\/\"},\"author\":{\"name\":\"stefanie Zeng\",\"@id\":\"https:\\\/\\\/news.save.ch\\\/de\\\/#\\\/schema\\\/person\\\/10917387362b3961e882740f6cf6f2a2\"},\"headline\":\"\u00dcbernahme in der Video\u00fcberwachung\",\"datePublished\":\"2024-01-04T09:30:21+00:00\",\"dateModified\":\"2024-01-05T07:29:51+00:00\",\"mainEntityOfPage\":{\"@id\":\"https:\\\/\\\/news.save.ch\\\/uebernahme-in-der-videoueberwachung\\\/\"},\"wordCount\":125,\"publisher\":{\"@id\":\"https:\\\/\\\/news.save.ch\\\/de\\\/#organization\"},\"image\":{\"@id\":\"https:\\\/\\\/news.save.ch\\\/uebernahme-in-der-videoueberwachung\\\/#primaryimage\"},\"thumbnailUrl\":\"https:\\\/\\\/news.save.ch\\\/wp-content\\\/uploads\\\/2024\\\/01\\\/Depositphotos_356520526_S.jpg\",\"keywords\":[\"Fusion\",\"\u00dcbernahme\",\"Video\",\"Video\u00fcberwachung\"],\"articleSection\":[\"SICHERHEIT\"],\"inLanguage\":\"it-IT\"},{\"@type\":\"WebPage\",\"@id\":\"https:\\\/\\\/news.save.ch\\\/uebernahme-in-der-videoueberwachung\\\/\",\"url\":\"https:\\\/\\\/news.save.ch\\\/uebernahme-in-der-videoueberwachung\\\/\",\"name\":\"\u00dcbernahme in der Video\u00fcberwachung - Save\",\"isPartOf\":{\"@id\":\"https:\\\/\\\/news.save.ch\\\/de\\\/#website\"},\"primaryImageOfPage\":{\"@id\":\"https:\\\/\\\/news.save.ch\\\/uebernahme-in-der-videoueberwachung\\\/#primaryimage\"},\"image\":{\"@id\":\"https:\\\/\\\/news.save.ch\\\/uebernahme-in-der-videoueberwachung\\\/#primaryimage\"},\"thumbnailUrl\":\"https:\\\/\\\/news.save.ch\\\/wp-content\\\/uploads\\\/2024\\\/01\\\/Depositphotos_356520526_S.jpg\",\"datePublished\":\"2024-01-04T09:30:21+00:00\",\"dateModified\":\"2024-01-05T07:29:51+00:00\",\"description\":\"Mit der \u00dcbernahme schliessen sich zwei Unternehmen im Bereich Video\u00fcberwachungssysteme zusammen.\",\"breadcrumb\":{\"@id\":\"https:\\\/\\\/news.save.ch\\\/uebernahme-in-der-videoueberwachung\\\/#breadcrumb\"},\"inLanguage\":\"it-IT\",\"potentialAction\":[{\"@type\":\"ReadAction\",\"target\":[\"https:\\\/\\\/news.save.ch\\\/uebernahme-in-der-videoueberwachung\\\/\"]}]},{\"@type\":\"ImageObject\",\"inLanguage\":\"it-IT\",\"@id\":\"https:\\\/\\\/news.save.ch\\\/uebernahme-in-der-videoueberwachung\\\/#primaryimage\",\"url\":\"https:\\\/\\\/news.save.ch\\\/wp-content\\\/uploads\\\/2024\\\/01\\\/Depositphotos_356520526_S.jpg\",\"contentUrl\":\"https:\\\/\\\/news.save.ch\\\/wp-content\\\/uploads\\\/2024\\\/01\\\/Depositphotos_356520526_S.jpg\",\"width\":1000,\"height\":602,\"caption\":\"Depositphotos, Rangizzz\"},{\"@type\":\"BreadcrumbList\",\"@id\":\"https:\\\/\\\/news.save.ch\\\/uebernahme-in-der-videoueberwachung\\\/#breadcrumb\",\"itemListElement\":[{\"@type\":\"ListItem\",\"position\":1,\"name\":\"Home\",\"item\":\"https:\\\/\\\/news.save.ch\\\/de\\\/\"},{\"@type\":\"ListItem\",\"position\":2,\"name\":\"\u00dcbernahme in der Video\u00fcberwachung\"}]},{\"@type\":\"WebSite\",\"@id\":\"https:\\\/\\\/news.save.ch\\\/de\\\/#website\",\"url\":\"https:\\\/\\\/news.save.ch\\\/de\\\/\",\"name\":\"Save\",\"description\":\"Schweizer Fachzeitschrift f\u00fcr Sicherheit\",\"publisher\":{\"@id\":\"https:\\\/\\\/news.save.ch\\\/de\\\/#organization\"},\"potentialAction\":[{\"@type\":\"SearchAction\",\"target\":{\"@type\":\"EntryPoint\",\"urlTemplate\":\"https:\\\/\\\/news.save.ch\\\/de\\\/?s={search_term_string}\"},\"query-input\":{\"@type\":\"PropertyValueSpecification\",\"valueRequired\":true,\"valueName\":\"search_term_string\"}}],\"inLanguage\":\"it-IT\"},{\"@type\":\"Organization\",\"@id\":\"https:\\\/\\\/news.save.ch\\\/de\\\/#organization\",\"name\":\"Sicherheitsforum\",\"url\":\"https:\\\/\\\/news.save.ch\\\/de\\\/\",\"logo\":{\"@type\":\"ImageObject\",\"inLanguage\":\"it-IT\",\"@id\":\"https:\\\/\\\/news.save.ch\\\/de\\\/#\\\/schema\\\/logo\\\/image\\\/\",\"url\":\"https:\\\/\\\/news.save.ch\\\/wp-content\\\/uploads\\\/2022\\\/06\\\/Logo_SF_2012.png\",\"contentUrl\":\"https:\\\/\\\/news.save.ch\\\/wp-content\\\/uploads\\\/2022\\\/06\\\/Logo_SF_2012.png\",\"width\":1100,\"height\":91,\"caption\":\"Sicherheitsforum\"},\"image\":{\"@id\":\"https:\\\/\\\/news.save.ch\\\/de\\\/#\\\/schema\\\/logo\\\/image\\\/\"}},{\"@type\":\"Person\",\"@id\":\"https:\\\/\\\/news.save.ch\\\/de\\\/#\\\/schema\\\/person\\\/10917387362b3961e882740f6cf6f2a2\",\"name\":\"stefanie Zeng\",\"image\":{\"@type\":\"ImageObject\",\"inLanguage\":\"it-IT\",\"@id\":\"https:\\\/\\\/secure.gravatar.com\\\/avatar\\\/eac43faa6e40bb2c41068c95c9d78bbd94c476d5efdff7abaab80bb3ea681e06?s=96&d=mm&r=g\",\"url\":\"https:\\\/\\\/secure.gravatar.com\\\/avatar\\\/eac43faa6e40bb2c41068c95c9d78bbd94c476d5efdff7abaab80bb3ea681e06?s=96&d=mm&r=g\",\"contentUrl\":\"https:\\\/\\\/secure.gravatar.com\\\/avatar\\\/eac43faa6e40bb2c41068c95c9d78bbd94c476d5efdff7abaab80bb3ea681e06?s=96&d=mm&r=g\",\"caption\":\"stefanie Zeng\"},\"url\":\"https:\\\/\\\/news.save.ch\\\/it\\\/author\\\/stefanie-zeng\\\/\"}]}<\/script>\n<!-- \/ Yoast SEO plugin. -->","yoast_head_json":{"title":"Acquisizione nella videosorveglianza - Salva","description":"L'acquisizione riunisce due aziende del settore dei sistemi di videosorveglianza.","robots":{"index":"index","follow":"follow","max-snippet":"max-snippet:-1","max-image-preview":"max-image-preview:large","max-video-preview":"max-video-preview:-1"},"canonical":"https:\/\/news.save.ch\/it\/uebernahme-in-der-videoueberwachung\/","og_locale":"it_IT","og_type":"article","og_title":"\u00dcbernahme in der Video\u00fcberwachung - Save","og_description":"Mit der \u00dcbernahme schliessen sich zwei Unternehmen im Bereich Video\u00fcberwachungssysteme zusammen.","og_url":"https:\/\/news.save.ch\/it\/uebernahme-in-der-videoueberwachung\/","og_site_name":"Save","article_published_time":"2024-01-04T09:30:21+00:00","article_modified_time":"2024-01-05T07:29:51+00:00","og_image":[{"width":1000,"height":602,"url":"https:\/\/news.save.ch\/wp-content\/uploads\/2024\/01\/Depositphotos_356520526_S.jpg","type":"image\/jpeg"}],"author":"stefanie Zeng","twitter_card":"summary_large_image","twitter_misc":{"Scritto da":"stefanie Zeng","Tempo di lettura stimato":"2 minuti"},"schema":{"@context":"https:\/\/schema.org","@graph":[{"@type":"Article","@id":"https:\/\/news.save.ch\/uebernahme-in-der-videoueberwachung\/#article","isPartOf":{"@id":"https:\/\/news.save.ch\/uebernahme-in-der-videoueberwachung\/"},"author":{"name":"stefanie Zeng","@id":"https:\/\/news.save.ch\/de\/#\/schema\/person\/10917387362b3961e882740f6cf6f2a2"},"headline":"\u00dcbernahme in der Video\u00fcberwachung","datePublished":"2024-01-04T09:30:21+00:00","dateModified":"2024-01-05T07:29:51+00:00","mainEntityOfPage":{"@id":"https:\/\/news.save.ch\/uebernahme-in-der-videoueberwachung\/"},"wordCount":125,"publisher":{"@id":"https:\/\/news.save.ch\/de\/#organization"},"image":{"@id":"https:\/\/news.save.ch\/uebernahme-in-der-videoueberwachung\/#primaryimage"},"thumbnailUrl":"https:\/\/news.save.ch\/wp-content\/uploads\/2024\/01\/Depositphotos_356520526_S.jpg","keywords":["Fusion","\u00dcbernahme","Video","Video\u00fcberwachung"],"articleSection":["SICHERHEIT"],"inLanguage":"it-IT"},{"@type":"WebPage","@id":"https:\/\/news.save.ch\/uebernahme-in-der-videoueberwachung\/","url":"https:\/\/news.save.ch\/uebernahme-in-der-videoueberwachung\/","name":"Acquisizione nella videosorveglianza - Salva","isPartOf":{"@id":"https:\/\/news.save.ch\/de\/#website"},"primaryImageOfPage":{"@id":"https:\/\/news.save.ch\/uebernahme-in-der-videoueberwachung\/#primaryimage"},"image":{"@id":"https:\/\/news.save.ch\/uebernahme-in-der-videoueberwachung\/#primaryimage"},"thumbnailUrl":"https:\/\/news.save.ch\/wp-content\/uploads\/2024\/01\/Depositphotos_356520526_S.jpg","datePublished":"2024-01-04T09:30:21+00:00","dateModified":"2024-01-05T07:29:51+00:00","description":"L'acquisizione riunisce due aziende del settore dei sistemi di videosorveglianza.","breadcrumb":{"@id":"https:\/\/news.save.ch\/uebernahme-in-der-videoueberwachung\/#breadcrumb"},"inLanguage":"it-IT","potentialAction":[{"@type":"ReadAction","target":["https:\/\/news.save.ch\/uebernahme-in-der-videoueberwachung\/"]}]},{"@type":"ImageObject","inLanguage":"it-IT","@id":"https:\/\/news.save.ch\/uebernahme-in-der-videoueberwachung\/#primaryimage","url":"https:\/\/news.save.ch\/wp-content\/uploads\/2024\/01\/Depositphotos_356520526_S.jpg","contentUrl":"https:\/\/news.save.ch\/wp-content\/uploads\/2024\/01\/Depositphotos_356520526_S.jpg","width":1000,"height":602,"caption":"Depositphotos, Rangizzz"},{"@type":"BreadcrumbList","@id":"https:\/\/news.save.ch\/uebernahme-in-der-videoueberwachung\/#breadcrumb","itemListElement":[{"@type":"ListItem","position":1,"name":"Home","item":"https:\/\/news.save.ch\/de\/"},{"@type":"ListItem","position":2,"name":"\u00dcbernahme in der Video\u00fcberwachung"}]},{"@type":"WebSite","@id":"https:\/\/news.save.ch\/de\/#website","url":"https:\/\/news.save.ch\/de\/","name":"Risparmiare","description":"Rivista svizzera specializzata in sicurezza","publisher":{"@id":"https:\/\/news.save.ch\/de\/#organization"},"potentialAction":[{"@type":"SearchAction","target":{"@type":"EntryPoint","urlTemplate":"https:\/\/news.save.ch\/de\/?s={search_term_string}"},"query-input":{"@type":"PropertyValueSpecification","valueRequired":true,"valueName":"search_term_string"}}],"inLanguage":"it-IT"},{"@type":"Organization","@id":"https:\/\/news.save.ch\/de\/#organization","name":"Forum sulla sicurezza","url":"https:\/\/news.save.ch\/de\/","logo":{"@type":"ImageObject","inLanguage":"it-IT","@id":"https:\/\/news.save.ch\/de\/#\/schema\/logo\/image\/","url":"https:\/\/news.save.ch\/wp-content\/uploads\/2022\/06\/Logo_SF_2012.png","contentUrl":"https:\/\/news.save.ch\/wp-content\/uploads\/2022\/06\/Logo_SF_2012.png","width":1100,"height":91,"caption":"Sicherheitsforum"},"image":{"@id":"https:\/\/news.save.ch\/de\/#\/schema\/logo\/image\/"}},{"@type":"Person","@id":"https:\/\/news.save.ch\/de\/#\/schema\/person\/10917387362b3961e882740f6cf6f2a2","name":"Stefanie Zeng","image":{"@type":"ImageObject","inLanguage":"it-IT","@id":"https:\/\/secure.gravatar.com\/avatar\/eac43faa6e40bb2c41068c95c9d78bbd94c476d5efdff7abaab80bb3ea681e06?s=96&d=mm&r=g","url":"https:\/\/secure.gravatar.com\/avatar\/eac43faa6e40bb2c41068c95c9d78bbd94c476d5efdff7abaab80bb3ea681e06?s=96&d=mm&r=g","contentUrl":"https:\/\/secure.gravatar.com\/avatar\/eac43faa6e40bb2c41068c95c9d78bbd94c476d5efdff7abaab80bb3ea681e06?s=96&d=mm&r=g","caption":"stefanie Zeng"},"url":"https:\/\/news.save.ch\/it\/author\/stefanie-zeng\/"}]}},"_links":{"self":[{"href":"https:\/\/news.save.ch\/it\/wp-json\/wp\/v2\/posts\/22586","targetHints":{"allow":["GET"]}}],"collection":[{"href":"https:\/\/news.save.ch\/it\/wp-json\/wp\/v2\/posts"}],"about":[{"href":"https:\/\/news.save.ch\/it\/wp-json\/wp\/v2\/types\/post"}],"author":[{"embeddable":true,"href":"https:\/\/news.save.ch\/it\/wp-json\/wp\/v2\/users\/31"}],"replies":[{"embeddable":true,"href":"https:\/\/news.save.ch\/it\/wp-json\/wp\/v2\/comments?post=22586"}],"version-history":[{"count":6,"href":"https:\/\/news.save.ch\/it\/wp-json\/wp\/v2\/posts\/22586\/revisions"}],"predecessor-version":[{"id":22604,"href":"https:\/\/news.save.ch\/it\/wp-json\/wp\/v2\/posts\/22586\/revisions\/22604"}],"wp:featuredmedia":[{"embeddable":true,"href":"https:\/\/news.save.ch\/it\/wp-json\/wp\/v2\/media\/22601"}],"wp:attachment":[{"href":"https:\/\/news.save.ch\/it\/wp-json\/wp\/v2\/media?parent=22586"}],"wp:term":[{"taxonomy":"category","embeddable":true,"href":"https:\/\/news.save.ch\/it\/wp-json\/wp\/v2\/categories?post=22586"},{"taxonomy":"post_tag","embeddable":true,"href":"https:\/\/news.save.ch\/it\/wp-json\/wp\/v2\/tags?post=22586"}],"curies":[{"name":"wp","href":"https:\/\/api.w.org\/{rel}","templated":true}]}}