{"id":22627,"date":"2024-01-11T10:32:51","date_gmt":"2024-01-11T09:32:51","guid":{"rendered":"https:\/\/news.save.ch\/?p=22627"},"modified":"2024-01-11T10:32:51","modified_gmt":"2024-01-11T09:32:51","slug":"einfuehrung-der-neuen-drohnenregelung-gut-gestartet","status":null,"type":"post","link":"https:\/\/news.save.ch\/it\/einfuehrung-der-neuen-drohnenregelung-gut-gestartet\/","title":{"rendered":"L'introduzione del nuovo regolamento sui droni \u00e8 partita con successo"},"content":{"rendered":"<figure id=\"attachment_22628\" aria-describedby=\"caption-attachment-22628\" style=\"width: 680px\" class=\"wp-caption alignnone\"><img loading=\"lazy\" decoding=\"async\" class=\"size-medium wp-image-22628\" src=\"https:\/\/news.save.ch\/wp-content\/uploads\/2024\/01\/Depositphotos_635483726_S-680x447.jpg\" alt=\"Drone\" width=\"680\" height=\"447\" srcset=\"https:\/\/news.save.ch\/wp-content\/uploads\/2024\/01\/Depositphotos_635483726_S-680x447.jpg 680w, https:\/\/news.save.ch\/wp-content\/uploads\/2024\/01\/Depositphotos_635483726_S-768x504.jpg 768w, https:\/\/news.save.ch\/wp-content\/uploads\/2024\/01\/Depositphotos_635483726_S-18x12.jpg 18w, https:\/\/news.save.ch\/wp-content\/uploads\/2024\/01\/Depositphotos_635483726_S-375x246.jpg 375w, https:\/\/news.save.ch\/wp-content\/uploads\/2024\/01\/Depositphotos_635483726_S-533x350.jpg 533w, https:\/\/news.save.ch\/wp-content\/uploads\/2024\/01\/Depositphotos_635483726_S.jpg 999w\" sizes=\"auto, (max-width: 680px) 100vw, 680px\" \/><figcaption id=\"caption-attachment-22628\" class=\"wp-caption-text\">Depositphotos\/nd3000<\/figcaption><\/figure>\n<p>Da un anno la Svizzera applica le norme sui droni dell'Unione Europea (UE). Da allora, sono state introdotte nuove norme per l'utilizzo dei droni: La maggior parte dei piloti remoti che desiderano pilotare un drone devono registrarsi e completare la formazione obbligatoria. Anche le procedure di autorizzazione per alcuni tipi di operazioni sono state modificate.<br \/>\nNonostante la complessit\u00e0 delle nuove norme, gli operatori di droni si sono adattati ai requisiti.<\/p>\n<p>Al 31 dicembre 2023, 46.300 piloti remoti avevano acquisito il certificato di competenza; quasi 70.000 persone o aziende erano presenti sulla piattaforma. <a href=\"http:\/\/www.uas.gate.bazl.admin.ch\" target=\"_blank\" rel=\"noopener\">www.uas.gate.bazl.admin.ch<\/a> registrati. L'Ufficio federale dell'aviazione civile (UFAC) \u00e8 soddisfatto di queste cifre, che continuano a svilupparsi positivamente.<\/p>\n<p>\u00c8 ancora troppo presto per misurare l'impatto sulla sicurezza del traffico aereo. Tuttavia, l'obiettivo \u00e8 quello di migliorare costantemente il livello di sicurezza dello spazio aereo svizzero. L'UFAC raccomanda pertanto agli operatori che non necessitano di un certificato di completare almeno il corso di formazione online gratuito. In questo modo potranno familiarizzare con le regole che si applicano all'uso dei droni.<\/p>\n<h3>Sistema di segnalazione degli eventi rilevanti per la sicurezza<\/h3>\n<p>Nell'anno in corso, l'UFAC intende sensibilizzare i piloti remoti sulla loro responsabilit\u00e0 di segnalare gli incidenti. Come tutti gli altri attori dell'aviazione civile, sono obbligati a segnalare gli incidenti legati alla sicurezza del traffico aereo. Anche se al momento questo contributo \u00e8 ancora marginale, alla fine permetter\u00e0 di riconoscere tempestivamente i problemi di sicurezza e di sfruttare appieno il potenziale di questo strumento.<\/p>\n<p><em>Fonte: FOCA<\/em><\/p>","protected":false},"excerpt":{"rendered":"<p>Seit einem Jahr wendet die Schweiz die Drohnenregelung der Europ\u00e4ischen Union (EU) an. F\u00fcr den Betrieb von Drohnen gelten seither neue Bestimmungen: Die meisten Fernpilotinnen und -piloten, die eine Drohne fliegen m\u00f6chten, m\u00fcssen sich registrieren und eine obligatorische Schulung absolvieren. Auch die Bewilligungsverfahren f\u00fcr bestimmte Betriebsformen wurden ge\u00e4ndert. Ungeachtet der herausfordernden Komplexit\u00e4t der neuen Regeln [&hellip;]<\/p>\n","protected":false},"author":31,"featured_media":22628,"comment_status":"closed","ping_status":"closed","sticky":false,"template":"","format":"standard","meta":{"_acf_changed":false,"pgc_sgb_lightbox_settings":"","footnotes":""},"categories":[3313,3312],"tags":[162,5833,1436],"class_list":["post-22627","post","type-post","status-publish","format-standard","has-post-thumbnail","hentry","category-digitalisierung","category-sicherheit","tag-drohnen","tag-eu-drohnen-verordnung","tag-luftraum"],"acf":[],"hkrextid":null,"publication":null,"issue":null,"workflow":null,"startPage":null,"spitzmarke":null,"_posts_by_tag_page_fields":null,"_at_widget":null,"_yoast_wpseo_primary_category":"3313","_yoast_wpseo_focuskw_text_input":null,"_yoast_wpseo_opengraph-image":null,"_yoast_wpseo_opengraph-description":null,"_yoast_wpseo_opengraph-title":null,"enclosure":null,"_yoast_wpseo_twitter-title":null,"_yoast_wpseo_twitter-description":null,"_yoast_wpseo_twitter-image":null,"_wp_old_slug":null,"_yoast_wpseo_title":null,"_yoast_wpseo_canonical":null,"yoast_head":"<!-- This site is optimized with the Yoast SEO plugin v27.4 - https:\/\/yoast.com\/product\/yoast-seo-wordpress\/ -->\n<title>Einf\u00fchrung der neuen Drohnenregelung gut gestartet - Save<\/title>\n<meta name=\"description\" content=\"In der Schweiz haben 2023 mehr als 46 000 Fernpilotinnen und -piloten einen Kompetenznachweis erworben.\" \/>\n<meta name=\"robots\" content=\"index, follow, max-snippet:-1, max-image-preview:large, max-video-preview:-1\" \/>\n<link rel=\"canonical\" href=\"https:\/\/news.save.ch\/it\/einfuehrung-der-neuen-drohnenregelung-gut-gestartet\/\" \/>\n<meta property=\"og:locale\" content=\"it_IT\" \/>\n<meta property=\"og:type\" content=\"article\" \/>\n<meta property=\"og:title\" content=\"Einf\u00fchrung der neuen Drohnenregelung gut gestartet - Save\" \/>\n<meta property=\"og:description\" content=\"In der Schweiz haben 2023 mehr als 46 000 Fernpilotinnen und -piloten einen Kompetenznachweis erworben.\" \/>\n<meta property=\"og:url\" content=\"https:\/\/news.save.ch\/it\/einfuehrung-der-neuen-drohnenregelung-gut-gestartet\/\" \/>\n<meta property=\"og:site_name\" content=\"Save\" \/>\n<meta property=\"article:published_time\" content=\"2024-01-11T09:32:51+00:00\" \/>\n<meta property=\"og:image\" content=\"https:\/\/news.save.ch\/wp-content\/uploads\/2024\/01\/Depositphotos_635483726_S.jpg\" \/>\n\t<meta property=\"og:image:width\" content=\"999\" \/>\n\t<meta property=\"og:image:height\" content=\"656\" \/>\n\t<meta property=\"og:image:type\" content=\"image\/jpeg\" \/>\n<meta name=\"author\" content=\"stefanie Zeng\" \/>\n<meta name=\"twitter:card\" content=\"summary_large_image\" \/>\n<meta name=\"twitter:label1\" content=\"Scritto da\" \/>\n\t<meta name=\"twitter:data1\" content=\"stefanie Zeng\" \/>\n\t<meta name=\"twitter:label2\" content=\"Tempo di lettura stimato\" \/>\n\t<meta name=\"twitter:data2\" content=\"2 minuti\" \/>\n<script type=\"application\/ld+json\" class=\"yoast-schema-graph\">{\"@context\":\"https:\\\/\\\/schema.org\",\"@graph\":[{\"@type\":\"Article\",\"@id\":\"https:\\\/\\\/news.save.ch\\\/einfuehrung-der-neuen-drohnenregelung-gut-gestartet\\\/#article\",\"isPartOf\":{\"@id\":\"https:\\\/\\\/news.save.ch\\\/einfuehrung-der-neuen-drohnenregelung-gut-gestartet\\\/\"},\"author\":{\"name\":\"stefanie Zeng\",\"@id\":\"https:\\\/\\\/news.save.ch\\\/de\\\/#\\\/schema\\\/person\\\/10917387362b3961e882740f6cf6f2a2\"},\"headline\":\"Einf\u00fchrung der neuen Drohnenregelung gut gestartet\",\"datePublished\":\"2024-01-11T09:32:51+00:00\",\"mainEntityOfPage\":{\"@id\":\"https:\\\/\\\/news.save.ch\\\/einfuehrung-der-neuen-drohnenregelung-gut-gestartet\\\/\"},\"wordCount\":273,\"publisher\":{\"@id\":\"https:\\\/\\\/news.save.ch\\\/de\\\/#organization\"},\"image\":{\"@id\":\"https:\\\/\\\/news.save.ch\\\/einfuehrung-der-neuen-drohnenregelung-gut-gestartet\\\/#primaryimage\"},\"thumbnailUrl\":\"https:\\\/\\\/news.save.ch\\\/wp-content\\\/uploads\\\/2024\\\/01\\\/Depositphotos_635483726_S.jpg\",\"keywords\":[\"Drohnen\",\"EU-Drohnen-Verordnung\",\"Luftraum\"],\"articleSection\":[\"DIGITALISIERUNG\",\"SICHERHEIT\"],\"inLanguage\":\"it-IT\"},{\"@type\":\"WebPage\",\"@id\":\"https:\\\/\\\/news.save.ch\\\/einfuehrung-der-neuen-drohnenregelung-gut-gestartet\\\/\",\"url\":\"https:\\\/\\\/news.save.ch\\\/einfuehrung-der-neuen-drohnenregelung-gut-gestartet\\\/\",\"name\":\"Einf\u00fchrung der neuen Drohnenregelung gut gestartet - Save\",\"isPartOf\":{\"@id\":\"https:\\\/\\\/news.save.ch\\\/de\\\/#website\"},\"primaryImageOfPage\":{\"@id\":\"https:\\\/\\\/news.save.ch\\\/einfuehrung-der-neuen-drohnenregelung-gut-gestartet\\\/#primaryimage\"},\"image\":{\"@id\":\"https:\\\/\\\/news.save.ch\\\/einfuehrung-der-neuen-drohnenregelung-gut-gestartet\\\/#primaryimage\"},\"thumbnailUrl\":\"https:\\\/\\\/news.save.ch\\\/wp-content\\\/uploads\\\/2024\\\/01\\\/Depositphotos_635483726_S.jpg\",\"datePublished\":\"2024-01-11T09:32:51+00:00\",\"description\":\"In der Schweiz haben 2023 mehr als 46 000 Fernpilotinnen und -piloten einen Kompetenznachweis erworben.\",\"breadcrumb\":{\"@id\":\"https:\\\/\\\/news.save.ch\\\/einfuehrung-der-neuen-drohnenregelung-gut-gestartet\\\/#breadcrumb\"},\"inLanguage\":\"it-IT\",\"potentialAction\":[{\"@type\":\"ReadAction\",\"target\":[\"https:\\\/\\\/news.save.ch\\\/einfuehrung-der-neuen-drohnenregelung-gut-gestartet\\\/\"]}]},{\"@type\":\"ImageObject\",\"inLanguage\":\"it-IT\",\"@id\":\"https:\\\/\\\/news.save.ch\\\/einfuehrung-der-neuen-drohnenregelung-gut-gestartet\\\/#primaryimage\",\"url\":\"https:\\\/\\\/news.save.ch\\\/wp-content\\\/uploads\\\/2024\\\/01\\\/Depositphotos_635483726_S.jpg\",\"contentUrl\":\"https:\\\/\\\/news.save.ch\\\/wp-content\\\/uploads\\\/2024\\\/01\\\/Depositphotos_635483726_S.jpg\",\"width\":999,\"height\":656,\"caption\":\"Depositphotos\\\/nd3000\"},{\"@type\":\"BreadcrumbList\",\"@id\":\"https:\\\/\\\/news.save.ch\\\/einfuehrung-der-neuen-drohnenregelung-gut-gestartet\\\/#breadcrumb\",\"itemListElement\":[{\"@type\":\"ListItem\",\"position\":1,\"name\":\"Home\",\"item\":\"https:\\\/\\\/news.save.ch\\\/de\\\/\"},{\"@type\":\"ListItem\",\"position\":2,\"name\":\"Einf\u00fchrung der neuen Drohnenregelung gut gestartet\"}]},{\"@type\":\"WebSite\",\"@id\":\"https:\\\/\\\/news.save.ch\\\/de\\\/#website\",\"url\":\"https:\\\/\\\/news.save.ch\\\/de\\\/\",\"name\":\"Save\",\"description\":\"Schweizer Fachzeitschrift f\u00fcr Sicherheit\",\"publisher\":{\"@id\":\"https:\\\/\\\/news.save.ch\\\/de\\\/#organization\"},\"potentialAction\":[{\"@type\":\"SearchAction\",\"target\":{\"@type\":\"EntryPoint\",\"urlTemplate\":\"https:\\\/\\\/news.save.ch\\\/de\\\/?s={search_term_string}\"},\"query-input\":{\"@type\":\"PropertyValueSpecification\",\"valueRequired\":true,\"valueName\":\"search_term_string\"}}],\"inLanguage\":\"it-IT\"},{\"@type\":\"Organization\",\"@id\":\"https:\\\/\\\/news.save.ch\\\/de\\\/#organization\",\"name\":\"Sicherheitsforum\",\"url\":\"https:\\\/\\\/news.save.ch\\\/de\\\/\",\"logo\":{\"@type\":\"ImageObject\",\"inLanguage\":\"it-IT\",\"@id\":\"https:\\\/\\\/news.save.ch\\\/de\\\/#\\\/schema\\\/logo\\\/image\\\/\",\"url\":\"https:\\\/\\\/news.save.ch\\\/wp-content\\\/uploads\\\/2022\\\/06\\\/Logo_SF_2012.png\",\"contentUrl\":\"https:\\\/\\\/news.save.ch\\\/wp-content\\\/uploads\\\/2022\\\/06\\\/Logo_SF_2012.png\",\"width\":1100,\"height\":91,\"caption\":\"Sicherheitsforum\"},\"image\":{\"@id\":\"https:\\\/\\\/news.save.ch\\\/de\\\/#\\\/schema\\\/logo\\\/image\\\/\"}},{\"@type\":\"Person\",\"@id\":\"https:\\\/\\\/news.save.ch\\\/de\\\/#\\\/schema\\\/person\\\/10917387362b3961e882740f6cf6f2a2\",\"name\":\"stefanie Zeng\",\"image\":{\"@type\":\"ImageObject\",\"inLanguage\":\"it-IT\",\"@id\":\"https:\\\/\\\/secure.gravatar.com\\\/avatar\\\/eac43faa6e40bb2c41068c95c9d78bbd94c476d5efdff7abaab80bb3ea681e06?s=96&d=mm&r=g\",\"url\":\"https:\\\/\\\/secure.gravatar.com\\\/avatar\\\/eac43faa6e40bb2c41068c95c9d78bbd94c476d5efdff7abaab80bb3ea681e06?s=96&d=mm&r=g\",\"contentUrl\":\"https:\\\/\\\/secure.gravatar.com\\\/avatar\\\/eac43faa6e40bb2c41068c95c9d78bbd94c476d5efdff7abaab80bb3ea681e06?s=96&d=mm&r=g\",\"caption\":\"stefanie Zeng\"},\"url\":\"https:\\\/\\\/news.save.ch\\\/it\\\/author\\\/stefanie-zeng\\\/\"}]}<\/script>\n<!-- \/ Yoast SEO plugin. -->","yoast_head_json":{"title":"L'introduzione del nuovo regolamento sui droni parte bene - Save","description":"In Svizzera, pi\u00f9 di 46.000 piloti remoti hanno acquisito un certificato di competenza nel 2023.","robots":{"index":"index","follow":"follow","max-snippet":"max-snippet:-1","max-image-preview":"max-image-preview:large","max-video-preview":"max-video-preview:-1"},"canonical":"https:\/\/news.save.ch\/it\/einfuehrung-der-neuen-drohnenregelung-gut-gestartet\/","og_locale":"it_IT","og_type":"article","og_title":"Einf\u00fchrung der neuen Drohnenregelung gut gestartet - Save","og_description":"In der Schweiz haben 2023 mehr als 46 000 Fernpilotinnen und -piloten einen Kompetenznachweis erworben.","og_url":"https:\/\/news.save.ch\/it\/einfuehrung-der-neuen-drohnenregelung-gut-gestartet\/","og_site_name":"Save","article_published_time":"2024-01-11T09:32:51+00:00","og_image":[{"width":999,"height":656,"url":"https:\/\/news.save.ch\/wp-content\/uploads\/2024\/01\/Depositphotos_635483726_S.jpg","type":"image\/jpeg"}],"author":"stefanie Zeng","twitter_card":"summary_large_image","twitter_misc":{"Scritto da":"stefanie Zeng","Tempo di lettura stimato":"2 minuti"},"schema":{"@context":"https:\/\/schema.org","@graph":[{"@type":"Article","@id":"https:\/\/news.save.ch\/einfuehrung-der-neuen-drohnenregelung-gut-gestartet\/#article","isPartOf":{"@id":"https:\/\/news.save.ch\/einfuehrung-der-neuen-drohnenregelung-gut-gestartet\/"},"author":{"name":"stefanie Zeng","@id":"https:\/\/news.save.ch\/de\/#\/schema\/person\/10917387362b3961e882740f6cf6f2a2"},"headline":"Einf\u00fchrung der neuen Drohnenregelung gut gestartet","datePublished":"2024-01-11T09:32:51+00:00","mainEntityOfPage":{"@id":"https:\/\/news.save.ch\/einfuehrung-der-neuen-drohnenregelung-gut-gestartet\/"},"wordCount":273,"publisher":{"@id":"https:\/\/news.save.ch\/de\/#organization"},"image":{"@id":"https:\/\/news.save.ch\/einfuehrung-der-neuen-drohnenregelung-gut-gestartet\/#primaryimage"},"thumbnailUrl":"https:\/\/news.save.ch\/wp-content\/uploads\/2024\/01\/Depositphotos_635483726_S.jpg","keywords":["Drohnen","EU-Drohnen-Verordnung","Luftraum"],"articleSection":["DIGITALISIERUNG","SICHERHEIT"],"inLanguage":"it-IT"},{"@type":"WebPage","@id":"https:\/\/news.save.ch\/einfuehrung-der-neuen-drohnenregelung-gut-gestartet\/","url":"https:\/\/news.save.ch\/einfuehrung-der-neuen-drohnenregelung-gut-gestartet\/","name":"L'introduzione del nuovo regolamento sui droni parte bene - Save","isPartOf":{"@id":"https:\/\/news.save.ch\/de\/#website"},"primaryImageOfPage":{"@id":"https:\/\/news.save.ch\/einfuehrung-der-neuen-drohnenregelung-gut-gestartet\/#primaryimage"},"image":{"@id":"https:\/\/news.save.ch\/einfuehrung-der-neuen-drohnenregelung-gut-gestartet\/#primaryimage"},"thumbnailUrl":"https:\/\/news.save.ch\/wp-content\/uploads\/2024\/01\/Depositphotos_635483726_S.jpg","datePublished":"2024-01-11T09:32:51+00:00","description":"In Svizzera, pi\u00f9 di 46.000 piloti remoti hanno acquisito un certificato di competenza nel 2023.","breadcrumb":{"@id":"https:\/\/news.save.ch\/einfuehrung-der-neuen-drohnenregelung-gut-gestartet\/#breadcrumb"},"inLanguage":"it-IT","potentialAction":[{"@type":"ReadAction","target":["https:\/\/news.save.ch\/einfuehrung-der-neuen-drohnenregelung-gut-gestartet\/"]}]},{"@type":"ImageObject","inLanguage":"it-IT","@id":"https:\/\/news.save.ch\/einfuehrung-der-neuen-drohnenregelung-gut-gestartet\/#primaryimage","url":"https:\/\/news.save.ch\/wp-content\/uploads\/2024\/01\/Depositphotos_635483726_S.jpg","contentUrl":"https:\/\/news.save.ch\/wp-content\/uploads\/2024\/01\/Depositphotos_635483726_S.jpg","width":999,"height":656,"caption":"Depositphotos\/nd3000"},{"@type":"BreadcrumbList","@id":"https:\/\/news.save.ch\/einfuehrung-der-neuen-drohnenregelung-gut-gestartet\/#breadcrumb","itemListElement":[{"@type":"ListItem","position":1,"name":"Home","item":"https:\/\/news.save.ch\/de\/"},{"@type":"ListItem","position":2,"name":"Einf\u00fchrung der neuen Drohnenregelung gut gestartet"}]},{"@type":"WebSite","@id":"https:\/\/news.save.ch\/de\/#website","url":"https:\/\/news.save.ch\/de\/","name":"Risparmiare","description":"Rivista svizzera specializzata in sicurezza","publisher":{"@id":"https:\/\/news.save.ch\/de\/#organization"},"potentialAction":[{"@type":"SearchAction","target":{"@type":"EntryPoint","urlTemplate":"https:\/\/news.save.ch\/de\/?s={search_term_string}"},"query-input":{"@type":"PropertyValueSpecification","valueRequired":true,"valueName":"search_term_string"}}],"inLanguage":"it-IT"},{"@type":"Organization","@id":"https:\/\/news.save.ch\/de\/#organization","name":"Forum sulla sicurezza","url":"https:\/\/news.save.ch\/de\/","logo":{"@type":"ImageObject","inLanguage":"it-IT","@id":"https:\/\/news.save.ch\/de\/#\/schema\/logo\/image\/","url":"https:\/\/news.save.ch\/wp-content\/uploads\/2022\/06\/Logo_SF_2012.png","contentUrl":"https:\/\/news.save.ch\/wp-content\/uploads\/2022\/06\/Logo_SF_2012.png","width":1100,"height":91,"caption":"Sicherheitsforum"},"image":{"@id":"https:\/\/news.save.ch\/de\/#\/schema\/logo\/image\/"}},{"@type":"Person","@id":"https:\/\/news.save.ch\/de\/#\/schema\/person\/10917387362b3961e882740f6cf6f2a2","name":"Stefanie Zeng","image":{"@type":"ImageObject","inLanguage":"it-IT","@id":"https:\/\/secure.gravatar.com\/avatar\/eac43faa6e40bb2c41068c95c9d78bbd94c476d5efdff7abaab80bb3ea681e06?s=96&d=mm&r=g","url":"https:\/\/secure.gravatar.com\/avatar\/eac43faa6e40bb2c41068c95c9d78bbd94c476d5efdff7abaab80bb3ea681e06?s=96&d=mm&r=g","contentUrl":"https:\/\/secure.gravatar.com\/avatar\/eac43faa6e40bb2c41068c95c9d78bbd94c476d5efdff7abaab80bb3ea681e06?s=96&d=mm&r=g","caption":"stefanie Zeng"},"url":"https:\/\/news.save.ch\/it\/author\/stefanie-zeng\/"}]}},"_links":{"self":[{"href":"https:\/\/news.save.ch\/it\/wp-json\/wp\/v2\/posts\/22627","targetHints":{"allow":["GET"]}}],"collection":[{"href":"https:\/\/news.save.ch\/it\/wp-json\/wp\/v2\/posts"}],"about":[{"href":"https:\/\/news.save.ch\/it\/wp-json\/wp\/v2\/types\/post"}],"author":[{"embeddable":true,"href":"https:\/\/news.save.ch\/it\/wp-json\/wp\/v2\/users\/31"}],"replies":[{"embeddable":true,"href":"https:\/\/news.save.ch\/it\/wp-json\/wp\/v2\/comments?post=22627"}],"version-history":[{"count":1,"href":"https:\/\/news.save.ch\/it\/wp-json\/wp\/v2\/posts\/22627\/revisions"}],"predecessor-version":[{"id":22629,"href":"https:\/\/news.save.ch\/it\/wp-json\/wp\/v2\/posts\/22627\/revisions\/22629"}],"wp:featuredmedia":[{"embeddable":true,"href":"https:\/\/news.save.ch\/it\/wp-json\/wp\/v2\/media\/22628"}],"wp:attachment":[{"href":"https:\/\/news.save.ch\/it\/wp-json\/wp\/v2\/media?parent=22627"}],"wp:term":[{"taxonomy":"category","embeddable":true,"href":"https:\/\/news.save.ch\/it\/wp-json\/wp\/v2\/categories?post=22627"},{"taxonomy":"post_tag","embeddable":true,"href":"https:\/\/news.save.ch\/it\/wp-json\/wp\/v2\/tags?post=22627"}],"curies":[{"name":"wp","href":"https:\/\/api.w.org\/{rel}","templated":true}]}}