{"id":22645,"date":"2024-01-17T13:35:09","date_gmt":"2024-01-17T12:35:09","guid":{"rendered":"https:\/\/news.save.ch\/?p=22645"},"modified":"2024-01-29T10:37:45","modified_gmt":"2024-01-29T09:37:45","slug":"die-top-geschaeftsrisiken","status":null,"type":"post","link":"https:\/\/news.save.ch\/it\/die-top-geschaeftsrisiken\/","title":{"rendered":"I principali rischi nel mondo degli affari"},"content":{"rendered":"<figure id=\"attachment_22646\" aria-describedby=\"caption-attachment-22646\" style=\"width: 680px\" class=\"wp-caption aligncenter\"><img loading=\"lazy\" decoding=\"async\" class=\"size-medium wp-image-22646\" src=\"https:\/\/news.save.ch\/wp-content\/uploads\/2024\/01\/Depositphotos_483478816_L-680x397.jpg\" alt=\"Interruzione dell&#039;attivit\u00e0\" width=\"680\" height=\"397\" srcset=\"https:\/\/news.save.ch\/wp-content\/uploads\/2024\/01\/Depositphotos_483478816_L-680x397.jpg 680w, https:\/\/news.save.ch\/wp-content\/uploads\/2024\/01\/Depositphotos_483478816_L-1024x598.jpg 1024w, https:\/\/news.save.ch\/wp-content\/uploads\/2024\/01\/Depositphotos_483478816_L-768x448.jpg 768w, https:\/\/news.save.ch\/wp-content\/uploads\/2024\/01\/Depositphotos_483478816_L-1536x896.jpg 1536w, https:\/\/news.save.ch\/wp-content\/uploads\/2024\/01\/Depositphotos_483478816_L-18x12.jpg 18w, https:\/\/news.save.ch\/wp-content\/uploads\/2024\/01\/Depositphotos_483478816_L-375x219.jpg 375w, https:\/\/news.save.ch\/wp-content\/uploads\/2024\/01\/Depositphotos_483478816_L-600x350.jpg 600w, https:\/\/news.save.ch\/wp-content\/uploads\/2024\/01\/Depositphotos_483478816_L-1000x584.jpg 1000w, https:\/\/news.save.ch\/wp-content\/uploads\/2024\/01\/Depositphotos_483478816_L-scaled.jpg 1200w\" sizes=\"auto, (max-width: 680px) 100vw, 680px\" \/><figcaption id=\"caption-attachment-22646\" class=\"wp-caption-text\">Depositphotos, Solarseven<\/figcaption><\/figure>\n<p>Gli incidenti informatici come gli attacchi ransomware, le violazioni dei dati e i guasti informatici sono il rischio maggiore per le aziende di tutto il mondo quest'anno. Le interruzioni generali dell'attivit\u00e0, strettamente correlate, seguono al secondo posto, mentre le catastrofi naturali passano dal sesto al terzo posto rispetto all'anno precedente. Anche gli incendi e le esplosioni (da 9 a 6) e i rischi politici e la violenza (da 10 a 8) salgono nella classifica di quest'anno. <a class=\"uri-ext outbound\" href=\"https:\/\/commercial.allianz.com\/content\/dam\/onemarketing\/commercial\/commercial\/reports\/Allianz-Risk-Barometer-2024.pdf\" target=\"_blank\" rel=\"noopener\"><b>Barometro del rischio Allianz<\/b><\/a>come scrive Allianz Commercial. Oltre 3.000 esperti di rischio di 92 Paesi sono stati interpellati sui loro principali rischi aziendali per l'edizione corrente.<\/p>\n<h3>3\u00b0 posto in Svizzera diverso<\/h3>\n<p>Tra i partecipanti allo studio svizzero, gli attacchi informatici e le interruzioni dell'attivit\u00e0 sono al primo (2023: 1) e al secondo posto (2023: 3). A differenza di quanto accade a livello globale, tuttavia, secondo i dati le modifiche a leggi e regolamenti - come dazi doganali, sanzioni o iniziative protezionistiche - si sono classificate al terzo posto (2023: quinto). \u00c8 sorprendente che la carenza di manodopera qualificata sia percepita come un rischio importante in Svizzera: In questo Paese si trova al quarto posto ed \u00e8 salita di tre posizioni rispetto all'anno precedente. A livello globale, la carenza di manodopera qualificata \u00e8 solo al 10\u00b0 posto come rischio.<\/p>\n<p>Petros Papanikolaou, CEO di Allianz Commercial, commenta i risultati: \"I rischi principali e i maggiori rialzi del Barometro dei rischi di quest'anno riflettono le principali sfide - digitalizzazione, cambiamenti climatici e un ambiente geopolitico incerto - che le aziende di tutto il mondo devono affrontare. Molti di questi rischi sono gi\u00e0 arrivati nei rispettivi mercati nazionali. Eventi climatici estremi, attacchi ransomware e conflitti regionali continueranno a mettere a dura prova la resilienza delle catene di approvvigionamento e dei modelli aziendali anche quest'anno. I broker e i clienti assicurativi dovrebbero quindi essere vigili e adeguare la loro copertura di conseguenza\".<\/p>\n<p>Le aziende di tutte le dimensioni condividono le stesse preoccupazioni a livello mondiale: cyberattacchi, interruzioni dell'attivit\u00e0 e disastri naturali sono in cima alla lista dei rischi principali, secondo l'indagine. Nonostante l'identica percezione dei rischi, il divario tra grandi e piccole imprese si sta ampliando in termini di resilienza. La pandemia di coronavirus ha sensibilizzato soprattutto le grandi aziende a una maggiore consapevolezza dei rischi e alle relative misure per aumentare la resilienza. Le aziende pi\u00f9 piccole spesso non hanno n\u00e9 il tempo n\u00e9 le risorse per sviluppare un gran numero di scenari di rischio e prepararsi in modo efficace. Di conseguenza, secondo Allianz, ci vuole pi\u00f9 tempo per rimettere in piedi l'attivit\u00e0 dopo un incidente imprevisto.<\/p>\n<h3><b>La sicurezza informatica rimane il principale rischio indiscusso nel 2024<\/b><\/h3>\n<p>Secondo il Barometro dei rischi, gli incidenti informatici (36%) sono il rischio principale per le aziende per la terza volta di seguito e per la prima volta con un netto margine di cinque punti percentuali. Gli esperti di 17 Paesi, tra cui Australia, Germania, Francia, India, Giappone, Regno Unito e Stati Uniti, hanno classificato le minacce di attacchi informatici come il rischio maggiore. Il 59% degli intervistati indica la violazione dei dati come la minaccia pi\u00f9 preoccupante, prima degli attacchi alle infrastrutture o ai beni critici (53%). Anche gli attacchi ransomware sarebbero una preoccupazione per oltre la met\u00e0 delle aziende, dato che sono aumentati in modo significativo nell'ultimo anno. Nel 2023, le richieste di risarcimento sono aumentate di oltre il 50% rispetto al 2022.<\/p>\n<p>Le interruzioni dell'attivit\u00e0 e i disastri naturali sono fonte di ansia per le aziende. Sebbene le interruzioni delle catene di fornitura siano diventate meno frequenti dopo la pandemia di coronavirus, le interruzioni dell'attivit\u00e0 restano il secondo rischio per le aziende, con il 31%. Questo risultato illustra le numerose interdipendenze in un mondo sempre pi\u00f9 volatile e la forte dipendenza dalle catene di fornitura per prodotti o servizi critici. Il gruppo assicurativo scrive che nel 2024 le aziende dovrebbero quindi dare priorit\u00e0 alla garanzia della continuit\u00e0 operativa, all'identificazione dei colli di bottiglia nella catena di fornitura e allo sviluppo di fornitori alternativi nella gestione dei rischi.<\/p>\n<p>Le catastrofi naturali salgono dal 6\u00b0 al 3\u00b0 posto nel Barometro dei Rischi di quest'anno, con il 26%, diventando cos\u00ec uno dei principali fattori di crescita (non cos\u00ec la Svizzera: dal 5\u00b0 all'8\u00b0 posto). Il 2023 sar\u00e0 un anno record: ad esempio, sar\u00e0 l'anno pi\u00f9 caldo dall'inizio delle registrazioni. Inoltre, i sinistri assicurativi supereranno la soglia dei 100 miliardi di dollari per la quarta volta consecutiva. Le tempeste gravi hanno rappresentato da sole 60 miliardi di dollari. Le catastrofi naturali sono il rischio principale nei Paesi fortemente colpiti da condizioni climatiche estreme, come Grecia, Hong Kong, Croazia, Malesia, Marocco, Messico, Slovenia, Thailandia e Ungheria. L'anno scorso un incendio boschivo nei pressi di Alexandroupolis in Grecia \u00e8 stato il pi\u00f9 grande disastro naturale mai registrato nell'UE. Le inondazioni in Slovenia hanno causato gravi interruzioni nelle catene di approvvigionamento. Di conseguenza, le case automobilistiche e i fornitori europei in particolare hanno dovuto affrontare ritardi nella produzione e carenze di componenti, secondo il comunicato stampa.<\/p>\n<h3><b>Differenze regionali nella percezione del rischio<\/b><\/h3>\n<p>Sebbene il cambiamento climatico rimanga al 7\u00b0 posto della classifica con il 18% (Svizzera: dal 10\u00b0 al 9\u00b0 posto), \u00e8 tra i primi 3 rischi in Brasile, Grecia, Messico e Turchia. I danni fisici ai beni aziendali dovuti a eventi meteorologici estremi sono la minaccia principale. Particolarmente colpite sono le aziende di servizi pubblici, energetiche e industriali. Si prevede che i rischi aziendali sul percorso verso la neutralit\u00e0 climatica e i rischi di responsabilit\u00e0 aumenteranno, poich\u00e9 le aziende dovranno investire molto denaro in nuove tecnologie, spesso appena collaudate, a basse emissioni di CO2 per trasformare il loro modello di business.<\/p>\n<p>A causa dei conflitti in corso in Medio Oriente e Ucraina e delle tensioni tra Stati Uniti e Cina, i rischi politici e la violenza salirebbero dall'8\u00b0 al 10\u00b0 posto (Svizzera: dal 4\u00b0 al 6\u00b0 posto) con il 14%. Anche l'imminente super anno elettorale, in cui oltre il 50% della popolazione mondiale si recher\u00e0 alle urne, offre un elevato potenziale di rischio. Le elezioni in USA, India, Russia e Regno Unito destano particolare preoccupazione. L'insoddisfazione per l'esito delle elezioni, unita all'incertezza economica generale, all'elevato costo della vita e alla proliferazione di fake news attraverso i social media, nel peggiore dei casi potrebbe portare a un'ulteriore polarizzazione sociale e a un aumento del potenziale di conflitto a livello mondiale.<\/p>\n<p>Tuttavia, tra gli intervistati c'\u00e8 anche un motivo di speranza. Gli sviluppi macroeconomici passerebbero dal 3\u00b0 al 5\u00b0 posto (la Svizzera dall'8\u00b0 al 7\u00b0 posto) dopo le oscillazioni economiche talvolta violente degli anni di Covid, con il 19%. Tuttavia, le sfide economiche da affrontare sono ancora molte. I dati di Allianz Research mostrano che le prospettive di crescita globale per il 2024 difficilmente supereranno il 2%.<\/p>\n<p>\"La debolezza della crescita \u00e8 un male necessario, poich\u00e9 gli alti tassi di inflazione appartengono finalmente al passato\", spiega Ludovic Subran, Chief Economist di Allianz. \"Le banche centrali avranno un maggiore margine di manovra, quindi \u00e8 probabile che nella seconda met\u00e0 dell'anno i tassi di interesse scendano. Questo arriva al momento giusto, dato che probabilmente non ci saranno stimoli dalla politica fiscale. Le numerose elezioni di quest'anno e i rischi ad esse connessi potrebbero fungere da freno, a seconda dell'esito\".<\/p>\n<h3>Carenza di manodopera qualificata: rischio minore<\/h3>\n<p>Da una prospettiva globale, si stima che la carenza di lavoratori qualificati sia un rischio minore rispetto al 2023, con il 12% e il 10\u00b0 posto (precedentemente 8\u00b0). Il quadro regionale \u00e8 diverso: Le aziende della Svizzera (4\u00b0 posto), dell'Europa centrale e orientale, del Regno Unito, della Germania e dell'Australia citano la carenza di manodopera qualificata tra i primi 5 rischi. In molti Paesi, il tasso di disoccupazione \u00e8 ancora ai minimi storici e le aziende offrono molti pi\u00f9 posti di lavoro rispetto ai candidati che li occupano. Gli esperti di informatica e di dati sono particolarmente difficili da trovare, il che rappresenta un problema importante nella lotta contro la criminalit\u00e0 informatica.<\/p>\n<p>&nbsp;<\/p>\n<p>&nbsp;<\/p>","protected":false},"excerpt":{"rendered":"<p>Cybervorf\u00e4lle wie Ransomware-Attacken, Datenpannen und IT-Ausf\u00e4lle sind f\u00fcr Unternehmen weltweit in diesem Jahr das gr\u00f6sste Risiko. Die damit eng verkn\u00fcpften, generellen Betriebsunterbrechungen folgen auf dem zweiten Platz, w\u00e4hrend Naturkatastrophen von Platz 6 auf 3 im Jahresvergleich springen. Feuer und Explosionen (von 9 auf 6) und politische Risiken und Gewalt (von 10 auf 8) klettern ebenfalls [&hellip;]<\/p>\n","protected":false},"author":8,"featured_media":22646,"comment_status":"closed","ping_status":"closed","sticky":false,"template":"","format":"standard","meta":{"_acf_changed":false,"pgc_sgb_lightbox_settings":"","footnotes":""},"categories":[3312],"tags":[4064],"class_list":["post-22645","post","type-post","status-publish","format-standard","has-post-thumbnail","hentry","category-sicherheit","tag-betriebliches-risiko"],"acf":[],"hkrextid":null,"publication":null,"issue":null,"workflow":null,"startPage":null,"spitzmarke":null,"_posts_by_tag_page_fields":null,"_at_widget":null,"_yoast_wpseo_primary_category":"3312","_yoast_wpseo_focuskw_text_input":null,"_yoast_wpseo_opengraph-image":null,"_yoast_wpseo_opengraph-description":null,"_yoast_wpseo_opengraph-title":null,"enclosure":null,"_yoast_wpseo_twitter-title":null,"_yoast_wpseo_twitter-description":null,"_yoast_wpseo_twitter-image":null,"_wp_old_slug":null,"_yoast_wpseo_title":null,"_yoast_wpseo_canonical":null,"yoast_head":"<!-- This site is optimized with the Yoast SEO plugin v27.4 - https:\/\/yoast.com\/product\/yoast-seo-wordpress\/ -->\n<title>Die Top-Risiken der Gesch\u00e4ftswelt - Save<\/title>\n<meta name=\"description\" content=\"Gem\u00e4ss Risiko-Barometer belegen Cybervorf\u00e4lle und Betriebsunterbrechungen sowohl weltweit als auch in der Schweiz die Platz 1 und 2.\" \/>\n<meta name=\"robots\" content=\"index, follow, max-snippet:-1, max-image-preview:large, max-video-preview:-1\" \/>\n<link rel=\"canonical\" href=\"https:\/\/news.save.ch\/it\/die-top-geschaeftsrisiken\/\" \/>\n<meta property=\"og:locale\" content=\"it_IT\" \/>\n<meta property=\"og:type\" content=\"article\" \/>\n<meta property=\"og:title\" content=\"Die Top-Risiken der Gesch\u00e4ftswelt - Save\" \/>\n<meta property=\"og:description\" content=\"Gem\u00e4ss Risiko-Barometer belegen Cybervorf\u00e4lle und Betriebsunterbrechungen sowohl weltweit als auch in der Schweiz die Platz 1 und 2.\" \/>\n<meta property=\"og:url\" content=\"https:\/\/news.save.ch\/it\/die-top-geschaeftsrisiken\/\" \/>\n<meta property=\"og:site_name\" content=\"Save\" \/>\n<meta property=\"article:published_time\" content=\"2024-01-17T12:35:09+00:00\" \/>\n<meta property=\"article:modified_time\" content=\"2024-01-29T09:37:45+00:00\" \/>\n<meta property=\"og:image\" content=\"https:\/\/news.save.ch\/wp-content\/uploads\/2024\/01\/Depositphotos_483478816_L-scaled.jpg\" \/>\n\t<meta property=\"og:image:width\" content=\"1200\" \/>\n\t<meta property=\"og:image:height\" content=\"700\" \/>\n\t<meta property=\"og:image:type\" content=\"image\/jpeg\" \/>\n<meta name=\"author\" content=\"Roger Str\u00e4ssle\" \/>\n<meta name=\"twitter:card\" content=\"summary_large_image\" \/>\n<meta name=\"twitter:label1\" content=\"Scritto da\" \/>\n\t<meta name=\"twitter:data1\" content=\"Roger Str\u00e4ssle\" \/>\n\t<meta name=\"twitter:label2\" content=\"Tempo di lettura stimato\" \/>\n\t<meta name=\"twitter:data2\" content=\"7 minuti\" \/>\n<script type=\"application\/ld+json\" class=\"yoast-schema-graph\">{\"@context\":\"https:\\\/\\\/schema.org\",\"@graph\":[{\"@type\":\"Article\",\"@id\":\"https:\\\/\\\/news.save.ch\\\/die-top-geschaeftsrisiken\\\/#article\",\"isPartOf\":{\"@id\":\"https:\\\/\\\/news.save.ch\\\/die-top-geschaeftsrisiken\\\/\"},\"author\":{\"name\":\"Roger Str\u00e4ssle\",\"@id\":\"https:\\\/\\\/news.save.ch\\\/de\\\/#\\\/schema\\\/person\\\/d5022db048e0e2b9785c50e5b24da5aa\"},\"headline\":\"Die Top-Risiken der Gesch\u00e4ftswelt\",\"datePublished\":\"2024-01-17T12:35:09+00:00\",\"dateModified\":\"2024-01-29T09:37:45+00:00\",\"mainEntityOfPage\":{\"@id\":\"https:\\\/\\\/news.save.ch\\\/die-top-geschaeftsrisiken\\\/\"},\"wordCount\":1170,\"publisher\":{\"@id\":\"https:\\\/\\\/news.save.ch\\\/de\\\/#organization\"},\"image\":{\"@id\":\"https:\\\/\\\/news.save.ch\\\/die-top-geschaeftsrisiken\\\/#primaryimage\"},\"thumbnailUrl\":\"https:\\\/\\\/news.save.ch\\\/wp-content\\\/uploads\\\/2024\\\/01\\\/Depositphotos_483478816_L-scaled.jpg\",\"keywords\":[\"Betriebliches Risiko\"],\"articleSection\":[\"SICHERHEIT\"],\"inLanguage\":\"it-IT\"},{\"@type\":\"WebPage\",\"@id\":\"https:\\\/\\\/news.save.ch\\\/die-top-geschaeftsrisiken\\\/\",\"url\":\"https:\\\/\\\/news.save.ch\\\/die-top-geschaeftsrisiken\\\/\",\"name\":\"Die Top-Risiken der Gesch\u00e4ftswelt - Save\",\"isPartOf\":{\"@id\":\"https:\\\/\\\/news.save.ch\\\/de\\\/#website\"},\"primaryImageOfPage\":{\"@id\":\"https:\\\/\\\/news.save.ch\\\/die-top-geschaeftsrisiken\\\/#primaryimage\"},\"image\":{\"@id\":\"https:\\\/\\\/news.save.ch\\\/die-top-geschaeftsrisiken\\\/#primaryimage\"},\"thumbnailUrl\":\"https:\\\/\\\/news.save.ch\\\/wp-content\\\/uploads\\\/2024\\\/01\\\/Depositphotos_483478816_L-scaled.jpg\",\"datePublished\":\"2024-01-17T12:35:09+00:00\",\"dateModified\":\"2024-01-29T09:37:45+00:00\",\"description\":\"Gem\u00e4ss Risiko-Barometer belegen Cybervorf\u00e4lle und Betriebsunterbrechungen sowohl weltweit als auch in der Schweiz die Platz 1 und 2.\",\"breadcrumb\":{\"@id\":\"https:\\\/\\\/news.save.ch\\\/die-top-geschaeftsrisiken\\\/#breadcrumb\"},\"inLanguage\":\"it-IT\",\"potentialAction\":[{\"@type\":\"ReadAction\",\"target\":[\"https:\\\/\\\/news.save.ch\\\/die-top-geschaeftsrisiken\\\/\"]}]},{\"@type\":\"ImageObject\",\"inLanguage\":\"it-IT\",\"@id\":\"https:\\\/\\\/news.save.ch\\\/die-top-geschaeftsrisiken\\\/#primaryimage\",\"url\":\"https:\\\/\\\/news.save.ch\\\/wp-content\\\/uploads\\\/2024\\\/01\\\/Depositphotos_483478816_L-scaled.jpg\",\"contentUrl\":\"https:\\\/\\\/news.save.ch\\\/wp-content\\\/uploads\\\/2024\\\/01\\\/Depositphotos_483478816_L-scaled.jpg\",\"width\":1200,\"height\":700,\"caption\":\"Depositphotos, Solarseven\"},{\"@type\":\"BreadcrumbList\",\"@id\":\"https:\\\/\\\/news.save.ch\\\/die-top-geschaeftsrisiken\\\/#breadcrumb\",\"itemListElement\":[{\"@type\":\"ListItem\",\"position\":1,\"name\":\"Home\",\"item\":\"https:\\\/\\\/news.save.ch\\\/de\\\/\"},{\"@type\":\"ListItem\",\"position\":2,\"name\":\"Die Top-Risiken der Gesch\u00e4ftswelt\"}]},{\"@type\":\"WebSite\",\"@id\":\"https:\\\/\\\/news.save.ch\\\/de\\\/#website\",\"url\":\"https:\\\/\\\/news.save.ch\\\/de\\\/\",\"name\":\"Save\",\"description\":\"Schweizer Fachzeitschrift f\u00fcr Sicherheit\",\"publisher\":{\"@id\":\"https:\\\/\\\/news.save.ch\\\/de\\\/#organization\"},\"potentialAction\":[{\"@type\":\"SearchAction\",\"target\":{\"@type\":\"EntryPoint\",\"urlTemplate\":\"https:\\\/\\\/news.save.ch\\\/de\\\/?s={search_term_string}\"},\"query-input\":{\"@type\":\"PropertyValueSpecification\",\"valueRequired\":true,\"valueName\":\"search_term_string\"}}],\"inLanguage\":\"it-IT\"},{\"@type\":\"Organization\",\"@id\":\"https:\\\/\\\/news.save.ch\\\/de\\\/#organization\",\"name\":\"Sicherheitsforum\",\"url\":\"https:\\\/\\\/news.save.ch\\\/de\\\/\",\"logo\":{\"@type\":\"ImageObject\",\"inLanguage\":\"it-IT\",\"@id\":\"https:\\\/\\\/news.save.ch\\\/de\\\/#\\\/schema\\\/logo\\\/image\\\/\",\"url\":\"https:\\\/\\\/news.save.ch\\\/wp-content\\\/uploads\\\/2022\\\/06\\\/Logo_SF_2012.png\",\"contentUrl\":\"https:\\\/\\\/news.save.ch\\\/wp-content\\\/uploads\\\/2022\\\/06\\\/Logo_SF_2012.png\",\"width\":1100,\"height\":91,\"caption\":\"Sicherheitsforum\"},\"image\":{\"@id\":\"https:\\\/\\\/news.save.ch\\\/de\\\/#\\\/schema\\\/logo\\\/image\\\/\"}},{\"@type\":\"Person\",\"@id\":\"https:\\\/\\\/news.save.ch\\\/de\\\/#\\\/schema\\\/person\\\/d5022db048e0e2b9785c50e5b24da5aa\",\"name\":\"Roger Str\u00e4ssle\",\"image\":{\"@type\":\"ImageObject\",\"inLanguage\":\"it-IT\",\"@id\":\"https:\\\/\\\/secure.gravatar.com\\\/avatar\\\/862a5569d087de48e5856e32f45d719a03804c891d6deb8d4f71a660e79e4a47?s=96&d=mm&r=g\",\"url\":\"https:\\\/\\\/secure.gravatar.com\\\/avatar\\\/862a5569d087de48e5856e32f45d719a03804c891d6deb8d4f71a660e79e4a47?s=96&d=mm&r=g\",\"contentUrl\":\"https:\\\/\\\/secure.gravatar.com\\\/avatar\\\/862a5569d087de48e5856e32f45d719a03804c891d6deb8d4f71a660e79e4a47?s=96&d=mm&r=g\",\"caption\":\"Roger Str\u00e4ssle\"},\"url\":\"https:\\\/\\\/news.save.ch\\\/it\\\/author\\\/roger-straessle\\\/\"}]}<\/script>\n<!-- \/ Yoast SEO plugin. -->","yoast_head_json":{"title":"I principali rischi nel mondo degli affari - Save","description":"Secondo il Barometro dei rischi, gli incidenti informatici e le interruzioni dell'attivit\u00e0 sono al primo e al secondo posto sia a livello globale che in Svizzera.","robots":{"index":"index","follow":"follow","max-snippet":"max-snippet:-1","max-image-preview":"max-image-preview:large","max-video-preview":"max-video-preview:-1"},"canonical":"https:\/\/news.save.ch\/it\/die-top-geschaeftsrisiken\/","og_locale":"it_IT","og_type":"article","og_title":"Die Top-Risiken der Gesch\u00e4ftswelt - Save","og_description":"Gem\u00e4ss Risiko-Barometer belegen Cybervorf\u00e4lle und Betriebsunterbrechungen sowohl weltweit als auch in der Schweiz die Platz 1 und 2.","og_url":"https:\/\/news.save.ch\/it\/die-top-geschaeftsrisiken\/","og_site_name":"Save","article_published_time":"2024-01-17T12:35:09+00:00","article_modified_time":"2024-01-29T09:37:45+00:00","og_image":[{"width":1200,"height":700,"url":"https:\/\/news.save.ch\/wp-content\/uploads\/2024\/01\/Depositphotos_483478816_L-scaled.jpg","type":"image\/jpeg"}],"author":"Roger Str\u00e4ssle","twitter_card":"summary_large_image","twitter_misc":{"Scritto da":"Roger Str\u00e4ssle","Tempo di lettura stimato":"7 minuti"},"schema":{"@context":"https:\/\/schema.org","@graph":[{"@type":"Article","@id":"https:\/\/news.save.ch\/die-top-geschaeftsrisiken\/#article","isPartOf":{"@id":"https:\/\/news.save.ch\/die-top-geschaeftsrisiken\/"},"author":{"name":"Roger Str\u00e4ssle","@id":"https:\/\/news.save.ch\/de\/#\/schema\/person\/d5022db048e0e2b9785c50e5b24da5aa"},"headline":"Die Top-Risiken der Gesch\u00e4ftswelt","datePublished":"2024-01-17T12:35:09+00:00","dateModified":"2024-01-29T09:37:45+00:00","mainEntityOfPage":{"@id":"https:\/\/news.save.ch\/die-top-geschaeftsrisiken\/"},"wordCount":1170,"publisher":{"@id":"https:\/\/news.save.ch\/de\/#organization"},"image":{"@id":"https:\/\/news.save.ch\/die-top-geschaeftsrisiken\/#primaryimage"},"thumbnailUrl":"https:\/\/news.save.ch\/wp-content\/uploads\/2024\/01\/Depositphotos_483478816_L-scaled.jpg","keywords":["Betriebliches Risiko"],"articleSection":["SICHERHEIT"],"inLanguage":"it-IT"},{"@type":"WebPage","@id":"https:\/\/news.save.ch\/die-top-geschaeftsrisiken\/","url":"https:\/\/news.save.ch\/die-top-geschaeftsrisiken\/","name":"I principali rischi nel mondo degli affari - Save","isPartOf":{"@id":"https:\/\/news.save.ch\/de\/#website"},"primaryImageOfPage":{"@id":"https:\/\/news.save.ch\/die-top-geschaeftsrisiken\/#primaryimage"},"image":{"@id":"https:\/\/news.save.ch\/die-top-geschaeftsrisiken\/#primaryimage"},"thumbnailUrl":"https:\/\/news.save.ch\/wp-content\/uploads\/2024\/01\/Depositphotos_483478816_L-scaled.jpg","datePublished":"2024-01-17T12:35:09+00:00","dateModified":"2024-01-29T09:37:45+00:00","description":"Secondo il Barometro dei rischi, gli incidenti informatici e le interruzioni dell'attivit\u00e0 sono al primo e al secondo posto sia a livello globale che in Svizzera.","breadcrumb":{"@id":"https:\/\/news.save.ch\/die-top-geschaeftsrisiken\/#breadcrumb"},"inLanguage":"it-IT","potentialAction":[{"@type":"ReadAction","target":["https:\/\/news.save.ch\/die-top-geschaeftsrisiken\/"]}]},{"@type":"ImageObject","inLanguage":"it-IT","@id":"https:\/\/news.save.ch\/die-top-geschaeftsrisiken\/#primaryimage","url":"https:\/\/news.save.ch\/wp-content\/uploads\/2024\/01\/Depositphotos_483478816_L-scaled.jpg","contentUrl":"https:\/\/news.save.ch\/wp-content\/uploads\/2024\/01\/Depositphotos_483478816_L-scaled.jpg","width":1200,"height":700,"caption":"Depositphotos, Solarseven"},{"@type":"BreadcrumbList","@id":"https:\/\/news.save.ch\/die-top-geschaeftsrisiken\/#breadcrumb","itemListElement":[{"@type":"ListItem","position":1,"name":"Home","item":"https:\/\/news.save.ch\/de\/"},{"@type":"ListItem","position":2,"name":"Die Top-Risiken der Gesch\u00e4ftswelt"}]},{"@type":"WebSite","@id":"https:\/\/news.save.ch\/de\/#website","url":"https:\/\/news.save.ch\/de\/","name":"Risparmiare","description":"Rivista svizzera specializzata in sicurezza","publisher":{"@id":"https:\/\/news.save.ch\/de\/#organization"},"potentialAction":[{"@type":"SearchAction","target":{"@type":"EntryPoint","urlTemplate":"https:\/\/news.save.ch\/de\/?s={search_term_string}"},"query-input":{"@type":"PropertyValueSpecification","valueRequired":true,"valueName":"search_term_string"}}],"inLanguage":"it-IT"},{"@type":"Organization","@id":"https:\/\/news.save.ch\/de\/#organization","name":"Forum sulla sicurezza","url":"https:\/\/news.save.ch\/de\/","logo":{"@type":"ImageObject","inLanguage":"it-IT","@id":"https:\/\/news.save.ch\/de\/#\/schema\/logo\/image\/","url":"https:\/\/news.save.ch\/wp-content\/uploads\/2022\/06\/Logo_SF_2012.png","contentUrl":"https:\/\/news.save.ch\/wp-content\/uploads\/2022\/06\/Logo_SF_2012.png","width":1100,"height":91,"caption":"Sicherheitsforum"},"image":{"@id":"https:\/\/news.save.ch\/de\/#\/schema\/logo\/image\/"}},{"@type":"Person","@id":"https:\/\/news.save.ch\/de\/#\/schema\/person\/d5022db048e0e2b9785c50e5b24da5aa","name":"Roger Str\u00e4ssle","image":{"@type":"ImageObject","inLanguage":"it-IT","@id":"https:\/\/secure.gravatar.com\/avatar\/862a5569d087de48e5856e32f45d719a03804c891d6deb8d4f71a660e79e4a47?s=96&d=mm&r=g","url":"https:\/\/secure.gravatar.com\/avatar\/862a5569d087de48e5856e32f45d719a03804c891d6deb8d4f71a660e79e4a47?s=96&d=mm&r=g","contentUrl":"https:\/\/secure.gravatar.com\/avatar\/862a5569d087de48e5856e32f45d719a03804c891d6deb8d4f71a660e79e4a47?s=96&d=mm&r=g","caption":"Roger Str\u00e4ssle"},"url":"https:\/\/news.save.ch\/it\/author\/roger-straessle\/"}]}},"_links":{"self":[{"href":"https:\/\/news.save.ch\/it\/wp-json\/wp\/v2\/posts\/22645","targetHints":{"allow":["GET"]}}],"collection":[{"href":"https:\/\/news.save.ch\/it\/wp-json\/wp\/v2\/posts"}],"about":[{"href":"https:\/\/news.save.ch\/it\/wp-json\/wp\/v2\/types\/post"}],"author":[{"embeddable":true,"href":"https:\/\/news.save.ch\/it\/wp-json\/wp\/v2\/users\/8"}],"replies":[{"embeddable":true,"href":"https:\/\/news.save.ch\/it\/wp-json\/wp\/v2\/comments?post=22645"}],"version-history":[{"count":8,"href":"https:\/\/news.save.ch\/it\/wp-json\/wp\/v2\/posts\/22645\/revisions"}],"predecessor-version":[{"id":22729,"href":"https:\/\/news.save.ch\/it\/wp-json\/wp\/v2\/posts\/22645\/revisions\/22729"}],"wp:featuredmedia":[{"embeddable":true,"href":"https:\/\/news.save.ch\/it\/wp-json\/wp\/v2\/media\/22646"}],"wp:attachment":[{"href":"https:\/\/news.save.ch\/it\/wp-json\/wp\/v2\/media?parent=22645"}],"wp:term":[{"taxonomy":"category","embeddable":true,"href":"https:\/\/news.save.ch\/it\/wp-json\/wp\/v2\/categories?post=22645"},{"taxonomy":"post_tag","embeddable":true,"href":"https:\/\/news.save.ch\/it\/wp-json\/wp\/v2\/tags?post=22645"}],"curies":[{"name":"wp","href":"https:\/\/api.w.org\/{rel}","templated":true}]}}