{"id":22693,"date":"2024-01-25T06:00:45","date_gmt":"2024-01-25T05:00:45","guid":{"rendered":"https:\/\/news.save.ch\/?p=22693"},"modified":"2024-01-24T16:55:31","modified_gmt":"2024-01-24T15:55:31","slug":"videoueberwachung-datenschutz-keine-einfache-sache","status":null,"type":"post","link":"https:\/\/news.save.ch\/it\/videoueberwachung-datenschutz-keine-einfache-sache\/","title":{"rendered":"Videosorveglianza e protezione dei dati: una questione non semplice!"},"content":{"rendered":"<p><img loading=\"lazy\" decoding=\"async\" class=\"alignnone size-medium wp-image-22695\" src=\"https:\/\/news.save.ch\/wp-content\/uploads\/2024\/01\/2024_01_24_News_Siaxma_DatenschutzVS_1024x576-680x383.jpg\" alt=\"\" width=\"680\" height=\"383\" srcset=\"https:\/\/news.save.ch\/wp-content\/uploads\/2024\/01\/2024_01_24_News_Siaxma_DatenschutzVS_1024x576-680x383.jpg 680w, https:\/\/news.save.ch\/wp-content\/uploads\/2024\/01\/2024_01_24_News_Siaxma_DatenschutzVS_1024x576-768x432.jpg 768w, https:\/\/news.save.ch\/wp-content\/uploads\/2024\/01\/2024_01_24_News_Siaxma_DatenschutzVS_1024x576-18x10.jpg 18w, https:\/\/news.save.ch\/wp-content\/uploads\/2024\/01\/2024_01_24_News_Siaxma_DatenschutzVS_1024x576-375x211.jpg 375w, https:\/\/news.save.ch\/wp-content\/uploads\/2024\/01\/2024_01_24_News_Siaxma_DatenschutzVS_1024x576-622x350.jpg 622w, https:\/\/news.save.ch\/wp-content\/uploads\/2024\/01\/2024_01_24_News_Siaxma_DatenschutzVS_1024x576-1000x563.jpg 1000w, https:\/\/news.save.ch\/wp-content\/uploads\/2024\/01\/2024_01_24_News_Siaxma_DatenschutzVS_1024x576.jpg 1024w\" sizes=\"auto, (max-width: 680px) 100vw, 680px\" \/>I sistemi di videosorveglianza negli spazi pubblici, nei locali aziendali, sul posto di lavoro e nelle aree riservate ai clienti sollevano spesso molti interrogativi e sono delicati. Per le aziende, in particolare, si pone rapidamente la questione della privacy delle persone riprese e degli aspetti etici e legali.<\/p>\n<ul>\n<li>A cosa dovete prestare attenzione?<\/li>\n<li>Quali problemi potrebbero sorgere?<\/li>\n<li>E cosa dovreste chiarire con lo specialista della protezione dei dati?<\/li>\n<\/ul>\n<p>La discussione sulla protezione dei dati \u00e8 importante e dovrebbe essere fatta prima dell'introduzione di un sistema di videosorveglianza.<\/p>\n<p>Il blog post sul sito web di Siaxma vi aiuter\u00e0 in questo senso e vi mostrer\u00e0 quali impostazioni e funzioni del software di videosorveglianza possono essere utilizzate per soddisfare i requisiti di protezione dei dati.<\/p>\n<p><a href=\"https:\/\/www.siaxma.ch\/ueber-uns\/aktuell\/videoueberwachung-und-datenschutz-schweiz-grenzen-und-vorschriften-im-fokus\" target=\"_blank\" rel=\"noopener\">Clicca qui per l'articolo<\/a><\/p>","protected":false},"excerpt":{"rendered":"<p>Video\u00fcberwachungssysteme im \u00f6ffentlichen Raum, auf Firmenarealen, am Arbeitsplatz und im Kundenbereich werfen oft viele Fragen auf und sind heikel. Besonders f\u00fcr Firmen steht die Frage nach der Privatsph\u00e4re der gefilmten Personen und ethisch-rechtlichen Aspekten schnell im Vordergrund. Worauf m\u00fcssen Sie achten? Welche Probleme k\u00f6nnten entstehen? Und was sollten Sie beim Datenschutz-Spezialisten abkl\u00e4ren? Die Diskussion \u00fcber [&hellip;]<\/p>\n","protected":false},"author":31,"featured_media":22695,"comment_status":"closed","ping_status":"closed","sticky":false,"template":"","format":"standard","meta":{"_acf_changed":false,"pgc_sgb_lightbox_settings":"","footnotes":""},"categories":[3313],"tags":[1542,78],"class_list":["post-22693","post","type-post","status-publish","format-standard","has-post-thumbnail","hentry","category-digitalisierung","tag-siaxma","tag-videoueberwachung"],"acf":[],"hkrextid":null,"publication":null,"issue":null,"workflow":null,"startPage":null,"spitzmarke":null,"_posts_by_tag_page_fields":null,"_at_widget":null,"_yoast_wpseo_primary_category":"3313","_yoast_wpseo_focuskw_text_input":null,"_yoast_wpseo_opengraph-image":null,"_yoast_wpseo_opengraph-description":null,"_yoast_wpseo_opengraph-title":null,"enclosure":null,"_yoast_wpseo_twitter-title":null,"_yoast_wpseo_twitter-description":null,"_yoast_wpseo_twitter-image":null,"_wp_old_slug":null,"_yoast_wpseo_title":null,"_yoast_wpseo_canonical":null,"yoast_head":"<!-- This site is optimized with the Yoast SEO plugin v27.5 - https:\/\/yoast.com\/product\/yoast-seo-wordpress\/ -->\n<title>Video\u00fcberwachung &amp; Datenschutz \u2013 keine einfache Sache! - Save<\/title>\n<meta name=\"description\" content=\"Der Datenschutz ist in aller Munde. Gerade im Zusammenhang mit Video\u00fcberwachungssystemen stellen sich f\u00fcr Unternehmen viele Fragen.\" \/>\n<meta name=\"robots\" content=\"index, follow, max-snippet:-1, max-image-preview:large, max-video-preview:-1\" \/>\n<link rel=\"canonical\" href=\"https:\/\/news.save.ch\/it\/videoueberwachung-datenschutz-keine-einfache-sache\/\" \/>\n<meta property=\"og:locale\" content=\"it_IT\" \/>\n<meta property=\"og:type\" content=\"article\" \/>\n<meta property=\"og:title\" content=\"Video\u00fcberwachung &amp; Datenschutz \u2013 keine einfache Sache! - Save\" \/>\n<meta property=\"og:description\" content=\"Der Datenschutz ist in aller Munde. Gerade im Zusammenhang mit Video\u00fcberwachungssystemen stellen sich f\u00fcr Unternehmen viele Fragen.\" \/>\n<meta property=\"og:url\" content=\"https:\/\/news.save.ch\/it\/videoueberwachung-datenschutz-keine-einfache-sache\/\" \/>\n<meta property=\"og:site_name\" content=\"Save\" \/>\n<meta property=\"article:published_time\" content=\"2024-01-25T05:00:45+00:00\" \/>\n<meta property=\"og:image\" content=\"https:\/\/news.save.ch\/wp-content\/uploads\/2024\/01\/2024_01_24_News_Siaxma_DatenschutzVS_1024x576.jpg\" \/>\n\t<meta property=\"og:image:width\" content=\"1024\" \/>\n\t<meta property=\"og:image:height\" content=\"576\" \/>\n\t<meta property=\"og:image:type\" content=\"image\/jpeg\" \/>\n<meta name=\"author\" content=\"stefanie Zeng\" \/>\n<meta name=\"twitter:card\" content=\"summary_large_image\" \/>\n<meta name=\"twitter:label1\" content=\"Scritto da\" \/>\n\t<meta name=\"twitter:data1\" content=\"stefanie Zeng\" \/>\n\t<meta name=\"twitter:label2\" content=\"Tempo di lettura stimato\" \/>\n\t<meta name=\"twitter:data2\" content=\"1 minuto\" \/>\n<script type=\"application\/ld+json\" class=\"yoast-schema-graph\">{\"@context\":\"https:\\\/\\\/schema.org\",\"@graph\":[{\"@type\":\"Article\",\"@id\":\"https:\\\/\\\/news.save.ch\\\/videoueberwachung-datenschutz-keine-einfache-sache\\\/#article\",\"isPartOf\":{\"@id\":\"https:\\\/\\\/news.save.ch\\\/videoueberwachung-datenschutz-keine-einfache-sache\\\/\"},\"author\":{\"name\":\"stefanie Zeng\",\"@id\":\"https:\\\/\\\/news.save.ch\\\/de\\\/#\\\/schema\\\/person\\\/10917387362b3961e882740f6cf6f2a2\"},\"headline\":\"Video\u00fcberwachung &amp; Datenschutz \u2013 keine einfache Sache!\",\"datePublished\":\"2024-01-25T05:00:45+00:00\",\"mainEntityOfPage\":{\"@id\":\"https:\\\/\\\/news.save.ch\\\/videoueberwachung-datenschutz-keine-einfache-sache\\\/\"},\"wordCount\":118,\"publisher\":{\"@id\":\"https:\\\/\\\/news.save.ch\\\/de\\\/#organization\"},\"image\":{\"@id\":\"https:\\\/\\\/news.save.ch\\\/videoueberwachung-datenschutz-keine-einfache-sache\\\/#primaryimage\"},\"thumbnailUrl\":\"https:\\\/\\\/news.save.ch\\\/wp-content\\\/uploads\\\/2024\\\/01\\\/2024_01_24_News_Siaxma_DatenschutzVS_1024x576.jpg\",\"keywords\":[\"Siaxma\",\"Video\u00fcberwachung\"],\"articleSection\":[\"DIGITALISIERUNG\"],\"inLanguage\":\"it-IT\"},{\"@type\":\"WebPage\",\"@id\":\"https:\\\/\\\/news.save.ch\\\/videoueberwachung-datenschutz-keine-einfache-sache\\\/\",\"url\":\"https:\\\/\\\/news.save.ch\\\/videoueberwachung-datenschutz-keine-einfache-sache\\\/\",\"name\":\"Video\u00fcberwachung &amp; Datenschutz \u2013 keine einfache Sache! - Save\",\"isPartOf\":{\"@id\":\"https:\\\/\\\/news.save.ch\\\/de\\\/#website\"},\"primaryImageOfPage\":{\"@id\":\"https:\\\/\\\/news.save.ch\\\/videoueberwachung-datenschutz-keine-einfache-sache\\\/#primaryimage\"},\"image\":{\"@id\":\"https:\\\/\\\/news.save.ch\\\/videoueberwachung-datenschutz-keine-einfache-sache\\\/#primaryimage\"},\"thumbnailUrl\":\"https:\\\/\\\/news.save.ch\\\/wp-content\\\/uploads\\\/2024\\\/01\\\/2024_01_24_News_Siaxma_DatenschutzVS_1024x576.jpg\",\"datePublished\":\"2024-01-25T05:00:45+00:00\",\"description\":\"Der Datenschutz ist in aller Munde. Gerade im Zusammenhang mit Video\u00fcberwachungssystemen stellen sich f\u00fcr Unternehmen viele Fragen.\",\"breadcrumb\":{\"@id\":\"https:\\\/\\\/news.save.ch\\\/videoueberwachung-datenschutz-keine-einfache-sache\\\/#breadcrumb\"},\"inLanguage\":\"it-IT\",\"potentialAction\":[{\"@type\":\"ReadAction\",\"target\":[\"https:\\\/\\\/news.save.ch\\\/videoueberwachung-datenschutz-keine-einfache-sache\\\/\"]}]},{\"@type\":\"ImageObject\",\"inLanguage\":\"it-IT\",\"@id\":\"https:\\\/\\\/news.save.ch\\\/videoueberwachung-datenschutz-keine-einfache-sache\\\/#primaryimage\",\"url\":\"https:\\\/\\\/news.save.ch\\\/wp-content\\\/uploads\\\/2024\\\/01\\\/2024_01_24_News_Siaxma_DatenschutzVS_1024x576.jpg\",\"contentUrl\":\"https:\\\/\\\/news.save.ch\\\/wp-content\\\/uploads\\\/2024\\\/01\\\/2024_01_24_News_Siaxma_DatenschutzVS_1024x576.jpg\",\"width\":1024,\"height\":576},{\"@type\":\"BreadcrumbList\",\"@id\":\"https:\\\/\\\/news.save.ch\\\/videoueberwachung-datenschutz-keine-einfache-sache\\\/#breadcrumb\",\"itemListElement\":[{\"@type\":\"ListItem\",\"position\":1,\"name\":\"Home\",\"item\":\"https:\\\/\\\/news.save.ch\\\/de\\\/\"},{\"@type\":\"ListItem\",\"position\":2,\"name\":\"Video\u00fcberwachung &amp; Datenschutz \u2013 keine einfache Sache!\"}]},{\"@type\":\"WebSite\",\"@id\":\"https:\\\/\\\/news.save.ch\\\/de\\\/#website\",\"url\":\"https:\\\/\\\/news.save.ch\\\/de\\\/\",\"name\":\"Save\",\"description\":\"Schweizer Fachzeitschrift f\u00fcr Sicherheit\",\"publisher\":{\"@id\":\"https:\\\/\\\/news.save.ch\\\/de\\\/#organization\"},\"potentialAction\":[{\"@type\":\"SearchAction\",\"target\":{\"@type\":\"EntryPoint\",\"urlTemplate\":\"https:\\\/\\\/news.save.ch\\\/de\\\/?s={search_term_string}\"},\"query-input\":{\"@type\":\"PropertyValueSpecification\",\"valueRequired\":true,\"valueName\":\"search_term_string\"}}],\"inLanguage\":\"it-IT\"},{\"@type\":\"Organization\",\"@id\":\"https:\\\/\\\/news.save.ch\\\/de\\\/#organization\",\"name\":\"Sicherheitsforum\",\"url\":\"https:\\\/\\\/news.save.ch\\\/de\\\/\",\"logo\":{\"@type\":\"ImageObject\",\"inLanguage\":\"it-IT\",\"@id\":\"https:\\\/\\\/news.save.ch\\\/de\\\/#\\\/schema\\\/logo\\\/image\\\/\",\"url\":\"https:\\\/\\\/news.save.ch\\\/wp-content\\\/uploads\\\/2022\\\/06\\\/Logo_SF_2012.png\",\"contentUrl\":\"https:\\\/\\\/news.save.ch\\\/wp-content\\\/uploads\\\/2022\\\/06\\\/Logo_SF_2012.png\",\"width\":1100,\"height\":91,\"caption\":\"Sicherheitsforum\"},\"image\":{\"@id\":\"https:\\\/\\\/news.save.ch\\\/de\\\/#\\\/schema\\\/logo\\\/image\\\/\"}},{\"@type\":\"Person\",\"@id\":\"https:\\\/\\\/news.save.ch\\\/de\\\/#\\\/schema\\\/person\\\/10917387362b3961e882740f6cf6f2a2\",\"name\":\"stefanie Zeng\",\"image\":{\"@type\":\"ImageObject\",\"inLanguage\":\"it-IT\",\"@id\":\"https:\\\/\\\/secure.gravatar.com\\\/avatar\\\/eac43faa6e40bb2c41068c95c9d78bbd94c476d5efdff7abaab80bb3ea681e06?s=96&d=mm&r=g\",\"url\":\"https:\\\/\\\/secure.gravatar.com\\\/avatar\\\/eac43faa6e40bb2c41068c95c9d78bbd94c476d5efdff7abaab80bb3ea681e06?s=96&d=mm&r=g\",\"contentUrl\":\"https:\\\/\\\/secure.gravatar.com\\\/avatar\\\/eac43faa6e40bb2c41068c95c9d78bbd94c476d5efdff7abaab80bb3ea681e06?s=96&d=mm&r=g\",\"caption\":\"stefanie Zeng\"},\"url\":\"https:\\\/\\\/news.save.ch\\\/it\\\/author\\\/stefanie-zeng\\\/\"}]}<\/script>\n<!-- \/ Yoast SEO plugin. -->","yoast_head_json":{"title":"Videosorveglianza e protezione dei dati: una questione non semplice! - Risparmiare","description":"La protezione dei dati \u00e8 sulla bocca di tutti. Le aziende si pongono molte domande, soprattutto in relazione ai sistemi di videosorveglianza.","robots":{"index":"index","follow":"follow","max-snippet":"max-snippet:-1","max-image-preview":"max-image-preview:large","max-video-preview":"max-video-preview:-1"},"canonical":"https:\/\/news.save.ch\/it\/videoueberwachung-datenschutz-keine-einfache-sache\/","og_locale":"it_IT","og_type":"article","og_title":"Video\u00fcberwachung &amp; Datenschutz \u2013 keine einfache Sache! - Save","og_description":"Der Datenschutz ist in aller Munde. Gerade im Zusammenhang mit Video\u00fcberwachungssystemen stellen sich f\u00fcr Unternehmen viele Fragen.","og_url":"https:\/\/news.save.ch\/it\/videoueberwachung-datenschutz-keine-einfache-sache\/","og_site_name":"Save","article_published_time":"2024-01-25T05:00:45+00:00","og_image":[{"width":1024,"height":576,"url":"https:\/\/news.save.ch\/wp-content\/uploads\/2024\/01\/2024_01_24_News_Siaxma_DatenschutzVS_1024x576.jpg","type":"image\/jpeg"}],"author":"stefanie Zeng","twitter_card":"summary_large_image","twitter_misc":{"Scritto da":"stefanie Zeng","Tempo di lettura stimato":"1 minuto"},"schema":{"@context":"https:\/\/schema.org","@graph":[{"@type":"Article","@id":"https:\/\/news.save.ch\/videoueberwachung-datenschutz-keine-einfache-sache\/#article","isPartOf":{"@id":"https:\/\/news.save.ch\/videoueberwachung-datenschutz-keine-einfache-sache\/"},"author":{"name":"stefanie Zeng","@id":"https:\/\/news.save.ch\/de\/#\/schema\/person\/10917387362b3961e882740f6cf6f2a2"},"headline":"Video\u00fcberwachung &amp; Datenschutz \u2013 keine einfache Sache!","datePublished":"2024-01-25T05:00:45+00:00","mainEntityOfPage":{"@id":"https:\/\/news.save.ch\/videoueberwachung-datenschutz-keine-einfache-sache\/"},"wordCount":118,"publisher":{"@id":"https:\/\/news.save.ch\/de\/#organization"},"image":{"@id":"https:\/\/news.save.ch\/videoueberwachung-datenschutz-keine-einfache-sache\/#primaryimage"},"thumbnailUrl":"https:\/\/news.save.ch\/wp-content\/uploads\/2024\/01\/2024_01_24_News_Siaxma_DatenschutzVS_1024x576.jpg","keywords":["Siaxma","Video\u00fcberwachung"],"articleSection":["DIGITALISIERUNG"],"inLanguage":"it-IT"},{"@type":"WebPage","@id":"https:\/\/news.save.ch\/videoueberwachung-datenschutz-keine-einfache-sache\/","url":"https:\/\/news.save.ch\/videoueberwachung-datenschutz-keine-einfache-sache\/","name":"Videosorveglianza e protezione dei dati: una questione non semplice! - Risparmiare","isPartOf":{"@id":"https:\/\/news.save.ch\/de\/#website"},"primaryImageOfPage":{"@id":"https:\/\/news.save.ch\/videoueberwachung-datenschutz-keine-einfache-sache\/#primaryimage"},"image":{"@id":"https:\/\/news.save.ch\/videoueberwachung-datenschutz-keine-einfache-sache\/#primaryimage"},"thumbnailUrl":"https:\/\/news.save.ch\/wp-content\/uploads\/2024\/01\/2024_01_24_News_Siaxma_DatenschutzVS_1024x576.jpg","datePublished":"2024-01-25T05:00:45+00:00","description":"La protezione dei dati \u00e8 sulla bocca di tutti. Le aziende si pongono molte domande, soprattutto in relazione ai sistemi di videosorveglianza.","breadcrumb":{"@id":"https:\/\/news.save.ch\/videoueberwachung-datenschutz-keine-einfache-sache\/#breadcrumb"},"inLanguage":"it-IT","potentialAction":[{"@type":"ReadAction","target":["https:\/\/news.save.ch\/videoueberwachung-datenschutz-keine-einfache-sache\/"]}]},{"@type":"ImageObject","inLanguage":"it-IT","@id":"https:\/\/news.save.ch\/videoueberwachung-datenschutz-keine-einfache-sache\/#primaryimage","url":"https:\/\/news.save.ch\/wp-content\/uploads\/2024\/01\/2024_01_24_News_Siaxma_DatenschutzVS_1024x576.jpg","contentUrl":"https:\/\/news.save.ch\/wp-content\/uploads\/2024\/01\/2024_01_24_News_Siaxma_DatenschutzVS_1024x576.jpg","width":1024,"height":576},{"@type":"BreadcrumbList","@id":"https:\/\/news.save.ch\/videoueberwachung-datenschutz-keine-einfache-sache\/#breadcrumb","itemListElement":[{"@type":"ListItem","position":1,"name":"Home","item":"https:\/\/news.save.ch\/de\/"},{"@type":"ListItem","position":2,"name":"Video\u00fcberwachung &amp; Datenschutz \u2013 keine einfache Sache!"}]},{"@type":"WebSite","@id":"https:\/\/news.save.ch\/de\/#website","url":"https:\/\/news.save.ch\/de\/","name":"Risparmiare","description":"Rivista svizzera specializzata in sicurezza","publisher":{"@id":"https:\/\/news.save.ch\/de\/#organization"},"potentialAction":[{"@type":"SearchAction","target":{"@type":"EntryPoint","urlTemplate":"https:\/\/news.save.ch\/de\/?s={search_term_string}"},"query-input":{"@type":"PropertyValueSpecification","valueRequired":true,"valueName":"search_term_string"}}],"inLanguage":"it-IT"},{"@type":"Organization","@id":"https:\/\/news.save.ch\/de\/#organization","name":"Forum sulla sicurezza","url":"https:\/\/news.save.ch\/de\/","logo":{"@type":"ImageObject","inLanguage":"it-IT","@id":"https:\/\/news.save.ch\/de\/#\/schema\/logo\/image\/","url":"https:\/\/news.save.ch\/wp-content\/uploads\/2022\/06\/Logo_SF_2012.png","contentUrl":"https:\/\/news.save.ch\/wp-content\/uploads\/2022\/06\/Logo_SF_2012.png","width":1100,"height":91,"caption":"Sicherheitsforum"},"image":{"@id":"https:\/\/news.save.ch\/de\/#\/schema\/logo\/image\/"}},{"@type":"Person","@id":"https:\/\/news.save.ch\/de\/#\/schema\/person\/10917387362b3961e882740f6cf6f2a2","name":"Stefanie Zeng","image":{"@type":"ImageObject","inLanguage":"it-IT","@id":"https:\/\/secure.gravatar.com\/avatar\/eac43faa6e40bb2c41068c95c9d78bbd94c476d5efdff7abaab80bb3ea681e06?s=96&d=mm&r=g","url":"https:\/\/secure.gravatar.com\/avatar\/eac43faa6e40bb2c41068c95c9d78bbd94c476d5efdff7abaab80bb3ea681e06?s=96&d=mm&r=g","contentUrl":"https:\/\/secure.gravatar.com\/avatar\/eac43faa6e40bb2c41068c95c9d78bbd94c476d5efdff7abaab80bb3ea681e06?s=96&d=mm&r=g","caption":"stefanie Zeng"},"url":"https:\/\/news.save.ch\/it\/author\/stefanie-zeng\/"}]}},"_links":{"self":[{"href":"https:\/\/news.save.ch\/it\/wp-json\/wp\/v2\/posts\/22693","targetHints":{"allow":["GET"]}}],"collection":[{"href":"https:\/\/news.save.ch\/it\/wp-json\/wp\/v2\/posts"}],"about":[{"href":"https:\/\/news.save.ch\/it\/wp-json\/wp\/v2\/types\/post"}],"author":[{"embeddable":true,"href":"https:\/\/news.save.ch\/it\/wp-json\/wp\/v2\/users\/31"}],"replies":[{"embeddable":true,"href":"https:\/\/news.save.ch\/it\/wp-json\/wp\/v2\/comments?post=22693"}],"version-history":[{"count":2,"href":"https:\/\/news.save.ch\/it\/wp-json\/wp\/v2\/posts\/22693\/revisions"}],"predecessor-version":[{"id":22696,"href":"https:\/\/news.save.ch\/it\/wp-json\/wp\/v2\/posts\/22693\/revisions\/22696"}],"wp:featuredmedia":[{"embeddable":true,"href":"https:\/\/news.save.ch\/it\/wp-json\/wp\/v2\/media\/22695"}],"wp:attachment":[{"href":"https:\/\/news.save.ch\/it\/wp-json\/wp\/v2\/media?parent=22693"}],"wp:term":[{"taxonomy":"category","embeddable":true,"href":"https:\/\/news.save.ch\/it\/wp-json\/wp\/v2\/categories?post=22693"},{"taxonomy":"post_tag","embeddable":true,"href":"https:\/\/news.save.ch\/it\/wp-json\/wp\/v2\/tags?post=22693"}],"curies":[{"name":"wp","href":"https:\/\/api.w.org\/{rel}","templated":true}]}}