{"id":22712,"date":"2024-01-26T15:36:13","date_gmt":"2024-01-26T14:36:13","guid":{"rendered":"https:\/\/news.save.ch\/?p=22712"},"modified":"2024-01-29T18:05:42","modified_gmt":"2024-01-29T17:05:42","slug":"sich-das-noetige-ruestzeug-geholt","status":null,"type":"post","link":"https:\/\/news.save.ch\/it\/sich-das-noetige-ruestzeug-geholt\/","title":{"rendered":"Manager di progetto pluripremiati per i sistemi di sicurezza"},"content":{"rendered":"<figure id=\"attachment_22717\" aria-describedby=\"caption-attachment-22717\" style=\"width: 680px\" class=\"wp-caption aligncenter\"><img loading=\"lazy\" decoding=\"async\" class=\"size-medium wp-image-22717\" src=\"https:\/\/news.save.ch\/wp-content\/uploads\/2024\/01\/IMG_6056_bearbeitet-1-680x453.jpg\" alt=\"Responsabile di progetto\" width=\"680\" height=\"453\" srcset=\"https:\/\/news.save.ch\/wp-content\/uploads\/2024\/01\/IMG_6056_bearbeitet-1-680x453.jpg 680w, https:\/\/news.save.ch\/wp-content\/uploads\/2024\/01\/IMG_6056_bearbeitet-1-1024x683.jpg 1024w, https:\/\/news.save.ch\/wp-content\/uploads\/2024\/01\/IMG_6056_bearbeitet-1-768x512.jpg 768w, https:\/\/news.save.ch\/wp-content\/uploads\/2024\/01\/IMG_6056_bearbeitet-1-1536x1024.jpg 1536w, https:\/\/news.save.ch\/wp-content\/uploads\/2024\/01\/IMG_6056_bearbeitet-1-2048x1365.jpg 2048w, https:\/\/news.save.ch\/wp-content\/uploads\/2024\/01\/IMG_6056_bearbeitet-1-18x12.jpg 18w, https:\/\/news.save.ch\/wp-content\/uploads\/2024\/01\/IMG_6056_bearbeitet-1-375x250.jpg 375w, https:\/\/news.save.ch\/wp-content\/uploads\/2024\/01\/IMG_6056_bearbeitet-1-525x350.jpg 525w, https:\/\/news.save.ch\/wp-content\/uploads\/2024\/01\/IMG_6056_bearbeitet-1-1000x667.jpg 1000w, https:\/\/news.save.ch\/wp-content\/uploads\/2024\/01\/IMG_6056_bearbeitet-1-scaled.jpg 1200w\" sizes=\"auto, (max-width: 680px) 100vw, 680px\" \/><figcaption id=\"caption-attachment-22717\" class=\"wp-caption-text\">Questi giovani dipendenti hanno completato con successo il programma di formazione \"Project Manager Security\". In alto a sinistra: il direttore della STFW Olaf Pfeifer. All'estrema destra: il presidente della SES Martin Altorfer. Foto: R. Str\u00e4ssle<\/figcaption><\/figure>\n<p>Jan Zurlinden (33), padre di due bambini piccoli, ha frequentato il corso per project manager per fare carriera. Dopo aver completato con successo il corso con un diploma riconosciuto a livello federale, \u00e8 orgoglioso di aver riempito il suo zaino con una solida esperienza. Inoltre, non solo ha il certificato in tasca, ma ha anche ottenuto il massimo dei voti nel corso di sicurezza. Chapeau!<\/p>\n<p>\"Oltre al mio lavoro a tempo pieno in un'azienda di tecnologie di sicurezza, il programma di formazione, durato diversi mesi, ha rappresentato una sfida importante. C'era poco spazio per il tempo libero. Ma ne \u00e8 valsa la pena e sono contento di aver acquisito le competenze necessarie per il futuro\". L'elettricista ha svolto la sua professione per alcuni anni prima di passare al settore della sicurezza sei anni fa.<\/p>\n<h3>L'esperienza acquisita d\u00e0 fiducia<\/h3>\n<p>Zurlinden considera un vantaggio il fatto di aver potuto fare esperienza presso il suo datore di lavoro in vari settori della sicurezza, come la tecnologia antieffrazione, la videosorveglianza e il controllo degli accessi. Ha approfondito le sue conoscenze precedenti presso l'Istituto tecnico superiore di Winterthur (STFW), poich\u00e9 il corso SES si tiene presso l'istituto. Il laureato descrive il corso come \"un po' teorico\" e afferma che tutti devono metterlo in pratica nel tempo libero o sul lavoro. Il 33enne sottolinea che le competenze acquisite gli danno la sicurezza necessaria per attuare correttamente un progetto di sicurezza nella pratica e soddisfare i requisiti e gli standard legali. Grazie alla documentazione ben fondata di questo programma di formazione professionale superiore, ora sa dove guardare per ottenere le informazioni necessarie.<\/p>\n<p>Inoltre, ha tratto particolare beneficio dalle materie generali come il diritto, l'economia aziendale e la gestione, che vengono insegnate grazie al programma di formazione per project manager. \"Oggi so come affrontare un determinato progetto per realizzarlo con successo\", afferma il \"campione d'esame\".<\/p>\n<figure id=\"attachment_22714\" aria-describedby=\"caption-attachment-22714\" style=\"width: 438px\" class=\"wp-caption alignnone\"><img loading=\"lazy\" decoding=\"async\" class=\"wp-image-22714\" src=\"https:\/\/news.save.ch\/wp-content\/uploads\/2024\/01\/Bild-2-IMG_6053-680x453.jpg\" alt=\"\" width=\"438\" height=\"292\" srcset=\"https:\/\/news.save.ch\/wp-content\/uploads\/2024\/01\/Bild-2-IMG_6053-680x453.jpg 680w, https:\/\/news.save.ch\/wp-content\/uploads\/2024\/01\/Bild-2-IMG_6053-1024x683.jpg 1024w, https:\/\/news.save.ch\/wp-content\/uploads\/2024\/01\/Bild-2-IMG_6053-768x512.jpg 768w, https:\/\/news.save.ch\/wp-content\/uploads\/2024\/01\/Bild-2-IMG_6053-1536x1024.jpg 1536w, https:\/\/news.save.ch\/wp-content\/uploads\/2024\/01\/Bild-2-IMG_6053-2048x1365.jpg 2048w, https:\/\/news.save.ch\/wp-content\/uploads\/2024\/01\/Bild-2-IMG_6053-18x12.jpg 18w, https:\/\/news.save.ch\/wp-content\/uploads\/2024\/01\/Bild-2-IMG_6053-375x250.jpg 375w, https:\/\/news.save.ch\/wp-content\/uploads\/2024\/01\/Bild-2-IMG_6053-525x350.jpg 525w, https:\/\/news.save.ch\/wp-content\/uploads\/2024\/01\/Bild-2-IMG_6053-1000x667.jpg 1000w, https:\/\/news.save.ch\/wp-content\/uploads\/2024\/01\/Bild-2-IMG_6053-scaled.jpg 1200w\" sizes=\"auto, (max-width: 438px) 100vw, 438px\" \/><figcaption id=\"caption-attachment-22714\" class=\"wp-caption-text\">Da sinistra a destra: Stephan Walti della Commissione Formazione del SES, Jan Zurlinden, che ha ottenuto il massimo punteggio nel corso di Sicurezza, e il Presidente del SES Martin Altorfer.<\/figcaption><\/figure>\n<h3>Importante contributo al settore<\/h3>\n<p>Jan Zurlinden cita anche il positivo scambio professionale con i colleghi di Winterthur. Infatti, come lui, diversi altri professionisti hanno frequentato il STFW: 18 giovani hanno completato con successo una delle due specializzazioni in sicurezza o antincendio del corso per project manager GSES22 - una persona non ha sostenuto l'esame e un partecipante deve ripeterlo.<\/p>\n<p>Martin Altorfer, Presidente di SES e CEO di Securiton AG, si \u00e8 congratulato con i diplomati con un \"Bravo!\" alla fine di gennaio. Ha detto di sapere per esperienza personale cosa significhi continuare la propria formazione mentre si lavora e sacrificare molto nella vita privata durante questo periodo. Con l'attestato federale in tasca, ora fanno parte di un gruppo professionale in costante crescita di specialisti comprovati nella tecnologia della sicurezza.<\/p>\n<p>L'Associazione SES offre questo programma di formazione professionale superiore in collaborazione con la STFW dal 2009. Secondo i dati, circa 250 rappresentanti dell'industria della sicurezza hanno gi\u00e0 completato il corso. \"Con questo e altri corsi di formazione, la SES intende dare un contributo importante allo sviluppo sostenibile dell'industria svizzera della sicurezza e creare vantaggi a lungo termine per i suoi membri, clienti e partner\", ha sottolineato il Presidente durante la cerimonia di consegna dei diplomi in un prestigioso ristorante della citt\u00e0 di Zurigo.<\/p>\n<h3>Buone prospettive nel mercato da 800 milioni di euro<\/h3>\n<p>Nel suo discorso, Altorfer ha anche sottolineato che il mercato svizzero delle tecnologie di sicurezza genera attualmente oltre 800 milioni di franchi svizzeri ed \u00e8 in continua crescita. La tecnologia della sicurezza non \u00e8 semplicemente una parte subordinata della tecnologia edilizia, ma una disciplina indipendente e importante nella progettazione, costruzione e gestione di edifici e infrastrutture. Questo aumenta anche la necessit\u00e0 di specialisti ben formati. \"Avete quindi preso una decisione saggia con questa formazione continua, che nei prossimi anni vi ripagher\u00e0 anche dal punto di vista economico\", ha detto il Presidente della SES ai giovani specialisti.<\/p>\n<blockquote>\n<h3>Chi \u00e8 passato?<\/h3>\n<p>Coloro che perseverano fino alla fine possono sperare di ottenere un certificato federale dopo aver superato l'esame. Le seguenti persone hanno completato con successo il corso per project manager GSES22 (in ordine alfabetico): Cornel Achermann (Frey+Cie Sicherheitstechnik AG), Kevin Battaglia (ES Sicherheit AG), Remo Camasso (Gesitrel AG), Rojan Demirtas (Elektro Joos AG), Marc Freiburghaus (AAS Security GmbH), Simon Fritsche (Koch Group AG), Jimmy Gabriel (Bouygues E&amp;S Schweiz AG), Yannic Gut (HHM Zug AG), Andreas Hofer (Ren\u00e9 Koch AG), Roger Lehmann (Siemens Schweiz AG), Timon M\u00fcller (Nutz AG), Markus Schweizer (Imhotec Engineering AG), Ren\u00e9 Steinmann (Frey+Cie Sicherheitstechnik AG), Jannick Wanner (Siemens Schweiz AG), Dominic Weber (Securiton AG), Michael Wettstein (Kulltec AG), Nick W\u00fcsten (BTS Sicherheit AG), Jan Zurlinden (Frey+Cie Sicherheitstechnik AG).<\/p>\n<p><em>Per maggiori informazioni sul corso \"Security Systems Project Manager with Federal Certificate\": <a href=\"http:\/\/www.sicher-ses.ch\/ausbildung\" target=\"_blank\" rel=\"noopener\">www.sicher-ses.ch\/ausbildung<\/a><\/em><\/p><\/blockquote>\n<p>&nbsp;<\/p>\n<p>&nbsp;<\/p>","protected":false},"excerpt":{"rendered":"<p>Jan Zurlinden (33), Vater von zwei kleinen Kindern, hat den Projektleiterlehrgang in Angriff genommen, um auf dem Karriereleiterchen weiterzukommen. Nach erfolgreichem Abschluss mit eidgen\u00f6ssisch anerkanntem Diplom ist er stolz, seinen Rucksack mit fundiertem Know-how gef\u00fcllt zu haben. Mehr noch: Er hat nicht nur den Fachausweis in der Tasche, sondern im Lehrgangsbereich Security auch Bestnote erreicht. [&hellip;]<\/p>\n","protected":false},"author":8,"featured_media":22717,"comment_status":"closed","ping_status":"closed","sticky":false,"template":"","format":"standard","meta":{"_acf_changed":false,"pgc_sgb_lightbox_settings":"","footnotes":""},"categories":[3312],"tags":[109],"class_list":["post-22712","post","type-post","status-publish","format-standard","has-post-thumbnail","hentry","category-sicherheit","tag-aus-und-weiterbildung"],"acf":[],"hkrextid":null,"publication":null,"issue":null,"workflow":null,"startPage":null,"spitzmarke":null,"_posts_by_tag_page_fields":null,"_at_widget":null,"_yoast_wpseo_primary_category":"3312","_yoast_wpseo_focuskw_text_input":null,"_yoast_wpseo_opengraph-image":null,"_yoast_wpseo_opengraph-description":null,"_yoast_wpseo_opengraph-title":null,"enclosure":null,"_yoast_wpseo_twitter-title":null,"_yoast_wpseo_twitter-description":null,"_yoast_wpseo_twitter-image":null,"_wp_old_slug":null,"_yoast_wpseo_title":null,"_yoast_wpseo_canonical":null,"yoast_head":"<!-- This site is optimized with the Yoast SEO plugin v27.4 - https:\/\/yoast.com\/product\/yoast-seo-wordpress\/ -->\n<title>Ausgezeichnete Projektleiter Sicherheitssysteme - Save<\/title>\n<meta name=\"description\" content=\"18 junge Berufsleute der Sicherheitsbranche haben den anerkannten Lehrgang \u00abProjektleiter\/in Sicherheitssysteme\u00bb erfolgreich absolviert.\" \/>\n<meta name=\"robots\" content=\"index, follow, max-snippet:-1, max-image-preview:large, max-video-preview:-1\" \/>\n<link rel=\"canonical\" href=\"https:\/\/news.save.ch\/it\/sich-das-noetige-ruestzeug-geholt\/\" \/>\n<meta property=\"og:locale\" content=\"it_IT\" \/>\n<meta property=\"og:type\" content=\"article\" \/>\n<meta property=\"og:title\" content=\"Ausgezeichnete Projektleiter Sicherheitssysteme - Save\" \/>\n<meta property=\"og:description\" content=\"18 junge Berufsleute der Sicherheitsbranche haben den anerkannten Lehrgang \u00abProjektleiter\/in Sicherheitssysteme\u00bb erfolgreich absolviert.\" \/>\n<meta property=\"og:url\" content=\"https:\/\/news.save.ch\/it\/sich-das-noetige-ruestzeug-geholt\/\" \/>\n<meta property=\"og:site_name\" content=\"Save\" \/>\n<meta property=\"article:published_time\" content=\"2024-01-26T14:36:13+00:00\" \/>\n<meta property=\"article:modified_time\" content=\"2024-01-29T17:05:42+00:00\" \/>\n<meta property=\"og:image\" content=\"https:\/\/news.save.ch\/wp-content\/uploads\/2024\/01\/IMG_6056_bearbeitet-1-scaled.jpg\" \/>\n\t<meta property=\"og:image:width\" content=\"1200\" \/>\n\t<meta property=\"og:image:height\" content=\"800\" \/>\n\t<meta property=\"og:image:type\" content=\"image\/jpeg\" \/>\n<meta name=\"author\" content=\"Roger Str\u00e4ssle\" \/>\n<meta name=\"twitter:card\" content=\"summary_large_image\" \/>\n<meta name=\"twitter:label1\" content=\"Scritto da\" \/>\n\t<meta name=\"twitter:data1\" content=\"Roger Str\u00e4ssle\" \/>\n\t<meta name=\"twitter:label2\" content=\"Tempo di lettura stimato\" \/>\n\t<meta name=\"twitter:data2\" content=\"4 minuti\" \/>\n<script type=\"application\/ld+json\" class=\"yoast-schema-graph\">{\"@context\":\"https:\\\/\\\/schema.org\",\"@graph\":[{\"@type\":\"Article\",\"@id\":\"https:\\\/\\\/news.save.ch\\\/sich-das-noetige-ruestzeug-geholt\\\/#article\",\"isPartOf\":{\"@id\":\"https:\\\/\\\/news.save.ch\\\/sich-das-noetige-ruestzeug-geholt\\\/\"},\"author\":{\"name\":\"Roger Str\u00e4ssle\",\"@id\":\"https:\\\/\\\/news.save.ch\\\/de\\\/#\\\/schema\\\/person\\\/d5022db048e0e2b9785c50e5b24da5aa\"},\"headline\":\"Ausgezeichnete Projektleiter Sicherheitssysteme\",\"datePublished\":\"2024-01-26T14:36:13+00:00\",\"dateModified\":\"2024-01-29T17:05:42+00:00\",\"mainEntityOfPage\":{\"@id\":\"https:\\\/\\\/news.save.ch\\\/sich-das-noetige-ruestzeug-geholt\\\/\"},\"wordCount\":792,\"publisher\":{\"@id\":\"https:\\\/\\\/news.save.ch\\\/de\\\/#organization\"},\"image\":{\"@id\":\"https:\\\/\\\/news.save.ch\\\/sich-das-noetige-ruestzeug-geholt\\\/#primaryimage\"},\"thumbnailUrl\":\"https:\\\/\\\/news.save.ch\\\/wp-content\\\/uploads\\\/2024\\\/01\\\/IMG_6056_bearbeitet-1-scaled.jpg\",\"keywords\":[\"Aus- und Weiterbildung\"],\"articleSection\":[\"SICHERHEIT\"],\"inLanguage\":\"it-IT\"},{\"@type\":\"WebPage\",\"@id\":\"https:\\\/\\\/news.save.ch\\\/sich-das-noetige-ruestzeug-geholt\\\/\",\"url\":\"https:\\\/\\\/news.save.ch\\\/sich-das-noetige-ruestzeug-geholt\\\/\",\"name\":\"Ausgezeichnete Projektleiter Sicherheitssysteme - Save\",\"isPartOf\":{\"@id\":\"https:\\\/\\\/news.save.ch\\\/de\\\/#website\"},\"primaryImageOfPage\":{\"@id\":\"https:\\\/\\\/news.save.ch\\\/sich-das-noetige-ruestzeug-geholt\\\/#primaryimage\"},\"image\":{\"@id\":\"https:\\\/\\\/news.save.ch\\\/sich-das-noetige-ruestzeug-geholt\\\/#primaryimage\"},\"thumbnailUrl\":\"https:\\\/\\\/news.save.ch\\\/wp-content\\\/uploads\\\/2024\\\/01\\\/IMG_6056_bearbeitet-1-scaled.jpg\",\"datePublished\":\"2024-01-26T14:36:13+00:00\",\"dateModified\":\"2024-01-29T17:05:42+00:00\",\"description\":\"18 junge Berufsleute der Sicherheitsbranche haben den anerkannten Lehrgang \u00abProjektleiter\\\/in Sicherheitssysteme\u00bb erfolgreich absolviert.\",\"breadcrumb\":{\"@id\":\"https:\\\/\\\/news.save.ch\\\/sich-das-noetige-ruestzeug-geholt\\\/#breadcrumb\"},\"inLanguage\":\"it-IT\",\"potentialAction\":[{\"@type\":\"ReadAction\",\"target\":[\"https:\\\/\\\/news.save.ch\\\/sich-das-noetige-ruestzeug-geholt\\\/\"]}]},{\"@type\":\"ImageObject\",\"inLanguage\":\"it-IT\",\"@id\":\"https:\\\/\\\/news.save.ch\\\/sich-das-noetige-ruestzeug-geholt\\\/#primaryimage\",\"url\":\"https:\\\/\\\/news.save.ch\\\/wp-content\\\/uploads\\\/2024\\\/01\\\/IMG_6056_bearbeitet-1-scaled.jpg\",\"contentUrl\":\"https:\\\/\\\/news.save.ch\\\/wp-content\\\/uploads\\\/2024\\\/01\\\/IMG_6056_bearbeitet-1-scaled.jpg\",\"width\":1200,\"height\":800,\"caption\":\"Diese Nachwuchskr\u00e4fte haben die Weiterbildung \u00abProjektleiter Sicherheit\u00bb erfolgreich absolviert. Links oben mit Brille: SFTW-Direktor Olaf Pfeifer, ganz rechts SES-Pr\u00e4sident Martin Altorfer. Bild: R. Str\u00e4ssle\"},{\"@type\":\"BreadcrumbList\",\"@id\":\"https:\\\/\\\/news.save.ch\\\/sich-das-noetige-ruestzeug-geholt\\\/#breadcrumb\",\"itemListElement\":[{\"@type\":\"ListItem\",\"position\":1,\"name\":\"Home\",\"item\":\"https:\\\/\\\/news.save.ch\\\/de\\\/\"},{\"@type\":\"ListItem\",\"position\":2,\"name\":\"Ausgezeichnete Projektleiter Sicherheitssysteme\"}]},{\"@type\":\"WebSite\",\"@id\":\"https:\\\/\\\/news.save.ch\\\/de\\\/#website\",\"url\":\"https:\\\/\\\/news.save.ch\\\/de\\\/\",\"name\":\"Save\",\"description\":\"Schweizer Fachzeitschrift f\u00fcr Sicherheit\",\"publisher\":{\"@id\":\"https:\\\/\\\/news.save.ch\\\/de\\\/#organization\"},\"potentialAction\":[{\"@type\":\"SearchAction\",\"target\":{\"@type\":\"EntryPoint\",\"urlTemplate\":\"https:\\\/\\\/news.save.ch\\\/de\\\/?s={search_term_string}\"},\"query-input\":{\"@type\":\"PropertyValueSpecification\",\"valueRequired\":true,\"valueName\":\"search_term_string\"}}],\"inLanguage\":\"it-IT\"},{\"@type\":\"Organization\",\"@id\":\"https:\\\/\\\/news.save.ch\\\/de\\\/#organization\",\"name\":\"Sicherheitsforum\",\"url\":\"https:\\\/\\\/news.save.ch\\\/de\\\/\",\"logo\":{\"@type\":\"ImageObject\",\"inLanguage\":\"it-IT\",\"@id\":\"https:\\\/\\\/news.save.ch\\\/de\\\/#\\\/schema\\\/logo\\\/image\\\/\",\"url\":\"https:\\\/\\\/news.save.ch\\\/wp-content\\\/uploads\\\/2022\\\/06\\\/Logo_SF_2012.png\",\"contentUrl\":\"https:\\\/\\\/news.save.ch\\\/wp-content\\\/uploads\\\/2022\\\/06\\\/Logo_SF_2012.png\",\"width\":1100,\"height\":91,\"caption\":\"Sicherheitsforum\"},\"image\":{\"@id\":\"https:\\\/\\\/news.save.ch\\\/de\\\/#\\\/schema\\\/logo\\\/image\\\/\"}},{\"@type\":\"Person\",\"@id\":\"https:\\\/\\\/news.save.ch\\\/de\\\/#\\\/schema\\\/person\\\/d5022db048e0e2b9785c50e5b24da5aa\",\"name\":\"Roger Str\u00e4ssle\",\"image\":{\"@type\":\"ImageObject\",\"inLanguage\":\"it-IT\",\"@id\":\"https:\\\/\\\/secure.gravatar.com\\\/avatar\\\/862a5569d087de48e5856e32f45d719a03804c891d6deb8d4f71a660e79e4a47?s=96&d=mm&r=g\",\"url\":\"https:\\\/\\\/secure.gravatar.com\\\/avatar\\\/862a5569d087de48e5856e32f45d719a03804c891d6deb8d4f71a660e79e4a47?s=96&d=mm&r=g\",\"contentUrl\":\"https:\\\/\\\/secure.gravatar.com\\\/avatar\\\/862a5569d087de48e5856e32f45d719a03804c891d6deb8d4f71a660e79e4a47?s=96&d=mm&r=g\",\"caption\":\"Roger Str\u00e4ssle\"},\"url\":\"https:\\\/\\\/news.save.ch\\\/it\\\/author\\\/roger-straessle\\\/\"}]}<\/script>\n<!-- \/ Yoast SEO plugin. -->","yoast_head_json":{"title":"Eccellente project manager per i sistemi di sicurezza - Save","description":"18 giovani professionisti del settore della sicurezza hanno completato con successo il corso riconosciuto di \"Security Systems Project Manager\".","robots":{"index":"index","follow":"follow","max-snippet":"max-snippet:-1","max-image-preview":"max-image-preview:large","max-video-preview":"max-video-preview:-1"},"canonical":"https:\/\/news.save.ch\/it\/sich-das-noetige-ruestzeug-geholt\/","og_locale":"it_IT","og_type":"article","og_title":"Ausgezeichnete Projektleiter Sicherheitssysteme - Save","og_description":"18 junge Berufsleute der Sicherheitsbranche haben den anerkannten Lehrgang \u00abProjektleiter\/in Sicherheitssysteme\u00bb erfolgreich absolviert.","og_url":"https:\/\/news.save.ch\/it\/sich-das-noetige-ruestzeug-geholt\/","og_site_name":"Save","article_published_time":"2024-01-26T14:36:13+00:00","article_modified_time":"2024-01-29T17:05:42+00:00","og_image":[{"width":1200,"height":800,"url":"https:\/\/news.save.ch\/wp-content\/uploads\/2024\/01\/IMG_6056_bearbeitet-1-scaled.jpg","type":"image\/jpeg"}],"author":"Roger Str\u00e4ssle","twitter_card":"summary_large_image","twitter_misc":{"Scritto da":"Roger Str\u00e4ssle","Tempo di lettura stimato":"4 minuti"},"schema":{"@context":"https:\/\/schema.org","@graph":[{"@type":"Article","@id":"https:\/\/news.save.ch\/sich-das-noetige-ruestzeug-geholt\/#article","isPartOf":{"@id":"https:\/\/news.save.ch\/sich-das-noetige-ruestzeug-geholt\/"},"author":{"name":"Roger Str\u00e4ssle","@id":"https:\/\/news.save.ch\/de\/#\/schema\/person\/d5022db048e0e2b9785c50e5b24da5aa"},"headline":"Ausgezeichnete Projektleiter Sicherheitssysteme","datePublished":"2024-01-26T14:36:13+00:00","dateModified":"2024-01-29T17:05:42+00:00","mainEntityOfPage":{"@id":"https:\/\/news.save.ch\/sich-das-noetige-ruestzeug-geholt\/"},"wordCount":792,"publisher":{"@id":"https:\/\/news.save.ch\/de\/#organization"},"image":{"@id":"https:\/\/news.save.ch\/sich-das-noetige-ruestzeug-geholt\/#primaryimage"},"thumbnailUrl":"https:\/\/news.save.ch\/wp-content\/uploads\/2024\/01\/IMG_6056_bearbeitet-1-scaled.jpg","keywords":["Aus- und Weiterbildung"],"articleSection":["SICHERHEIT"],"inLanguage":"it-IT"},{"@type":"WebPage","@id":"https:\/\/news.save.ch\/sich-das-noetige-ruestzeug-geholt\/","url":"https:\/\/news.save.ch\/sich-das-noetige-ruestzeug-geholt\/","name":"Eccellente project manager per i sistemi di sicurezza - Save","isPartOf":{"@id":"https:\/\/news.save.ch\/de\/#website"},"primaryImageOfPage":{"@id":"https:\/\/news.save.ch\/sich-das-noetige-ruestzeug-geholt\/#primaryimage"},"image":{"@id":"https:\/\/news.save.ch\/sich-das-noetige-ruestzeug-geholt\/#primaryimage"},"thumbnailUrl":"https:\/\/news.save.ch\/wp-content\/uploads\/2024\/01\/IMG_6056_bearbeitet-1-scaled.jpg","datePublished":"2024-01-26T14:36:13+00:00","dateModified":"2024-01-29T17:05:42+00:00","description":"18 giovani professionisti del settore della sicurezza hanno completato con successo il corso riconosciuto di \"Security Systems Project Manager\".","breadcrumb":{"@id":"https:\/\/news.save.ch\/sich-das-noetige-ruestzeug-geholt\/#breadcrumb"},"inLanguage":"it-IT","potentialAction":[{"@type":"ReadAction","target":["https:\/\/news.save.ch\/sich-das-noetige-ruestzeug-geholt\/"]}]},{"@type":"ImageObject","inLanguage":"it-IT","@id":"https:\/\/news.save.ch\/sich-das-noetige-ruestzeug-geholt\/#primaryimage","url":"https:\/\/news.save.ch\/wp-content\/uploads\/2024\/01\/IMG_6056_bearbeitet-1-scaled.jpg","contentUrl":"https:\/\/news.save.ch\/wp-content\/uploads\/2024\/01\/IMG_6056_bearbeitet-1-scaled.jpg","width":1200,"height":800,"caption":"Diese Nachwuchskr\u00e4fte haben die Weiterbildung \u00abProjektleiter Sicherheit\u00bb erfolgreich absolviert. Links oben mit Brille: SFTW-Direktor Olaf Pfeifer, ganz rechts SES-Pr\u00e4sident Martin Altorfer. Bild: R. Str\u00e4ssle"},{"@type":"BreadcrumbList","@id":"https:\/\/news.save.ch\/sich-das-noetige-ruestzeug-geholt\/#breadcrumb","itemListElement":[{"@type":"ListItem","position":1,"name":"Home","item":"https:\/\/news.save.ch\/de\/"},{"@type":"ListItem","position":2,"name":"Ausgezeichnete Projektleiter Sicherheitssysteme"}]},{"@type":"WebSite","@id":"https:\/\/news.save.ch\/de\/#website","url":"https:\/\/news.save.ch\/de\/","name":"Risparmiare","description":"Rivista svizzera specializzata in sicurezza","publisher":{"@id":"https:\/\/news.save.ch\/de\/#organization"},"potentialAction":[{"@type":"SearchAction","target":{"@type":"EntryPoint","urlTemplate":"https:\/\/news.save.ch\/de\/?s={search_term_string}"},"query-input":{"@type":"PropertyValueSpecification","valueRequired":true,"valueName":"search_term_string"}}],"inLanguage":"it-IT"},{"@type":"Organization","@id":"https:\/\/news.save.ch\/de\/#organization","name":"Forum sulla sicurezza","url":"https:\/\/news.save.ch\/de\/","logo":{"@type":"ImageObject","inLanguage":"it-IT","@id":"https:\/\/news.save.ch\/de\/#\/schema\/logo\/image\/","url":"https:\/\/news.save.ch\/wp-content\/uploads\/2022\/06\/Logo_SF_2012.png","contentUrl":"https:\/\/news.save.ch\/wp-content\/uploads\/2022\/06\/Logo_SF_2012.png","width":1100,"height":91,"caption":"Sicherheitsforum"},"image":{"@id":"https:\/\/news.save.ch\/de\/#\/schema\/logo\/image\/"}},{"@type":"Person","@id":"https:\/\/news.save.ch\/de\/#\/schema\/person\/d5022db048e0e2b9785c50e5b24da5aa","name":"Roger Str\u00e4ssle","image":{"@type":"ImageObject","inLanguage":"it-IT","@id":"https:\/\/secure.gravatar.com\/avatar\/862a5569d087de48e5856e32f45d719a03804c891d6deb8d4f71a660e79e4a47?s=96&d=mm&r=g","url":"https:\/\/secure.gravatar.com\/avatar\/862a5569d087de48e5856e32f45d719a03804c891d6deb8d4f71a660e79e4a47?s=96&d=mm&r=g","contentUrl":"https:\/\/secure.gravatar.com\/avatar\/862a5569d087de48e5856e32f45d719a03804c891d6deb8d4f71a660e79e4a47?s=96&d=mm&r=g","caption":"Roger Str\u00e4ssle"},"url":"https:\/\/news.save.ch\/it\/author\/roger-straessle\/"}]}},"_links":{"self":[{"href":"https:\/\/news.save.ch\/it\/wp-json\/wp\/v2\/posts\/22712","targetHints":{"allow":["GET"]}}],"collection":[{"href":"https:\/\/news.save.ch\/it\/wp-json\/wp\/v2\/posts"}],"about":[{"href":"https:\/\/news.save.ch\/it\/wp-json\/wp\/v2\/types\/post"}],"author":[{"embeddable":true,"href":"https:\/\/news.save.ch\/it\/wp-json\/wp\/v2\/users\/8"}],"replies":[{"embeddable":true,"href":"https:\/\/news.save.ch\/it\/wp-json\/wp\/v2\/comments?post=22712"}],"version-history":[{"count":9,"href":"https:\/\/news.save.ch\/it\/wp-json\/wp\/v2\/posts\/22712\/revisions"}],"predecessor-version":[{"id":22748,"href":"https:\/\/news.save.ch\/it\/wp-json\/wp\/v2\/posts\/22712\/revisions\/22748"}],"wp:featuredmedia":[{"embeddable":true,"href":"https:\/\/news.save.ch\/it\/wp-json\/wp\/v2\/media\/22717"}],"wp:attachment":[{"href":"https:\/\/news.save.ch\/it\/wp-json\/wp\/v2\/media?parent=22712"}],"wp:term":[{"taxonomy":"category","embeddable":true,"href":"https:\/\/news.save.ch\/it\/wp-json\/wp\/v2\/categories?post=22712"},{"taxonomy":"post_tag","embeddable":true,"href":"https:\/\/news.save.ch\/it\/wp-json\/wp\/v2\/tags?post=22712"}],"curies":[{"name":"wp","href":"https:\/\/api.w.org\/{rel}","templated":true}]}}