{"id":22953,"date":"2024-03-27T20:07:01","date_gmt":"2024-03-27T19:07:01","guid":{"rendered":"https:\/\/news.save.ch\/?p=22953"},"modified":"2024-03-27T20:07:01","modified_gmt":"2024-03-27T19:07:01","slug":"sandra-bittel-uebernimmt-leitung-von-bgm-bei-aeh","status":null,"type":"post","link":"https:\/\/news.save.ch\/it\/sandra-bittel-uebernimmt-leitung-von-bgm-bei-aeh\/","title":{"rendered":"Sandra Bittel assume la direzione dell'BGM presso l'AEH"},"content":{"rendered":"<p><img loading=\"lazy\" decoding=\"async\" class=\"alignnone size-full wp-image-22954\" src=\"https:\/\/news.save.ch\/wp-content\/uploads\/2024\/03\/sandra-bittel-scaled.jpg\" alt=\"\" width=\"1400\" height=\"1077\" srcset=\"https:\/\/news.save.ch\/wp-content\/uploads\/2024\/03\/sandra-bittel-scaled.jpg 1200w, https:\/\/news.save.ch\/wp-content\/uploads\/2024\/03\/sandra-bittel-680x523.jpg 680w, https:\/\/news.save.ch\/wp-content\/uploads\/2024\/03\/sandra-bittel-1024x788.jpg 1024w, https:\/\/news.save.ch\/wp-content\/uploads\/2024\/03\/sandra-bittel-768x591.jpg 768w, https:\/\/news.save.ch\/wp-content\/uploads\/2024\/03\/sandra-bittel-1536x1181.jpg 1536w, https:\/\/news.save.ch\/wp-content\/uploads\/2024\/03\/sandra-bittel-2048x1575.jpg 2048w, https:\/\/news.save.ch\/wp-content\/uploads\/2024\/03\/sandra-bittel-16x12.jpg 16w, https:\/\/news.save.ch\/wp-content\/uploads\/2024\/03\/sandra-bittel-375x288.jpg 375w, https:\/\/news.save.ch\/wp-content\/uploads\/2024\/03\/sandra-bittel-455x350.jpg 455w, https:\/\/news.save.ch\/wp-content\/uploads\/2024\/03\/sandra-bittel-1000x769.jpg 1000w\" sizes=\"auto, (max-width: 1400px) 100vw, 1400px\" \/><\/p>\n<p><span style=\"font-size: 12pt; font-family: georgia, palatino, serif;\">Sandra Bittel assume la carica di responsabile del Corporate Health Management (CHM) ed \u00e8 membro del Comitato esecutivo. La Bittel vanta un'esperienza pluriennale nel campo della salute sul posto di lavoro e si impegna con grande competenza ed entusiasmo per aziende sane e dipendenti di alto livello.\u00a0<\/span><\/p>\n<p>Dopo una formazione iniziale come insegnante di scuola elementare, ha conseguito un diploma in educazione degli adulti. Ha maturato un'ampia esperienza professionale nel campo dell'educazione degli adulti come insegnante di lingue per aziende internazionali, come team leader presso Svizzera Turismo a New York e come responsabile dell'educazione presso la Croce Rossa del Vallese.<\/p>\n<p>Nel 2012, Sandra Bittel ha scoperto il suo entusiasmo per il tema della \"salute sul posto di lavoro\". Ha conseguito un CAS in gestione della salute sul lavoro e ha iniziato a lavorare come specialista in gestione della salute sul lavoro presso una grande assicurazione sanitaria svizzera. Nel 2016 ha assunto la direzione della gestione della salute sul lavoro nella divisione clienti aziendali e ha continuato a sviluppare l'offerta.<\/p>\n<p>Sandra Bittel ha conseguito un EMBA con specializzazione in leadership, \u00e8 consulente accreditata presso Promozione Salute Svizzera e valutatrice del marchio Friendly Workspace.<\/p>\n<p><em>Fonte: AEH<\/em><\/p>","protected":false},"excerpt":{"rendered":"<p>Sandra Bittel \u00fcbernimmt die Leitung des Bereichs Betriebliches Gesundheitsmanagement (BGM) und ist Mitglied der Gesch\u00e4ftsleitung. Bittel verf\u00fcgt \u00fcber langj\u00e4hrige Erfahrung im Thema Gesundheit am Arbeitsplatz und engagiert sich mit viel Fachkenntnis und Begeisterung f\u00fcr gesunde Unternehmen und leistungsf\u00e4hige Mitarbeitende.\u00a0 Nach der Erstausbildung als Primarlehrerin absolvierte sie eine Diplomausbildung in Erwachsenenbildung. Ihre breite berufliche Erfahrung im [&hellip;]<\/p>\n","protected":false},"author":31,"featured_media":22954,"comment_status":"closed","ping_status":"closed","sticky":false,"template":"","format":"standard","meta":{"_acf_changed":false,"pgc_sgb_lightbox_settings":"","footnotes":""},"categories":[3314],"tags":[1599,1775,1785],"class_list":["post-22953","post","type-post","status-publish","format-standard","has-post-thumbnail","hentry","category-health-safety","tag-aeh","tag-betriebliches-gesundheitsmanagement","tag-bgm"],"acf":[],"hkrextid":null,"publication":null,"issue":null,"workflow":null,"startPage":null,"spitzmarke":null,"_posts_by_tag_page_fields":null,"_at_widget":null,"_yoast_wpseo_primary_category":"3314","_yoast_wpseo_focuskw_text_input":null,"_yoast_wpseo_opengraph-image":null,"_yoast_wpseo_opengraph-description":null,"_yoast_wpseo_opengraph-title":null,"enclosure":null,"_yoast_wpseo_twitter-title":null,"_yoast_wpseo_twitter-description":null,"_yoast_wpseo_twitter-image":null,"_wp_old_slug":null,"_yoast_wpseo_title":null,"_yoast_wpseo_canonical":null,"yoast_head":"<!-- This site is optimized with the Yoast SEO plugin v27.5 - https:\/\/yoast.com\/product\/yoast-seo-wordpress\/ -->\n<title>Sandra Bittel \u00fcbernimmt Leitung von BGM bei AEH - Save<\/title>\n<meta name=\"description\" content=\"Sandra Bittel \u00fcbernimmt die Leitung des Bereichs Betriebliches Gesundheitsmanagement und ist Mitglied der Gesch\u00e4ftsleitung bei AEH.\" \/>\n<meta name=\"robots\" content=\"index, follow, max-snippet:-1, max-image-preview:large, max-video-preview:-1\" \/>\n<link rel=\"canonical\" href=\"https:\/\/news.save.ch\/it\/sandra-bittel-uebernimmt-leitung-von-bgm-bei-aeh\/\" \/>\n<meta property=\"og:locale\" content=\"it_IT\" \/>\n<meta property=\"og:type\" content=\"article\" \/>\n<meta property=\"og:title\" content=\"Sandra Bittel \u00fcbernimmt Leitung von BGM bei AEH - Save\" \/>\n<meta property=\"og:description\" content=\"Sandra Bittel \u00fcbernimmt die Leitung des Bereichs Betriebliches Gesundheitsmanagement und ist Mitglied der Gesch\u00e4ftsleitung bei AEH.\" \/>\n<meta property=\"og:url\" content=\"https:\/\/news.save.ch\/it\/sandra-bittel-uebernimmt-leitung-von-bgm-bei-aeh\/\" \/>\n<meta property=\"og:site_name\" content=\"Save\" \/>\n<meta property=\"article:published_time\" content=\"2024-03-27T19:07:01+00:00\" \/>\n<meta property=\"og:image\" content=\"https:\/\/news.save.ch\/wp-content\/uploads\/2024\/03\/sandra-bittel-scaled.jpg\" \/>\n\t<meta property=\"og:image:width\" content=\"1200\" \/>\n\t<meta property=\"og:image:height\" content=\"923\" \/>\n\t<meta property=\"og:image:type\" content=\"image\/jpeg\" \/>\n<meta name=\"author\" content=\"stefanie Zeng\" \/>\n<meta name=\"twitter:card\" content=\"summary_large_image\" \/>\n<meta name=\"twitter:label1\" content=\"Scritto da\" \/>\n\t<meta name=\"twitter:data1\" content=\"stefanie Zeng\" \/>\n\t<meta name=\"twitter:label2\" content=\"Tempo di lettura stimato\" \/>\n\t<meta name=\"twitter:data2\" content=\"2 minuti\" \/>\n<script type=\"application\/ld+json\" class=\"yoast-schema-graph\">{\"@context\":\"https:\\\/\\\/schema.org\",\"@graph\":[{\"@type\":\"Article\",\"@id\":\"https:\\\/\\\/news.save.ch\\\/sandra-bittel-uebernimmt-leitung-von-bgm-bei-aeh\\\/#article\",\"isPartOf\":{\"@id\":\"https:\\\/\\\/news.save.ch\\\/sandra-bittel-uebernimmt-leitung-von-bgm-bei-aeh\\\/\"},\"author\":{\"name\":\"stefanie Zeng\",\"@id\":\"https:\\\/\\\/news.save.ch\\\/de\\\/#\\\/schema\\\/person\\\/10917387362b3961e882740f6cf6f2a2\"},\"headline\":\"Sandra Bittel \u00fcbernimmt Leitung von BGM bei AEH\",\"datePublished\":\"2024-03-27T19:07:01+00:00\",\"mainEntityOfPage\":{\"@id\":\"https:\\\/\\\/news.save.ch\\\/sandra-bittel-uebernimmt-leitung-von-bgm-bei-aeh\\\/\"},\"wordCount\":168,\"publisher\":{\"@id\":\"https:\\\/\\\/news.save.ch\\\/de\\\/#organization\"},\"image\":{\"@id\":\"https:\\\/\\\/news.save.ch\\\/sandra-bittel-uebernimmt-leitung-von-bgm-bei-aeh\\\/#primaryimage\"},\"thumbnailUrl\":\"https:\\\/\\\/news.save.ch\\\/wp-content\\\/uploads\\\/2024\\\/03\\\/sandra-bittel-scaled.jpg\",\"keywords\":[\"AEH\",\"Betriebliches Gesundheitsmanagement\",\"BGM\"],\"articleSection\":[\"HEALTH &amp; SAFETY\"],\"inLanguage\":\"it-IT\"},{\"@type\":\"WebPage\",\"@id\":\"https:\\\/\\\/news.save.ch\\\/sandra-bittel-uebernimmt-leitung-von-bgm-bei-aeh\\\/\",\"url\":\"https:\\\/\\\/news.save.ch\\\/sandra-bittel-uebernimmt-leitung-von-bgm-bei-aeh\\\/\",\"name\":\"Sandra Bittel \u00fcbernimmt Leitung von BGM bei AEH - Save\",\"isPartOf\":{\"@id\":\"https:\\\/\\\/news.save.ch\\\/de\\\/#website\"},\"primaryImageOfPage\":{\"@id\":\"https:\\\/\\\/news.save.ch\\\/sandra-bittel-uebernimmt-leitung-von-bgm-bei-aeh\\\/#primaryimage\"},\"image\":{\"@id\":\"https:\\\/\\\/news.save.ch\\\/sandra-bittel-uebernimmt-leitung-von-bgm-bei-aeh\\\/#primaryimage\"},\"thumbnailUrl\":\"https:\\\/\\\/news.save.ch\\\/wp-content\\\/uploads\\\/2024\\\/03\\\/sandra-bittel-scaled.jpg\",\"datePublished\":\"2024-03-27T19:07:01+00:00\",\"description\":\"Sandra Bittel \u00fcbernimmt die Leitung des Bereichs Betriebliches Gesundheitsmanagement und ist Mitglied der Gesch\u00e4ftsleitung bei AEH.\",\"breadcrumb\":{\"@id\":\"https:\\\/\\\/news.save.ch\\\/sandra-bittel-uebernimmt-leitung-von-bgm-bei-aeh\\\/#breadcrumb\"},\"inLanguage\":\"it-IT\",\"potentialAction\":[{\"@type\":\"ReadAction\",\"target\":[\"https:\\\/\\\/news.save.ch\\\/sandra-bittel-uebernimmt-leitung-von-bgm-bei-aeh\\\/\"]}]},{\"@type\":\"ImageObject\",\"inLanguage\":\"it-IT\",\"@id\":\"https:\\\/\\\/news.save.ch\\\/sandra-bittel-uebernimmt-leitung-von-bgm-bei-aeh\\\/#primaryimage\",\"url\":\"https:\\\/\\\/news.save.ch\\\/wp-content\\\/uploads\\\/2024\\\/03\\\/sandra-bittel-scaled.jpg\",\"contentUrl\":\"https:\\\/\\\/news.save.ch\\\/wp-content\\\/uploads\\\/2024\\\/03\\\/sandra-bittel-scaled.jpg\",\"width\":1200,\"height\":923},{\"@type\":\"BreadcrumbList\",\"@id\":\"https:\\\/\\\/news.save.ch\\\/sandra-bittel-uebernimmt-leitung-von-bgm-bei-aeh\\\/#breadcrumb\",\"itemListElement\":[{\"@type\":\"ListItem\",\"position\":1,\"name\":\"Home\",\"item\":\"https:\\\/\\\/news.save.ch\\\/de\\\/\"},{\"@type\":\"ListItem\",\"position\":2,\"name\":\"Sandra Bittel \u00fcbernimmt Leitung von BGM bei AEH\"}]},{\"@type\":\"WebSite\",\"@id\":\"https:\\\/\\\/news.save.ch\\\/de\\\/#website\",\"url\":\"https:\\\/\\\/news.save.ch\\\/de\\\/\",\"name\":\"Save\",\"description\":\"Schweizer Fachzeitschrift f\u00fcr Sicherheit\",\"publisher\":{\"@id\":\"https:\\\/\\\/news.save.ch\\\/de\\\/#organization\"},\"potentialAction\":[{\"@type\":\"SearchAction\",\"target\":{\"@type\":\"EntryPoint\",\"urlTemplate\":\"https:\\\/\\\/news.save.ch\\\/de\\\/?s={search_term_string}\"},\"query-input\":{\"@type\":\"PropertyValueSpecification\",\"valueRequired\":true,\"valueName\":\"search_term_string\"}}],\"inLanguage\":\"it-IT\"},{\"@type\":\"Organization\",\"@id\":\"https:\\\/\\\/news.save.ch\\\/de\\\/#organization\",\"name\":\"Sicherheitsforum\",\"url\":\"https:\\\/\\\/news.save.ch\\\/de\\\/\",\"logo\":{\"@type\":\"ImageObject\",\"inLanguage\":\"it-IT\",\"@id\":\"https:\\\/\\\/news.save.ch\\\/de\\\/#\\\/schema\\\/logo\\\/image\\\/\",\"url\":\"https:\\\/\\\/news.save.ch\\\/wp-content\\\/uploads\\\/2022\\\/06\\\/Logo_SF_2012.png\",\"contentUrl\":\"https:\\\/\\\/news.save.ch\\\/wp-content\\\/uploads\\\/2022\\\/06\\\/Logo_SF_2012.png\",\"width\":1100,\"height\":91,\"caption\":\"Sicherheitsforum\"},\"image\":{\"@id\":\"https:\\\/\\\/news.save.ch\\\/de\\\/#\\\/schema\\\/logo\\\/image\\\/\"}},{\"@type\":\"Person\",\"@id\":\"https:\\\/\\\/news.save.ch\\\/de\\\/#\\\/schema\\\/person\\\/10917387362b3961e882740f6cf6f2a2\",\"name\":\"stefanie Zeng\",\"image\":{\"@type\":\"ImageObject\",\"inLanguage\":\"it-IT\",\"@id\":\"https:\\\/\\\/secure.gravatar.com\\\/avatar\\\/eac43faa6e40bb2c41068c95c9d78bbd94c476d5efdff7abaab80bb3ea681e06?s=96&d=mm&r=g\",\"url\":\"https:\\\/\\\/secure.gravatar.com\\\/avatar\\\/eac43faa6e40bb2c41068c95c9d78bbd94c476d5efdff7abaab80bb3ea681e06?s=96&d=mm&r=g\",\"contentUrl\":\"https:\\\/\\\/secure.gravatar.com\\\/avatar\\\/eac43faa6e40bb2c41068c95c9d78bbd94c476d5efdff7abaab80bb3ea681e06?s=96&d=mm&r=g\",\"caption\":\"stefanie Zeng\"},\"url\":\"https:\\\/\\\/news.save.ch\\\/it\\\/author\\\/stefanie-zeng\\\/\"}]}<\/script>\n<!-- \/ Yoast SEO plugin. -->","yoast_head_json":{"title":"Sandra Bittel assume la direzione di BGM presso AEH - Save","description":"Sandra Bittel assume il ruolo di responsabile della gestione della salute aziendale ed \u00e8 membro del comitato esecutivo dell'AEH.","robots":{"index":"index","follow":"follow","max-snippet":"max-snippet:-1","max-image-preview":"max-image-preview:large","max-video-preview":"max-video-preview:-1"},"canonical":"https:\/\/news.save.ch\/it\/sandra-bittel-uebernimmt-leitung-von-bgm-bei-aeh\/","og_locale":"it_IT","og_type":"article","og_title":"Sandra Bittel \u00fcbernimmt Leitung von BGM bei AEH - Save","og_description":"Sandra Bittel \u00fcbernimmt die Leitung des Bereichs Betriebliches Gesundheitsmanagement und ist Mitglied der Gesch\u00e4ftsleitung bei AEH.","og_url":"https:\/\/news.save.ch\/it\/sandra-bittel-uebernimmt-leitung-von-bgm-bei-aeh\/","og_site_name":"Save","article_published_time":"2024-03-27T19:07:01+00:00","og_image":[{"width":1200,"height":923,"url":"https:\/\/news.save.ch\/wp-content\/uploads\/2024\/03\/sandra-bittel-scaled.jpg","type":"image\/jpeg"}],"author":"stefanie Zeng","twitter_card":"summary_large_image","twitter_misc":{"Scritto da":"stefanie Zeng","Tempo di lettura stimato":"2 minuti"},"schema":{"@context":"https:\/\/schema.org","@graph":[{"@type":"Article","@id":"https:\/\/news.save.ch\/sandra-bittel-uebernimmt-leitung-von-bgm-bei-aeh\/#article","isPartOf":{"@id":"https:\/\/news.save.ch\/sandra-bittel-uebernimmt-leitung-von-bgm-bei-aeh\/"},"author":{"name":"stefanie Zeng","@id":"https:\/\/news.save.ch\/de\/#\/schema\/person\/10917387362b3961e882740f6cf6f2a2"},"headline":"Sandra Bittel \u00fcbernimmt Leitung von BGM bei AEH","datePublished":"2024-03-27T19:07:01+00:00","mainEntityOfPage":{"@id":"https:\/\/news.save.ch\/sandra-bittel-uebernimmt-leitung-von-bgm-bei-aeh\/"},"wordCount":168,"publisher":{"@id":"https:\/\/news.save.ch\/de\/#organization"},"image":{"@id":"https:\/\/news.save.ch\/sandra-bittel-uebernimmt-leitung-von-bgm-bei-aeh\/#primaryimage"},"thumbnailUrl":"https:\/\/news.save.ch\/wp-content\/uploads\/2024\/03\/sandra-bittel-scaled.jpg","keywords":["AEH","Betriebliches Gesundheitsmanagement","BGM"],"articleSection":["HEALTH &amp; SAFETY"],"inLanguage":"it-IT"},{"@type":"WebPage","@id":"https:\/\/news.save.ch\/sandra-bittel-uebernimmt-leitung-von-bgm-bei-aeh\/","url":"https:\/\/news.save.ch\/sandra-bittel-uebernimmt-leitung-von-bgm-bei-aeh\/","name":"Sandra Bittel assume la direzione di BGM presso AEH - Save","isPartOf":{"@id":"https:\/\/news.save.ch\/de\/#website"},"primaryImageOfPage":{"@id":"https:\/\/news.save.ch\/sandra-bittel-uebernimmt-leitung-von-bgm-bei-aeh\/#primaryimage"},"image":{"@id":"https:\/\/news.save.ch\/sandra-bittel-uebernimmt-leitung-von-bgm-bei-aeh\/#primaryimage"},"thumbnailUrl":"https:\/\/news.save.ch\/wp-content\/uploads\/2024\/03\/sandra-bittel-scaled.jpg","datePublished":"2024-03-27T19:07:01+00:00","description":"Sandra Bittel assume il ruolo di responsabile della gestione della salute aziendale ed \u00e8 membro del comitato esecutivo dell'AEH.","breadcrumb":{"@id":"https:\/\/news.save.ch\/sandra-bittel-uebernimmt-leitung-von-bgm-bei-aeh\/#breadcrumb"},"inLanguage":"it-IT","potentialAction":[{"@type":"ReadAction","target":["https:\/\/news.save.ch\/sandra-bittel-uebernimmt-leitung-von-bgm-bei-aeh\/"]}]},{"@type":"ImageObject","inLanguage":"it-IT","@id":"https:\/\/news.save.ch\/sandra-bittel-uebernimmt-leitung-von-bgm-bei-aeh\/#primaryimage","url":"https:\/\/news.save.ch\/wp-content\/uploads\/2024\/03\/sandra-bittel-scaled.jpg","contentUrl":"https:\/\/news.save.ch\/wp-content\/uploads\/2024\/03\/sandra-bittel-scaled.jpg","width":1200,"height":923},{"@type":"BreadcrumbList","@id":"https:\/\/news.save.ch\/sandra-bittel-uebernimmt-leitung-von-bgm-bei-aeh\/#breadcrumb","itemListElement":[{"@type":"ListItem","position":1,"name":"Home","item":"https:\/\/news.save.ch\/de\/"},{"@type":"ListItem","position":2,"name":"Sandra Bittel \u00fcbernimmt Leitung von BGM bei AEH"}]},{"@type":"WebSite","@id":"https:\/\/news.save.ch\/de\/#website","url":"https:\/\/news.save.ch\/de\/","name":"Risparmiare","description":"Rivista svizzera specializzata in sicurezza","publisher":{"@id":"https:\/\/news.save.ch\/de\/#organization"},"potentialAction":[{"@type":"SearchAction","target":{"@type":"EntryPoint","urlTemplate":"https:\/\/news.save.ch\/de\/?s={search_term_string}"},"query-input":{"@type":"PropertyValueSpecification","valueRequired":true,"valueName":"search_term_string"}}],"inLanguage":"it-IT"},{"@type":"Organization","@id":"https:\/\/news.save.ch\/de\/#organization","name":"Forum sulla sicurezza","url":"https:\/\/news.save.ch\/de\/","logo":{"@type":"ImageObject","inLanguage":"it-IT","@id":"https:\/\/news.save.ch\/de\/#\/schema\/logo\/image\/","url":"https:\/\/news.save.ch\/wp-content\/uploads\/2022\/06\/Logo_SF_2012.png","contentUrl":"https:\/\/news.save.ch\/wp-content\/uploads\/2022\/06\/Logo_SF_2012.png","width":1100,"height":91,"caption":"Sicherheitsforum"},"image":{"@id":"https:\/\/news.save.ch\/de\/#\/schema\/logo\/image\/"}},{"@type":"Person","@id":"https:\/\/news.save.ch\/de\/#\/schema\/person\/10917387362b3961e882740f6cf6f2a2","name":"Stefanie Zeng","image":{"@type":"ImageObject","inLanguage":"it-IT","@id":"https:\/\/secure.gravatar.com\/avatar\/eac43faa6e40bb2c41068c95c9d78bbd94c476d5efdff7abaab80bb3ea681e06?s=96&d=mm&r=g","url":"https:\/\/secure.gravatar.com\/avatar\/eac43faa6e40bb2c41068c95c9d78bbd94c476d5efdff7abaab80bb3ea681e06?s=96&d=mm&r=g","contentUrl":"https:\/\/secure.gravatar.com\/avatar\/eac43faa6e40bb2c41068c95c9d78bbd94c476d5efdff7abaab80bb3ea681e06?s=96&d=mm&r=g","caption":"stefanie Zeng"},"url":"https:\/\/news.save.ch\/it\/author\/stefanie-zeng\/"}]}},"_links":{"self":[{"href":"https:\/\/news.save.ch\/it\/wp-json\/wp\/v2\/posts\/22953","targetHints":{"allow":["GET"]}}],"collection":[{"href":"https:\/\/news.save.ch\/it\/wp-json\/wp\/v2\/posts"}],"about":[{"href":"https:\/\/news.save.ch\/it\/wp-json\/wp\/v2\/types\/post"}],"author":[{"embeddable":true,"href":"https:\/\/news.save.ch\/it\/wp-json\/wp\/v2\/users\/31"}],"replies":[{"embeddable":true,"href":"https:\/\/news.save.ch\/it\/wp-json\/wp\/v2\/comments?post=22953"}],"version-history":[{"count":2,"href":"https:\/\/news.save.ch\/it\/wp-json\/wp\/v2\/posts\/22953\/revisions"}],"predecessor-version":[{"id":22957,"href":"https:\/\/news.save.ch\/it\/wp-json\/wp\/v2\/posts\/22953\/revisions\/22957"}],"wp:featuredmedia":[{"embeddable":true,"href":"https:\/\/news.save.ch\/it\/wp-json\/wp\/v2\/media\/22954"}],"wp:attachment":[{"href":"https:\/\/news.save.ch\/it\/wp-json\/wp\/v2\/media?parent=22953"}],"wp:term":[{"taxonomy":"category","embeddable":true,"href":"https:\/\/news.save.ch\/it\/wp-json\/wp\/v2\/categories?post=22953"},{"taxonomy":"post_tag","embeddable":true,"href":"https:\/\/news.save.ch\/it\/wp-json\/wp\/v2\/tags?post=22953"}],"curies":[{"name":"wp","href":"https:\/\/api.w.org\/{rel}","templated":true}]}}