{"id":23049,"date":"2024-05-02T14:16:36","date_gmt":"2024-05-02T12:16:36","guid":{"rendered":"https:\/\/news.save.ch\/?p=23049"},"modified":"2024-05-02T14:16:36","modified_gmt":"2024-05-02T12:16:36","slug":"revision-der-iso-9001-14001-was-aendert-sich-fuer-unternehmen","status":null,"type":"post","link":"https:\/\/news.save.ch\/it\/revision-der-iso-9001-14001-was-aendert-sich-fuer-unternehmen\/","title":{"rendered":"Revisione delle norme ISO 9001 e 14001 - Cosa cambier\u00e0 per le aziende?"},"content":{"rendered":"<figure id=\"attachment_23050\" aria-describedby=\"caption-attachment-23050\" style=\"width: 600px\" class=\"wp-caption alignnone\"><img loading=\"lazy\" decoding=\"async\" class=\"size-full wp-image-23050\" src=\"https:\/\/news.save.ch\/wp-content\/uploads\/2024\/05\/004-revision_iso_9001_14001-CM4A7442_low-91938b28.jpg\" alt=\"\" width=\"600\" height=\"365\" srcset=\"https:\/\/news.save.ch\/wp-content\/uploads\/2024\/05\/004-revision_iso_9001_14001-CM4A7442_low-91938b28.jpg 600w, https:\/\/news.save.ch\/wp-content\/uploads\/2024\/05\/004-revision_iso_9001_14001-CM4A7442_low-91938b28-18x12.jpg 18w, https:\/\/news.save.ch\/wp-content\/uploads\/2024\/05\/004-revision_iso_9001_14001-CM4A7442_low-91938b28-375x228.jpg 375w, https:\/\/news.save.ch\/wp-content\/uploads\/2024\/05\/004-revision_iso_9001_14001-CM4A7442_low-91938b28-575x350.jpg 575w\" sizes=\"auto, (max-width: 600px) 100vw, 600px\" \/><figcaption id=\"caption-attachment-23050\" class=\"wp-caption-text\">Foto: zVg<\/figcaption><\/figure>\n<p><strong>Chi \u00e8 responsabile della revisione della ISO 9001?<\/strong><br \/>\nLa revisione della ISO 9001:2015 \u00e8 iniziata nel dicembre 2023 con l'istituzione di un gruppo di lavoro ISO. Questo \u00e8 ora composto da circa 150 persone. Tra queste figurano i rappresentanti dei Paesi di quasi tutte le organizzazioni di normazione - i cosiddetti enti membri. Il gruppo di lavoro \u00e8 guidato da esperti provenienti da Stati Uniti, America Latina e Namibia. Il gruppo di lavoro si riunisce regolarmente, di solito virtualmente, per discutere, commentare, modificare e votare le modifiche proposte.<\/p>\n<p>A livello svizzero, il comitato per gli standard INB\/NK 140 Quality Management &amp; Quality Assurance, presieduto da Thomas Kr\u00e4henmann, ha il compito di ricevere commenti e opinioni sulla revisione e di trasmetterli al gruppo di lavoro ISO. In questo modo si garantisce che gli interessi dell'economia e della societ\u00e0 svizzera siano inclusi nel processo di revisione. Il comitato \u00e8 sempre alla ricerca di nuovi membri.<\/p>\n<p><strong>Quali cambiamenti sono previsti? \u00a0<\/strong><br \/>\nAl momento non \u00e8 ancora possibile fare dichiarazioni vincolanti sulle modifiche definitive della norma. Tuttavia, si stanno gi\u00e0 delineando le seguenti tendenze: la struttura e il campo di applicazione dell'attuale ISO 9001 saranno sostanzialmente mantenuti. In futuro, la ISO 9001 sar\u00e0 meglio armonizzata con la ISO 9000. Nella revisione si terr\u00e0 conto di temi di tendenza come l'esperienza del cliente, l'economia circolare e l'intelligenza artificiale. Il capitolo 6.1 attualmente combina gli argomenti \"Opportunit\u00e0 e Rischi\", il che porta le aziende a concentrarsi troppo sui rischi e a non considerare abbastanza le potenziali opportunit\u00e0. In futuro, queste ultime dovranno essere elencate separatamente. Nella revisione si terr\u00e0 conto anche degli Obiettivi di sviluppo sostenibile delle Nazioni Unite.<\/p>\n<p><strong>Quando sar\u00e0 completata la revisione?<\/strong><br \/>\nIl gruppo di lavoro ISO prevede che la versione rivista dello standard sar\u00e0 disponibile a met\u00e0 novembre 2025.<\/p>\n<p><strong>Entro quando le aziende certificate devono passare alla nuova versione?<\/strong><br \/>\nAlle aziende e alle organizzazioni certificate sar\u00e0 concesso un periodo di transizione, probabilmente di tre anni dalla pubblicazione dello standard modificato, per passare allo standard rivisto. La nuova versione sar\u00e0 disponibile a partire da questa data nel nostro negozio di standard.\u00a0<a href=\"https:\/\/connect.snv.ch\/de\" target=\"_blank\" rel=\"noopener\" data-auto-event-observed=\"true\">\"SNV-Connect\"<\/a>\u00a0essere disponibile.<\/p>\n<p><strong>ISO 14001 - Revisione dello standard di gestione ambientale<\/strong><br \/>\nLo standard ISO 14001 definisce criteri riconosciuti a livello mondiale per sistemi di gestione ambientale efficienti ed efficaci. Aiuta le aziende a migliorare le proprie prestazioni ambientali, a raggiungere i propri obiettivi ambientali e ad adempiere ai propri obblighi legali, tenendo conto di rischi e opportunit\u00e0. Dalla sua pubblicazione nel 1996, la ISO 14001 \u00e8 diventata parte integrante di circa 600.000 aziende certificate in tutto il mondo. Lo standard \u00e8 gi\u00e0 stato rivisto pi\u00f9 volte in passato. Attualmente \u00e8 in corso la quarta revisione, la cosiddetta revisione limitata. L'obiettivo \u00e8 quello di definire pi\u00f9 chiaramente i requisiti, soprattutto per quanto riguarda l'allegato informativo della norma. In questo contesto, si vuole dare maggiore risalto a temi importanti come il cambiamento climatico, la scarsit\u00e0 di risorse, la protezione degli ecosistemi e l'importanza degli Obiettivi di Sviluppo Sostenibile delle Nazioni Unite. Non ci saranno nuovi requisiti per un sistema di gestione ambientale. La revisione dello standard \u00e8 prevista per ottobre 2025.<\/p>\n<p><strong>Quanto dura il periodo di transizione?<\/strong><br \/>\nIl periodo di transizione per il passaggio alla nuova versione dello standard per le aziende certificate \u00e8 ancora in fase di definizione da parte dello IAF (International Accreditation Forum). Di solito si tratta di tre anni, quindi il passaggio potrebbe avvenire entro un ciclo di validit\u00e0 del certificato di tre anni.<\/p>\n<div class=\"ce_text distance-default block\">\n<p><em><strong>La partecipazione \u00e8 obbligatoria<\/strong><\/em><br \/>\n<em>Volete contribuire anche voi alla revisione della ISO 9001 o della ISO 14001? Allora partecipate ai nostri comitati nazionali per le norme INB\/NK 140 Gestione e garanzia della qualit\u00e0 o INB\/NK 174 Ambiente e sostenibilit\u00e0 e contribuite con la vostra esperienza. In qualit\u00e0 di membro del comitato, incontrerete altri esperti nazionali del settore e parteciperete attivamente al processo di revisione. Avrete inoltre l'opportunit\u00e0 di stabilire contatti internazionali.<\/em><\/p>\n<\/div>\n<section class=\"ce_accordionStart title-color-orange distance-default ce_accordion block\">\n<div id=\"ui-id-1\" class=\"toggler ui-accordion-header ui-corner-top ui-state-default ui-accordion-header-active ui-state-active ui-accordion-icons active\" tabindex=\"0\" role=\"tab\" aria-controls=\"ui-id-2\" aria-selected=\"true\" aria-expanded=\"true\"><em>Profilo di un esperto di standard<\/em><\/div>\n<div id=\"ui-id-2\" class=\"accordion ui-accordion-content ui-corner-bottom ui-helper-reset ui-widget-content ui-accordion-content-active\" role=\"tabpanel\" aria-labelledby=\"ui-id-1\" aria-hidden=\"false\">\n<div>\n<div class=\"ce_text distance-default block\">\n<p><em>INB\/NK 140 Gestione e garanzia della qualit\u00e0:<\/em><\/p>\n<ul>\n<li><em>Esperienza nella gestione della qualit\u00e0<\/em><br \/>\n<em>Funzione, ad esempio, di responsabile della qualit\u00e0, auditor, ecc.<\/em><\/li>\n<li><em>Conoscenza dell'inglese<\/em><\/li>\n<\/ul>\n<p><em>INB\/NK 174 Ambiente e sostenibilit\u00e0:<\/em><\/p>\n<ul>\n<li><em>Esperienza nella gestione della sostenibilit\u00e0 e dell'ambiente<\/em><\/li>\n<li><em>Conoscenza dell'inglese<\/em><\/li>\n<\/ul>\n<\/div>\n<\/div>\n<\/div>\n<\/section>\n<div class=\"ce_rsce_trennlinie distance-default block\"><em>Fonte: SNV<\/em><\/div>","protected":false},"excerpt":{"rendered":"<p>Wer ist f\u00fcr die Revision der ISO 9001 zust\u00e4ndig? Die Revision der ISO 9001:2015 ist im Dezember 2023 mit der Gr\u00fcndung einer ISO-Arbeitsgruppe gestartet. Mittlerweile setzt sich diese aus rund 150 Personen zusammen. Dazu geh\u00f6ren L\u00e4ndervertreter beinahe aller Normenorganisationen \u2013 sogenannte Member Bodys. Die Leitung der Arbeitsgruppe wird von Expertinnen und Experten aus den USA, [&hellip;]<\/p>\n","protected":false},"author":31,"featured_media":0,"comment_status":"closed","ping_status":"closed","sticky":false,"template":"","format":"standard","meta":{"_acf_changed":false,"pgc_sgb_lightbox_settings":"","footnotes":""},"categories":[1],"tags":[2325,812,246,2939],"class_list":["post-23049","post","type-post","status-publish","format-standard","hentry","category-allgemein","tag-iso","tag-iso-9001","tag-normen","tag-snv"],"acf":[],"hkrextid":null,"publication":null,"issue":null,"workflow":null,"startPage":null,"spitzmarke":null,"_posts_by_tag_page_fields":null,"_at_widget":null,"_yoast_wpseo_primary_category":"1","_yoast_wpseo_focuskw_text_input":null,"_yoast_wpseo_opengraph-image":null,"_yoast_wpseo_opengraph-description":null,"_yoast_wpseo_opengraph-title":null,"enclosure":null,"_yoast_wpseo_twitter-title":null,"_yoast_wpseo_twitter-description":null,"_yoast_wpseo_twitter-image":null,"_wp_old_slug":null,"_yoast_wpseo_title":null,"_yoast_wpseo_canonical":null,"yoast_head":"<!-- This site is optimized with the Yoast SEO plugin v27.5 - https:\/\/yoast.com\/product\/yoast-seo-wordpress\/ -->\n<title>Revision der ISO 9001 &amp; 14001 \u2013 Was \u00e4ndert sich f\u00fcr Unternehmen? - Save<\/title>\n<meta name=\"description\" content=\"Die ISO 9001 ist weltweit die prominenteste Norm mit \u00fcber einer Million zertifizierter Unternehmen. Nun wird die Grande Dame unter den Managementsystemen revidiert.\" \/>\n<meta name=\"robots\" content=\"index, follow, max-snippet:-1, max-image-preview:large, max-video-preview:-1\" \/>\n<link rel=\"canonical\" href=\"https:\/\/news.save.ch\/it\/revision-der-iso-9001-14001-was-aendert-sich-fuer-unternehmen\/\" \/>\n<meta property=\"og:locale\" content=\"it_IT\" \/>\n<meta property=\"og:type\" content=\"article\" \/>\n<meta property=\"og:title\" content=\"Revision der ISO 9001 &amp; 14001 \u2013 Was \u00e4ndert sich f\u00fcr Unternehmen? - Save\" \/>\n<meta property=\"og:description\" content=\"Die ISO 9001 ist weltweit die prominenteste Norm mit \u00fcber einer Million zertifizierter Unternehmen. Nun wird die Grande Dame unter den Managementsystemen revidiert.\" \/>\n<meta property=\"og:url\" content=\"https:\/\/news.save.ch\/it\/revision-der-iso-9001-14001-was-aendert-sich-fuer-unternehmen\/\" \/>\n<meta property=\"og:site_name\" content=\"Save\" \/>\n<meta property=\"article:published_time\" content=\"2024-05-02T12:16:36+00:00\" \/>\n<meta property=\"og:image\" content=\"https:\/\/news.save.ch\/wp-content\/uploads\/2024\/05\/004-revision_iso_9001_14001-CM4A7442_low-91938b28.jpg\" \/>\n<meta name=\"author\" content=\"stefanie Zeng\" \/>\n<meta name=\"twitter:card\" content=\"summary_large_image\" \/>\n<meta name=\"twitter:label1\" content=\"Scritto da\" \/>\n\t<meta name=\"twitter:data1\" content=\"stefanie Zeng\" \/>\n\t<meta name=\"twitter:label2\" content=\"Tempo di lettura stimato\" \/>\n\t<meta name=\"twitter:data2\" content=\"4 minuti\" \/>\n<script type=\"application\/ld+json\" class=\"yoast-schema-graph\">{\"@context\":\"https:\\\/\\\/schema.org\",\"@graph\":[{\"@type\":\"Article\",\"@id\":\"https:\\\/\\\/news.save.ch\\\/revision-der-iso-9001-14001-was-aendert-sich-fuer-unternehmen\\\/#article\",\"isPartOf\":{\"@id\":\"https:\\\/\\\/news.save.ch\\\/revision-der-iso-9001-14001-was-aendert-sich-fuer-unternehmen\\\/\"},\"author\":{\"name\":\"stefanie Zeng\",\"@id\":\"https:\\\/\\\/news.save.ch\\\/de\\\/#\\\/schema\\\/person\\\/10917387362b3961e882740f6cf6f2a2\"},\"headline\":\"Revision der ISO 9001 &#038; 14001 \u2013 Was \u00e4ndert sich f\u00fcr Unternehmen?\",\"datePublished\":\"2024-05-02T12:16:36+00:00\",\"mainEntityOfPage\":{\"@id\":\"https:\\\/\\\/news.save.ch\\\/revision-der-iso-9001-14001-was-aendert-sich-fuer-unternehmen\\\/\"},\"wordCount\":660,\"publisher\":{\"@id\":\"https:\\\/\\\/news.save.ch\\\/de\\\/#organization\"},\"image\":{\"@id\":\"https:\\\/\\\/news.save.ch\\\/revision-der-iso-9001-14001-was-aendert-sich-fuer-unternehmen\\\/#primaryimage\"},\"thumbnailUrl\":\"https:\\\/\\\/news.save.ch\\\/wp-content\\\/uploads\\\/2024\\\/05\\\/004-revision_iso_9001_14001-CM4A7442_low-91938b28.jpg\",\"keywords\":[\"ISO\",\"ISO 9001\",\"Normen\",\"SNV\"],\"articleSection\":[\"ALLGEMEIN\"],\"inLanguage\":\"it-IT\"},{\"@type\":\"WebPage\",\"@id\":\"https:\\\/\\\/news.save.ch\\\/revision-der-iso-9001-14001-was-aendert-sich-fuer-unternehmen\\\/\",\"url\":\"https:\\\/\\\/news.save.ch\\\/revision-der-iso-9001-14001-was-aendert-sich-fuer-unternehmen\\\/\",\"name\":\"Revision der ISO 9001 & 14001 \u2013 Was \u00e4ndert sich f\u00fcr Unternehmen? - Save\",\"isPartOf\":{\"@id\":\"https:\\\/\\\/news.save.ch\\\/de\\\/#website\"},\"primaryImageOfPage\":{\"@id\":\"https:\\\/\\\/news.save.ch\\\/revision-der-iso-9001-14001-was-aendert-sich-fuer-unternehmen\\\/#primaryimage\"},\"image\":{\"@id\":\"https:\\\/\\\/news.save.ch\\\/revision-der-iso-9001-14001-was-aendert-sich-fuer-unternehmen\\\/#primaryimage\"},\"thumbnailUrl\":\"https:\\\/\\\/news.save.ch\\\/wp-content\\\/uploads\\\/2024\\\/05\\\/004-revision_iso_9001_14001-CM4A7442_low-91938b28.jpg\",\"datePublished\":\"2024-05-02T12:16:36+00:00\",\"description\":\"Die ISO 9001 ist weltweit die prominenteste Norm mit \u00fcber einer Million zertifizierter Unternehmen. Nun wird die Grande Dame unter den Managementsystemen revidiert.\",\"breadcrumb\":{\"@id\":\"https:\\\/\\\/news.save.ch\\\/revision-der-iso-9001-14001-was-aendert-sich-fuer-unternehmen\\\/#breadcrumb\"},\"inLanguage\":\"it-IT\",\"potentialAction\":[{\"@type\":\"ReadAction\",\"target\":[\"https:\\\/\\\/news.save.ch\\\/revision-der-iso-9001-14001-was-aendert-sich-fuer-unternehmen\\\/\"]}]},{\"@type\":\"ImageObject\",\"inLanguage\":\"it-IT\",\"@id\":\"https:\\\/\\\/news.save.ch\\\/revision-der-iso-9001-14001-was-aendert-sich-fuer-unternehmen\\\/#primaryimage\",\"url\":\"https:\\\/\\\/news.save.ch\\\/wp-content\\\/uploads\\\/2024\\\/05\\\/004-revision_iso_9001_14001-CM4A7442_low-91938b28.jpg\",\"contentUrl\":\"https:\\\/\\\/news.save.ch\\\/wp-content\\\/uploads\\\/2024\\\/05\\\/004-revision_iso_9001_14001-CM4A7442_low-91938b28.jpg\"},{\"@type\":\"BreadcrumbList\",\"@id\":\"https:\\\/\\\/news.save.ch\\\/revision-der-iso-9001-14001-was-aendert-sich-fuer-unternehmen\\\/#breadcrumb\",\"itemListElement\":[{\"@type\":\"ListItem\",\"position\":1,\"name\":\"Home\",\"item\":\"https:\\\/\\\/news.save.ch\\\/de\\\/\"},{\"@type\":\"ListItem\",\"position\":2,\"name\":\"Revision der ISO 9001 &#038; 14001 \u2013 Was \u00e4ndert sich f\u00fcr Unternehmen?\"}]},{\"@type\":\"WebSite\",\"@id\":\"https:\\\/\\\/news.save.ch\\\/de\\\/#website\",\"url\":\"https:\\\/\\\/news.save.ch\\\/de\\\/\",\"name\":\"Save\",\"description\":\"Schweizer Fachzeitschrift f\u00fcr Sicherheit\",\"publisher\":{\"@id\":\"https:\\\/\\\/news.save.ch\\\/de\\\/#organization\"},\"potentialAction\":[{\"@type\":\"SearchAction\",\"target\":{\"@type\":\"EntryPoint\",\"urlTemplate\":\"https:\\\/\\\/news.save.ch\\\/de\\\/?s={search_term_string}\"},\"query-input\":{\"@type\":\"PropertyValueSpecification\",\"valueRequired\":true,\"valueName\":\"search_term_string\"}}],\"inLanguage\":\"it-IT\"},{\"@type\":\"Organization\",\"@id\":\"https:\\\/\\\/news.save.ch\\\/de\\\/#organization\",\"name\":\"Sicherheitsforum\",\"url\":\"https:\\\/\\\/news.save.ch\\\/de\\\/\",\"logo\":{\"@type\":\"ImageObject\",\"inLanguage\":\"it-IT\",\"@id\":\"https:\\\/\\\/news.save.ch\\\/de\\\/#\\\/schema\\\/logo\\\/image\\\/\",\"url\":\"https:\\\/\\\/news.save.ch\\\/wp-content\\\/uploads\\\/2022\\\/06\\\/Logo_SF_2012.png\",\"contentUrl\":\"https:\\\/\\\/news.save.ch\\\/wp-content\\\/uploads\\\/2022\\\/06\\\/Logo_SF_2012.png\",\"width\":1100,\"height\":91,\"caption\":\"Sicherheitsforum\"},\"image\":{\"@id\":\"https:\\\/\\\/news.save.ch\\\/de\\\/#\\\/schema\\\/logo\\\/image\\\/\"}},{\"@type\":\"Person\",\"@id\":\"https:\\\/\\\/news.save.ch\\\/de\\\/#\\\/schema\\\/person\\\/10917387362b3961e882740f6cf6f2a2\",\"name\":\"stefanie Zeng\",\"image\":{\"@type\":\"ImageObject\",\"inLanguage\":\"it-IT\",\"@id\":\"https:\\\/\\\/secure.gravatar.com\\\/avatar\\\/eac43faa6e40bb2c41068c95c9d78bbd94c476d5efdff7abaab80bb3ea681e06?s=96&d=mm&r=g\",\"url\":\"https:\\\/\\\/secure.gravatar.com\\\/avatar\\\/eac43faa6e40bb2c41068c95c9d78bbd94c476d5efdff7abaab80bb3ea681e06?s=96&d=mm&r=g\",\"contentUrl\":\"https:\\\/\\\/secure.gravatar.com\\\/avatar\\\/eac43faa6e40bb2c41068c95c9d78bbd94c476d5efdff7abaab80bb3ea681e06?s=96&d=mm&r=g\",\"caption\":\"stefanie Zeng\"},\"url\":\"https:\\\/\\\/news.save.ch\\\/it\\\/author\\\/stefanie-zeng\\\/\"}]}<\/script>\n<!-- \/ Yoast SEO plugin. -->","yoast_head_json":{"title":"Revisione delle norme ISO 9001 e 14001 - Cosa cambier\u00e0 per le aziende? - Salva","description":"La ISO 9001 \u00e8 lo standard pi\u00f9 importante a livello mondiale, con oltre un milione di aziende certificate. Ora la grande dama dei sistemi di gestione \u00e8 in fase di revisione.","robots":{"index":"index","follow":"follow","max-snippet":"max-snippet:-1","max-image-preview":"max-image-preview:large","max-video-preview":"max-video-preview:-1"},"canonical":"https:\/\/news.save.ch\/it\/revision-der-iso-9001-14001-was-aendert-sich-fuer-unternehmen\/","og_locale":"it_IT","og_type":"article","og_title":"Revision der ISO 9001 & 14001 \u2013 Was \u00e4ndert sich f\u00fcr Unternehmen? - Save","og_description":"Die ISO 9001 ist weltweit die prominenteste Norm mit \u00fcber einer Million zertifizierter Unternehmen. Nun wird die Grande Dame unter den Managementsystemen revidiert.","og_url":"https:\/\/news.save.ch\/it\/revision-der-iso-9001-14001-was-aendert-sich-fuer-unternehmen\/","og_site_name":"Save","article_published_time":"2024-05-02T12:16:36+00:00","og_image":[{"url":"https:\/\/news.save.ch\/wp-content\/uploads\/2024\/05\/004-revision_iso_9001_14001-CM4A7442_low-91938b28.jpg","type":"","width":"","height":""}],"author":"stefanie Zeng","twitter_card":"summary_large_image","twitter_misc":{"Scritto da":"stefanie Zeng","Tempo di lettura stimato":"4 minuti"},"schema":{"@context":"https:\/\/schema.org","@graph":[{"@type":"Article","@id":"https:\/\/news.save.ch\/revision-der-iso-9001-14001-was-aendert-sich-fuer-unternehmen\/#article","isPartOf":{"@id":"https:\/\/news.save.ch\/revision-der-iso-9001-14001-was-aendert-sich-fuer-unternehmen\/"},"author":{"name":"stefanie Zeng","@id":"https:\/\/news.save.ch\/de\/#\/schema\/person\/10917387362b3961e882740f6cf6f2a2"},"headline":"Revision der ISO 9001 &#038; 14001 \u2013 Was \u00e4ndert sich f\u00fcr Unternehmen?","datePublished":"2024-05-02T12:16:36+00:00","mainEntityOfPage":{"@id":"https:\/\/news.save.ch\/revision-der-iso-9001-14001-was-aendert-sich-fuer-unternehmen\/"},"wordCount":660,"publisher":{"@id":"https:\/\/news.save.ch\/de\/#organization"},"image":{"@id":"https:\/\/news.save.ch\/revision-der-iso-9001-14001-was-aendert-sich-fuer-unternehmen\/#primaryimage"},"thumbnailUrl":"https:\/\/news.save.ch\/wp-content\/uploads\/2024\/05\/004-revision_iso_9001_14001-CM4A7442_low-91938b28.jpg","keywords":["ISO","ISO 9001","Normen","SNV"],"articleSection":["ALLGEMEIN"],"inLanguage":"it-IT"},{"@type":"WebPage","@id":"https:\/\/news.save.ch\/revision-der-iso-9001-14001-was-aendert-sich-fuer-unternehmen\/","url":"https:\/\/news.save.ch\/revision-der-iso-9001-14001-was-aendert-sich-fuer-unternehmen\/","name":"Revisione delle norme ISO 9001 e 14001 - Cosa cambier\u00e0 per le aziende? - Salva","isPartOf":{"@id":"https:\/\/news.save.ch\/de\/#website"},"primaryImageOfPage":{"@id":"https:\/\/news.save.ch\/revision-der-iso-9001-14001-was-aendert-sich-fuer-unternehmen\/#primaryimage"},"image":{"@id":"https:\/\/news.save.ch\/revision-der-iso-9001-14001-was-aendert-sich-fuer-unternehmen\/#primaryimage"},"thumbnailUrl":"https:\/\/news.save.ch\/wp-content\/uploads\/2024\/05\/004-revision_iso_9001_14001-CM4A7442_low-91938b28.jpg","datePublished":"2024-05-02T12:16:36+00:00","description":"La ISO 9001 \u00e8 lo standard pi\u00f9 importante a livello mondiale, con oltre un milione di aziende certificate. Ora la grande dama dei sistemi di gestione \u00e8 in fase di revisione.","breadcrumb":{"@id":"https:\/\/news.save.ch\/revision-der-iso-9001-14001-was-aendert-sich-fuer-unternehmen\/#breadcrumb"},"inLanguage":"it-IT","potentialAction":[{"@type":"ReadAction","target":["https:\/\/news.save.ch\/revision-der-iso-9001-14001-was-aendert-sich-fuer-unternehmen\/"]}]},{"@type":"ImageObject","inLanguage":"it-IT","@id":"https:\/\/news.save.ch\/revision-der-iso-9001-14001-was-aendert-sich-fuer-unternehmen\/#primaryimage","url":"https:\/\/news.save.ch\/wp-content\/uploads\/2024\/05\/004-revision_iso_9001_14001-CM4A7442_low-91938b28.jpg","contentUrl":"https:\/\/news.save.ch\/wp-content\/uploads\/2024\/05\/004-revision_iso_9001_14001-CM4A7442_low-91938b28.jpg"},{"@type":"BreadcrumbList","@id":"https:\/\/news.save.ch\/revision-der-iso-9001-14001-was-aendert-sich-fuer-unternehmen\/#breadcrumb","itemListElement":[{"@type":"ListItem","position":1,"name":"Home","item":"https:\/\/news.save.ch\/de\/"},{"@type":"ListItem","position":2,"name":"Revision der ISO 9001 &#038; 14001 \u2013 Was \u00e4ndert sich f\u00fcr Unternehmen?"}]},{"@type":"WebSite","@id":"https:\/\/news.save.ch\/de\/#website","url":"https:\/\/news.save.ch\/de\/","name":"Risparmiare","description":"Rivista svizzera specializzata in sicurezza","publisher":{"@id":"https:\/\/news.save.ch\/de\/#organization"},"potentialAction":[{"@type":"SearchAction","target":{"@type":"EntryPoint","urlTemplate":"https:\/\/news.save.ch\/de\/?s={search_term_string}"},"query-input":{"@type":"PropertyValueSpecification","valueRequired":true,"valueName":"search_term_string"}}],"inLanguage":"it-IT"},{"@type":"Organization","@id":"https:\/\/news.save.ch\/de\/#organization","name":"Forum sulla sicurezza","url":"https:\/\/news.save.ch\/de\/","logo":{"@type":"ImageObject","inLanguage":"it-IT","@id":"https:\/\/news.save.ch\/de\/#\/schema\/logo\/image\/","url":"https:\/\/news.save.ch\/wp-content\/uploads\/2022\/06\/Logo_SF_2012.png","contentUrl":"https:\/\/news.save.ch\/wp-content\/uploads\/2022\/06\/Logo_SF_2012.png","width":1100,"height":91,"caption":"Sicherheitsforum"},"image":{"@id":"https:\/\/news.save.ch\/de\/#\/schema\/logo\/image\/"}},{"@type":"Person","@id":"https:\/\/news.save.ch\/de\/#\/schema\/person\/10917387362b3961e882740f6cf6f2a2","name":"Stefanie Zeng","image":{"@type":"ImageObject","inLanguage":"it-IT","@id":"https:\/\/secure.gravatar.com\/avatar\/eac43faa6e40bb2c41068c95c9d78bbd94c476d5efdff7abaab80bb3ea681e06?s=96&d=mm&r=g","url":"https:\/\/secure.gravatar.com\/avatar\/eac43faa6e40bb2c41068c95c9d78bbd94c476d5efdff7abaab80bb3ea681e06?s=96&d=mm&r=g","contentUrl":"https:\/\/secure.gravatar.com\/avatar\/eac43faa6e40bb2c41068c95c9d78bbd94c476d5efdff7abaab80bb3ea681e06?s=96&d=mm&r=g","caption":"stefanie Zeng"},"url":"https:\/\/news.save.ch\/it\/author\/stefanie-zeng\/"}]}},"_links":{"self":[{"href":"https:\/\/news.save.ch\/it\/wp-json\/wp\/v2\/posts\/23049","targetHints":{"allow":["GET"]}}],"collection":[{"href":"https:\/\/news.save.ch\/it\/wp-json\/wp\/v2\/posts"}],"about":[{"href":"https:\/\/news.save.ch\/it\/wp-json\/wp\/v2\/types\/post"}],"author":[{"embeddable":true,"href":"https:\/\/news.save.ch\/it\/wp-json\/wp\/v2\/users\/31"}],"replies":[{"embeddable":true,"href":"https:\/\/news.save.ch\/it\/wp-json\/wp\/v2\/comments?post=23049"}],"version-history":[{"count":1,"href":"https:\/\/news.save.ch\/it\/wp-json\/wp\/v2\/posts\/23049\/revisions"}],"predecessor-version":[{"id":23051,"href":"https:\/\/news.save.ch\/it\/wp-json\/wp\/v2\/posts\/23049\/revisions\/23051"}],"wp:attachment":[{"href":"https:\/\/news.save.ch\/it\/wp-json\/wp\/v2\/media?parent=23049"}],"wp:term":[{"taxonomy":"category","embeddable":true,"href":"https:\/\/news.save.ch\/it\/wp-json\/wp\/v2\/categories?post=23049"},{"taxonomy":"post_tag","embeddable":true,"href":"https:\/\/news.save.ch\/it\/wp-json\/wp\/v2\/tags?post=23049"}],"curies":[{"name":"wp","href":"https:\/\/api.w.org\/{rel}","templated":true}]}}