{"id":23086,"date":"2024-05-15T10:22:54","date_gmt":"2024-05-15T08:22:54","guid":{"rendered":"https:\/\/news.save.ch\/?p=23086"},"modified":"2024-05-15T10:22:54","modified_gmt":"2024-05-15T08:22:54","slug":"bundesrat-eroeffnet-vernehmlassung-zur-verordnung-ueber-die-krisenorganisation","status":null,"type":"post","link":"https:\/\/news.save.ch\/it\/bundesrat-eroeffnet-vernehmlassung-zur-verordnung-ueber-die-krisenorganisation\/","title":{"rendered":"Il Consiglio federale apre la consultazione sull'ordinanza relativa alle organizzazioni di crisi"},"content":{"rendered":"<div class=\"contentHead\">\n<p><img loading=\"lazy\" decoding=\"async\" class=\"alignnone wp-image-23090 size-full\" src=\"https:\/\/news.save.ch\/wp-content\/uploads\/2024\/05\/galledia_amok_situation_with_police_in_switzerland_6c6828ce-cf09-4e08-af97-81bb47dc799c_1.png\" alt=\"\" width=\"1024\" height=\"1024\" srcset=\"https:\/\/news.save.ch\/wp-content\/uploads\/2024\/05\/galledia_amok_situation_with_police_in_switzerland_6c6828ce-cf09-4e08-af97-81bb47dc799c_1.png 1024w, https:\/\/news.save.ch\/wp-content\/uploads\/2024\/05\/galledia_amok_situation_with_police_in_switzerland_6c6828ce-cf09-4e08-af97-81bb47dc799c_1-680x680.png 680w, https:\/\/news.save.ch\/wp-content\/uploads\/2024\/05\/galledia_amok_situation_with_police_in_switzerland_6c6828ce-cf09-4e08-af97-81bb47dc799c_1-150x150.png 150w, https:\/\/news.save.ch\/wp-content\/uploads\/2024\/05\/galledia_amok_situation_with_police_in_switzerland_6c6828ce-cf09-4e08-af97-81bb47dc799c_1-768x768.png 768w, https:\/\/news.save.ch\/wp-content\/uploads\/2024\/05\/galledia_amok_situation_with_police_in_switzerland_6c6828ce-cf09-4e08-af97-81bb47dc799c_1-12x12.png 12w, https:\/\/news.save.ch\/wp-content\/uploads\/2024\/05\/galledia_amok_situation_with_police_in_switzerland_6c6828ce-cf09-4e08-af97-81bb47dc799c_1-300x300.png 300w, https:\/\/news.save.ch\/wp-content\/uploads\/2024\/05\/galledia_amok_situation_with_police_in_switzerland_6c6828ce-cf09-4e08-af97-81bb47dc799c_1-350x350.png 350w, https:\/\/news.save.ch\/wp-content\/uploads\/2024\/05\/galledia_amok_situation_with_police_in_switzerland_6c6828ce-cf09-4e08-af97-81bb47dc799c_1-800x800.png 800w, https:\/\/news.save.ch\/wp-content\/uploads\/2024\/05\/galledia_amok_situation_with_police_in_switzerland_6c6828ce-cf09-4e08-af97-81bb47dc799c_1-250x250.png 250w\" sizes=\"auto, (max-width: 1024px) 100vw, 1024px\" \/><\/p>\n<p><span style=\"font-size: 16px;\">In un momento di crescente incertezza globale, il 29 marzo 2023 il Consiglio federale ha preso una decisione politica per ottimizzare la gestione delle crisi. L'obiettivo \u00e8 gestire le crisi emergenti il pi\u00f9 a lungo possibile all'interno delle strutture esistenti dell'Amministrazione federale, ma con procedure accelerate per aumentare l'efficienza. Inoltre, si intende intensificare l'individuazione precoce delle crisi per poter reagire tempestivamente ai cambiamenti della situazione.<\/span><\/p>\n<\/div>\n<div class=\"mod mod-nsbnewsdetails\">\n<p>La nuova ordinanza sull'organizzazione dell'Amministrazione federale in caso di crisi \u00e8 stata elaborata sulla base della decisione del Consiglio federale sulla direzione da seguire. Il progetto di consultazione si concentra sulla riorganizzazione della gestione delle crisi dell'Amministrazione federale con tre elementi chiave:<\/p>\n<ul>\n<li>L'unit\u00e0 di crisi politico-strategica \u00e8 responsabile della preparazione delle decisioni politiche e strategiche. Di solito \u00e8 composta dai segretari generali dei dipartimenti, dai due vicecancellieri, dall'Amministrazione federale delle finanze, dall'Ufficio federale di giustizia e dalla Segreteria di Stato per l'economia.<\/li>\n<li>L'unit\u00e0 di crisi operativa coordina le misure volte a fornire all'unit\u00e0 di crisi politico-strategica informazioni rilevanti per il processo decisionale e per l'attuazione delle azioni. \u00c8 composta da rappresentanti delle unit\u00e0 di crisi in azione e di altre unit\u00e0 amministrative interessate dei dipartimenti. A questo livello dovrebbero essere coinvolti anche i rappresentanti dell'Ufficio federale di giustizia.<\/li>\n<li>Il nucleo permanente svolge un ruolo centrale nella preparazione e nella gestione delle crisi. \u00c8 composto da personale della Cancelleria federale e dell'Ufficio federale della protezione civile e, se necessario, pu\u00f2 essere integrato da esperti di vari dipartimenti. In una situazione normale, i membri lavorano nelle loro normali funzioni di linea e sono disponibili a fornire supporto in caso di crisi.<\/li>\n<\/ul>\n<h3>Approccio olistico alla gestione delle crisi<\/h3>\n<p>Un'altra componente chiave della nuova strategia \u00e8 il coinvolgimento sistematico dei Cantoni, della comunit\u00e0 scientifica e, se del caso, di altre parti interessate nelle squadre di crisi. Questa misura promuove un approccio olistico alla gestione delle crisi e garantisce che tutti i gruppi di interesse necessari siano adeguatamente rappresentati.<\/p>\n<p>L'ordinanza non si applica all'organizzazione della gestione di crisi per eventi specifici che rientrano nelle competenze delle unit\u00e0 di crisi esistenti, come l'Unit\u00e0 speciale per la presa di ostaggi e l'estorsione o l'Unit\u00e0 speciale per l'asilo. Sono escluse anche le strutture che assicurano la continuit\u00e0 operativa dell'Amministrazione federale, nonch\u00e9 il Comitato di sicurezza e il Gruppo centrale di sicurezza.<\/p>\n<p>La consultazione durer\u00e0 fino al 4 settembre 2024.<\/p>\n<p><em>Fonte: admin.ch<\/em><\/p>\n<\/div>","protected":false},"excerpt":{"rendered":"<p>In einer Zeit zunehmender globaler Unsicherheiten hat der Bundesrat bereits am 29. M\u00e4rz 2023 einen Richtungsentscheid zur Optimierung seines Krisenmanagements getroffen. Der Fokus liegt darauf, aufkommende Krisen so lange wie m\u00f6glich innerhalb der bestehenden Strukturen der Bundesverwaltung zu bew\u00e4ltigen, jedoch mit beschleunigten Verfahren zur Steigerung der Effizienz. Zudem soll die fr\u00fchzeitige Erkennung von Krisen verst\u00e4rkt [&hellip;]<\/p>\n","protected":false},"author":31,"featured_media":0,"comment_status":"closed","ping_status":"closed","sticky":false,"template":"","format":"standard","meta":{"_acf_changed":false,"pgc_sgb_lightbox_settings":"","footnotes":""},"categories":[3312],"tags":[168,1247,1503,889,467],"class_list":["post-23086","post","type-post","status-publish","format-standard","hentry","category-sicherheit","tag-bundesrat","tag-krisenbewaeltigung","tag-krisenmanagment","tag-krisensituation","tag-vernehmlassung"],"acf":[],"hkrextid":null,"publication":null,"issue":null,"workflow":null,"startPage":null,"spitzmarke":null,"_posts_by_tag_page_fields":null,"_at_widget":null,"_yoast_wpseo_primary_category":"3312","_yoast_wpseo_focuskw_text_input":null,"_yoast_wpseo_opengraph-image":null,"_yoast_wpseo_opengraph-description":null,"_yoast_wpseo_opengraph-title":null,"enclosure":null,"_yoast_wpseo_twitter-title":null,"_yoast_wpseo_twitter-description":null,"_yoast_wpseo_twitter-image":null,"_wp_old_slug":null,"_yoast_wpseo_title":null,"_yoast_wpseo_canonical":null,"yoast_head":"<!-- This site is optimized with the Yoast SEO plugin v27.4 - https:\/\/yoast.com\/product\/yoast-seo-wordpress\/ -->\n<title>Bundesrat er\u00f6ffnet Vernehmlassung zur Verordnung \u00fcber die Krisenorganisation - Save<\/title>\n<meta name=\"description\" content=\"Bundesrat er\u00f6ffnet Vernehmlassung zur Verordnung \u00fcber die Krisenorganisation.\" \/>\n<meta name=\"robots\" content=\"index, follow, max-snippet:-1, max-image-preview:large, max-video-preview:-1\" \/>\n<link rel=\"canonical\" href=\"https:\/\/news.save.ch\/it\/bundesrat-eroeffnet-vernehmlassung-zur-verordnung-ueber-die-krisenorganisation\/\" \/>\n<meta property=\"og:locale\" content=\"it_IT\" \/>\n<meta property=\"og:type\" content=\"article\" \/>\n<meta property=\"og:title\" content=\"Bundesrat er\u00f6ffnet Vernehmlassung zur Verordnung \u00fcber die Krisenorganisation - Save\" \/>\n<meta property=\"og:description\" content=\"Bundesrat er\u00f6ffnet Vernehmlassung zur Verordnung \u00fcber die Krisenorganisation.\" \/>\n<meta property=\"og:url\" content=\"https:\/\/news.save.ch\/it\/bundesrat-eroeffnet-vernehmlassung-zur-verordnung-ueber-die-krisenorganisation\/\" \/>\n<meta property=\"og:site_name\" content=\"Save\" \/>\n<meta property=\"article:published_time\" content=\"2024-05-15T08:22:54+00:00\" \/>\n<meta property=\"og:image\" content=\"https:\/\/news.save.ch\/wp-content\/uploads\/2024\/05\/galledia_amok_situation_with_police_in_switzerland_6c6828ce-cf09-4e08-af97-81bb47dc799c_1.png\" \/>\n<meta name=\"author\" content=\"stefanie Zeng\" \/>\n<meta name=\"twitter:card\" content=\"summary_large_image\" \/>\n<meta name=\"twitter:label1\" content=\"Scritto da\" \/>\n\t<meta name=\"twitter:data1\" content=\"stefanie Zeng\" \/>\n\t<meta name=\"twitter:label2\" content=\"Tempo di lettura stimato\" \/>\n\t<meta name=\"twitter:data2\" content=\"3 minuti\" \/>\n<script type=\"application\/ld+json\" class=\"yoast-schema-graph\">{\"@context\":\"https:\\\/\\\/schema.org\",\"@graph\":[{\"@type\":\"Article\",\"@id\":\"https:\\\/\\\/news.save.ch\\\/bundesrat-eroeffnet-vernehmlassung-zur-verordnung-ueber-die-krisenorganisation\\\/#article\",\"isPartOf\":{\"@id\":\"https:\\\/\\\/news.save.ch\\\/bundesrat-eroeffnet-vernehmlassung-zur-verordnung-ueber-die-krisenorganisation\\\/\"},\"author\":{\"name\":\"stefanie Zeng\",\"@id\":\"https:\\\/\\\/news.save.ch\\\/de\\\/#\\\/schema\\\/person\\\/10917387362b3961e882740f6cf6f2a2\"},\"headline\":\"Bundesrat er\u00f6ffnet Vernehmlassung zur Verordnung \u00fcber die Krisenorganisation\",\"datePublished\":\"2024-05-15T08:22:54+00:00\",\"mainEntityOfPage\":{\"@id\":\"https:\\\/\\\/news.save.ch\\\/bundesrat-eroeffnet-vernehmlassung-zur-verordnung-ueber-die-krisenorganisation\\\/\"},\"wordCount\":381,\"publisher\":{\"@id\":\"https:\\\/\\\/news.save.ch\\\/de\\\/#organization\"},\"image\":{\"@id\":\"https:\\\/\\\/news.save.ch\\\/bundesrat-eroeffnet-vernehmlassung-zur-verordnung-ueber-die-krisenorganisation\\\/#primaryimage\"},\"thumbnailUrl\":\"https:\\\/\\\/news.save.ch\\\/wp-content\\\/uploads\\\/2024\\\/05\\\/galledia_amok_situation_with_police_in_switzerland_6c6828ce-cf09-4e08-af97-81bb47dc799c_1.png\",\"keywords\":[\"Bundesrat\",\"Krisenbew\u00e4ltigung\",\"Krisenmanagment\",\"Krisensituation\",\"Vernehmlassung\"],\"articleSection\":[\"SICHERHEIT\"],\"inLanguage\":\"it-IT\"},{\"@type\":\"WebPage\",\"@id\":\"https:\\\/\\\/news.save.ch\\\/bundesrat-eroeffnet-vernehmlassung-zur-verordnung-ueber-die-krisenorganisation\\\/\",\"url\":\"https:\\\/\\\/news.save.ch\\\/bundesrat-eroeffnet-vernehmlassung-zur-verordnung-ueber-die-krisenorganisation\\\/\",\"name\":\"Bundesrat er\u00f6ffnet Vernehmlassung zur Verordnung \u00fcber die Krisenorganisation - Save\",\"isPartOf\":{\"@id\":\"https:\\\/\\\/news.save.ch\\\/de\\\/#website\"},\"primaryImageOfPage\":{\"@id\":\"https:\\\/\\\/news.save.ch\\\/bundesrat-eroeffnet-vernehmlassung-zur-verordnung-ueber-die-krisenorganisation\\\/#primaryimage\"},\"image\":{\"@id\":\"https:\\\/\\\/news.save.ch\\\/bundesrat-eroeffnet-vernehmlassung-zur-verordnung-ueber-die-krisenorganisation\\\/#primaryimage\"},\"thumbnailUrl\":\"https:\\\/\\\/news.save.ch\\\/wp-content\\\/uploads\\\/2024\\\/05\\\/galledia_amok_situation_with_police_in_switzerland_6c6828ce-cf09-4e08-af97-81bb47dc799c_1.png\",\"datePublished\":\"2024-05-15T08:22:54+00:00\",\"description\":\"Bundesrat er\u00f6ffnet Vernehmlassung zur Verordnung \u00fcber die Krisenorganisation.\",\"breadcrumb\":{\"@id\":\"https:\\\/\\\/news.save.ch\\\/bundesrat-eroeffnet-vernehmlassung-zur-verordnung-ueber-die-krisenorganisation\\\/#breadcrumb\"},\"inLanguage\":\"it-IT\",\"potentialAction\":[{\"@type\":\"ReadAction\",\"target\":[\"https:\\\/\\\/news.save.ch\\\/bundesrat-eroeffnet-vernehmlassung-zur-verordnung-ueber-die-krisenorganisation\\\/\"]}]},{\"@type\":\"ImageObject\",\"inLanguage\":\"it-IT\",\"@id\":\"https:\\\/\\\/news.save.ch\\\/bundesrat-eroeffnet-vernehmlassung-zur-verordnung-ueber-die-krisenorganisation\\\/#primaryimage\",\"url\":\"https:\\\/\\\/news.save.ch\\\/wp-content\\\/uploads\\\/2024\\\/05\\\/galledia_amok_situation_with_police_in_switzerland_6c6828ce-cf09-4e08-af97-81bb47dc799c_1.png\",\"contentUrl\":\"https:\\\/\\\/news.save.ch\\\/wp-content\\\/uploads\\\/2024\\\/05\\\/galledia_amok_situation_with_police_in_switzerland_6c6828ce-cf09-4e08-af97-81bb47dc799c_1.png\"},{\"@type\":\"BreadcrumbList\",\"@id\":\"https:\\\/\\\/news.save.ch\\\/bundesrat-eroeffnet-vernehmlassung-zur-verordnung-ueber-die-krisenorganisation\\\/#breadcrumb\",\"itemListElement\":[{\"@type\":\"ListItem\",\"position\":1,\"name\":\"Home\",\"item\":\"https:\\\/\\\/news.save.ch\\\/de\\\/\"},{\"@type\":\"ListItem\",\"position\":2,\"name\":\"Bundesrat er\u00f6ffnet Vernehmlassung zur Verordnung \u00fcber die Krisenorganisation\"}]},{\"@type\":\"WebSite\",\"@id\":\"https:\\\/\\\/news.save.ch\\\/de\\\/#website\",\"url\":\"https:\\\/\\\/news.save.ch\\\/de\\\/\",\"name\":\"Save\",\"description\":\"Schweizer Fachzeitschrift f\u00fcr Sicherheit\",\"publisher\":{\"@id\":\"https:\\\/\\\/news.save.ch\\\/de\\\/#organization\"},\"potentialAction\":[{\"@type\":\"SearchAction\",\"target\":{\"@type\":\"EntryPoint\",\"urlTemplate\":\"https:\\\/\\\/news.save.ch\\\/de\\\/?s={search_term_string}\"},\"query-input\":{\"@type\":\"PropertyValueSpecification\",\"valueRequired\":true,\"valueName\":\"search_term_string\"}}],\"inLanguage\":\"it-IT\"},{\"@type\":\"Organization\",\"@id\":\"https:\\\/\\\/news.save.ch\\\/de\\\/#organization\",\"name\":\"Sicherheitsforum\",\"url\":\"https:\\\/\\\/news.save.ch\\\/de\\\/\",\"logo\":{\"@type\":\"ImageObject\",\"inLanguage\":\"it-IT\",\"@id\":\"https:\\\/\\\/news.save.ch\\\/de\\\/#\\\/schema\\\/logo\\\/image\\\/\",\"url\":\"https:\\\/\\\/news.save.ch\\\/wp-content\\\/uploads\\\/2022\\\/06\\\/Logo_SF_2012.png\",\"contentUrl\":\"https:\\\/\\\/news.save.ch\\\/wp-content\\\/uploads\\\/2022\\\/06\\\/Logo_SF_2012.png\",\"width\":1100,\"height\":91,\"caption\":\"Sicherheitsforum\"},\"image\":{\"@id\":\"https:\\\/\\\/news.save.ch\\\/de\\\/#\\\/schema\\\/logo\\\/image\\\/\"}},{\"@type\":\"Person\",\"@id\":\"https:\\\/\\\/news.save.ch\\\/de\\\/#\\\/schema\\\/person\\\/10917387362b3961e882740f6cf6f2a2\",\"name\":\"stefanie Zeng\",\"image\":{\"@type\":\"ImageObject\",\"inLanguage\":\"it-IT\",\"@id\":\"https:\\\/\\\/secure.gravatar.com\\\/avatar\\\/eac43faa6e40bb2c41068c95c9d78bbd94c476d5efdff7abaab80bb3ea681e06?s=96&d=mm&r=g\",\"url\":\"https:\\\/\\\/secure.gravatar.com\\\/avatar\\\/eac43faa6e40bb2c41068c95c9d78bbd94c476d5efdff7abaab80bb3ea681e06?s=96&d=mm&r=g\",\"contentUrl\":\"https:\\\/\\\/secure.gravatar.com\\\/avatar\\\/eac43faa6e40bb2c41068c95c9d78bbd94c476d5efdff7abaab80bb3ea681e06?s=96&d=mm&r=g\",\"caption\":\"stefanie Zeng\"},\"url\":\"https:\\\/\\\/news.save.ch\\\/it\\\/author\\\/stefanie-zeng\\\/\"}]}<\/script>\n<!-- \/ Yoast SEO plugin. -->","yoast_head_json":{"title":"Il Consiglio federale apre la consultazione sull'ordinanza relativa alle organizzazioni di crisi - Save","description":"Il Consiglio federale apre la consultazione sull'ordinanza per l'organizzazione delle crisi.","robots":{"index":"index","follow":"follow","max-snippet":"max-snippet:-1","max-image-preview":"max-image-preview:large","max-video-preview":"max-video-preview:-1"},"canonical":"https:\/\/news.save.ch\/it\/bundesrat-eroeffnet-vernehmlassung-zur-verordnung-ueber-die-krisenorganisation\/","og_locale":"it_IT","og_type":"article","og_title":"Bundesrat er\u00f6ffnet Vernehmlassung zur Verordnung \u00fcber die Krisenorganisation - Save","og_description":"Bundesrat er\u00f6ffnet Vernehmlassung zur Verordnung \u00fcber die Krisenorganisation.","og_url":"https:\/\/news.save.ch\/it\/bundesrat-eroeffnet-vernehmlassung-zur-verordnung-ueber-die-krisenorganisation\/","og_site_name":"Save","article_published_time":"2024-05-15T08:22:54+00:00","og_image":[{"url":"https:\/\/news.save.ch\/wp-content\/uploads\/2024\/05\/galledia_amok_situation_with_police_in_switzerland_6c6828ce-cf09-4e08-af97-81bb47dc799c_1.png","type":"","width":"","height":""}],"author":"stefanie Zeng","twitter_card":"summary_large_image","twitter_misc":{"Scritto da":"stefanie Zeng","Tempo di lettura stimato":"3 minuti"},"schema":{"@context":"https:\/\/schema.org","@graph":[{"@type":"Article","@id":"https:\/\/news.save.ch\/bundesrat-eroeffnet-vernehmlassung-zur-verordnung-ueber-die-krisenorganisation\/#article","isPartOf":{"@id":"https:\/\/news.save.ch\/bundesrat-eroeffnet-vernehmlassung-zur-verordnung-ueber-die-krisenorganisation\/"},"author":{"name":"stefanie Zeng","@id":"https:\/\/news.save.ch\/de\/#\/schema\/person\/10917387362b3961e882740f6cf6f2a2"},"headline":"Bundesrat er\u00f6ffnet Vernehmlassung zur Verordnung \u00fcber die Krisenorganisation","datePublished":"2024-05-15T08:22:54+00:00","mainEntityOfPage":{"@id":"https:\/\/news.save.ch\/bundesrat-eroeffnet-vernehmlassung-zur-verordnung-ueber-die-krisenorganisation\/"},"wordCount":381,"publisher":{"@id":"https:\/\/news.save.ch\/de\/#organization"},"image":{"@id":"https:\/\/news.save.ch\/bundesrat-eroeffnet-vernehmlassung-zur-verordnung-ueber-die-krisenorganisation\/#primaryimage"},"thumbnailUrl":"https:\/\/news.save.ch\/wp-content\/uploads\/2024\/05\/galledia_amok_situation_with_police_in_switzerland_6c6828ce-cf09-4e08-af97-81bb47dc799c_1.png","keywords":["Bundesrat","Krisenbew\u00e4ltigung","Krisenmanagment","Krisensituation","Vernehmlassung"],"articleSection":["SICHERHEIT"],"inLanguage":"it-IT"},{"@type":"WebPage","@id":"https:\/\/news.save.ch\/bundesrat-eroeffnet-vernehmlassung-zur-verordnung-ueber-die-krisenorganisation\/","url":"https:\/\/news.save.ch\/bundesrat-eroeffnet-vernehmlassung-zur-verordnung-ueber-die-krisenorganisation\/","name":"Il Consiglio federale apre la consultazione sull'ordinanza relativa alle organizzazioni di crisi - Save","isPartOf":{"@id":"https:\/\/news.save.ch\/de\/#website"},"primaryImageOfPage":{"@id":"https:\/\/news.save.ch\/bundesrat-eroeffnet-vernehmlassung-zur-verordnung-ueber-die-krisenorganisation\/#primaryimage"},"image":{"@id":"https:\/\/news.save.ch\/bundesrat-eroeffnet-vernehmlassung-zur-verordnung-ueber-die-krisenorganisation\/#primaryimage"},"thumbnailUrl":"https:\/\/news.save.ch\/wp-content\/uploads\/2024\/05\/galledia_amok_situation_with_police_in_switzerland_6c6828ce-cf09-4e08-af97-81bb47dc799c_1.png","datePublished":"2024-05-15T08:22:54+00:00","description":"Il Consiglio federale apre la consultazione sull'ordinanza per l'organizzazione delle crisi.","breadcrumb":{"@id":"https:\/\/news.save.ch\/bundesrat-eroeffnet-vernehmlassung-zur-verordnung-ueber-die-krisenorganisation\/#breadcrumb"},"inLanguage":"it-IT","potentialAction":[{"@type":"ReadAction","target":["https:\/\/news.save.ch\/bundesrat-eroeffnet-vernehmlassung-zur-verordnung-ueber-die-krisenorganisation\/"]}]},{"@type":"ImageObject","inLanguage":"it-IT","@id":"https:\/\/news.save.ch\/bundesrat-eroeffnet-vernehmlassung-zur-verordnung-ueber-die-krisenorganisation\/#primaryimage","url":"https:\/\/news.save.ch\/wp-content\/uploads\/2024\/05\/galledia_amok_situation_with_police_in_switzerland_6c6828ce-cf09-4e08-af97-81bb47dc799c_1.png","contentUrl":"https:\/\/news.save.ch\/wp-content\/uploads\/2024\/05\/galledia_amok_situation_with_police_in_switzerland_6c6828ce-cf09-4e08-af97-81bb47dc799c_1.png"},{"@type":"BreadcrumbList","@id":"https:\/\/news.save.ch\/bundesrat-eroeffnet-vernehmlassung-zur-verordnung-ueber-die-krisenorganisation\/#breadcrumb","itemListElement":[{"@type":"ListItem","position":1,"name":"Home","item":"https:\/\/news.save.ch\/de\/"},{"@type":"ListItem","position":2,"name":"Bundesrat er\u00f6ffnet Vernehmlassung zur Verordnung \u00fcber die Krisenorganisation"}]},{"@type":"WebSite","@id":"https:\/\/news.save.ch\/de\/#website","url":"https:\/\/news.save.ch\/de\/","name":"Risparmiare","description":"Rivista svizzera specializzata in sicurezza","publisher":{"@id":"https:\/\/news.save.ch\/de\/#organization"},"potentialAction":[{"@type":"SearchAction","target":{"@type":"EntryPoint","urlTemplate":"https:\/\/news.save.ch\/de\/?s={search_term_string}"},"query-input":{"@type":"PropertyValueSpecification","valueRequired":true,"valueName":"search_term_string"}}],"inLanguage":"it-IT"},{"@type":"Organization","@id":"https:\/\/news.save.ch\/de\/#organization","name":"Forum sulla sicurezza","url":"https:\/\/news.save.ch\/de\/","logo":{"@type":"ImageObject","inLanguage":"it-IT","@id":"https:\/\/news.save.ch\/de\/#\/schema\/logo\/image\/","url":"https:\/\/news.save.ch\/wp-content\/uploads\/2022\/06\/Logo_SF_2012.png","contentUrl":"https:\/\/news.save.ch\/wp-content\/uploads\/2022\/06\/Logo_SF_2012.png","width":1100,"height":91,"caption":"Sicherheitsforum"},"image":{"@id":"https:\/\/news.save.ch\/de\/#\/schema\/logo\/image\/"}},{"@type":"Person","@id":"https:\/\/news.save.ch\/de\/#\/schema\/person\/10917387362b3961e882740f6cf6f2a2","name":"Stefanie Zeng","image":{"@type":"ImageObject","inLanguage":"it-IT","@id":"https:\/\/secure.gravatar.com\/avatar\/eac43faa6e40bb2c41068c95c9d78bbd94c476d5efdff7abaab80bb3ea681e06?s=96&d=mm&r=g","url":"https:\/\/secure.gravatar.com\/avatar\/eac43faa6e40bb2c41068c95c9d78bbd94c476d5efdff7abaab80bb3ea681e06?s=96&d=mm&r=g","contentUrl":"https:\/\/secure.gravatar.com\/avatar\/eac43faa6e40bb2c41068c95c9d78bbd94c476d5efdff7abaab80bb3ea681e06?s=96&d=mm&r=g","caption":"stefanie Zeng"},"url":"https:\/\/news.save.ch\/it\/author\/stefanie-zeng\/"}]}},"_links":{"self":[{"href":"https:\/\/news.save.ch\/it\/wp-json\/wp\/v2\/posts\/23086","targetHints":{"allow":["GET"]}}],"collection":[{"href":"https:\/\/news.save.ch\/it\/wp-json\/wp\/v2\/posts"}],"about":[{"href":"https:\/\/news.save.ch\/it\/wp-json\/wp\/v2\/types\/post"}],"author":[{"embeddable":true,"href":"https:\/\/news.save.ch\/it\/wp-json\/wp\/v2\/users\/31"}],"replies":[{"embeddable":true,"href":"https:\/\/news.save.ch\/it\/wp-json\/wp\/v2\/comments?post=23086"}],"version-history":[{"count":2,"href":"https:\/\/news.save.ch\/it\/wp-json\/wp\/v2\/posts\/23086\/revisions"}],"predecessor-version":[{"id":23091,"href":"https:\/\/news.save.ch\/it\/wp-json\/wp\/v2\/posts\/23086\/revisions\/23091"}],"wp:attachment":[{"href":"https:\/\/news.save.ch\/it\/wp-json\/wp\/v2\/media?parent=23086"}],"wp:term":[{"taxonomy":"category","embeddable":true,"href":"https:\/\/news.save.ch\/it\/wp-json\/wp\/v2\/categories?post=23086"},{"taxonomy":"post_tag","embeddable":true,"href":"https:\/\/news.save.ch\/it\/wp-json\/wp\/v2\/tags?post=23086"}],"curies":[{"name":"wp","href":"https:\/\/api.w.org\/{rel}","templated":true}]}}