{"id":23114,"date":"2024-05-20T13:53:36","date_gmt":"2024-05-20T11:53:36","guid":{"rendered":"https:\/\/news.save.ch\/?p=23114"},"modified":"2024-05-22T11:11:25","modified_gmt":"2024-05-22T09:11:25","slug":"schweizer-data-literacy-charta-als-grundlage-fuer-datenkompetenz","status":null,"type":"post","link":"https:\/\/news.save.ch\/it\/schweizer-data-literacy-charta-als-grundlage-fuer-datenkompetenz\/","title":{"rendered":"La Carta svizzera della competenza sui dati come base per l'alfabetizzazione sui dati\u00a0"},"content":{"rendered":"<figure id=\"attachment_23115\" aria-describedby=\"caption-attachment-23115\" style=\"width: 1000px\" class=\"wp-caption alignnone\"><img loading=\"lazy\" decoding=\"async\" class=\"size-full wp-image-23115\" src=\"https:\/\/news.save.ch\/wp-content\/uploads\/2024\/05\/Depositphotos_43443031_S.jpg\" alt=\"\" width=\"1000\" height=\"667\" srcset=\"https:\/\/news.save.ch\/wp-content\/uploads\/2024\/05\/Depositphotos_43443031_S.jpg 1000w, https:\/\/news.save.ch\/wp-content\/uploads\/2024\/05\/Depositphotos_43443031_S-680x454.jpg 680w, https:\/\/news.save.ch\/wp-content\/uploads\/2024\/05\/Depositphotos_43443031_S-768x512.jpg 768w, https:\/\/news.save.ch\/wp-content\/uploads\/2024\/05\/Depositphotos_43443031_S-18x12.jpg 18w, https:\/\/news.save.ch\/wp-content\/uploads\/2024\/05\/Depositphotos_43443031_S-375x250.jpg 375w, https:\/\/news.save.ch\/wp-content\/uploads\/2024\/05\/Depositphotos_43443031_S-525x350.jpg 525w\" sizes=\"auto, (max-width: 1000px) 100vw, 1000px\" \/><figcaption id=\"caption-attachment-23115\" class=\"wp-caption-text\">Immagine: Depositphotos\/beawolf<\/figcaption><\/figure>\n<p>Nel nostro mondo in rete, una marea di dati e informazioni deve essere valutata e analizzata in modo appropriato. Ci\u00f2 richiede una solida alfabetizzazione sui dati. L'ulteriore sviluppo dell'intelligenza artificiale (IA) rende inoltre necessario che tutti dispongano di conoscenze sufficienti sull'uso dei dati in tutti i settori della vita. La \"Carta dell'alfabetizzazione dei dati in Svizzera\" \u00e8 stata sviluppata per creare una cultura dei dati che includa la gestione autodeterminata dei dati e una valutazione sicura dei dati e delle dichiarazioni.<\/p>\n<p><strong>Che cos'\u00e8 l'alfabetizzazione ai dati?\u00a0<\/strong><\/p>\n<p>L'alfabetizzazione ai dati comprende la capacit\u00e0 di raccogliere, gestire, analizzare e utilizzare i dati in modo ponderato. I principi di protezione ed etica dei dati devono essere tenuti in considerazione. Poich\u00e9 le condizioni quadro possono cambiare, \u00e8 essenziale un'interazione continua tra i produttori di dati, come gli operatori dei siti web, e i consumatori di dati, come gli utenti dei siti web. A causa della complessit\u00e0 dell'argomento e dei rapidi sviluppi in questo settore, \u00e8 necessario un processo di apprendimento continuo. Ci\u00f2 garantir\u00e0 una gestione, uno scambio e un'interpretazione sensata dei dati.<\/p>\n<p><strong>Chi deve garantire l'alfabetizzazione dei dati?\u00a0<\/strong><\/p>\n<p>\u00c8 urgente un'interazione coordinata tra tutte le parti interessate: solo se tutti hanno la possibilit\u00e0 di scambiare e utilizzare i dati in tutti i settori in modo etico e conforme alla protezione dei dati, questi dati possono contribuire a una societ\u00e0 partecipativa. I media, l'istruzione e la politica svolgono un ruolo importante nel garantire che l'alfabetizzazione dei dati sia promossa a tutti i livelli e in tutti i settori. Occorre tenere conto degli sviluppi internazionali. Le Accademie svizzere delle arti e delle scienze e l'organizzazione \"Alfabetizzazione dei dati - Svizzera\" invitano pertanto il pubblico in generale, tutte le discipline rilevanti, i media e la politica a impegnarsi nell'alfabetizzazione dei dati e ad applicarla nei rispettivi contesti. La Carta intende contribuire ad avviare, radicare e attuare un cambiamento culturale in conformit\u00e0 con i principi della Carta dell'alfabetizzazione dei dati in Svizzera.<\/p>\n<div><a href=\"https:\/\/akademien-schweiz.ch\/de\/themen\/wissenschaftskultur\/data-literacy-charta\/\" target=\"_blank\" rel=\"noopener noreferrer\">Potete trovare la Carta dell'alfabetizzazione dei dati in Svizzera qui<\/a><\/div>\n<div><\/div>\n<div>\n<p>Il\u00a0<strong>Accademie svizzere delle arti e delle scienze (a+)<\/strong>\u00a0sono un'associazione delle quattro accademie scientifiche svizzere: l'Accademia svizzera delle scienze SCNAT, l'Accademia svizzera delle scienze umane e sociali SAGW, l'Accademia svizzera delle scienze mediche ASSM e l'Accademia svizzera delle scienze tecniche SATW. Oltre alle quattro Accademie, esse comprendono i centri di competenza TA-SWISS e Science et Cit\u00e9, nonch\u00e9 altre reti scientifiche. I giovani scienziati si riuniscono nella Young Swiss Academy. Le Accademie svizzere delle arti e delle scienze mettono in rete le scienze a livello regionale, nazionale e internazionale. Rappresentano le comunit\u00e0 scientifiche in modo disciplinare e interdisciplinare, indipendentemente dalle istituzioni e dai soggetti. La loro rete \u00e8 orientata al lungo termine e impegnata nell'eccellenza scientifica. Forniscono consulenza alla politica e alla societ\u00e0 su questioni basate sulla conoscenza e socialmente rilevanti.<\/p>\n<p><strong>\"Alfabetizzazione dei dati - Svizzera\"<\/strong>\u00a0\u00e8 un movimento interprofessionale e indipendente lanciato nel 2020 su iniziativa del Prof. Dr \u00e8s sc. Diego Kuonen e della dott.ssa Monique Lehky Hagen, \u00e8 un movimento interprofessionale e indipendente che si impegna a promuovere e implementare, in rete a livello regionale, nazionale e internazionale, le basi di un cambiamento sociale di ampia portata nell'alfabetizzazione dei dati e nel suo radicamento politico.\u00a0<a href=\"http:\/\/www.data-literacy.ch\/\" target=\"_blank\" rel=\"noopener noreferrer\">www.data-literacy.ch<br \/>\n<\/a><\/p>\n<\/div>","protected":false},"excerpt":{"rendered":"<p>In unserer vernetzten Welt muss eine Flut von Daten und Informationen angemessen eingesch\u00e4tzt und bewertet werden. Das bedingt eine solide Datenkompetenz (Data Literacy). Auch die Weiterentwicklung k\u00fcnstlicher Intelligenz (KI) macht es n\u00f6tig, dass jede und jeder \u00fcber ausreichendes Wissen \u00fcber Datennutzung in allen Bereichen des Lebens verf\u00fcgt. Die \u00abData-Literacy-Charta Schweiz\u00bb wurde erarbeitet, um eine Datenkultur [&hellip;]<\/p>\n","protected":false},"author":31,"featured_media":23115,"comment_status":"closed","ping_status":"closed","sticky":false,"template":"","format":"standard","meta":{"_acf_changed":false,"pgc_sgb_lightbox_settings":"","footnotes":""},"categories":[3313],"tags":[6417,6418,118],"class_list":["post-23114","post","type-post","status-publish","format-standard","has-post-thumbnail","hentry","category-digitalisierung","tag-data-literacy","tag-datenkompetenz","tag-datenschutz"],"acf":[],"hkrextid":null,"publication":null,"issue":null,"workflow":null,"startPage":null,"spitzmarke":null,"_posts_by_tag_page_fields":null,"_at_widget":null,"_yoast_wpseo_primary_category":"3313","_yoast_wpseo_focuskw_text_input":null,"_yoast_wpseo_opengraph-image":null,"_yoast_wpseo_opengraph-description":null,"_yoast_wpseo_opengraph-title":null,"enclosure":null,"_yoast_wpseo_twitter-title":null,"_yoast_wpseo_twitter-description":null,"_yoast_wpseo_twitter-image":null,"_wp_old_slug":null,"_yoast_wpseo_title":null,"_yoast_wpseo_canonical":null,"yoast_head":"<!-- This site is optimized with the Yoast SEO plugin v27.4 - https:\/\/yoast.com\/product\/yoast-seo-wordpress\/ -->\n<title>Schweizer Data-Literacy-Charta als Grundlage f\u00fcr Datenkompetenz\u00a0 - Save<\/title>\n<meta name=\"description\" content=\"Die Akademien der Wissenschaften Schweiz ver\u00f6ffentlichen eine Data-Literacy-Charta f\u00fcr die Schweiz.\" \/>\n<meta name=\"robots\" content=\"index, follow, max-snippet:-1, max-image-preview:large, max-video-preview:-1\" \/>\n<link rel=\"canonical\" href=\"https:\/\/news.save.ch\/it\/schweizer-data-literacy-charta-als-grundlage-fuer-datenkompetenz\/\" \/>\n<meta property=\"og:locale\" content=\"it_IT\" \/>\n<meta property=\"og:type\" content=\"article\" \/>\n<meta property=\"og:title\" content=\"Schweizer Data-Literacy-Charta als Grundlage f\u00fcr Datenkompetenz\u00a0 - Save\" \/>\n<meta property=\"og:description\" content=\"Die Akademien der Wissenschaften Schweiz ver\u00f6ffentlichen eine Data-Literacy-Charta f\u00fcr die Schweiz.\" \/>\n<meta property=\"og:url\" content=\"https:\/\/news.save.ch\/it\/schweizer-data-literacy-charta-als-grundlage-fuer-datenkompetenz\/\" \/>\n<meta property=\"og:site_name\" content=\"Save\" \/>\n<meta property=\"article:published_time\" content=\"2024-05-20T11:53:36+00:00\" \/>\n<meta property=\"article:modified_time\" content=\"2024-05-22T09:11:25+00:00\" \/>\n<meta property=\"og:image\" content=\"https:\/\/news.save.ch\/wp-content\/uploads\/2024\/05\/Depositphotos_43443031_S.jpg\" \/>\n\t<meta property=\"og:image:width\" content=\"1000\" \/>\n\t<meta property=\"og:image:height\" content=\"667\" \/>\n\t<meta property=\"og:image:type\" content=\"image\/jpeg\" \/>\n<meta name=\"author\" content=\"stefanie Zeng\" \/>\n<meta name=\"twitter:card\" content=\"summary_large_image\" \/>\n<meta name=\"twitter:label1\" content=\"Scritto da\" \/>\n\t<meta name=\"twitter:data1\" content=\"stefanie Zeng\" \/>\n\t<meta name=\"twitter:label2\" content=\"Tempo di lettura stimato\" \/>\n\t<meta name=\"twitter:data2\" content=\"3 minuti\" \/>\n<script type=\"application\/ld+json\" class=\"yoast-schema-graph\">{\"@context\":\"https:\\\/\\\/schema.org\",\"@graph\":[{\"@type\":\"Article\",\"@id\":\"https:\\\/\\\/news.save.ch\\\/schweizer-data-literacy-charta-als-grundlage-fuer-datenkompetenz\\\/#article\",\"isPartOf\":{\"@id\":\"https:\\\/\\\/news.save.ch\\\/schweizer-data-literacy-charta-als-grundlage-fuer-datenkompetenz\\\/\"},\"author\":{\"name\":\"stefanie Zeng\",\"@id\":\"https:\\\/\\\/news.save.ch\\\/de\\\/#\\\/schema\\\/person\\\/10917387362b3961e882740f6cf6f2a2\"},\"headline\":\"Schweizer Data-Literacy-Charta als Grundlage f\u00fcr Datenkompetenz\u00a0\",\"datePublished\":\"2024-05-20T11:53:36+00:00\",\"dateModified\":\"2024-05-22T09:11:25+00:00\",\"mainEntityOfPage\":{\"@id\":\"https:\\\/\\\/news.save.ch\\\/schweizer-data-literacy-charta-als-grundlage-fuer-datenkompetenz\\\/\"},\"wordCount\":489,\"publisher\":{\"@id\":\"https:\\\/\\\/news.save.ch\\\/de\\\/#organization\"},\"image\":{\"@id\":\"https:\\\/\\\/news.save.ch\\\/schweizer-data-literacy-charta-als-grundlage-fuer-datenkompetenz\\\/#primaryimage\"},\"thumbnailUrl\":\"https:\\\/\\\/news.save.ch\\\/wp-content\\\/uploads\\\/2024\\\/05\\\/Depositphotos_43443031_S.jpg\",\"keywords\":[\"Data Literacy\",\"Datenkompetenz\",\"Datenschutz\"],\"articleSection\":[\"DIGITALISIERUNG\"],\"inLanguage\":\"it-IT\"},{\"@type\":\"WebPage\",\"@id\":\"https:\\\/\\\/news.save.ch\\\/schweizer-data-literacy-charta-als-grundlage-fuer-datenkompetenz\\\/\",\"url\":\"https:\\\/\\\/news.save.ch\\\/schweizer-data-literacy-charta-als-grundlage-fuer-datenkompetenz\\\/\",\"name\":\"Schweizer Data-Literacy-Charta als Grundlage f\u00fcr Datenkompetenz\u00a0 - Save\",\"isPartOf\":{\"@id\":\"https:\\\/\\\/news.save.ch\\\/de\\\/#website\"},\"primaryImageOfPage\":{\"@id\":\"https:\\\/\\\/news.save.ch\\\/schweizer-data-literacy-charta-als-grundlage-fuer-datenkompetenz\\\/#primaryimage\"},\"image\":{\"@id\":\"https:\\\/\\\/news.save.ch\\\/schweizer-data-literacy-charta-als-grundlage-fuer-datenkompetenz\\\/#primaryimage\"},\"thumbnailUrl\":\"https:\\\/\\\/news.save.ch\\\/wp-content\\\/uploads\\\/2024\\\/05\\\/Depositphotos_43443031_S.jpg\",\"datePublished\":\"2024-05-20T11:53:36+00:00\",\"dateModified\":\"2024-05-22T09:11:25+00:00\",\"description\":\"Die Akademien der Wissenschaften Schweiz ver\u00f6ffentlichen eine Data-Literacy-Charta f\u00fcr die Schweiz.\",\"breadcrumb\":{\"@id\":\"https:\\\/\\\/news.save.ch\\\/schweizer-data-literacy-charta-als-grundlage-fuer-datenkompetenz\\\/#breadcrumb\"},\"inLanguage\":\"it-IT\",\"potentialAction\":[{\"@type\":\"ReadAction\",\"target\":[\"https:\\\/\\\/news.save.ch\\\/schweizer-data-literacy-charta-als-grundlage-fuer-datenkompetenz\\\/\"]}]},{\"@type\":\"ImageObject\",\"inLanguage\":\"it-IT\",\"@id\":\"https:\\\/\\\/news.save.ch\\\/schweizer-data-literacy-charta-als-grundlage-fuer-datenkompetenz\\\/#primaryimage\",\"url\":\"https:\\\/\\\/news.save.ch\\\/wp-content\\\/uploads\\\/2024\\\/05\\\/Depositphotos_43443031_S.jpg\",\"contentUrl\":\"https:\\\/\\\/news.save.ch\\\/wp-content\\\/uploads\\\/2024\\\/05\\\/Depositphotos_43443031_S.jpg\",\"width\":1000,\"height\":667,\"caption\":\"Bild: Depositphotos\\\/beawolf\"},{\"@type\":\"BreadcrumbList\",\"@id\":\"https:\\\/\\\/news.save.ch\\\/schweizer-data-literacy-charta-als-grundlage-fuer-datenkompetenz\\\/#breadcrumb\",\"itemListElement\":[{\"@type\":\"ListItem\",\"position\":1,\"name\":\"Home\",\"item\":\"https:\\\/\\\/news.save.ch\\\/de\\\/\"},{\"@type\":\"ListItem\",\"position\":2,\"name\":\"Schweizer Data-Literacy-Charta als Grundlage f\u00fcr Datenkompetenz\u00a0\"}]},{\"@type\":\"WebSite\",\"@id\":\"https:\\\/\\\/news.save.ch\\\/de\\\/#website\",\"url\":\"https:\\\/\\\/news.save.ch\\\/de\\\/\",\"name\":\"Save\",\"description\":\"Schweizer Fachzeitschrift f\u00fcr Sicherheit\",\"publisher\":{\"@id\":\"https:\\\/\\\/news.save.ch\\\/de\\\/#organization\"},\"potentialAction\":[{\"@type\":\"SearchAction\",\"target\":{\"@type\":\"EntryPoint\",\"urlTemplate\":\"https:\\\/\\\/news.save.ch\\\/de\\\/?s={search_term_string}\"},\"query-input\":{\"@type\":\"PropertyValueSpecification\",\"valueRequired\":true,\"valueName\":\"search_term_string\"}}],\"inLanguage\":\"it-IT\"},{\"@type\":\"Organization\",\"@id\":\"https:\\\/\\\/news.save.ch\\\/de\\\/#organization\",\"name\":\"Sicherheitsforum\",\"url\":\"https:\\\/\\\/news.save.ch\\\/de\\\/\",\"logo\":{\"@type\":\"ImageObject\",\"inLanguage\":\"it-IT\",\"@id\":\"https:\\\/\\\/news.save.ch\\\/de\\\/#\\\/schema\\\/logo\\\/image\\\/\",\"url\":\"https:\\\/\\\/news.save.ch\\\/wp-content\\\/uploads\\\/2022\\\/06\\\/Logo_SF_2012.png\",\"contentUrl\":\"https:\\\/\\\/news.save.ch\\\/wp-content\\\/uploads\\\/2022\\\/06\\\/Logo_SF_2012.png\",\"width\":1100,\"height\":91,\"caption\":\"Sicherheitsforum\"},\"image\":{\"@id\":\"https:\\\/\\\/news.save.ch\\\/de\\\/#\\\/schema\\\/logo\\\/image\\\/\"}},{\"@type\":\"Person\",\"@id\":\"https:\\\/\\\/news.save.ch\\\/de\\\/#\\\/schema\\\/person\\\/10917387362b3961e882740f6cf6f2a2\",\"name\":\"stefanie Zeng\",\"image\":{\"@type\":\"ImageObject\",\"inLanguage\":\"it-IT\",\"@id\":\"https:\\\/\\\/secure.gravatar.com\\\/avatar\\\/eac43faa6e40bb2c41068c95c9d78bbd94c476d5efdff7abaab80bb3ea681e06?s=96&d=mm&r=g\",\"url\":\"https:\\\/\\\/secure.gravatar.com\\\/avatar\\\/eac43faa6e40bb2c41068c95c9d78bbd94c476d5efdff7abaab80bb3ea681e06?s=96&d=mm&r=g\",\"contentUrl\":\"https:\\\/\\\/secure.gravatar.com\\\/avatar\\\/eac43faa6e40bb2c41068c95c9d78bbd94c476d5efdff7abaab80bb3ea681e06?s=96&d=mm&r=g\",\"caption\":\"stefanie Zeng\"},\"url\":\"https:\\\/\\\/news.save.ch\\\/it\\\/author\\\/stefanie-zeng\\\/\"}]}<\/script>\n<!-- \/ Yoast SEO plugin. -->","yoast_head_json":{"title":"La Carta svizzera dell'alfabetizzazione dei dati come base per l'alfabetizzazione dei dati - Save","description":"Le Accademie svizzere delle arti e delle scienze pubblicano una Carta dell'alfabetizzazione dei dati per la Svizzera.","robots":{"index":"index","follow":"follow","max-snippet":"max-snippet:-1","max-image-preview":"max-image-preview:large","max-video-preview":"max-video-preview:-1"},"canonical":"https:\/\/news.save.ch\/it\/schweizer-data-literacy-charta-als-grundlage-fuer-datenkompetenz\/","og_locale":"it_IT","og_type":"article","og_title":"Schweizer Data-Literacy-Charta als Grundlage f\u00fcr Datenkompetenz\u00a0 - Save","og_description":"Die Akademien der Wissenschaften Schweiz ver\u00f6ffentlichen eine Data-Literacy-Charta f\u00fcr die Schweiz.","og_url":"https:\/\/news.save.ch\/it\/schweizer-data-literacy-charta-als-grundlage-fuer-datenkompetenz\/","og_site_name":"Save","article_published_time":"2024-05-20T11:53:36+00:00","article_modified_time":"2024-05-22T09:11:25+00:00","og_image":[{"width":1000,"height":667,"url":"https:\/\/news.save.ch\/wp-content\/uploads\/2024\/05\/Depositphotos_43443031_S.jpg","type":"image\/jpeg"}],"author":"stefanie Zeng","twitter_card":"summary_large_image","twitter_misc":{"Scritto da":"stefanie Zeng","Tempo di lettura stimato":"3 minuti"},"schema":{"@context":"https:\/\/schema.org","@graph":[{"@type":"Article","@id":"https:\/\/news.save.ch\/schweizer-data-literacy-charta-als-grundlage-fuer-datenkompetenz\/#article","isPartOf":{"@id":"https:\/\/news.save.ch\/schweizer-data-literacy-charta-als-grundlage-fuer-datenkompetenz\/"},"author":{"name":"stefanie Zeng","@id":"https:\/\/news.save.ch\/de\/#\/schema\/person\/10917387362b3961e882740f6cf6f2a2"},"headline":"Schweizer Data-Literacy-Charta als Grundlage f\u00fcr Datenkompetenz\u00a0","datePublished":"2024-05-20T11:53:36+00:00","dateModified":"2024-05-22T09:11:25+00:00","mainEntityOfPage":{"@id":"https:\/\/news.save.ch\/schweizer-data-literacy-charta-als-grundlage-fuer-datenkompetenz\/"},"wordCount":489,"publisher":{"@id":"https:\/\/news.save.ch\/de\/#organization"},"image":{"@id":"https:\/\/news.save.ch\/schweizer-data-literacy-charta-als-grundlage-fuer-datenkompetenz\/#primaryimage"},"thumbnailUrl":"https:\/\/news.save.ch\/wp-content\/uploads\/2024\/05\/Depositphotos_43443031_S.jpg","keywords":["Data Literacy","Datenkompetenz","Datenschutz"],"articleSection":["DIGITALISIERUNG"],"inLanguage":"it-IT"},{"@type":"WebPage","@id":"https:\/\/news.save.ch\/schweizer-data-literacy-charta-als-grundlage-fuer-datenkompetenz\/","url":"https:\/\/news.save.ch\/schweizer-data-literacy-charta-als-grundlage-fuer-datenkompetenz\/","name":"La Carta svizzera dell'alfabetizzazione dei dati come base per l'alfabetizzazione dei dati - Save","isPartOf":{"@id":"https:\/\/news.save.ch\/de\/#website"},"primaryImageOfPage":{"@id":"https:\/\/news.save.ch\/schweizer-data-literacy-charta-als-grundlage-fuer-datenkompetenz\/#primaryimage"},"image":{"@id":"https:\/\/news.save.ch\/schweizer-data-literacy-charta-als-grundlage-fuer-datenkompetenz\/#primaryimage"},"thumbnailUrl":"https:\/\/news.save.ch\/wp-content\/uploads\/2024\/05\/Depositphotos_43443031_S.jpg","datePublished":"2024-05-20T11:53:36+00:00","dateModified":"2024-05-22T09:11:25+00:00","description":"Le Accademie svizzere delle arti e delle scienze pubblicano una Carta dell'alfabetizzazione dei dati per la Svizzera.","breadcrumb":{"@id":"https:\/\/news.save.ch\/schweizer-data-literacy-charta-als-grundlage-fuer-datenkompetenz\/#breadcrumb"},"inLanguage":"it-IT","potentialAction":[{"@type":"ReadAction","target":["https:\/\/news.save.ch\/schweizer-data-literacy-charta-als-grundlage-fuer-datenkompetenz\/"]}]},{"@type":"ImageObject","inLanguage":"it-IT","@id":"https:\/\/news.save.ch\/schweizer-data-literacy-charta-als-grundlage-fuer-datenkompetenz\/#primaryimage","url":"https:\/\/news.save.ch\/wp-content\/uploads\/2024\/05\/Depositphotos_43443031_S.jpg","contentUrl":"https:\/\/news.save.ch\/wp-content\/uploads\/2024\/05\/Depositphotos_43443031_S.jpg","width":1000,"height":667,"caption":"Bild: Depositphotos\/beawolf"},{"@type":"BreadcrumbList","@id":"https:\/\/news.save.ch\/schweizer-data-literacy-charta-als-grundlage-fuer-datenkompetenz\/#breadcrumb","itemListElement":[{"@type":"ListItem","position":1,"name":"Home","item":"https:\/\/news.save.ch\/de\/"},{"@type":"ListItem","position":2,"name":"Schweizer Data-Literacy-Charta als Grundlage f\u00fcr Datenkompetenz\u00a0"}]},{"@type":"WebSite","@id":"https:\/\/news.save.ch\/de\/#website","url":"https:\/\/news.save.ch\/de\/","name":"Risparmiare","description":"Rivista svizzera specializzata in sicurezza","publisher":{"@id":"https:\/\/news.save.ch\/de\/#organization"},"potentialAction":[{"@type":"SearchAction","target":{"@type":"EntryPoint","urlTemplate":"https:\/\/news.save.ch\/de\/?s={search_term_string}"},"query-input":{"@type":"PropertyValueSpecification","valueRequired":true,"valueName":"search_term_string"}}],"inLanguage":"it-IT"},{"@type":"Organization","@id":"https:\/\/news.save.ch\/de\/#organization","name":"Forum sulla sicurezza","url":"https:\/\/news.save.ch\/de\/","logo":{"@type":"ImageObject","inLanguage":"it-IT","@id":"https:\/\/news.save.ch\/de\/#\/schema\/logo\/image\/","url":"https:\/\/news.save.ch\/wp-content\/uploads\/2022\/06\/Logo_SF_2012.png","contentUrl":"https:\/\/news.save.ch\/wp-content\/uploads\/2022\/06\/Logo_SF_2012.png","width":1100,"height":91,"caption":"Sicherheitsforum"},"image":{"@id":"https:\/\/news.save.ch\/de\/#\/schema\/logo\/image\/"}},{"@type":"Person","@id":"https:\/\/news.save.ch\/de\/#\/schema\/person\/10917387362b3961e882740f6cf6f2a2","name":"Stefanie Zeng","image":{"@type":"ImageObject","inLanguage":"it-IT","@id":"https:\/\/secure.gravatar.com\/avatar\/eac43faa6e40bb2c41068c95c9d78bbd94c476d5efdff7abaab80bb3ea681e06?s=96&d=mm&r=g","url":"https:\/\/secure.gravatar.com\/avatar\/eac43faa6e40bb2c41068c95c9d78bbd94c476d5efdff7abaab80bb3ea681e06?s=96&d=mm&r=g","contentUrl":"https:\/\/secure.gravatar.com\/avatar\/eac43faa6e40bb2c41068c95c9d78bbd94c476d5efdff7abaab80bb3ea681e06?s=96&d=mm&r=g","caption":"stefanie Zeng"},"url":"https:\/\/news.save.ch\/it\/author\/stefanie-zeng\/"}]}},"_links":{"self":[{"href":"https:\/\/news.save.ch\/it\/wp-json\/wp\/v2\/posts\/23114","targetHints":{"allow":["GET"]}}],"collection":[{"href":"https:\/\/news.save.ch\/it\/wp-json\/wp\/v2\/posts"}],"about":[{"href":"https:\/\/news.save.ch\/it\/wp-json\/wp\/v2\/types\/post"}],"author":[{"embeddable":true,"href":"https:\/\/news.save.ch\/it\/wp-json\/wp\/v2\/users\/31"}],"replies":[{"embeddable":true,"href":"https:\/\/news.save.ch\/it\/wp-json\/wp\/v2\/comments?post=23114"}],"version-history":[{"count":2,"href":"https:\/\/news.save.ch\/it\/wp-json\/wp\/v2\/posts\/23114\/revisions"}],"predecessor-version":[{"id":23148,"href":"https:\/\/news.save.ch\/it\/wp-json\/wp\/v2\/posts\/23114\/revisions\/23148"}],"wp:featuredmedia":[{"embeddable":true,"href":"https:\/\/news.save.ch\/it\/wp-json\/wp\/v2\/media\/23115"}],"wp:attachment":[{"href":"https:\/\/news.save.ch\/it\/wp-json\/wp\/v2\/media?parent=23114"}],"wp:term":[{"taxonomy":"category","embeddable":true,"href":"https:\/\/news.save.ch\/it\/wp-json\/wp\/v2\/categories?post=23114"},{"taxonomy":"post_tag","embeddable":true,"href":"https:\/\/news.save.ch\/it\/wp-json\/wp\/v2\/tags?post=23114"}],"curies":[{"name":"wp","href":"https:\/\/api.w.org\/{rel}","templated":true}]}}