{"id":23149,"date":"2024-05-24T13:49:32","date_gmt":"2024-05-24T11:49:32","guid":{"rendered":"https:\/\/news.save.ch\/?p=23149"},"modified":"2024-05-24T13:49:56","modified_gmt":"2024-05-24T11:49:56","slug":"immer-mehr-menschen-sind-bei-der-arbeit-gestresst","status":null,"type":"post","link":"https:\/\/news.save.ch\/it\/immer-mehr-menschen-sind-bei-der-arbeit-gestresst\/","title":{"rendered":"Sempre pi\u00f9 persone sono stressate sul lavoro"},"content":{"rendered":"<div class=\"contentHead\">\n<figure id=\"attachment_23150\" aria-describedby=\"caption-attachment-23150\" style=\"width: 1000px\" class=\"wp-caption alignnone\"><a href=\"https:\/\/news.save.ch\/it\/immer-mehr-menschen-sind-bei-der-arbeit-gestresst\/depositphotos_22488617_s\/\" rel=\"attachment wp-att-23150\"><img loading=\"lazy\" decoding=\"async\" class=\"size-full wp-image-23150\" src=\"https:\/\/news.save.ch\/wp-content\/uploads\/2024\/05\/Depositphotos_22488617_S.jpg\" alt=\"\" width=\"1000\" height=\"819\" srcset=\"https:\/\/news.save.ch\/wp-content\/uploads\/2024\/05\/Depositphotos_22488617_S.jpg 1000w, https:\/\/news.save.ch\/wp-content\/uploads\/2024\/05\/Depositphotos_22488617_S-680x557.jpg 680w, https:\/\/news.save.ch\/wp-content\/uploads\/2024\/05\/Depositphotos_22488617_S-768x629.jpg 768w, https:\/\/news.save.ch\/wp-content\/uploads\/2024\/05\/Depositphotos_22488617_S-15x12.jpg 15w, https:\/\/news.save.ch\/wp-content\/uploads\/2024\/05\/Depositphotos_22488617_S-366x300.jpg 366w, https:\/\/news.save.ch\/wp-content\/uploads\/2024\/05\/Depositphotos_22488617_S-427x350.jpg 427w, https:\/\/news.save.ch\/wp-content\/uploads\/2024\/05\/Depositphotos_22488617_S-977x800.jpg 977w\" sizes=\"auto, (max-width: 1000px) 100vw, 1000px\" \/><\/a><figcaption id=\"caption-attachment-23150\" class=\"wp-caption-text\">Immagine: Depositphotos\/alphaspirit<\/figcaption><\/figure>\n<p>Pi\u00f9 della met\u00e0 (53%) delle persone stressate si sente anche emotivamente esausta sul lavoro e quindi ha un rischio maggiore di burnout. Questi sono alcuni dei risultati della pubblicazione dell'Ufficio federale di statistica (UST) su lavoro e salute.<\/p>\n<\/div>\n<div>\n<div class=\"mod mod-ws_detail\">\n<div class=\"ws_detail-press\">\n<p>Le condizioni di lavoro hanno un'influenza significativa sulla salute. I risultati dell'Indagine sulla salute in Svizzera (SGB) possono essere utilizzati per analizzare l'evoluzione di dieci rischi fisici e nove tipi di rischi psicosociali tra il 2012 e il 2022 (dettagli nel riquadro \"Fonte dei dati\").<\/p>\n<p><b>Lo stress \u00e8 frequente nel settore dei servizi sanitari e sociali.<\/b><\/p>\n<p>Nel 2022, 25% delle donne che lavorano e 21% degli uomini che lavorano hanno dichiarato di soffrire abitualmente o sempre di stress sul lavoro. Queste percentuali sono aumentate rispetto al 2012, soprattutto tra le donne: All'epoca, 17% di donne e 18% di uomini si sentivano stressati. Lo stress \u00e8 pi\u00f9 frequente nel settore dei servizi sanitari e sociali (29%). Una donna su quattro \u00e8 impiegata in questo settore.<\/p>\n<p><b>Il rischio di burnout aumenta per le donne<\/b><\/p>\n<p>La percentuale di donne che si sentono emotivamente esauste sul lavoro e sono quindi esposte a un rischio maggiore di burnout \u00e8 aumentata da 20% nel 2012 a 25% nel 2022. Per gli uomini, la percentuale corrispondente \u00e8 rimasta stabile e ammonta a 19% nel 2022. Il rischio di esaurimento emotivo \u00e8 pi\u00f9 elevato tra le persone che sperimentano lo stress sul lavoro. Oltre la met\u00e0 di loro (53%) si sente emotivamente esausta. Rispetto agli altri dipendenti, le persone emotivamente esaurite hanno una probabilit\u00e0 significativamente maggiore di mostrare segni di depressione (27% rispetto a 5%).<\/p>\n<p><b>Le molestie sessuali sono menzionate pi\u00f9 frequentemente<\/b><\/p>\n<p>Nel 2022, le donne hanno dichiarato pi\u00f9 frequentemente di aver subito discriminazioni o violenze sul lavoro rispetto agli uomini (21% rispetto a 16%). La differenza si spiega principalmente con la percentuale significativamente pi\u00f9 alta di donne che hanno subito discriminazioni sulla base del loro sesso nei dodici mesi precedenti l'indagine (8,4% rispetto a 1,5% per gli uomini). Le donne hanno anche dichiarato di aver subito molestie sessuali pi\u00f9 frequentemente degli uomini (1,7% rispetto a 0,4%). Tra le donne di et\u00e0 compresa tra i 15 e i 29 anni, la percentuale raggiungeva il 4,1%. La percentuale di donne che hanno dichiarato di aver subito molestie sessuali \u00e8 aumentata da 0,6% nel 2012 a 1,7% nel 2022.<\/p>\n<p><b>Leggero calo dei rischi fisici<\/b><\/p>\n<p>Nel 2022, 47% di uomini e 43% di donne sono stati esposti ad almeno tre dei dieci possibili rischi fisici sul lavoro. La percentuale di uomini \u00e8 quindi leggermente inferiore a quella del 2012 (50%). In particolare, l'esposizione a sostanze tossiche o nocive \u00e8 diminuita significativamente per gli uomini nel 2022 rispetto al 2012, passando da 28% a 23%. Gli unici rischi fisici menzionati pi\u00f9 frequentemente dalle donne rispetto agli uomini sono le posture dolorose e faticose (50% rispetto a 45%) e il trasporto o lo spostamento di persone (15% rispetto a 8%). Queste sollecitazioni sono particolarmente comuni nel settore dell'assistenza o quando ci si occupa di bambini piccoli.<\/p>\n<p><b>Rischi elevati nei settori dell'ospitalit\u00e0, dell'edilizia e della sanit\u00e0<\/b><\/p>\n<p>Nell'agricoltura e nell'edilizia, i rischi fisici superano nettamente quelli psicosociali. Oltre l'80% delle persone che lavorano in questi settori deve affrontare almeno tre rischi fisici. Nei settori della sanit\u00e0, della ristorazione, del commercio e dei trasporti, i rischi psicosociali sono altrettanto frequenti di quelli fisici. In questi settori, poco meno o pi\u00f9 della met\u00e0 dei lavoratori \u00e8 interessata da almeno tre rischi fisici o almeno tre rischi psicosociali.<\/p>\n<p>Negli altri settori dei servizi, le condizioni di lavoro malsane sono meno comuni e i rischi psicosociali sono pi\u00f9 frequenti di quelli fisici. La percentuale di dipendenti esposti ad almeno tre rischi fisici o tre rischi psicosociali \u00e8 pi\u00f9 alta nei settori della ristorazione, delle costruzioni e della sanit\u00e0.<\/p>\n<p><b>I gruppi di et\u00e0 pi\u00f9 giovani sono i pi\u00f9 colpiti<\/b><\/p>\n<p>Le persone di et\u00e0 inferiore ai 30 anni sono pi\u00f9 frequentemente esposte a rischi fisici sul lavoro rispetto alle fasce di et\u00e0 superiori. Questo \u00e8 particolarmente vero per gli uomini: 61% degli uomini sotto i 30 anni riferiscono almeno tre rischi fisici, rispetto a 46% dei 30-49enni e 41% dei 50-64enni. Le giovani donne sono anche pi\u00f9 spesso esposte ad almeno tre rischi psicosociali rispetto alle donne pi\u00f9 anziane. In particolare, sono pi\u00f9 stressate (32% rispetto a 26% tra le 30-49enni e 19% tra le 50-64enni) e dichiarano pi\u00f9 spesso di aver subito violenza o discriminazione (32% rispetto a 20% e 16% rispettivamente).<\/p>\n<p><em>Fonte: BfS<\/em><\/p>\n<\/div>\n<\/div>\n<\/div>","protected":false},"excerpt":{"rendered":"<p>Mehr als die H\u00e4lfte (53%) der gestressten Personen f\u00fchlen sich bei der Arbeit zudem emotional ersch\u00f6pft und haben folglich ein h\u00f6heres Burnout-Risiko. Dies sind einige Ergebnisse aus der Publikation des Bundesamtes f\u00fcr Statistik (BFS) zum Thema Arbeit und Gesundheit. Die Arbeitsbedingungen haben einen wesentlichen Einfluss auf die Gesundheit. Mit den Ergebnissen der Schweizerischen Gesundheitsbefragung (SGB) [&hellip;]<\/p>\n","protected":false},"author":31,"featured_media":0,"comment_status":"closed","ping_status":"closed","sticky":false,"template":"","format":"standard","meta":{"_acf_changed":false,"pgc_sgb_lightbox_settings":"","footnotes":""},"categories":[3314],"tags":[3361,1672,3372,1827,2160,6423,1199],"class_list":["post-23149","post","type-post","status-publish","format-standard","hentry","category-health-safety","tag-arbeitsbedingter-stress","tag-arbeitsstress","tag-bundesamt-fuer-statistik-bfs","tag-burnout","tag-gesundheit-bei-der-arbeit","tag-schweizerische-gesundheitsbefragung","tag-stress"],"acf":[],"hkrextid":null,"publication":null,"issue":null,"workflow":null,"startPage":null,"spitzmarke":null,"_posts_by_tag_page_fields":null,"_at_widget":null,"_yoast_wpseo_primary_category":"3314","_yoast_wpseo_focuskw_text_input":null,"_yoast_wpseo_opengraph-image":null,"_yoast_wpseo_opengraph-description":null,"_yoast_wpseo_opengraph-title":null,"enclosure":null,"_yoast_wpseo_twitter-title":null,"_yoast_wpseo_twitter-description":null,"_yoast_wpseo_twitter-image":null,"_wp_old_slug":null,"_yoast_wpseo_title":null,"_yoast_wpseo_canonical":null,"yoast_head":"<!-- This site is optimized with the Yoast SEO plugin v27.4 - https:\/\/yoast.com\/product\/yoast-seo-wordpress\/ -->\n<title>Immer mehr Menschen sind bei der Arbeit gestresst - Save<\/title>\n<meta name=\"description\" content=\"Der Anteil der Personen, die sich bei der Arbeit gestresst f\u00fchlen, hat sich innert zehn Jahren (2012-2022) von 18% auf 23% erh\u00f6ht.\" \/>\n<meta name=\"robots\" content=\"index, follow, max-snippet:-1, max-image-preview:large, max-video-preview:-1\" \/>\n<link rel=\"canonical\" href=\"https:\/\/news.save.ch\/it\/immer-mehr-menschen-sind-bei-der-arbeit-gestresst\/\" \/>\n<meta property=\"og:locale\" content=\"it_IT\" \/>\n<meta property=\"og:type\" content=\"article\" \/>\n<meta property=\"og:title\" content=\"Immer mehr Menschen sind bei der Arbeit gestresst - Save\" \/>\n<meta property=\"og:description\" content=\"Der Anteil der Personen, die sich bei der Arbeit gestresst f\u00fchlen, hat sich innert zehn Jahren (2012-2022) von 18% auf 23% erh\u00f6ht.\" \/>\n<meta property=\"og:url\" content=\"https:\/\/news.save.ch\/it\/immer-mehr-menschen-sind-bei-der-arbeit-gestresst\/\" \/>\n<meta property=\"og:site_name\" content=\"Save\" \/>\n<meta property=\"article:published_time\" content=\"2024-05-24T11:49:32+00:00\" \/>\n<meta property=\"article:modified_time\" content=\"2024-05-24T11:49:56+00:00\" \/>\n<meta property=\"og:image\" content=\"https:\/\/news.save.ch\/wp-content\/uploads\/2024\/05\/Depositphotos_22488617_S.jpg\" \/>\n<meta name=\"author\" content=\"stefanie Zeng\" \/>\n<meta name=\"twitter:card\" content=\"summary_large_image\" \/>\n<meta name=\"twitter:label1\" content=\"Scritto da\" \/>\n\t<meta name=\"twitter:data1\" content=\"stefanie Zeng\" \/>\n\t<meta name=\"twitter:label2\" content=\"Tempo di lettura stimato\" \/>\n\t<meta name=\"twitter:data2\" content=\"5 minuti\" \/>\n<script type=\"application\/ld+json\" class=\"yoast-schema-graph\">{\"@context\":\"https:\\\/\\\/schema.org\",\"@graph\":[{\"@type\":\"Article\",\"@id\":\"https:\\\/\\\/news.save.ch\\\/immer-mehr-menschen-sind-bei-der-arbeit-gestresst\\\/#article\",\"isPartOf\":{\"@id\":\"https:\\\/\\\/news.save.ch\\\/immer-mehr-menschen-sind-bei-der-arbeit-gestresst\\\/\"},\"author\":{\"name\":\"stefanie Zeng\",\"@id\":\"https:\\\/\\\/news.save.ch\\\/de\\\/#\\\/schema\\\/person\\\/10917387362b3961e882740f6cf6f2a2\"},\"headline\":\"Immer mehr Menschen sind bei der Arbeit gestresst\",\"datePublished\":\"2024-05-24T11:49:32+00:00\",\"dateModified\":\"2024-05-24T11:49:56+00:00\",\"mainEntityOfPage\":{\"@id\":\"https:\\\/\\\/news.save.ch\\\/immer-mehr-menschen-sind-bei-der-arbeit-gestresst\\\/\"},\"wordCount\":729,\"publisher\":{\"@id\":\"https:\\\/\\\/news.save.ch\\\/de\\\/#organization\"},\"image\":{\"@id\":\"https:\\\/\\\/news.save.ch\\\/immer-mehr-menschen-sind-bei-der-arbeit-gestresst\\\/#primaryimage\"},\"thumbnailUrl\":\"https:\\\/\\\/news.save.ch\\\/wp-content\\\/uploads\\\/2024\\\/05\\\/Depositphotos_22488617_S.jpg\",\"keywords\":[\"Arbeitsbedingter Stress\",\"Arbeitsstress\",\"Bundesamt f\u00fcr Statistik. BFS\",\"Burnout\",\"Gesundheit bei der Arbeit\",\"Schweizerische Gesundheitsbefragung\",\"Stress\"],\"articleSection\":[\"HEALTH &amp; SAFETY\"],\"inLanguage\":\"it-IT\"},{\"@type\":\"WebPage\",\"@id\":\"https:\\\/\\\/news.save.ch\\\/immer-mehr-menschen-sind-bei-der-arbeit-gestresst\\\/\",\"url\":\"https:\\\/\\\/news.save.ch\\\/immer-mehr-menschen-sind-bei-der-arbeit-gestresst\\\/\",\"name\":\"Immer mehr Menschen sind bei der Arbeit gestresst - Save\",\"isPartOf\":{\"@id\":\"https:\\\/\\\/news.save.ch\\\/de\\\/#website\"},\"primaryImageOfPage\":{\"@id\":\"https:\\\/\\\/news.save.ch\\\/immer-mehr-menschen-sind-bei-der-arbeit-gestresst\\\/#primaryimage\"},\"image\":{\"@id\":\"https:\\\/\\\/news.save.ch\\\/immer-mehr-menschen-sind-bei-der-arbeit-gestresst\\\/#primaryimage\"},\"thumbnailUrl\":\"https:\\\/\\\/news.save.ch\\\/wp-content\\\/uploads\\\/2024\\\/05\\\/Depositphotos_22488617_S.jpg\",\"datePublished\":\"2024-05-24T11:49:32+00:00\",\"dateModified\":\"2024-05-24T11:49:56+00:00\",\"description\":\"Der Anteil der Personen, die sich bei der Arbeit gestresst f\u00fchlen, hat sich innert zehn Jahren (2012-2022) von 18% auf 23% erh\u00f6ht.\",\"breadcrumb\":{\"@id\":\"https:\\\/\\\/news.save.ch\\\/immer-mehr-menschen-sind-bei-der-arbeit-gestresst\\\/#breadcrumb\"},\"inLanguage\":\"it-IT\",\"potentialAction\":[{\"@type\":\"ReadAction\",\"target\":[\"https:\\\/\\\/news.save.ch\\\/immer-mehr-menschen-sind-bei-der-arbeit-gestresst\\\/\"]}]},{\"@type\":\"ImageObject\",\"inLanguage\":\"it-IT\",\"@id\":\"https:\\\/\\\/news.save.ch\\\/immer-mehr-menschen-sind-bei-der-arbeit-gestresst\\\/#primaryimage\",\"url\":\"https:\\\/\\\/news.save.ch\\\/wp-content\\\/uploads\\\/2024\\\/05\\\/Depositphotos_22488617_S.jpg\",\"contentUrl\":\"https:\\\/\\\/news.save.ch\\\/wp-content\\\/uploads\\\/2024\\\/05\\\/Depositphotos_22488617_S.jpg\"},{\"@type\":\"BreadcrumbList\",\"@id\":\"https:\\\/\\\/news.save.ch\\\/immer-mehr-menschen-sind-bei-der-arbeit-gestresst\\\/#breadcrumb\",\"itemListElement\":[{\"@type\":\"ListItem\",\"position\":1,\"name\":\"Home\",\"item\":\"https:\\\/\\\/news.save.ch\\\/de\\\/\"},{\"@type\":\"ListItem\",\"position\":2,\"name\":\"Immer mehr Menschen sind bei der Arbeit gestresst\"}]},{\"@type\":\"WebSite\",\"@id\":\"https:\\\/\\\/news.save.ch\\\/de\\\/#website\",\"url\":\"https:\\\/\\\/news.save.ch\\\/de\\\/\",\"name\":\"Save\",\"description\":\"Schweizer Fachzeitschrift f\u00fcr Sicherheit\",\"publisher\":{\"@id\":\"https:\\\/\\\/news.save.ch\\\/de\\\/#organization\"},\"potentialAction\":[{\"@type\":\"SearchAction\",\"target\":{\"@type\":\"EntryPoint\",\"urlTemplate\":\"https:\\\/\\\/news.save.ch\\\/de\\\/?s={search_term_string}\"},\"query-input\":{\"@type\":\"PropertyValueSpecification\",\"valueRequired\":true,\"valueName\":\"search_term_string\"}}],\"inLanguage\":\"it-IT\"},{\"@type\":\"Organization\",\"@id\":\"https:\\\/\\\/news.save.ch\\\/de\\\/#organization\",\"name\":\"Sicherheitsforum\",\"url\":\"https:\\\/\\\/news.save.ch\\\/de\\\/\",\"logo\":{\"@type\":\"ImageObject\",\"inLanguage\":\"it-IT\",\"@id\":\"https:\\\/\\\/news.save.ch\\\/de\\\/#\\\/schema\\\/logo\\\/image\\\/\",\"url\":\"https:\\\/\\\/news.save.ch\\\/wp-content\\\/uploads\\\/2022\\\/06\\\/Logo_SF_2012.png\",\"contentUrl\":\"https:\\\/\\\/news.save.ch\\\/wp-content\\\/uploads\\\/2022\\\/06\\\/Logo_SF_2012.png\",\"width\":1100,\"height\":91,\"caption\":\"Sicherheitsforum\"},\"image\":{\"@id\":\"https:\\\/\\\/news.save.ch\\\/de\\\/#\\\/schema\\\/logo\\\/image\\\/\"}},{\"@type\":\"Person\",\"@id\":\"https:\\\/\\\/news.save.ch\\\/de\\\/#\\\/schema\\\/person\\\/10917387362b3961e882740f6cf6f2a2\",\"name\":\"stefanie Zeng\",\"image\":{\"@type\":\"ImageObject\",\"inLanguage\":\"it-IT\",\"@id\":\"https:\\\/\\\/secure.gravatar.com\\\/avatar\\\/eac43faa6e40bb2c41068c95c9d78bbd94c476d5efdff7abaab80bb3ea681e06?s=96&d=mm&r=g\",\"url\":\"https:\\\/\\\/secure.gravatar.com\\\/avatar\\\/eac43faa6e40bb2c41068c95c9d78bbd94c476d5efdff7abaab80bb3ea681e06?s=96&d=mm&r=g\",\"contentUrl\":\"https:\\\/\\\/secure.gravatar.com\\\/avatar\\\/eac43faa6e40bb2c41068c95c9d78bbd94c476d5efdff7abaab80bb3ea681e06?s=96&d=mm&r=g\",\"caption\":\"stefanie Zeng\"},\"url\":\"https:\\\/\\\/news.save.ch\\\/it\\\/author\\\/stefanie-zeng\\\/\"}]}<\/script>\n<!-- \/ Yoast SEO plugin. -->","yoast_head_json":{"title":"Sempre pi\u00f9 persone sono stressate al lavoro - Save","description":"La percentuale di persone che si sentono stressate sul lavoro \u00e8 aumentata da 18% a 23% in dieci anni (2012-2022).","robots":{"index":"index","follow":"follow","max-snippet":"max-snippet:-1","max-image-preview":"max-image-preview:large","max-video-preview":"max-video-preview:-1"},"canonical":"https:\/\/news.save.ch\/it\/immer-mehr-menschen-sind-bei-der-arbeit-gestresst\/","og_locale":"it_IT","og_type":"article","og_title":"Immer mehr Menschen sind bei der Arbeit gestresst - Save","og_description":"Der Anteil der Personen, die sich bei der Arbeit gestresst f\u00fchlen, hat sich innert zehn Jahren (2012-2022) von 18% auf 23% erh\u00f6ht.","og_url":"https:\/\/news.save.ch\/it\/immer-mehr-menschen-sind-bei-der-arbeit-gestresst\/","og_site_name":"Save","article_published_time":"2024-05-24T11:49:32+00:00","article_modified_time":"2024-05-24T11:49:56+00:00","og_image":[{"url":"https:\/\/news.save.ch\/wp-content\/uploads\/2024\/05\/Depositphotos_22488617_S.jpg","type":"","width":"","height":""}],"author":"stefanie Zeng","twitter_card":"summary_large_image","twitter_misc":{"Scritto da":"stefanie Zeng","Tempo di lettura stimato":"5 minuti"},"schema":{"@context":"https:\/\/schema.org","@graph":[{"@type":"Article","@id":"https:\/\/news.save.ch\/immer-mehr-menschen-sind-bei-der-arbeit-gestresst\/#article","isPartOf":{"@id":"https:\/\/news.save.ch\/immer-mehr-menschen-sind-bei-der-arbeit-gestresst\/"},"author":{"name":"stefanie Zeng","@id":"https:\/\/news.save.ch\/de\/#\/schema\/person\/10917387362b3961e882740f6cf6f2a2"},"headline":"Immer mehr Menschen sind bei der Arbeit gestresst","datePublished":"2024-05-24T11:49:32+00:00","dateModified":"2024-05-24T11:49:56+00:00","mainEntityOfPage":{"@id":"https:\/\/news.save.ch\/immer-mehr-menschen-sind-bei-der-arbeit-gestresst\/"},"wordCount":729,"publisher":{"@id":"https:\/\/news.save.ch\/de\/#organization"},"image":{"@id":"https:\/\/news.save.ch\/immer-mehr-menschen-sind-bei-der-arbeit-gestresst\/#primaryimage"},"thumbnailUrl":"https:\/\/news.save.ch\/wp-content\/uploads\/2024\/05\/Depositphotos_22488617_S.jpg","keywords":["Arbeitsbedingter Stress","Arbeitsstress","Bundesamt f\u00fcr Statistik. BFS","Burnout","Gesundheit bei der Arbeit","Schweizerische Gesundheitsbefragung","Stress"],"articleSection":["HEALTH &amp; SAFETY"],"inLanguage":"it-IT"},{"@type":"WebPage","@id":"https:\/\/news.save.ch\/immer-mehr-menschen-sind-bei-der-arbeit-gestresst\/","url":"https:\/\/news.save.ch\/immer-mehr-menschen-sind-bei-der-arbeit-gestresst\/","name":"Sempre pi\u00f9 persone sono stressate al lavoro - Save","isPartOf":{"@id":"https:\/\/news.save.ch\/de\/#website"},"primaryImageOfPage":{"@id":"https:\/\/news.save.ch\/immer-mehr-menschen-sind-bei-der-arbeit-gestresst\/#primaryimage"},"image":{"@id":"https:\/\/news.save.ch\/immer-mehr-menschen-sind-bei-der-arbeit-gestresst\/#primaryimage"},"thumbnailUrl":"https:\/\/news.save.ch\/wp-content\/uploads\/2024\/05\/Depositphotos_22488617_S.jpg","datePublished":"2024-05-24T11:49:32+00:00","dateModified":"2024-05-24T11:49:56+00:00","description":"La percentuale di persone che si sentono stressate sul lavoro \u00e8 aumentata da 18% a 23% in dieci anni (2012-2022).","breadcrumb":{"@id":"https:\/\/news.save.ch\/immer-mehr-menschen-sind-bei-der-arbeit-gestresst\/#breadcrumb"},"inLanguage":"it-IT","potentialAction":[{"@type":"ReadAction","target":["https:\/\/news.save.ch\/immer-mehr-menschen-sind-bei-der-arbeit-gestresst\/"]}]},{"@type":"ImageObject","inLanguage":"it-IT","@id":"https:\/\/news.save.ch\/immer-mehr-menschen-sind-bei-der-arbeit-gestresst\/#primaryimage","url":"https:\/\/news.save.ch\/wp-content\/uploads\/2024\/05\/Depositphotos_22488617_S.jpg","contentUrl":"https:\/\/news.save.ch\/wp-content\/uploads\/2024\/05\/Depositphotos_22488617_S.jpg"},{"@type":"BreadcrumbList","@id":"https:\/\/news.save.ch\/immer-mehr-menschen-sind-bei-der-arbeit-gestresst\/#breadcrumb","itemListElement":[{"@type":"ListItem","position":1,"name":"Home","item":"https:\/\/news.save.ch\/de\/"},{"@type":"ListItem","position":2,"name":"Immer mehr Menschen sind bei der Arbeit gestresst"}]},{"@type":"WebSite","@id":"https:\/\/news.save.ch\/de\/#website","url":"https:\/\/news.save.ch\/de\/","name":"Risparmiare","description":"Rivista svizzera specializzata in sicurezza","publisher":{"@id":"https:\/\/news.save.ch\/de\/#organization"},"potentialAction":[{"@type":"SearchAction","target":{"@type":"EntryPoint","urlTemplate":"https:\/\/news.save.ch\/de\/?s={search_term_string}"},"query-input":{"@type":"PropertyValueSpecification","valueRequired":true,"valueName":"search_term_string"}}],"inLanguage":"it-IT"},{"@type":"Organization","@id":"https:\/\/news.save.ch\/de\/#organization","name":"Forum sulla sicurezza","url":"https:\/\/news.save.ch\/de\/","logo":{"@type":"ImageObject","inLanguage":"it-IT","@id":"https:\/\/news.save.ch\/de\/#\/schema\/logo\/image\/","url":"https:\/\/news.save.ch\/wp-content\/uploads\/2022\/06\/Logo_SF_2012.png","contentUrl":"https:\/\/news.save.ch\/wp-content\/uploads\/2022\/06\/Logo_SF_2012.png","width":1100,"height":91,"caption":"Sicherheitsforum"},"image":{"@id":"https:\/\/news.save.ch\/de\/#\/schema\/logo\/image\/"}},{"@type":"Person","@id":"https:\/\/news.save.ch\/de\/#\/schema\/person\/10917387362b3961e882740f6cf6f2a2","name":"Stefanie Zeng","image":{"@type":"ImageObject","inLanguage":"it-IT","@id":"https:\/\/secure.gravatar.com\/avatar\/eac43faa6e40bb2c41068c95c9d78bbd94c476d5efdff7abaab80bb3ea681e06?s=96&d=mm&r=g","url":"https:\/\/secure.gravatar.com\/avatar\/eac43faa6e40bb2c41068c95c9d78bbd94c476d5efdff7abaab80bb3ea681e06?s=96&d=mm&r=g","contentUrl":"https:\/\/secure.gravatar.com\/avatar\/eac43faa6e40bb2c41068c95c9d78bbd94c476d5efdff7abaab80bb3ea681e06?s=96&d=mm&r=g","caption":"stefanie Zeng"},"url":"https:\/\/news.save.ch\/it\/author\/stefanie-zeng\/"}]}},"_links":{"self":[{"href":"https:\/\/news.save.ch\/it\/wp-json\/wp\/v2\/posts\/23149","targetHints":{"allow":["GET"]}}],"collection":[{"href":"https:\/\/news.save.ch\/it\/wp-json\/wp\/v2\/posts"}],"about":[{"href":"https:\/\/news.save.ch\/it\/wp-json\/wp\/v2\/types\/post"}],"author":[{"embeddable":true,"href":"https:\/\/news.save.ch\/it\/wp-json\/wp\/v2\/users\/31"}],"replies":[{"embeddable":true,"href":"https:\/\/news.save.ch\/it\/wp-json\/wp\/v2\/comments?post=23149"}],"version-history":[{"count":2,"href":"https:\/\/news.save.ch\/it\/wp-json\/wp\/v2\/posts\/23149\/revisions"}],"predecessor-version":[{"id":23152,"href":"https:\/\/news.save.ch\/it\/wp-json\/wp\/v2\/posts\/23149\/revisions\/23152"}],"wp:attachment":[{"href":"https:\/\/news.save.ch\/it\/wp-json\/wp\/v2\/media?parent=23149"}],"wp:term":[{"taxonomy":"category","embeddable":true,"href":"https:\/\/news.save.ch\/it\/wp-json\/wp\/v2\/categories?post=23149"},{"taxonomy":"post_tag","embeddable":true,"href":"https:\/\/news.save.ch\/it\/wp-json\/wp\/v2\/tags?post=23149"}],"curies":[{"name":"wp","href":"https:\/\/api.w.org\/{rel}","templated":true}]}}