{"id":23269,"date":"2024-06-20T10:30:04","date_gmt":"2024-06-20T08:30:04","guid":{"rendered":"https:\/\/news.save.ch\/?p=23269"},"modified":"2024-06-20T10:30:06","modified_gmt":"2024-06-20T08:30:06","slug":"bundesrat-veroeffentlicht-bericht-zur-bekaempfung-der-cyberkriminalitaet-in-der-schweiz","status":null,"type":"post","link":"https:\/\/news.save.ch\/it\/bundesrat-veroeffentlicht-bericht-zur-bekaempfung-der-cyberkriminalitaet-in-der-schweiz\/","title":{"rendered":"Il Consiglio federale pubblica un rapporto sulla lotta alla criminalit\u00e0 informatica in Svizzera"},"content":{"rendered":"<figure id=\"attachment_23270\" aria-describedby=\"caption-attachment-23270\" style=\"width: 999px\" class=\"wp-caption alignnone\"><a href=\"https:\/\/news.save.ch\/it\/bundesrat-veroeffentlicht-bericht-zur-bekaempfung-der-cyberkriminalitaet-in-der-schweiz\/hooded-computer-hacker-hacking-network\/\" rel=\"attachment wp-att-23270\"><img loading=\"lazy\" decoding=\"async\" class=\"size-full wp-image-23270\" src=\"https:\/\/news.save.ch\/wp-content\/uploads\/2024\/06\/Depositphotos_169153604_S.jpg\" alt=\"\" width=\"999\" height=\"396\" srcset=\"https:\/\/news.save.ch\/wp-content\/uploads\/2024\/06\/Depositphotos_169153604_S.jpg 999w, https:\/\/news.save.ch\/wp-content\/uploads\/2024\/06\/Depositphotos_169153604_S-680x270.jpg 680w, https:\/\/news.save.ch\/wp-content\/uploads\/2024\/06\/Depositphotos_169153604_S-768x304.jpg 768w, https:\/\/news.save.ch\/wp-content\/uploads\/2024\/06\/Depositphotos_169153604_S-18x7.jpg 18w, https:\/\/news.save.ch\/wp-content\/uploads\/2024\/06\/Depositphotos_169153604_S-375x149.jpg 375w, https:\/\/news.save.ch\/wp-content\/uploads\/2024\/06\/Depositphotos_169153604_S-760x301.jpg 760w\" sizes=\"auto, (max-width: 999px) 100vw, 999px\" \/><\/a><figcaption id=\"caption-attachment-23270\" class=\"wp-caption-text\">Immagine: Depositphotos\/stevanovicigor<\/figcaption><\/figure>\n<p>Il rapporto soddisfa i postulati 22.3145 Silberschmidt e 22.3017 della Commissione per la politica di sicurezza del Consiglio nazionale e analizza in dettaglio gli sviluppi e le lacune nel perseguimento dei reati informatici a livello nazionale. Entrambi i postulati riguardano principalmente le responsabilit\u00e0 e le attivit\u00e0 dei Cantoni. Per questo motivo, l'Ufficio federale di polizia (fedpol), responsabile del rapporto, ha collaborato con la Rete svizzera di sicurezza (SVS), composta in egual misura da rappresentanti della Confederazione e dei Cantoni. Inoltre, un gruppo di supporto strategico e un gruppo specializzato hanno accompagnato la stesura del rapporto. Sono stati condotti sondaggi tra le autorit\u00e0 interessate per verificare la situazione nei cantoni.<\/p>\n<p>Il rapporto mostra che la criminalit\u00e0 informatica \u00e8 in costante aumento sia in termini di numero di reati che di gravit\u00e0 ed entit\u00e0 dei danni. I Cantoni e il Ministero pubblico della Confederazione hanno pertanto creato reti e gruppi di lavoro specializzati per promuovere il coordinamento e la cooperazione in questo settore. La maggior parte dei Cantoni ha anche apportato modifiche organizzative e di personale per combattere la criminalit\u00e0 informatica in modo pi\u00f9 efficace. Hanno ampliato le loro capacit\u00e0 istituendo unit\u00e0 specializzate e creando nuove posizioni per esperti e analisti di informatica forense. Anche la maggior parte delle procure cantonali e il Ministero pubblico della Confederazione dispongono di procuratori specializzati nella lotta alla criminalit\u00e0 informatica.<\/p>\n<p>Nonostante questi sforzi, il rapporto individua delle sfide:<\/p>\n<ul>\n<li>la mancanza di risorse umane e tecniche;<\/li>\n<li>la mancanza di una base giuridica che consenta lo scambio automatico di informazioni di polizia tra i cantoni;<\/li>\n<li>la mancanza di un database nazionale che fornisca una panoramica dei casi di criminalit\u00e0 informatica in corso;<\/li>\n<li>le difficolt\u00e0 dell'assistenza giudiziaria internazionale in materia penale, relativamente lenta e non adatta alle prove elettroniche;<\/li>\n<li>i rapidi sviluppi tecnologici (intelligenza artificiale, criptovalute, metaverso, tecniche di anonimizzazione) utilizzati dai criminali;<\/li>\n<li>le poche segnalazioni che portano a non perseguire molti reati e a non scoprire serie di reati;<\/li>\n<li>gli sforzi di prevenzione ancora insufficienti in Svizzera.<\/li>\n<\/ul>\n<p>Il rapporto sottolinea la necessit\u00e0 di coordinare la prevenzione e la repressione a livello nazionale e internazionale. Sottolinea che una cooperazione ancora pi\u00f9 forte e un lavoro di prevenzione ancora pi\u00f9 intenso sono importanti per la protezione della popolazione e delle aziende.<\/p>\n<p>Un'indagine condotta tra gli esperti per la stesura del rapporto mostra che, sebbene siano stati compiuti progressi a livello organizzativo, le risorse umane e tecniche disponibili sono ancora considerate inadeguate a soddisfare le crescenti richieste e il rapido sviluppo della criminalit\u00e0 informatica. Il rapporto suggerisce che ogni Cantone effettui un'autovalutazione per garantire che le risorse disponibili siano adeguate alle sfide.<\/p>\n<p>Diverse misure di ottimizzazione sono gi\u00e0 incluse nella Strategia nazionale in materia di cibernetica (NCS) adottata dal Consiglio federale nell'aprile 2023 e approvata dai direttori cantonali della giustizia e della polizia. Il Consiglio federale ribadisce il suo impegno a intensificare costantemente le misure di lotta alla criminalit\u00e0 informatica. In particolare, ci\u00f2 include il sostegno a progetti come la piattaforma nazionale di indagine di polizia (POLAP), che facilita notevolmente lo scambio di informazioni tra le autorit\u00e0 di polizia e aumenta l'efficienza del lavoro della polizia. I Cantoni e il Governo federale stanno inoltre lavorando a una piattaforma informativa nazionale che fornir\u00e0, tra l'altro, una panoramica della criminalit\u00e0 informatica. Queste misure di cooperazione esistenti devono essere rafforzate e gli sforzi di prevenzione aumentati per raggiungere l'intera popolazione e tutte le aziende. Fedpol sta inoltre intensificando la collaborazione con Europol, Interpol ed Eurojust.<\/p>\n<p><em>Fonte: Dipartimento federale di giustizia e polizia<\/em><\/p>","protected":false},"excerpt":{"rendered":"<p>Der Bericht erf\u00fcllt die Postulate 22.3145 Silberschmidt und 22.3017 der Sicherheitspolitischen Kommission des Nationalrats und setzt sich detailliert mit den Entwicklungen und L\u00fccken in der nationalen Cyber-Strafverfolgung auseinander. Beide Postulate beziehen sich prim\u00e4r auf Zust\u00e4ndigkeiten und Aktivit\u00e4ten der Kantone. Deshalb hat das federf\u00fchrende Bundesamt f\u00fcr Polizei (fedpol) zur Erarbeitung des Berichts mit dem Sicherheitsverbund Schweiz [&hellip;]<\/p>\n","protected":false},"author":31,"featured_media":23270,"comment_status":"closed","ping_status":"closed","sticky":false,"template":"","format":"standard","meta":{"_acf_changed":false,"pgc_sgb_lightbox_settings":"","footnotes":""},"categories":[3313],"tags":[625,640],"class_list":["post-23269","post","type-post","status-publish","format-standard","has-post-thumbnail","hentry","category-digitalisierung","tag-cyberkriminalitaet","tag-ejpd"],"acf":[],"hkrextid":null,"publication":null,"issue":null,"workflow":null,"startPage":null,"spitzmarke":null,"_posts_by_tag_page_fields":null,"_at_widget":null,"_yoast_wpseo_primary_category":"3313","_yoast_wpseo_focuskw_text_input":null,"_yoast_wpseo_opengraph-image":null,"_yoast_wpseo_opengraph-description":null,"_yoast_wpseo_opengraph-title":null,"enclosure":null,"_yoast_wpseo_twitter-title":null,"_yoast_wpseo_twitter-description":null,"_yoast_wpseo_twitter-image":null,"_wp_old_slug":null,"_yoast_wpseo_title":null,"_yoast_wpseo_canonical":null,"yoast_head":"<!-- This site is optimized with the Yoast SEO plugin v27.5 - https:\/\/yoast.com\/product\/yoast-seo-wordpress\/ -->\n<title>Bundesrat ver\u00f6ffentlicht Bericht zur Bek\u00e4mpfung der Cyberkriminalit\u00e4t in der Schweiz - Save<\/title>\n<meta name=\"description\" content=\"Bundesrat ver\u00f6ffentlicht Bericht zur Bek\u00e4mpfung der Cyberkriminalit\u00e4t in der Schweiz.\" \/>\n<meta name=\"robots\" content=\"index, follow, max-snippet:-1, max-image-preview:large, max-video-preview:-1\" \/>\n<link rel=\"canonical\" href=\"https:\/\/news.save.ch\/it\/bundesrat-veroeffentlicht-bericht-zur-bekaempfung-der-cyberkriminalitaet-in-der-schweiz\/\" \/>\n<meta property=\"og:locale\" content=\"it_IT\" \/>\n<meta property=\"og:type\" content=\"article\" \/>\n<meta property=\"og:title\" content=\"Bundesrat ver\u00f6ffentlicht Bericht zur Bek\u00e4mpfung der Cyberkriminalit\u00e4t in der Schweiz - Save\" \/>\n<meta property=\"og:description\" content=\"Bundesrat ver\u00f6ffentlicht Bericht zur Bek\u00e4mpfung der Cyberkriminalit\u00e4t in der Schweiz.\" \/>\n<meta property=\"og:url\" content=\"https:\/\/news.save.ch\/it\/bundesrat-veroeffentlicht-bericht-zur-bekaempfung-der-cyberkriminalitaet-in-der-schweiz\/\" \/>\n<meta property=\"og:site_name\" content=\"Save\" \/>\n<meta property=\"article:published_time\" content=\"2024-06-20T08:30:04+00:00\" \/>\n<meta property=\"article:modified_time\" content=\"2024-06-20T08:30:06+00:00\" \/>\n<meta property=\"og:image\" content=\"https:\/\/news.save.ch\/wp-content\/uploads\/2024\/06\/Depositphotos_169153604_S.jpg\" \/>\n\t<meta property=\"og:image:width\" content=\"999\" \/>\n\t<meta property=\"og:image:height\" content=\"396\" \/>\n\t<meta property=\"og:image:type\" content=\"image\/jpeg\" \/>\n<meta name=\"author\" content=\"stefanie Zeng\" \/>\n<meta name=\"twitter:card\" content=\"summary_large_image\" \/>\n<meta name=\"twitter:label1\" content=\"Scritto da\" \/>\n\t<meta name=\"twitter:data1\" content=\"stefanie Zeng\" \/>\n\t<meta name=\"twitter:label2\" content=\"Tempo di lettura stimato\" \/>\n\t<meta name=\"twitter:data2\" content=\"4 minuti\" \/>\n<script type=\"application\/ld+json\" class=\"yoast-schema-graph\">{\"@context\":\"https:\\\/\\\/schema.org\",\"@graph\":[{\"@type\":\"Article\",\"@id\":\"https:\\\/\\\/news.save.ch\\\/bundesrat-veroeffentlicht-bericht-zur-bekaempfung-der-cyberkriminalitaet-in-der-schweiz\\\/#article\",\"isPartOf\":{\"@id\":\"https:\\\/\\\/news.save.ch\\\/bundesrat-veroeffentlicht-bericht-zur-bekaempfung-der-cyberkriminalitaet-in-der-schweiz\\\/\"},\"author\":{\"name\":\"stefanie Zeng\",\"@id\":\"https:\\\/\\\/news.save.ch\\\/de\\\/#\\\/schema\\\/person\\\/10917387362b3961e882740f6cf6f2a2\"},\"headline\":\"Bundesrat ver\u00f6ffentlicht Bericht zur Bek\u00e4mpfung der Cyberkriminalit\u00e4t in der Schweiz\",\"datePublished\":\"2024-06-20T08:30:04+00:00\",\"dateModified\":\"2024-06-20T08:30:06+00:00\",\"mainEntityOfPage\":{\"@id\":\"https:\\\/\\\/news.save.ch\\\/bundesrat-veroeffentlicht-bericht-zur-bekaempfung-der-cyberkriminalitaet-in-der-schweiz\\\/\"},\"wordCount\":592,\"publisher\":{\"@id\":\"https:\\\/\\\/news.save.ch\\\/de\\\/#organization\"},\"image\":{\"@id\":\"https:\\\/\\\/news.save.ch\\\/bundesrat-veroeffentlicht-bericht-zur-bekaempfung-der-cyberkriminalitaet-in-der-schweiz\\\/#primaryimage\"},\"thumbnailUrl\":\"https:\\\/\\\/news.save.ch\\\/wp-content\\\/uploads\\\/2024\\\/06\\\/Depositphotos_169153604_S.jpg\",\"keywords\":[\"Cyberkriminalit\u00e4t\",\"EJPD\"],\"articleSection\":[\"DIGITALISIERUNG\"],\"inLanguage\":\"it-IT\"},{\"@type\":\"WebPage\",\"@id\":\"https:\\\/\\\/news.save.ch\\\/bundesrat-veroeffentlicht-bericht-zur-bekaempfung-der-cyberkriminalitaet-in-der-schweiz\\\/\",\"url\":\"https:\\\/\\\/news.save.ch\\\/bundesrat-veroeffentlicht-bericht-zur-bekaempfung-der-cyberkriminalitaet-in-der-schweiz\\\/\",\"name\":\"Bundesrat ver\u00f6ffentlicht Bericht zur Bek\u00e4mpfung der Cyberkriminalit\u00e4t in der Schweiz - Save\",\"isPartOf\":{\"@id\":\"https:\\\/\\\/news.save.ch\\\/de\\\/#website\"},\"primaryImageOfPage\":{\"@id\":\"https:\\\/\\\/news.save.ch\\\/bundesrat-veroeffentlicht-bericht-zur-bekaempfung-der-cyberkriminalitaet-in-der-schweiz\\\/#primaryimage\"},\"image\":{\"@id\":\"https:\\\/\\\/news.save.ch\\\/bundesrat-veroeffentlicht-bericht-zur-bekaempfung-der-cyberkriminalitaet-in-der-schweiz\\\/#primaryimage\"},\"thumbnailUrl\":\"https:\\\/\\\/news.save.ch\\\/wp-content\\\/uploads\\\/2024\\\/06\\\/Depositphotos_169153604_S.jpg\",\"datePublished\":\"2024-06-20T08:30:04+00:00\",\"dateModified\":\"2024-06-20T08:30:06+00:00\",\"description\":\"Bundesrat ver\u00f6ffentlicht Bericht zur Bek\u00e4mpfung der Cyberkriminalit\u00e4t in der Schweiz.\",\"breadcrumb\":{\"@id\":\"https:\\\/\\\/news.save.ch\\\/bundesrat-veroeffentlicht-bericht-zur-bekaempfung-der-cyberkriminalitaet-in-der-schweiz\\\/#breadcrumb\"},\"inLanguage\":\"it-IT\",\"potentialAction\":[{\"@type\":\"ReadAction\",\"target\":[\"https:\\\/\\\/news.save.ch\\\/bundesrat-veroeffentlicht-bericht-zur-bekaempfung-der-cyberkriminalitaet-in-der-schweiz\\\/\"]}]},{\"@type\":\"ImageObject\",\"inLanguage\":\"it-IT\",\"@id\":\"https:\\\/\\\/news.save.ch\\\/bundesrat-veroeffentlicht-bericht-zur-bekaempfung-der-cyberkriminalitaet-in-der-schweiz\\\/#primaryimage\",\"url\":\"https:\\\/\\\/news.save.ch\\\/wp-content\\\/uploads\\\/2024\\\/06\\\/Depositphotos_169153604_S.jpg\",\"contentUrl\":\"https:\\\/\\\/news.save.ch\\\/wp-content\\\/uploads\\\/2024\\\/06\\\/Depositphotos_169153604_S.jpg\",\"width\":999,\"height\":396,\"caption\":\"Bild: Depositphotos\\\/stevanovicigor\"},{\"@type\":\"BreadcrumbList\",\"@id\":\"https:\\\/\\\/news.save.ch\\\/bundesrat-veroeffentlicht-bericht-zur-bekaempfung-der-cyberkriminalitaet-in-der-schweiz\\\/#breadcrumb\",\"itemListElement\":[{\"@type\":\"ListItem\",\"position\":1,\"name\":\"Home\",\"item\":\"https:\\\/\\\/news.save.ch\\\/de\\\/\"},{\"@type\":\"ListItem\",\"position\":2,\"name\":\"Bundesrat ver\u00f6ffentlicht Bericht zur Bek\u00e4mpfung der Cyberkriminalit\u00e4t in der Schweiz\"}]},{\"@type\":\"WebSite\",\"@id\":\"https:\\\/\\\/news.save.ch\\\/de\\\/#website\",\"url\":\"https:\\\/\\\/news.save.ch\\\/de\\\/\",\"name\":\"Save\",\"description\":\"Schweizer Fachzeitschrift f\u00fcr Sicherheit\",\"publisher\":{\"@id\":\"https:\\\/\\\/news.save.ch\\\/de\\\/#organization\"},\"potentialAction\":[{\"@type\":\"SearchAction\",\"target\":{\"@type\":\"EntryPoint\",\"urlTemplate\":\"https:\\\/\\\/news.save.ch\\\/de\\\/?s={search_term_string}\"},\"query-input\":{\"@type\":\"PropertyValueSpecification\",\"valueRequired\":true,\"valueName\":\"search_term_string\"}}],\"inLanguage\":\"it-IT\"},{\"@type\":\"Organization\",\"@id\":\"https:\\\/\\\/news.save.ch\\\/de\\\/#organization\",\"name\":\"Sicherheitsforum\",\"url\":\"https:\\\/\\\/news.save.ch\\\/de\\\/\",\"logo\":{\"@type\":\"ImageObject\",\"inLanguage\":\"it-IT\",\"@id\":\"https:\\\/\\\/news.save.ch\\\/de\\\/#\\\/schema\\\/logo\\\/image\\\/\",\"url\":\"https:\\\/\\\/news.save.ch\\\/wp-content\\\/uploads\\\/2022\\\/06\\\/Logo_SF_2012.png\",\"contentUrl\":\"https:\\\/\\\/news.save.ch\\\/wp-content\\\/uploads\\\/2022\\\/06\\\/Logo_SF_2012.png\",\"width\":1100,\"height\":91,\"caption\":\"Sicherheitsforum\"},\"image\":{\"@id\":\"https:\\\/\\\/news.save.ch\\\/de\\\/#\\\/schema\\\/logo\\\/image\\\/\"}},{\"@type\":\"Person\",\"@id\":\"https:\\\/\\\/news.save.ch\\\/de\\\/#\\\/schema\\\/person\\\/10917387362b3961e882740f6cf6f2a2\",\"name\":\"stefanie Zeng\",\"image\":{\"@type\":\"ImageObject\",\"inLanguage\":\"it-IT\",\"@id\":\"https:\\\/\\\/secure.gravatar.com\\\/avatar\\\/eac43faa6e40bb2c41068c95c9d78bbd94c476d5efdff7abaab80bb3ea681e06?s=96&d=mm&r=g\",\"url\":\"https:\\\/\\\/secure.gravatar.com\\\/avatar\\\/eac43faa6e40bb2c41068c95c9d78bbd94c476d5efdff7abaab80bb3ea681e06?s=96&d=mm&r=g\",\"contentUrl\":\"https:\\\/\\\/secure.gravatar.com\\\/avatar\\\/eac43faa6e40bb2c41068c95c9d78bbd94c476d5efdff7abaab80bb3ea681e06?s=96&d=mm&r=g\",\"caption\":\"stefanie Zeng\"},\"url\":\"https:\\\/\\\/news.save.ch\\\/it\\\/author\\\/stefanie-zeng\\\/\"}]}<\/script>\n<!-- \/ Yoast SEO plugin. -->","yoast_head_json":{"title":"Il Consiglio federale pubblica un rapporto sulla lotta alla criminalit\u00e0 informatica in Svizzera - Save","description":"Il Consiglio federale pubblica un rapporto sulla lotta alla criminalit\u00e0 informatica in Svizzera.","robots":{"index":"index","follow":"follow","max-snippet":"max-snippet:-1","max-image-preview":"max-image-preview:large","max-video-preview":"max-video-preview:-1"},"canonical":"https:\/\/news.save.ch\/it\/bundesrat-veroeffentlicht-bericht-zur-bekaempfung-der-cyberkriminalitaet-in-der-schweiz\/","og_locale":"it_IT","og_type":"article","og_title":"Bundesrat ver\u00f6ffentlicht Bericht zur Bek\u00e4mpfung der Cyberkriminalit\u00e4t in der Schweiz - Save","og_description":"Bundesrat ver\u00f6ffentlicht Bericht zur Bek\u00e4mpfung der Cyberkriminalit\u00e4t in der Schweiz.","og_url":"https:\/\/news.save.ch\/it\/bundesrat-veroeffentlicht-bericht-zur-bekaempfung-der-cyberkriminalitaet-in-der-schweiz\/","og_site_name":"Save","article_published_time":"2024-06-20T08:30:04+00:00","article_modified_time":"2024-06-20T08:30:06+00:00","og_image":[{"width":999,"height":396,"url":"https:\/\/news.save.ch\/wp-content\/uploads\/2024\/06\/Depositphotos_169153604_S.jpg","type":"image\/jpeg"}],"author":"stefanie Zeng","twitter_card":"summary_large_image","twitter_misc":{"Scritto da":"stefanie Zeng","Tempo di lettura stimato":"4 minuti"},"schema":{"@context":"https:\/\/schema.org","@graph":[{"@type":"Article","@id":"https:\/\/news.save.ch\/bundesrat-veroeffentlicht-bericht-zur-bekaempfung-der-cyberkriminalitaet-in-der-schweiz\/#article","isPartOf":{"@id":"https:\/\/news.save.ch\/bundesrat-veroeffentlicht-bericht-zur-bekaempfung-der-cyberkriminalitaet-in-der-schweiz\/"},"author":{"name":"stefanie Zeng","@id":"https:\/\/news.save.ch\/de\/#\/schema\/person\/10917387362b3961e882740f6cf6f2a2"},"headline":"Bundesrat ver\u00f6ffentlicht Bericht zur Bek\u00e4mpfung der Cyberkriminalit\u00e4t in der Schweiz","datePublished":"2024-06-20T08:30:04+00:00","dateModified":"2024-06-20T08:30:06+00:00","mainEntityOfPage":{"@id":"https:\/\/news.save.ch\/bundesrat-veroeffentlicht-bericht-zur-bekaempfung-der-cyberkriminalitaet-in-der-schweiz\/"},"wordCount":592,"publisher":{"@id":"https:\/\/news.save.ch\/de\/#organization"},"image":{"@id":"https:\/\/news.save.ch\/bundesrat-veroeffentlicht-bericht-zur-bekaempfung-der-cyberkriminalitaet-in-der-schweiz\/#primaryimage"},"thumbnailUrl":"https:\/\/news.save.ch\/wp-content\/uploads\/2024\/06\/Depositphotos_169153604_S.jpg","keywords":["Cyberkriminalit\u00e4t","EJPD"],"articleSection":["DIGITALISIERUNG"],"inLanguage":"it-IT"},{"@type":"WebPage","@id":"https:\/\/news.save.ch\/bundesrat-veroeffentlicht-bericht-zur-bekaempfung-der-cyberkriminalitaet-in-der-schweiz\/","url":"https:\/\/news.save.ch\/bundesrat-veroeffentlicht-bericht-zur-bekaempfung-der-cyberkriminalitaet-in-der-schweiz\/","name":"Il Consiglio federale pubblica un rapporto sulla lotta alla criminalit\u00e0 informatica in Svizzera - Save","isPartOf":{"@id":"https:\/\/news.save.ch\/de\/#website"},"primaryImageOfPage":{"@id":"https:\/\/news.save.ch\/bundesrat-veroeffentlicht-bericht-zur-bekaempfung-der-cyberkriminalitaet-in-der-schweiz\/#primaryimage"},"image":{"@id":"https:\/\/news.save.ch\/bundesrat-veroeffentlicht-bericht-zur-bekaempfung-der-cyberkriminalitaet-in-der-schweiz\/#primaryimage"},"thumbnailUrl":"https:\/\/news.save.ch\/wp-content\/uploads\/2024\/06\/Depositphotos_169153604_S.jpg","datePublished":"2024-06-20T08:30:04+00:00","dateModified":"2024-06-20T08:30:06+00:00","description":"Il Consiglio federale pubblica un rapporto sulla lotta alla criminalit\u00e0 informatica in Svizzera.","breadcrumb":{"@id":"https:\/\/news.save.ch\/bundesrat-veroeffentlicht-bericht-zur-bekaempfung-der-cyberkriminalitaet-in-der-schweiz\/#breadcrumb"},"inLanguage":"it-IT","potentialAction":[{"@type":"ReadAction","target":["https:\/\/news.save.ch\/bundesrat-veroeffentlicht-bericht-zur-bekaempfung-der-cyberkriminalitaet-in-der-schweiz\/"]}]},{"@type":"ImageObject","inLanguage":"it-IT","@id":"https:\/\/news.save.ch\/bundesrat-veroeffentlicht-bericht-zur-bekaempfung-der-cyberkriminalitaet-in-der-schweiz\/#primaryimage","url":"https:\/\/news.save.ch\/wp-content\/uploads\/2024\/06\/Depositphotos_169153604_S.jpg","contentUrl":"https:\/\/news.save.ch\/wp-content\/uploads\/2024\/06\/Depositphotos_169153604_S.jpg","width":999,"height":396,"caption":"Bild: Depositphotos\/stevanovicigor"},{"@type":"BreadcrumbList","@id":"https:\/\/news.save.ch\/bundesrat-veroeffentlicht-bericht-zur-bekaempfung-der-cyberkriminalitaet-in-der-schweiz\/#breadcrumb","itemListElement":[{"@type":"ListItem","position":1,"name":"Home","item":"https:\/\/news.save.ch\/de\/"},{"@type":"ListItem","position":2,"name":"Bundesrat ver\u00f6ffentlicht Bericht zur Bek\u00e4mpfung der Cyberkriminalit\u00e4t in der Schweiz"}]},{"@type":"WebSite","@id":"https:\/\/news.save.ch\/de\/#website","url":"https:\/\/news.save.ch\/de\/","name":"Risparmiare","description":"Rivista svizzera specializzata in sicurezza","publisher":{"@id":"https:\/\/news.save.ch\/de\/#organization"},"potentialAction":[{"@type":"SearchAction","target":{"@type":"EntryPoint","urlTemplate":"https:\/\/news.save.ch\/de\/?s={search_term_string}"},"query-input":{"@type":"PropertyValueSpecification","valueRequired":true,"valueName":"search_term_string"}}],"inLanguage":"it-IT"},{"@type":"Organization","@id":"https:\/\/news.save.ch\/de\/#organization","name":"Forum sulla sicurezza","url":"https:\/\/news.save.ch\/de\/","logo":{"@type":"ImageObject","inLanguage":"it-IT","@id":"https:\/\/news.save.ch\/de\/#\/schema\/logo\/image\/","url":"https:\/\/news.save.ch\/wp-content\/uploads\/2022\/06\/Logo_SF_2012.png","contentUrl":"https:\/\/news.save.ch\/wp-content\/uploads\/2022\/06\/Logo_SF_2012.png","width":1100,"height":91,"caption":"Sicherheitsforum"},"image":{"@id":"https:\/\/news.save.ch\/de\/#\/schema\/logo\/image\/"}},{"@type":"Person","@id":"https:\/\/news.save.ch\/de\/#\/schema\/person\/10917387362b3961e882740f6cf6f2a2","name":"Stefanie Zeng","image":{"@type":"ImageObject","inLanguage":"it-IT","@id":"https:\/\/secure.gravatar.com\/avatar\/eac43faa6e40bb2c41068c95c9d78bbd94c476d5efdff7abaab80bb3ea681e06?s=96&d=mm&r=g","url":"https:\/\/secure.gravatar.com\/avatar\/eac43faa6e40bb2c41068c95c9d78bbd94c476d5efdff7abaab80bb3ea681e06?s=96&d=mm&r=g","contentUrl":"https:\/\/secure.gravatar.com\/avatar\/eac43faa6e40bb2c41068c95c9d78bbd94c476d5efdff7abaab80bb3ea681e06?s=96&d=mm&r=g","caption":"stefanie Zeng"},"url":"https:\/\/news.save.ch\/it\/author\/stefanie-zeng\/"}]}},"_links":{"self":[{"href":"https:\/\/news.save.ch\/it\/wp-json\/wp\/v2\/posts\/23269","targetHints":{"allow":["GET"]}}],"collection":[{"href":"https:\/\/news.save.ch\/it\/wp-json\/wp\/v2\/posts"}],"about":[{"href":"https:\/\/news.save.ch\/it\/wp-json\/wp\/v2\/types\/post"}],"author":[{"embeddable":true,"href":"https:\/\/news.save.ch\/it\/wp-json\/wp\/v2\/users\/31"}],"replies":[{"embeddable":true,"href":"https:\/\/news.save.ch\/it\/wp-json\/wp\/v2\/comments?post=23269"}],"version-history":[{"count":2,"href":"https:\/\/news.save.ch\/it\/wp-json\/wp\/v2\/posts\/23269\/revisions"}],"predecessor-version":[{"id":23272,"href":"https:\/\/news.save.ch\/it\/wp-json\/wp\/v2\/posts\/23269\/revisions\/23272"}],"wp:featuredmedia":[{"embeddable":true,"href":"https:\/\/news.save.ch\/it\/wp-json\/wp\/v2\/media\/23270"}],"wp:attachment":[{"href":"https:\/\/news.save.ch\/it\/wp-json\/wp\/v2\/media?parent=23269"}],"wp:term":[{"taxonomy":"category","embeddable":true,"href":"https:\/\/news.save.ch\/it\/wp-json\/wp\/v2\/categories?post=23269"},{"taxonomy":"post_tag","embeddable":true,"href":"https:\/\/news.save.ch\/it\/wp-json\/wp\/v2\/tags?post=23269"}],"curies":[{"name":"wp","href":"https:\/\/api.w.org\/{rel}","templated":true}]}}