{"id":23296,"date":"2024-06-26T12:17:35","date_gmt":"2024-06-26T10:17:35","guid":{"rendered":"https:\/\/news.save.ch\/?p=23296"},"modified":"2024-06-26T12:17:35","modified_gmt":"2024-06-26T10:17:35","slug":"bewirtschaftung-der-sirenen-bund-und-kantone-klaeren-zustaendigkeiten","status":null,"type":"post","link":"https:\/\/news.save.ch\/it\/bewirtschaftung-der-sirenen-bund-und-kantone-klaeren-zustaendigkeiten\/","title":{"rendered":"Gestione delle sirene: Confederazione e Cantoni chiariscono le responsabilit\u00e0"},"content":{"rendered":"<figure id=\"attachment_22674\" aria-describedby=\"caption-attachment-22674\" style=\"width: 532px\" class=\"wp-caption alignnone\"><a href=\"https:\/\/news.save.ch\/it\/sirenen-und-alertswiss-werden-am-7-februar-2024-getestet\/image-2\/\" rel=\"attachment wp-att-22674\"><img loading=\"lazy\" decoding=\"async\" class=\"size-full wp-image-22674\" src=\"https:\/\/news.save.ch\/wp-content\/uploads\/2024\/01\/image-e1705926263645.jpg\" alt=\"\" width=\"532\" height=\"532\" srcset=\"https:\/\/news.save.ch\/wp-content\/uploads\/2024\/01\/image-e1705926263645.jpg 532w, https:\/\/news.save.ch\/wp-content\/uploads\/2024\/01\/image-e1705926263645-150x150.jpg 150w, https:\/\/news.save.ch\/wp-content\/uploads\/2024\/01\/image-e1705926263645-12x12.jpg 12w, https:\/\/news.save.ch\/wp-content\/uploads\/2024\/01\/image-e1705926263645-300x300.jpg 300w, https:\/\/news.save.ch\/wp-content\/uploads\/2024\/01\/image-e1705926263645-350x350.jpg 350w, https:\/\/news.save.ch\/wp-content\/uploads\/2024\/01\/image-e1705926263645-250x250.jpg 250w\" sizes=\"auto, (max-width: 532px) 100vw, 532px\" \/><\/a><figcaption id=\"caption-attachment-22674\" class=\"wp-caption-text\">(Foto: FOCP)<\/figcaption><\/figure>\n<p>In Svizzera sono attualmente in funzione circa 5.050 sirene fisse telecomandate per allertare la popolazione. Con la revisione totale della Legge federale sulla protezione civile (LF), il 1\u00b0 gennaio 2021, la responsabilit\u00e0 delle sirene, compreso il finanziamento, \u00e8 stata trasferita dai Cantoni alla Confederazione. La Confederazione e i Cantoni speravano che ci\u00f2 avrebbe creato sinergie ed economie di scala, ad esempio nell'acquisto delle sirene. Dalla revisione della legge nel 2021, sono emerse diverse difficolt\u00e0 pratiche e finanziarie. La scadenza originaria della fine del 2024 si \u00e8 rivelata insufficiente per l'attuazione delle nuove responsabilit\u00e0 e per una fondata rivalutazione delle competenze.<\/p>\n<h3>Gestione efficiente delle sirene<\/h3>\n<p>Con la revisione parziale della Legge sulla Protezione Civile e sulla Difesa Civile, il Consiglio Federale vuole quindi prolungare il periodo transitorio di quattro anni per analizzare attentamente e ottimizzare l'infrastruttura delle sirene. Le sirene devono continuare a essere gestite e mantenute in modo efficiente per garantire un allarme affidabile in caso di emergenza.<\/p>\n<h3>Aumento della manutenzione per sirena<\/h3>\n<p>Il messaggio presentato dal Consiglio federale al Parlamento prevede anche modifiche al sistema di compensazione. L'importo forfettario per il funzionamento e la manutenzione sar\u00e0 aumentato da un massimo di 400 franchi all'anno e per la sirena a un massimo di 600 franchi, per tenere conto dell'inflazione e dei costi effettivi.<\/p>\n<p>I Cantoni sostengono questa soluzione e l'approccio pragmatico. Il progetto di legge viene trattato con procedura d'urgenza. Il dibattito in Parlamento \u00e8 previsto per le sessioni autunnali e invernali del 2024, al fine di definire il percorso per una gestione efficiente e sostenibile delle sirene e aprire la strada agli adeguamenti necessari.<\/p>\n<p><em>Fonte: FOCP<\/em><\/p>","protected":false},"excerpt":{"rendered":"<p>In der Schweiz sind zurzeit rund 5&#8217;050 ferngesteuerte station\u00e4re Sirenen f\u00fcr die Alarmierung der Bev\u00f6lkerung in Betrieb. Mit der Totalrevision des Bev\u00f6lkerungs- und Zivilschutzgesetzes (BZG) per 1. Januar 2021 wurde die Zust\u00e4ndigkeit f\u00fcr die Sirenen inklusive Finanzierung von den Kantonen auf den Bund \u00fcbertragen. Bund und Kantone erhofften sich davon Synergien und Skaleneffekte zum Beispiel [&hellip;]<\/p>\n","protected":false},"author":31,"featured_media":0,"comment_status":"closed","ping_status":"closed","sticky":false,"template":"","format":"standard","meta":{"_acf_changed":false,"pgc_sgb_lightbox_settings":"","footnotes":""},"categories":[1,3312],"tags":[371,571,74],"class_list":["post-23296","post","type-post","status-publish","format-standard","hentry","category-allgemein","category-sicherheit","tag-bevoelkerungsschutz","tag-bundesamt-fuer-bevoelkerungsschutz","tag-sirenen"],"acf":[],"hkrextid":null,"publication":null,"issue":null,"workflow":null,"startPage":null,"spitzmarke":null,"_posts_by_tag_page_fields":null,"_at_widget":null,"_yoast_wpseo_primary_category":"1","_yoast_wpseo_focuskw_text_input":null,"_yoast_wpseo_opengraph-image":null,"_yoast_wpseo_opengraph-description":null,"_yoast_wpseo_opengraph-title":null,"enclosure":null,"_yoast_wpseo_twitter-title":null,"_yoast_wpseo_twitter-description":null,"_yoast_wpseo_twitter-image":null,"_wp_old_slug":null,"_yoast_wpseo_title":null,"_yoast_wpseo_canonical":null,"yoast_head":"<!-- This site is optimized with the Yoast SEO plugin v27.5 - https:\/\/yoast.com\/product\/yoast-seo-wordpress\/ -->\n<title>Bewirtschaftung der Sirenen: Bund und Kantone kl\u00e4ren Zust\u00e4ndigkeiten - Save<\/title>\n<meta name=\"description\" content=\"Mit Blick auf eine zukunftsf\u00e4hige Sicherheitsinfrastruktur will der Bundesrat mit den Kantonen die Zust\u00e4ndigkeiten f\u00fcr Sirenen \u00fcberarbeiten.\" \/>\n<meta name=\"robots\" content=\"index, follow, max-snippet:-1, max-image-preview:large, max-video-preview:-1\" \/>\n<link rel=\"canonical\" href=\"https:\/\/news.save.ch\/it\/bewirtschaftung-der-sirenen-bund-und-kantone-klaeren-zustaendigkeiten\/\" \/>\n<meta property=\"og:locale\" content=\"it_IT\" \/>\n<meta property=\"og:type\" content=\"article\" \/>\n<meta property=\"og:title\" content=\"Bewirtschaftung der Sirenen: Bund und Kantone kl\u00e4ren Zust\u00e4ndigkeiten - Save\" \/>\n<meta property=\"og:description\" content=\"Mit Blick auf eine zukunftsf\u00e4hige Sicherheitsinfrastruktur will der Bundesrat mit den Kantonen die Zust\u00e4ndigkeiten f\u00fcr Sirenen \u00fcberarbeiten.\" \/>\n<meta property=\"og:url\" content=\"https:\/\/news.save.ch\/it\/bewirtschaftung-der-sirenen-bund-und-kantone-klaeren-zustaendigkeiten\/\" \/>\n<meta property=\"og:site_name\" content=\"Save\" \/>\n<meta property=\"article:published_time\" content=\"2024-06-26T10:17:35+00:00\" \/>\n<meta property=\"og:image\" content=\"https:\/\/news.save.ch\/wp-content\/uploads\/2024\/01\/image-e1705926263645.jpg\" \/>\n<meta name=\"author\" content=\"stefanie Zeng\" \/>\n<meta name=\"twitter:card\" content=\"summary_large_image\" \/>\n<meta name=\"twitter:label1\" content=\"Scritto da\" \/>\n\t<meta name=\"twitter:data1\" content=\"stefanie Zeng\" \/>\n\t<meta name=\"twitter:label2\" content=\"Tempo di lettura stimato\" \/>\n\t<meta name=\"twitter:data2\" content=\"2 minuti\" \/>\n<script type=\"application\/ld+json\" class=\"yoast-schema-graph\">{\"@context\":\"https:\\\/\\\/schema.org\",\"@graph\":[{\"@type\":\"Article\",\"@id\":\"https:\\\/\\\/news.save.ch\\\/bewirtschaftung-der-sirenen-bund-und-kantone-klaeren-zustaendigkeiten\\\/#article\",\"isPartOf\":{\"@id\":\"https:\\\/\\\/news.save.ch\\\/bewirtschaftung-der-sirenen-bund-und-kantone-klaeren-zustaendigkeiten\\\/\"},\"author\":{\"name\":\"stefanie Zeng\",\"@id\":\"https:\\\/\\\/news.save.ch\\\/de\\\/#\\\/schema\\\/person\\\/10917387362b3961e882740f6cf6f2a2\"},\"headline\":\"Bewirtschaftung der Sirenen: Bund und Kantone kl\u00e4ren Zust\u00e4ndigkeiten\",\"datePublished\":\"2024-06-26T10:17:35+00:00\",\"mainEntityOfPage\":{\"@id\":\"https:\\\/\\\/news.save.ch\\\/bewirtschaftung-der-sirenen-bund-und-kantone-klaeren-zustaendigkeiten\\\/\"},\"wordCount\":282,\"publisher\":{\"@id\":\"https:\\\/\\\/news.save.ch\\\/de\\\/#organization\"},\"image\":{\"@id\":\"https:\\\/\\\/news.save.ch\\\/bewirtschaftung-der-sirenen-bund-und-kantone-klaeren-zustaendigkeiten\\\/#primaryimage\"},\"thumbnailUrl\":\"https:\\\/\\\/news.save.ch\\\/wp-content\\\/uploads\\\/2024\\\/01\\\/image-e1705926263645.jpg\",\"keywords\":[\"Bev\u00f6lkerungsschutz\",\"Bundesamt f\u00fcr Bev\u00f6lkerungsschutz\",\"Sirenen\"],\"articleSection\":[\"ALLGEMEIN\",\"SICHERHEIT\"],\"inLanguage\":\"it-IT\"},{\"@type\":\"WebPage\",\"@id\":\"https:\\\/\\\/news.save.ch\\\/bewirtschaftung-der-sirenen-bund-und-kantone-klaeren-zustaendigkeiten\\\/\",\"url\":\"https:\\\/\\\/news.save.ch\\\/bewirtschaftung-der-sirenen-bund-und-kantone-klaeren-zustaendigkeiten\\\/\",\"name\":\"Bewirtschaftung der Sirenen: Bund und Kantone kl\u00e4ren Zust\u00e4ndigkeiten - Save\",\"isPartOf\":{\"@id\":\"https:\\\/\\\/news.save.ch\\\/de\\\/#website\"},\"primaryImageOfPage\":{\"@id\":\"https:\\\/\\\/news.save.ch\\\/bewirtschaftung-der-sirenen-bund-und-kantone-klaeren-zustaendigkeiten\\\/#primaryimage\"},\"image\":{\"@id\":\"https:\\\/\\\/news.save.ch\\\/bewirtschaftung-der-sirenen-bund-und-kantone-klaeren-zustaendigkeiten\\\/#primaryimage\"},\"thumbnailUrl\":\"https:\\\/\\\/news.save.ch\\\/wp-content\\\/uploads\\\/2024\\\/01\\\/image-e1705926263645.jpg\",\"datePublished\":\"2024-06-26T10:17:35+00:00\",\"description\":\"Mit Blick auf eine zukunftsf\u00e4hige Sicherheitsinfrastruktur will der Bundesrat mit den Kantonen die Zust\u00e4ndigkeiten f\u00fcr Sirenen \u00fcberarbeiten.\",\"breadcrumb\":{\"@id\":\"https:\\\/\\\/news.save.ch\\\/bewirtschaftung-der-sirenen-bund-und-kantone-klaeren-zustaendigkeiten\\\/#breadcrumb\"},\"inLanguage\":\"it-IT\",\"potentialAction\":[{\"@type\":\"ReadAction\",\"target\":[\"https:\\\/\\\/news.save.ch\\\/bewirtschaftung-der-sirenen-bund-und-kantone-klaeren-zustaendigkeiten\\\/\"]}]},{\"@type\":\"ImageObject\",\"inLanguage\":\"it-IT\",\"@id\":\"https:\\\/\\\/news.save.ch\\\/bewirtschaftung-der-sirenen-bund-und-kantone-klaeren-zustaendigkeiten\\\/#primaryimage\",\"url\":\"https:\\\/\\\/news.save.ch\\\/wp-content\\\/uploads\\\/2024\\\/01\\\/image-e1705926263645.jpg\",\"contentUrl\":\"https:\\\/\\\/news.save.ch\\\/wp-content\\\/uploads\\\/2024\\\/01\\\/image-e1705926263645.jpg\"},{\"@type\":\"BreadcrumbList\",\"@id\":\"https:\\\/\\\/news.save.ch\\\/bewirtschaftung-der-sirenen-bund-und-kantone-klaeren-zustaendigkeiten\\\/#breadcrumb\",\"itemListElement\":[{\"@type\":\"ListItem\",\"position\":1,\"name\":\"Home\",\"item\":\"https:\\\/\\\/news.save.ch\\\/de\\\/\"},{\"@type\":\"ListItem\",\"position\":2,\"name\":\"Bewirtschaftung der Sirenen: Bund und Kantone kl\u00e4ren Zust\u00e4ndigkeiten\"}]},{\"@type\":\"WebSite\",\"@id\":\"https:\\\/\\\/news.save.ch\\\/de\\\/#website\",\"url\":\"https:\\\/\\\/news.save.ch\\\/de\\\/\",\"name\":\"Save\",\"description\":\"Schweizer Fachzeitschrift f\u00fcr Sicherheit\",\"publisher\":{\"@id\":\"https:\\\/\\\/news.save.ch\\\/de\\\/#organization\"},\"potentialAction\":[{\"@type\":\"SearchAction\",\"target\":{\"@type\":\"EntryPoint\",\"urlTemplate\":\"https:\\\/\\\/news.save.ch\\\/de\\\/?s={search_term_string}\"},\"query-input\":{\"@type\":\"PropertyValueSpecification\",\"valueRequired\":true,\"valueName\":\"search_term_string\"}}],\"inLanguage\":\"it-IT\"},{\"@type\":\"Organization\",\"@id\":\"https:\\\/\\\/news.save.ch\\\/de\\\/#organization\",\"name\":\"Sicherheitsforum\",\"url\":\"https:\\\/\\\/news.save.ch\\\/de\\\/\",\"logo\":{\"@type\":\"ImageObject\",\"inLanguage\":\"it-IT\",\"@id\":\"https:\\\/\\\/news.save.ch\\\/de\\\/#\\\/schema\\\/logo\\\/image\\\/\",\"url\":\"https:\\\/\\\/news.save.ch\\\/wp-content\\\/uploads\\\/2022\\\/06\\\/Logo_SF_2012.png\",\"contentUrl\":\"https:\\\/\\\/news.save.ch\\\/wp-content\\\/uploads\\\/2022\\\/06\\\/Logo_SF_2012.png\",\"width\":1100,\"height\":91,\"caption\":\"Sicherheitsforum\"},\"image\":{\"@id\":\"https:\\\/\\\/news.save.ch\\\/de\\\/#\\\/schema\\\/logo\\\/image\\\/\"}},{\"@type\":\"Person\",\"@id\":\"https:\\\/\\\/news.save.ch\\\/de\\\/#\\\/schema\\\/person\\\/10917387362b3961e882740f6cf6f2a2\",\"name\":\"stefanie Zeng\",\"image\":{\"@type\":\"ImageObject\",\"inLanguage\":\"it-IT\",\"@id\":\"https:\\\/\\\/secure.gravatar.com\\\/avatar\\\/eac43faa6e40bb2c41068c95c9d78bbd94c476d5efdff7abaab80bb3ea681e06?s=96&d=mm&r=g\",\"url\":\"https:\\\/\\\/secure.gravatar.com\\\/avatar\\\/eac43faa6e40bb2c41068c95c9d78bbd94c476d5efdff7abaab80bb3ea681e06?s=96&d=mm&r=g\",\"contentUrl\":\"https:\\\/\\\/secure.gravatar.com\\\/avatar\\\/eac43faa6e40bb2c41068c95c9d78bbd94c476d5efdff7abaab80bb3ea681e06?s=96&d=mm&r=g\",\"caption\":\"stefanie Zeng\"},\"url\":\"https:\\\/\\\/news.save.ch\\\/it\\\/author\\\/stefanie-zeng\\\/\"}]}<\/script>\n<!-- \/ Yoast SEO plugin. -->","yoast_head_json":{"title":"Gestione delle sirene: Confederazione e Cantoni chiariscono le responsabilit\u00e0 - Save","description":"Nell'ottica di un'infrastruttura di sicurezza sostenibile, il Consiglio federale intende collaborare con i Cantoni per rivedere le competenze in materia di sirene.","robots":{"index":"index","follow":"follow","max-snippet":"max-snippet:-1","max-image-preview":"max-image-preview:large","max-video-preview":"max-video-preview:-1"},"canonical":"https:\/\/news.save.ch\/it\/bewirtschaftung-der-sirenen-bund-und-kantone-klaeren-zustaendigkeiten\/","og_locale":"it_IT","og_type":"article","og_title":"Bewirtschaftung der Sirenen: Bund und Kantone kl\u00e4ren Zust\u00e4ndigkeiten - Save","og_description":"Mit Blick auf eine zukunftsf\u00e4hige Sicherheitsinfrastruktur will der Bundesrat mit den Kantonen die Zust\u00e4ndigkeiten f\u00fcr Sirenen \u00fcberarbeiten.","og_url":"https:\/\/news.save.ch\/it\/bewirtschaftung-der-sirenen-bund-und-kantone-klaeren-zustaendigkeiten\/","og_site_name":"Save","article_published_time":"2024-06-26T10:17:35+00:00","og_image":[{"url":"https:\/\/news.save.ch\/wp-content\/uploads\/2024\/01\/image-e1705926263645.jpg","type":"","width":"","height":""}],"author":"stefanie Zeng","twitter_card":"summary_large_image","twitter_misc":{"Scritto da":"stefanie Zeng","Tempo di lettura stimato":"2 minuti"},"schema":{"@context":"https:\/\/schema.org","@graph":[{"@type":"Article","@id":"https:\/\/news.save.ch\/bewirtschaftung-der-sirenen-bund-und-kantone-klaeren-zustaendigkeiten\/#article","isPartOf":{"@id":"https:\/\/news.save.ch\/bewirtschaftung-der-sirenen-bund-und-kantone-klaeren-zustaendigkeiten\/"},"author":{"name":"stefanie Zeng","@id":"https:\/\/news.save.ch\/de\/#\/schema\/person\/10917387362b3961e882740f6cf6f2a2"},"headline":"Bewirtschaftung der Sirenen: Bund und Kantone kl\u00e4ren Zust\u00e4ndigkeiten","datePublished":"2024-06-26T10:17:35+00:00","mainEntityOfPage":{"@id":"https:\/\/news.save.ch\/bewirtschaftung-der-sirenen-bund-und-kantone-klaeren-zustaendigkeiten\/"},"wordCount":282,"publisher":{"@id":"https:\/\/news.save.ch\/de\/#organization"},"image":{"@id":"https:\/\/news.save.ch\/bewirtschaftung-der-sirenen-bund-und-kantone-klaeren-zustaendigkeiten\/#primaryimage"},"thumbnailUrl":"https:\/\/news.save.ch\/wp-content\/uploads\/2024\/01\/image-e1705926263645.jpg","keywords":["Bev\u00f6lkerungsschutz","Bundesamt f\u00fcr Bev\u00f6lkerungsschutz","Sirenen"],"articleSection":["ALLGEMEIN","SICHERHEIT"],"inLanguage":"it-IT"},{"@type":"WebPage","@id":"https:\/\/news.save.ch\/bewirtschaftung-der-sirenen-bund-und-kantone-klaeren-zustaendigkeiten\/","url":"https:\/\/news.save.ch\/bewirtschaftung-der-sirenen-bund-und-kantone-klaeren-zustaendigkeiten\/","name":"Gestione delle sirene: Confederazione e Cantoni chiariscono le responsabilit\u00e0 - Save","isPartOf":{"@id":"https:\/\/news.save.ch\/de\/#website"},"primaryImageOfPage":{"@id":"https:\/\/news.save.ch\/bewirtschaftung-der-sirenen-bund-und-kantone-klaeren-zustaendigkeiten\/#primaryimage"},"image":{"@id":"https:\/\/news.save.ch\/bewirtschaftung-der-sirenen-bund-und-kantone-klaeren-zustaendigkeiten\/#primaryimage"},"thumbnailUrl":"https:\/\/news.save.ch\/wp-content\/uploads\/2024\/01\/image-e1705926263645.jpg","datePublished":"2024-06-26T10:17:35+00:00","description":"Nell'ottica di un'infrastruttura di sicurezza sostenibile, il Consiglio federale intende collaborare con i Cantoni per rivedere le competenze in materia di sirene.","breadcrumb":{"@id":"https:\/\/news.save.ch\/bewirtschaftung-der-sirenen-bund-und-kantone-klaeren-zustaendigkeiten\/#breadcrumb"},"inLanguage":"it-IT","potentialAction":[{"@type":"ReadAction","target":["https:\/\/news.save.ch\/bewirtschaftung-der-sirenen-bund-und-kantone-klaeren-zustaendigkeiten\/"]}]},{"@type":"ImageObject","inLanguage":"it-IT","@id":"https:\/\/news.save.ch\/bewirtschaftung-der-sirenen-bund-und-kantone-klaeren-zustaendigkeiten\/#primaryimage","url":"https:\/\/news.save.ch\/wp-content\/uploads\/2024\/01\/image-e1705926263645.jpg","contentUrl":"https:\/\/news.save.ch\/wp-content\/uploads\/2024\/01\/image-e1705926263645.jpg"},{"@type":"BreadcrumbList","@id":"https:\/\/news.save.ch\/bewirtschaftung-der-sirenen-bund-und-kantone-klaeren-zustaendigkeiten\/#breadcrumb","itemListElement":[{"@type":"ListItem","position":1,"name":"Home","item":"https:\/\/news.save.ch\/de\/"},{"@type":"ListItem","position":2,"name":"Bewirtschaftung der Sirenen: Bund und Kantone kl\u00e4ren Zust\u00e4ndigkeiten"}]},{"@type":"WebSite","@id":"https:\/\/news.save.ch\/de\/#website","url":"https:\/\/news.save.ch\/de\/","name":"Risparmiare","description":"Rivista svizzera specializzata in sicurezza","publisher":{"@id":"https:\/\/news.save.ch\/de\/#organization"},"potentialAction":[{"@type":"SearchAction","target":{"@type":"EntryPoint","urlTemplate":"https:\/\/news.save.ch\/de\/?s={search_term_string}"},"query-input":{"@type":"PropertyValueSpecification","valueRequired":true,"valueName":"search_term_string"}}],"inLanguage":"it-IT"},{"@type":"Organization","@id":"https:\/\/news.save.ch\/de\/#organization","name":"Forum sulla sicurezza","url":"https:\/\/news.save.ch\/de\/","logo":{"@type":"ImageObject","inLanguage":"it-IT","@id":"https:\/\/news.save.ch\/de\/#\/schema\/logo\/image\/","url":"https:\/\/news.save.ch\/wp-content\/uploads\/2022\/06\/Logo_SF_2012.png","contentUrl":"https:\/\/news.save.ch\/wp-content\/uploads\/2022\/06\/Logo_SF_2012.png","width":1100,"height":91,"caption":"Sicherheitsforum"},"image":{"@id":"https:\/\/news.save.ch\/de\/#\/schema\/logo\/image\/"}},{"@type":"Person","@id":"https:\/\/news.save.ch\/de\/#\/schema\/person\/10917387362b3961e882740f6cf6f2a2","name":"Stefanie Zeng","image":{"@type":"ImageObject","inLanguage":"it-IT","@id":"https:\/\/secure.gravatar.com\/avatar\/eac43faa6e40bb2c41068c95c9d78bbd94c476d5efdff7abaab80bb3ea681e06?s=96&d=mm&r=g","url":"https:\/\/secure.gravatar.com\/avatar\/eac43faa6e40bb2c41068c95c9d78bbd94c476d5efdff7abaab80bb3ea681e06?s=96&d=mm&r=g","contentUrl":"https:\/\/secure.gravatar.com\/avatar\/eac43faa6e40bb2c41068c95c9d78bbd94c476d5efdff7abaab80bb3ea681e06?s=96&d=mm&r=g","caption":"stefanie Zeng"},"url":"https:\/\/news.save.ch\/it\/author\/stefanie-zeng\/"}]}},"_links":{"self":[{"href":"https:\/\/news.save.ch\/it\/wp-json\/wp\/v2\/posts\/23296","targetHints":{"allow":["GET"]}}],"collection":[{"href":"https:\/\/news.save.ch\/it\/wp-json\/wp\/v2\/posts"}],"about":[{"href":"https:\/\/news.save.ch\/it\/wp-json\/wp\/v2\/types\/post"}],"author":[{"embeddable":true,"href":"https:\/\/news.save.ch\/it\/wp-json\/wp\/v2\/users\/31"}],"replies":[{"embeddable":true,"href":"https:\/\/news.save.ch\/it\/wp-json\/wp\/v2\/comments?post=23296"}],"version-history":[{"count":2,"href":"https:\/\/news.save.ch\/it\/wp-json\/wp\/v2\/posts\/23296\/revisions"}],"predecessor-version":[{"id":23299,"href":"https:\/\/news.save.ch\/it\/wp-json\/wp\/v2\/posts\/23296\/revisions\/23299"}],"wp:attachment":[{"href":"https:\/\/news.save.ch\/it\/wp-json\/wp\/v2\/media?parent=23296"}],"wp:term":[{"taxonomy":"category","embeddable":true,"href":"https:\/\/news.save.ch\/it\/wp-json\/wp\/v2\/categories?post=23296"},{"taxonomy":"post_tag","embeddable":true,"href":"https:\/\/news.save.ch\/it\/wp-json\/wp\/v2\/tags?post=23296"}],"curies":[{"name":"wp","href":"https:\/\/api.w.org\/{rel}","templated":true}]}}