{"id":2332,"date":"2016-09-02T08:55:25","date_gmt":"2016-09-02T06:55:25","guid":{"rendered":"https:\/\/dev.sicherheitsforum.ch\/?p=2332"},"modified":"2016-09-02T08:55:25","modified_gmt":"2016-09-02T06:55:25","slug":"axis-und-canon-aendern-vertriebsstrategie","status":null,"type":"post","link":"https:\/\/news.save.ch\/it\/axis-und-canon-aendern-vertriebsstrategie\/","title":{"rendered":"Axis e Canon cambiano strategia di distribuzione"},"content":{"rendered":"<figure id=\"attachment_2336\" aria-describedby=\"caption-attachment-2336\" style=\"width: 680px\" class=\"wp-caption alignnone\"><img loading=\"lazy\" decoding=\"async\" class=\"size-medium wp-image-2336\" src=\"https:\/\/news.save.ch\/wp-content\/uploads\/2016\/12\/Axis-und-Canon-aendern-Vertriebsstrategie_sicherheitsforum.jpg\" alt=\"\" width=\"680\" height=\"412\" srcset=\"https:\/\/news.save.ch\/wp-content\/uploads\/2016\/12\/Axis-und-Canon-aendern-Vertriebsstrategie_sicherheitsforum.jpg 686w, https:\/\/news.save.ch\/wp-content\/uploads\/2016\/12\/Axis-und-Canon-aendern-Vertriebsstrategie_sicherheitsforum-375x227.jpg 375w\" sizes=\"auto, (max-width: 680px) 100vw, 680px\" \/><figcaption id=\"caption-attachment-2336\" class=\"wp-caption-text\">\u00a9 Sito web di Axis<\/figcaption><\/figure>\n<p>In Europa, Medio Oriente e Africa (EMEA) e Nord America, Axis assumer\u00e0 la responsabilit\u00e0 del marketing e delle vendite per l'intero portafoglio di prodotti video di rete di Canon. Nella regione EMEA avr\u00e0 luogo dal 1\u00b0 settembre 2016 e in Nord America dal 1\u00b0 ottobre 2016, scrive l'azienda.<\/p>\n<p>Axis fa parte del Gruppo Canon dal 2015. La nuova struttura di vendita e marketing rafforza le sinergie tra Canon e Axis.<\/p>\n<p>Nel mercato giapponese, il portafoglio di prodotti video di rete Canon continuer\u00e0 ad essere venduto da Canon. Inoltre, \u00e8 prevista una partnership con Axis per distribuire il loro portafoglio prodotti. Questo si aggiunger\u00e0 alla rete di partner Axis gi\u00e0 esistente. Per il resto della regione Asia-Pacifico, \u00e8 ancora in corso una decisione sulla distribuzione del portafoglio di prodotti e soluzioni video di rete di Canon.<\/p>","protected":false},"excerpt":{"rendered":"<p>In Europa, dem Nahen Osten und Afrika (EMEA) sowie in Nordamerika wird Axis die Verantwortung im Marketing und im Vertrieb f\u00fcr das gesamte Netzwerk-Video-Produktportfolio von Canon \u00fcbernehmen. In der EMEA-Region wird es ab dem 1. September 2016 erfolgen, in Nordamerika ab dem 1. Oktober 2016, wie das Unternehmen schreibt. Axis ist seit 2015 ein Teil [&hellip;]<\/p>\n","protected":false},"author":1,"featured_media":2336,"comment_status":"open","ping_status":"open","sticky":false,"template":"","format":"standard","meta":{"_acf_changed":false,"pgc_sgb_lightbox_settings":"","footnotes":""},"categories":[1],"tags":[65,78],"class_list":["post-2332","post","type-post","status-publish","format-standard","has-post-thumbnail","hentry","category-allgemein","tag-unternehmen","tag-videoueberwachung"],"acf":[],"hkrextid":null,"publication":null,"issue":null,"workflow":null,"startPage":null,"spitzmarke":null,"_posts_by_tag_page_fields":{"widget_title":"","widget_tags":""},"_at_widget":"1","_yoast_wpseo_primary_category":"","_yoast_wpseo_focuskw_text_input":"Axis und Canon","_yoast_wpseo_opengraph-image":"https:\/\/news.save.ch\/wp-content\/uploads\/2016\/12\/Axis-und-Canon-\u00e4ndern-Vertriebsstrategie_sicherheitsforum.jpg","_yoast_wpseo_opengraph-description":"Axis und Canon \u00e4ndern weltweit die Zust\u00e4ndigkeit f\u00fcr die Vertriebs- und Marketing-Strategie f\u00fcr Netzwerk-Videoprodukte in den gr\u00f6ssten regionalen M\u00e4rkten. Dies gaben beide Unternehmen gestern bekannt.","_yoast_wpseo_opengraph-title":"Axis und Canon \u00e4ndern Vertriebsstrategie","enclosure":null,"_yoast_wpseo_twitter-title":null,"_yoast_wpseo_twitter-description":null,"_yoast_wpseo_twitter-image":null,"_wp_old_slug":null,"_yoast_wpseo_title":null,"_yoast_wpseo_canonical":null,"yoast_head":"<!-- This site is optimized with the Yoast SEO plugin v27.5 - https:\/\/yoast.com\/product\/yoast-seo-wordpress\/ -->\n<title>Axis und Canon \u00e4ndern Vertriebsstrategie - Save<\/title>\n<meta name=\"description\" content=\"Axis und Canon \u00e4ndern weltweit die Zust\u00e4ndigkeit f\u00fcr die Vertriebs- und Marketing-Strategie f\u00fcr Netzwerk-Videoprodukte in den gr\u00f6ssten regionalen M\u00e4rkten.\" \/>\n<meta name=\"robots\" content=\"index, follow, max-snippet:-1, max-image-preview:large, max-video-preview:-1\" \/>\n<link rel=\"canonical\" href=\"https:\/\/news.save.ch\/it\/axis-und-canon-aendern-vertriebsstrategie\/\" \/>\n<meta property=\"og:locale\" content=\"it_IT\" \/>\n<meta property=\"og:type\" content=\"article\" \/>\n<meta property=\"og:title\" content=\"Axis und Canon \u00e4ndern Vertriebsstrategie\" \/>\n<meta property=\"og:description\" content=\"Axis und Canon \u00e4ndern weltweit die Zust\u00e4ndigkeit f\u00fcr die Vertriebs- und Marketing-Strategie f\u00fcr Netzwerk-Videoprodukte in den gr\u00f6ssten regionalen M\u00e4rkten. Dies gaben beide Unternehmen gestern bekannt.\" \/>\n<meta property=\"og:url\" content=\"https:\/\/news.save.ch\/it\/axis-und-canon-aendern-vertriebsstrategie\/\" \/>\n<meta property=\"og:site_name\" content=\"Save\" \/>\n<meta property=\"article:published_time\" content=\"2016-09-02T06:55:25+00:00\" \/>\n<meta property=\"og:image\" content=\"https:\/\/news.save.ch\/wp-content\/uploads\/2016\/12\/Axis-und-Canon-\u00e4ndern-Vertriebsstrategie_sicherheitsforum.jpg\" \/>\n<meta name=\"author\" content=\"admin\" \/>\n<meta name=\"twitter:card\" content=\"summary_large_image\" \/>\n<meta name=\"twitter:label1\" content=\"Scritto da\" \/>\n\t<meta name=\"twitter:data1\" content=\"admin\" \/>\n\t<meta name=\"twitter:label2\" content=\"Tempo di lettura stimato\" \/>\n\t<meta name=\"twitter:data2\" content=\"1 minuto\" \/>\n<script type=\"application\/ld+json\" class=\"yoast-schema-graph\">{\"@context\":\"https:\\\/\\\/schema.org\",\"@graph\":[{\"@type\":\"Article\",\"@id\":\"https:\\\/\\\/news.save.ch\\\/axis-und-canon-aendern-vertriebsstrategie\\\/#article\",\"isPartOf\":{\"@id\":\"https:\\\/\\\/news.save.ch\\\/axis-und-canon-aendern-vertriebsstrategie\\\/\"},\"author\":{\"name\":\"admin\",\"@id\":\"https:\\\/\\\/news.save.ch\\\/de\\\/#\\\/schema\\\/person\\\/d49e199490bad7c70d64b9ab51142f2b\"},\"headline\":\"Axis und Canon \u00e4ndern Vertriebsstrategie\",\"datePublished\":\"2016-09-02T06:55:25+00:00\",\"mainEntityOfPage\":{\"@id\":\"https:\\\/\\\/news.save.ch\\\/axis-und-canon-aendern-vertriebsstrategie\\\/\"},\"wordCount\":137,\"commentCount\":0,\"publisher\":{\"@id\":\"https:\\\/\\\/news.save.ch\\\/de\\\/#organization\"},\"image\":{\"@id\":\"https:\\\/\\\/news.save.ch\\\/axis-und-canon-aendern-vertriebsstrategie\\\/#primaryimage\"},\"thumbnailUrl\":\"https:\\\/\\\/news.save.ch\\\/wp-content\\\/uploads\\\/2016\\\/12\\\/Axis-und-Canon-aendern-Vertriebsstrategie_sicherheitsforum.jpg\",\"keywords\":[\"Unternehmen\",\"Video\u00fcberwachung\"],\"articleSection\":[\"ALLGEMEIN\"],\"inLanguage\":\"it-IT\"},{\"@type\":\"WebPage\",\"@id\":\"https:\\\/\\\/news.save.ch\\\/axis-und-canon-aendern-vertriebsstrategie\\\/\",\"url\":\"https:\\\/\\\/news.save.ch\\\/axis-und-canon-aendern-vertriebsstrategie\\\/\",\"name\":\"Axis und Canon \u00e4ndern Vertriebsstrategie - Save\",\"isPartOf\":{\"@id\":\"https:\\\/\\\/news.save.ch\\\/de\\\/#website\"},\"primaryImageOfPage\":{\"@id\":\"https:\\\/\\\/news.save.ch\\\/axis-und-canon-aendern-vertriebsstrategie\\\/#primaryimage\"},\"image\":{\"@id\":\"https:\\\/\\\/news.save.ch\\\/axis-und-canon-aendern-vertriebsstrategie\\\/#primaryimage\"},\"thumbnailUrl\":\"https:\\\/\\\/news.save.ch\\\/wp-content\\\/uploads\\\/2016\\\/12\\\/Axis-und-Canon-aendern-Vertriebsstrategie_sicherheitsforum.jpg\",\"datePublished\":\"2016-09-02T06:55:25+00:00\",\"description\":\"Axis und Canon \u00e4ndern weltweit die Zust\u00e4ndigkeit f\u00fcr die Vertriebs- und Marketing-Strategie f\u00fcr Netzwerk-Videoprodukte in den gr\u00f6ssten regionalen M\u00e4rkten.\",\"breadcrumb\":{\"@id\":\"https:\\\/\\\/news.save.ch\\\/axis-und-canon-aendern-vertriebsstrategie\\\/#breadcrumb\"},\"inLanguage\":\"it-IT\",\"potentialAction\":[{\"@type\":\"ReadAction\",\"target\":[\"https:\\\/\\\/news.save.ch\\\/axis-und-canon-aendern-vertriebsstrategie\\\/\"]}]},{\"@type\":\"ImageObject\",\"inLanguage\":\"it-IT\",\"@id\":\"https:\\\/\\\/news.save.ch\\\/axis-und-canon-aendern-vertriebsstrategie\\\/#primaryimage\",\"url\":\"https:\\\/\\\/news.save.ch\\\/wp-content\\\/uploads\\\/2016\\\/12\\\/Axis-und-Canon-aendern-Vertriebsstrategie_sicherheitsforum.jpg\",\"contentUrl\":\"https:\\\/\\\/news.save.ch\\\/wp-content\\\/uploads\\\/2016\\\/12\\\/Axis-und-Canon-aendern-Vertriebsstrategie_sicherheitsforum.jpg\",\"width\":686,\"height\":416,\"caption\":\"\u00a9 Axis Website\"},{\"@type\":\"BreadcrumbList\",\"@id\":\"https:\\\/\\\/news.save.ch\\\/axis-und-canon-aendern-vertriebsstrategie\\\/#breadcrumb\",\"itemListElement\":[{\"@type\":\"ListItem\",\"position\":1,\"name\":\"Home\",\"item\":\"https:\\\/\\\/news.save.ch\\\/de\\\/\"},{\"@type\":\"ListItem\",\"position\":2,\"name\":\"Axis und Canon \u00e4ndern Vertriebsstrategie\"}]},{\"@type\":\"WebSite\",\"@id\":\"https:\\\/\\\/news.save.ch\\\/de\\\/#website\",\"url\":\"https:\\\/\\\/news.save.ch\\\/de\\\/\",\"name\":\"Save\",\"description\":\"Schweizer Fachzeitschrift f\u00fcr Sicherheit\",\"publisher\":{\"@id\":\"https:\\\/\\\/news.save.ch\\\/de\\\/#organization\"},\"potentialAction\":[{\"@type\":\"SearchAction\",\"target\":{\"@type\":\"EntryPoint\",\"urlTemplate\":\"https:\\\/\\\/news.save.ch\\\/de\\\/?s={search_term_string}\"},\"query-input\":{\"@type\":\"PropertyValueSpecification\",\"valueRequired\":true,\"valueName\":\"search_term_string\"}}],\"inLanguage\":\"it-IT\"},{\"@type\":\"Organization\",\"@id\":\"https:\\\/\\\/news.save.ch\\\/de\\\/#organization\",\"name\":\"Sicherheitsforum\",\"url\":\"https:\\\/\\\/news.save.ch\\\/de\\\/\",\"logo\":{\"@type\":\"ImageObject\",\"inLanguage\":\"it-IT\",\"@id\":\"https:\\\/\\\/news.save.ch\\\/de\\\/#\\\/schema\\\/logo\\\/image\\\/\",\"url\":\"https:\\\/\\\/news.save.ch\\\/wp-content\\\/uploads\\\/2022\\\/06\\\/Logo_SF_2012.png\",\"contentUrl\":\"https:\\\/\\\/news.save.ch\\\/wp-content\\\/uploads\\\/2022\\\/06\\\/Logo_SF_2012.png\",\"width\":1100,\"height\":91,\"caption\":\"Sicherheitsforum\"},\"image\":{\"@id\":\"https:\\\/\\\/news.save.ch\\\/de\\\/#\\\/schema\\\/logo\\\/image\\\/\"}},{\"@type\":\"Person\",\"@id\":\"https:\\\/\\\/news.save.ch\\\/de\\\/#\\\/schema\\\/person\\\/d49e199490bad7c70d64b9ab51142f2b\",\"name\":\"admin\",\"image\":{\"@type\":\"ImageObject\",\"inLanguage\":\"it-IT\",\"@id\":\"https:\\\/\\\/secure.gravatar.com\\\/avatar\\\/ae2f4d718e6c49043e314ce431e7e645d646302a24a5ef5a8bc8e3f5a032e319?s=96&d=mm&r=g\",\"url\":\"https:\\\/\\\/secure.gravatar.com\\\/avatar\\\/ae2f4d718e6c49043e314ce431e7e645d646302a24a5ef5a8bc8e3f5a032e319?s=96&d=mm&r=g\",\"contentUrl\":\"https:\\\/\\\/secure.gravatar.com\\\/avatar\\\/ae2f4d718e6c49043e314ce431e7e645d646302a24a5ef5a8bc8e3f5a032e319?s=96&d=mm&r=g\",\"caption\":\"admin\"},\"sameAs\":[\"https:\\\/\\\/develop.organisator.galledia.ch\"],\"url\":\"https:\\\/\\\/news.save.ch\\\/it\\\/author\\\/admin\\\/\"}]}<\/script>\n<!-- \/ Yoast SEO plugin. -->","yoast_head_json":{"title":"Axis e Canon cambiano strategia di distribuzione - Save","description":"Axis e Canon si scambiano la responsabilit\u00e0 della strategia di vendita e marketing dei prodotti video di rete nei principali mercati regionali del mondo.","robots":{"index":"index","follow":"follow","max-snippet":"max-snippet:-1","max-image-preview":"max-image-preview:large","max-video-preview":"max-video-preview:-1"},"canonical":"https:\/\/news.save.ch\/it\/axis-und-canon-aendern-vertriebsstrategie\/","og_locale":"it_IT","og_type":"article","og_title":"Axis und Canon \u00e4ndern Vertriebsstrategie","og_description":"Axis und Canon \u00e4ndern weltweit die Zust\u00e4ndigkeit f\u00fcr die Vertriebs- und Marketing-Strategie f\u00fcr Netzwerk-Videoprodukte in den gr\u00f6ssten regionalen M\u00e4rkten. Dies gaben beide Unternehmen gestern bekannt.","og_url":"https:\/\/news.save.ch\/it\/axis-und-canon-aendern-vertriebsstrategie\/","og_site_name":"Save","article_published_time":"2016-09-02T06:55:25+00:00","og_image":[{"url":"https:\/\/news.save.ch\/wp-content\/uploads\/2016\/12\/Axis-und-Canon-\u00e4ndern-Vertriebsstrategie_sicherheitsforum.jpg","type":"","width":"","height":""}],"author":"admin","twitter_card":"summary_large_image","twitter_misc":{"Scritto da":"admin","Tempo di lettura stimato":"1 minuto"},"schema":{"@context":"https:\/\/schema.org","@graph":[{"@type":"Article","@id":"https:\/\/news.save.ch\/axis-und-canon-aendern-vertriebsstrategie\/#article","isPartOf":{"@id":"https:\/\/news.save.ch\/axis-und-canon-aendern-vertriebsstrategie\/"},"author":{"name":"admin","@id":"https:\/\/news.save.ch\/de\/#\/schema\/person\/d49e199490bad7c70d64b9ab51142f2b"},"headline":"Axis und Canon \u00e4ndern Vertriebsstrategie","datePublished":"2016-09-02T06:55:25+00:00","mainEntityOfPage":{"@id":"https:\/\/news.save.ch\/axis-und-canon-aendern-vertriebsstrategie\/"},"wordCount":137,"commentCount":0,"publisher":{"@id":"https:\/\/news.save.ch\/de\/#organization"},"image":{"@id":"https:\/\/news.save.ch\/axis-und-canon-aendern-vertriebsstrategie\/#primaryimage"},"thumbnailUrl":"https:\/\/news.save.ch\/wp-content\/uploads\/2016\/12\/Axis-und-Canon-aendern-Vertriebsstrategie_sicherheitsforum.jpg","keywords":["Unternehmen","Video\u00fcberwachung"],"articleSection":["ALLGEMEIN"],"inLanguage":"it-IT"},{"@type":"WebPage","@id":"https:\/\/news.save.ch\/axis-und-canon-aendern-vertriebsstrategie\/","url":"https:\/\/news.save.ch\/axis-und-canon-aendern-vertriebsstrategie\/","name":"Axis e Canon cambiano strategia di distribuzione - Save","isPartOf":{"@id":"https:\/\/news.save.ch\/de\/#website"},"primaryImageOfPage":{"@id":"https:\/\/news.save.ch\/axis-und-canon-aendern-vertriebsstrategie\/#primaryimage"},"image":{"@id":"https:\/\/news.save.ch\/axis-und-canon-aendern-vertriebsstrategie\/#primaryimage"},"thumbnailUrl":"https:\/\/news.save.ch\/wp-content\/uploads\/2016\/12\/Axis-und-Canon-aendern-Vertriebsstrategie_sicherheitsforum.jpg","datePublished":"2016-09-02T06:55:25+00:00","description":"Axis e Canon si scambiano la responsabilit\u00e0 della strategia di vendita e marketing dei prodotti video di rete nei principali mercati regionali del mondo.","breadcrumb":{"@id":"https:\/\/news.save.ch\/axis-und-canon-aendern-vertriebsstrategie\/#breadcrumb"},"inLanguage":"it-IT","potentialAction":[{"@type":"ReadAction","target":["https:\/\/news.save.ch\/axis-und-canon-aendern-vertriebsstrategie\/"]}]},{"@type":"ImageObject","inLanguage":"it-IT","@id":"https:\/\/news.save.ch\/axis-und-canon-aendern-vertriebsstrategie\/#primaryimage","url":"https:\/\/news.save.ch\/wp-content\/uploads\/2016\/12\/Axis-und-Canon-aendern-Vertriebsstrategie_sicherheitsforum.jpg","contentUrl":"https:\/\/news.save.ch\/wp-content\/uploads\/2016\/12\/Axis-und-Canon-aendern-Vertriebsstrategie_sicherheitsforum.jpg","width":686,"height":416,"caption":"\u00a9 Axis Website"},{"@type":"BreadcrumbList","@id":"https:\/\/news.save.ch\/axis-und-canon-aendern-vertriebsstrategie\/#breadcrumb","itemListElement":[{"@type":"ListItem","position":1,"name":"Home","item":"https:\/\/news.save.ch\/de\/"},{"@type":"ListItem","position":2,"name":"Axis und Canon \u00e4ndern Vertriebsstrategie"}]},{"@type":"WebSite","@id":"https:\/\/news.save.ch\/de\/#website","url":"https:\/\/news.save.ch\/de\/","name":"Risparmiare","description":"Rivista svizzera specializzata in sicurezza","publisher":{"@id":"https:\/\/news.save.ch\/de\/#organization"},"potentialAction":[{"@type":"SearchAction","target":{"@type":"EntryPoint","urlTemplate":"https:\/\/news.save.ch\/de\/?s={search_term_string}"},"query-input":{"@type":"PropertyValueSpecification","valueRequired":true,"valueName":"search_term_string"}}],"inLanguage":"it-IT"},{"@type":"Organization","@id":"https:\/\/news.save.ch\/de\/#organization","name":"Forum sulla sicurezza","url":"https:\/\/news.save.ch\/de\/","logo":{"@type":"ImageObject","inLanguage":"it-IT","@id":"https:\/\/news.save.ch\/de\/#\/schema\/logo\/image\/","url":"https:\/\/news.save.ch\/wp-content\/uploads\/2022\/06\/Logo_SF_2012.png","contentUrl":"https:\/\/news.save.ch\/wp-content\/uploads\/2022\/06\/Logo_SF_2012.png","width":1100,"height":91,"caption":"Sicherheitsforum"},"image":{"@id":"https:\/\/news.save.ch\/de\/#\/schema\/logo\/image\/"}},{"@type":"Person","@id":"https:\/\/news.save.ch\/de\/#\/schema\/person\/d49e199490bad7c70d64b9ab51142f2b","name":"amministratore","image":{"@type":"ImageObject","inLanguage":"it-IT","@id":"https:\/\/secure.gravatar.com\/avatar\/ae2f4d718e6c49043e314ce431e7e645d646302a24a5ef5a8bc8e3f5a032e319?s=96&d=mm&r=g","url":"https:\/\/secure.gravatar.com\/avatar\/ae2f4d718e6c49043e314ce431e7e645d646302a24a5ef5a8bc8e3f5a032e319?s=96&d=mm&r=g","contentUrl":"https:\/\/secure.gravatar.com\/avatar\/ae2f4d718e6c49043e314ce431e7e645d646302a24a5ef5a8bc8e3f5a032e319?s=96&d=mm&r=g","caption":"admin"},"sameAs":["https:\/\/develop.organisator.galledia.ch"],"url":"https:\/\/news.save.ch\/it\/author\/admin\/"}]}},"_links":{"self":[{"href":"https:\/\/news.save.ch\/it\/wp-json\/wp\/v2\/posts\/2332","targetHints":{"allow":["GET"]}}],"collection":[{"href":"https:\/\/news.save.ch\/it\/wp-json\/wp\/v2\/posts"}],"about":[{"href":"https:\/\/news.save.ch\/it\/wp-json\/wp\/v2\/types\/post"}],"author":[{"embeddable":true,"href":"https:\/\/news.save.ch\/it\/wp-json\/wp\/v2\/users\/1"}],"replies":[{"embeddable":true,"href":"https:\/\/news.save.ch\/it\/wp-json\/wp\/v2\/comments?post=2332"}],"version-history":[{"count":0,"href":"https:\/\/news.save.ch\/it\/wp-json\/wp\/v2\/posts\/2332\/revisions"}],"wp:featuredmedia":[{"embeddable":true,"href":"https:\/\/news.save.ch\/it\/wp-json\/wp\/v2\/media\/2336"}],"wp:attachment":[{"href":"https:\/\/news.save.ch\/it\/wp-json\/wp\/v2\/media?parent=2332"}],"wp:term":[{"taxonomy":"category","embeddable":true,"href":"https:\/\/news.save.ch\/it\/wp-json\/wp\/v2\/categories?post=2332"},{"taxonomy":"post_tag","embeddable":true,"href":"https:\/\/news.save.ch\/it\/wp-json\/wp\/v2\/tags?post=2332"}],"curies":[{"name":"wp","href":"https:\/\/api.w.org\/{rel}","templated":true}]}}