{"id":235,"date":"2015-03-04T17:02:47","date_gmt":"2015-03-04T16:02:47","guid":{"rendered":"https:\/\/dev.sicherheitsforum.ch\/?p=235"},"modified":"2023-03-14T08:57:44","modified_gmt":"2023-03-14T07:57:44","slug":"abraxas-mit-neuer-niederlassung-in-bern","status":null,"type":"post","link":"https:\/\/news.save.ch\/it\/abraxas-mit-neuer-niederlassung-in-bern\/","title":{"rendered":"Abraxas con una nuova filiale a Berna"},"content":{"rendered":"<figure id=\"attachment_236\" aria-describedby=\"caption-attachment-236\" style=\"width: 680px\" class=\"wp-caption alignnone\"><img loading=\"lazy\" decoding=\"async\" class=\"size-medium wp-image-236\" src=\"https:\/\/sicherheitsforum.ch\/wp-content\/uploads\/2016\/12\/Abraxas-mit-neuer-Niederlassung-in-Bern-it-security.jpg\" alt=\"Stefan F. Rudolf, direttore della filiale Abraxas di Berna.\" width=\"680\" height=\"680\" srcset=\"https:\/\/news.save.ch\/wp-content\/uploads\/2016\/12\/Abraxas-mit-neuer-Niederlassung-in-Bern-it-security.jpg 1024w, https:\/\/news.save.ch\/wp-content\/uploads\/2016\/12\/Abraxas-mit-neuer-Niederlassung-in-Bern-it-security-300x300.jpg 300w\" sizes=\"auto, (max-width: 680px) 100vw, 680px\" \/><figcaption id=\"caption-attachment-236\" class=\"wp-caption-text\">Stefan F. Rudolf, direttore della filiale Abraxas di Berna.<\/figcaption><\/figure>\n<p>L'ufficio di Spitalgasse 9 \u00e8 a pochi passi dal Palazzo Federale e dalla stazione ferroviaria. Da qui, il direttore della filiale, Stefan F. Rudolf (1964), e il suo team serviranno il governo federale, le organizzazioni vicine al governo federale, i cantoni circostanti e altri clienti pubblici, secondo l'azienda. Con progetti per il settore pubblico \u00e8 <a title=\"Link alla homepage dell&#039;azienda\" href=\"https:\/\/www.abraxas.ch\/de\/\" data-cke-saved-href=\"https:\/\/www.abraxas.ch\/de\/\">Abraxas<\/a> \u00e8 gi\u00e0 attivo nella citt\u00e0 federale da diversi anni. Ora il rapporto con la Confederazione deve essere ulteriormente approfondito e devono essere acquisiti nuovi clienti nell'ambiente vicino alla Confederazione e nei cantoni circostanti, secondo il fornitore di IT.<\/p>\n<p>Lo specialista IT <a title=\"Homepage di Stefan Rudolf\" href=\"https:\/\/www.stefanrudolf.ch\/\" data-cke-saved-href=\"https:\/\/www.stefanrudolf.ch\/\">Stefan F. Rudolf<\/a> ha due figli, vive a Niederwangen, vicino a K\u00f6niz BE, ed \u00e8 impegnato nella politica regionale. Ha studiato ingegneria elettrica con particolare attenzione alla matematica e all'informatica e ha conseguito un master in economia.<\/p>","protected":false},"excerpt":{"rendered":"<p>Das B\u00fcro an der Spitalgasse 9 ist nur einen Steinwurf von Bundeshaus und dem Bahnhof entfernt. Der Niederlassungsleiter, Stefan F. Rudolf (1964), wird von dort aus mit seinem Team den Bund, bundesnahe Organisationen, die umliegenden Kantone und weitere \u00f6ffentliche Auftraggeber bedienen, wie das Unternehmen mitteilt. Mit Projekten f\u00fcr die \u00f6ffentliche Hand \u00a0ist Abraxas bereits seit [&hellip;]<\/p>\n","protected":false},"author":1,"featured_media":236,"comment_status":"open","ping_status":"open","sticky":false,"template":"","format":"standard","meta":{"_acf_changed":false,"pgc_sgb_lightbox_settings":"","footnotes":""},"categories":[3313],"tags":[62,63],"class_list":["post-235","post","type-post","status-publish","format-standard","has-post-thumbnail","hentry","category-digitalisierung","tag-ict-sicherheit","tag-it-security"],"acf":[],"hkrextid":null,"publication":null,"issue":null,"workflow":null,"startPage":null,"spitzmarke":null,"_posts_by_tag_page_fields":{"widget_title":"","widget_tags":""},"_at_widget":"1","_yoast_wpseo_primary_category":"2","_yoast_wpseo_focuskw_text_input":"Abraxas","_yoast_wpseo_opengraph-image":"https:\/\/news.save.ch\/wp-content\/uploads\/2016\/12\/Abraxas-mit-neuer-Niederlassung-in-Bern-it-security.jpg","_yoast_wpseo_opengraph-description":"Die Abraxas Informatik AG in St.Gallen ist ab dem 23. M\u00e4rz neu mit einer Niederlassung in Bern vertreten.","_yoast_wpseo_opengraph-title":"Abraxas","enclosure":null,"_yoast_wpseo_twitter-title":null,"_yoast_wpseo_twitter-description":null,"_yoast_wpseo_twitter-image":null,"_wp_old_slug":null,"_yoast_wpseo_title":null,"_yoast_wpseo_canonical":null,"yoast_head":"<!-- This site is optimized with the Yoast SEO plugin v27.4 - https:\/\/yoast.com\/product\/yoast-seo-wordpress\/ -->\n<title>Abraxas mit neuer Niederlassung in Bern - Save<\/title>\n<meta name=\"description\" content=\"Die Abraxas Informatik AG in St.Gallen ist ab dem 23. M\u00e4rz neu mit einer Niederlassung in Bern vertreten.\" \/>\n<meta name=\"robots\" content=\"index, follow, max-snippet:-1, max-image-preview:large, max-video-preview:-1\" \/>\n<link rel=\"canonical\" href=\"https:\/\/news.save.ch\/it\/abraxas-mit-neuer-niederlassung-in-bern\/\" \/>\n<meta property=\"og:locale\" content=\"it_IT\" \/>\n<meta property=\"og:type\" content=\"article\" \/>\n<meta property=\"og:title\" content=\"Abraxas\" \/>\n<meta property=\"og:description\" content=\"Die Abraxas Informatik AG in St.Gallen ist ab dem 23. M\u00e4rz neu mit einer Niederlassung in Bern vertreten.\" \/>\n<meta property=\"og:url\" content=\"https:\/\/news.save.ch\/it\/abraxas-mit-neuer-niederlassung-in-bern\/\" \/>\n<meta property=\"og:site_name\" content=\"Save\" \/>\n<meta property=\"article:published_time\" content=\"2015-03-04T16:02:47+00:00\" \/>\n<meta property=\"article:modified_time\" content=\"2023-03-14T07:57:44+00:00\" \/>\n<meta property=\"og:image\" content=\"https:\/\/news.save.ch\/wp-content\/uploads\/2016\/12\/Abraxas-mit-neuer-Niederlassung-in-Bern-it-security.jpg\" \/>\n<meta name=\"author\" content=\"admin\" \/>\n<meta name=\"twitter:card\" content=\"summary_large_image\" \/>\n<meta name=\"twitter:label1\" content=\"Scritto da\" \/>\n\t<meta name=\"twitter:data1\" content=\"admin\" \/>\n\t<meta name=\"twitter:label2\" content=\"Tempo di lettura stimato\" \/>\n\t<meta name=\"twitter:data2\" content=\"1 minuto\" \/>\n<script type=\"application\/ld+json\" class=\"yoast-schema-graph\">{\"@context\":\"https:\\\/\\\/schema.org\",\"@graph\":[{\"@type\":\"Article\",\"@id\":\"https:\\\/\\\/news.save.ch\\\/abraxas-mit-neuer-niederlassung-in-bern\\\/#article\",\"isPartOf\":{\"@id\":\"https:\\\/\\\/news.save.ch\\\/abraxas-mit-neuer-niederlassung-in-bern\\\/\"},\"author\":{\"name\":\"admin\",\"@id\":\"https:\\\/\\\/news.save.ch\\\/de\\\/#\\\/schema\\\/person\\\/d49e199490bad7c70d64b9ab51142f2b\"},\"headline\":\"Abraxas mit neuer Niederlassung in Bern\",\"datePublished\":\"2015-03-04T16:02:47+00:00\",\"dateModified\":\"2023-03-14T07:57:44+00:00\",\"mainEntityOfPage\":{\"@id\":\"https:\\\/\\\/news.save.ch\\\/abraxas-mit-neuer-niederlassung-in-bern\\\/\"},\"wordCount\":144,\"commentCount\":0,\"publisher\":{\"@id\":\"https:\\\/\\\/news.save.ch\\\/de\\\/#organization\"},\"image\":{\"@id\":\"https:\\\/\\\/news.save.ch\\\/abraxas-mit-neuer-niederlassung-in-bern\\\/#primaryimage\"},\"thumbnailUrl\":\"https:\\\/\\\/news.save.ch\\\/wp-content\\\/uploads\\\/2016\\\/12\\\/Abraxas-mit-neuer-Niederlassung-in-Bern-it-security.jpg\",\"keywords\":[\"ICT-Sicherheit\",\"IT-SECURITY\"],\"articleSection\":[\"DIGITALISIERUNG\"],\"inLanguage\":\"it-IT\"},{\"@type\":\"WebPage\",\"@id\":\"https:\\\/\\\/news.save.ch\\\/abraxas-mit-neuer-niederlassung-in-bern\\\/\",\"url\":\"https:\\\/\\\/news.save.ch\\\/abraxas-mit-neuer-niederlassung-in-bern\\\/\",\"name\":\"Abraxas mit neuer Niederlassung in Bern - Save\",\"isPartOf\":{\"@id\":\"https:\\\/\\\/news.save.ch\\\/de\\\/#website\"},\"primaryImageOfPage\":{\"@id\":\"https:\\\/\\\/news.save.ch\\\/abraxas-mit-neuer-niederlassung-in-bern\\\/#primaryimage\"},\"image\":{\"@id\":\"https:\\\/\\\/news.save.ch\\\/abraxas-mit-neuer-niederlassung-in-bern\\\/#primaryimage\"},\"thumbnailUrl\":\"https:\\\/\\\/news.save.ch\\\/wp-content\\\/uploads\\\/2016\\\/12\\\/Abraxas-mit-neuer-Niederlassung-in-Bern-it-security.jpg\",\"datePublished\":\"2015-03-04T16:02:47+00:00\",\"dateModified\":\"2023-03-14T07:57:44+00:00\",\"description\":\"Die Abraxas Informatik AG in St.Gallen ist ab dem 23. M\u00e4rz neu mit einer Niederlassung in Bern vertreten.\",\"breadcrumb\":{\"@id\":\"https:\\\/\\\/news.save.ch\\\/abraxas-mit-neuer-niederlassung-in-bern\\\/#breadcrumb\"},\"inLanguage\":\"it-IT\",\"potentialAction\":[{\"@type\":\"ReadAction\",\"target\":[\"https:\\\/\\\/news.save.ch\\\/abraxas-mit-neuer-niederlassung-in-bern\\\/\"]}]},{\"@type\":\"ImageObject\",\"inLanguage\":\"it-IT\",\"@id\":\"https:\\\/\\\/news.save.ch\\\/abraxas-mit-neuer-niederlassung-in-bern\\\/#primaryimage\",\"url\":\"https:\\\/\\\/news.save.ch\\\/wp-content\\\/uploads\\\/2016\\\/12\\\/Abraxas-mit-neuer-Niederlassung-in-Bern-it-security.jpg\",\"contentUrl\":\"https:\\\/\\\/news.save.ch\\\/wp-content\\\/uploads\\\/2016\\\/12\\\/Abraxas-mit-neuer-Niederlassung-in-Bern-it-security.jpg\",\"width\":1024,\"height\":1024,\"caption\":\"Stefan F. Rudolf, Niederlassungsleiter der Abraxas in Bern.\"},{\"@type\":\"BreadcrumbList\",\"@id\":\"https:\\\/\\\/news.save.ch\\\/abraxas-mit-neuer-niederlassung-in-bern\\\/#breadcrumb\",\"itemListElement\":[{\"@type\":\"ListItem\",\"position\":1,\"name\":\"Home\",\"item\":\"https:\\\/\\\/news.save.ch\\\/de\\\/\"},{\"@type\":\"ListItem\",\"position\":2,\"name\":\"Abraxas mit neuer Niederlassung in Bern\"}]},{\"@type\":\"WebSite\",\"@id\":\"https:\\\/\\\/news.save.ch\\\/de\\\/#website\",\"url\":\"https:\\\/\\\/news.save.ch\\\/de\\\/\",\"name\":\"Save\",\"description\":\"Schweizer Fachzeitschrift f\u00fcr Sicherheit\",\"publisher\":{\"@id\":\"https:\\\/\\\/news.save.ch\\\/de\\\/#organization\"},\"potentialAction\":[{\"@type\":\"SearchAction\",\"target\":{\"@type\":\"EntryPoint\",\"urlTemplate\":\"https:\\\/\\\/news.save.ch\\\/de\\\/?s={search_term_string}\"},\"query-input\":{\"@type\":\"PropertyValueSpecification\",\"valueRequired\":true,\"valueName\":\"search_term_string\"}}],\"inLanguage\":\"it-IT\"},{\"@type\":\"Organization\",\"@id\":\"https:\\\/\\\/news.save.ch\\\/de\\\/#organization\",\"name\":\"Sicherheitsforum\",\"url\":\"https:\\\/\\\/news.save.ch\\\/de\\\/\",\"logo\":{\"@type\":\"ImageObject\",\"inLanguage\":\"it-IT\",\"@id\":\"https:\\\/\\\/news.save.ch\\\/de\\\/#\\\/schema\\\/logo\\\/image\\\/\",\"url\":\"https:\\\/\\\/news.save.ch\\\/wp-content\\\/uploads\\\/2022\\\/06\\\/Logo_SF_2012.png\",\"contentUrl\":\"https:\\\/\\\/news.save.ch\\\/wp-content\\\/uploads\\\/2022\\\/06\\\/Logo_SF_2012.png\",\"width\":1100,\"height\":91,\"caption\":\"Sicherheitsforum\"},\"image\":{\"@id\":\"https:\\\/\\\/news.save.ch\\\/de\\\/#\\\/schema\\\/logo\\\/image\\\/\"}},{\"@type\":\"Person\",\"@id\":\"https:\\\/\\\/news.save.ch\\\/de\\\/#\\\/schema\\\/person\\\/d49e199490bad7c70d64b9ab51142f2b\",\"name\":\"admin\",\"image\":{\"@type\":\"ImageObject\",\"inLanguage\":\"it-IT\",\"@id\":\"https:\\\/\\\/secure.gravatar.com\\\/avatar\\\/ae2f4d718e6c49043e314ce431e7e645d646302a24a5ef5a8bc8e3f5a032e319?s=96&d=mm&r=g\",\"url\":\"https:\\\/\\\/secure.gravatar.com\\\/avatar\\\/ae2f4d718e6c49043e314ce431e7e645d646302a24a5ef5a8bc8e3f5a032e319?s=96&d=mm&r=g\",\"contentUrl\":\"https:\\\/\\\/secure.gravatar.com\\\/avatar\\\/ae2f4d718e6c49043e314ce431e7e645d646302a24a5ef5a8bc8e3f5a032e319?s=96&d=mm&r=g\",\"caption\":\"admin\"},\"sameAs\":[\"https:\\\/\\\/develop.organisator.galledia.ch\"],\"url\":\"https:\\\/\\\/news.save.ch\\\/it\\\/author\\\/admin\\\/\"}]}<\/script>\n<!-- \/ Yoast SEO plugin. -->","yoast_head_json":{"title":"Abraxas con una nuova filiale a Berna - Save","description":"Dal 23 marzo Abraxas Informatik AG di San Gallo \u00e8 rappresentata da una nuova filiale a Berna.","robots":{"index":"index","follow":"follow","max-snippet":"max-snippet:-1","max-image-preview":"max-image-preview:large","max-video-preview":"max-video-preview:-1"},"canonical":"https:\/\/news.save.ch\/it\/abraxas-mit-neuer-niederlassung-in-bern\/","og_locale":"it_IT","og_type":"article","og_title":"Abraxas","og_description":"Die Abraxas Informatik AG in St.Gallen ist ab dem 23. M\u00e4rz neu mit einer Niederlassung in Bern vertreten.","og_url":"https:\/\/news.save.ch\/it\/abraxas-mit-neuer-niederlassung-in-bern\/","og_site_name":"Save","article_published_time":"2015-03-04T16:02:47+00:00","article_modified_time":"2023-03-14T07:57:44+00:00","og_image":[{"url":"https:\/\/news.save.ch\/wp-content\/uploads\/2016\/12\/Abraxas-mit-neuer-Niederlassung-in-Bern-it-security.jpg","type":"","width":"","height":""}],"author":"admin","twitter_card":"summary_large_image","twitter_misc":{"Scritto da":"admin","Tempo di lettura stimato":"1 minuto"},"schema":{"@context":"https:\/\/schema.org","@graph":[{"@type":"Article","@id":"https:\/\/news.save.ch\/abraxas-mit-neuer-niederlassung-in-bern\/#article","isPartOf":{"@id":"https:\/\/news.save.ch\/abraxas-mit-neuer-niederlassung-in-bern\/"},"author":{"name":"admin","@id":"https:\/\/news.save.ch\/de\/#\/schema\/person\/d49e199490bad7c70d64b9ab51142f2b"},"headline":"Abraxas mit neuer Niederlassung in Bern","datePublished":"2015-03-04T16:02:47+00:00","dateModified":"2023-03-14T07:57:44+00:00","mainEntityOfPage":{"@id":"https:\/\/news.save.ch\/abraxas-mit-neuer-niederlassung-in-bern\/"},"wordCount":144,"commentCount":0,"publisher":{"@id":"https:\/\/news.save.ch\/de\/#organization"},"image":{"@id":"https:\/\/news.save.ch\/abraxas-mit-neuer-niederlassung-in-bern\/#primaryimage"},"thumbnailUrl":"https:\/\/news.save.ch\/wp-content\/uploads\/2016\/12\/Abraxas-mit-neuer-Niederlassung-in-Bern-it-security.jpg","keywords":["ICT-Sicherheit","IT-SECURITY"],"articleSection":["DIGITALISIERUNG"],"inLanguage":"it-IT"},{"@type":"WebPage","@id":"https:\/\/news.save.ch\/abraxas-mit-neuer-niederlassung-in-bern\/","url":"https:\/\/news.save.ch\/abraxas-mit-neuer-niederlassung-in-bern\/","name":"Abraxas con una nuova filiale a Berna - Save","isPartOf":{"@id":"https:\/\/news.save.ch\/de\/#website"},"primaryImageOfPage":{"@id":"https:\/\/news.save.ch\/abraxas-mit-neuer-niederlassung-in-bern\/#primaryimage"},"image":{"@id":"https:\/\/news.save.ch\/abraxas-mit-neuer-niederlassung-in-bern\/#primaryimage"},"thumbnailUrl":"https:\/\/news.save.ch\/wp-content\/uploads\/2016\/12\/Abraxas-mit-neuer-Niederlassung-in-Bern-it-security.jpg","datePublished":"2015-03-04T16:02:47+00:00","dateModified":"2023-03-14T07:57:44+00:00","description":"Dal 23 marzo Abraxas Informatik AG di San Gallo \u00e8 rappresentata da una nuova filiale a Berna.","breadcrumb":{"@id":"https:\/\/news.save.ch\/abraxas-mit-neuer-niederlassung-in-bern\/#breadcrumb"},"inLanguage":"it-IT","potentialAction":[{"@type":"ReadAction","target":["https:\/\/news.save.ch\/abraxas-mit-neuer-niederlassung-in-bern\/"]}]},{"@type":"ImageObject","inLanguage":"it-IT","@id":"https:\/\/news.save.ch\/abraxas-mit-neuer-niederlassung-in-bern\/#primaryimage","url":"https:\/\/news.save.ch\/wp-content\/uploads\/2016\/12\/Abraxas-mit-neuer-Niederlassung-in-Bern-it-security.jpg","contentUrl":"https:\/\/news.save.ch\/wp-content\/uploads\/2016\/12\/Abraxas-mit-neuer-Niederlassung-in-Bern-it-security.jpg","width":1024,"height":1024,"caption":"Stefan F. Rudolf, Niederlassungsleiter der Abraxas in Bern."},{"@type":"BreadcrumbList","@id":"https:\/\/news.save.ch\/abraxas-mit-neuer-niederlassung-in-bern\/#breadcrumb","itemListElement":[{"@type":"ListItem","position":1,"name":"Home","item":"https:\/\/news.save.ch\/de\/"},{"@type":"ListItem","position":2,"name":"Abraxas mit neuer Niederlassung in Bern"}]},{"@type":"WebSite","@id":"https:\/\/news.save.ch\/de\/#website","url":"https:\/\/news.save.ch\/de\/","name":"Risparmiare","description":"Rivista svizzera specializzata in sicurezza","publisher":{"@id":"https:\/\/news.save.ch\/de\/#organization"},"potentialAction":[{"@type":"SearchAction","target":{"@type":"EntryPoint","urlTemplate":"https:\/\/news.save.ch\/de\/?s={search_term_string}"},"query-input":{"@type":"PropertyValueSpecification","valueRequired":true,"valueName":"search_term_string"}}],"inLanguage":"it-IT"},{"@type":"Organization","@id":"https:\/\/news.save.ch\/de\/#organization","name":"Forum sulla sicurezza","url":"https:\/\/news.save.ch\/de\/","logo":{"@type":"ImageObject","inLanguage":"it-IT","@id":"https:\/\/news.save.ch\/de\/#\/schema\/logo\/image\/","url":"https:\/\/news.save.ch\/wp-content\/uploads\/2022\/06\/Logo_SF_2012.png","contentUrl":"https:\/\/news.save.ch\/wp-content\/uploads\/2022\/06\/Logo_SF_2012.png","width":1100,"height":91,"caption":"Sicherheitsforum"},"image":{"@id":"https:\/\/news.save.ch\/de\/#\/schema\/logo\/image\/"}},{"@type":"Person","@id":"https:\/\/news.save.ch\/de\/#\/schema\/person\/d49e199490bad7c70d64b9ab51142f2b","name":"amministratore","image":{"@type":"ImageObject","inLanguage":"it-IT","@id":"https:\/\/secure.gravatar.com\/avatar\/ae2f4d718e6c49043e314ce431e7e645d646302a24a5ef5a8bc8e3f5a032e319?s=96&d=mm&r=g","url":"https:\/\/secure.gravatar.com\/avatar\/ae2f4d718e6c49043e314ce431e7e645d646302a24a5ef5a8bc8e3f5a032e319?s=96&d=mm&r=g","contentUrl":"https:\/\/secure.gravatar.com\/avatar\/ae2f4d718e6c49043e314ce431e7e645d646302a24a5ef5a8bc8e3f5a032e319?s=96&d=mm&r=g","caption":"admin"},"sameAs":["https:\/\/develop.organisator.galledia.ch"],"url":"https:\/\/news.save.ch\/it\/author\/admin\/"}]}},"_links":{"self":[{"href":"https:\/\/news.save.ch\/it\/wp-json\/wp\/v2\/posts\/235","targetHints":{"allow":["GET"]}}],"collection":[{"href":"https:\/\/news.save.ch\/it\/wp-json\/wp\/v2\/posts"}],"about":[{"href":"https:\/\/news.save.ch\/it\/wp-json\/wp\/v2\/types\/post"}],"author":[{"embeddable":true,"href":"https:\/\/news.save.ch\/it\/wp-json\/wp\/v2\/users\/1"}],"replies":[{"embeddable":true,"href":"https:\/\/news.save.ch\/it\/wp-json\/wp\/v2\/comments?post=235"}],"version-history":[{"count":1,"href":"https:\/\/news.save.ch\/it\/wp-json\/wp\/v2\/posts\/235\/revisions"}],"predecessor-version":[{"id":17824,"href":"https:\/\/news.save.ch\/it\/wp-json\/wp\/v2\/posts\/235\/revisions\/17824"}],"wp:featuredmedia":[{"embeddable":true,"href":"https:\/\/news.save.ch\/it\/wp-json\/wp\/v2\/media\/236"}],"wp:attachment":[{"href":"https:\/\/news.save.ch\/it\/wp-json\/wp\/v2\/media?parent=235"}],"wp:term":[{"taxonomy":"category","embeddable":true,"href":"https:\/\/news.save.ch\/it\/wp-json\/wp\/v2\/categories?post=235"},{"taxonomy":"post_tag","embeddable":true,"href":"https:\/\/news.save.ch\/it\/wp-json\/wp\/v2\/tags?post=235"}],"curies":[{"name":"wp","href":"https:\/\/api.w.org\/{rel}","templated":true}]}}