{"id":23500,"date":"2024-09-08T11:38:31","date_gmt":"2024-09-08T09:38:31","guid":{"rendered":"https:\/\/news.save.ch\/?p=23500"},"modified":"2024-09-08T11:38:36","modified_gmt":"2024-09-08T09:38:36","slug":"esti-ecoran-spricht-sicherheitswarnung-fuer-einige-pv-module-der-marke-schott-solar-aus","status":null,"type":"post","link":"https:\/\/news.save.ch\/it\/esti-ecoran-spricht-sicherheitswarnung-fuer-einige-pv-module-der-marke-schott-solar-aus\/","title":{"rendered":"ESTI - ECORAN emette un avviso di sicurezza per alcuni moduli fotovoltaici del marchio SCHOTT SOLAR"},"content":{"rendered":"<figure id=\"attachment_23501\" aria-describedby=\"caption-attachment-23501\" style=\"width: 1050px\" class=\"wp-caption alignnone\"><a href=\"https:\/\/news.save.ch\/it\/esti-ecoran-spricht-sicherheitswarnung-fuer-einige-pv-module-der-marke-schott-solar-aus\/attachment\/89491\/\" rel=\"attachment wp-att-23501\"><img loading=\"lazy\" decoding=\"async\" class=\"wp-image-23501\" src=\"https:\/\/news.save.ch\/wp-content\/uploads\/2024\/09\/89491-scaled.jpg\" alt=\"\" width=\"1050\" height=\"1400\" srcset=\"https:\/\/news.save.ch\/wp-content\/uploads\/2024\/09\/89491-scaled.jpg 900w, https:\/\/news.save.ch\/wp-content\/uploads\/2024\/09\/89491-680x907.jpg 680w, https:\/\/news.save.ch\/wp-content\/uploads\/2024\/09\/89491-768x1024.jpg 768w, https:\/\/news.save.ch\/wp-content\/uploads\/2024\/09\/89491-1152x1536.jpg 1152w, https:\/\/news.save.ch\/wp-content\/uploads\/2024\/09\/89491-9x12.jpg 9w, https:\/\/news.save.ch\/wp-content\/uploads\/2024\/09\/89491-225x300.jpg 225w, https:\/\/news.save.ch\/wp-content\/uploads\/2024\/09\/89491-263x350.jpg 263w, https:\/\/news.save.ch\/wp-content\/uploads\/2024\/09\/89491-600x800.jpg 600w\" sizes=\"auto, (max-width: 1050px) 100vw, 1050px\" \/><\/a><figcaption id=\"caption-attachment-23501\" class=\"wp-caption-text\">Foto: zVg<\/figcaption><\/figure>\n<p><b>Qual \u00e8 il pericolo rappresentato dai prodotti in questione?<\/b><\/p>\n<p>I backsheet dei moduli fotovoltaici sono soggetti a infragilimento (il cosiddetto chalking). Questo pu\u00f2 portare a crepe lungo i connettori interni del modulo. Queste crepe possono a loro volta provocare un trasferimento di tensione dal modulo al telaio. Esiste il rischio di scosse elettriche.<\/p>\n<p><b>Quali sono i prodotti interessati?<\/b><\/p>\n<p>Si tratta di moduli fotovoltaici del marchio SCHOTT SOLAR. Sono interessati i seguenti modelli: SCHOTT Perform POLY TM 210-245; SCHOTT Perform MONO TM 180-195; SCHOTT Power POLY TM 210-250; SCHOTT MONO TM 180-190; SCHOTT POLY TM 155-240<\/p>\n<p><b>Cosa devono fare i consumatori interessati?<\/b><\/p>\n<p>Le parti dell'impianto solare che potrebbero essere difettose a causa del modello di guasto dei fogli di copertura sopra descritto non devono essere toccate in nessun caso senza misure di protezione contro le scosse elettriche.<\/p>\n<p>I consumatori non devono in nessun caso controllare da soli l'impianto solare. Devono rivolgersi a personale specializzato per questo scopo.<\/p>\n<p>Il personale specializzato deve controllare il sistema e poi presentare un reclamo a ECORAN. L'ulteriore elaborazione del processo avverr\u00e0 da l\u00ec.<\/p>\n<p>Fonte: <a href=\"https:\/\/www.admin.ch\/gov\/de\/start\/dokumentation\/medienmitteilungen.msg-id-102367.html\"><em>konsum.admin.ch<\/em><\/a><\/p>","protected":false},"excerpt":{"rendered":"<p>Welche Gefahr geht von den betroffenen Produkten aus? An den R\u00fcckseitenfolien der Photovoltaikmodule bestehen Verspr\u00f6dungen (so genanntes Chalking). Diese k\u00f6nnen zu Rissen entlang der modulinternen Verbinder f\u00fchren. Diese Risse wiederum k\u00f6nnen zu einem Spannungs\u00fcbertrag vom Modul auf den Rahmen f\u00fchren. Es besteht ein Stromschlagrisiko. Welche Produkte sind betroffen? Es handelt sich um Photovoltaikmodule der Marke [&hellip;]<\/p>\n","protected":false},"author":31,"featured_media":23501,"comment_status":"closed","ping_status":"closed","sticky":false,"template":"","format":"standard","meta":{"_acf_changed":false,"pgc_sgb_lightbox_settings":"","footnotes":""},"categories":[67,3314],"tags":[4188,837,4926],"class_list":["post-23500","post","type-post","status-publish","format-standard","has-post-thumbnail","hentry","category-brandschutz","category-health-safety","tag-eidgenoessisches-starkstrominspektorat-esti","tag-esti","tag-oeffentliche-warnungen"],"acf":[],"hkrextid":null,"publication":null,"issue":null,"workflow":null,"startPage":null,"spitzmarke":null,"_posts_by_tag_page_fields":null,"_at_widget":null,"_yoast_wpseo_primary_category":"67","_yoast_wpseo_focuskw_text_input":null,"_yoast_wpseo_opengraph-image":null,"_yoast_wpseo_opengraph-description":null,"_yoast_wpseo_opengraph-title":null,"enclosure":null,"_yoast_wpseo_twitter-title":null,"_yoast_wpseo_twitter-description":null,"_yoast_wpseo_twitter-image":null,"_wp_old_slug":null,"_yoast_wpseo_title":null,"_yoast_wpseo_canonical":null,"yoast_head":"<!-- This site is optimized with the Yoast SEO plugin v27.5 - https:\/\/yoast.com\/product\/yoast-seo-wordpress\/ -->\n<title>ESTI \u2013 ECORAN spricht Sicherheitswarnung f\u00fcr einige PV-Module der Marke SCHOTT SOLAR aus - Save<\/title>\n<meta name=\"description\" content=\"Stromschlaggefahr: In Zusammenarbeit ESTI spricht die Firma ECORAN eine Sicherheitswarnung f\u00fcr bestimmte Photovoltaikmodule aus.\" \/>\n<meta name=\"robots\" content=\"index, follow, max-snippet:-1, max-image-preview:large, max-video-preview:-1\" \/>\n<link rel=\"canonical\" href=\"https:\/\/news.save.ch\/it\/esti-ecoran-spricht-sicherheitswarnung-fuer-einige-pv-module-der-marke-schott-solar-aus\/\" \/>\n<meta property=\"og:locale\" content=\"it_IT\" \/>\n<meta property=\"og:type\" content=\"article\" \/>\n<meta property=\"og:title\" content=\"ESTI \u2013 ECORAN spricht Sicherheitswarnung f\u00fcr einige PV-Module der Marke SCHOTT SOLAR aus - Save\" \/>\n<meta property=\"og:description\" content=\"Stromschlaggefahr: In Zusammenarbeit ESTI spricht die Firma ECORAN eine Sicherheitswarnung f\u00fcr bestimmte Photovoltaikmodule aus.\" \/>\n<meta property=\"og:url\" content=\"https:\/\/news.save.ch\/it\/esti-ecoran-spricht-sicherheitswarnung-fuer-einige-pv-module-der-marke-schott-solar-aus\/\" \/>\n<meta property=\"og:site_name\" content=\"Save\" \/>\n<meta property=\"article:published_time\" content=\"2024-09-08T09:38:31+00:00\" \/>\n<meta property=\"article:modified_time\" content=\"2024-09-08T09:38:36+00:00\" \/>\n<meta property=\"og:image\" content=\"https:\/\/news.save.ch\/wp-content\/uploads\/2024\/09\/89491-scaled.jpg\" \/>\n\t<meta property=\"og:image:width\" content=\"900\" \/>\n\t<meta property=\"og:image:height\" content=\"1200\" \/>\n\t<meta property=\"og:image:type\" content=\"image\/jpeg\" \/>\n<meta name=\"author\" content=\"stefanie Zeng\" \/>\n<meta name=\"twitter:card\" content=\"summary_large_image\" \/>\n<meta name=\"twitter:label1\" content=\"Scritto da\" \/>\n\t<meta name=\"twitter:data1\" content=\"stefanie Zeng\" \/>\n\t<meta name=\"twitter:label2\" content=\"Tempo di lettura stimato\" \/>\n\t<meta name=\"twitter:data2\" content=\"2 minuti\" \/>\n<script type=\"application\/ld+json\" class=\"yoast-schema-graph\">{\"@context\":\"https:\\\/\\\/schema.org\",\"@graph\":[{\"@type\":\"Article\",\"@id\":\"https:\\\/\\\/news.save.ch\\\/esti-ecoran-spricht-sicherheitswarnung-fuer-einige-pv-module-der-marke-schott-solar-aus\\\/#article\",\"isPartOf\":{\"@id\":\"https:\\\/\\\/news.save.ch\\\/esti-ecoran-spricht-sicherheitswarnung-fuer-einige-pv-module-der-marke-schott-solar-aus\\\/\"},\"author\":{\"name\":\"stefanie Zeng\",\"@id\":\"https:\\\/\\\/news.save.ch\\\/de\\\/#\\\/schema\\\/person\\\/10917387362b3961e882740f6cf6f2a2\"},\"headline\":\"ESTI \u2013 ECORAN spricht Sicherheitswarnung f\u00fcr einige PV-Module der Marke SCHOTT SOLAR aus\",\"datePublished\":\"2024-09-08T09:38:31+00:00\",\"dateModified\":\"2024-09-08T09:38:36+00:00\",\"mainEntityOfPage\":{\"@id\":\"https:\\\/\\\/news.save.ch\\\/esti-ecoran-spricht-sicherheitswarnung-fuer-einige-pv-module-der-marke-schott-solar-aus\\\/\"},\"wordCount\":199,\"publisher\":{\"@id\":\"https:\\\/\\\/news.save.ch\\\/de\\\/#organization\"},\"image\":{\"@id\":\"https:\\\/\\\/news.save.ch\\\/esti-ecoran-spricht-sicherheitswarnung-fuer-einige-pv-module-der-marke-schott-solar-aus\\\/#primaryimage\"},\"thumbnailUrl\":\"https:\\\/\\\/news.save.ch\\\/wp-content\\\/uploads\\\/2024\\\/09\\\/89491-scaled.jpg\",\"keywords\":[\"Eidgen\u00f6ssisches Starkstrominspektorat (Esti)\",\"ESTI\",\"\u00f6ffentliche Warnungen\"],\"articleSection\":[\"BRANDSCHUTZ\",\"HEALTH &amp; SAFETY\"],\"inLanguage\":\"it-IT\"},{\"@type\":\"WebPage\",\"@id\":\"https:\\\/\\\/news.save.ch\\\/esti-ecoran-spricht-sicherheitswarnung-fuer-einige-pv-module-der-marke-schott-solar-aus\\\/\",\"url\":\"https:\\\/\\\/news.save.ch\\\/esti-ecoran-spricht-sicherheitswarnung-fuer-einige-pv-module-der-marke-schott-solar-aus\\\/\",\"name\":\"ESTI \u2013 ECORAN spricht Sicherheitswarnung f\u00fcr einige PV-Module der Marke SCHOTT SOLAR aus - Save\",\"isPartOf\":{\"@id\":\"https:\\\/\\\/news.save.ch\\\/de\\\/#website\"},\"primaryImageOfPage\":{\"@id\":\"https:\\\/\\\/news.save.ch\\\/esti-ecoran-spricht-sicherheitswarnung-fuer-einige-pv-module-der-marke-schott-solar-aus\\\/#primaryimage\"},\"image\":{\"@id\":\"https:\\\/\\\/news.save.ch\\\/esti-ecoran-spricht-sicherheitswarnung-fuer-einige-pv-module-der-marke-schott-solar-aus\\\/#primaryimage\"},\"thumbnailUrl\":\"https:\\\/\\\/news.save.ch\\\/wp-content\\\/uploads\\\/2024\\\/09\\\/89491-scaled.jpg\",\"datePublished\":\"2024-09-08T09:38:31+00:00\",\"dateModified\":\"2024-09-08T09:38:36+00:00\",\"description\":\"Stromschlaggefahr: In Zusammenarbeit ESTI spricht die Firma ECORAN eine Sicherheitswarnung f\u00fcr bestimmte Photovoltaikmodule aus.\",\"breadcrumb\":{\"@id\":\"https:\\\/\\\/news.save.ch\\\/esti-ecoran-spricht-sicherheitswarnung-fuer-einige-pv-module-der-marke-schott-solar-aus\\\/#breadcrumb\"},\"inLanguage\":\"it-IT\",\"potentialAction\":[{\"@type\":\"ReadAction\",\"target\":[\"https:\\\/\\\/news.save.ch\\\/esti-ecoran-spricht-sicherheitswarnung-fuer-einige-pv-module-der-marke-schott-solar-aus\\\/\"]}]},{\"@type\":\"ImageObject\",\"inLanguage\":\"it-IT\",\"@id\":\"https:\\\/\\\/news.save.ch\\\/esti-ecoran-spricht-sicherheitswarnung-fuer-einige-pv-module-der-marke-schott-solar-aus\\\/#primaryimage\",\"url\":\"https:\\\/\\\/news.save.ch\\\/wp-content\\\/uploads\\\/2024\\\/09\\\/89491-scaled.jpg\",\"contentUrl\":\"https:\\\/\\\/news.save.ch\\\/wp-content\\\/uploads\\\/2024\\\/09\\\/89491-scaled.jpg\",\"width\":900,\"height\":1200,\"caption\":\"Foto: zVg\"},{\"@type\":\"BreadcrumbList\",\"@id\":\"https:\\\/\\\/news.save.ch\\\/esti-ecoran-spricht-sicherheitswarnung-fuer-einige-pv-module-der-marke-schott-solar-aus\\\/#breadcrumb\",\"itemListElement\":[{\"@type\":\"ListItem\",\"position\":1,\"name\":\"Home\",\"item\":\"https:\\\/\\\/news.save.ch\\\/de\\\/\"},{\"@type\":\"ListItem\",\"position\":2,\"name\":\"ESTI \u2013 ECORAN spricht Sicherheitswarnung f\u00fcr einige PV-Module der Marke SCHOTT SOLAR aus\"}]},{\"@type\":\"WebSite\",\"@id\":\"https:\\\/\\\/news.save.ch\\\/de\\\/#website\",\"url\":\"https:\\\/\\\/news.save.ch\\\/de\\\/\",\"name\":\"Save\",\"description\":\"Schweizer Fachzeitschrift f\u00fcr Sicherheit\",\"publisher\":{\"@id\":\"https:\\\/\\\/news.save.ch\\\/de\\\/#organization\"},\"potentialAction\":[{\"@type\":\"SearchAction\",\"target\":{\"@type\":\"EntryPoint\",\"urlTemplate\":\"https:\\\/\\\/news.save.ch\\\/de\\\/?s={search_term_string}\"},\"query-input\":{\"@type\":\"PropertyValueSpecification\",\"valueRequired\":true,\"valueName\":\"search_term_string\"}}],\"inLanguage\":\"it-IT\"},{\"@type\":\"Organization\",\"@id\":\"https:\\\/\\\/news.save.ch\\\/de\\\/#organization\",\"name\":\"Sicherheitsforum\",\"url\":\"https:\\\/\\\/news.save.ch\\\/de\\\/\",\"logo\":{\"@type\":\"ImageObject\",\"inLanguage\":\"it-IT\",\"@id\":\"https:\\\/\\\/news.save.ch\\\/de\\\/#\\\/schema\\\/logo\\\/image\\\/\",\"url\":\"https:\\\/\\\/news.save.ch\\\/wp-content\\\/uploads\\\/2022\\\/06\\\/Logo_SF_2012.png\",\"contentUrl\":\"https:\\\/\\\/news.save.ch\\\/wp-content\\\/uploads\\\/2022\\\/06\\\/Logo_SF_2012.png\",\"width\":1100,\"height\":91,\"caption\":\"Sicherheitsforum\"},\"image\":{\"@id\":\"https:\\\/\\\/news.save.ch\\\/de\\\/#\\\/schema\\\/logo\\\/image\\\/\"}},{\"@type\":\"Person\",\"@id\":\"https:\\\/\\\/news.save.ch\\\/de\\\/#\\\/schema\\\/person\\\/10917387362b3961e882740f6cf6f2a2\",\"name\":\"stefanie Zeng\",\"image\":{\"@type\":\"ImageObject\",\"inLanguage\":\"it-IT\",\"@id\":\"https:\\\/\\\/secure.gravatar.com\\\/avatar\\\/eac43faa6e40bb2c41068c95c9d78bbd94c476d5efdff7abaab80bb3ea681e06?s=96&d=mm&r=g\",\"url\":\"https:\\\/\\\/secure.gravatar.com\\\/avatar\\\/eac43faa6e40bb2c41068c95c9d78bbd94c476d5efdff7abaab80bb3ea681e06?s=96&d=mm&r=g\",\"contentUrl\":\"https:\\\/\\\/secure.gravatar.com\\\/avatar\\\/eac43faa6e40bb2c41068c95c9d78bbd94c476d5efdff7abaab80bb3ea681e06?s=96&d=mm&r=g\",\"caption\":\"stefanie Zeng\"},\"url\":\"https:\\\/\\\/news.save.ch\\\/it\\\/author\\\/stefanie-zeng\\\/\"}]}<\/script>\n<!-- \/ Yoast SEO plugin. -->","yoast_head_json":{"title":"ESTI - ECORAN emette un avviso di sicurezza per alcuni moduli fotovoltaici del marchio SCHOTT SOLAR - Save","description":"Rischio di scosse elettriche: in collaborazione con ESTI, la societ\u00e0 ECORAN emette un avviso di sicurezza per alcuni moduli fotovoltaici.","robots":{"index":"index","follow":"follow","max-snippet":"max-snippet:-1","max-image-preview":"max-image-preview:large","max-video-preview":"max-video-preview:-1"},"canonical":"https:\/\/news.save.ch\/it\/esti-ecoran-spricht-sicherheitswarnung-fuer-einige-pv-module-der-marke-schott-solar-aus\/","og_locale":"it_IT","og_type":"article","og_title":"ESTI \u2013 ECORAN spricht Sicherheitswarnung f\u00fcr einige PV-Module der Marke SCHOTT SOLAR aus - Save","og_description":"Stromschlaggefahr: In Zusammenarbeit ESTI spricht die Firma ECORAN eine Sicherheitswarnung f\u00fcr bestimmte Photovoltaikmodule aus.","og_url":"https:\/\/news.save.ch\/it\/esti-ecoran-spricht-sicherheitswarnung-fuer-einige-pv-module-der-marke-schott-solar-aus\/","og_site_name":"Save","article_published_time":"2024-09-08T09:38:31+00:00","article_modified_time":"2024-09-08T09:38:36+00:00","og_image":[{"width":900,"height":1200,"url":"https:\/\/news.save.ch\/wp-content\/uploads\/2024\/09\/89491-scaled.jpg","type":"image\/jpeg"}],"author":"stefanie Zeng","twitter_card":"summary_large_image","twitter_misc":{"Scritto da":"stefanie Zeng","Tempo di lettura stimato":"2 minuti"},"schema":{"@context":"https:\/\/schema.org","@graph":[{"@type":"Article","@id":"https:\/\/news.save.ch\/esti-ecoran-spricht-sicherheitswarnung-fuer-einige-pv-module-der-marke-schott-solar-aus\/#article","isPartOf":{"@id":"https:\/\/news.save.ch\/esti-ecoran-spricht-sicherheitswarnung-fuer-einige-pv-module-der-marke-schott-solar-aus\/"},"author":{"name":"stefanie Zeng","@id":"https:\/\/news.save.ch\/de\/#\/schema\/person\/10917387362b3961e882740f6cf6f2a2"},"headline":"ESTI \u2013 ECORAN spricht Sicherheitswarnung f\u00fcr einige PV-Module der Marke SCHOTT SOLAR aus","datePublished":"2024-09-08T09:38:31+00:00","dateModified":"2024-09-08T09:38:36+00:00","mainEntityOfPage":{"@id":"https:\/\/news.save.ch\/esti-ecoran-spricht-sicherheitswarnung-fuer-einige-pv-module-der-marke-schott-solar-aus\/"},"wordCount":199,"publisher":{"@id":"https:\/\/news.save.ch\/de\/#organization"},"image":{"@id":"https:\/\/news.save.ch\/esti-ecoran-spricht-sicherheitswarnung-fuer-einige-pv-module-der-marke-schott-solar-aus\/#primaryimage"},"thumbnailUrl":"https:\/\/news.save.ch\/wp-content\/uploads\/2024\/09\/89491-scaled.jpg","keywords":["Eidgen\u00f6ssisches Starkstrominspektorat (Esti)","ESTI","\u00f6ffentliche Warnungen"],"articleSection":["BRANDSCHUTZ","HEALTH &amp; SAFETY"],"inLanguage":"it-IT"},{"@type":"WebPage","@id":"https:\/\/news.save.ch\/esti-ecoran-spricht-sicherheitswarnung-fuer-einige-pv-module-der-marke-schott-solar-aus\/","url":"https:\/\/news.save.ch\/esti-ecoran-spricht-sicherheitswarnung-fuer-einige-pv-module-der-marke-schott-solar-aus\/","name":"ESTI - ECORAN emette un avviso di sicurezza per alcuni moduli fotovoltaici del marchio SCHOTT SOLAR - Save","isPartOf":{"@id":"https:\/\/news.save.ch\/de\/#website"},"primaryImageOfPage":{"@id":"https:\/\/news.save.ch\/esti-ecoran-spricht-sicherheitswarnung-fuer-einige-pv-module-der-marke-schott-solar-aus\/#primaryimage"},"image":{"@id":"https:\/\/news.save.ch\/esti-ecoran-spricht-sicherheitswarnung-fuer-einige-pv-module-der-marke-schott-solar-aus\/#primaryimage"},"thumbnailUrl":"https:\/\/news.save.ch\/wp-content\/uploads\/2024\/09\/89491-scaled.jpg","datePublished":"2024-09-08T09:38:31+00:00","dateModified":"2024-09-08T09:38:36+00:00","description":"Rischio di scosse elettriche: in collaborazione con ESTI, la societ\u00e0 ECORAN emette un avviso di sicurezza per alcuni moduli fotovoltaici.","breadcrumb":{"@id":"https:\/\/news.save.ch\/esti-ecoran-spricht-sicherheitswarnung-fuer-einige-pv-module-der-marke-schott-solar-aus\/#breadcrumb"},"inLanguage":"it-IT","potentialAction":[{"@type":"ReadAction","target":["https:\/\/news.save.ch\/esti-ecoran-spricht-sicherheitswarnung-fuer-einige-pv-module-der-marke-schott-solar-aus\/"]}]},{"@type":"ImageObject","inLanguage":"it-IT","@id":"https:\/\/news.save.ch\/esti-ecoran-spricht-sicherheitswarnung-fuer-einige-pv-module-der-marke-schott-solar-aus\/#primaryimage","url":"https:\/\/news.save.ch\/wp-content\/uploads\/2024\/09\/89491-scaled.jpg","contentUrl":"https:\/\/news.save.ch\/wp-content\/uploads\/2024\/09\/89491-scaled.jpg","width":900,"height":1200,"caption":"Foto: zVg"},{"@type":"BreadcrumbList","@id":"https:\/\/news.save.ch\/esti-ecoran-spricht-sicherheitswarnung-fuer-einige-pv-module-der-marke-schott-solar-aus\/#breadcrumb","itemListElement":[{"@type":"ListItem","position":1,"name":"Home","item":"https:\/\/news.save.ch\/de\/"},{"@type":"ListItem","position":2,"name":"ESTI \u2013 ECORAN spricht Sicherheitswarnung f\u00fcr einige PV-Module der Marke SCHOTT SOLAR aus"}]},{"@type":"WebSite","@id":"https:\/\/news.save.ch\/de\/#website","url":"https:\/\/news.save.ch\/de\/","name":"Risparmiare","description":"Rivista svizzera specializzata in sicurezza","publisher":{"@id":"https:\/\/news.save.ch\/de\/#organization"},"potentialAction":[{"@type":"SearchAction","target":{"@type":"EntryPoint","urlTemplate":"https:\/\/news.save.ch\/de\/?s={search_term_string}"},"query-input":{"@type":"PropertyValueSpecification","valueRequired":true,"valueName":"search_term_string"}}],"inLanguage":"it-IT"},{"@type":"Organization","@id":"https:\/\/news.save.ch\/de\/#organization","name":"Forum sulla sicurezza","url":"https:\/\/news.save.ch\/de\/","logo":{"@type":"ImageObject","inLanguage":"it-IT","@id":"https:\/\/news.save.ch\/de\/#\/schema\/logo\/image\/","url":"https:\/\/news.save.ch\/wp-content\/uploads\/2022\/06\/Logo_SF_2012.png","contentUrl":"https:\/\/news.save.ch\/wp-content\/uploads\/2022\/06\/Logo_SF_2012.png","width":1100,"height":91,"caption":"Sicherheitsforum"},"image":{"@id":"https:\/\/news.save.ch\/de\/#\/schema\/logo\/image\/"}},{"@type":"Person","@id":"https:\/\/news.save.ch\/de\/#\/schema\/person\/10917387362b3961e882740f6cf6f2a2","name":"Stefanie Zeng","image":{"@type":"ImageObject","inLanguage":"it-IT","@id":"https:\/\/secure.gravatar.com\/avatar\/eac43faa6e40bb2c41068c95c9d78bbd94c476d5efdff7abaab80bb3ea681e06?s=96&d=mm&r=g","url":"https:\/\/secure.gravatar.com\/avatar\/eac43faa6e40bb2c41068c95c9d78bbd94c476d5efdff7abaab80bb3ea681e06?s=96&d=mm&r=g","contentUrl":"https:\/\/secure.gravatar.com\/avatar\/eac43faa6e40bb2c41068c95c9d78bbd94c476d5efdff7abaab80bb3ea681e06?s=96&d=mm&r=g","caption":"stefanie Zeng"},"url":"https:\/\/news.save.ch\/it\/author\/stefanie-zeng\/"}]}},"_links":{"self":[{"href":"https:\/\/news.save.ch\/it\/wp-json\/wp\/v2\/posts\/23500","targetHints":{"allow":["GET"]}}],"collection":[{"href":"https:\/\/news.save.ch\/it\/wp-json\/wp\/v2\/posts"}],"about":[{"href":"https:\/\/news.save.ch\/it\/wp-json\/wp\/v2\/types\/post"}],"author":[{"embeddable":true,"href":"https:\/\/news.save.ch\/it\/wp-json\/wp\/v2\/users\/31"}],"replies":[{"embeddable":true,"href":"https:\/\/news.save.ch\/it\/wp-json\/wp\/v2\/comments?post=23500"}],"version-history":[{"count":2,"href":"https:\/\/news.save.ch\/it\/wp-json\/wp\/v2\/posts\/23500\/revisions"}],"predecessor-version":[{"id":23503,"href":"https:\/\/news.save.ch\/it\/wp-json\/wp\/v2\/posts\/23500\/revisions\/23503"}],"wp:featuredmedia":[{"embeddable":true,"href":"https:\/\/news.save.ch\/it\/wp-json\/wp\/v2\/media\/23501"}],"wp:attachment":[{"href":"https:\/\/news.save.ch\/it\/wp-json\/wp\/v2\/media?parent=23500"}],"wp:term":[{"taxonomy":"category","embeddable":true,"href":"https:\/\/news.save.ch\/it\/wp-json\/wp\/v2\/categories?post=23500"},{"taxonomy":"post_tag","embeddable":true,"href":"https:\/\/news.save.ch\/it\/wp-json\/wp\/v2\/tags?post=23500"}],"curies":[{"name":"wp","href":"https:\/\/api.w.org\/{rel}","templated":true}]}}