{"id":2355,"date":"2016-08-30T09:02:51","date_gmt":"2016-08-30T07:02:51","guid":{"rendered":"https:\/\/dev.sicherheitsforum.ch\/?p=2355"},"modified":"2016-08-30T09:02:51","modified_gmt":"2016-08-30T07:02:51","slug":"asylzentrum-bericht-entlastet-sicherheitsfirma","status":null,"type":"post","link":"https:\/\/news.save.ch\/it\/asylzentrum-bericht-entlastet-sicherheitsfirma\/","title":{"rendered":"Centro per richiedenti asilo: un rapporto scagiona la societ\u00e0 di sicurezza"},"content":{"rendered":"<figure id=\"attachment_2359\" aria-describedby=\"caption-attachment-2359\" style=\"width: 680px\" class=\"wp-caption alignnone\"><img loading=\"lazy\" decoding=\"async\" class=\"size-medium wp-image-2359\" src=\"https:\/\/news.save.ch\/wp-content\/uploads\/2016\/12\/Asylzentrum-Bericht-entlastet-Sicherheitsfirma_sicherheitsforum.jpg\" alt=\"\" width=\"680\" height=\"453\" srcset=\"https:\/\/news.save.ch\/wp-content\/uploads\/2016\/12\/Asylzentrum-Bericht-entlastet-Sicherheitsfirma_sicherheitsforum.jpg 1000w, https:\/\/news.save.ch\/wp-content\/uploads\/2016\/12\/Asylzentrum-Bericht-entlastet-Sicherheitsfirma_sicherheitsforum-375x250.jpg 375w\" sizes=\"auto, (max-width: 680px) 100vw, 680px\" \/><figcaption id=\"caption-attachment-2359\" class=\"wp-caption-text\">I rifugiati sono stati trattati male? \u00a9depositphotos<\/figcaption><\/figure>\n<p>Il 17 gennaio 2016, la \"SonntagsZeitung\" di TA-Media ha pubblicato un rapporto sotto copertura dal Centro di accoglienza e procedura di Kreuzlingen, che conteneva gravi accuse, soprattutto nei confronti del personale di sicurezza del centro. Il Segretario di Stato Mario Gattiker ha quindi fatto indagare esternamente le accuse. L'ex giudice federale Michel F\u00e9raud \u00e8 stato incaricato di questo compito e ora ha dato il suo contributo. <a href=\"https:\/\/www.sem.admin.ch\/dam\/data\/sem\/publiservice\/berichte\/ber-feraud-evzk-d.pdf\" target=\"_blank\" rel=\"noreferrer noopener\" data-cke-saved-href=\"https:\/\/www.sem.admin.ch\/dam\/data\/sem\/publiservice\/berichte\/ber-feraud-evzk-d.pdf\">Rapporto <\/a>presentato.<\/p>\n<p><strong>Nessuna prova di violenza sistematica<\/strong><\/p>\n<p>Secondo F\u00e9raud, non ci sono indicazioni concrete che i richiedenti asilo siano stati picchiati o abbiano subito altri abusi fisici nel Centro di accoglienza e procedura di Kreuzlingen (EVZ), come scrive la SEM. Una stanza in cui i richiedenti asilo venivano picchiati, come riportato nel rapporto, non esisteva.<\/p>\n<p>L'autore dell'articolo di giornale sostiene che terroristi, contrabbandieri e trafficanti di droga si intrufolano nei centri di asilo federali senza essere scoperti. Queste accuse si sono rivelate tutte infondate e prive di fondamento, si legge ancora nella dichiarazione.<\/p>\n<p>L'ex giudice federale F\u00e9raud aveva indagato su otto episodi specifici. Si tratta di accuse secondo cui il personale di sicurezza avrebbe usato la forza fisica in modo inammissibile. In tre casi, il comportamento aggressivo dei richiedenti asilo ha creato una situazione di pericolo, motivo per cui il personale \u00e8 dovuto intervenire fisicamente, anche per proteggere se stesso e terzi. In uno di questi casi, il procedimento \u00e8 ancora in corso. In cinque casi, il sospetto di violenza non \u00e8 stato confermato. D'altra parte, il rapporto documenta un errore verbale in un caso e una misura sproporzionata in un altro. Questo caso riguardava un richiedente asilo che ha dovuto rimanere all'aperto per 20 minuti a basse temperature. La SEM prende sul serio queste critiche. Il Segretario di Stato Mario Gattiker ha insistito con la direzione del fornitore di servizi di sicurezza sul fatto che il trattamento dei richiedenti asilo deve essere sempre equo, rispettoso e proporzionato.<\/p>\n<p><strong>Raccomandazioni relative alla formazione continua<\/strong><\/p>\n<p>In relazione al personale di sicurezza impiegato presso il CEC di Kreuzlingen, l'ex giudice federale F\u00e9raud ha affermato che non vi sono indicazioni che la societ\u00e0 di sicurezza non stia rispettando l'accordo quadro o non sia stata in grado di adempiere al mandato assunto. Le accuse mosse dal giornalista in questo contesto, secondo cui i dipendenti Securitas mostrerebbero carenze nel trattare con i musulmani, erano infondate, secondo il comunicato stampa della SEM.<\/p>\n<p>Tuttavia, l'ex giudice federale F\u00e9raud formula anche delle raccomandazioni nel suo rapporto. Per quanto riguarda la gestione di richiedenti asilo gravemente traumatizzati o indisciplinati e la gestione degli scontri tra richiedenti asilo, occorre prestare particolare attenzione alla formazione continua, come previsto dall'accordo quadro tra la SEM e la Securitas AG.<\/p>\n<p>Il concetto di garanzia e controllo della qualit\u00e0 della SEM prevede che i fornitori di servizi di sicurezza riferiscano una volta all'anno sulla formazione e sul perfezionamento professionale che hanno svolto. Michel F\u00e9raud raccomanda di prestare particolare attenzione alle relative relazioni sulla formazione continua e di garantire l'alta qualit\u00e0 delle misure di formazione continua. Secondo il rapporto, queste raccomandazioni sono gi\u00e0 state incorporate nei processi. Inoltre, in un progetto pilota previsto nel 2015, il personale di assistenza doveva essere presente nel centro durante le ore notturne per supportare il servizio di sicurezza. Il progetto \u00e8 stato sospeso mentre l'ex giudice federale F\u00e9raud indagava sulle accuse. Ora viene rilanciato a Kreuzlingen, a conclusione del SEM.<\/p>","protected":false},"excerpt":{"rendered":"<p>Die \u201eSonntagsZeitung\u201c aus dem Hause TA-Media publizierte am 17. Januar 2016 eine Undercover-Reportage aus dem Empfangs- und Verfahrenszentrum Kreuzlingen, die gravierende Anschuldigungen insbesondere gegen\u00fcber dem Sicherheitspersonal im Zentrum enthielt. Staatssekret\u00e4r Mario Gattiker liess deshalb die Vorw\u00fcrfe extern untersuchen. Alt-Bundesrichter Michel F\u00e9raud wurde mit dieser Aufgabe betraut und hat nun seinen Bericht vorgelegt. Keine Hinweise auf [&hellip;]<\/p>\n","protected":false},"author":1,"featured_media":2359,"comment_status":"open","ping_status":"open","sticky":false,"template":"","format":"standard","meta":{"_acf_changed":false,"pgc_sgb_lightbox_settings":"","footnotes":""},"categories":[1],"tags":[69,65],"class_list":["post-2355","post","type-post","status-publish","format-standard","has-post-thumbnail","hentry","category-allgemein","tag-justiz-polizei","tag-unternehmen"],"acf":[],"hkrextid":null,"publication":null,"issue":null,"workflow":null,"startPage":null,"spitzmarke":null,"_posts_by_tag_page_fields":{"widget_title":"","widget_tags":""},"_at_widget":"1","_yoast_wpseo_primary_category":"","_yoast_wpseo_focuskw_text_input":"Asylzentrum","_yoast_wpseo_opengraph-image":"https:\/\/news.save.ch\/wp-content\/uploads\/2016\/12\/Asylzentrum-Bericht-entlastet-Sicherheitsfirma_sicherheitsforum.jpg","_yoast_wpseo_opengraph-description":"Im Januar 2016 erhob ein Journalist in der \u201eSonntagsZeitung\u201c schwerwiegende Vorw\u00fcrfe gegen das Sicherheitspersonal im Empfangs- und Verfahrenszentrum Kreuzlingen. Das Staatssekretariat f\u00fcr Migration, kurz SEM, liess diese Vorw\u00fcrfe von Alt-Bundesrichter Michel F\u00e9raud untersuchen. Der nun vorliegende Bericht entlaste die Sicherheitsfirma sowie das SEM, enth\u00e4lt aber Empfehlungen, wie gewisse interne Abl\u00e4ufe optimiert werden k\u00f6nnen, schreibt das SEM.","_yoast_wpseo_opengraph-title":"Asylzentrum: Bericht entlastet Sicherheitsfirma","enclosure":null,"_yoast_wpseo_twitter-title":null,"_yoast_wpseo_twitter-description":null,"_yoast_wpseo_twitter-image":null,"_wp_old_slug":null,"_yoast_wpseo_title":null,"_yoast_wpseo_canonical":null,"yoast_head":"<!-- This site is optimized with the Yoast SEO plugin v27.5 - https:\/\/yoast.com\/product\/yoast-seo-wordpress\/ -->\n<title>Asylzentrum: Bericht entlastet Sicherheitsfirma - Save<\/title>\n<meta name=\"description\" content=\"Im Januar 2016 erhob ein Journalist in der \u201eSonntagsZeitung\u201c schwerwiegende Vorw\u00fcrfe gegen das Sicherheitspersonal im Asylzentrum Kreuzlingen.\" \/>\n<meta name=\"robots\" content=\"index, follow, max-snippet:-1, max-image-preview:large, max-video-preview:-1\" \/>\n<link rel=\"canonical\" href=\"https:\/\/news.save.ch\/it\/asylzentrum-bericht-entlastet-sicherheitsfirma\/\" \/>\n<meta property=\"og:locale\" content=\"it_IT\" \/>\n<meta property=\"og:type\" content=\"article\" \/>\n<meta property=\"og:title\" content=\"Asylzentrum: Bericht entlastet Sicherheitsfirma\" \/>\n<meta property=\"og:description\" content=\"Im Januar 2016 erhob ein Journalist in der \u201eSonntagsZeitung\u201c schwerwiegende Vorw\u00fcrfe gegen das Sicherheitspersonal im Empfangs- und Verfahrenszentrum Kreuzlingen. Das Staatssekretariat f\u00fcr Migration, kurz SEM, liess diese Vorw\u00fcrfe von Alt-Bundesrichter Michel F\u00e9raud untersuchen. Der nun vorliegende Bericht entlaste die Sicherheitsfirma sowie das SEM, enth\u00e4lt aber Empfehlungen, wie gewisse interne Abl\u00e4ufe optimiert werden k\u00f6nnen, schreibt das SEM.\" \/>\n<meta property=\"og:url\" content=\"https:\/\/news.save.ch\/it\/asylzentrum-bericht-entlastet-sicherheitsfirma\/\" \/>\n<meta property=\"og:site_name\" content=\"Save\" \/>\n<meta property=\"article:published_time\" content=\"2016-08-30T07:02:51+00:00\" \/>\n<meta property=\"og:image\" content=\"https:\/\/news.save.ch\/wp-content\/uploads\/2016\/12\/Asylzentrum-Bericht-entlastet-Sicherheitsfirma_sicherheitsforum.jpg\" \/>\n<meta name=\"author\" content=\"admin\" \/>\n<meta name=\"twitter:card\" content=\"summary_large_image\" \/>\n<meta name=\"twitter:label1\" content=\"Scritto da\" \/>\n\t<meta name=\"twitter:data1\" content=\"admin\" \/>\n\t<meta name=\"twitter:label2\" content=\"Tempo di lettura stimato\" \/>\n\t<meta name=\"twitter:data2\" content=\"3 minuti\" \/>\n<script type=\"application\/ld+json\" class=\"yoast-schema-graph\">{\"@context\":\"https:\\\/\\\/schema.org\",\"@graph\":[{\"@type\":\"Article\",\"@id\":\"https:\\\/\\\/news.save.ch\\\/asylzentrum-bericht-entlastet-sicherheitsfirma\\\/#article\",\"isPartOf\":{\"@id\":\"https:\\\/\\\/news.save.ch\\\/asylzentrum-bericht-entlastet-sicherheitsfirma\\\/\"},\"author\":{\"name\":\"admin\",\"@id\":\"https:\\\/\\\/news.save.ch\\\/de\\\/#\\\/schema\\\/person\\\/d49e199490bad7c70d64b9ab51142f2b\"},\"headline\":\"Asylzentrum: Bericht entlastet Sicherheitsfirma\",\"datePublished\":\"2016-08-30T07:02:51+00:00\",\"mainEntityOfPage\":{\"@id\":\"https:\\\/\\\/news.save.ch\\\/asylzentrum-bericht-entlastet-sicherheitsfirma\\\/\"},\"wordCount\":532,\"commentCount\":0,\"publisher\":{\"@id\":\"https:\\\/\\\/news.save.ch\\\/de\\\/#organization\"},\"image\":{\"@id\":\"https:\\\/\\\/news.save.ch\\\/asylzentrum-bericht-entlastet-sicherheitsfirma\\\/#primaryimage\"},\"thumbnailUrl\":\"https:\\\/\\\/news.save.ch\\\/wp-content\\\/uploads\\\/2016\\\/12\\\/Asylzentrum-Bericht-entlastet-Sicherheitsfirma_sicherheitsforum.jpg\",\"keywords\":[\"Justiz &amp; Polizei\",\"Unternehmen\"],\"articleSection\":[\"ALLGEMEIN\"],\"inLanguage\":\"it-IT\"},{\"@type\":\"WebPage\",\"@id\":\"https:\\\/\\\/news.save.ch\\\/asylzentrum-bericht-entlastet-sicherheitsfirma\\\/\",\"url\":\"https:\\\/\\\/news.save.ch\\\/asylzentrum-bericht-entlastet-sicherheitsfirma\\\/\",\"name\":\"Asylzentrum: Bericht entlastet Sicherheitsfirma - Save\",\"isPartOf\":{\"@id\":\"https:\\\/\\\/news.save.ch\\\/de\\\/#website\"},\"primaryImageOfPage\":{\"@id\":\"https:\\\/\\\/news.save.ch\\\/asylzentrum-bericht-entlastet-sicherheitsfirma\\\/#primaryimage\"},\"image\":{\"@id\":\"https:\\\/\\\/news.save.ch\\\/asylzentrum-bericht-entlastet-sicherheitsfirma\\\/#primaryimage\"},\"thumbnailUrl\":\"https:\\\/\\\/news.save.ch\\\/wp-content\\\/uploads\\\/2016\\\/12\\\/Asylzentrum-Bericht-entlastet-Sicherheitsfirma_sicherheitsforum.jpg\",\"datePublished\":\"2016-08-30T07:02:51+00:00\",\"description\":\"Im Januar 2016 erhob ein Journalist in der \u201eSonntagsZeitung\u201c schwerwiegende Vorw\u00fcrfe gegen das Sicherheitspersonal im Asylzentrum Kreuzlingen.\",\"breadcrumb\":{\"@id\":\"https:\\\/\\\/news.save.ch\\\/asylzentrum-bericht-entlastet-sicherheitsfirma\\\/#breadcrumb\"},\"inLanguage\":\"it-IT\",\"potentialAction\":[{\"@type\":\"ReadAction\",\"target\":[\"https:\\\/\\\/news.save.ch\\\/asylzentrum-bericht-entlastet-sicherheitsfirma\\\/\"]}]},{\"@type\":\"ImageObject\",\"inLanguage\":\"it-IT\",\"@id\":\"https:\\\/\\\/news.save.ch\\\/asylzentrum-bericht-entlastet-sicherheitsfirma\\\/#primaryimage\",\"url\":\"https:\\\/\\\/news.save.ch\\\/wp-content\\\/uploads\\\/2016\\\/12\\\/Asylzentrum-Bericht-entlastet-Sicherheitsfirma_sicherheitsforum.jpg\",\"contentUrl\":\"https:\\\/\\\/news.save.ch\\\/wp-content\\\/uploads\\\/2016\\\/12\\\/Asylzentrum-Bericht-entlastet-Sicherheitsfirma_sicherheitsforum.jpg\",\"width\":1000,\"height\":666,\"caption\":\"Wurden Fl\u00fcchtlinge schlecht behandelt? \u00a9depositphotos\"},{\"@type\":\"BreadcrumbList\",\"@id\":\"https:\\\/\\\/news.save.ch\\\/asylzentrum-bericht-entlastet-sicherheitsfirma\\\/#breadcrumb\",\"itemListElement\":[{\"@type\":\"ListItem\",\"position\":1,\"name\":\"Home\",\"item\":\"https:\\\/\\\/news.save.ch\\\/de\\\/\"},{\"@type\":\"ListItem\",\"position\":2,\"name\":\"Asylzentrum: Bericht entlastet Sicherheitsfirma\"}]},{\"@type\":\"WebSite\",\"@id\":\"https:\\\/\\\/news.save.ch\\\/de\\\/#website\",\"url\":\"https:\\\/\\\/news.save.ch\\\/de\\\/\",\"name\":\"Save\",\"description\":\"Schweizer Fachzeitschrift f\u00fcr Sicherheit\",\"publisher\":{\"@id\":\"https:\\\/\\\/news.save.ch\\\/de\\\/#organization\"},\"potentialAction\":[{\"@type\":\"SearchAction\",\"target\":{\"@type\":\"EntryPoint\",\"urlTemplate\":\"https:\\\/\\\/news.save.ch\\\/de\\\/?s={search_term_string}\"},\"query-input\":{\"@type\":\"PropertyValueSpecification\",\"valueRequired\":true,\"valueName\":\"search_term_string\"}}],\"inLanguage\":\"it-IT\"},{\"@type\":\"Organization\",\"@id\":\"https:\\\/\\\/news.save.ch\\\/de\\\/#organization\",\"name\":\"Sicherheitsforum\",\"url\":\"https:\\\/\\\/news.save.ch\\\/de\\\/\",\"logo\":{\"@type\":\"ImageObject\",\"inLanguage\":\"it-IT\",\"@id\":\"https:\\\/\\\/news.save.ch\\\/de\\\/#\\\/schema\\\/logo\\\/image\\\/\",\"url\":\"https:\\\/\\\/news.save.ch\\\/wp-content\\\/uploads\\\/2022\\\/06\\\/Logo_SF_2012.png\",\"contentUrl\":\"https:\\\/\\\/news.save.ch\\\/wp-content\\\/uploads\\\/2022\\\/06\\\/Logo_SF_2012.png\",\"width\":1100,\"height\":91,\"caption\":\"Sicherheitsforum\"},\"image\":{\"@id\":\"https:\\\/\\\/news.save.ch\\\/de\\\/#\\\/schema\\\/logo\\\/image\\\/\"}},{\"@type\":\"Person\",\"@id\":\"https:\\\/\\\/news.save.ch\\\/de\\\/#\\\/schema\\\/person\\\/d49e199490bad7c70d64b9ab51142f2b\",\"name\":\"admin\",\"image\":{\"@type\":\"ImageObject\",\"inLanguage\":\"it-IT\",\"@id\":\"https:\\\/\\\/secure.gravatar.com\\\/avatar\\\/ae2f4d718e6c49043e314ce431e7e645d646302a24a5ef5a8bc8e3f5a032e319?s=96&d=mm&r=g\",\"url\":\"https:\\\/\\\/secure.gravatar.com\\\/avatar\\\/ae2f4d718e6c49043e314ce431e7e645d646302a24a5ef5a8bc8e3f5a032e319?s=96&d=mm&r=g\",\"contentUrl\":\"https:\\\/\\\/secure.gravatar.com\\\/avatar\\\/ae2f4d718e6c49043e314ce431e7e645d646302a24a5ef5a8bc8e3f5a032e319?s=96&d=mm&r=g\",\"caption\":\"admin\"},\"sameAs\":[\"https:\\\/\\\/develop.organisator.galledia.ch\"],\"url\":\"https:\\\/\\\/news.save.ch\\\/it\\\/author\\\/admin\\\/\"}]}<\/script>\n<!-- \/ Yoast SEO plugin. -->","yoast_head_json":{"title":"Centro per richiedenti asilo: un rapporto scagiona la societ\u00e0 di sicurezza - Save","description":"Nel gennaio 2016, un giornalista della \"SonntagsZeitung\" ha rivolto gravi accuse al personale di sicurezza del centro per richiedenti asilo di Kreuzlingen.","robots":{"index":"index","follow":"follow","max-snippet":"max-snippet:-1","max-image-preview":"max-image-preview:large","max-video-preview":"max-video-preview:-1"},"canonical":"https:\/\/news.save.ch\/it\/asylzentrum-bericht-entlastet-sicherheitsfirma\/","og_locale":"it_IT","og_type":"article","og_title":"Asylzentrum: Bericht entlastet Sicherheitsfirma","og_description":"Im Januar 2016 erhob ein Journalist in der \u201eSonntagsZeitung\u201c schwerwiegende Vorw\u00fcrfe gegen das Sicherheitspersonal im Empfangs- und Verfahrenszentrum Kreuzlingen. Das Staatssekretariat f\u00fcr Migration, kurz SEM, liess diese Vorw\u00fcrfe von Alt-Bundesrichter Michel F\u00e9raud untersuchen. Der nun vorliegende Bericht entlaste die Sicherheitsfirma sowie das SEM, enth\u00e4lt aber Empfehlungen, wie gewisse interne Abl\u00e4ufe optimiert werden k\u00f6nnen, schreibt das SEM.","og_url":"https:\/\/news.save.ch\/it\/asylzentrum-bericht-entlastet-sicherheitsfirma\/","og_site_name":"Save","article_published_time":"2016-08-30T07:02:51+00:00","og_image":[{"url":"https:\/\/news.save.ch\/wp-content\/uploads\/2016\/12\/Asylzentrum-Bericht-entlastet-Sicherheitsfirma_sicherheitsforum.jpg","type":"","width":"","height":""}],"author":"admin","twitter_card":"summary_large_image","twitter_misc":{"Scritto da":"admin","Tempo di lettura stimato":"3 minuti"},"schema":{"@context":"https:\/\/schema.org","@graph":[{"@type":"Article","@id":"https:\/\/news.save.ch\/asylzentrum-bericht-entlastet-sicherheitsfirma\/#article","isPartOf":{"@id":"https:\/\/news.save.ch\/asylzentrum-bericht-entlastet-sicherheitsfirma\/"},"author":{"name":"admin","@id":"https:\/\/news.save.ch\/de\/#\/schema\/person\/d49e199490bad7c70d64b9ab51142f2b"},"headline":"Asylzentrum: Bericht entlastet Sicherheitsfirma","datePublished":"2016-08-30T07:02:51+00:00","mainEntityOfPage":{"@id":"https:\/\/news.save.ch\/asylzentrum-bericht-entlastet-sicherheitsfirma\/"},"wordCount":532,"commentCount":0,"publisher":{"@id":"https:\/\/news.save.ch\/de\/#organization"},"image":{"@id":"https:\/\/news.save.ch\/asylzentrum-bericht-entlastet-sicherheitsfirma\/#primaryimage"},"thumbnailUrl":"https:\/\/news.save.ch\/wp-content\/uploads\/2016\/12\/Asylzentrum-Bericht-entlastet-Sicherheitsfirma_sicherheitsforum.jpg","keywords":["Justiz &amp; Polizei","Unternehmen"],"articleSection":["ALLGEMEIN"],"inLanguage":"it-IT"},{"@type":"WebPage","@id":"https:\/\/news.save.ch\/asylzentrum-bericht-entlastet-sicherheitsfirma\/","url":"https:\/\/news.save.ch\/asylzentrum-bericht-entlastet-sicherheitsfirma\/","name":"Centro per richiedenti asilo: un rapporto scagiona la societ\u00e0 di sicurezza - Save","isPartOf":{"@id":"https:\/\/news.save.ch\/de\/#website"},"primaryImageOfPage":{"@id":"https:\/\/news.save.ch\/asylzentrum-bericht-entlastet-sicherheitsfirma\/#primaryimage"},"image":{"@id":"https:\/\/news.save.ch\/asylzentrum-bericht-entlastet-sicherheitsfirma\/#primaryimage"},"thumbnailUrl":"https:\/\/news.save.ch\/wp-content\/uploads\/2016\/12\/Asylzentrum-Bericht-entlastet-Sicherheitsfirma_sicherheitsforum.jpg","datePublished":"2016-08-30T07:02:51+00:00","description":"Nel gennaio 2016, un giornalista della \"SonntagsZeitung\" ha rivolto gravi accuse al personale di sicurezza del centro per richiedenti asilo di Kreuzlingen.","breadcrumb":{"@id":"https:\/\/news.save.ch\/asylzentrum-bericht-entlastet-sicherheitsfirma\/#breadcrumb"},"inLanguage":"it-IT","potentialAction":[{"@type":"ReadAction","target":["https:\/\/news.save.ch\/asylzentrum-bericht-entlastet-sicherheitsfirma\/"]}]},{"@type":"ImageObject","inLanguage":"it-IT","@id":"https:\/\/news.save.ch\/asylzentrum-bericht-entlastet-sicherheitsfirma\/#primaryimage","url":"https:\/\/news.save.ch\/wp-content\/uploads\/2016\/12\/Asylzentrum-Bericht-entlastet-Sicherheitsfirma_sicherheitsforum.jpg","contentUrl":"https:\/\/news.save.ch\/wp-content\/uploads\/2016\/12\/Asylzentrum-Bericht-entlastet-Sicherheitsfirma_sicherheitsforum.jpg","width":1000,"height":666,"caption":"Wurden Fl\u00fcchtlinge schlecht behandelt? \u00a9depositphotos"},{"@type":"BreadcrumbList","@id":"https:\/\/news.save.ch\/asylzentrum-bericht-entlastet-sicherheitsfirma\/#breadcrumb","itemListElement":[{"@type":"ListItem","position":1,"name":"Home","item":"https:\/\/news.save.ch\/de\/"},{"@type":"ListItem","position":2,"name":"Asylzentrum: Bericht entlastet Sicherheitsfirma"}]},{"@type":"WebSite","@id":"https:\/\/news.save.ch\/de\/#website","url":"https:\/\/news.save.ch\/de\/","name":"Risparmiare","description":"Rivista svizzera specializzata in sicurezza","publisher":{"@id":"https:\/\/news.save.ch\/de\/#organization"},"potentialAction":[{"@type":"SearchAction","target":{"@type":"EntryPoint","urlTemplate":"https:\/\/news.save.ch\/de\/?s={search_term_string}"},"query-input":{"@type":"PropertyValueSpecification","valueRequired":true,"valueName":"search_term_string"}}],"inLanguage":"it-IT"},{"@type":"Organization","@id":"https:\/\/news.save.ch\/de\/#organization","name":"Forum sulla sicurezza","url":"https:\/\/news.save.ch\/de\/","logo":{"@type":"ImageObject","inLanguage":"it-IT","@id":"https:\/\/news.save.ch\/de\/#\/schema\/logo\/image\/","url":"https:\/\/news.save.ch\/wp-content\/uploads\/2022\/06\/Logo_SF_2012.png","contentUrl":"https:\/\/news.save.ch\/wp-content\/uploads\/2022\/06\/Logo_SF_2012.png","width":1100,"height":91,"caption":"Sicherheitsforum"},"image":{"@id":"https:\/\/news.save.ch\/de\/#\/schema\/logo\/image\/"}},{"@type":"Person","@id":"https:\/\/news.save.ch\/de\/#\/schema\/person\/d49e199490bad7c70d64b9ab51142f2b","name":"amministratore","image":{"@type":"ImageObject","inLanguage":"it-IT","@id":"https:\/\/secure.gravatar.com\/avatar\/ae2f4d718e6c49043e314ce431e7e645d646302a24a5ef5a8bc8e3f5a032e319?s=96&d=mm&r=g","url":"https:\/\/secure.gravatar.com\/avatar\/ae2f4d718e6c49043e314ce431e7e645d646302a24a5ef5a8bc8e3f5a032e319?s=96&d=mm&r=g","contentUrl":"https:\/\/secure.gravatar.com\/avatar\/ae2f4d718e6c49043e314ce431e7e645d646302a24a5ef5a8bc8e3f5a032e319?s=96&d=mm&r=g","caption":"admin"},"sameAs":["https:\/\/develop.organisator.galledia.ch"],"url":"https:\/\/news.save.ch\/it\/author\/admin\/"}]}},"_links":{"self":[{"href":"https:\/\/news.save.ch\/it\/wp-json\/wp\/v2\/posts\/2355","targetHints":{"allow":["GET"]}}],"collection":[{"href":"https:\/\/news.save.ch\/it\/wp-json\/wp\/v2\/posts"}],"about":[{"href":"https:\/\/news.save.ch\/it\/wp-json\/wp\/v2\/types\/post"}],"author":[{"embeddable":true,"href":"https:\/\/news.save.ch\/it\/wp-json\/wp\/v2\/users\/1"}],"replies":[{"embeddable":true,"href":"https:\/\/news.save.ch\/it\/wp-json\/wp\/v2\/comments?post=2355"}],"version-history":[{"count":0,"href":"https:\/\/news.save.ch\/it\/wp-json\/wp\/v2\/posts\/2355\/revisions"}],"wp:featuredmedia":[{"embeddable":true,"href":"https:\/\/news.save.ch\/it\/wp-json\/wp\/v2\/media\/2359"}],"wp:attachment":[{"href":"https:\/\/news.save.ch\/it\/wp-json\/wp\/v2\/media?parent=2355"}],"wp:term":[{"taxonomy":"category","embeddable":true,"href":"https:\/\/news.save.ch\/it\/wp-json\/wp\/v2\/categories?post=2355"},{"taxonomy":"post_tag","embeddable":true,"href":"https:\/\/news.save.ch\/it\/wp-json\/wp\/v2\/tags?post=2355"}],"curies":[{"name":"wp","href":"https:\/\/api.w.org\/{rel}","templated":true}]}}