{"id":23599,"date":"2024-09-30T09:32:07","date_gmt":"2024-09-30T07:32:07","guid":{"rendered":"https:\/\/news.save.ch\/?p=23599"},"modified":"2024-10-09T09:38:01","modified_gmt":"2024-10-09T07:38:01","slug":"bundesrat-stellt-weichen-fuer-die-weiterentwicklung-des-elektronischen-patientendossiers","status":null,"type":"post","link":"https:\/\/news.save.ch\/it\/bundesrat-stellt-weichen-fuer-die-weiterentwicklung-des-elektronischen-patientendossiers\/","title":{"rendered":"Il Consiglio federale stabilisce la rotta per l'ulteriore sviluppo della cartella clinica elettronica dei pazienti"},"content":{"rendered":"<figure id=\"attachment_23600\" aria-describedby=\"caption-attachment-23600\" style=\"width: 1000px\" class=\"wp-caption alignnone\"><a href=\"https:\/\/news.save.ch\/it\/bundesrat-stellt-weichen-fuer-die-weiterentwicklung-des-elektronischen-patientendossiers\/depositphotos_12419652_s\/\" rel=\"attachment wp-att-23600\"><img loading=\"lazy\" decoding=\"async\" class=\"size-full wp-image-23600\" src=\"https:\/\/news.save.ch\/wp-content\/uploads\/2024\/10\/Depositphotos_12419652_S.jpg\" alt=\"\" width=\"1000\" height=\"667\" srcset=\"https:\/\/news.save.ch\/wp-content\/uploads\/2024\/10\/Depositphotos_12419652_S.jpg 1000w, https:\/\/news.save.ch\/wp-content\/uploads\/2024\/10\/Depositphotos_12419652_S-680x454.jpg 680w, https:\/\/news.save.ch\/wp-content\/uploads\/2024\/10\/Depositphotos_12419652_S-768x512.jpg 768w, https:\/\/news.save.ch\/wp-content\/uploads\/2024\/10\/Depositphotos_12419652_S-18x12.jpg 18w, https:\/\/news.save.ch\/wp-content\/uploads\/2024\/10\/Depositphotos_12419652_S-375x250.jpg 375w, https:\/\/news.save.ch\/wp-content\/uploads\/2024\/10\/Depositphotos_12419652_S-525x350.jpg 525w\" sizes=\"auto, (max-width: 1000px) 100vw, 1000px\" \/><\/a><figcaption id=\"caption-attachment-23600\" class=\"wp-caption-text\">Foto: Depositphotos\/DepositNovic<\/figcaption><\/figure>\n<p>Con una revisione completa della Legge federale sulla cartella clinica elettronica (EPDG), il Consiglio federale intende sviluppare ulteriormente l'EPR in modo che possa esprimere tutto il suo potenziale. Per rispondere alla domanda ampiamente espressa nella procedura di consultazione e per incrementare l'uso dell'EPR, l'infrastruttura tecnica dell'EPR deve essere messa a disposizione in modo centralizzato dal governo federale. Il Consiglio federale ha preso questa decisione nella riunione del 27 settembre 2024. Questo adeguamento sar\u00e0 incluso nel messaggio sulla revisione dell'EPDG.<\/p>\n<p>La legge federale sulla cartella clinica elettronica (EPDG) viene rivista in due fasi. Nella primavera del 2024, il Parlamento ha approvato un finanziamento transitorio per la diffusione e la promozione dell'EPR. La legge entrer\u00e0 in vigore il 1\u00b0 ottobre 2024. Il governo federale pu\u00f2 quindi fornire sostegno finanziario ai fornitori di EPR fino all'adozione e all'attuazione delle misure della revisione completa.<\/p>\n<p>Per migliorare ulteriormente la cartella clinica elettronica, il Consiglio federale propone anche una revisione completa della EPDG. Il Consiglio federale ha sottoposto a consultazione questa revisione della legge nell'estate del 2023. Dalla valutazione delle risposte \u00e8 emerso che la revisione ha riscosso un ampio consenso. I ruoli della Confederazione e dei Cantoni devono essere definiti pi\u00f9 chiaramente e il finanziamento dell'EPR deve essere garantito. In futuro, l'EPR dovr\u00e0 essere utilizzato obbligatoriamente lungo l'intera catena di trattamento. Oltre agli ospedali e alle strutture di cura, anche i fornitori di servizi ambulatoriali come medici, farmacisti, fisioterapisti e chiropratici saranno ora obbligati a utilizzare l'EPR e a inserire tutti i dati relativi alle cure. Tutte le persone che vivono in Svizzera e hanno un'assicurazione sanitaria o militare obbligatoria ricevono ora un EPR automaticamente e gratuitamente. Chi non vuole un dossier pu\u00f2 opporsi all'apertura dell'EPR (\"opt-out\"). Per accedere all'EPR si deve utilizzare l'E-ID dello Stato.<\/p>\n<h3><b>Richiesta di maggiore centralizzazione<\/b><\/h3>\n<p>Il feedback del processo di consultazione ha anche mostrato che la maggioranza critica l'attuale struttura decentralizzata adottata quando \u00e8 stata approvata la EPDG e vorrebbe una maggiore centralizzazione. Questo vale soprattutto per i Cantoni e per la maggior parte dei partiti politici. I desideri di centralizzazione variano molto nei dettagli e vanno da un chiarimento delle responsabilit\u00e0 a un completo riavvio o nazionalizzazione. Il Dipartimento federale dell'interno (DFI) e l'Ufficio federale della sanit\u00e0 pubblica (UFSP) hanno quindi esaminato la centralizzazione e analizzato le possibili opzioni.<\/p>\n<h3>Infrastruttura tecnica EPD come compito federale<\/h3>\n<p>Sulla base di questi chiarimenti, il Consiglio federale ha deciso di includere la centralizzazione dell'infrastruttura tecnica dell'EPR nella revisione globale. Attualmente, ciascuno degli otto fornitori di EPR, le cosiddette organizzazioni e comunit\u00e0 di riferimento, dispone di una propria infrastruttura tecnica. Questa infrastruttura tecnica deve ora essere resa disponibile come piattaforma standardizzata dal governo federale.<\/p>\n<p>La Confederazione acquister\u00e0 l'infrastruttura tecnica centrale tramite una gara d'appalto. I costi operativi per l'utilizzo della piattaforma tecnica saranno trasferiti alle organizzazioni madri sotto forma di tariffe d'uso.<br \/>\n<b><\/b><\/p>\n<h3><b>Chiara suddivisione dei compiti tra Confederazione, cantoni e comunit\u00e0 di origine<\/b><\/h3>\n<p>Con la centralizzazione tecnica, anche la divisione dei compiti tra la Confederazione, i Cantoni e gli stakeholder dell'EPR sar\u00e0 definita pi\u00f9 chiaramente: La Confederazione \u00e8 responsabile dell'acquisto dell'infrastruttura tecnica centralizzata e del suo ulteriore sviluppo. I Cantoni devono garantire il funzionamento di almeno una comunit\u00e0 centrale sul loro territorio. Le comunit\u00e0 di base continueranno a offrire l'EPR nella loro area di competenza. Esse consigliano e supportano i pazienti e i fornitori di servizi nella connessione all'EPR.<\/p>\n<p>Il Consiglio federale \u00e8 convinto che la centralizzazione dell'infrastruttura tecnica riduca la complessit\u00e0 del sistema e il numero di interfacce. Ci\u00f2 migliora lo scambio continuo di dati (interoperabilit\u00e0) tra gli attori. Ci\u00f2 render\u00e0 pi\u00f9 facile e veloce l'ulteriore sviluppo dell'EPR. A medio e lungo termine, la centralizzazione dovrebbe essere vantaggiosa anche dal punto di vista finanziario.<\/p>\n<p>Il Consiglio federale ha incaricato il DFI di includere la centralizzazione dell'infrastruttura tecnica per l'EPR nella revisione della legge. Il messaggio dovr\u00e0 essere presentato al Parlamento nella primavera del 2025.<\/p>\n<p><em>Fonte: bag.admin.ch<\/em><\/p>","protected":false},"excerpt":{"rendered":"<p>Mit einer umfassenden Revision des Bundesgesetzes \u00fcber das elektronische Patientendossier (EPDG) will der Bundesrat das EPD weiterentwickeln, damit es sein volles Potenzial entfalten kann. Um der im Vernehmlassungsverfahren weithin ge\u00e4usserten Forderung nachzukommen und die Nutzung des EPD zu erh\u00f6hen, soll die technische Infrastruktur des EPD neu zentralisiert vom Bund zur Verf\u00fcgung gestellt werden. Der Bundesrat [&hellip;]<\/p>\n","protected":false},"author":31,"featured_media":0,"comment_status":"closed","ping_status":"closed","sticky":false,"template":"","format":"standard","meta":{"_acf_changed":false,"pgc_sgb_lightbox_settings":"","footnotes":""},"categories":[3313,3314],"tags":[1964],"class_list":["post-23599","post","type-post","status-publish","format-standard","hentry","category-digitalisierung","category-health-safety","tag-elektronisches-patientendossier"],"acf":[],"hkrextid":null,"publication":null,"issue":null,"workflow":null,"startPage":null,"spitzmarke":null,"_posts_by_tag_page_fields":null,"_at_widget":null,"_yoast_wpseo_primary_category":"3313","_yoast_wpseo_focuskw_text_input":null,"_yoast_wpseo_opengraph-image":null,"_yoast_wpseo_opengraph-description":null,"_yoast_wpseo_opengraph-title":null,"enclosure":null,"_yoast_wpseo_twitter-title":null,"_yoast_wpseo_twitter-description":null,"_yoast_wpseo_twitter-image":null,"_wp_old_slug":null,"_yoast_wpseo_title":null,"_yoast_wpseo_canonical":null,"yoast_head":"<!-- This site is optimized with the Yoast SEO plugin v27.4 - https:\/\/yoast.com\/product\/yoast-seo-wordpress\/ -->\n<title>Bundesrat stellt Weichen f\u00fcr die Weiterentwicklung des elektronischen Patientendossiers - Save<\/title>\n<meta name=\"description\" content=\"Bundesrat stellt Weichen f\u00fcr die Weiterentwicklung des elektronischen Patientendossiers.\" \/>\n<meta name=\"robots\" content=\"index, follow, max-snippet:-1, max-image-preview:large, max-video-preview:-1\" \/>\n<link rel=\"canonical\" href=\"https:\/\/news.save.ch\/it\/bundesrat-stellt-weichen-fuer-die-weiterentwicklung-des-elektronischen-patientendossiers\/\" \/>\n<meta property=\"og:locale\" content=\"it_IT\" \/>\n<meta property=\"og:type\" content=\"article\" \/>\n<meta property=\"og:title\" content=\"Bundesrat stellt Weichen f\u00fcr die Weiterentwicklung des elektronischen Patientendossiers - Save\" \/>\n<meta property=\"og:description\" content=\"Bundesrat stellt Weichen f\u00fcr die Weiterentwicklung des elektronischen Patientendossiers.\" \/>\n<meta property=\"og:url\" content=\"https:\/\/news.save.ch\/it\/bundesrat-stellt-weichen-fuer-die-weiterentwicklung-des-elektronischen-patientendossiers\/\" \/>\n<meta property=\"og:site_name\" content=\"Save\" \/>\n<meta property=\"article:published_time\" content=\"2024-09-30T07:32:07+00:00\" \/>\n<meta property=\"article:modified_time\" content=\"2024-10-09T07:38:01+00:00\" \/>\n<meta property=\"og:image\" content=\"https:\/\/news.save.ch\/wp-content\/uploads\/2024\/10\/Depositphotos_12419652_S.jpg\" \/>\n\t<meta property=\"og:image:width\" content=\"1000\" \/>\n\t<meta property=\"og:image:height\" content=\"667\" \/>\n\t<meta property=\"og:image:type\" content=\"image\/jpeg\" \/>\n<meta name=\"author\" content=\"stefanie Zeng\" \/>\n<meta name=\"twitter:card\" content=\"summary_large_image\" \/>\n<meta name=\"twitter:label1\" content=\"Scritto da\" \/>\n\t<meta name=\"twitter:data1\" content=\"stefanie Zeng\" \/>\n\t<meta name=\"twitter:label2\" content=\"Tempo di lettura stimato\" \/>\n\t<meta name=\"twitter:data2\" content=\"4 minuti\" \/>\n<script type=\"application\/ld+json\" class=\"yoast-schema-graph\">{\"@context\":\"https:\\\/\\\/schema.org\",\"@graph\":[{\"@type\":\"Article\",\"@id\":\"https:\\\/\\\/news.save.ch\\\/bundesrat-stellt-weichen-fuer-die-weiterentwicklung-des-elektronischen-patientendossiers\\\/#article\",\"isPartOf\":{\"@id\":\"https:\\\/\\\/news.save.ch\\\/bundesrat-stellt-weichen-fuer-die-weiterentwicklung-des-elektronischen-patientendossiers\\\/\"},\"author\":{\"name\":\"stefanie Zeng\",\"@id\":\"https:\\\/\\\/news.save.ch\\\/de\\\/#\\\/schema\\\/person\\\/10917387362b3961e882740f6cf6f2a2\"},\"headline\":\"Bundesrat stellt Weichen f\u00fcr die Weiterentwicklung des elektronischen Patientendossiers\",\"datePublished\":\"2024-09-30T07:32:07+00:00\",\"dateModified\":\"2024-10-09T07:38:01+00:00\",\"mainEntityOfPage\":{\"@id\":\"https:\\\/\\\/news.save.ch\\\/bundesrat-stellt-weichen-fuer-die-weiterentwicklung-des-elektronischen-patientendossiers\\\/\"},\"wordCount\":646,\"publisher\":{\"@id\":\"https:\\\/\\\/news.save.ch\\\/de\\\/#organization\"},\"image\":{\"@id\":\"https:\\\/\\\/news.save.ch\\\/bundesrat-stellt-weichen-fuer-die-weiterentwicklung-des-elektronischen-patientendossiers\\\/#primaryimage\"},\"thumbnailUrl\":\"https:\\\/\\\/news.save.ch\\\/wp-content\\\/uploads\\\/2024\\\/10\\\/Depositphotos_12419652_S.jpg\",\"keywords\":[\"Elektronisches Patientendossier\"],\"articleSection\":[\"DIGITALISIERUNG\",\"HEALTH &amp; SAFETY\"],\"inLanguage\":\"it-IT\"},{\"@type\":\"WebPage\",\"@id\":\"https:\\\/\\\/news.save.ch\\\/bundesrat-stellt-weichen-fuer-die-weiterentwicklung-des-elektronischen-patientendossiers\\\/\",\"url\":\"https:\\\/\\\/news.save.ch\\\/bundesrat-stellt-weichen-fuer-die-weiterentwicklung-des-elektronischen-patientendossiers\\\/\",\"name\":\"Bundesrat stellt Weichen f\u00fcr die Weiterentwicklung des elektronischen Patientendossiers - Save\",\"isPartOf\":{\"@id\":\"https:\\\/\\\/news.save.ch\\\/de\\\/#website\"},\"primaryImageOfPage\":{\"@id\":\"https:\\\/\\\/news.save.ch\\\/bundesrat-stellt-weichen-fuer-die-weiterentwicklung-des-elektronischen-patientendossiers\\\/#primaryimage\"},\"image\":{\"@id\":\"https:\\\/\\\/news.save.ch\\\/bundesrat-stellt-weichen-fuer-die-weiterentwicklung-des-elektronischen-patientendossiers\\\/#primaryimage\"},\"thumbnailUrl\":\"https:\\\/\\\/news.save.ch\\\/wp-content\\\/uploads\\\/2024\\\/10\\\/Depositphotos_12419652_S.jpg\",\"datePublished\":\"2024-09-30T07:32:07+00:00\",\"dateModified\":\"2024-10-09T07:38:01+00:00\",\"description\":\"Bundesrat stellt Weichen f\u00fcr die Weiterentwicklung des elektronischen Patientendossiers.\",\"breadcrumb\":{\"@id\":\"https:\\\/\\\/news.save.ch\\\/bundesrat-stellt-weichen-fuer-die-weiterentwicklung-des-elektronischen-patientendossiers\\\/#breadcrumb\"},\"inLanguage\":\"it-IT\",\"potentialAction\":[{\"@type\":\"ReadAction\",\"target\":[\"https:\\\/\\\/news.save.ch\\\/bundesrat-stellt-weichen-fuer-die-weiterentwicklung-des-elektronischen-patientendossiers\\\/\"]}]},{\"@type\":\"ImageObject\",\"inLanguage\":\"it-IT\",\"@id\":\"https:\\\/\\\/news.save.ch\\\/bundesrat-stellt-weichen-fuer-die-weiterentwicklung-des-elektronischen-patientendossiers\\\/#primaryimage\",\"url\":\"https:\\\/\\\/news.save.ch\\\/wp-content\\\/uploads\\\/2024\\\/10\\\/Depositphotos_12419652_S.jpg\",\"contentUrl\":\"https:\\\/\\\/news.save.ch\\\/wp-content\\\/uploads\\\/2024\\\/10\\\/Depositphotos_12419652_S.jpg\"},{\"@type\":\"BreadcrumbList\",\"@id\":\"https:\\\/\\\/news.save.ch\\\/bundesrat-stellt-weichen-fuer-die-weiterentwicklung-des-elektronischen-patientendossiers\\\/#breadcrumb\",\"itemListElement\":[{\"@type\":\"ListItem\",\"position\":1,\"name\":\"Home\",\"item\":\"https:\\\/\\\/news.save.ch\\\/de\\\/\"},{\"@type\":\"ListItem\",\"position\":2,\"name\":\"Bundesrat stellt Weichen f\u00fcr die Weiterentwicklung des elektronischen Patientendossiers\"}]},{\"@type\":\"WebSite\",\"@id\":\"https:\\\/\\\/news.save.ch\\\/de\\\/#website\",\"url\":\"https:\\\/\\\/news.save.ch\\\/de\\\/\",\"name\":\"Save\",\"description\":\"Schweizer Fachzeitschrift f\u00fcr Sicherheit\",\"publisher\":{\"@id\":\"https:\\\/\\\/news.save.ch\\\/de\\\/#organization\"},\"potentialAction\":[{\"@type\":\"SearchAction\",\"target\":{\"@type\":\"EntryPoint\",\"urlTemplate\":\"https:\\\/\\\/news.save.ch\\\/de\\\/?s={search_term_string}\"},\"query-input\":{\"@type\":\"PropertyValueSpecification\",\"valueRequired\":true,\"valueName\":\"search_term_string\"}}],\"inLanguage\":\"it-IT\"},{\"@type\":\"Organization\",\"@id\":\"https:\\\/\\\/news.save.ch\\\/de\\\/#organization\",\"name\":\"Sicherheitsforum\",\"url\":\"https:\\\/\\\/news.save.ch\\\/de\\\/\",\"logo\":{\"@type\":\"ImageObject\",\"inLanguage\":\"it-IT\",\"@id\":\"https:\\\/\\\/news.save.ch\\\/de\\\/#\\\/schema\\\/logo\\\/image\\\/\",\"url\":\"https:\\\/\\\/news.save.ch\\\/wp-content\\\/uploads\\\/2022\\\/06\\\/Logo_SF_2012.png\",\"contentUrl\":\"https:\\\/\\\/news.save.ch\\\/wp-content\\\/uploads\\\/2022\\\/06\\\/Logo_SF_2012.png\",\"width\":1100,\"height\":91,\"caption\":\"Sicherheitsforum\"},\"image\":{\"@id\":\"https:\\\/\\\/news.save.ch\\\/de\\\/#\\\/schema\\\/logo\\\/image\\\/\"}},{\"@type\":\"Person\",\"@id\":\"https:\\\/\\\/news.save.ch\\\/de\\\/#\\\/schema\\\/person\\\/10917387362b3961e882740f6cf6f2a2\",\"name\":\"stefanie Zeng\",\"image\":{\"@type\":\"ImageObject\",\"inLanguage\":\"it-IT\",\"@id\":\"https:\\\/\\\/secure.gravatar.com\\\/avatar\\\/eac43faa6e40bb2c41068c95c9d78bbd94c476d5efdff7abaab80bb3ea681e06?s=96&d=mm&r=g\",\"url\":\"https:\\\/\\\/secure.gravatar.com\\\/avatar\\\/eac43faa6e40bb2c41068c95c9d78bbd94c476d5efdff7abaab80bb3ea681e06?s=96&d=mm&r=g\",\"contentUrl\":\"https:\\\/\\\/secure.gravatar.com\\\/avatar\\\/eac43faa6e40bb2c41068c95c9d78bbd94c476d5efdff7abaab80bb3ea681e06?s=96&d=mm&r=g\",\"caption\":\"stefanie Zeng\"},\"url\":\"https:\\\/\\\/news.save.ch\\\/it\\\/author\\\/stefanie-zeng\\\/\"}]}<\/script>\n<!-- \/ Yoast SEO plugin. -->","yoast_head_json":{"title":"Il Consiglio federale definisce la rotta per l'ulteriore sviluppo della cartella clinica elettronica - Save","description":"Il Consiglio federale stabilisce la rotta per l'ulteriore sviluppo della cartella clinica elettronica.","robots":{"index":"index","follow":"follow","max-snippet":"max-snippet:-1","max-image-preview":"max-image-preview:large","max-video-preview":"max-video-preview:-1"},"canonical":"https:\/\/news.save.ch\/it\/bundesrat-stellt-weichen-fuer-die-weiterentwicklung-des-elektronischen-patientendossiers\/","og_locale":"it_IT","og_type":"article","og_title":"Bundesrat stellt Weichen f\u00fcr die Weiterentwicklung des elektronischen Patientendossiers - Save","og_description":"Bundesrat stellt Weichen f\u00fcr die Weiterentwicklung des elektronischen Patientendossiers.","og_url":"https:\/\/news.save.ch\/it\/bundesrat-stellt-weichen-fuer-die-weiterentwicklung-des-elektronischen-patientendossiers\/","og_site_name":"Save","article_published_time":"2024-09-30T07:32:07+00:00","article_modified_time":"2024-10-09T07:38:01+00:00","og_image":[{"width":1000,"height":667,"url":"https:\/\/news.save.ch\/wp-content\/uploads\/2024\/10\/Depositphotos_12419652_S.jpg","type":"image\/jpeg"}],"author":"stefanie Zeng","twitter_card":"summary_large_image","twitter_misc":{"Scritto da":"stefanie Zeng","Tempo di lettura stimato":"4 minuti"},"schema":{"@context":"https:\/\/schema.org","@graph":[{"@type":"Article","@id":"https:\/\/news.save.ch\/bundesrat-stellt-weichen-fuer-die-weiterentwicklung-des-elektronischen-patientendossiers\/#article","isPartOf":{"@id":"https:\/\/news.save.ch\/bundesrat-stellt-weichen-fuer-die-weiterentwicklung-des-elektronischen-patientendossiers\/"},"author":{"name":"stefanie Zeng","@id":"https:\/\/news.save.ch\/de\/#\/schema\/person\/10917387362b3961e882740f6cf6f2a2"},"headline":"Bundesrat stellt Weichen f\u00fcr die Weiterentwicklung des elektronischen Patientendossiers","datePublished":"2024-09-30T07:32:07+00:00","dateModified":"2024-10-09T07:38:01+00:00","mainEntityOfPage":{"@id":"https:\/\/news.save.ch\/bundesrat-stellt-weichen-fuer-die-weiterentwicklung-des-elektronischen-patientendossiers\/"},"wordCount":646,"publisher":{"@id":"https:\/\/news.save.ch\/de\/#organization"},"image":{"@id":"https:\/\/news.save.ch\/bundesrat-stellt-weichen-fuer-die-weiterentwicklung-des-elektronischen-patientendossiers\/#primaryimage"},"thumbnailUrl":"https:\/\/news.save.ch\/wp-content\/uploads\/2024\/10\/Depositphotos_12419652_S.jpg","keywords":["Elektronisches Patientendossier"],"articleSection":["DIGITALISIERUNG","HEALTH &amp; SAFETY"],"inLanguage":"it-IT"},{"@type":"WebPage","@id":"https:\/\/news.save.ch\/bundesrat-stellt-weichen-fuer-die-weiterentwicklung-des-elektronischen-patientendossiers\/","url":"https:\/\/news.save.ch\/bundesrat-stellt-weichen-fuer-die-weiterentwicklung-des-elektronischen-patientendossiers\/","name":"Il Consiglio federale definisce la rotta per l'ulteriore sviluppo della cartella clinica elettronica - Save","isPartOf":{"@id":"https:\/\/news.save.ch\/de\/#website"},"primaryImageOfPage":{"@id":"https:\/\/news.save.ch\/bundesrat-stellt-weichen-fuer-die-weiterentwicklung-des-elektronischen-patientendossiers\/#primaryimage"},"image":{"@id":"https:\/\/news.save.ch\/bundesrat-stellt-weichen-fuer-die-weiterentwicklung-des-elektronischen-patientendossiers\/#primaryimage"},"thumbnailUrl":"https:\/\/news.save.ch\/wp-content\/uploads\/2024\/10\/Depositphotos_12419652_S.jpg","datePublished":"2024-09-30T07:32:07+00:00","dateModified":"2024-10-09T07:38:01+00:00","description":"Il Consiglio federale stabilisce la rotta per l'ulteriore sviluppo della cartella clinica elettronica.","breadcrumb":{"@id":"https:\/\/news.save.ch\/bundesrat-stellt-weichen-fuer-die-weiterentwicklung-des-elektronischen-patientendossiers\/#breadcrumb"},"inLanguage":"it-IT","potentialAction":[{"@type":"ReadAction","target":["https:\/\/news.save.ch\/bundesrat-stellt-weichen-fuer-die-weiterentwicklung-des-elektronischen-patientendossiers\/"]}]},{"@type":"ImageObject","inLanguage":"it-IT","@id":"https:\/\/news.save.ch\/bundesrat-stellt-weichen-fuer-die-weiterentwicklung-des-elektronischen-patientendossiers\/#primaryimage","url":"https:\/\/news.save.ch\/wp-content\/uploads\/2024\/10\/Depositphotos_12419652_S.jpg","contentUrl":"https:\/\/news.save.ch\/wp-content\/uploads\/2024\/10\/Depositphotos_12419652_S.jpg"},{"@type":"BreadcrumbList","@id":"https:\/\/news.save.ch\/bundesrat-stellt-weichen-fuer-die-weiterentwicklung-des-elektronischen-patientendossiers\/#breadcrumb","itemListElement":[{"@type":"ListItem","position":1,"name":"Home","item":"https:\/\/news.save.ch\/de\/"},{"@type":"ListItem","position":2,"name":"Bundesrat stellt Weichen f\u00fcr die Weiterentwicklung des elektronischen Patientendossiers"}]},{"@type":"WebSite","@id":"https:\/\/news.save.ch\/de\/#website","url":"https:\/\/news.save.ch\/de\/","name":"Risparmiare","description":"Rivista svizzera specializzata in sicurezza","publisher":{"@id":"https:\/\/news.save.ch\/de\/#organization"},"potentialAction":[{"@type":"SearchAction","target":{"@type":"EntryPoint","urlTemplate":"https:\/\/news.save.ch\/de\/?s={search_term_string}"},"query-input":{"@type":"PropertyValueSpecification","valueRequired":true,"valueName":"search_term_string"}}],"inLanguage":"it-IT"},{"@type":"Organization","@id":"https:\/\/news.save.ch\/de\/#organization","name":"Forum sulla sicurezza","url":"https:\/\/news.save.ch\/de\/","logo":{"@type":"ImageObject","inLanguage":"it-IT","@id":"https:\/\/news.save.ch\/de\/#\/schema\/logo\/image\/","url":"https:\/\/news.save.ch\/wp-content\/uploads\/2022\/06\/Logo_SF_2012.png","contentUrl":"https:\/\/news.save.ch\/wp-content\/uploads\/2022\/06\/Logo_SF_2012.png","width":1100,"height":91,"caption":"Sicherheitsforum"},"image":{"@id":"https:\/\/news.save.ch\/de\/#\/schema\/logo\/image\/"}},{"@type":"Person","@id":"https:\/\/news.save.ch\/de\/#\/schema\/person\/10917387362b3961e882740f6cf6f2a2","name":"Stefanie Zeng","image":{"@type":"ImageObject","inLanguage":"it-IT","@id":"https:\/\/secure.gravatar.com\/avatar\/eac43faa6e40bb2c41068c95c9d78bbd94c476d5efdff7abaab80bb3ea681e06?s=96&d=mm&r=g","url":"https:\/\/secure.gravatar.com\/avatar\/eac43faa6e40bb2c41068c95c9d78bbd94c476d5efdff7abaab80bb3ea681e06?s=96&d=mm&r=g","contentUrl":"https:\/\/secure.gravatar.com\/avatar\/eac43faa6e40bb2c41068c95c9d78bbd94c476d5efdff7abaab80bb3ea681e06?s=96&d=mm&r=g","caption":"stefanie Zeng"},"url":"https:\/\/news.save.ch\/it\/author\/stefanie-zeng\/"}]}},"_links":{"self":[{"href":"https:\/\/news.save.ch\/it\/wp-json\/wp\/v2\/posts\/23599","targetHints":{"allow":["GET"]}}],"collection":[{"href":"https:\/\/news.save.ch\/it\/wp-json\/wp\/v2\/posts"}],"about":[{"href":"https:\/\/news.save.ch\/it\/wp-json\/wp\/v2\/types\/post"}],"author":[{"embeddable":true,"href":"https:\/\/news.save.ch\/it\/wp-json\/wp\/v2\/users\/31"}],"replies":[{"embeddable":true,"href":"https:\/\/news.save.ch\/it\/wp-json\/wp\/v2\/comments?post=23599"}],"version-history":[{"count":2,"href":"https:\/\/news.save.ch\/it\/wp-json\/wp\/v2\/posts\/23599\/revisions"}],"predecessor-version":[{"id":23602,"href":"https:\/\/news.save.ch\/it\/wp-json\/wp\/v2\/posts\/23599\/revisions\/23602"}],"wp:attachment":[{"href":"https:\/\/news.save.ch\/it\/wp-json\/wp\/v2\/media?parent=23599"}],"wp:term":[{"taxonomy":"category","embeddable":true,"href":"https:\/\/news.save.ch\/it\/wp-json\/wp\/v2\/categories?post=23599"},{"taxonomy":"post_tag","embeddable":true,"href":"https:\/\/news.save.ch\/it\/wp-json\/wp\/v2\/tags?post=23599"}],"curies":[{"name":"wp","href":"https:\/\/api.w.org\/{rel}","templated":true}]}}