{"id":23729,"date":"2024-11-19T12:00:28","date_gmt":"2024-11-19T11:00:28","guid":{"rendered":"https:\/\/news.save.ch\/?p=23729"},"modified":"2024-11-19T12:00:28","modified_gmt":"2024-11-19T11:00:28","slug":"nationale-strategie-zur-bekaempfung-der-organisierten-kriminalitaet","status":null,"type":"post","link":"https:\/\/news.save.ch\/it\/nationale-strategie-zur-bekaempfung-der-organisierten-kriminalitaet\/","title":{"rendered":"Strategia nazionale di lotta alla criminalit\u00e0 organizzata"},"content":{"rendered":"<p>&nbsp;<\/p>\n<figure id=\"attachment_23731\" aria-describedby=\"caption-attachment-23731\" style=\"width: 1400px\" class=\"wp-caption alignnone\"><a href=\"https:\/\/news.save.ch\/it\/nationale-strategie-zur-bekaempfung-der-organisierten-kriminalitaet\/police-blue-lamp\/\" rel=\"attachment wp-att-23731\"><img loading=\"lazy\" decoding=\"async\" class=\"size-full wp-image-23731\" src=\"https:\/\/news.save.ch\/wp-content\/uploads\/2024\/11\/AdobeStock_29361929-scaled.jpeg\" alt=\"\" width=\"1400\" height=\"933\" srcset=\"https:\/\/news.save.ch\/wp-content\/uploads\/2024\/11\/AdobeStock_29361929-scaled.jpeg 1200w, https:\/\/news.save.ch\/wp-content\/uploads\/2024\/11\/AdobeStock_29361929-680x453.jpeg 680w, https:\/\/news.save.ch\/wp-content\/uploads\/2024\/11\/AdobeStock_29361929-1024x683.jpeg 1024w, https:\/\/news.save.ch\/wp-content\/uploads\/2024\/11\/AdobeStock_29361929-768x512.jpeg 768w, https:\/\/news.save.ch\/wp-content\/uploads\/2024\/11\/AdobeStock_29361929-1536x1024.jpeg 1536w, https:\/\/news.save.ch\/wp-content\/uploads\/2024\/11\/AdobeStock_29361929-2048x1365.jpeg 2048w, https:\/\/news.save.ch\/wp-content\/uploads\/2024\/11\/AdobeStock_29361929-18x12.jpeg 18w, https:\/\/news.save.ch\/wp-content\/uploads\/2024\/11\/AdobeStock_29361929-375x250.jpeg 375w, https:\/\/news.save.ch\/wp-content\/uploads\/2024\/11\/AdobeStock_29361929-525x350.jpeg 525w, https:\/\/news.save.ch\/wp-content\/uploads\/2024\/11\/AdobeStock_29361929-1000x667.jpeg 1000w\" sizes=\"auto, (max-width: 1400px) 100vw, 1400px\" \/><\/a><figcaption id=\"caption-attachment-23731\" class=\"wp-caption-text\">Foto: Adobestock\/banglds<\/figcaption><\/figure>\n<p>Su questa base politicamente ampia, la lotta contro la criminalit\u00e0 organizzata deve essere definita come un compito della societ\u00e0 nel suo complesso. La Conferenza dei direttori cantonali di giustizia e polizia (KKJPD), la Conferenza dei comandanti delle polizie cantonali della Svizzera (KKPKS), il Ministero pubblico della Confederazione e altre autorit\u00e0 parteciperanno allo sviluppo della strategia contro la criminalit\u00e0 organizzata.<\/p>\n<p>La nuova strategia della criminalit\u00e0 organizzata dovrebbe contenere campi d'azione, obiettivi e misure e costituire quindi anche il quadro di riferimento per le misure esistenti e future. In futuro, le misure nei settori della prevenzione, della repressione e della cooperazione dovrebbero poter essere basate su questa base comune.<\/p>\n<p><b>Reti criminali internazionali<\/b><\/p>\n<p>La mafia rappresenta una minaccia crescente in Svizzera. I gruppi mafiosi italiani sono attivi in Svizzera da circa cinquant'anni, ma sono discreti e spesso ben integrati nella societ\u00e0. Le analisi e le indagini in corso di fedpol e delle polizie cantonali mostrano che anche altri gruppi sono attivi in Svizzera. Le reti criminali internazionali, tra cui gruppi provenienti da Italia, Francia, Belgio, Paesi Bassi, Europa dell'Est, Balcani, Turchia e Nigeria, utilizzano la Svizzera come centro operativo e rifugio sicuro. Trafficano in droga, persone e armi e fanno esplodere bancomat.<\/p>\n<p>La criminalit\u00e0 organizzata minaccia quindi la sicurezza della popolazione, l'economia legale, lo Stato di diritto e la sicurezza delle persone vittime della tratta di esseri umani, ad esempio. In alcuni Paesi europei, la criminalit\u00e0 organizzata \u00e8 diventata una minaccia per la sicurezza interna.<\/p>\n<p>I rapporti sulla situazione attuale mostrano che la Svizzera \u00e8 al servizio della criminalit\u00e0 organizzata come centro sicuro per attivit\u00e0 criminali come il traffico internazionale di droga, la tratta e il contrabbando di esseri umani, il traffico di armi e il riciclaggio di denaro grazie alla sua posizione geografica, alla forte infrastruttura finanziaria e alla stabilit\u00e0 politica.<\/p>\n<p><b>La strategia come base per le misure esistenti e future<\/b><\/p>\n<p>Un inventario completo degli strumenti ufficiali per la lotta contro la criminalit\u00e0 organizzata in Svizzera nel 2023 ha anche mostrato in che misura la Svizzera \u00e8 gi\u00e0 infiltrata dalla criminalit\u00e0 organizzata oggi. L'inventario ha anche rivelato i punti deboli e le esigenze nella lotta contro la criminalit\u00e0 organizzata. Oltre 500 rappresentanti delle forze dell'ordine e di altre autorit\u00e0 hanno potuto contribuire con le loro esperienze. Nell'ambito della revisione, un team di esperti esterni ha formulato 20 raccomandazioni per ottimizzare la lotta alla criminalit\u00e0 organizzata. La strategia sulla criminalit\u00e0 organizzata intende costituire il quadro per esaminare e attuare queste raccomandazioni e contribuire a colmare le lacune individuate con misure adeguate.<\/p>\n<p>La strategia di criminalit\u00e0 organizzata dovrebbe anche costituire la base per le misure esistenti, come il Piano d'azione nazionale contro la tratta di esseri umani. La lotta alla criminalit\u00e0 organizzata \u00e8 da diversi anni un obiettivo strategico di fedpol e del Ministero pubblico della Confederazione. Anche le forze di polizia cantonali riconoscono la sfida e la necessit\u00e0 di combattere la criminalit\u00e0 organizzata. Diversi corpi di polizia cantonali hanno gi\u00e0 istituito unit\u00e0 specializzate per le indagini strutturali e sia la Conferenza dei comandanti delle polizie cantonali (KKPKS) sia l'Associazione dei capi della polizia criminale svizzera (VSKC) hanno intensificato gli scambi e la cooperazione nella lotta contro la criminalit\u00e0 organizzata e adattato le proprie strutture. Le misure preventive e le indagini sono sempre pi\u00f9 spesso condotte congiuntamente dalle forze dell'ordine federali e cantonali.<\/p>\n<p>Fedpol svilupper\u00e0 la strategia insieme alle autorit\u00e0 federali, cantonali e comunali coinvolte. I lavori includeranno anche i risultati delle autorit\u00e0 straniere e delle organizzazioni internazionali di polizia Europol e Interpol. Una prima bozza della strategia di criminalit\u00e0 organizzata dovrebbe essere disponibile entro la met\u00e0 del 2025, per poi essere sottoposta all'approvazione del Consiglio federale e del KKJPD.<\/p>\n<p><em>Fonte: Ufficio federale di polizia<\/em><\/p>","protected":false},"excerpt":{"rendered":"<p>&nbsp; Auf dieser politisch breit abgest\u00fctzten Grundlage soll die Bek\u00e4mpfung der OK als gesamtgesellschaftliche Aufgabe definiert werden. Die Konferenz der Kantonalen Justiz- und Polizeidirektorinnen und -direktoren (KKJPD), die Konferenz der Kantonalen Polizeikommandantinnen und -kommandanten der Schweiz (KKPKS), die Bundesanwaltschaft und weitere Beh\u00f6rden werden sich an der Ausarbeitung der Strategie OK beteiligen. Die neue Strategie OK [&hellip;]<\/p>\n","protected":false},"author":31,"featured_media":23731,"comment_status":"closed","ping_status":"closed","sticky":false,"template":"","format":"standard","meta":{"_acf_changed":false,"pgc_sgb_lightbox_settings":"","footnotes":""},"categories":[3312],"tags":[6530,4107,239,6529],"class_list":["post-23729","post","type-post","status-publish","format-standard","has-post-thumbnail","hentry","category-sicherheit","tag-bandenkriminalitaet","tag-bundesamt-fuer-polizei-fedpol","tag-kkpks","tag-organisierte-kriminalitaet"],"acf":[],"hkrextid":null,"publication":null,"issue":null,"workflow":null,"startPage":null,"spitzmarke":null,"_posts_by_tag_page_fields":null,"_at_widget":null,"_yoast_wpseo_primary_category":"3312","_yoast_wpseo_focuskw_text_input":null,"_yoast_wpseo_opengraph-image":null,"_yoast_wpseo_opengraph-description":null,"_yoast_wpseo_opengraph-title":null,"enclosure":null,"_yoast_wpseo_twitter-title":null,"_yoast_wpseo_twitter-description":null,"_yoast_wpseo_twitter-image":null,"_wp_old_slug":null,"_yoast_wpseo_title":null,"_yoast_wpseo_canonical":null,"yoast_head":"<!-- This site is optimized with the Yoast SEO plugin v27.4 - https:\/\/yoast.com\/product\/yoast-seo-wordpress\/ -->\n<title>Nationale Strategie zur Bek\u00e4mpfung der organisierten Kriminalit\u00e4t - Save<\/title>\n<meta name=\"description\" content=\"Bundesrat beauftragt Bundesamt f\u00fcr Polizei (fedpol), eine nationale Strategie zur Bek\u00e4mpfung der organisierten Kriminalit\u00e4t zu erarbeiten.\" \/>\n<meta name=\"robots\" content=\"index, follow, max-snippet:-1, max-image-preview:large, max-video-preview:-1\" \/>\n<link rel=\"canonical\" href=\"https:\/\/news.save.ch\/it\/nationale-strategie-zur-bekaempfung-der-organisierten-kriminalitaet\/\" \/>\n<meta property=\"og:locale\" content=\"it_IT\" \/>\n<meta property=\"og:type\" content=\"article\" \/>\n<meta property=\"og:title\" content=\"Nationale Strategie zur Bek\u00e4mpfung der organisierten Kriminalit\u00e4t - Save\" \/>\n<meta property=\"og:description\" content=\"Bundesrat beauftragt Bundesamt f\u00fcr Polizei (fedpol), eine nationale Strategie zur Bek\u00e4mpfung der organisierten Kriminalit\u00e4t zu erarbeiten.\" \/>\n<meta property=\"og:url\" content=\"https:\/\/news.save.ch\/it\/nationale-strategie-zur-bekaempfung-der-organisierten-kriminalitaet\/\" \/>\n<meta property=\"og:site_name\" content=\"Save\" \/>\n<meta property=\"article:published_time\" content=\"2024-11-19T11:00:28+00:00\" \/>\n<meta property=\"og:image\" content=\"https:\/\/news.save.ch\/wp-content\/uploads\/2024\/11\/AdobeStock_29361929-scaled.jpeg\" \/>\n\t<meta property=\"og:image:width\" content=\"1200\" \/>\n\t<meta property=\"og:image:height\" content=\"800\" \/>\n\t<meta property=\"og:image:type\" content=\"image\/jpeg\" \/>\n<meta name=\"author\" content=\"stefanie Zeng\" \/>\n<meta name=\"twitter:card\" content=\"summary_large_image\" \/>\n<meta name=\"twitter:label1\" content=\"Scritto da\" \/>\n\t<meta name=\"twitter:data1\" content=\"stefanie Zeng\" \/>\n\t<meta name=\"twitter:label2\" content=\"Tempo di lettura stimato\" \/>\n\t<meta name=\"twitter:data2\" content=\"4 minuti\" \/>\n<script type=\"application\/ld+json\" class=\"yoast-schema-graph\">{\"@context\":\"https:\\\/\\\/schema.org\",\"@graph\":[{\"@type\":\"Article\",\"@id\":\"https:\\\/\\\/news.save.ch\\\/nationale-strategie-zur-bekaempfung-der-organisierten-kriminalitaet\\\/#article\",\"isPartOf\":{\"@id\":\"https:\\\/\\\/news.save.ch\\\/nationale-strategie-zur-bekaempfung-der-organisierten-kriminalitaet\\\/\"},\"author\":{\"name\":\"stefanie Zeng\",\"@id\":\"https:\\\/\\\/news.save.ch\\\/de\\\/#\\\/schema\\\/person\\\/10917387362b3961e882740f6cf6f2a2\"},\"headline\":\"Nationale Strategie zur Bek\u00e4mpfung der organisierten Kriminalit\u00e4t\",\"datePublished\":\"2024-11-19T11:00:28+00:00\",\"mainEntityOfPage\":{\"@id\":\"https:\\\/\\\/news.save.ch\\\/nationale-strategie-zur-bekaempfung-der-organisierten-kriminalitaet\\\/\"},\"wordCount\":580,\"publisher\":{\"@id\":\"https:\\\/\\\/news.save.ch\\\/de\\\/#organization\"},\"image\":{\"@id\":\"https:\\\/\\\/news.save.ch\\\/nationale-strategie-zur-bekaempfung-der-organisierten-kriminalitaet\\\/#primaryimage\"},\"thumbnailUrl\":\"https:\\\/\\\/news.save.ch\\\/wp-content\\\/uploads\\\/2024\\\/11\\\/AdobeStock_29361929-scaled.jpeg\",\"keywords\":[\"Bandenkriminalit\u00e4t\",\"Bundesamt f\u00fcr Polizei (Fedpol)\",\"KKPKS\",\"Organisierte Kriminalit\u00e4t\"],\"articleSection\":[\"SICHERHEIT\"],\"inLanguage\":\"it-IT\"},{\"@type\":\"WebPage\",\"@id\":\"https:\\\/\\\/news.save.ch\\\/nationale-strategie-zur-bekaempfung-der-organisierten-kriminalitaet\\\/\",\"url\":\"https:\\\/\\\/news.save.ch\\\/nationale-strategie-zur-bekaempfung-der-organisierten-kriminalitaet\\\/\",\"name\":\"Nationale Strategie zur Bek\u00e4mpfung der organisierten Kriminalit\u00e4t - Save\",\"isPartOf\":{\"@id\":\"https:\\\/\\\/news.save.ch\\\/de\\\/#website\"},\"primaryImageOfPage\":{\"@id\":\"https:\\\/\\\/news.save.ch\\\/nationale-strategie-zur-bekaempfung-der-organisierten-kriminalitaet\\\/#primaryimage\"},\"image\":{\"@id\":\"https:\\\/\\\/news.save.ch\\\/nationale-strategie-zur-bekaempfung-der-organisierten-kriminalitaet\\\/#primaryimage\"},\"thumbnailUrl\":\"https:\\\/\\\/news.save.ch\\\/wp-content\\\/uploads\\\/2024\\\/11\\\/AdobeStock_29361929-scaled.jpeg\",\"datePublished\":\"2024-11-19T11:00:28+00:00\",\"description\":\"Bundesrat beauftragt Bundesamt f\u00fcr Polizei (fedpol), eine nationale Strategie zur Bek\u00e4mpfung der organisierten Kriminalit\u00e4t zu erarbeiten.\",\"breadcrumb\":{\"@id\":\"https:\\\/\\\/news.save.ch\\\/nationale-strategie-zur-bekaempfung-der-organisierten-kriminalitaet\\\/#breadcrumb\"},\"inLanguage\":\"it-IT\",\"potentialAction\":[{\"@type\":\"ReadAction\",\"target\":[\"https:\\\/\\\/news.save.ch\\\/nationale-strategie-zur-bekaempfung-der-organisierten-kriminalitaet\\\/\"]}]},{\"@type\":\"ImageObject\",\"inLanguage\":\"it-IT\",\"@id\":\"https:\\\/\\\/news.save.ch\\\/nationale-strategie-zur-bekaempfung-der-organisierten-kriminalitaet\\\/#primaryimage\",\"url\":\"https:\\\/\\\/news.save.ch\\\/wp-content\\\/uploads\\\/2024\\\/11\\\/AdobeStock_29361929-scaled.jpeg\",\"contentUrl\":\"https:\\\/\\\/news.save.ch\\\/wp-content\\\/uploads\\\/2024\\\/11\\\/AdobeStock_29361929-scaled.jpeg\",\"width\":1200,\"height\":800,\"caption\":\"Foto: Adobestock\\\/banglds\"},{\"@type\":\"BreadcrumbList\",\"@id\":\"https:\\\/\\\/news.save.ch\\\/nationale-strategie-zur-bekaempfung-der-organisierten-kriminalitaet\\\/#breadcrumb\",\"itemListElement\":[{\"@type\":\"ListItem\",\"position\":1,\"name\":\"Home\",\"item\":\"https:\\\/\\\/news.save.ch\\\/de\\\/\"},{\"@type\":\"ListItem\",\"position\":2,\"name\":\"Nationale Strategie zur Bek\u00e4mpfung der organisierten Kriminalit\u00e4t\"}]},{\"@type\":\"WebSite\",\"@id\":\"https:\\\/\\\/news.save.ch\\\/de\\\/#website\",\"url\":\"https:\\\/\\\/news.save.ch\\\/de\\\/\",\"name\":\"Save\",\"description\":\"Schweizer Fachzeitschrift f\u00fcr Sicherheit\",\"publisher\":{\"@id\":\"https:\\\/\\\/news.save.ch\\\/de\\\/#organization\"},\"potentialAction\":[{\"@type\":\"SearchAction\",\"target\":{\"@type\":\"EntryPoint\",\"urlTemplate\":\"https:\\\/\\\/news.save.ch\\\/de\\\/?s={search_term_string}\"},\"query-input\":{\"@type\":\"PropertyValueSpecification\",\"valueRequired\":true,\"valueName\":\"search_term_string\"}}],\"inLanguage\":\"it-IT\"},{\"@type\":\"Organization\",\"@id\":\"https:\\\/\\\/news.save.ch\\\/de\\\/#organization\",\"name\":\"Sicherheitsforum\",\"url\":\"https:\\\/\\\/news.save.ch\\\/de\\\/\",\"logo\":{\"@type\":\"ImageObject\",\"inLanguage\":\"it-IT\",\"@id\":\"https:\\\/\\\/news.save.ch\\\/de\\\/#\\\/schema\\\/logo\\\/image\\\/\",\"url\":\"https:\\\/\\\/news.save.ch\\\/wp-content\\\/uploads\\\/2022\\\/06\\\/Logo_SF_2012.png\",\"contentUrl\":\"https:\\\/\\\/news.save.ch\\\/wp-content\\\/uploads\\\/2022\\\/06\\\/Logo_SF_2012.png\",\"width\":1100,\"height\":91,\"caption\":\"Sicherheitsforum\"},\"image\":{\"@id\":\"https:\\\/\\\/news.save.ch\\\/de\\\/#\\\/schema\\\/logo\\\/image\\\/\"}},{\"@type\":\"Person\",\"@id\":\"https:\\\/\\\/news.save.ch\\\/de\\\/#\\\/schema\\\/person\\\/10917387362b3961e882740f6cf6f2a2\",\"name\":\"stefanie Zeng\",\"image\":{\"@type\":\"ImageObject\",\"inLanguage\":\"it-IT\",\"@id\":\"https:\\\/\\\/secure.gravatar.com\\\/avatar\\\/eac43faa6e40bb2c41068c95c9d78bbd94c476d5efdff7abaab80bb3ea681e06?s=96&d=mm&r=g\",\"url\":\"https:\\\/\\\/secure.gravatar.com\\\/avatar\\\/eac43faa6e40bb2c41068c95c9d78bbd94c476d5efdff7abaab80bb3ea681e06?s=96&d=mm&r=g\",\"contentUrl\":\"https:\\\/\\\/secure.gravatar.com\\\/avatar\\\/eac43faa6e40bb2c41068c95c9d78bbd94c476d5efdff7abaab80bb3ea681e06?s=96&d=mm&r=g\",\"caption\":\"stefanie Zeng\"},\"url\":\"https:\\\/\\\/news.save.ch\\\/it\\\/author\\\/stefanie-zeng\\\/\"}]}<\/script>\n<!-- \/ Yoast SEO plugin. -->","yoast_head_json":{"title":"Strategia nazionale di lotta alla criminalit\u00e0 organizzata - Save","description":"Il Consiglio federale incarica l'Ufficio federale di polizia (fedpol) di elaborare una strategia nazionale per la lotta alla criminalit\u00e0 organizzata.","robots":{"index":"index","follow":"follow","max-snippet":"max-snippet:-1","max-image-preview":"max-image-preview:large","max-video-preview":"max-video-preview:-1"},"canonical":"https:\/\/news.save.ch\/it\/nationale-strategie-zur-bekaempfung-der-organisierten-kriminalitaet\/","og_locale":"it_IT","og_type":"article","og_title":"Nationale Strategie zur Bek\u00e4mpfung der organisierten Kriminalit\u00e4t - Save","og_description":"Bundesrat beauftragt Bundesamt f\u00fcr Polizei (fedpol), eine nationale Strategie zur Bek\u00e4mpfung der organisierten Kriminalit\u00e4t zu erarbeiten.","og_url":"https:\/\/news.save.ch\/it\/nationale-strategie-zur-bekaempfung-der-organisierten-kriminalitaet\/","og_site_name":"Save","article_published_time":"2024-11-19T11:00:28+00:00","og_image":[{"width":1200,"height":800,"url":"https:\/\/news.save.ch\/wp-content\/uploads\/2024\/11\/AdobeStock_29361929-scaled.jpeg","type":"image\/jpeg"}],"author":"stefanie Zeng","twitter_card":"summary_large_image","twitter_misc":{"Scritto da":"stefanie Zeng","Tempo di lettura stimato":"4 minuti"},"schema":{"@context":"https:\/\/schema.org","@graph":[{"@type":"Article","@id":"https:\/\/news.save.ch\/nationale-strategie-zur-bekaempfung-der-organisierten-kriminalitaet\/#article","isPartOf":{"@id":"https:\/\/news.save.ch\/nationale-strategie-zur-bekaempfung-der-organisierten-kriminalitaet\/"},"author":{"name":"stefanie Zeng","@id":"https:\/\/news.save.ch\/de\/#\/schema\/person\/10917387362b3961e882740f6cf6f2a2"},"headline":"Nationale Strategie zur Bek\u00e4mpfung der organisierten Kriminalit\u00e4t","datePublished":"2024-11-19T11:00:28+00:00","mainEntityOfPage":{"@id":"https:\/\/news.save.ch\/nationale-strategie-zur-bekaempfung-der-organisierten-kriminalitaet\/"},"wordCount":580,"publisher":{"@id":"https:\/\/news.save.ch\/de\/#organization"},"image":{"@id":"https:\/\/news.save.ch\/nationale-strategie-zur-bekaempfung-der-organisierten-kriminalitaet\/#primaryimage"},"thumbnailUrl":"https:\/\/news.save.ch\/wp-content\/uploads\/2024\/11\/AdobeStock_29361929-scaled.jpeg","keywords":["Bandenkriminalit\u00e4t","Bundesamt f\u00fcr Polizei (Fedpol)","KKPKS","Organisierte Kriminalit\u00e4t"],"articleSection":["SICHERHEIT"],"inLanguage":"it-IT"},{"@type":"WebPage","@id":"https:\/\/news.save.ch\/nationale-strategie-zur-bekaempfung-der-organisierten-kriminalitaet\/","url":"https:\/\/news.save.ch\/nationale-strategie-zur-bekaempfung-der-organisierten-kriminalitaet\/","name":"Strategia nazionale di lotta alla criminalit\u00e0 organizzata - Save","isPartOf":{"@id":"https:\/\/news.save.ch\/de\/#website"},"primaryImageOfPage":{"@id":"https:\/\/news.save.ch\/nationale-strategie-zur-bekaempfung-der-organisierten-kriminalitaet\/#primaryimage"},"image":{"@id":"https:\/\/news.save.ch\/nationale-strategie-zur-bekaempfung-der-organisierten-kriminalitaet\/#primaryimage"},"thumbnailUrl":"https:\/\/news.save.ch\/wp-content\/uploads\/2024\/11\/AdobeStock_29361929-scaled.jpeg","datePublished":"2024-11-19T11:00:28+00:00","description":"Il Consiglio federale incarica l'Ufficio federale di polizia (fedpol) di elaborare una strategia nazionale per la lotta alla criminalit\u00e0 organizzata.","breadcrumb":{"@id":"https:\/\/news.save.ch\/nationale-strategie-zur-bekaempfung-der-organisierten-kriminalitaet\/#breadcrumb"},"inLanguage":"it-IT","potentialAction":[{"@type":"ReadAction","target":["https:\/\/news.save.ch\/nationale-strategie-zur-bekaempfung-der-organisierten-kriminalitaet\/"]}]},{"@type":"ImageObject","inLanguage":"it-IT","@id":"https:\/\/news.save.ch\/nationale-strategie-zur-bekaempfung-der-organisierten-kriminalitaet\/#primaryimage","url":"https:\/\/news.save.ch\/wp-content\/uploads\/2024\/11\/AdobeStock_29361929-scaled.jpeg","contentUrl":"https:\/\/news.save.ch\/wp-content\/uploads\/2024\/11\/AdobeStock_29361929-scaled.jpeg","width":1200,"height":800,"caption":"Foto: Adobestock\/banglds"},{"@type":"BreadcrumbList","@id":"https:\/\/news.save.ch\/nationale-strategie-zur-bekaempfung-der-organisierten-kriminalitaet\/#breadcrumb","itemListElement":[{"@type":"ListItem","position":1,"name":"Home","item":"https:\/\/news.save.ch\/de\/"},{"@type":"ListItem","position":2,"name":"Nationale Strategie zur Bek\u00e4mpfung der organisierten Kriminalit\u00e4t"}]},{"@type":"WebSite","@id":"https:\/\/news.save.ch\/de\/#website","url":"https:\/\/news.save.ch\/de\/","name":"Risparmiare","description":"Rivista svizzera specializzata in sicurezza","publisher":{"@id":"https:\/\/news.save.ch\/de\/#organization"},"potentialAction":[{"@type":"SearchAction","target":{"@type":"EntryPoint","urlTemplate":"https:\/\/news.save.ch\/de\/?s={search_term_string}"},"query-input":{"@type":"PropertyValueSpecification","valueRequired":true,"valueName":"search_term_string"}}],"inLanguage":"it-IT"},{"@type":"Organization","@id":"https:\/\/news.save.ch\/de\/#organization","name":"Forum sulla sicurezza","url":"https:\/\/news.save.ch\/de\/","logo":{"@type":"ImageObject","inLanguage":"it-IT","@id":"https:\/\/news.save.ch\/de\/#\/schema\/logo\/image\/","url":"https:\/\/news.save.ch\/wp-content\/uploads\/2022\/06\/Logo_SF_2012.png","contentUrl":"https:\/\/news.save.ch\/wp-content\/uploads\/2022\/06\/Logo_SF_2012.png","width":1100,"height":91,"caption":"Sicherheitsforum"},"image":{"@id":"https:\/\/news.save.ch\/de\/#\/schema\/logo\/image\/"}},{"@type":"Person","@id":"https:\/\/news.save.ch\/de\/#\/schema\/person\/10917387362b3961e882740f6cf6f2a2","name":"Stefanie Zeng","image":{"@type":"ImageObject","inLanguage":"it-IT","@id":"https:\/\/secure.gravatar.com\/avatar\/eac43faa6e40bb2c41068c95c9d78bbd94c476d5efdff7abaab80bb3ea681e06?s=96&d=mm&r=g","url":"https:\/\/secure.gravatar.com\/avatar\/eac43faa6e40bb2c41068c95c9d78bbd94c476d5efdff7abaab80bb3ea681e06?s=96&d=mm&r=g","contentUrl":"https:\/\/secure.gravatar.com\/avatar\/eac43faa6e40bb2c41068c95c9d78bbd94c476d5efdff7abaab80bb3ea681e06?s=96&d=mm&r=g","caption":"stefanie Zeng"},"url":"https:\/\/news.save.ch\/it\/author\/stefanie-zeng\/"}]}},"_links":{"self":[{"href":"https:\/\/news.save.ch\/it\/wp-json\/wp\/v2\/posts\/23729","targetHints":{"allow":["GET"]}}],"collection":[{"href":"https:\/\/news.save.ch\/it\/wp-json\/wp\/v2\/posts"}],"about":[{"href":"https:\/\/news.save.ch\/it\/wp-json\/wp\/v2\/types\/post"}],"author":[{"embeddable":true,"href":"https:\/\/news.save.ch\/it\/wp-json\/wp\/v2\/users\/31"}],"replies":[{"embeddable":true,"href":"https:\/\/news.save.ch\/it\/wp-json\/wp\/v2\/comments?post=23729"}],"version-history":[{"count":2,"href":"https:\/\/news.save.ch\/it\/wp-json\/wp\/v2\/posts\/23729\/revisions"}],"predecessor-version":[{"id":23733,"href":"https:\/\/news.save.ch\/it\/wp-json\/wp\/v2\/posts\/23729\/revisions\/23733"}],"wp:featuredmedia":[{"embeddable":true,"href":"https:\/\/news.save.ch\/it\/wp-json\/wp\/v2\/media\/23731"}],"wp:attachment":[{"href":"https:\/\/news.save.ch\/it\/wp-json\/wp\/v2\/media?parent=23729"}],"wp:term":[{"taxonomy":"category","embeddable":true,"href":"https:\/\/news.save.ch\/it\/wp-json\/wp\/v2\/categories?post=23729"},{"taxonomy":"post_tag","embeddable":true,"href":"https:\/\/news.save.ch\/it\/wp-json\/wp\/v2\/tags?post=23729"}],"curies":[{"name":"wp","href":"https:\/\/api.w.org\/{rel}","templated":true}]}}