{"id":23876,"date":"2025-01-08T09:57:54","date_gmt":"2025-01-08T08:57:54","guid":{"rendered":"https:\/\/news.save.ch\/?p=23876"},"modified":"2025-01-08T09:57:55","modified_gmt":"2025-01-08T08:57:55","slug":"hitzewellen-in-staedten-ertraeglicher-machen","status":null,"type":"post","link":"https:\/\/news.save.ch\/it\/hitzewellen-in-staedten-ertraeglicher-machen\/","title":{"rendered":"Rendere pi\u00f9 sopportabili le ondate di calore nelle citt\u00e0"},"content":{"rendered":"<div class=\"news-text-wrap\">\n<figure id=\"attachment_23877\" aria-describedby=\"caption-attachment-23877\" style=\"width: 800px\" class=\"wp-caption alignnone\"><a href=\"https:\/\/news.save.ch\/it\/hitzewellen-in-staedten-ertraeglicher-machen\/csm_teaser_bd24a001ff\/\" rel=\"attachment wp-att-23877\"><img loading=\"lazy\" decoding=\"async\" class=\"size-full wp-image-23877\" src=\"https:\/\/news.save.ch\/wp-content\/uploads\/2025\/01\/csm_teaser_bd24a001ff.jpg\" alt=\"\" width=\"800\" height=\"455\" srcset=\"https:\/\/news.save.ch\/wp-content\/uploads\/2025\/01\/csm_teaser_bd24a001ff.jpg 800w, https:\/\/news.save.ch\/wp-content\/uploads\/2025\/01\/csm_teaser_bd24a001ff-680x387.jpg 680w, https:\/\/news.save.ch\/wp-content\/uploads\/2025\/01\/csm_teaser_bd24a001ff-768x437.jpg 768w, https:\/\/news.save.ch\/wp-content\/uploads\/2025\/01\/csm_teaser_bd24a001ff-18x10.jpg 18w, https:\/\/news.save.ch\/wp-content\/uploads\/2025\/01\/csm_teaser_bd24a001ff-375x213.jpg 375w, https:\/\/news.save.ch\/wp-content\/uploads\/2025\/01\/csm_teaser_bd24a001ff-615x350.jpg 615w\" sizes=\"auto, (max-width: 800px) 100vw, 800px\" \/><\/a><figcaption id=\"caption-attachment-23877\" class=\"wp-caption-text\">Spazi verdi e blu come l'area lungo la Limmat, vicino al centro di Zurigo, raffreddano l'ambiente e contribuiscono a mitigare gli effetti del riscaldamento globale (istock, Michael Derrer Fuchs).<\/figcaption><\/figure>\n<p>A causa dei cambiamenti climatici, le ondate di calore sono sempre pi\u00f9 frequenti, con effetti particolarmente dannosi sulla salute umana, sui mezzi di sussistenza e sulle infrastrutture delle citt\u00e0. Il passaggio della copertura del suolo da materiali naturali a materiali artificiali come il cemento e l'asfalto comporta un maggiore accumulo di energia, una minore evaporazione dell'acqua e una minore ventilazione. \"Con il nostro lavoro vogliamo contribuire a trovare soluzioni per migliorare la qualit\u00e0 della vita delle popolazioni urbane\", afferma Jo\u00e3o Leit\u00e3o, professore al Politecnico di Zurigo e capogruppo del dipartimento di gestione delle acque urbane dell'Eawag.<\/p>\n<p>Le ricerche hanno dimostrato che uno dei modi migliori per raffreddare gli spazi esterni urbani \u00e8 aumentare la quantit\u00e0 di verde e di acqua. Ma quanto pu\u00f2 realmente ridurre la temperatura in un determinato luogo? Per rispondere a questa domanda, i ricercatori australiani hanno sviluppato un modello climatico chiamato TARGET, acronimo di \"The Air-temperature Response to Green\/blue-infrastructure Evaluation Tool\". \"Abbiamo studiato la bont\u00e0 delle previsioni di TARGET e se questo strumento \u00e8 adatto alla pianificazione urbana\", spiega Leit\u00e3o.<\/p>\n<h3 class=\"zwischentitelh4\">Modello semplice e veloce<\/h3>\n<p>A differenza di altri modelli numerici complessi che richiedono una grande potenza di calcolo, TARGET \u00e8 semplice e veloce. Come input, richiede dati meteorologici generali e dati geografici che indicano i materiali di cui \u00e8 ricoperta la citt\u00e0, l'altezza degli edifici e la larghezza delle strade. Sulla base di questi dati, TARGET genera previsioni di temperatura superficiale e atmosferica per le rispettive localit\u00e0. \"Si tratta quindi di un modello spaziale\", spiega Jixuan Chen, dottorando del gruppo di Leit\u00e3o e autore principale dello studio TARGET: \"Il modello mostra, ad esempio, che la temperatura dell'aria \u00e8 pi\u00f9 alta in una particolare localit\u00e0 perch\u00e9 l\u00ec c'\u00e8 pi\u00f9 cemento, o che \u00e8 pi\u00f9 fresca nelle aree boschive\".<\/p>\n<p>Per verificare la corrispondenza tra le previsioni di TARGET e la realt\u00e0, i ricercatori hanno scelto Zurigo come caso di studio, un'area di circa 29 km2 che comprende il centro della citt\u00e0 lungo la Limmat e le grandi aree verdi di K\u00e4ferberg e Z\u00fcrichberg. Le temperature della superficie e dell'aria sono state calcolate per diverse localit\u00e0 durante un'ondata di calore nell'estate del 2023.<\/p>\n<p>I ricercatori hanno confrontato i risultati della simulazione con i valori di temperatura misurati direttamente sul posto. Si sono basati sui dati del servizio meteorologico Meteoblue, che dispone di una rete di oltre 40 stazioni nell'area in esame, e sulle stazioni meteorologiche gestite da privati (Netatmo), che effettuano misurazioni della temperatura esterna su base volontaria. Il risultato: \"La simulazione di TARGET concorda bene con i dati della rete meteorologica privata\", riassume Chen: \"Il modello indica correttamente le temperature, quindi \u00e8 uno strumento affidabile per prevedere le temperature di superficie e dell'aria nelle citt\u00e0\".<\/p>\n<\/div>\n<div id=\"c148601\" class=\"csc-element margin-top-small coEltextpic _\">\n<h3 class=\"header header4 header-primary\">La temperatura dell'aria scende di 1,2 gradi Celsius<\/h3>\n<div class=\"csc-textpic csc-textpic-center csc-textpic-above\">\n<div class=\"csc-textpic-text\">\n<p>In un'ulteriore fase, i ricercatori hanno studiato come le aree con diverse proporzioni di aree verdi e blu differiscano in termini di temperatura. \"Volevamo sapere come sarebbe cambiata la temperatura della superficie e dell'aria se avessimo reso le nostre citt\u00e0 pi\u00f9 verdi\", spiega Leit\u00e3o. Applicando il modello al caso di studio di Zurigo, \u00e8 emerso che la temperatura dell'aria scende di circa 1,2 gradi Celsius se le aree verdi-blu passano da 0 a 20 % a 60-80 %. Diventa pi\u00f9 fredda di altri 4 gradi Celsius se il sito viene convertito in una foresta urbana. Durante i giorni estivi studiati, il K\u00e4ferberg ha registrato fino a 5,2 gradi Celsius in meno rispetto al centro di Zurigo.<\/p>\n<p>\"1,2 gradi Celsius in citt\u00e0 non \u00e8 molto\", ammette Leit\u00e3o: \"Tuttavia, la conversione vale la pena. Perch\u00e9 le aree verdi-blu aggiuntive svolgono altre funzioni o compiti ecologici\". Possono anche assorbire meglio l'acqua piovana, aumentare la biodiversit\u00e0 e creare aree ricreative. Se si vuole contrastare ancora di pi\u00f9 il caldo, si possono creare, ad esempio, corridoi di vento che portino l'aria pi\u00f9 fresca dalle foreste circostanti al centro della citt\u00e0. \"Probabilmente potremmo ottenere un altro grado di raffreddamento in questo modo\", stima Leit\u00e3o: \"Anche questo non \u00e8 enorme, ma tutto questo pu\u00f2 davvero aiutare a ridurre la temperatura dell'aria\".<\/p>\n<h3 class=\"zwischentitelh4\">Dove i miglioramenti hanno un impatto maggiore<\/h3>\n<p>L'analisi dei risultati dello studio mostra anche quanto raffreddamento ci si pu\u00f2 aspettare dai diversi tipi di copertura del suolo verde-azzurro in un determinato luogo. Gli alberi, ad esempio, si sono dimostrati due volte pi\u00f9 efficaci dei prati irrigati. Per decidere dove un intervento sarebbe particolarmente efficace, i ricercatori hanno anche tenuto conto del numero di persone presenti nelle varie aree di Zurigo, utilizzando i dati di 20 stazioni automatiche della citt\u00e0 di Zurigo che registrano il numero di pedoni e ciclisti ogni 15 minuti.<\/p>\n<p>\"I luoghi con un elevato volume di traffico pedonale e ciclabile e una bassa percentuale di traffico blu-verde dovrebbero essere considerati prioritari\", spiega Chen: \"I miglioramenti sarebbero particolarmente efficaci in questi casi\". A Zurigo, ad esempio, si tratta dell'incrocio di Bucheggplatz o della Langstrasse, particolarmente trafficata. In un ulteriore studio, Chen sta ora verificando quanto si potrebbe abbassare la temperatura durante un'ondata di caldo spruzzando preventivamente le strade con acqua, come gi\u00e0 avviene in Giappone.<\/p>\n<p>\"TARGET pu\u00f2 essere utilizzato per confrontare diversi scenari di pianificazione e determinare i luoghi in cui un intervento \u00e8 particolarmente vantaggioso\", conclude Leit\u00e3o: \"Lo strumento \u00e8 quindi adatto alla futura pianificazione urbana in qualsiasi parte del mondo\". TARGET diventer\u00e0 quindi parte di un modulo generalmente accessibile nei software per i sistemi informativi geografici (QGIS). I ricercatori dell'Eawag ci stanno lavorando insieme ai loro colleghi in Australia, Svezia e Belgio. \"Questo software pu\u00f2 gestire tutti i dati di input in modo che gli urbanisti o gli architetti del paesaggio possano facilmente utilizzare il modello in futuro per migliorare la qualit\u00e0 della vita nelle citt\u00e0\", spiega Leit\u00e3o.<\/p>\n<p><em>Fonte: eawag.ch<\/em><\/p>\n<\/div>\n<\/div>\n<\/div>","protected":false},"excerpt":{"rendered":"<p>Aufgrund des Klimawandels werden Hitzewellen immer h\u00e4ufiger, was in den St\u00e4dten besonders sch\u00e4dliche Auswirkungen auf die menschliche Gesundheit, die Lebensgrundlagen und die Infrastruktur hat. Die Ver\u00e4nderung der Bodenbedeckung von nat\u00fcrlichen zu k\u00fcnstlichen Materialien wie Beton und Asphalt f\u00fchrt zu einer erh\u00f6hten Energiespeicherung, einer geringeren Wasserverdunstung und einer reduzierten Bel\u00fcftung. \u00abMit unserer Arbeit wollen wir dazu [&hellip;]<\/p>\n","protected":false},"author":31,"featured_media":23877,"comment_status":"closed","ping_status":"closed","sticky":false,"template":"","format":"standard","meta":{"_acf_changed":false,"pgc_sgb_lightbox_settings":"","footnotes":""},"categories":[3314],"tags":[834,6555,794,1449],"class_list":["post-23876","post","type-post","status-publish","format-standard","has-post-thumbnail","hentry","category-health-safety","tag-eawag","tag-hitzewellen","tag-klimawandel","tag-stadt-zuerich"],"acf":[],"hkrextid":null,"publication":null,"issue":null,"workflow":null,"startPage":null,"spitzmarke":null,"_posts_by_tag_page_fields":null,"_at_widget":null,"_yoast_wpseo_primary_category":"3314","_yoast_wpseo_focuskw_text_input":null,"_yoast_wpseo_opengraph-image":null,"_yoast_wpseo_opengraph-description":null,"_yoast_wpseo_opengraph-title":null,"enclosure":null,"_yoast_wpseo_twitter-title":null,"_yoast_wpseo_twitter-description":null,"_yoast_wpseo_twitter-image":null,"_wp_old_slug":null,"_yoast_wpseo_title":null,"_yoast_wpseo_canonical":null,"yoast_head":"<!-- This site is optimized with the Yoast SEO plugin v27.5 - https:\/\/yoast.com\/product\/yoast-seo-wordpress\/ -->\n<title>Hitzewellen in St\u00e4dten ertr\u00e4glicher machen - Save<\/title>\n<meta name=\"description\" content=\"Mit Pflanzen und Wasser l\u00e4sst sich die Hitze in den St\u00e4dten mildern. Am Beispiel von Z\u00fcrich haben Eawag-Forschende ein Klimamodell getestet.\" \/>\n<meta name=\"robots\" content=\"index, follow, max-snippet:-1, max-image-preview:large, max-video-preview:-1\" \/>\n<link rel=\"canonical\" href=\"https:\/\/news.save.ch\/it\/hitzewellen-in-staedten-ertraeglicher-machen\/\" \/>\n<meta property=\"og:locale\" content=\"it_IT\" \/>\n<meta property=\"og:type\" content=\"article\" \/>\n<meta property=\"og:title\" content=\"Hitzewellen in St\u00e4dten ertr\u00e4glicher machen - Save\" \/>\n<meta property=\"og:description\" content=\"Mit Pflanzen und Wasser l\u00e4sst sich die Hitze in den St\u00e4dten mildern. Am Beispiel von Z\u00fcrich haben Eawag-Forschende ein Klimamodell getestet.\" \/>\n<meta property=\"og:url\" content=\"https:\/\/news.save.ch\/it\/hitzewellen-in-staedten-ertraeglicher-machen\/\" \/>\n<meta property=\"og:site_name\" content=\"Save\" \/>\n<meta property=\"article:published_time\" content=\"2025-01-08T08:57:54+00:00\" \/>\n<meta property=\"article:modified_time\" content=\"2025-01-08T08:57:55+00:00\" \/>\n<meta property=\"og:image\" content=\"https:\/\/news.save.ch\/wp-content\/uploads\/2025\/01\/csm_teaser_bd24a001ff.jpg\" \/>\n\t<meta property=\"og:image:width\" content=\"800\" \/>\n\t<meta property=\"og:image:height\" content=\"455\" \/>\n\t<meta property=\"og:image:type\" content=\"image\/jpeg\" \/>\n<meta name=\"author\" content=\"stefanie Zeng\" \/>\n<meta name=\"twitter:card\" content=\"summary_large_image\" \/>\n<meta name=\"twitter:label1\" content=\"Scritto da\" \/>\n\t<meta name=\"twitter:data1\" content=\"stefanie Zeng\" \/>\n\t<meta name=\"twitter:label2\" content=\"Tempo di lettura stimato\" \/>\n\t<meta name=\"twitter:data2\" content=\"6 minuti\" \/>\n<script type=\"application\/ld+json\" class=\"yoast-schema-graph\">{\"@context\":\"https:\\\/\\\/schema.org\",\"@graph\":[{\"@type\":\"Article\",\"@id\":\"https:\\\/\\\/news.save.ch\\\/hitzewellen-in-staedten-ertraeglicher-machen\\\/#article\",\"isPartOf\":{\"@id\":\"https:\\\/\\\/news.save.ch\\\/hitzewellen-in-staedten-ertraeglicher-machen\\\/\"},\"author\":{\"name\":\"stefanie Zeng\",\"@id\":\"https:\\\/\\\/news.save.ch\\\/de\\\/#\\\/schema\\\/person\\\/10917387362b3961e882740f6cf6f2a2\"},\"headline\":\"Hitzewellen in St\u00e4dten ertr\u00e4glicher machen\",\"datePublished\":\"2025-01-08T08:57:54+00:00\",\"dateModified\":\"2025-01-08T08:57:55+00:00\",\"mainEntityOfPage\":{\"@id\":\"https:\\\/\\\/news.save.ch\\\/hitzewellen-in-staedten-ertraeglicher-machen\\\/\"},\"wordCount\":1020,\"publisher\":{\"@id\":\"https:\\\/\\\/news.save.ch\\\/de\\\/#organization\"},\"image\":{\"@id\":\"https:\\\/\\\/news.save.ch\\\/hitzewellen-in-staedten-ertraeglicher-machen\\\/#primaryimage\"},\"thumbnailUrl\":\"https:\\\/\\\/news.save.ch\\\/wp-content\\\/uploads\\\/2025\\\/01\\\/csm_teaser_bd24a001ff.jpg\",\"keywords\":[\"Eawag\",\"Hitzewellen\",\"Klimawandel\",\"Stadt Z\u00fcrich\"],\"articleSection\":[\"HEALTH &amp; SAFETY\"],\"inLanguage\":\"it-IT\"},{\"@type\":\"WebPage\",\"@id\":\"https:\\\/\\\/news.save.ch\\\/hitzewellen-in-staedten-ertraeglicher-machen\\\/\",\"url\":\"https:\\\/\\\/news.save.ch\\\/hitzewellen-in-staedten-ertraeglicher-machen\\\/\",\"name\":\"Hitzewellen in St\u00e4dten ertr\u00e4glicher machen - Save\",\"isPartOf\":{\"@id\":\"https:\\\/\\\/news.save.ch\\\/de\\\/#website\"},\"primaryImageOfPage\":{\"@id\":\"https:\\\/\\\/news.save.ch\\\/hitzewellen-in-staedten-ertraeglicher-machen\\\/#primaryimage\"},\"image\":{\"@id\":\"https:\\\/\\\/news.save.ch\\\/hitzewellen-in-staedten-ertraeglicher-machen\\\/#primaryimage\"},\"thumbnailUrl\":\"https:\\\/\\\/news.save.ch\\\/wp-content\\\/uploads\\\/2025\\\/01\\\/csm_teaser_bd24a001ff.jpg\",\"datePublished\":\"2025-01-08T08:57:54+00:00\",\"dateModified\":\"2025-01-08T08:57:55+00:00\",\"description\":\"Mit Pflanzen und Wasser l\u00e4sst sich die Hitze in den St\u00e4dten mildern. Am Beispiel von Z\u00fcrich haben Eawag-Forschende ein Klimamodell getestet.\",\"breadcrumb\":{\"@id\":\"https:\\\/\\\/news.save.ch\\\/hitzewellen-in-staedten-ertraeglicher-machen\\\/#breadcrumb\"},\"inLanguage\":\"it-IT\",\"potentialAction\":[{\"@type\":\"ReadAction\",\"target\":[\"https:\\\/\\\/news.save.ch\\\/hitzewellen-in-staedten-ertraeglicher-machen\\\/\"]}]},{\"@type\":\"ImageObject\",\"inLanguage\":\"it-IT\",\"@id\":\"https:\\\/\\\/news.save.ch\\\/hitzewellen-in-staedten-ertraeglicher-machen\\\/#primaryimage\",\"url\":\"https:\\\/\\\/news.save.ch\\\/wp-content\\\/uploads\\\/2025\\\/01\\\/csm_teaser_bd24a001ff.jpg\",\"contentUrl\":\"https:\\\/\\\/news.save.ch\\\/wp-content\\\/uploads\\\/2025\\\/01\\\/csm_teaser_bd24a001ff.jpg\",\"width\":800,\"height\":455,\"caption\":\"Blaue-gr\u00fcne R\u00e4ume wie das Gebiet entlang der Limmat in der N\u00e4he des Z\u00fcrcher Stadtzentrums k\u00fchlen die Umgebung und tragen dazu bei, die Auswirkungen der globalen Erw\u00e4rmung zu mildern (istock, Michael Derrer Fuchs).\"},{\"@type\":\"BreadcrumbList\",\"@id\":\"https:\\\/\\\/news.save.ch\\\/hitzewellen-in-staedten-ertraeglicher-machen\\\/#breadcrumb\",\"itemListElement\":[{\"@type\":\"ListItem\",\"position\":1,\"name\":\"Home\",\"item\":\"https:\\\/\\\/news.save.ch\\\/de\\\/\"},{\"@type\":\"ListItem\",\"position\":2,\"name\":\"Hitzewellen in St\u00e4dten ertr\u00e4glicher machen\"}]},{\"@type\":\"WebSite\",\"@id\":\"https:\\\/\\\/news.save.ch\\\/de\\\/#website\",\"url\":\"https:\\\/\\\/news.save.ch\\\/de\\\/\",\"name\":\"Save\",\"description\":\"Schweizer Fachzeitschrift f\u00fcr Sicherheit\",\"publisher\":{\"@id\":\"https:\\\/\\\/news.save.ch\\\/de\\\/#organization\"},\"potentialAction\":[{\"@type\":\"SearchAction\",\"target\":{\"@type\":\"EntryPoint\",\"urlTemplate\":\"https:\\\/\\\/news.save.ch\\\/de\\\/?s={search_term_string}\"},\"query-input\":{\"@type\":\"PropertyValueSpecification\",\"valueRequired\":true,\"valueName\":\"search_term_string\"}}],\"inLanguage\":\"it-IT\"},{\"@type\":\"Organization\",\"@id\":\"https:\\\/\\\/news.save.ch\\\/de\\\/#organization\",\"name\":\"Sicherheitsforum\",\"url\":\"https:\\\/\\\/news.save.ch\\\/de\\\/\",\"logo\":{\"@type\":\"ImageObject\",\"inLanguage\":\"it-IT\",\"@id\":\"https:\\\/\\\/news.save.ch\\\/de\\\/#\\\/schema\\\/logo\\\/image\\\/\",\"url\":\"https:\\\/\\\/news.save.ch\\\/wp-content\\\/uploads\\\/2022\\\/06\\\/Logo_SF_2012.png\",\"contentUrl\":\"https:\\\/\\\/news.save.ch\\\/wp-content\\\/uploads\\\/2022\\\/06\\\/Logo_SF_2012.png\",\"width\":1100,\"height\":91,\"caption\":\"Sicherheitsforum\"},\"image\":{\"@id\":\"https:\\\/\\\/news.save.ch\\\/de\\\/#\\\/schema\\\/logo\\\/image\\\/\"}},{\"@type\":\"Person\",\"@id\":\"https:\\\/\\\/news.save.ch\\\/de\\\/#\\\/schema\\\/person\\\/10917387362b3961e882740f6cf6f2a2\",\"name\":\"stefanie Zeng\",\"image\":{\"@type\":\"ImageObject\",\"inLanguage\":\"it-IT\",\"@id\":\"https:\\\/\\\/secure.gravatar.com\\\/avatar\\\/eac43faa6e40bb2c41068c95c9d78bbd94c476d5efdff7abaab80bb3ea681e06?s=96&d=mm&r=g\",\"url\":\"https:\\\/\\\/secure.gravatar.com\\\/avatar\\\/eac43faa6e40bb2c41068c95c9d78bbd94c476d5efdff7abaab80bb3ea681e06?s=96&d=mm&r=g\",\"contentUrl\":\"https:\\\/\\\/secure.gravatar.com\\\/avatar\\\/eac43faa6e40bb2c41068c95c9d78bbd94c476d5efdff7abaab80bb3ea681e06?s=96&d=mm&r=g\",\"caption\":\"stefanie Zeng\"},\"url\":\"https:\\\/\\\/news.save.ch\\\/it\\\/author\\\/stefanie-zeng\\\/\"}]}<\/script>\n<!-- \/ Yoast SEO plugin. -->","yoast_head_json":{"title":"Rendere pi\u00f9 sopportabili le ondate di calore nelle citt\u00e0 - Save","description":"Piante e acqua possono alleviare il caldo nelle citt\u00e0. Utilizzando Zurigo come esempio, i ricercatori dell'Eawag hanno testato un modello climatico.","robots":{"index":"index","follow":"follow","max-snippet":"max-snippet:-1","max-image-preview":"max-image-preview:large","max-video-preview":"max-video-preview:-1"},"canonical":"https:\/\/news.save.ch\/it\/hitzewellen-in-staedten-ertraeglicher-machen\/","og_locale":"it_IT","og_type":"article","og_title":"Hitzewellen in St\u00e4dten ertr\u00e4glicher machen - Save","og_description":"Mit Pflanzen und Wasser l\u00e4sst sich die Hitze in den St\u00e4dten mildern. Am Beispiel von Z\u00fcrich haben Eawag-Forschende ein Klimamodell getestet.","og_url":"https:\/\/news.save.ch\/it\/hitzewellen-in-staedten-ertraeglicher-machen\/","og_site_name":"Save","article_published_time":"2025-01-08T08:57:54+00:00","article_modified_time":"2025-01-08T08:57:55+00:00","og_image":[{"width":800,"height":455,"url":"https:\/\/news.save.ch\/wp-content\/uploads\/2025\/01\/csm_teaser_bd24a001ff.jpg","type":"image\/jpeg"}],"author":"stefanie Zeng","twitter_card":"summary_large_image","twitter_misc":{"Scritto da":"stefanie Zeng","Tempo di lettura stimato":"6 minuti"},"schema":{"@context":"https:\/\/schema.org","@graph":[{"@type":"Article","@id":"https:\/\/news.save.ch\/hitzewellen-in-staedten-ertraeglicher-machen\/#article","isPartOf":{"@id":"https:\/\/news.save.ch\/hitzewellen-in-staedten-ertraeglicher-machen\/"},"author":{"name":"stefanie Zeng","@id":"https:\/\/news.save.ch\/de\/#\/schema\/person\/10917387362b3961e882740f6cf6f2a2"},"headline":"Hitzewellen in St\u00e4dten ertr\u00e4glicher machen","datePublished":"2025-01-08T08:57:54+00:00","dateModified":"2025-01-08T08:57:55+00:00","mainEntityOfPage":{"@id":"https:\/\/news.save.ch\/hitzewellen-in-staedten-ertraeglicher-machen\/"},"wordCount":1020,"publisher":{"@id":"https:\/\/news.save.ch\/de\/#organization"},"image":{"@id":"https:\/\/news.save.ch\/hitzewellen-in-staedten-ertraeglicher-machen\/#primaryimage"},"thumbnailUrl":"https:\/\/news.save.ch\/wp-content\/uploads\/2025\/01\/csm_teaser_bd24a001ff.jpg","keywords":["Eawag","Hitzewellen","Klimawandel","Stadt Z\u00fcrich"],"articleSection":["HEALTH &amp; SAFETY"],"inLanguage":"it-IT"},{"@type":"WebPage","@id":"https:\/\/news.save.ch\/hitzewellen-in-staedten-ertraeglicher-machen\/","url":"https:\/\/news.save.ch\/hitzewellen-in-staedten-ertraeglicher-machen\/","name":"Rendere pi\u00f9 sopportabili le ondate di calore nelle citt\u00e0 - Save","isPartOf":{"@id":"https:\/\/news.save.ch\/de\/#website"},"primaryImageOfPage":{"@id":"https:\/\/news.save.ch\/hitzewellen-in-staedten-ertraeglicher-machen\/#primaryimage"},"image":{"@id":"https:\/\/news.save.ch\/hitzewellen-in-staedten-ertraeglicher-machen\/#primaryimage"},"thumbnailUrl":"https:\/\/news.save.ch\/wp-content\/uploads\/2025\/01\/csm_teaser_bd24a001ff.jpg","datePublished":"2025-01-08T08:57:54+00:00","dateModified":"2025-01-08T08:57:55+00:00","description":"Piante e acqua possono alleviare il caldo nelle citt\u00e0. Utilizzando Zurigo come esempio, i ricercatori dell'Eawag hanno testato un modello climatico.","breadcrumb":{"@id":"https:\/\/news.save.ch\/hitzewellen-in-staedten-ertraeglicher-machen\/#breadcrumb"},"inLanguage":"it-IT","potentialAction":[{"@type":"ReadAction","target":["https:\/\/news.save.ch\/hitzewellen-in-staedten-ertraeglicher-machen\/"]}]},{"@type":"ImageObject","inLanguage":"it-IT","@id":"https:\/\/news.save.ch\/hitzewellen-in-staedten-ertraeglicher-machen\/#primaryimage","url":"https:\/\/news.save.ch\/wp-content\/uploads\/2025\/01\/csm_teaser_bd24a001ff.jpg","contentUrl":"https:\/\/news.save.ch\/wp-content\/uploads\/2025\/01\/csm_teaser_bd24a001ff.jpg","width":800,"height":455,"caption":"Blaue-gr\u00fcne R\u00e4ume wie das Gebiet entlang der Limmat in der N\u00e4he des Z\u00fcrcher Stadtzentrums k\u00fchlen die Umgebung und tragen dazu bei, die Auswirkungen der globalen Erw\u00e4rmung zu mildern (istock, Michael Derrer Fuchs)."},{"@type":"BreadcrumbList","@id":"https:\/\/news.save.ch\/hitzewellen-in-staedten-ertraeglicher-machen\/#breadcrumb","itemListElement":[{"@type":"ListItem","position":1,"name":"Home","item":"https:\/\/news.save.ch\/de\/"},{"@type":"ListItem","position":2,"name":"Hitzewellen in St\u00e4dten ertr\u00e4glicher machen"}]},{"@type":"WebSite","@id":"https:\/\/news.save.ch\/de\/#website","url":"https:\/\/news.save.ch\/de\/","name":"Risparmiare","description":"Rivista svizzera specializzata in sicurezza","publisher":{"@id":"https:\/\/news.save.ch\/de\/#organization"},"potentialAction":[{"@type":"SearchAction","target":{"@type":"EntryPoint","urlTemplate":"https:\/\/news.save.ch\/de\/?s={search_term_string}"},"query-input":{"@type":"PropertyValueSpecification","valueRequired":true,"valueName":"search_term_string"}}],"inLanguage":"it-IT"},{"@type":"Organization","@id":"https:\/\/news.save.ch\/de\/#organization","name":"Forum sulla sicurezza","url":"https:\/\/news.save.ch\/de\/","logo":{"@type":"ImageObject","inLanguage":"it-IT","@id":"https:\/\/news.save.ch\/de\/#\/schema\/logo\/image\/","url":"https:\/\/news.save.ch\/wp-content\/uploads\/2022\/06\/Logo_SF_2012.png","contentUrl":"https:\/\/news.save.ch\/wp-content\/uploads\/2022\/06\/Logo_SF_2012.png","width":1100,"height":91,"caption":"Sicherheitsforum"},"image":{"@id":"https:\/\/news.save.ch\/de\/#\/schema\/logo\/image\/"}},{"@type":"Person","@id":"https:\/\/news.save.ch\/de\/#\/schema\/person\/10917387362b3961e882740f6cf6f2a2","name":"Stefanie Zeng","image":{"@type":"ImageObject","inLanguage":"it-IT","@id":"https:\/\/secure.gravatar.com\/avatar\/eac43faa6e40bb2c41068c95c9d78bbd94c476d5efdff7abaab80bb3ea681e06?s=96&d=mm&r=g","url":"https:\/\/secure.gravatar.com\/avatar\/eac43faa6e40bb2c41068c95c9d78bbd94c476d5efdff7abaab80bb3ea681e06?s=96&d=mm&r=g","contentUrl":"https:\/\/secure.gravatar.com\/avatar\/eac43faa6e40bb2c41068c95c9d78bbd94c476d5efdff7abaab80bb3ea681e06?s=96&d=mm&r=g","caption":"stefanie Zeng"},"url":"https:\/\/news.save.ch\/it\/author\/stefanie-zeng\/"}]}},"_links":{"self":[{"href":"https:\/\/news.save.ch\/it\/wp-json\/wp\/v2\/posts\/23876","targetHints":{"allow":["GET"]}}],"collection":[{"href":"https:\/\/news.save.ch\/it\/wp-json\/wp\/v2\/posts"}],"about":[{"href":"https:\/\/news.save.ch\/it\/wp-json\/wp\/v2\/types\/post"}],"author":[{"embeddable":true,"href":"https:\/\/news.save.ch\/it\/wp-json\/wp\/v2\/users\/31"}],"replies":[{"embeddable":true,"href":"https:\/\/news.save.ch\/it\/wp-json\/wp\/v2\/comments?post=23876"}],"version-history":[{"count":2,"href":"https:\/\/news.save.ch\/it\/wp-json\/wp\/v2\/posts\/23876\/revisions"}],"predecessor-version":[{"id":23879,"href":"https:\/\/news.save.ch\/it\/wp-json\/wp\/v2\/posts\/23876\/revisions\/23879"}],"wp:featuredmedia":[{"embeddable":true,"href":"https:\/\/news.save.ch\/it\/wp-json\/wp\/v2\/media\/23877"}],"wp:attachment":[{"href":"https:\/\/news.save.ch\/it\/wp-json\/wp\/v2\/media?parent=23876"}],"wp:term":[{"taxonomy":"category","embeddable":true,"href":"https:\/\/news.save.ch\/it\/wp-json\/wp\/v2\/categories?post=23876"},{"taxonomy":"post_tag","embeddable":true,"href":"https:\/\/news.save.ch\/it\/wp-json\/wp\/v2\/tags?post=23876"}],"curies":[{"name":"wp","href":"https:\/\/api.w.org\/{rel}","templated":true}]}}