{"id":23926,"date":"2025-01-22T11:37:10","date_gmt":"2025-01-22T10:37:10","guid":{"rendered":"https:\/\/news.save.ch\/?p=23926"},"modified":"2025-01-22T11:37:10","modified_gmt":"2025-01-22T10:37:10","slug":"diskussion-am-wef-welchen-wert-haben-vertrauenswuerdige-daten","status":null,"type":"post","link":"https:\/\/news.save.ch\/it\/diskussion-am-wef-welchen-wert-haben-vertrauenswuerdige-daten\/","title":{"rendered":"Discussione al WEF: qual \u00e8 il valore dei dati affidabili?"},"content":{"rendered":"<figure id=\"attachment_23927\" aria-describedby=\"caption-attachment-23927\" style=\"width: 1000px\" class=\"wp-caption alignnone\"><a href=\"https:\/\/news.save.ch\/it\/diskussion-am-wef-welchen-wert-haben-vertrauenswuerdige-daten\/depositphotos_332586832_s\/\" rel=\"attachment wp-att-23927\"><img loading=\"lazy\" decoding=\"async\" class=\"size-full wp-image-23927\" src=\"https:\/\/news.save.ch\/wp-content\/uploads\/2025\/01\/Depositphotos_332586832_S.jpg\" alt=\"\" width=\"1000\" height=\"819\" srcset=\"https:\/\/news.save.ch\/wp-content\/uploads\/2025\/01\/Depositphotos_332586832_S.jpg 1000w, https:\/\/news.save.ch\/wp-content\/uploads\/2025\/01\/Depositphotos_332586832_S-680x557.jpg 680w, https:\/\/news.save.ch\/wp-content\/uploads\/2025\/01\/Depositphotos_332586832_S-768x629.jpg 768w, https:\/\/news.save.ch\/wp-content\/uploads\/2025\/01\/Depositphotos_332586832_S-15x12.jpg 15w, https:\/\/news.save.ch\/wp-content\/uploads\/2025\/01\/Depositphotos_332586832_S-366x300.jpg 366w, https:\/\/news.save.ch\/wp-content\/uploads\/2025\/01\/Depositphotos_332586832_S-427x350.jpg 427w, https:\/\/news.save.ch\/wp-content\/uploads\/2025\/01\/Depositphotos_332586832_S-977x800.jpg 977w\" sizes=\"auto, (max-width: 1000px) 100vw, 1000px\" \/><\/a><figcaption id=\"caption-attachment-23927\" class=\"wp-caption-text\">Foto: Depositphotos\/makasanaphoto<\/figcaption><\/figure>\n<p>All'evento, aperto dalla Consigliera federale Elisabeth Baume-Schneider, hanno partecipato rappresentanti di alto livello dell'Organizzazione mondiale della sanit\u00e0 (OMS), dell'Universit\u00e0 di Copenaghen e dell'Ufficio federale di statistica (UST). \u00c8 stato inoltre presentato uno studio sulla creazione di una piattaforma per dati affidabili.<\/p>\n<p>La discussione dal titolo \"Dati per tutti: la soluzione definitiva alla disinformazione?\" si \u00e8 svolta nell'ambito della \"Giornata di Ginevra 2025\". Ogni anno, la Giornata di Ginevra offre una piattaforma di dialogo tra le parti interessate del mondo economico e della societ\u00e0 civile presso la Casa della Svizzera, ai margini del WEF. I partecipanti discutono di temi attuali e rilevanti per le organizzazioni internazionali con sede a Ginevra.<\/p>\n<p>In occasione dell'evento, P\u00e1draig Dalton, ex capo statistico irlandese, ha presentato anche uno studio di fattibilit\u00e0 da lui preparato sulla creazione di un \"Osservatorio dei dati affidabili\", commissionato dal Dipartimento federale degli affari esteri (DFAE) e dall'Ufficio federale di statistica (UST).<\/p>\n<p>Lo studio raccomanda che questo osservatorio, con sede a Ginevra, gestisca una piattaforma di metadati che possa essere utilizzata per trovare e confrontare facilmente i dati provenienti da fonti affidabili. I chatbot di intelligenza artificiale potrebbero accedere a questi dati e fornire le loro risposte da fonti affidabili. Oltre a promuovere la trasparenza e il processo decisionale politico basato sui fatti, una piattaforma di questo tipo potrebbe anche aiutare a combattere la disinformazione.<\/p>\n<p><b>I fatti sono un prerequisito per le decisioni democratiche<\/b><\/p>\n<p>Nel suo discorso di apertura, la Consigliera federale Elisabeth Baume-Schneider ha sottolineato l'importanza di dati affidabili: \"La societ\u00e0 democratica dipende dalle informazioni provenienti da fonti affidabili. Ci permette di avere un dibattito basato sui fatti, creando cos\u00ec la base per un processo decisionale informato e fondato\". Al successivo<\/p>\n<p>Durante la seconda tavola rotonda, Samira Asma, vicedirettore dell'OMS per i dati e l'analisi, il professor Vincent F. Hendricks dell'Universit\u00e0 di Copenaghen e il direttore dell'UST Georges-Simon Ulrich hanno discusso i possibili ruoli dei vari attori a livello internazionale per rendere questi dati pi\u00f9 visibili e quindi utilizzabili.<\/p>\n<p><em>Fonte: Ufficio federale di statistica (UST)<\/em><\/p>","protected":false},"excerpt":{"rendered":"<p>Am Anlass, der von Bundesr\u00e4tin Elisabeth Baume-Schneider er\u00f6ffnet wurde, nahmen hochrangige Repr\u00e4sentantinnen und Repr\u00e4sentanten der Weltgesundheitsorganisation (WHO), der Universit\u00e4t Kopenhagen und des Bundesamts f\u00fcr Statistik (BFS) teil. Zudem wurde eine Studie \u00fcber die Schaffung einer Plattform f\u00fcr vertrauensw\u00fcrdige Daten vorgestellt. Die Diskussion mit dem Titel \u00abDaten f\u00fcr alle: Die ultimative L\u00f6sung gegen Desinformation?\u00bb fand im [&hellip;]<\/p>\n","protected":false},"author":31,"featured_media":0,"comment_status":"closed","ping_status":"closed","sticky":false,"template":"","format":"standard","meta":{"_acf_changed":false,"pgc_sgb_lightbox_settings":"","footnotes":""},"categories":[3313],"tags":[363,622],"class_list":["post-23926","post","type-post","status-publish","format-standard","hentry","category-digitalisierung","tag-daten","tag-wef"],"acf":[],"hkrextid":null,"publication":null,"issue":null,"workflow":null,"startPage":null,"spitzmarke":null,"_posts_by_tag_page_fields":null,"_at_widget":null,"_yoast_wpseo_primary_category":"3313","_yoast_wpseo_focuskw_text_input":null,"_yoast_wpseo_opengraph-image":null,"_yoast_wpseo_opengraph-description":null,"_yoast_wpseo_opengraph-title":null,"enclosure":null,"_yoast_wpseo_twitter-title":null,"_yoast_wpseo_twitter-description":null,"_yoast_wpseo_twitter-image":null,"_wp_old_slug":null,"_yoast_wpseo_title":null,"_yoast_wpseo_canonical":null,"yoast_head":"<!-- This site is optimized with the Yoast SEO plugin v27.5 - https:\/\/yoast.com\/product\/yoast-seo-wordpress\/ -->\n<title>Diskussion am WEF: Welchen Wert haben vertrauensw\u00fcrdige Daten? - Save<\/title>\n<meta name=\"description\" content=\"WEF in Davos: PanellistInnen diskutierten \u00fcber die Frage wie zuverl\u00e4ssige Daten besser zug\u00e4nglich und nutzbar gemacht werden k\u00f6nnen.\" \/>\n<meta name=\"robots\" content=\"index, follow, max-snippet:-1, max-image-preview:large, max-video-preview:-1\" \/>\n<link rel=\"canonical\" href=\"https:\/\/news.save.ch\/it\/diskussion-am-wef-welchen-wert-haben-vertrauenswuerdige-daten\/\" \/>\n<meta property=\"og:locale\" content=\"it_IT\" \/>\n<meta property=\"og:type\" content=\"article\" \/>\n<meta property=\"og:title\" content=\"Diskussion am WEF: Welchen Wert haben vertrauensw\u00fcrdige Daten? - Save\" \/>\n<meta property=\"og:description\" content=\"WEF in Davos: PanellistInnen diskutierten \u00fcber die Frage wie zuverl\u00e4ssige Daten besser zug\u00e4nglich und nutzbar gemacht werden k\u00f6nnen.\" \/>\n<meta property=\"og:url\" content=\"https:\/\/news.save.ch\/it\/diskussion-am-wef-welchen-wert-haben-vertrauenswuerdige-daten\/\" \/>\n<meta property=\"og:site_name\" content=\"Save\" \/>\n<meta property=\"article:published_time\" content=\"2025-01-22T10:37:10+00:00\" \/>\n<meta property=\"og:image\" content=\"https:\/\/news.save.ch\/wp-content\/uploads\/2025\/01\/Depositphotos_332586832_S.jpg\" \/>\n\t<meta property=\"og:image:width\" content=\"1000\" \/>\n\t<meta property=\"og:image:height\" content=\"819\" \/>\n\t<meta property=\"og:image:type\" content=\"image\/jpeg\" \/>\n<meta name=\"author\" content=\"stefanie Zeng\" \/>\n<meta name=\"twitter:card\" content=\"summary_large_image\" \/>\n<meta name=\"twitter:label1\" content=\"Scritto da\" \/>\n\t<meta name=\"twitter:data1\" content=\"stefanie Zeng\" \/>\n\t<meta name=\"twitter:label2\" content=\"Tempo di lettura stimato\" \/>\n\t<meta name=\"twitter:data2\" content=\"2 minuti\" \/>\n<script type=\"application\/ld+json\" class=\"yoast-schema-graph\">{\"@context\":\"https:\\\/\\\/schema.org\",\"@graph\":[{\"@type\":\"Article\",\"@id\":\"https:\\\/\\\/news.save.ch\\\/diskussion-am-wef-welchen-wert-haben-vertrauenswuerdige-daten\\\/#article\",\"isPartOf\":{\"@id\":\"https:\\\/\\\/news.save.ch\\\/diskussion-am-wef-welchen-wert-haben-vertrauenswuerdige-daten\\\/\"},\"author\":{\"name\":\"stefanie Zeng\",\"@id\":\"https:\\\/\\\/news.save.ch\\\/de\\\/#\\\/schema\\\/person\\\/10917387362b3961e882740f6cf6f2a2\"},\"headline\":\"Diskussion am WEF: Welchen Wert haben vertrauensw\u00fcrdige Daten?\",\"datePublished\":\"2025-01-22T10:37:10+00:00\",\"mainEntityOfPage\":{\"@id\":\"https:\\\/\\\/news.save.ch\\\/diskussion-am-wef-welchen-wert-haben-vertrauenswuerdige-daten\\\/\"},\"wordCount\":359,\"publisher\":{\"@id\":\"https:\\\/\\\/news.save.ch\\\/de\\\/#organization\"},\"image\":{\"@id\":\"https:\\\/\\\/news.save.ch\\\/diskussion-am-wef-welchen-wert-haben-vertrauenswuerdige-daten\\\/#primaryimage\"},\"thumbnailUrl\":\"https:\\\/\\\/news.save.ch\\\/wp-content\\\/uploads\\\/2025\\\/01\\\/Depositphotos_332586832_S.jpg\",\"keywords\":[\"Daten\",\"WEF\"],\"articleSection\":[\"DIGITALISIERUNG\"],\"inLanguage\":\"it-IT\"},{\"@type\":\"WebPage\",\"@id\":\"https:\\\/\\\/news.save.ch\\\/diskussion-am-wef-welchen-wert-haben-vertrauenswuerdige-daten\\\/\",\"url\":\"https:\\\/\\\/news.save.ch\\\/diskussion-am-wef-welchen-wert-haben-vertrauenswuerdige-daten\\\/\",\"name\":\"Diskussion am WEF: Welchen Wert haben vertrauensw\u00fcrdige Daten? - Save\",\"isPartOf\":{\"@id\":\"https:\\\/\\\/news.save.ch\\\/de\\\/#website\"},\"primaryImageOfPage\":{\"@id\":\"https:\\\/\\\/news.save.ch\\\/diskussion-am-wef-welchen-wert-haben-vertrauenswuerdige-daten\\\/#primaryimage\"},\"image\":{\"@id\":\"https:\\\/\\\/news.save.ch\\\/diskussion-am-wef-welchen-wert-haben-vertrauenswuerdige-daten\\\/#primaryimage\"},\"thumbnailUrl\":\"https:\\\/\\\/news.save.ch\\\/wp-content\\\/uploads\\\/2025\\\/01\\\/Depositphotos_332586832_S.jpg\",\"datePublished\":\"2025-01-22T10:37:10+00:00\",\"description\":\"WEF in Davos: PanellistInnen diskutierten \u00fcber die Frage wie zuverl\u00e4ssige Daten besser zug\u00e4nglich und nutzbar gemacht werden k\u00f6nnen.\",\"breadcrumb\":{\"@id\":\"https:\\\/\\\/news.save.ch\\\/diskussion-am-wef-welchen-wert-haben-vertrauenswuerdige-daten\\\/#breadcrumb\"},\"inLanguage\":\"it-IT\",\"potentialAction\":[{\"@type\":\"ReadAction\",\"target\":[\"https:\\\/\\\/news.save.ch\\\/diskussion-am-wef-welchen-wert-haben-vertrauenswuerdige-daten\\\/\"]}]},{\"@type\":\"ImageObject\",\"inLanguage\":\"it-IT\",\"@id\":\"https:\\\/\\\/news.save.ch\\\/diskussion-am-wef-welchen-wert-haben-vertrauenswuerdige-daten\\\/#primaryimage\",\"url\":\"https:\\\/\\\/news.save.ch\\\/wp-content\\\/uploads\\\/2025\\\/01\\\/Depositphotos_332586832_S.jpg\",\"contentUrl\":\"https:\\\/\\\/news.save.ch\\\/wp-content\\\/uploads\\\/2025\\\/01\\\/Depositphotos_332586832_S.jpg\"},{\"@type\":\"BreadcrumbList\",\"@id\":\"https:\\\/\\\/news.save.ch\\\/diskussion-am-wef-welchen-wert-haben-vertrauenswuerdige-daten\\\/#breadcrumb\",\"itemListElement\":[{\"@type\":\"ListItem\",\"position\":1,\"name\":\"Home\",\"item\":\"https:\\\/\\\/news.save.ch\\\/de\\\/\"},{\"@type\":\"ListItem\",\"position\":2,\"name\":\"Diskussion am WEF: Welchen Wert haben vertrauensw\u00fcrdige Daten?\"}]},{\"@type\":\"WebSite\",\"@id\":\"https:\\\/\\\/news.save.ch\\\/de\\\/#website\",\"url\":\"https:\\\/\\\/news.save.ch\\\/de\\\/\",\"name\":\"Save\",\"description\":\"Schweizer Fachzeitschrift f\u00fcr Sicherheit\",\"publisher\":{\"@id\":\"https:\\\/\\\/news.save.ch\\\/de\\\/#organization\"},\"potentialAction\":[{\"@type\":\"SearchAction\",\"target\":{\"@type\":\"EntryPoint\",\"urlTemplate\":\"https:\\\/\\\/news.save.ch\\\/de\\\/?s={search_term_string}\"},\"query-input\":{\"@type\":\"PropertyValueSpecification\",\"valueRequired\":true,\"valueName\":\"search_term_string\"}}],\"inLanguage\":\"it-IT\"},{\"@type\":\"Organization\",\"@id\":\"https:\\\/\\\/news.save.ch\\\/de\\\/#organization\",\"name\":\"Sicherheitsforum\",\"url\":\"https:\\\/\\\/news.save.ch\\\/de\\\/\",\"logo\":{\"@type\":\"ImageObject\",\"inLanguage\":\"it-IT\",\"@id\":\"https:\\\/\\\/news.save.ch\\\/de\\\/#\\\/schema\\\/logo\\\/image\\\/\",\"url\":\"https:\\\/\\\/news.save.ch\\\/wp-content\\\/uploads\\\/2022\\\/06\\\/Logo_SF_2012.png\",\"contentUrl\":\"https:\\\/\\\/news.save.ch\\\/wp-content\\\/uploads\\\/2022\\\/06\\\/Logo_SF_2012.png\",\"width\":1100,\"height\":91,\"caption\":\"Sicherheitsforum\"},\"image\":{\"@id\":\"https:\\\/\\\/news.save.ch\\\/de\\\/#\\\/schema\\\/logo\\\/image\\\/\"}},{\"@type\":\"Person\",\"@id\":\"https:\\\/\\\/news.save.ch\\\/de\\\/#\\\/schema\\\/person\\\/10917387362b3961e882740f6cf6f2a2\",\"name\":\"stefanie Zeng\",\"image\":{\"@type\":\"ImageObject\",\"inLanguage\":\"it-IT\",\"@id\":\"https:\\\/\\\/secure.gravatar.com\\\/avatar\\\/eac43faa6e40bb2c41068c95c9d78bbd94c476d5efdff7abaab80bb3ea681e06?s=96&d=mm&r=g\",\"url\":\"https:\\\/\\\/secure.gravatar.com\\\/avatar\\\/eac43faa6e40bb2c41068c95c9d78bbd94c476d5efdff7abaab80bb3ea681e06?s=96&d=mm&r=g\",\"contentUrl\":\"https:\\\/\\\/secure.gravatar.com\\\/avatar\\\/eac43faa6e40bb2c41068c95c9d78bbd94c476d5efdff7abaab80bb3ea681e06?s=96&d=mm&r=g\",\"caption\":\"stefanie Zeng\"},\"url\":\"https:\\\/\\\/news.save.ch\\\/it\\\/author\\\/stefanie-zeng\\\/\"}]}<\/script>\n<!-- \/ Yoast SEO plugin. -->","yoast_head_json":{"title":"Discussione al WEF: qual \u00e8 il valore dei dati affidabili? - Salva","description":"WEF a Davos: i relatori hanno discusso la questione di come rendere i dati affidabili pi\u00f9 accessibili e utilizzabili.","robots":{"index":"index","follow":"follow","max-snippet":"max-snippet:-1","max-image-preview":"max-image-preview:large","max-video-preview":"max-video-preview:-1"},"canonical":"https:\/\/news.save.ch\/it\/diskussion-am-wef-welchen-wert-haben-vertrauenswuerdige-daten\/","og_locale":"it_IT","og_type":"article","og_title":"Diskussion am WEF: Welchen Wert haben vertrauensw\u00fcrdige Daten? - Save","og_description":"WEF in Davos: PanellistInnen diskutierten \u00fcber die Frage wie zuverl\u00e4ssige Daten besser zug\u00e4nglich und nutzbar gemacht werden k\u00f6nnen.","og_url":"https:\/\/news.save.ch\/it\/diskussion-am-wef-welchen-wert-haben-vertrauenswuerdige-daten\/","og_site_name":"Save","article_published_time":"2025-01-22T10:37:10+00:00","og_image":[{"width":1000,"height":819,"url":"https:\/\/news.save.ch\/wp-content\/uploads\/2025\/01\/Depositphotos_332586832_S.jpg","type":"image\/jpeg"}],"author":"stefanie Zeng","twitter_card":"summary_large_image","twitter_misc":{"Scritto da":"stefanie Zeng","Tempo di lettura stimato":"2 minuti"},"schema":{"@context":"https:\/\/schema.org","@graph":[{"@type":"Article","@id":"https:\/\/news.save.ch\/diskussion-am-wef-welchen-wert-haben-vertrauenswuerdige-daten\/#article","isPartOf":{"@id":"https:\/\/news.save.ch\/diskussion-am-wef-welchen-wert-haben-vertrauenswuerdige-daten\/"},"author":{"name":"stefanie Zeng","@id":"https:\/\/news.save.ch\/de\/#\/schema\/person\/10917387362b3961e882740f6cf6f2a2"},"headline":"Diskussion am WEF: Welchen Wert haben vertrauensw\u00fcrdige Daten?","datePublished":"2025-01-22T10:37:10+00:00","mainEntityOfPage":{"@id":"https:\/\/news.save.ch\/diskussion-am-wef-welchen-wert-haben-vertrauenswuerdige-daten\/"},"wordCount":359,"publisher":{"@id":"https:\/\/news.save.ch\/de\/#organization"},"image":{"@id":"https:\/\/news.save.ch\/diskussion-am-wef-welchen-wert-haben-vertrauenswuerdige-daten\/#primaryimage"},"thumbnailUrl":"https:\/\/news.save.ch\/wp-content\/uploads\/2025\/01\/Depositphotos_332586832_S.jpg","keywords":["Daten","WEF"],"articleSection":["DIGITALISIERUNG"],"inLanguage":"it-IT"},{"@type":"WebPage","@id":"https:\/\/news.save.ch\/diskussion-am-wef-welchen-wert-haben-vertrauenswuerdige-daten\/","url":"https:\/\/news.save.ch\/diskussion-am-wef-welchen-wert-haben-vertrauenswuerdige-daten\/","name":"Discussione al WEF: qual \u00e8 il valore dei dati affidabili? - Salva","isPartOf":{"@id":"https:\/\/news.save.ch\/de\/#website"},"primaryImageOfPage":{"@id":"https:\/\/news.save.ch\/diskussion-am-wef-welchen-wert-haben-vertrauenswuerdige-daten\/#primaryimage"},"image":{"@id":"https:\/\/news.save.ch\/diskussion-am-wef-welchen-wert-haben-vertrauenswuerdige-daten\/#primaryimage"},"thumbnailUrl":"https:\/\/news.save.ch\/wp-content\/uploads\/2025\/01\/Depositphotos_332586832_S.jpg","datePublished":"2025-01-22T10:37:10+00:00","description":"WEF a Davos: i relatori hanno discusso la questione di come rendere i dati affidabili pi\u00f9 accessibili e utilizzabili.","breadcrumb":{"@id":"https:\/\/news.save.ch\/diskussion-am-wef-welchen-wert-haben-vertrauenswuerdige-daten\/#breadcrumb"},"inLanguage":"it-IT","potentialAction":[{"@type":"ReadAction","target":["https:\/\/news.save.ch\/diskussion-am-wef-welchen-wert-haben-vertrauenswuerdige-daten\/"]}]},{"@type":"ImageObject","inLanguage":"it-IT","@id":"https:\/\/news.save.ch\/diskussion-am-wef-welchen-wert-haben-vertrauenswuerdige-daten\/#primaryimage","url":"https:\/\/news.save.ch\/wp-content\/uploads\/2025\/01\/Depositphotos_332586832_S.jpg","contentUrl":"https:\/\/news.save.ch\/wp-content\/uploads\/2025\/01\/Depositphotos_332586832_S.jpg"},{"@type":"BreadcrumbList","@id":"https:\/\/news.save.ch\/diskussion-am-wef-welchen-wert-haben-vertrauenswuerdige-daten\/#breadcrumb","itemListElement":[{"@type":"ListItem","position":1,"name":"Home","item":"https:\/\/news.save.ch\/de\/"},{"@type":"ListItem","position":2,"name":"Diskussion am WEF: Welchen Wert haben vertrauensw\u00fcrdige Daten?"}]},{"@type":"WebSite","@id":"https:\/\/news.save.ch\/de\/#website","url":"https:\/\/news.save.ch\/de\/","name":"Risparmiare","description":"Rivista svizzera specializzata in sicurezza","publisher":{"@id":"https:\/\/news.save.ch\/de\/#organization"},"potentialAction":[{"@type":"SearchAction","target":{"@type":"EntryPoint","urlTemplate":"https:\/\/news.save.ch\/de\/?s={search_term_string}"},"query-input":{"@type":"PropertyValueSpecification","valueRequired":true,"valueName":"search_term_string"}}],"inLanguage":"it-IT"},{"@type":"Organization","@id":"https:\/\/news.save.ch\/de\/#organization","name":"Forum sulla sicurezza","url":"https:\/\/news.save.ch\/de\/","logo":{"@type":"ImageObject","inLanguage":"it-IT","@id":"https:\/\/news.save.ch\/de\/#\/schema\/logo\/image\/","url":"https:\/\/news.save.ch\/wp-content\/uploads\/2022\/06\/Logo_SF_2012.png","contentUrl":"https:\/\/news.save.ch\/wp-content\/uploads\/2022\/06\/Logo_SF_2012.png","width":1100,"height":91,"caption":"Sicherheitsforum"},"image":{"@id":"https:\/\/news.save.ch\/de\/#\/schema\/logo\/image\/"}},{"@type":"Person","@id":"https:\/\/news.save.ch\/de\/#\/schema\/person\/10917387362b3961e882740f6cf6f2a2","name":"Stefanie Zeng","image":{"@type":"ImageObject","inLanguage":"it-IT","@id":"https:\/\/secure.gravatar.com\/avatar\/eac43faa6e40bb2c41068c95c9d78bbd94c476d5efdff7abaab80bb3ea681e06?s=96&d=mm&r=g","url":"https:\/\/secure.gravatar.com\/avatar\/eac43faa6e40bb2c41068c95c9d78bbd94c476d5efdff7abaab80bb3ea681e06?s=96&d=mm&r=g","contentUrl":"https:\/\/secure.gravatar.com\/avatar\/eac43faa6e40bb2c41068c95c9d78bbd94c476d5efdff7abaab80bb3ea681e06?s=96&d=mm&r=g","caption":"stefanie Zeng"},"url":"https:\/\/news.save.ch\/it\/author\/stefanie-zeng\/"}]}},"_links":{"self":[{"href":"https:\/\/news.save.ch\/it\/wp-json\/wp\/v2\/posts\/23926","targetHints":{"allow":["GET"]}}],"collection":[{"href":"https:\/\/news.save.ch\/it\/wp-json\/wp\/v2\/posts"}],"about":[{"href":"https:\/\/news.save.ch\/it\/wp-json\/wp\/v2\/types\/post"}],"author":[{"embeddable":true,"href":"https:\/\/news.save.ch\/it\/wp-json\/wp\/v2\/users\/31"}],"replies":[{"embeddable":true,"href":"https:\/\/news.save.ch\/it\/wp-json\/wp\/v2\/comments?post=23926"}],"version-history":[{"count":2,"href":"https:\/\/news.save.ch\/it\/wp-json\/wp\/v2\/posts\/23926\/revisions"}],"predecessor-version":[{"id":23929,"href":"https:\/\/news.save.ch\/it\/wp-json\/wp\/v2\/posts\/23926\/revisions\/23929"}],"wp:attachment":[{"href":"https:\/\/news.save.ch\/it\/wp-json\/wp\/v2\/media?parent=23926"}],"wp:term":[{"taxonomy":"category","embeddable":true,"href":"https:\/\/news.save.ch\/it\/wp-json\/wp\/v2\/categories?post=23926"},{"taxonomy":"post_tag","embeddable":true,"href":"https:\/\/news.save.ch\/it\/wp-json\/wp\/v2\/tags?post=23926"}],"curies":[{"name":"wp","href":"https:\/\/api.w.org\/{rel}","templated":true}]}}