{"id":23983,"date":"2025-02-04T14:01:35","date_gmt":"2025-02-04T13:01:35","guid":{"rendered":"https:\/\/news.save.ch\/?p=23983"},"modified":"2025-02-04T14:01:35","modified_gmt":"2025-02-04T13:01:35","slug":"sirenen-und-alertswiss-werden-am-5-februar-2025-getestet","status":null,"type":"post","link":"https:\/\/news.save.ch\/it\/sirenen-und-alertswiss-werden-am-5-februar-2025-getestet\/","title":{"rendered":"Le sirene e gli Alertswiss saranno testati il 5 febbraio 2025."},"content":{"rendered":"<figure id=\"attachment_23773\" aria-describedby=\"caption-attachment-23773\" style=\"width: 1200px\" class=\"wp-caption alignnone\"><a href=\"https:\/\/news.save.ch\/it\/alarmierung-der-bevoelkerung-bundesrat-baut-digitale-kanaele-aus\/bildschirmfoto-2024-11-27-um-12-29-52\/\" rel=\"attachment wp-att-23773\"><img loading=\"lazy\" decoding=\"async\" class=\"size-full wp-image-23773\" src=\"https:\/\/news.save.ch\/wp-content\/uploads\/2024\/11\/Bildschirmfoto-2024-11-27-um-12.29.52.png\" alt=\"\" width=\"1200\" height=\"645\" srcset=\"https:\/\/news.save.ch\/wp-content\/uploads\/2024\/11\/Bildschirmfoto-2024-11-27-um-12.29.52.png 1200w, https:\/\/news.save.ch\/wp-content\/uploads\/2024\/11\/Bildschirmfoto-2024-11-27-um-12.29.52-680x366.png 680w, https:\/\/news.save.ch\/wp-content\/uploads\/2024\/11\/Bildschirmfoto-2024-11-27-um-12.29.52-1024x551.png 1024w, https:\/\/news.save.ch\/wp-content\/uploads\/2024\/11\/Bildschirmfoto-2024-11-27-um-12.29.52-768x413.png 768w, https:\/\/news.save.ch\/wp-content\/uploads\/2024\/11\/Bildschirmfoto-2024-11-27-um-12.29.52-1536x826.png 1536w, https:\/\/news.save.ch\/wp-content\/uploads\/2024\/11\/Bildschirmfoto-2024-11-27-um-12.29.52-2048x1101.png 2048w, https:\/\/news.save.ch\/wp-content\/uploads\/2024\/11\/Bildschirmfoto-2024-11-27-um-12.29.52-18x10.png 18w, https:\/\/news.save.ch\/wp-content\/uploads\/2024\/11\/Bildschirmfoto-2024-11-27-um-12.29.52-375x202.png 375w, https:\/\/news.save.ch\/wp-content\/uploads\/2024\/11\/Bildschirmfoto-2024-11-27-um-12.29.52-651x350.png 651w, https:\/\/news.save.ch\/wp-content\/uploads\/2024\/11\/Bildschirmfoto-2024-11-27-um-12.29.52-1000x538.png 1000w\" sizes=\"auto, (max-width: 1200px) 100vw, 1200px\" \/><\/a><figcaption id=\"caption-attachment-23773\" class=\"wp-caption-text\">Schermata: www.alert.swiss (27.11.24)<\/figcaption><\/figure>\n<p>Il primo mercoled\u00ec di febbraio, le sirene vengono testate in tutta la Svizzera per garantire che siano pronte all'uso. La popolazione non deve prendere provvedimenti.<\/p>\n<p>Nel 2025, la prova della sirena sar\u00e0 effettuata il 5 febbraio. Il test delle sirene si svolger\u00e0 tra le 13.30 e le 16.30.<\/p>\n<p>Alle 13.30 le sirene emettono il segnale di allarme generale, un suono regolare ascendente e discendente della durata di un minuto. Se necessario, la prova delle sirene pu\u00f2 essere prolungata fino alle 14.00.<\/p>\n<p>L'allarme acqua viene testato dalle 14.00 alle 16.30 al pi\u00f9 tardi nelle zone vicine alle dighe. Il segnale consiste in dodici toni bassi e continui di 20 secondi ciascuno a intervalli di 10 secondi.<\/p>\n<h3>Notifica tramite l'app Alertswiss<\/h3>\n<p>Parallelamente all'attivazione dell'allarme generale con sirena, ogni Cantone e il Principato del Liechtenstein attiveranno un messaggio informativo tramite l'app Alertswiss il 5 febbraio 2025. Questa procedura controller\u00e0 l'invio di un numero molto elevato di messaggi push; allo stesso tempo, il messaggio informativo ha lo scopo di garantire che il test della sirena non venga scambiato per un vero allarme.<\/p>\n<p>Il messaggio di livello Informazione attiva<i>\u00a0nessuno<\/i>\u00a0Suono della sirena sullo smartphone. L'attivazione del suono dell'allarme sul telefono cellulare \u00e8 riservata agli allarmi veri e propri.<\/p>\n<h3>Cosa si applica nel caso di un vero allarme a sirena?<\/h3>\n<p>Se l'allarme generale suona al di fuori di una prova di sirena annunciata, significa che c'\u00e8 un rischio per la popolazione. In questo caso, la popolazione \u00e8 invitata a informarsi tramite l'app o il sito web di Alertswiss (www.alert.swiss) o ad ascoltare la radio, a seguire le istruzioni delle autorit\u00e0 e a informare i vicini.<\/p>\n<p>L'allarme acqua significa che c'\u00e8 un pericolo immediato sotto una diga. In questo caso, la popolazione \u00e8 invitata a lasciare immediatamente l'area a rischio.<\/p>\n<p>Ulteriori consigli e raccomandazioni su come comportarsi sono disponibili sul sito web dell'UFPP, sul sito web di Alertswiss e nel televideo delle emittenti della SRG, alle pagine 680 e 681.<\/p>\n<p>L'applicazione Alertswiss \u00e8 disponibile gratuitamente per i sistemi Android e iOS. Pu\u00f2 essere scaricata dal Google Play Store e dall'Apple App Store.<\/p>\n<h3>Controllare la propria dotazione personale<\/h3>\n<p>L'UFP raccomanda alla popolazione di cogliere l'occasione del test delle sirene per rivedere le proprie precauzioni personali. Le semplici misure precauzionali includono<\/p>\n<p>- Installare l'applicazione Alertswiss su tutti i dispositivi mobili, in modo da ricevere le notifiche pertinenti dalle autorit\u00e0 in caso di incidente.<\/p>\n<p>- Completare o rivedere un piano di emergenza per s\u00e9 e\/o per la propria famiglia (piano di emergenza disponibile sul sito web o sull'app di Alertswiss).<\/p>\n<p>- Creare o controllare le proprie scorte di emergenza, ad esempio con il calcolatore di scorte di emergenza del BWL (www.notvorratsrechner.bwl.admin.ch) e l'opuscolo che lo accompagna, che sar\u00e0 disponibile in forma riveduta nel negozio del BBL da met\u00e0 febbraio.<\/p>\n<p>- Per le persone che vivono in un raggio di 50 km dalle centrali nucleari (area disponibile su www.jodtabletten.ch): Verificare se le compresse di iodio rilasciate per l'ultima volta dalle autorit\u00e0 nell'autunno 2023 sono ancora disponibili in casa. In caso di smarrimento, contattare l'ufficio per le compresse di iodio: office@jdmt.ch.<br \/>\nPer le persone che vivono al di fuori di un raggio di 50 chilometri intorno alle centrali nucleari, i cantoni conservano compresse di iodio da distribuire in caso di emergenza.<\/p>\n<h3>Nuovo posto di prova per le sirene<\/h3>\n<p>Nel 2025 verr\u00e0 utilizzato per la prima volta un nuovo spot televisivo per fornire informazioni prima del test delle sirene. La SRG e le emittenti televisive private sono obbligate per legge a trasmettere il relativo spot pi\u00f9 volte nel periodo precedente il test. La nuova pubblicit\u00e0 sostituisce lo spot \"Sirenschaf\" ed \u00e8 gi\u00e0 stata presentata al pubblico a gennaio.<\/p>\n<p><em>Fonte: FOCP<\/em><\/p>","protected":false},"excerpt":{"rendered":"<p>Jeweils am ersten Mittwoch des Monats Februar wird in der ganzen Schweiz die Funktionsbereitschaft der Sirenen getestet. Die Bev\u00f6lkerung muss keine Massnahmen ergreifen. 2025 wird der Sirenentest am 5. Februar durchgef\u00fchrt. Der Sirenentest findet statt zwischen 13.30 und 16:30 Uhr. Ausgel\u00f6st wird \u00fcber die Sirenen um 13.30 Uhr das Zeichen Allgemeiner Alarm, ein regelm\u00e4ssiger auf- [&hellip;]<\/p>\n","protected":false},"author":31,"featured_media":23773,"comment_status":"closed","ping_status":"closed","sticky":false,"template":"","format":"standard","meta":{"_acf_changed":false,"pgc_sgb_lightbox_settings":"","footnotes":""},"categories":[3312],"tags":[663,3744,74,6563,75],"class_list":["post-23983","post","type-post","status-publish","format-standard","has-post-thumbnail","hentry","category-sicherheit","tag-alertswiss","tag-alertswiss-kanaele","tag-sirenen","tag-sirenenalarm","tag-sirenentest"],"acf":[],"hkrextid":null,"publication":null,"issue":null,"workflow":null,"startPage":null,"spitzmarke":null,"_posts_by_tag_page_fields":null,"_at_widget":null,"_yoast_wpseo_primary_category":"3312","_yoast_wpseo_focuskw_text_input":null,"_yoast_wpseo_opengraph-image":null,"_yoast_wpseo_opengraph-description":null,"_yoast_wpseo_opengraph-title":null,"enclosure":null,"_yoast_wpseo_twitter-title":null,"_yoast_wpseo_twitter-description":null,"_yoast_wpseo_twitter-image":null,"_wp_old_slug":null,"_yoast_wpseo_title":null,"_yoast_wpseo_canonical":null,"yoast_head":"<!-- This site is optimized with the Yoast SEO plugin v27.4 - https:\/\/yoast.com\/product\/yoast-seo-wordpress\/ -->\n<title>Sirenen und Alertswiss werden am 5. Februar 2025 getestet - Save<\/title>\n<meta name=\"description\" content=\"Rund 5000 Sirenen werden periodisch \u00fcberpr\u00fcft, damit sie zuverl\u00e4ssig alarmieren. Zum Test geh\u00f6ren auch Meldungen via die Alertswiss-App.\" \/>\n<meta name=\"robots\" content=\"index, follow, max-snippet:-1, max-image-preview:large, max-video-preview:-1\" \/>\n<link rel=\"canonical\" href=\"https:\/\/news.save.ch\/it\/sirenen-und-alertswiss-werden-am-5-februar-2025-getestet\/\" \/>\n<meta property=\"og:locale\" content=\"it_IT\" \/>\n<meta property=\"og:type\" content=\"article\" \/>\n<meta property=\"og:title\" content=\"Sirenen und Alertswiss werden am 5. Februar 2025 getestet - Save\" \/>\n<meta property=\"og:description\" content=\"Rund 5000 Sirenen werden periodisch \u00fcberpr\u00fcft, damit sie zuverl\u00e4ssig alarmieren. Zum Test geh\u00f6ren auch Meldungen via die Alertswiss-App.\" \/>\n<meta property=\"og:url\" content=\"https:\/\/news.save.ch\/it\/sirenen-und-alertswiss-werden-am-5-februar-2025-getestet\/\" \/>\n<meta property=\"og:site_name\" content=\"Save\" \/>\n<meta property=\"article:published_time\" content=\"2025-02-04T13:01:35+00:00\" \/>\n<meta property=\"og:image\" content=\"https:\/\/news.save.ch\/wp-content\/uploads\/2024\/11\/Bildschirmfoto-2024-11-27-um-12.29.52.png\" \/>\n\t<meta property=\"og:image:width\" content=\"1200\" \/>\n\t<meta property=\"og:image:height\" content=\"645\" \/>\n\t<meta property=\"og:image:type\" content=\"image\/png\" \/>\n<meta name=\"author\" content=\"stefanie Zeng\" \/>\n<meta name=\"twitter:card\" content=\"summary_large_image\" \/>\n<meta name=\"twitter:label1\" content=\"Scritto da\" \/>\n\t<meta name=\"twitter:data1\" content=\"stefanie Zeng\" \/>\n\t<meta name=\"twitter:label2\" content=\"Tempo di lettura stimato\" \/>\n\t<meta name=\"twitter:data2\" content=\"4 minuti\" \/>\n<script type=\"application\/ld+json\" class=\"yoast-schema-graph\">{\"@context\":\"https:\\\/\\\/schema.org\",\"@graph\":[{\"@type\":\"Article\",\"@id\":\"https:\\\/\\\/news.save.ch\\\/sirenen-und-alertswiss-werden-am-5-februar-2025-getestet\\\/#article\",\"isPartOf\":{\"@id\":\"https:\\\/\\\/news.save.ch\\\/sirenen-und-alertswiss-werden-am-5-februar-2025-getestet\\\/\"},\"author\":{\"name\":\"stefanie Zeng\",\"@id\":\"https:\\\/\\\/news.save.ch\\\/de\\\/#\\\/schema\\\/person\\\/10917387362b3961e882740f6cf6f2a2\"},\"headline\":\"Sirenen und Alertswiss werden am 5. Februar 2025 getestet\",\"datePublished\":\"2025-02-04T13:01:35+00:00\",\"mainEntityOfPage\":{\"@id\":\"https:\\\/\\\/news.save.ch\\\/sirenen-und-alertswiss-werden-am-5-februar-2025-getestet\\\/\"},\"wordCount\":575,\"publisher\":{\"@id\":\"https:\\\/\\\/news.save.ch\\\/de\\\/#organization\"},\"image\":{\"@id\":\"https:\\\/\\\/news.save.ch\\\/sirenen-und-alertswiss-werden-am-5-februar-2025-getestet\\\/#primaryimage\"},\"thumbnailUrl\":\"https:\\\/\\\/news.save.ch\\\/wp-content\\\/uploads\\\/2024\\\/11\\\/Bildschirmfoto-2024-11-27-um-12.29.52.png\",\"keywords\":[\"Alertswiss\",\"Alertswiss-Kan\u00e4le\",\"Sirenen\",\"Sirenenalarm\",\"Sirenentest\"],\"articleSection\":[\"SICHERHEIT\"],\"inLanguage\":\"it-IT\"},{\"@type\":\"WebPage\",\"@id\":\"https:\\\/\\\/news.save.ch\\\/sirenen-und-alertswiss-werden-am-5-februar-2025-getestet\\\/\",\"url\":\"https:\\\/\\\/news.save.ch\\\/sirenen-und-alertswiss-werden-am-5-februar-2025-getestet\\\/\",\"name\":\"Sirenen und Alertswiss werden am 5. Februar 2025 getestet - Save\",\"isPartOf\":{\"@id\":\"https:\\\/\\\/news.save.ch\\\/de\\\/#website\"},\"primaryImageOfPage\":{\"@id\":\"https:\\\/\\\/news.save.ch\\\/sirenen-und-alertswiss-werden-am-5-februar-2025-getestet\\\/#primaryimage\"},\"image\":{\"@id\":\"https:\\\/\\\/news.save.ch\\\/sirenen-und-alertswiss-werden-am-5-februar-2025-getestet\\\/#primaryimage\"},\"thumbnailUrl\":\"https:\\\/\\\/news.save.ch\\\/wp-content\\\/uploads\\\/2024\\\/11\\\/Bildschirmfoto-2024-11-27-um-12.29.52.png\",\"datePublished\":\"2025-02-04T13:01:35+00:00\",\"description\":\"Rund 5000 Sirenen werden periodisch \u00fcberpr\u00fcft, damit sie zuverl\u00e4ssig alarmieren. Zum Test geh\u00f6ren auch Meldungen via die Alertswiss-App.\",\"breadcrumb\":{\"@id\":\"https:\\\/\\\/news.save.ch\\\/sirenen-und-alertswiss-werden-am-5-februar-2025-getestet\\\/#breadcrumb\"},\"inLanguage\":\"it-IT\",\"potentialAction\":[{\"@type\":\"ReadAction\",\"target\":[\"https:\\\/\\\/news.save.ch\\\/sirenen-und-alertswiss-werden-am-5-februar-2025-getestet\\\/\"]}]},{\"@type\":\"ImageObject\",\"inLanguage\":\"it-IT\",\"@id\":\"https:\\\/\\\/news.save.ch\\\/sirenen-und-alertswiss-werden-am-5-februar-2025-getestet\\\/#primaryimage\",\"url\":\"https:\\\/\\\/news.save.ch\\\/wp-content\\\/uploads\\\/2024\\\/11\\\/Bildschirmfoto-2024-11-27-um-12.29.52.png\",\"contentUrl\":\"https:\\\/\\\/news.save.ch\\\/wp-content\\\/uploads\\\/2024\\\/11\\\/Bildschirmfoto-2024-11-27-um-12.29.52.png\",\"width\":1200,\"height\":645,\"caption\":\"Screenshot: www.alert.swiss (27.11.24)\"},{\"@type\":\"BreadcrumbList\",\"@id\":\"https:\\\/\\\/news.save.ch\\\/sirenen-und-alertswiss-werden-am-5-februar-2025-getestet\\\/#breadcrumb\",\"itemListElement\":[{\"@type\":\"ListItem\",\"position\":1,\"name\":\"Home\",\"item\":\"https:\\\/\\\/news.save.ch\\\/de\\\/\"},{\"@type\":\"ListItem\",\"position\":2,\"name\":\"Sirenen und Alertswiss werden am 5. Februar 2025 getestet\"}]},{\"@type\":\"WebSite\",\"@id\":\"https:\\\/\\\/news.save.ch\\\/de\\\/#website\",\"url\":\"https:\\\/\\\/news.save.ch\\\/de\\\/\",\"name\":\"Save\",\"description\":\"Schweizer Fachzeitschrift f\u00fcr Sicherheit\",\"publisher\":{\"@id\":\"https:\\\/\\\/news.save.ch\\\/de\\\/#organization\"},\"potentialAction\":[{\"@type\":\"SearchAction\",\"target\":{\"@type\":\"EntryPoint\",\"urlTemplate\":\"https:\\\/\\\/news.save.ch\\\/de\\\/?s={search_term_string}\"},\"query-input\":{\"@type\":\"PropertyValueSpecification\",\"valueRequired\":true,\"valueName\":\"search_term_string\"}}],\"inLanguage\":\"it-IT\"},{\"@type\":\"Organization\",\"@id\":\"https:\\\/\\\/news.save.ch\\\/de\\\/#organization\",\"name\":\"Sicherheitsforum\",\"url\":\"https:\\\/\\\/news.save.ch\\\/de\\\/\",\"logo\":{\"@type\":\"ImageObject\",\"inLanguage\":\"it-IT\",\"@id\":\"https:\\\/\\\/news.save.ch\\\/de\\\/#\\\/schema\\\/logo\\\/image\\\/\",\"url\":\"https:\\\/\\\/news.save.ch\\\/wp-content\\\/uploads\\\/2022\\\/06\\\/Logo_SF_2012.png\",\"contentUrl\":\"https:\\\/\\\/news.save.ch\\\/wp-content\\\/uploads\\\/2022\\\/06\\\/Logo_SF_2012.png\",\"width\":1100,\"height\":91,\"caption\":\"Sicherheitsforum\"},\"image\":{\"@id\":\"https:\\\/\\\/news.save.ch\\\/de\\\/#\\\/schema\\\/logo\\\/image\\\/\"}},{\"@type\":\"Person\",\"@id\":\"https:\\\/\\\/news.save.ch\\\/de\\\/#\\\/schema\\\/person\\\/10917387362b3961e882740f6cf6f2a2\",\"name\":\"stefanie Zeng\",\"image\":{\"@type\":\"ImageObject\",\"inLanguage\":\"it-IT\",\"@id\":\"https:\\\/\\\/secure.gravatar.com\\\/avatar\\\/eac43faa6e40bb2c41068c95c9d78bbd94c476d5efdff7abaab80bb3ea681e06?s=96&d=mm&r=g\",\"url\":\"https:\\\/\\\/secure.gravatar.com\\\/avatar\\\/eac43faa6e40bb2c41068c95c9d78bbd94c476d5efdff7abaab80bb3ea681e06?s=96&d=mm&r=g\",\"contentUrl\":\"https:\\\/\\\/secure.gravatar.com\\\/avatar\\\/eac43faa6e40bb2c41068c95c9d78bbd94c476d5efdff7abaab80bb3ea681e06?s=96&d=mm&r=g\",\"caption\":\"stefanie Zeng\"},\"url\":\"https:\\\/\\\/news.save.ch\\\/it\\\/author\\\/stefanie-zeng\\\/\"}]}<\/script>\n<!-- \/ Yoast SEO plugin. -->","yoast_head_json":{"title":"Sirene e Alertswiss saranno testati il 5 febbraio 2025 - Save","description":"Circa 5000 sirene vengono controllate periodicamente per garantire che suonino l'allarme in modo affidabile. Il test comprende anche le notifiche tramite l'app Alertswiss.","robots":{"index":"index","follow":"follow","max-snippet":"max-snippet:-1","max-image-preview":"max-image-preview:large","max-video-preview":"max-video-preview:-1"},"canonical":"https:\/\/news.save.ch\/it\/sirenen-und-alertswiss-werden-am-5-februar-2025-getestet\/","og_locale":"it_IT","og_type":"article","og_title":"Sirenen und Alertswiss werden am 5. Februar 2025 getestet - Save","og_description":"Rund 5000 Sirenen werden periodisch \u00fcberpr\u00fcft, damit sie zuverl\u00e4ssig alarmieren. Zum Test geh\u00f6ren auch Meldungen via die Alertswiss-App.","og_url":"https:\/\/news.save.ch\/it\/sirenen-und-alertswiss-werden-am-5-februar-2025-getestet\/","og_site_name":"Save","article_published_time":"2025-02-04T13:01:35+00:00","og_image":[{"width":1200,"height":645,"url":"https:\/\/news.save.ch\/wp-content\/uploads\/2024\/11\/Bildschirmfoto-2024-11-27-um-12.29.52.png","type":"image\/png"}],"author":"stefanie Zeng","twitter_card":"summary_large_image","twitter_misc":{"Scritto da":"stefanie Zeng","Tempo di lettura stimato":"4 minuti"},"schema":{"@context":"https:\/\/schema.org","@graph":[{"@type":"Article","@id":"https:\/\/news.save.ch\/sirenen-und-alertswiss-werden-am-5-februar-2025-getestet\/#article","isPartOf":{"@id":"https:\/\/news.save.ch\/sirenen-und-alertswiss-werden-am-5-februar-2025-getestet\/"},"author":{"name":"stefanie Zeng","@id":"https:\/\/news.save.ch\/de\/#\/schema\/person\/10917387362b3961e882740f6cf6f2a2"},"headline":"Sirenen und Alertswiss werden am 5. Februar 2025 getestet","datePublished":"2025-02-04T13:01:35+00:00","mainEntityOfPage":{"@id":"https:\/\/news.save.ch\/sirenen-und-alertswiss-werden-am-5-februar-2025-getestet\/"},"wordCount":575,"publisher":{"@id":"https:\/\/news.save.ch\/de\/#organization"},"image":{"@id":"https:\/\/news.save.ch\/sirenen-und-alertswiss-werden-am-5-februar-2025-getestet\/#primaryimage"},"thumbnailUrl":"https:\/\/news.save.ch\/wp-content\/uploads\/2024\/11\/Bildschirmfoto-2024-11-27-um-12.29.52.png","keywords":["Alertswiss","Alertswiss-Kan\u00e4le","Sirenen","Sirenenalarm","Sirenentest"],"articleSection":["SICHERHEIT"],"inLanguage":"it-IT"},{"@type":"WebPage","@id":"https:\/\/news.save.ch\/sirenen-und-alertswiss-werden-am-5-februar-2025-getestet\/","url":"https:\/\/news.save.ch\/sirenen-und-alertswiss-werden-am-5-februar-2025-getestet\/","name":"Sirene e Alertswiss saranno testati il 5 febbraio 2025 - Save","isPartOf":{"@id":"https:\/\/news.save.ch\/de\/#website"},"primaryImageOfPage":{"@id":"https:\/\/news.save.ch\/sirenen-und-alertswiss-werden-am-5-februar-2025-getestet\/#primaryimage"},"image":{"@id":"https:\/\/news.save.ch\/sirenen-und-alertswiss-werden-am-5-februar-2025-getestet\/#primaryimage"},"thumbnailUrl":"https:\/\/news.save.ch\/wp-content\/uploads\/2024\/11\/Bildschirmfoto-2024-11-27-um-12.29.52.png","datePublished":"2025-02-04T13:01:35+00:00","description":"Circa 5000 sirene vengono controllate periodicamente per garantire che suonino l'allarme in modo affidabile. Il test comprende anche le notifiche tramite l'app Alertswiss.","breadcrumb":{"@id":"https:\/\/news.save.ch\/sirenen-und-alertswiss-werden-am-5-februar-2025-getestet\/#breadcrumb"},"inLanguage":"it-IT","potentialAction":[{"@type":"ReadAction","target":["https:\/\/news.save.ch\/sirenen-und-alertswiss-werden-am-5-februar-2025-getestet\/"]}]},{"@type":"ImageObject","inLanguage":"it-IT","@id":"https:\/\/news.save.ch\/sirenen-und-alertswiss-werden-am-5-februar-2025-getestet\/#primaryimage","url":"https:\/\/news.save.ch\/wp-content\/uploads\/2024\/11\/Bildschirmfoto-2024-11-27-um-12.29.52.png","contentUrl":"https:\/\/news.save.ch\/wp-content\/uploads\/2024\/11\/Bildschirmfoto-2024-11-27-um-12.29.52.png","width":1200,"height":645,"caption":"Screenshot: www.alert.swiss (27.11.24)"},{"@type":"BreadcrumbList","@id":"https:\/\/news.save.ch\/sirenen-und-alertswiss-werden-am-5-februar-2025-getestet\/#breadcrumb","itemListElement":[{"@type":"ListItem","position":1,"name":"Home","item":"https:\/\/news.save.ch\/de\/"},{"@type":"ListItem","position":2,"name":"Sirenen und Alertswiss werden am 5. Februar 2025 getestet"}]},{"@type":"WebSite","@id":"https:\/\/news.save.ch\/de\/#website","url":"https:\/\/news.save.ch\/de\/","name":"Risparmiare","description":"Rivista svizzera specializzata in sicurezza","publisher":{"@id":"https:\/\/news.save.ch\/de\/#organization"},"potentialAction":[{"@type":"SearchAction","target":{"@type":"EntryPoint","urlTemplate":"https:\/\/news.save.ch\/de\/?s={search_term_string}"},"query-input":{"@type":"PropertyValueSpecification","valueRequired":true,"valueName":"search_term_string"}}],"inLanguage":"it-IT"},{"@type":"Organization","@id":"https:\/\/news.save.ch\/de\/#organization","name":"Forum sulla sicurezza","url":"https:\/\/news.save.ch\/de\/","logo":{"@type":"ImageObject","inLanguage":"it-IT","@id":"https:\/\/news.save.ch\/de\/#\/schema\/logo\/image\/","url":"https:\/\/news.save.ch\/wp-content\/uploads\/2022\/06\/Logo_SF_2012.png","contentUrl":"https:\/\/news.save.ch\/wp-content\/uploads\/2022\/06\/Logo_SF_2012.png","width":1100,"height":91,"caption":"Sicherheitsforum"},"image":{"@id":"https:\/\/news.save.ch\/de\/#\/schema\/logo\/image\/"}},{"@type":"Person","@id":"https:\/\/news.save.ch\/de\/#\/schema\/person\/10917387362b3961e882740f6cf6f2a2","name":"Stefanie Zeng","image":{"@type":"ImageObject","inLanguage":"it-IT","@id":"https:\/\/secure.gravatar.com\/avatar\/eac43faa6e40bb2c41068c95c9d78bbd94c476d5efdff7abaab80bb3ea681e06?s=96&d=mm&r=g","url":"https:\/\/secure.gravatar.com\/avatar\/eac43faa6e40bb2c41068c95c9d78bbd94c476d5efdff7abaab80bb3ea681e06?s=96&d=mm&r=g","contentUrl":"https:\/\/secure.gravatar.com\/avatar\/eac43faa6e40bb2c41068c95c9d78bbd94c476d5efdff7abaab80bb3ea681e06?s=96&d=mm&r=g","caption":"stefanie Zeng"},"url":"https:\/\/news.save.ch\/it\/author\/stefanie-zeng\/"}]}},"_links":{"self":[{"href":"https:\/\/news.save.ch\/it\/wp-json\/wp\/v2\/posts\/23983","targetHints":{"allow":["GET"]}}],"collection":[{"href":"https:\/\/news.save.ch\/it\/wp-json\/wp\/v2\/posts"}],"about":[{"href":"https:\/\/news.save.ch\/it\/wp-json\/wp\/v2\/types\/post"}],"author":[{"embeddable":true,"href":"https:\/\/news.save.ch\/it\/wp-json\/wp\/v2\/users\/31"}],"replies":[{"embeddable":true,"href":"https:\/\/news.save.ch\/it\/wp-json\/wp\/v2\/comments?post=23983"}],"version-history":[{"count":1,"href":"https:\/\/news.save.ch\/it\/wp-json\/wp\/v2\/posts\/23983\/revisions"}],"predecessor-version":[{"id":23984,"href":"https:\/\/news.save.ch\/it\/wp-json\/wp\/v2\/posts\/23983\/revisions\/23984"}],"wp:featuredmedia":[{"embeddable":true,"href":"https:\/\/news.save.ch\/it\/wp-json\/wp\/v2\/media\/23773"}],"wp:attachment":[{"href":"https:\/\/news.save.ch\/it\/wp-json\/wp\/v2\/media?parent=23983"}],"wp:term":[{"taxonomy":"category","embeddable":true,"href":"https:\/\/news.save.ch\/it\/wp-json\/wp\/v2\/categories?post=23983"},{"taxonomy":"post_tag","embeddable":true,"href":"https:\/\/news.save.ch\/it\/wp-json\/wp\/v2\/tags?post=23983"}],"curies":[{"name":"wp","href":"https:\/\/api.w.org\/{rel}","templated":true}]}}